{"id":171957,"date":"2012-05-15T09:23:00","date_gmt":"2012-05-15T09:23:00","guid":{"rendered":"https:\/\/www.webdo.tn\/fr\/blog\/curieux-silence-des-medias-dans-l-affaire-des-caricaturistes-du-prophete-mohammed\/171957\/"},"modified":"2025-06-04T18:56:48","modified_gmt":"2025-06-04T18:56:48","slug":"curieux-silence-des-medias-dans-l-affaire-des-caricaturistes-du-prophete-mohammed","status":"publish","type":"post","link":"https:\/\/www.webdo.tn\/fr\/actualite\/national\/curieux-silence-des-medias-dans-l-affaire-des-caricaturistes-du-prophete-mohammed\/171957\/","title":{"rendered":"Curieux silence des m\u00e9dias dans l\u2019affaire des caricaturistes du proph\u00e8te Mohammed"},"content":{"rendered":"<p>Le proc\u00e8s en appel de Ghazi B\u00e9ji et Jabeur Mejri accus\u00e9s d\u2019 \u00ab atteinte au sacr\u00e9 \u00bb et de \u00ab trouble \u00e0 l\u2019ordre public \u00bb, et condamn\u00e9s \u00e0 sept ans de prison ferme, s&rsquo;est ouvert hier, 14 mai, \u00e0 Monastir. Un proc\u00e8s curieusement peu m\u00e9diatis\u00e9, comme l&rsquo;a &lsquo;bien&rsquo; constat\u00e9 le site Slate Afrique.<\/p>\n<p>Rappelons que Ghazi B\u00e9ji a fui le pays depuis le 10 mars et a \u00e9t\u00e9 jug\u00e9 par contumace ; il est poursuivi pour un livre intitul\u00e9 \u00ab L\u2019illusion de l\u2019islam \u00bb o\u00f9 on lui reproche le \u00ab doute de l\u2019existence de Dieu, doute de l\u2019existence d\u2019une religion nomm\u00e9e Islam, doute de l\u2019existence du proph\u00e8te Mohammed avec justificatifs du doute comme y insiste l\u2019auteur. \u00bb Jabeur Mejri, lui, est l\u2019auteur de caricatures du proph\u00e8te qu\u2019il a publi\u00e9es sur le r\u00e9seau social Facebook, acte que l\u2019inculp\u00e9 explique par sa volont\u00e9 d\u2019attirer l\u2019attention de l\u2019opinion suite \u00e0 son licenciement abusif et qu\u2019il assume allant jusqu\u2019\u00e0 avouer avoir \u00ab intentionnellement voulu porter atteinte \u00e0 l\u2019islam. \u00bb<\/p>\n<p>L\u2019avocate de la d\u00e9fense Bochra Belhaj Hamida, militante des droits de l\u2019homme, a \u00e9t\u00e9 la premi\u00e8re \u00e0 r\u00e9agir, rapporte le m\u00eame site. Elle n\u2019a pas cach\u00e9 son d\u00e9sarroi devant le silence de ce qu\u2019on appelle \u00ab L\u2019affaire de Mahdia \u00bb : \u00ab Je tiens \u00e0 souligner l\u2019inaction des ONG et des militants des droits de l\u2019homme dans cette affaire \u00bb a-t-elle d\u00e9clar\u00e9.<\/p>\n<p>De son c\u00f4t\u00e9, l\u2019ONG Reporters sans fronti\u00e8res s\u2019est empar\u00e9e de l\u2019affaire et soul\u00e8ve la question lancinante le la libert\u00e9 de la presse sur fond de \u00ab flou juridique \u00bb. O\u00f9 l\u2019on voit combien est sensible toute affaire touchant \u00e0 la religion et au sacr\u00e9. Nabil Karoui, le directeur de Nessma TV en sait quelque chose.<\/p>\n<p>En tout \u00e9tat de cause, l\u2019on ne peut que s\u2019interroger sur l\u2019utilit\u00e9 de desseins et de livre qui tournent en d\u00e9rision une personnalit\u00e9 de l\u2019envergure d\u2019un proph\u00e8te. S\u2019attaquer \u00e0 l\u2019islam avec v\u00e9h\u00e9mence dans un pays majoritairement musulman s\u2019apparente \u00e0 un geste pour le moins d\u00e9risoire. Faut-il sous pr\u00e9texte de libert\u00e9 se permettre de transgresser le sacr\u00e9 ?<\/p>\n","protected":false},"excerpt":{"rendered":"<p>Curieux silence des m\u00e9dias dans l\u2019affaire des caricaturistes du proph\u00e8te Mohammed<\/p>\n","protected":false},"author":3222,"featured_media":374423,"comment_status":"open","ping_status":"closed","sticky":false,"template":"","format":"standard","meta":{"footnotes":""},"categories":[44],"tags":[],"class_list":["post-171957","post","type-post","status-publish","format-standard","has-post-thumbnail","hentry","category-national"],"yoast_head":"<!-- This site is optimized with the Yoast SEO Premium plugin v27.5 (Yoast SEO v27.5) - https:\/\/yoast.com\/product\/yoast-seo-premium-wordpress\/ -->\n<title>Curieux silence des m\u00e9dias dans l\u2019affaire des caricaturistes du proph\u00e8te Mohammed<\/title>\n<meta name=\"description\" content=\"Curieux silence des m\u00e9dias dans l\u2019affaire des caricaturistes du proph\u00e8te Mohammed\" \/>\n<link rel=\"canonical\" href=\"https:\/\/www.webdo.tn\/fr\/actualite\/national\/curieux-silence-des-medias-dans-l-affaire-des-caricaturistes-du-prophete-mohammed\/171957\/\" \/>\n<meta property=\"og:locale\" content=\"fr_FR\" \/>\n<meta property=\"og:type\" content=\"article\" \/>\n<meta property=\"og:title\" content=\"Curieux silence des m\u00e9dias dans l\u2019affaire des caricaturistes du proph\u00e8te Mohammed\" \/>\n<meta property=\"og:description\" content=\"Curieux silence des m\u00e9dias dans l\u2019affaire des caricaturistes du proph\u00e8te Mohammed\" \/>\n<meta property=\"og:url\" content=\"https:\/\/www.webdo.tn\/fr\/actualite\/national\/curieux-silence-des-medias-dans-l-affaire-des-caricaturistes-du-prophete-mohammed\/171957\/\" \/>\n<meta property=\"og:site_name\" content=\"webdo\" \/>\n<meta property=\"article:publisher\" content=\"https:\/\/www.facebook.com\/webdotn\" \/>\n<meta property=\"article:published_time\" content=\"2012-05-15T09:23:00+00:00\" \/>\n<meta property=\"article:modified_time\" content=\"2025-06-04T18:56:48+00:00\" \/>\n<meta name=\"author\" content=\"webdo.tn\" \/>\n<meta name=\"twitter:card\" content=\"summary_large_image\" \/>\n<meta name=\"twitter:creator\" content=\"@webdo_tn\" \/>\n<meta name=\"twitter:site\" content=\"@webdo_tn\" \/>\n<meta name=\"twitter:label1\" content=\"\u00c9crit par\" \/>\n\t<meta name=\"twitter:data1\" content=\"webdo.tn\" \/>\n\t<meta name=\"twitter:label2\" content=\"Dur\u00e9e de lecture estim\u00e9e\" \/>\n\t<meta name=\"twitter:data2\" content=\"2 minutes\" \/>\n<script type=\"application\/ld+json\" class=\"yoast-schema-graph\">{\"@context\":\"https:\\\/\\\/schema.org\",\"@graph\":[{\"@type\":\"NewsArticle\",\"@id\":\"https:\\\/\\\/www.webdo.tn\\\/fr\\\/actualite\\\/national\\\/curieux-silence-des-medias-dans-l-affaire-des-caricaturistes-du-prophete-mohammed\\\/171957\\\/#article\",\"isPartOf\":{\"@id\":\"https:\\\/\\\/www.webdo.tn\\\/fr\\\/actualite\\\/national\\\/curieux-silence-des-medias-dans-l-affaire-des-caricaturistes-du-prophete-mohammed\\\/171957\\\/\"},\"author\":{\"name\":\"webdo.tn\",\"@id\":\"https:\\\/\\\/www.webdo.tn\\\/fr\\\/#\\\/schema\\\/person\\\/9a9c6118d687c117df8ef3cc36a4d175\"},\"headline\":\"Curieux silence des m\u00e9dias dans l\u2019affaire des caricaturistes du proph\u00e8te Mohammed\",\"datePublished\":\"2012-05-15T09:23:00+00:00\",\"dateModified\":\"2025-06-04T18:56:48+00:00\",\"mainEntityOfPage\":{\"@id\":\"https:\\\/\\\/www.webdo.tn\\\/fr\\\/actualite\\\/national\\\/curieux-silence-des-medias-dans-l-affaire-des-caricaturistes-du-prophete-mohammed\\\/171957\\\/\"},\"wordCount\":387,\"commentCount\":0,\"publisher\":{\"@id\":\"https:\\\/\\\/www.webdo.tn\\\/fr\\\/#organization\"},\"image\":{\"@id\":\"https:\\\/\\\/www.webdo.tn\\\/fr\\\/actualite\\\/national\\\/curieux-silence-des-medias-dans-l-affaire-des-caricaturistes-du-prophete-mohammed\\\/171957\\\/#primaryimage\"},\"thumbnailUrl\":\"https:\\\/\\\/www.webdo.tn\\\/fr\\\/wp-content\\\/uploads\\\/2025\\\/06\\\/Tunisie-liberte-et-lIslam-photo-melekher.com__171957.jpg\",\"articleSection\":[\"National\"],\"inLanguage\":\"fr-FR\"},{\"@type\":\"WebPage\",\"@id\":\"https:\\\/\\\/www.webdo.tn\\\/fr\\\/actualite\\\/national\\\/curieux-silence-des-medias-dans-l-affaire-des-caricaturistes-du-prophete-mohammed\\\/171957\\\/\",\"url\":\"https:\\\/\\\/www.webdo.tn\\\/fr\\\/actualite\\\/national\\\/curieux-silence-des-medias-dans-l-affaire-des-caricaturistes-du-prophete-mohammed\\\/171957\\\/\",\"name\":\"Curieux silence des m\u00e9dias dans l\u2019affaire des caricaturistes du proph\u00e8te Mohammed\",\"isPartOf\":{\"@id\":\"https:\\\/\\\/www.webdo.tn\\\/fr\\\/#website\"},\"primaryImageOfPage\":{\"@id\":\"https:\\\/\\\/www.webdo.tn\\\/fr\\\/actualite\\\/national\\\/curieux-silence-des-medias-dans-l-affaire-des-caricaturistes-du-prophete-mohammed\\\/171957\\\/#primaryimage\"},\"image\":{\"@id\":\"https:\\\/\\\/www.webdo.tn\\\/fr\\\/actualite\\\/national\\\/curieux-silence-des-medias-dans-l-affaire-des-caricaturistes-du-prophete-mohammed\\\/171957\\\/#primaryimage\"},\"thumbnailUrl\":\"https:\\\/\\\/www.webdo.tn\\\/fr\\\/wp-content\\\/uploads\\\/2025\\\/06\\\/Tunisie-liberte-et-lIslam-photo-melekher.com__171957.jpg\",\"datePublished\":\"2012-05-15T09:23:00+00:00\",\"dateModified\":\"2025-06-04T18:56:48+00:00\",\"description\":\"Curieux silence des m\u00e9dias dans l\u2019affaire des caricaturistes du proph\u00e8te Mohammed\",\"breadcrumb\":{\"@id\":\"https:\\\/\\\/www.webdo.tn\\\/fr\\\/actualite\\\/national\\\/curieux-silence-des-medias-dans-l-affaire-des-caricaturistes-du-prophete-mohammed\\\/171957\\\/#breadcrumb\"},\"inLanguage\":\"fr-FR\",\"potentialAction\":[{\"@type\":\"ReadAction\",\"target\":[\"https:\\\/\\\/www.webdo.tn\\\/fr\\\/actualite\\\/national\\\/curieux-silence-des-medias-dans-l-affaire-des-caricaturistes-du-prophete-mohammed\\\/171957\\\/\"]}]},{\"@type\":\"ImageObject\",\"inLanguage\":\"fr-FR\",\"@id\":\"https:\\\/\\\/www.webdo.tn\\\/fr\\\/actualite\\\/national\\\/curieux-silence-des-medias-dans-l-affaire-des-caricaturistes-du-prophete-mohammed\\\/171957\\\/#primaryimage\",\"url\":\"https:\\\/\\\/www.webdo.tn\\\/fr\\\/wp-content\\\/uploads\\\/2025\\\/06\\\/Tunisie-liberte-et-lIslam-photo-melekher.com__171957.jpg\",\"contentUrl\":\"https:\\\/\\\/www.webdo.tn\\\/fr\\\/wp-content\\\/uploads\\\/2025\\\/06\\\/Tunisie-liberte-et-lIslam-photo-melekher.com__171957.jpg\",\"width\":300,\"height\":206,\"caption\":\"Curieux silence des m\u00e9dias dans l\u2019affaire des caricaturistes du proph\u00e8te Mohammed\"},{\"@type\":\"BreadcrumbList\",\"@id\":\"https:\\\/\\\/www.webdo.tn\\\/fr\\\/actualite\\\/national\\\/curieux-silence-des-medias-dans-l-affaire-des-caricaturistes-du-prophete-mohammed\\\/171957\\\/#breadcrumb\",\"itemListElement\":[{\"@type\":\"ListItem\",\"position\":1,\"name\":\"Accueil\",\"item\":\"https:\\\/\\\/www.webdo.tn\\\/fr\\\/\"},{\"@type\":\"ListItem\",\"position\":2,\"name\":\"Curieux silence des m\u00e9dias dans l\u2019affaire des caricaturistes du proph\u00e8te Mohammed\"}]},{\"@type\":\"WebSite\",\"@id\":\"https:\\\/\\\/www.webdo.tn\\\/fr\\\/#website\",\"url\":\"https:\\\/\\\/www.webdo.tn\\\/fr\\\/\",\"name\":\"webdo\",\"description\":\"Tunisie - News en Tunisie et \u00e0 l&#039;international sur Webdo.tn\",\"publisher\":{\"@id\":\"https:\\\/\\\/www.webdo.tn\\\/fr\\\/#organization\"},\"potentialAction\":[{\"@type\":\"SearchAction\",\"target\":{\"@type\":\"EntryPoint\",\"urlTemplate\":\"https:\\\/\\\/www.webdo.tn\\\/fr\\\/?s={search_term_string}\"},\"query-input\":{\"@type\":\"PropertyValueSpecification\",\"valueRequired\":true,\"valueName\":\"search_term_string\"}}],\"inLanguage\":\"fr-FR\"},{\"@type\":\"Organization\",\"@id\":\"https:\\\/\\\/www.webdo.tn\\\/fr\\\/#organization\",\"name\":\"Webdo\",\"alternateName\":\"Webdo.tn\",\"url\":\"https:\\\/\\\/www.webdo.tn\\\/fr\\\/\",\"logo\":{\"@type\":\"ImageObject\",\"inLanguage\":\"fr-FR\",\"@id\":\"https:\\\/\\\/www.webdo.tn\\\/fr\\\/#\\\/schema\\\/logo\\\/image\\\/\",\"url\":\"https:\\\/\\\/www.webdo.tn\\\/fr\\\/wp-content\\\/uploads\\\/2025\\\/06\\\/Webdo-Tunisie_168377.jpg\",\"contentUrl\":\"https:\\\/\\\/www.webdo.tn\\\/fr\\\/wp-content\\\/uploads\\\/2025\\\/06\\\/Webdo-Tunisie_168377.jpg\",\"width\":301,\"height\":301,\"caption\":\"Webdo\"},\"image\":{\"@id\":\"https:\\\/\\\/www.webdo.tn\\\/fr\\\/#\\\/schema\\\/logo\\\/image\\\/\"},\"sameAs\":[\"https:\\\/\\\/www.facebook.com\\\/webdotn\",\"https:\\\/\\\/x.com\\\/webdo_tn\"],\"description\":\"Webdo est un m\u00e9dia num\u00e9rique tunisien fond\u00e9 en 2010, sp\u00e9cialis\u00e9 dans l\u2019actualit\u00e9 nationale et internationale, l\u2019\u00e9conomie, la soci\u00e9t\u00e9 et les analyses politiques. Le site s\u2019adresse \u00e0 un large public francophone et couvre l\u2019information tunisienne en temps r\u00e9el.\",\"email\":\"redac@webdo.tn\",\"legalName\":\"YNJ SARL\",\"foundingDate\":\"2010-09-06\",\"numberOfEmployees\":{\"@type\":\"QuantitativeValue\",\"minValue\":\"11\",\"maxValue\":\"50\"}},{\"@type\":\"Person\",\"@id\":\"https:\\\/\\\/www.webdo.tn\\\/fr\\\/#\\\/schema\\\/person\\\/9a9c6118d687c117df8ef3cc36a4d175\",\"name\":\"webdo.tn\",\"image\":{\"@type\":\"ImageObject\",\"inLanguage\":\"fr-FR\",\"@id\":\"https:\\\/\\\/secure.gravatar.com\\\/avatar\\\/7ce1f28c0c3bbac99ff550b85ef8e44a6950c6ee24514fb6a5489e51d06f0298?s=96&d=mm&r=g\",\"url\":\"https:\\\/\\\/secure.gravatar.com\\\/avatar\\\/7ce1f28c0c3bbac99ff550b85ef8e44a6950c6ee24514fb6a5489e51d06f0298?s=96&d=mm&r=g\",\"contentUrl\":\"https:\\\/\\\/secure.gravatar.com\\\/avatar\\\/7ce1f28c0c3bbac99ff550b85ef8e44a6950c6ee24514fb6a5489e51d06f0298?s=96&d=mm&r=g\",\"caption\":\"webdo.tn\"},\"url\":\"https:\\\/\\\/www.webdo.tn\\\/fr\\\/actualite\\\/author\\\/webdotn\\\/\"}]}<\/script>\n<!-- \/ Yoast SEO Premium plugin. -->","yoast_head_json":{"title":"Curieux silence des m\u00e9dias dans l\u2019affaire des caricaturistes du proph\u00e8te Mohammed","description":"Curieux silence des m\u00e9dias dans l\u2019affaire des caricaturistes du proph\u00e8te Mohammed","canonical":"https:\/\/www.webdo.tn\/fr\/actualite\/national\/curieux-silence-des-medias-dans-l-affaire-des-caricaturistes-du-prophete-mohammed\/171957\/","og_locale":"fr_FR","og_type":"article","og_title":"Curieux silence des m\u00e9dias dans l\u2019affaire des caricaturistes du proph\u00e8te Mohammed","og_description":"Curieux silence des m\u00e9dias dans l\u2019affaire des caricaturistes du proph\u00e8te Mohammed","og_url":"https:\/\/www.webdo.tn\/fr\/actualite\/national\/curieux-silence-des-medias-dans-l-affaire-des-caricaturistes-du-prophete-mohammed\/171957\/","og_site_name":"webdo","article_publisher":"https:\/\/www.facebook.com\/webdotn","article_published_time":"2012-05-15T09:23:00+00:00","article_modified_time":"2025-06-04T18:56:48+00:00","author":"webdo.tn","twitter_card":"summary_large_image","twitter_creator":"@webdo_tn","twitter_site":"@webdo_tn","twitter_misc":{"\u00c9crit par":"webdo.tn","Dur\u00e9e de lecture estim\u00e9e":"2 minutes"},"schema":{"@context":"https:\/\/schema.org","@graph":[{"@type":"NewsArticle","@id":"https:\/\/www.webdo.tn\/fr\/actualite\/national\/curieux-silence-des-medias-dans-l-affaire-des-caricaturistes-du-prophete-mohammed\/171957\/#article","isPartOf":{"@id":"https:\/\/www.webdo.tn\/fr\/actualite\/national\/curieux-silence-des-medias-dans-l-affaire-des-caricaturistes-du-prophete-mohammed\/171957\/"},"author":{"name":"webdo.tn","@id":"https:\/\/www.webdo.tn\/fr\/#\/schema\/person\/9a9c6118d687c117df8ef3cc36a4d175"},"headline":"Curieux silence des m\u00e9dias dans l\u2019affaire des caricaturistes du proph\u00e8te Mohammed","datePublished":"2012-05-15T09:23:00+00:00","dateModified":"2025-06-04T18:56:48+00:00","mainEntityOfPage":{"@id":"https:\/\/www.webdo.tn\/fr\/actualite\/national\/curieux-silence-des-medias-dans-l-affaire-des-caricaturistes-du-prophete-mohammed\/171957\/"},"wordCount":387,"commentCount":0,"publisher":{"@id":"https:\/\/www.webdo.tn\/fr\/#organization"},"image":{"@id":"https:\/\/www.webdo.tn\/fr\/actualite\/national\/curieux-silence-des-medias-dans-l-affaire-des-caricaturistes-du-prophete-mohammed\/171957\/#primaryimage"},"thumbnailUrl":"https:\/\/www.webdo.tn\/fr\/wp-content\/uploads\/2025\/06\/Tunisie-liberte-et-lIslam-photo-melekher.com__171957.jpg","articleSection":["National"],"inLanguage":"fr-FR"},{"@type":"WebPage","@id":"https:\/\/www.webdo.tn\/fr\/actualite\/national\/curieux-silence-des-medias-dans-l-affaire-des-caricaturistes-du-prophete-mohammed\/171957\/","url":"https:\/\/www.webdo.tn\/fr\/actualite\/national\/curieux-silence-des-medias-dans-l-affaire-des-caricaturistes-du-prophete-mohammed\/171957\/","name":"Curieux silence des m\u00e9dias dans l\u2019affaire des caricaturistes du proph\u00e8te Mohammed","isPartOf":{"@id":"https:\/\/www.webdo.tn\/fr\/#website"},"primaryImageOfPage":{"@id":"https:\/\/www.webdo.tn\/fr\/actualite\/national\/curieux-silence-des-medias-dans-l-affaire-des-caricaturistes-du-prophete-mohammed\/171957\/#primaryimage"},"image":{"@id":"https:\/\/www.webdo.tn\/fr\/actualite\/national\/curieux-silence-des-medias-dans-l-affaire-des-caricaturistes-du-prophete-mohammed\/171957\/#primaryimage"},"thumbnailUrl":"https:\/\/www.webdo.tn\/fr\/wp-content\/uploads\/2025\/06\/Tunisie-liberte-et-lIslam-photo-melekher.com__171957.jpg","datePublished":"2012-05-15T09:23:00+00:00","dateModified":"2025-06-04T18:56:48+00:00","description":"Curieux silence des m\u00e9dias dans l\u2019affaire des caricaturistes du proph\u00e8te Mohammed","breadcrumb":{"@id":"https:\/\/www.webdo.tn\/fr\/actualite\/national\/curieux-silence-des-medias-dans-l-affaire-des-caricaturistes-du-prophete-mohammed\/171957\/#breadcrumb"},"inLanguage":"fr-FR","potentialAction":[{"@type":"ReadAction","target":["https:\/\/www.webdo.tn\/fr\/actualite\/national\/curieux-silence-des-medias-dans-l-affaire-des-caricaturistes-du-prophete-mohammed\/171957\/"]}]},{"@type":"ImageObject","inLanguage":"fr-FR","@id":"https:\/\/www.webdo.tn\/fr\/actualite\/national\/curieux-silence-des-medias-dans-l-affaire-des-caricaturistes-du-prophete-mohammed\/171957\/#primaryimage","url":"https:\/\/www.webdo.tn\/fr\/wp-content\/uploads\/2025\/06\/Tunisie-liberte-et-lIslam-photo-melekher.com__171957.jpg","contentUrl":"https:\/\/www.webdo.tn\/fr\/wp-content\/uploads\/2025\/06\/Tunisie-liberte-et-lIslam-photo-melekher.com__171957.jpg","width":300,"height":206,"caption":"Curieux silence des m\u00e9dias dans l\u2019affaire des caricaturistes du proph\u00e8te Mohammed"},{"@type":"BreadcrumbList","@id":"https:\/\/www.webdo.tn\/fr\/actualite\/national\/curieux-silence-des-medias-dans-l-affaire-des-caricaturistes-du-prophete-mohammed\/171957\/#breadcrumb","itemListElement":[{"@type":"ListItem","position":1,"name":"Accueil","item":"https:\/\/www.webdo.tn\/fr\/"},{"@type":"ListItem","position":2,"name":"Curieux silence des m\u00e9dias dans l\u2019affaire des caricaturistes du proph\u00e8te Mohammed"}]},{"@type":"WebSite","@id":"https:\/\/www.webdo.tn\/fr\/#website","url":"https:\/\/www.webdo.tn\/fr\/","name":"webdo","description":"Tunisie - News en Tunisie et \u00e0 l&#039;international sur Webdo.tn","publisher":{"@id":"https:\/\/www.webdo.tn\/fr\/#organization"},"potentialAction":[{"@type":"SearchAction","target":{"@type":"EntryPoint","urlTemplate":"https:\/\/www.webdo.tn\/fr\/?s={search_term_string}"},"query-input":{"@type":"PropertyValueSpecification","valueRequired":true,"valueName":"search_term_string"}}],"inLanguage":"fr-FR"},{"@type":"Organization","@id":"https:\/\/www.webdo.tn\/fr\/#organization","name":"Webdo","alternateName":"Webdo.tn","url":"https:\/\/www.webdo.tn\/fr\/","logo":{"@type":"ImageObject","inLanguage":"fr-FR","@id":"https:\/\/www.webdo.tn\/fr\/#\/schema\/logo\/image\/","url":"https:\/\/www.webdo.tn\/fr\/wp-content\/uploads\/2025\/06\/Webdo-Tunisie_168377.jpg","contentUrl":"https:\/\/www.webdo.tn\/fr\/wp-content\/uploads\/2025\/06\/Webdo-Tunisie_168377.jpg","width":301,"height":301,"caption":"Webdo"},"image":{"@id":"https:\/\/www.webdo.tn\/fr\/#\/schema\/logo\/image\/"},"sameAs":["https:\/\/www.facebook.com\/webdotn","https:\/\/x.com\/webdo_tn"],"description":"Webdo est un m\u00e9dia num\u00e9rique tunisien fond\u00e9 en 2010, sp\u00e9cialis\u00e9 dans l\u2019actualit\u00e9 nationale et internationale, l\u2019\u00e9conomie, la soci\u00e9t\u00e9 et les analyses politiques. Le site s\u2019adresse \u00e0 un large public francophone et couvre l\u2019information tunisienne en temps r\u00e9el.","email":"redac@webdo.tn","legalName":"YNJ SARL","foundingDate":"2010-09-06","numberOfEmployees":{"@type":"QuantitativeValue","minValue":"11","maxValue":"50"}},{"@type":"Person","@id":"https:\/\/www.webdo.tn\/fr\/#\/schema\/person\/9a9c6118d687c117df8ef3cc36a4d175","name":"webdo.tn","image":{"@type":"ImageObject","inLanguage":"fr-FR","@id":"https:\/\/secure.gravatar.com\/avatar\/7ce1f28c0c3bbac99ff550b85ef8e44a6950c6ee24514fb6a5489e51d06f0298?s=96&d=mm&r=g","url":"https:\/\/secure.gravatar.com\/avatar\/7ce1f28c0c3bbac99ff550b85ef8e44a6950c6ee24514fb6a5489e51d06f0298?s=96&d=mm&r=g","contentUrl":"https:\/\/secure.gravatar.com\/avatar\/7ce1f28c0c3bbac99ff550b85ef8e44a6950c6ee24514fb6a5489e51d06f0298?s=96&d=mm&r=g","caption":"webdo.tn"},"url":"https:\/\/www.webdo.tn\/fr\/actualite\/author\/webdotn\/"}]}},"_links":{"self":[{"href":"https:\/\/www.webdo.tn\/fr\/wp-json\/wp\/v2\/posts\/171957","targetHints":{"allow":["GET"]}}],"collection":[{"href":"https:\/\/www.webdo.tn\/fr\/wp-json\/wp\/v2\/posts"}],"about":[{"href":"https:\/\/www.webdo.tn\/fr\/wp-json\/wp\/v2\/types\/post"}],"author":[{"embeddable":true,"href":"https:\/\/www.webdo.tn\/fr\/wp-json\/wp\/v2\/users\/3222"}],"replies":[{"embeddable":true,"href":"https:\/\/www.webdo.tn\/fr\/wp-json\/wp\/v2\/comments?post=171957"}],"version-history":[{"count":0,"href":"https:\/\/www.webdo.tn\/fr\/wp-json\/wp\/v2\/posts\/171957\/revisions"}],"wp:featuredmedia":[{"embeddable":true,"href":"https:\/\/www.webdo.tn\/fr\/wp-json\/wp\/v2\/media\/374423"}],"wp:attachment":[{"href":"https:\/\/www.webdo.tn\/fr\/wp-json\/wp\/v2\/media?parent=171957"}],"wp:term":[{"taxonomy":"category","embeddable":true,"href":"https:\/\/www.webdo.tn\/fr\/wp-json\/wp\/v2\/categories?post=171957"},{"taxonomy":"post_tag","embeddable":true,"href":"https:\/\/www.webdo.tn\/fr\/wp-json\/wp\/v2\/tags?post=171957"}],"curies":[{"name":"wp","href":"https:\/\/api.w.org\/{rel}","templated":true}]}}