{"id":171956,"date":"2012-05-16T15:05:00","date_gmt":"2012-05-16T15:05:00","guid":{"rendered":"https:\/\/www.webdo.tn\/fr\/blog\/lecole-de-la-republique-est-en-danger\/171956\/"},"modified":"2025-06-04T18:56:51","modified_gmt":"2025-06-04T18:56:51","slug":"lecole-de-la-republique-est-en-danger","status":"publish","type":"post","link":"https:\/\/www.webdo.tn\/fr\/actualite\/national\/lecole-de-la-republique-est-en-danger\/171956\/","title":{"rendered":"L&rsquo;\u00e9cole de la R\u00e9publique est en danger ?"},"content":{"rendered":"<p>On a d&rsquo;abord cru que c&rsquo;\u00e9tait une farce de mauvais go\u00fbt quand Houcine Laabidi, responsable de l&rsquo;enseignement Zeitounien, a d\u00e9clar\u00e9 qu&rsquo;une convention avait \u00e9t\u00e9 sign\u00e9e par les ministres des Affaires religieuses, de l\u2019\u00c9ducation nationale et de l\u2019Enseignement sup\u00e9rieur, visant \u00e0 apporter tout le soutien et la solidarit\u00e9 n\u00e9cessaires de l\u2019\u00c9tat \u00e0 l\u2019\u00e9gard de l&rsquo;honorable institution de la Zeitouna (ces propos sont \u00e9crits sur les colonnes du journal La Presse du 15 mars 2012).\u00a0Mais voil\u00e0 que Mr Salem Addeli, membre du conseil scientifique de la Zitouna, d\u00e9voile les intentions de l&rsquo;institution fra\u00eechement r\u00e9-ouverte. Lesquelles sont de modifier l&rsquo;aspect r\u00e9publicain de l&rsquo;enseignement en Tunisie.<\/p>\n<p>Dans une interview accord\u00e9e au journal Echourouk, il persisite et signe : \u00ab\u00a0Les \u00e9coles coraniques remplaceront les \u00e9coles primaires, un certificat d&rsquo;aptitude (Tatouii) couronnera les \u00e9tudes secondaires et remplacera le baccalaur\u00e9at\u00a0\u00bb !<\/p>\n<p>Mr Addeli ajoute \u00a0\u00bb Nous oeuvrons pour un retour de l&rsquo;enseignement fondamental de la religion dans nos \u00e9coles et nos lyc\u00e9es, et nous souhaitons avoir le soutien du minist\u00e8re de tutelle, nous organiserons des conf\u00e9rences dans ce but , pour \u00e9largir les consultations sur le sujet\u00a0\u00bb.<\/p>\n<p>Ainsi donc, l&rsquo;enseignement Zeitounien aurait \u00e9t\u00e9 relanc\u00e9 pour miner l&rsquo;\u00e9cole de la r\u00e9publique. Et l&rsquo;\u00e9tat volerait au secours de la Zitouna pour d\u00e9truire une institution \u00e9tatique profond\u00e9ment ancr\u00e9e dans notre histoire !?<\/p>\n<p>Si la \u00ab\u00a0proph\u00e9tie\u00a0\u00bb de ce cheikh Zeitounien se r\u00e9alise, ce sont \u00e0 la fois l&rsquo;enseignement public et le mod\u00e8le soci\u00e9tal tunisien qui sont en danger.<\/p>\n<p>Les responsables doivent r\u00e9agir \u00e0 ces menaces, m\u00eame si elles ne sont encore qu&rsquo;au stade de balbutiements. Enseignants, chercheurs, politiciens, syndicalistes, et toute la soci\u00e9t\u00e9 civile doivent s&rsquo;opposer farouchement \u00e0 ce projet r\u00e9trograde. Il y va de l&rsquo;avenir de nos enfants !<\/p>\n","protected":false},"excerpt":{"rendered":"<p>L&rsquo;\u00e9cole de la R\u00e9publique est en danger ?<\/p>\n","protected":false},"author":3222,"featured_media":374733,"comment_status":"open","ping_status":"closed","sticky":false,"template":"","format":"standard","meta":{"footnotes":""},"categories":[44],"tags":[],"class_list":["post-171956","post","type-post","status-publish","format-standard","has-post-thumbnail","hentry","category-national"],"yoast_head":"<!-- This site is optimized with the Yoast SEO Premium plugin v27.5 (Yoast SEO v27.5) - https:\/\/yoast.com\/product\/yoast-seo-premium-wordpress\/ -->\n<title>L&#039;\u00e9cole de la R\u00e9publique est en danger ?<\/title>\n<meta name=\"description\" content=\"L&#039;\u00e9cole de la R\u00e9publique est en danger ?\" \/>\n<link rel=\"canonical\" href=\"https:\/\/www.webdo.tn\/fr\/actualite\/national\/lecole-de-la-republique-est-en-danger\/171956\/\" \/>\n<meta property=\"og:locale\" content=\"fr_FR\" \/>\n<meta property=\"og:type\" content=\"article\" \/>\n<meta property=\"og:title\" content=\"L&#039;\u00e9cole de la R\u00e9publique est en danger ?\" \/>\n<meta property=\"og:description\" content=\"L&#039;\u00e9cole de la R\u00e9publique est en danger ?\" \/>\n<meta property=\"og:url\" content=\"https:\/\/www.webdo.tn\/fr\/actualite\/national\/lecole-de-la-republique-est-en-danger\/171956\/\" \/>\n<meta property=\"og:site_name\" content=\"webdo\" \/>\n<meta property=\"article:publisher\" content=\"https:\/\/www.facebook.com\/webdotn\" \/>\n<meta property=\"article:published_time\" content=\"2012-05-16T15:05:00+00:00\" \/>\n<meta property=\"article:modified_time\" content=\"2025-06-04T18:56:51+00:00\" \/>\n<meta name=\"author\" content=\"webdo.tn\" \/>\n<meta name=\"twitter:card\" content=\"summary_large_image\" \/>\n<meta name=\"twitter:creator\" content=\"@webdo_tn\" \/>\n<meta name=\"twitter:site\" content=\"@webdo_tn\" \/>\n<meta name=\"twitter:label1\" content=\"\u00c9crit par\" \/>\n\t<meta name=\"twitter:data1\" content=\"webdo.tn\" \/>\n\t<meta name=\"twitter:label2\" content=\"Dur\u00e9e de lecture estim\u00e9e\" \/>\n\t<meta name=\"twitter:data2\" content=\"2 minutes\" \/>\n<script type=\"application\/ld+json\" class=\"yoast-schema-graph\">{\"@context\":\"https:\\\/\\\/schema.org\",\"@graph\":[{\"@type\":\"NewsArticle\",\"@id\":\"https:\\\/\\\/www.webdo.tn\\\/fr\\\/actualite\\\/national\\\/lecole-de-la-republique-est-en-danger\\\/171956\\\/#article\",\"isPartOf\":{\"@id\":\"https:\\\/\\\/www.webdo.tn\\\/fr\\\/actualite\\\/national\\\/lecole-de-la-republique-est-en-danger\\\/171956\\\/\"},\"author\":{\"name\":\"webdo.tn\",\"@id\":\"https:\\\/\\\/www.webdo.tn\\\/fr\\\/#\\\/schema\\\/person\\\/9a9c6118d687c117df8ef3cc36a4d175\"},\"headline\":\"L&rsquo;\u00e9cole de la R\u00e9publique est en danger ?\",\"datePublished\":\"2012-05-16T15:05:00+00:00\",\"dateModified\":\"2025-06-04T18:56:51+00:00\",\"mainEntityOfPage\":{\"@id\":\"https:\\\/\\\/www.webdo.tn\\\/fr\\\/actualite\\\/national\\\/lecole-de-la-republique-est-en-danger\\\/171956\\\/\"},\"wordCount\":323,\"commentCount\":0,\"publisher\":{\"@id\":\"https:\\\/\\\/www.webdo.tn\\\/fr\\\/#organization\"},\"image\":{\"@id\":\"https:\\\/\\\/www.webdo.tn\\\/fr\\\/actualite\\\/national\\\/lecole-de-la-republique-est-en-danger\\\/171956\\\/#primaryimage\"},\"thumbnailUrl\":\"https:\\\/\\\/www.webdo.tn\\\/fr\\\/wp-content\\\/uploads\\\/2025\\\/06\\\/Fac-simile-de-larticle-du-quotidien-Echourouk-en-question_171956.jpg\",\"articleSection\":[\"National\"],\"inLanguage\":\"fr-FR\"},{\"@type\":\"WebPage\",\"@id\":\"https:\\\/\\\/www.webdo.tn\\\/fr\\\/actualite\\\/national\\\/lecole-de-la-republique-est-en-danger\\\/171956\\\/\",\"url\":\"https:\\\/\\\/www.webdo.tn\\\/fr\\\/actualite\\\/national\\\/lecole-de-la-republique-est-en-danger\\\/171956\\\/\",\"name\":\"L'\u00e9cole de la R\u00e9publique est en danger ?\",\"isPartOf\":{\"@id\":\"https:\\\/\\\/www.webdo.tn\\\/fr\\\/#website\"},\"primaryImageOfPage\":{\"@id\":\"https:\\\/\\\/www.webdo.tn\\\/fr\\\/actualite\\\/national\\\/lecole-de-la-republique-est-en-danger\\\/171956\\\/#primaryimage\"},\"image\":{\"@id\":\"https:\\\/\\\/www.webdo.tn\\\/fr\\\/actualite\\\/national\\\/lecole-de-la-republique-est-en-danger\\\/171956\\\/#primaryimage\"},\"thumbnailUrl\":\"https:\\\/\\\/www.webdo.tn\\\/fr\\\/wp-content\\\/uploads\\\/2025\\\/06\\\/Fac-simile-de-larticle-du-quotidien-Echourouk-en-question_171956.jpg\",\"datePublished\":\"2012-05-16T15:05:00+00:00\",\"dateModified\":\"2025-06-04T18:56:51+00:00\",\"description\":\"L'\u00e9cole de la R\u00e9publique est en danger ?\",\"breadcrumb\":{\"@id\":\"https:\\\/\\\/www.webdo.tn\\\/fr\\\/actualite\\\/national\\\/lecole-de-la-republique-est-en-danger\\\/171956\\\/#breadcrumb\"},\"inLanguage\":\"fr-FR\",\"potentialAction\":[{\"@type\":\"ReadAction\",\"target\":[\"https:\\\/\\\/www.webdo.tn\\\/fr\\\/actualite\\\/national\\\/lecole-de-la-republique-est-en-danger\\\/171956\\\/\"]}]},{\"@type\":\"ImageObject\",\"inLanguage\":\"fr-FR\",\"@id\":\"https:\\\/\\\/www.webdo.tn\\\/fr\\\/actualite\\\/national\\\/lecole-de-la-republique-est-en-danger\\\/171956\\\/#primaryimage\",\"url\":\"https:\\\/\\\/www.webdo.tn\\\/fr\\\/wp-content\\\/uploads\\\/2025\\\/06\\\/Fac-simile-de-larticle-du-quotidien-Echourouk-en-question_171956.jpg\",\"contentUrl\":\"https:\\\/\\\/www.webdo.tn\\\/fr\\\/wp-content\\\/uploads\\\/2025\\\/06\\\/Fac-simile-de-larticle-du-quotidien-Echourouk-en-question_171956.jpg\",\"width\":369,\"height\":302,\"caption\":\"L'\u00e9cole de la R\u00e9publique est en danger ?\"},{\"@type\":\"BreadcrumbList\",\"@id\":\"https:\\\/\\\/www.webdo.tn\\\/fr\\\/actualite\\\/national\\\/lecole-de-la-republique-est-en-danger\\\/171956\\\/#breadcrumb\",\"itemListElement\":[{\"@type\":\"ListItem\",\"position\":1,\"name\":\"Accueil\",\"item\":\"https:\\\/\\\/www.webdo.tn\\\/fr\\\/\"},{\"@type\":\"ListItem\",\"position\":2,\"name\":\"L&rsquo;\u00e9cole de la R\u00e9publique est en danger ?\"}]},{\"@type\":\"WebSite\",\"@id\":\"https:\\\/\\\/www.webdo.tn\\\/fr\\\/#website\",\"url\":\"https:\\\/\\\/www.webdo.tn\\\/fr\\\/\",\"name\":\"webdo\",\"description\":\"Tunisie - News en Tunisie et \u00e0 l&#039;international sur Webdo.tn\",\"publisher\":{\"@id\":\"https:\\\/\\\/www.webdo.tn\\\/fr\\\/#organization\"},\"potentialAction\":[{\"@type\":\"SearchAction\",\"target\":{\"@type\":\"EntryPoint\",\"urlTemplate\":\"https:\\\/\\\/www.webdo.tn\\\/fr\\\/?s={search_term_string}\"},\"query-input\":{\"@type\":\"PropertyValueSpecification\",\"valueRequired\":true,\"valueName\":\"search_term_string\"}}],\"inLanguage\":\"fr-FR\"},{\"@type\":\"Organization\",\"@id\":\"https:\\\/\\\/www.webdo.tn\\\/fr\\\/#organization\",\"name\":\"Webdo\",\"alternateName\":\"Webdo.tn\",\"url\":\"https:\\\/\\\/www.webdo.tn\\\/fr\\\/\",\"logo\":{\"@type\":\"ImageObject\",\"inLanguage\":\"fr-FR\",\"@id\":\"https:\\\/\\\/www.webdo.tn\\\/fr\\\/#\\\/schema\\\/logo\\\/image\\\/\",\"url\":\"https:\\\/\\\/www.webdo.tn\\\/fr\\\/wp-content\\\/uploads\\\/2025\\\/06\\\/Webdo-Tunisie_168377.jpg\",\"contentUrl\":\"https:\\\/\\\/www.webdo.tn\\\/fr\\\/wp-content\\\/uploads\\\/2025\\\/06\\\/Webdo-Tunisie_168377.jpg\",\"width\":301,\"height\":301,\"caption\":\"Webdo\"},\"image\":{\"@id\":\"https:\\\/\\\/www.webdo.tn\\\/fr\\\/#\\\/schema\\\/logo\\\/image\\\/\"},\"sameAs\":[\"https:\\\/\\\/www.facebook.com\\\/webdotn\",\"https:\\\/\\\/x.com\\\/webdo_tn\"],\"description\":\"Webdo est un m\u00e9dia num\u00e9rique tunisien fond\u00e9 en 2010, sp\u00e9cialis\u00e9 dans l\u2019actualit\u00e9 nationale et internationale, l\u2019\u00e9conomie, la soci\u00e9t\u00e9 et les analyses politiques. Le site s\u2019adresse \u00e0 un large public francophone et couvre l\u2019information tunisienne en temps r\u00e9el.\",\"email\":\"redac@webdo.tn\",\"legalName\":\"YNJ SARL\",\"foundingDate\":\"2010-09-06\",\"numberOfEmployees\":{\"@type\":\"QuantitativeValue\",\"minValue\":\"11\",\"maxValue\":\"50\"}},{\"@type\":\"Person\",\"@id\":\"https:\\\/\\\/www.webdo.tn\\\/fr\\\/#\\\/schema\\\/person\\\/9a9c6118d687c117df8ef3cc36a4d175\",\"name\":\"webdo.tn\",\"image\":{\"@type\":\"ImageObject\",\"inLanguage\":\"fr-FR\",\"@id\":\"https:\\\/\\\/secure.gravatar.com\\\/avatar\\\/7ce1f28c0c3bbac99ff550b85ef8e44a6950c6ee24514fb6a5489e51d06f0298?s=96&d=mm&r=g\",\"url\":\"https:\\\/\\\/secure.gravatar.com\\\/avatar\\\/7ce1f28c0c3bbac99ff550b85ef8e44a6950c6ee24514fb6a5489e51d06f0298?s=96&d=mm&r=g\",\"contentUrl\":\"https:\\\/\\\/secure.gravatar.com\\\/avatar\\\/7ce1f28c0c3bbac99ff550b85ef8e44a6950c6ee24514fb6a5489e51d06f0298?s=96&d=mm&r=g\",\"caption\":\"webdo.tn\"},\"url\":\"https:\\\/\\\/www.webdo.tn\\\/fr\\\/actualite\\\/author\\\/webdotn\\\/\"}]}<\/script>\n<!-- \/ Yoast SEO Premium plugin. -->","yoast_head_json":{"title":"L'\u00e9cole de la R\u00e9publique est en danger ?","description":"L'\u00e9cole de la R\u00e9publique est en danger ?","canonical":"https:\/\/www.webdo.tn\/fr\/actualite\/national\/lecole-de-la-republique-est-en-danger\/171956\/","og_locale":"fr_FR","og_type":"article","og_title":"L'\u00e9cole de la R\u00e9publique est en danger ?","og_description":"L'\u00e9cole de la R\u00e9publique est en danger ?","og_url":"https:\/\/www.webdo.tn\/fr\/actualite\/national\/lecole-de-la-republique-est-en-danger\/171956\/","og_site_name":"webdo","article_publisher":"https:\/\/www.facebook.com\/webdotn","article_published_time":"2012-05-16T15:05:00+00:00","article_modified_time":"2025-06-04T18:56:51+00:00","author":"webdo.tn","twitter_card":"summary_large_image","twitter_creator":"@webdo_tn","twitter_site":"@webdo_tn","twitter_misc":{"\u00c9crit par":"webdo.tn","Dur\u00e9e de lecture estim\u00e9e":"2 minutes"},"schema":{"@context":"https:\/\/schema.org","@graph":[{"@type":"NewsArticle","@id":"https:\/\/www.webdo.tn\/fr\/actualite\/national\/lecole-de-la-republique-est-en-danger\/171956\/#article","isPartOf":{"@id":"https:\/\/www.webdo.tn\/fr\/actualite\/national\/lecole-de-la-republique-est-en-danger\/171956\/"},"author":{"name":"webdo.tn","@id":"https:\/\/www.webdo.tn\/fr\/#\/schema\/person\/9a9c6118d687c117df8ef3cc36a4d175"},"headline":"L&rsquo;\u00e9cole de la R\u00e9publique est en danger ?","datePublished":"2012-05-16T15:05:00+00:00","dateModified":"2025-06-04T18:56:51+00:00","mainEntityOfPage":{"@id":"https:\/\/www.webdo.tn\/fr\/actualite\/national\/lecole-de-la-republique-est-en-danger\/171956\/"},"wordCount":323,"commentCount":0,"publisher":{"@id":"https:\/\/www.webdo.tn\/fr\/#organization"},"image":{"@id":"https:\/\/www.webdo.tn\/fr\/actualite\/national\/lecole-de-la-republique-est-en-danger\/171956\/#primaryimage"},"thumbnailUrl":"https:\/\/www.webdo.tn\/fr\/wp-content\/uploads\/2025\/06\/Fac-simile-de-larticle-du-quotidien-Echourouk-en-question_171956.jpg","articleSection":["National"],"inLanguage":"fr-FR"},{"@type":"WebPage","@id":"https:\/\/www.webdo.tn\/fr\/actualite\/national\/lecole-de-la-republique-est-en-danger\/171956\/","url":"https:\/\/www.webdo.tn\/fr\/actualite\/national\/lecole-de-la-republique-est-en-danger\/171956\/","name":"L'\u00e9cole de la R\u00e9publique est en danger ?","isPartOf":{"@id":"https:\/\/www.webdo.tn\/fr\/#website"},"primaryImageOfPage":{"@id":"https:\/\/www.webdo.tn\/fr\/actualite\/national\/lecole-de-la-republique-est-en-danger\/171956\/#primaryimage"},"image":{"@id":"https:\/\/www.webdo.tn\/fr\/actualite\/national\/lecole-de-la-republique-est-en-danger\/171956\/#primaryimage"},"thumbnailUrl":"https:\/\/www.webdo.tn\/fr\/wp-content\/uploads\/2025\/06\/Fac-simile-de-larticle-du-quotidien-Echourouk-en-question_171956.jpg","datePublished":"2012-05-16T15:05:00+00:00","dateModified":"2025-06-04T18:56:51+00:00","description":"L'\u00e9cole de la R\u00e9publique est en danger ?","breadcrumb":{"@id":"https:\/\/www.webdo.tn\/fr\/actualite\/national\/lecole-de-la-republique-est-en-danger\/171956\/#breadcrumb"},"inLanguage":"fr-FR","potentialAction":[{"@type":"ReadAction","target":["https:\/\/www.webdo.tn\/fr\/actualite\/national\/lecole-de-la-republique-est-en-danger\/171956\/"]}]},{"@type":"ImageObject","inLanguage":"fr-FR","@id":"https:\/\/www.webdo.tn\/fr\/actualite\/national\/lecole-de-la-republique-est-en-danger\/171956\/#primaryimage","url":"https:\/\/www.webdo.tn\/fr\/wp-content\/uploads\/2025\/06\/Fac-simile-de-larticle-du-quotidien-Echourouk-en-question_171956.jpg","contentUrl":"https:\/\/www.webdo.tn\/fr\/wp-content\/uploads\/2025\/06\/Fac-simile-de-larticle-du-quotidien-Echourouk-en-question_171956.jpg","width":369,"height":302,"caption":"L'\u00e9cole de la R\u00e9publique est en danger ?"},{"@type":"BreadcrumbList","@id":"https:\/\/www.webdo.tn\/fr\/actualite\/national\/lecole-de-la-republique-est-en-danger\/171956\/#breadcrumb","itemListElement":[{"@type":"ListItem","position":1,"name":"Accueil","item":"https:\/\/www.webdo.tn\/fr\/"},{"@type":"ListItem","position":2,"name":"L&rsquo;\u00e9cole de la R\u00e9publique est en danger ?"}]},{"@type":"WebSite","@id":"https:\/\/www.webdo.tn\/fr\/#website","url":"https:\/\/www.webdo.tn\/fr\/","name":"webdo","description":"Tunisie - News en Tunisie et \u00e0 l&#039;international sur Webdo.tn","publisher":{"@id":"https:\/\/www.webdo.tn\/fr\/#organization"},"potentialAction":[{"@type":"SearchAction","target":{"@type":"EntryPoint","urlTemplate":"https:\/\/www.webdo.tn\/fr\/?s={search_term_string}"},"query-input":{"@type":"PropertyValueSpecification","valueRequired":true,"valueName":"search_term_string"}}],"inLanguage":"fr-FR"},{"@type":"Organization","@id":"https:\/\/www.webdo.tn\/fr\/#organization","name":"Webdo","alternateName":"Webdo.tn","url":"https:\/\/www.webdo.tn\/fr\/","logo":{"@type":"ImageObject","inLanguage":"fr-FR","@id":"https:\/\/www.webdo.tn\/fr\/#\/schema\/logo\/image\/","url":"https:\/\/www.webdo.tn\/fr\/wp-content\/uploads\/2025\/06\/Webdo-Tunisie_168377.jpg","contentUrl":"https:\/\/www.webdo.tn\/fr\/wp-content\/uploads\/2025\/06\/Webdo-Tunisie_168377.jpg","width":301,"height":301,"caption":"Webdo"},"image":{"@id":"https:\/\/www.webdo.tn\/fr\/#\/schema\/logo\/image\/"},"sameAs":["https:\/\/www.facebook.com\/webdotn","https:\/\/x.com\/webdo_tn"],"description":"Webdo est un m\u00e9dia num\u00e9rique tunisien fond\u00e9 en 2010, sp\u00e9cialis\u00e9 dans l\u2019actualit\u00e9 nationale et internationale, l\u2019\u00e9conomie, la soci\u00e9t\u00e9 et les analyses politiques. Le site s\u2019adresse \u00e0 un large public francophone et couvre l\u2019information tunisienne en temps r\u00e9el.","email":"redac@webdo.tn","legalName":"YNJ SARL","foundingDate":"2010-09-06","numberOfEmployees":{"@type":"QuantitativeValue","minValue":"11","maxValue":"50"}},{"@type":"Person","@id":"https:\/\/www.webdo.tn\/fr\/#\/schema\/person\/9a9c6118d687c117df8ef3cc36a4d175","name":"webdo.tn","image":{"@type":"ImageObject","inLanguage":"fr-FR","@id":"https:\/\/secure.gravatar.com\/avatar\/7ce1f28c0c3bbac99ff550b85ef8e44a6950c6ee24514fb6a5489e51d06f0298?s=96&d=mm&r=g","url":"https:\/\/secure.gravatar.com\/avatar\/7ce1f28c0c3bbac99ff550b85ef8e44a6950c6ee24514fb6a5489e51d06f0298?s=96&d=mm&r=g","contentUrl":"https:\/\/secure.gravatar.com\/avatar\/7ce1f28c0c3bbac99ff550b85ef8e44a6950c6ee24514fb6a5489e51d06f0298?s=96&d=mm&r=g","caption":"webdo.tn"},"url":"https:\/\/www.webdo.tn\/fr\/actualite\/author\/webdotn\/"}]}},"_links":{"self":[{"href":"https:\/\/www.webdo.tn\/fr\/wp-json\/wp\/v2\/posts\/171956","targetHints":{"allow":["GET"]}}],"collection":[{"href":"https:\/\/www.webdo.tn\/fr\/wp-json\/wp\/v2\/posts"}],"about":[{"href":"https:\/\/www.webdo.tn\/fr\/wp-json\/wp\/v2\/types\/post"}],"author":[{"embeddable":true,"href":"https:\/\/www.webdo.tn\/fr\/wp-json\/wp\/v2\/users\/3222"}],"replies":[{"embeddable":true,"href":"https:\/\/www.webdo.tn\/fr\/wp-json\/wp\/v2\/comments?post=171956"}],"version-history":[{"count":0,"href":"https:\/\/www.webdo.tn\/fr\/wp-json\/wp\/v2\/posts\/171956\/revisions"}],"wp:featuredmedia":[{"embeddable":true,"href":"https:\/\/www.webdo.tn\/fr\/wp-json\/wp\/v2\/media\/374733"}],"wp:attachment":[{"href":"https:\/\/www.webdo.tn\/fr\/wp-json\/wp\/v2\/media?parent=171956"}],"wp:term":[{"taxonomy":"category","embeddable":true,"href":"https:\/\/www.webdo.tn\/fr\/wp-json\/wp\/v2\/categories?post=171956"},{"taxonomy":"post_tag","embeddable":true,"href":"https:\/\/www.webdo.tn\/fr\/wp-json\/wp\/v2\/tags?post=171956"}],"curies":[{"name":"wp","href":"https:\/\/api.w.org\/{rel}","templated":true}]}}