{"id":171955,"date":"2012-05-16T20:40:00","date_gmt":"2012-05-16T20:40:00","guid":{"rendered":"https:\/\/www.webdo.tn\/fr\/blog\/habib-ellouze-et-sa-famille-ne-font-pas-la-queue\/171955\/"},"modified":"2025-06-04T18:56:55","modified_gmt":"2025-06-04T18:56:55","slug":"habib-ellouze-et-sa-famille-ne-font-pas-la-queue","status":"publish","type":"post","link":"https:\/\/www.webdo.tn\/fr\/actualite\/national\/habib-ellouze-et-sa-famille-ne-font-pas-la-queue\/171955\/","title":{"rendered":"Habib Ellouze et sa famille ne font pas la queue !"},"content":{"rendered":"<p>Cela para\u00eetra futile \u00e0 certains, un fait divers comme tous les autres, sans grande importance, mais pour beaucoup de Tunisiens qui ont cru que ces pratiques \u00e9taient r\u00e9volues et que les choses avaient chang\u00e9 en Tunisie, c&rsquo;est une \u00e9ni\u00e8me d\u00e9sillusion !<br \/>\nMr Habib Ellouze, d\u00e9put\u00e9 Nahdha de l&rsquo;assembl\u00e9e constituante a \u00e9t\u00e9 vu cet apr\u00e8s-midi, \u00e0 bord de l&rsquo;avion de la compagnie Air One venant de Milan, avec des membres de sa famille. A leur arriv\u00e9e, un agent de la police en civil est venu les accueillir. Quand ils sont descendus du bus, il a pris leurs passeports et les a conduits \u00e0 la salle d&rsquo;attente des personnalit\u00e9s. L\u00e0, ils l&rsquo;ont attendu alors qu&rsquo;il r\u00e9glait pour eux les formalit\u00e9s de douane et de police des fronti\u00e8res, puis il est revenu les chercher, et ils sont pass\u00e9s devant les \u00ab\u00a0communs des mortels\u00a0\u00bb qui faisaient sagement la queue !<\/p>\n<p>Pourquoi a-t-il droit \u00e0 ce traitement de faveur, d&rsquo;autant plus que c&rsquo;est un voyage en famille qu&rsquo;il vient d&rsquo;effectuer ? Quand ces pratiques cesseront-elles ? Quand les d\u00e9put\u00e9s, les ministres, les secr\u00e9taires d&rsquo;\u00c9tat et les hauts responsables comprendront-ils qu&rsquo;ils sont au service de l&rsquo;\u00e9tat et du citoyen et non le contraire ? Quant Ennahdha et ses membres donneront l&rsquo;exemple \u00e0 suivre ?<\/p>\n<p>Rappelons que lors des \u00e9lections du 23 octobre dernier, Rached Ghannouchi et Souad Abderrahim, respectivement leader et \u00e9lu du parti Ennahdha, avaient tent\u00e9 de ne pas faire la queue comme tout le monde&#8230; ils s&rsquo;\u00e9taient heurt\u00e9s aux hu\u00e9es et au refus des citoyens tunisiens !<\/p>\n","protected":false},"excerpt":{"rendered":"<p>Habib Ellouze et sa famille ne font pas la queue ! <\/p>\n","protected":false},"author":3222,"featured_media":334139,"comment_status":"open","ping_status":"closed","sticky":false,"template":"","format":"standard","meta":{"footnotes":""},"categories":[44],"tags":[],"class_list":["post-171955","post","type-post","status-publish","format-standard","has-post-thumbnail","hentry","category-national"],"yoast_head":"<!-- This site is optimized with the Yoast SEO Premium plugin v27.5 (Yoast SEO v27.5) - https:\/\/yoast.com\/product\/yoast-seo-premium-wordpress\/ -->\n<title>Habib Ellouze et sa famille ne font pas la queue !<\/title>\n<meta name=\"description\" content=\"Habib Ellouze et sa famille ne font pas la queue !\" \/>\n<link rel=\"canonical\" href=\"https:\/\/www.webdo.tn\/fr\/actualite\/national\/habib-ellouze-et-sa-famille-ne-font-pas-la-queue\/171955\/\" \/>\n<meta property=\"og:locale\" content=\"fr_FR\" \/>\n<meta property=\"og:type\" content=\"article\" \/>\n<meta property=\"og:title\" content=\"Habib Ellouze et sa famille ne font pas la queue !\" \/>\n<meta property=\"og:description\" content=\"Habib Ellouze et sa famille ne font pas la queue !\" \/>\n<meta property=\"og:url\" content=\"https:\/\/www.webdo.tn\/fr\/actualite\/national\/habib-ellouze-et-sa-famille-ne-font-pas-la-queue\/171955\/\" \/>\n<meta property=\"og:site_name\" content=\"webdo\" \/>\n<meta property=\"article:publisher\" content=\"https:\/\/www.facebook.com\/webdotn\" \/>\n<meta property=\"article:published_time\" content=\"2012-05-16T20:40:00+00:00\" \/>\n<meta property=\"article:modified_time\" content=\"2025-06-04T18:56:55+00:00\" \/>\n<meta property=\"og:image\" content=\"https:\/\/www.webdo.tn\/fr\/wp-content\/uploads\/2012\/05\/Habib-Ellouz-phOto-nabara1.blogspot.com_.jpg\" \/>\n\t<meta property=\"og:image:width\" content=\"224\" \/>\n\t<meta property=\"og:image:height\" content=\"252\" \/>\n\t<meta property=\"og:image:type\" content=\"image\/jpeg\" \/>\n<meta name=\"author\" content=\"webdo.tn\" \/>\n<meta name=\"twitter:card\" content=\"summary_large_image\" \/>\n<meta name=\"twitter:creator\" content=\"@webdo_tn\" \/>\n<meta name=\"twitter:site\" content=\"@webdo_tn\" \/>\n<meta name=\"twitter:label1\" content=\"\u00c9crit par\" \/>\n\t<meta name=\"twitter:data1\" content=\"webdo.tn\" \/>\n\t<meta name=\"twitter:label2\" content=\"Dur\u00e9e de lecture estim\u00e9e\" \/>\n\t<meta name=\"twitter:data2\" content=\"1 minute\" \/>\n<script type=\"application\/ld+json\" class=\"yoast-schema-graph\">{\"@context\":\"https:\\\/\\\/schema.org\",\"@graph\":[{\"@type\":\"NewsArticle\",\"@id\":\"https:\\\/\\\/www.webdo.tn\\\/fr\\\/actualite\\\/national\\\/habib-ellouze-et-sa-famille-ne-font-pas-la-queue\\\/171955\\\/#article\",\"isPartOf\":{\"@id\":\"https:\\\/\\\/www.webdo.tn\\\/fr\\\/actualite\\\/national\\\/habib-ellouze-et-sa-famille-ne-font-pas-la-queue\\\/171955\\\/\"},\"author\":{\"name\":\"webdo.tn\",\"@id\":\"https:\\\/\\\/www.webdo.tn\\\/fr\\\/#\\\/schema\\\/person\\\/9a9c6118d687c117df8ef3cc36a4d175\"},\"headline\":\"Habib Ellouze et sa famille ne font pas la queue !\",\"datePublished\":\"2012-05-16T20:40:00+00:00\",\"dateModified\":\"2025-06-04T18:56:55+00:00\",\"mainEntityOfPage\":{\"@id\":\"https:\\\/\\\/www.webdo.tn\\\/fr\\\/actualite\\\/national\\\/habib-ellouze-et-sa-famille-ne-font-pas-la-queue\\\/171955\\\/\"},\"wordCount\":283,\"commentCount\":0,\"publisher\":{\"@id\":\"https:\\\/\\\/www.webdo.tn\\\/fr\\\/#organization\"},\"image\":{\"@id\":\"https:\\\/\\\/www.webdo.tn\\\/fr\\\/actualite\\\/national\\\/habib-ellouze-et-sa-famille-ne-font-pas-la-queue\\\/171955\\\/#primaryimage\"},\"thumbnailUrl\":\"https:\\\/\\\/www.webdo.tn\\\/fr\\\/wp-content\\\/uploads\\\/2012\\\/05\\\/Habib-Ellouz-phOto-nabara1.blogspot.com_.jpg\",\"articleSection\":[\"National\"],\"inLanguage\":\"fr-FR\"},{\"@type\":\"WebPage\",\"@id\":\"https:\\\/\\\/www.webdo.tn\\\/fr\\\/actualite\\\/national\\\/habib-ellouze-et-sa-famille-ne-font-pas-la-queue\\\/171955\\\/\",\"url\":\"https:\\\/\\\/www.webdo.tn\\\/fr\\\/actualite\\\/national\\\/habib-ellouze-et-sa-famille-ne-font-pas-la-queue\\\/171955\\\/\",\"name\":\"Habib Ellouze et sa famille ne font pas la queue !\",\"isPartOf\":{\"@id\":\"https:\\\/\\\/www.webdo.tn\\\/fr\\\/#website\"},\"primaryImageOfPage\":{\"@id\":\"https:\\\/\\\/www.webdo.tn\\\/fr\\\/actualite\\\/national\\\/habib-ellouze-et-sa-famille-ne-font-pas-la-queue\\\/171955\\\/#primaryimage\"},\"image\":{\"@id\":\"https:\\\/\\\/www.webdo.tn\\\/fr\\\/actualite\\\/national\\\/habib-ellouze-et-sa-famille-ne-font-pas-la-queue\\\/171955\\\/#primaryimage\"},\"thumbnailUrl\":\"https:\\\/\\\/www.webdo.tn\\\/fr\\\/wp-content\\\/uploads\\\/2012\\\/05\\\/Habib-Ellouz-phOto-nabara1.blogspot.com_.jpg\",\"datePublished\":\"2012-05-16T20:40:00+00:00\",\"dateModified\":\"2025-06-04T18:56:55+00:00\",\"description\":\"Habib Ellouze et sa famille ne font pas la queue !\",\"breadcrumb\":{\"@id\":\"https:\\\/\\\/www.webdo.tn\\\/fr\\\/actualite\\\/national\\\/habib-ellouze-et-sa-famille-ne-font-pas-la-queue\\\/171955\\\/#breadcrumb\"},\"inLanguage\":\"fr-FR\",\"potentialAction\":[{\"@type\":\"ReadAction\",\"target\":[\"https:\\\/\\\/www.webdo.tn\\\/fr\\\/actualite\\\/national\\\/habib-ellouze-et-sa-famille-ne-font-pas-la-queue\\\/171955\\\/\"]}]},{\"@type\":\"ImageObject\",\"inLanguage\":\"fr-FR\",\"@id\":\"https:\\\/\\\/www.webdo.tn\\\/fr\\\/actualite\\\/national\\\/habib-ellouze-et-sa-famille-ne-font-pas-la-queue\\\/171955\\\/#primaryimage\",\"url\":\"https:\\\/\\\/www.webdo.tn\\\/fr\\\/wp-content\\\/uploads\\\/2012\\\/05\\\/Habib-Ellouz-phOto-nabara1.blogspot.com_.jpg\",\"contentUrl\":\"https:\\\/\\\/www.webdo.tn\\\/fr\\\/wp-content\\\/uploads\\\/2012\\\/05\\\/Habib-Ellouz-phOto-nabara1.blogspot.com_.jpg\",\"width\":224,\"height\":252,\"caption\":\"Habib Ellouze et sa famille ne font pas la queue !\"},{\"@type\":\"BreadcrumbList\",\"@id\":\"https:\\\/\\\/www.webdo.tn\\\/fr\\\/actualite\\\/national\\\/habib-ellouze-et-sa-famille-ne-font-pas-la-queue\\\/171955\\\/#breadcrumb\",\"itemListElement\":[{\"@type\":\"ListItem\",\"position\":1,\"name\":\"Accueil\",\"item\":\"https:\\\/\\\/www.webdo.tn\\\/fr\\\/\"},{\"@type\":\"ListItem\",\"position\":2,\"name\":\"Habib Ellouze et sa famille ne font pas la queue !\"}]},{\"@type\":\"WebSite\",\"@id\":\"https:\\\/\\\/www.webdo.tn\\\/fr\\\/#website\",\"url\":\"https:\\\/\\\/www.webdo.tn\\\/fr\\\/\",\"name\":\"webdo\",\"description\":\"Tunisie - News en Tunisie et \u00e0 l&#039;international sur Webdo.tn\",\"publisher\":{\"@id\":\"https:\\\/\\\/www.webdo.tn\\\/fr\\\/#organization\"},\"potentialAction\":[{\"@type\":\"SearchAction\",\"target\":{\"@type\":\"EntryPoint\",\"urlTemplate\":\"https:\\\/\\\/www.webdo.tn\\\/fr\\\/?s={search_term_string}\"},\"query-input\":{\"@type\":\"PropertyValueSpecification\",\"valueRequired\":true,\"valueName\":\"search_term_string\"}}],\"inLanguage\":\"fr-FR\"},{\"@type\":\"Organization\",\"@id\":\"https:\\\/\\\/www.webdo.tn\\\/fr\\\/#organization\",\"name\":\"Webdo\",\"alternateName\":\"Webdo.tn\",\"url\":\"https:\\\/\\\/www.webdo.tn\\\/fr\\\/\",\"logo\":{\"@type\":\"ImageObject\",\"inLanguage\":\"fr-FR\",\"@id\":\"https:\\\/\\\/www.webdo.tn\\\/fr\\\/#\\\/schema\\\/logo\\\/image\\\/\",\"url\":\"https:\\\/\\\/www.webdo.tn\\\/fr\\\/wp-content\\\/uploads\\\/2025\\\/06\\\/Webdo-Tunisie_168377.jpg\",\"contentUrl\":\"https:\\\/\\\/www.webdo.tn\\\/fr\\\/wp-content\\\/uploads\\\/2025\\\/06\\\/Webdo-Tunisie_168377.jpg\",\"width\":301,\"height\":301,\"caption\":\"Webdo\"},\"image\":{\"@id\":\"https:\\\/\\\/www.webdo.tn\\\/fr\\\/#\\\/schema\\\/logo\\\/image\\\/\"},\"sameAs\":[\"https:\\\/\\\/www.facebook.com\\\/webdotn\",\"https:\\\/\\\/x.com\\\/webdo_tn\"],\"description\":\"Webdo est un m\u00e9dia num\u00e9rique tunisien fond\u00e9 en 2010, sp\u00e9cialis\u00e9 dans l\u2019actualit\u00e9 nationale et internationale, l\u2019\u00e9conomie, la soci\u00e9t\u00e9 et les analyses politiques. Le site s\u2019adresse \u00e0 un large public francophone et couvre l\u2019information tunisienne en temps r\u00e9el.\",\"email\":\"redac@webdo.tn\",\"legalName\":\"YNJ SARL\",\"foundingDate\":\"2010-09-06\",\"numberOfEmployees\":{\"@type\":\"QuantitativeValue\",\"minValue\":\"11\",\"maxValue\":\"50\"}},{\"@type\":\"Person\",\"@id\":\"https:\\\/\\\/www.webdo.tn\\\/fr\\\/#\\\/schema\\\/person\\\/9a9c6118d687c117df8ef3cc36a4d175\",\"name\":\"webdo.tn\",\"image\":{\"@type\":\"ImageObject\",\"inLanguage\":\"fr-FR\",\"@id\":\"https:\\\/\\\/secure.gravatar.com\\\/avatar\\\/7ce1f28c0c3bbac99ff550b85ef8e44a6950c6ee24514fb6a5489e51d06f0298?s=96&d=mm&r=g\",\"url\":\"https:\\\/\\\/secure.gravatar.com\\\/avatar\\\/7ce1f28c0c3bbac99ff550b85ef8e44a6950c6ee24514fb6a5489e51d06f0298?s=96&d=mm&r=g\",\"contentUrl\":\"https:\\\/\\\/secure.gravatar.com\\\/avatar\\\/7ce1f28c0c3bbac99ff550b85ef8e44a6950c6ee24514fb6a5489e51d06f0298?s=96&d=mm&r=g\",\"caption\":\"webdo.tn\"},\"url\":\"https:\\\/\\\/www.webdo.tn\\\/fr\\\/actualite\\\/author\\\/webdotn\\\/\"}]}<\/script>\n<!-- \/ Yoast SEO Premium plugin. -->","yoast_head_json":{"title":"Habib Ellouze et sa famille ne font pas la queue !","description":"Habib Ellouze et sa famille ne font pas la queue !","canonical":"https:\/\/www.webdo.tn\/fr\/actualite\/national\/habib-ellouze-et-sa-famille-ne-font-pas-la-queue\/171955\/","og_locale":"fr_FR","og_type":"article","og_title":"Habib Ellouze et sa famille ne font pas la queue !","og_description":"Habib Ellouze et sa famille ne font pas la queue !","og_url":"https:\/\/www.webdo.tn\/fr\/actualite\/national\/habib-ellouze-et-sa-famille-ne-font-pas-la-queue\/171955\/","og_site_name":"webdo","article_publisher":"https:\/\/www.facebook.com\/webdotn","article_published_time":"2012-05-16T20:40:00+00:00","article_modified_time":"2025-06-04T18:56:55+00:00","og_image":[{"width":224,"height":252,"url":"https:\/\/www.webdo.tn\/fr\/wp-content\/uploads\/2012\/05\/Habib-Ellouz-phOto-nabara1.blogspot.com_.jpg","type":"image\/jpeg"}],"author":"webdo.tn","twitter_card":"summary_large_image","twitter_creator":"@webdo_tn","twitter_site":"@webdo_tn","twitter_misc":{"\u00c9crit par":"webdo.tn","Dur\u00e9e de lecture estim\u00e9e":"1 minute"},"schema":{"@context":"https:\/\/schema.org","@graph":[{"@type":"NewsArticle","@id":"https:\/\/www.webdo.tn\/fr\/actualite\/national\/habib-ellouze-et-sa-famille-ne-font-pas-la-queue\/171955\/#article","isPartOf":{"@id":"https:\/\/www.webdo.tn\/fr\/actualite\/national\/habib-ellouze-et-sa-famille-ne-font-pas-la-queue\/171955\/"},"author":{"name":"webdo.tn","@id":"https:\/\/www.webdo.tn\/fr\/#\/schema\/person\/9a9c6118d687c117df8ef3cc36a4d175"},"headline":"Habib Ellouze et sa famille ne font pas la queue !","datePublished":"2012-05-16T20:40:00+00:00","dateModified":"2025-06-04T18:56:55+00:00","mainEntityOfPage":{"@id":"https:\/\/www.webdo.tn\/fr\/actualite\/national\/habib-ellouze-et-sa-famille-ne-font-pas-la-queue\/171955\/"},"wordCount":283,"commentCount":0,"publisher":{"@id":"https:\/\/www.webdo.tn\/fr\/#organization"},"image":{"@id":"https:\/\/www.webdo.tn\/fr\/actualite\/national\/habib-ellouze-et-sa-famille-ne-font-pas-la-queue\/171955\/#primaryimage"},"thumbnailUrl":"https:\/\/www.webdo.tn\/fr\/wp-content\/uploads\/2012\/05\/Habib-Ellouz-phOto-nabara1.blogspot.com_.jpg","articleSection":["National"],"inLanguage":"fr-FR"},{"@type":"WebPage","@id":"https:\/\/www.webdo.tn\/fr\/actualite\/national\/habib-ellouze-et-sa-famille-ne-font-pas-la-queue\/171955\/","url":"https:\/\/www.webdo.tn\/fr\/actualite\/national\/habib-ellouze-et-sa-famille-ne-font-pas-la-queue\/171955\/","name":"Habib Ellouze et sa famille ne font pas la queue !","isPartOf":{"@id":"https:\/\/www.webdo.tn\/fr\/#website"},"primaryImageOfPage":{"@id":"https:\/\/www.webdo.tn\/fr\/actualite\/national\/habib-ellouze-et-sa-famille-ne-font-pas-la-queue\/171955\/#primaryimage"},"image":{"@id":"https:\/\/www.webdo.tn\/fr\/actualite\/national\/habib-ellouze-et-sa-famille-ne-font-pas-la-queue\/171955\/#primaryimage"},"thumbnailUrl":"https:\/\/www.webdo.tn\/fr\/wp-content\/uploads\/2012\/05\/Habib-Ellouz-phOto-nabara1.blogspot.com_.jpg","datePublished":"2012-05-16T20:40:00+00:00","dateModified":"2025-06-04T18:56:55+00:00","description":"Habib Ellouze et sa famille ne font pas la queue !","breadcrumb":{"@id":"https:\/\/www.webdo.tn\/fr\/actualite\/national\/habib-ellouze-et-sa-famille-ne-font-pas-la-queue\/171955\/#breadcrumb"},"inLanguage":"fr-FR","potentialAction":[{"@type":"ReadAction","target":["https:\/\/www.webdo.tn\/fr\/actualite\/national\/habib-ellouze-et-sa-famille-ne-font-pas-la-queue\/171955\/"]}]},{"@type":"ImageObject","inLanguage":"fr-FR","@id":"https:\/\/www.webdo.tn\/fr\/actualite\/national\/habib-ellouze-et-sa-famille-ne-font-pas-la-queue\/171955\/#primaryimage","url":"https:\/\/www.webdo.tn\/fr\/wp-content\/uploads\/2012\/05\/Habib-Ellouz-phOto-nabara1.blogspot.com_.jpg","contentUrl":"https:\/\/www.webdo.tn\/fr\/wp-content\/uploads\/2012\/05\/Habib-Ellouz-phOto-nabara1.blogspot.com_.jpg","width":224,"height":252,"caption":"Habib Ellouze et sa famille ne font pas la queue !"},{"@type":"BreadcrumbList","@id":"https:\/\/www.webdo.tn\/fr\/actualite\/national\/habib-ellouze-et-sa-famille-ne-font-pas-la-queue\/171955\/#breadcrumb","itemListElement":[{"@type":"ListItem","position":1,"name":"Accueil","item":"https:\/\/www.webdo.tn\/fr\/"},{"@type":"ListItem","position":2,"name":"Habib Ellouze et sa famille ne font pas la queue !"}]},{"@type":"WebSite","@id":"https:\/\/www.webdo.tn\/fr\/#website","url":"https:\/\/www.webdo.tn\/fr\/","name":"webdo","description":"Tunisie - News en Tunisie et \u00e0 l&#039;international sur Webdo.tn","publisher":{"@id":"https:\/\/www.webdo.tn\/fr\/#organization"},"potentialAction":[{"@type":"SearchAction","target":{"@type":"EntryPoint","urlTemplate":"https:\/\/www.webdo.tn\/fr\/?s={search_term_string}"},"query-input":{"@type":"PropertyValueSpecification","valueRequired":true,"valueName":"search_term_string"}}],"inLanguage":"fr-FR"},{"@type":"Organization","@id":"https:\/\/www.webdo.tn\/fr\/#organization","name":"Webdo","alternateName":"Webdo.tn","url":"https:\/\/www.webdo.tn\/fr\/","logo":{"@type":"ImageObject","inLanguage":"fr-FR","@id":"https:\/\/www.webdo.tn\/fr\/#\/schema\/logo\/image\/","url":"https:\/\/www.webdo.tn\/fr\/wp-content\/uploads\/2025\/06\/Webdo-Tunisie_168377.jpg","contentUrl":"https:\/\/www.webdo.tn\/fr\/wp-content\/uploads\/2025\/06\/Webdo-Tunisie_168377.jpg","width":301,"height":301,"caption":"Webdo"},"image":{"@id":"https:\/\/www.webdo.tn\/fr\/#\/schema\/logo\/image\/"},"sameAs":["https:\/\/www.facebook.com\/webdotn","https:\/\/x.com\/webdo_tn"],"description":"Webdo est un m\u00e9dia num\u00e9rique tunisien fond\u00e9 en 2010, sp\u00e9cialis\u00e9 dans l\u2019actualit\u00e9 nationale et internationale, l\u2019\u00e9conomie, la soci\u00e9t\u00e9 et les analyses politiques. Le site s\u2019adresse \u00e0 un large public francophone et couvre l\u2019information tunisienne en temps r\u00e9el.","email":"redac@webdo.tn","legalName":"YNJ SARL","foundingDate":"2010-09-06","numberOfEmployees":{"@type":"QuantitativeValue","minValue":"11","maxValue":"50"}},{"@type":"Person","@id":"https:\/\/www.webdo.tn\/fr\/#\/schema\/person\/9a9c6118d687c117df8ef3cc36a4d175","name":"webdo.tn","image":{"@type":"ImageObject","inLanguage":"fr-FR","@id":"https:\/\/secure.gravatar.com\/avatar\/7ce1f28c0c3bbac99ff550b85ef8e44a6950c6ee24514fb6a5489e51d06f0298?s=96&d=mm&r=g","url":"https:\/\/secure.gravatar.com\/avatar\/7ce1f28c0c3bbac99ff550b85ef8e44a6950c6ee24514fb6a5489e51d06f0298?s=96&d=mm&r=g","contentUrl":"https:\/\/secure.gravatar.com\/avatar\/7ce1f28c0c3bbac99ff550b85ef8e44a6950c6ee24514fb6a5489e51d06f0298?s=96&d=mm&r=g","caption":"webdo.tn"},"url":"https:\/\/www.webdo.tn\/fr\/actualite\/author\/webdotn\/"}]}},"_links":{"self":[{"href":"https:\/\/www.webdo.tn\/fr\/wp-json\/wp\/v2\/posts\/171955","targetHints":{"allow":["GET"]}}],"collection":[{"href":"https:\/\/www.webdo.tn\/fr\/wp-json\/wp\/v2\/posts"}],"about":[{"href":"https:\/\/www.webdo.tn\/fr\/wp-json\/wp\/v2\/types\/post"}],"author":[{"embeddable":true,"href":"https:\/\/www.webdo.tn\/fr\/wp-json\/wp\/v2\/users\/3222"}],"replies":[{"embeddable":true,"href":"https:\/\/www.webdo.tn\/fr\/wp-json\/wp\/v2\/comments?post=171955"}],"version-history":[{"count":0,"href":"https:\/\/www.webdo.tn\/fr\/wp-json\/wp\/v2\/posts\/171955\/revisions"}],"wp:featuredmedia":[{"embeddable":true,"href":"https:\/\/www.webdo.tn\/fr\/wp-json\/wp\/v2\/media\/334139"}],"wp:attachment":[{"href":"https:\/\/www.webdo.tn\/fr\/wp-json\/wp\/v2\/media?parent=171955"}],"wp:term":[{"taxonomy":"category","embeddable":true,"href":"https:\/\/www.webdo.tn\/fr\/wp-json\/wp\/v2\/categories?post=171955"},{"taxonomy":"post_tag","embeddable":true,"href":"https:\/\/www.webdo.tn\/fr\/wp-json\/wp\/v2\/tags?post=171955"}],"curies":[{"name":"wp","href":"https:\/\/api.w.org\/{rel}","templated":true}]}}