{"id":171952,"date":"2012-05-17T11:53:00","date_gmt":"2012-05-17T11:53:00","guid":{"rendered":"https:\/\/www.webdo.tn\/fr\/blog\/suite-au-refoulement-predicateurs-marocains-les-salafistes-declarent-la-guerre-a-ennahdha\/171952\/"},"modified":"2025-06-04T18:57:05","modified_gmt":"2025-06-04T18:57:05","slug":"suite-au-refoulement-predicateurs-marocains-les-salafistes-declarent-la-guerre-a-ennahdha","status":"publish","type":"post","link":"https:\/\/www.webdo.tn\/fr\/actualite\/national\/suite-au-refoulement-predicateurs-marocains-les-salafistes-declarent-la-guerre-a-ennahdha\/171952\/","title":{"rendered":"Suite au refoulement pr\u00e9dicateurs marocains, les salafistes d\u00e9clarent la guerre \u00e0 Ennahdha"},"content":{"rendered":"<p>Annonc\u00e9e \u00e0 la une du journal \u00ab\u00a0Le Maghreb\u00a0\u00bb dans sa livraison de ce jour, la position de Cheikh Abou Iyadh, le chef de la mouvance jihadiste exprim\u00e9e \u00e0 la suite du refoulement des deux pr\u00e9dicateurs marocains, est une v\u00e9ritable menace pour la s\u00e9curit\u00e9 de l\u2019\u00c9tat et l\u2019ordre public d\u2019une fa\u00e7on g\u00e9n\u00e9rale.<\/p>\n<p>Cette position ressort d\u2019un discours prononc\u00e9 hier \u00e0 la mosqu\u00e9e El fath \u00e0 Tunis, apr\u00e8s la pri\u00e8re d\u2019el Asr, repris textuellement par le journal. Parmi les passages reproduits qui retiennent l\u2019attention, le chef de la mouvance a salu\u00e9 la mobilisation de ses partisans qui se sont mobilis\u00e9s \u00e0 l\u2019a\u00e9roport pour forcer les autorit\u00e9s \u00e0 renoncer \u00e0 la d\u00e9cision de refoulement. Ils ont accus\u00e9 le mouvement Ennahdha d\u2019\u00eatre derri\u00e8re cette \u00abinsulte\u00bb et d\u00e9clar\u00e9 que le mouvement, \u00e0 bout de patience, allait r\u00e9agir en cas de boycott de la manifestation pr\u00e9vue ce dimanche \u00e0 Kairouan.<\/p>\n<p>Au sujet de l\u2019implication des autorit\u00e9s, Cheikh Abou Iyadh n\u2019a pas remis en cause le gouvernement, bien que la d\u00e9cision du refoulement ait \u00e9t\u00e9 ex\u00e9cut\u00e9e par la Douane. Il a rejet\u00e9 toute la responsabilit\u00e9 sur Ennadha qui a \u00e9t\u00e9 contact\u00e9 \u00e0 plusieurs reprises pour valider cette invitation et qui a donn\u00e9 des assurances dans ce sens. Il a ajout\u00e9 que ce parti choisit en toute discr\u00e9tion les invit\u00e9s de la Tunisie en fonction de ses int\u00e9r\u00eats et de ses convictions, rappelant l\u2019invitation fa\u00eete \u00e0 Cheikh Rafstanjeni du Maroc et bien avant la visite en Tunisie de McCane et l\u2019accueil aux juifs venus en p\u00e8lerinage.<\/p>\n<p>Il a, par ailleurs, mis en garde contre toute tentative de boycott indiquant que son mouvement d\u00e9tient des informations qui prouvent que la police entend se servir de d\u00e9linquants pour g\u00e2cher cette rencontre. Ces derniers (d\u00e9linquants) qui se sont vu promettre l\u2019arr\u00eat des poursuites et la radiation des peines, auraient contact\u00e9 le mouvement et lui auraient communiqu\u00e9 les noms de ceux qui veulent les utiliser. Implicitement, il confirme la relation de son mouvement avec les d\u00e9linquants et les criminels, m\u00eame s\u2019il justifie leur attitude par l\u2019\u00e9veil de la conscience religieuse.<\/p>\n<p>Au-del\u00e0 de ce discours sui generis, le mouvement passe \u00e0 la vitesse sup\u00e9rieure en s\u2019attaquant carr\u00e9ment \u00e0 qui n\u2019a pas \u00e9t\u00e9, cette fois-ci, complice de leurs actes. Est-ce le d\u00e9but de l\u2019affrontement in\u00e9vitable pr\u00e9vu par Ali Laarayedh, ministre de l\u2019Int\u00e9rieur et annonc\u00e9 dans le journal le Monde, lui qui a l\u2019aval du chef du gouvernement et l\u2019estime de certaines figures de l\u2019opposition et qui jouit d\u2019une grande popularit\u00e9 au sein de son Parti ?<\/p>\n<p>En tout \u00e9tat de cause, il est grand temps que les autorit\u00e9s agissent et r\u00e9agissent pour mettre de l\u2019ordre dans la soci\u00e9t\u00e9 et mettre un terme \u00e0 ce genre de manifestations scandaleuses o\u00f9 on ne se limite pas \u00e0 fustiger l\u2019opposition et les m\u00e9dias, \u00e0 rejeter la d\u00e9mocratie et la libert\u00e9 et \u00e0 annoncer la naissance d\u2019une dynastie (Al khilafa), mais aussi \u00e0 user de la violence et de la menace \u00e0 l\u2019encontre du reste de la soci\u00e9t\u00e9 civile. Ainsi, il a suffi de refuser l\u2019entr\u00e9e en Tunisie de deux pr\u00e9dicateurs impliqu\u00e9s dans des attentats terroristes qui ont caus\u00e9 une trentaine de morts pour que le mouvement d\u00e9clare la guerre \u00e0 l\u2019\u00c9tat et \u00e0 Ennahdha.<\/p>\n","protected":false},"excerpt":{"rendered":"<p>Suite au refoulement pr\u00e9dicateurs marocains, les salafistes d\u00e9clarent la guerre \u00e0 Ennahdha <\/p>\n","protected":false},"author":3222,"featured_media":333577,"comment_status":"open","ping_status":"closed","sticky":false,"template":"","format":"standard","meta":{"footnotes":""},"categories":[44],"tags":[],"class_list":["post-171952","post","type-post","status-publish","format-standard","has-post-thumbnail","hentry","category-national"],"yoast_head":"<!-- This site is optimized with the Yoast SEO Premium plugin v27.5 (Yoast SEO v27.5) - https:\/\/yoast.com\/product\/yoast-seo-premium-wordpress\/ -->\n<title>Suite au refoulement pr\u00e9dicateurs marocains, les salafistes d\u00e9clarent la guerre \u00e0 Ennahdha<\/title>\n<meta name=\"description\" content=\"Suite au refoulement pr\u00e9dicateurs marocains, les salafistes d\u00e9clarent la guerre \u00e0 Ennahdha\" \/>\n<link rel=\"canonical\" href=\"https:\/\/www.webdo.tn\/fr\/actualite\/national\/suite-au-refoulement-predicateurs-marocains-les-salafistes-declarent-la-guerre-a-ennahdha\/171952\/\" \/>\n<meta property=\"og:locale\" content=\"fr_FR\" \/>\n<meta property=\"og:type\" content=\"article\" \/>\n<meta property=\"og:title\" content=\"Suite au refoulement pr\u00e9dicateurs marocains, les salafistes d\u00e9clarent la guerre \u00e0 Ennahdha\" \/>\n<meta property=\"og:description\" content=\"Suite au refoulement pr\u00e9dicateurs marocains, les salafistes d\u00e9clarent la guerre \u00e0 Ennahdha\" \/>\n<meta property=\"og:url\" content=\"https:\/\/www.webdo.tn\/fr\/actualite\/national\/suite-au-refoulement-predicateurs-marocains-les-salafistes-declarent-la-guerre-a-ennahdha\/171952\/\" \/>\n<meta property=\"og:site_name\" content=\"webdo\" \/>\n<meta property=\"article:publisher\" content=\"https:\/\/www.facebook.com\/webdotn\" \/>\n<meta property=\"article:published_time\" content=\"2012-05-17T11:53:00+00:00\" \/>\n<meta property=\"article:modified_time\" content=\"2025-06-04T18:57:05+00:00\" \/>\n<meta property=\"og:image\" content=\"https:\/\/www.webdo.tn\/fr\/wp-content\/uploads\/2012\/05\/La-Une-du-journal-Le-Maghreb-17-mai-20121.jpg\" \/>\n\t<meta property=\"og:image:width\" content=\"255\" \/>\n\t<meta property=\"og:image:height\" content=\"356\" \/>\n\t<meta property=\"og:image:type\" content=\"image\/jpeg\" \/>\n<meta name=\"author\" content=\"webdo.tn\" \/>\n<meta name=\"twitter:card\" content=\"summary_large_image\" \/>\n<meta name=\"twitter:creator\" content=\"@webdo_tn\" \/>\n<meta name=\"twitter:site\" content=\"@webdo_tn\" \/>\n<meta name=\"twitter:label1\" content=\"\u00c9crit par\" \/>\n\t<meta name=\"twitter:data1\" content=\"webdo.tn\" \/>\n\t<meta name=\"twitter:label2\" content=\"Dur\u00e9e de lecture estim\u00e9e\" \/>\n\t<meta name=\"twitter:data2\" content=\"3 minutes\" \/>\n<script type=\"application\/ld+json\" class=\"yoast-schema-graph\">{\"@context\":\"https:\\\/\\\/schema.org\",\"@graph\":[{\"@type\":\"NewsArticle\",\"@id\":\"https:\\\/\\\/www.webdo.tn\\\/fr\\\/actualite\\\/national\\\/suite-au-refoulement-predicateurs-marocains-les-salafistes-declarent-la-guerre-a-ennahdha\\\/171952\\\/#article\",\"isPartOf\":{\"@id\":\"https:\\\/\\\/www.webdo.tn\\\/fr\\\/actualite\\\/national\\\/suite-au-refoulement-predicateurs-marocains-les-salafistes-declarent-la-guerre-a-ennahdha\\\/171952\\\/\"},\"author\":{\"name\":\"webdo.tn\",\"@id\":\"https:\\\/\\\/www.webdo.tn\\\/fr\\\/#\\\/schema\\\/person\\\/9a9c6118d687c117df8ef3cc36a4d175\"},\"headline\":\"Suite au refoulement pr\u00e9dicateurs marocains, les salafistes d\u00e9clarent la guerre \u00e0 Ennahdha\",\"datePublished\":\"2012-05-17T11:53:00+00:00\",\"dateModified\":\"2025-06-04T18:57:05+00:00\",\"mainEntityOfPage\":{\"@id\":\"https:\\\/\\\/www.webdo.tn\\\/fr\\\/actualite\\\/national\\\/suite-au-refoulement-predicateurs-marocains-les-salafistes-declarent-la-guerre-a-ennahdha\\\/171952\\\/\"},\"wordCount\":599,\"commentCount\":0,\"publisher\":{\"@id\":\"https:\\\/\\\/www.webdo.tn\\\/fr\\\/#organization\"},\"image\":{\"@id\":\"https:\\\/\\\/www.webdo.tn\\\/fr\\\/actualite\\\/national\\\/suite-au-refoulement-predicateurs-marocains-les-salafistes-declarent-la-guerre-a-ennahdha\\\/171952\\\/#primaryimage\"},\"thumbnailUrl\":\"https:\\\/\\\/www.webdo.tn\\\/fr\\\/wp-content\\\/uploads\\\/2012\\\/05\\\/La-Une-du-journal-Le-Maghreb-17-mai-20121.jpg\",\"articleSection\":[\"National\"],\"inLanguage\":\"fr-FR\"},{\"@type\":\"WebPage\",\"@id\":\"https:\\\/\\\/www.webdo.tn\\\/fr\\\/actualite\\\/national\\\/suite-au-refoulement-predicateurs-marocains-les-salafistes-declarent-la-guerre-a-ennahdha\\\/171952\\\/\",\"url\":\"https:\\\/\\\/www.webdo.tn\\\/fr\\\/actualite\\\/national\\\/suite-au-refoulement-predicateurs-marocains-les-salafistes-declarent-la-guerre-a-ennahdha\\\/171952\\\/\",\"name\":\"Suite au refoulement pr\u00e9dicateurs marocains, les salafistes d\u00e9clarent la guerre \u00e0 Ennahdha\",\"isPartOf\":{\"@id\":\"https:\\\/\\\/www.webdo.tn\\\/fr\\\/#website\"},\"primaryImageOfPage\":{\"@id\":\"https:\\\/\\\/www.webdo.tn\\\/fr\\\/actualite\\\/national\\\/suite-au-refoulement-predicateurs-marocains-les-salafistes-declarent-la-guerre-a-ennahdha\\\/171952\\\/#primaryimage\"},\"image\":{\"@id\":\"https:\\\/\\\/www.webdo.tn\\\/fr\\\/actualite\\\/national\\\/suite-au-refoulement-predicateurs-marocains-les-salafistes-declarent-la-guerre-a-ennahdha\\\/171952\\\/#primaryimage\"},\"thumbnailUrl\":\"https:\\\/\\\/www.webdo.tn\\\/fr\\\/wp-content\\\/uploads\\\/2012\\\/05\\\/La-Une-du-journal-Le-Maghreb-17-mai-20121.jpg\",\"datePublished\":\"2012-05-17T11:53:00+00:00\",\"dateModified\":\"2025-06-04T18:57:05+00:00\",\"description\":\"Suite au refoulement pr\u00e9dicateurs marocains, les salafistes d\u00e9clarent la guerre \u00e0 Ennahdha\",\"breadcrumb\":{\"@id\":\"https:\\\/\\\/www.webdo.tn\\\/fr\\\/actualite\\\/national\\\/suite-au-refoulement-predicateurs-marocains-les-salafistes-declarent-la-guerre-a-ennahdha\\\/171952\\\/#breadcrumb\"},\"inLanguage\":\"fr-FR\",\"potentialAction\":[{\"@type\":\"ReadAction\",\"target\":[\"https:\\\/\\\/www.webdo.tn\\\/fr\\\/actualite\\\/national\\\/suite-au-refoulement-predicateurs-marocains-les-salafistes-declarent-la-guerre-a-ennahdha\\\/171952\\\/\"]}]},{\"@type\":\"ImageObject\",\"inLanguage\":\"fr-FR\",\"@id\":\"https:\\\/\\\/www.webdo.tn\\\/fr\\\/actualite\\\/national\\\/suite-au-refoulement-predicateurs-marocains-les-salafistes-declarent-la-guerre-a-ennahdha\\\/171952\\\/#primaryimage\",\"url\":\"https:\\\/\\\/www.webdo.tn\\\/fr\\\/wp-content\\\/uploads\\\/2012\\\/05\\\/La-Une-du-journal-Le-Maghreb-17-mai-20121.jpg\",\"contentUrl\":\"https:\\\/\\\/www.webdo.tn\\\/fr\\\/wp-content\\\/uploads\\\/2012\\\/05\\\/La-Une-du-journal-Le-Maghreb-17-mai-20121.jpg\",\"width\":255,\"height\":356,\"caption\":\"Suite au refoulement pr\u00e9dicateurs marocains, les salafistes d\u00e9clarent la guerre \u00e0 Ennahdha\"},{\"@type\":\"BreadcrumbList\",\"@id\":\"https:\\\/\\\/www.webdo.tn\\\/fr\\\/actualite\\\/national\\\/suite-au-refoulement-predicateurs-marocains-les-salafistes-declarent-la-guerre-a-ennahdha\\\/171952\\\/#breadcrumb\",\"itemListElement\":[{\"@type\":\"ListItem\",\"position\":1,\"name\":\"Accueil\",\"item\":\"https:\\\/\\\/www.webdo.tn\\\/fr\\\/\"},{\"@type\":\"ListItem\",\"position\":2,\"name\":\"Suite au refoulement pr\u00e9dicateurs marocains, les salafistes d\u00e9clarent la guerre \u00e0 Ennahdha\"}]},{\"@type\":\"WebSite\",\"@id\":\"https:\\\/\\\/www.webdo.tn\\\/fr\\\/#website\",\"url\":\"https:\\\/\\\/www.webdo.tn\\\/fr\\\/\",\"name\":\"webdo\",\"description\":\"Tunisie - News en Tunisie et \u00e0 l&#039;international sur Webdo.tn\",\"publisher\":{\"@id\":\"https:\\\/\\\/www.webdo.tn\\\/fr\\\/#organization\"},\"potentialAction\":[{\"@type\":\"SearchAction\",\"target\":{\"@type\":\"EntryPoint\",\"urlTemplate\":\"https:\\\/\\\/www.webdo.tn\\\/fr\\\/?s={search_term_string}\"},\"query-input\":{\"@type\":\"PropertyValueSpecification\",\"valueRequired\":true,\"valueName\":\"search_term_string\"}}],\"inLanguage\":\"fr-FR\"},{\"@type\":\"Organization\",\"@id\":\"https:\\\/\\\/www.webdo.tn\\\/fr\\\/#organization\",\"name\":\"Webdo\",\"alternateName\":\"Webdo.tn\",\"url\":\"https:\\\/\\\/www.webdo.tn\\\/fr\\\/\",\"logo\":{\"@type\":\"ImageObject\",\"inLanguage\":\"fr-FR\",\"@id\":\"https:\\\/\\\/www.webdo.tn\\\/fr\\\/#\\\/schema\\\/logo\\\/image\\\/\",\"url\":\"https:\\\/\\\/www.webdo.tn\\\/fr\\\/wp-content\\\/uploads\\\/2025\\\/06\\\/Webdo-Tunisie_168377.jpg\",\"contentUrl\":\"https:\\\/\\\/www.webdo.tn\\\/fr\\\/wp-content\\\/uploads\\\/2025\\\/06\\\/Webdo-Tunisie_168377.jpg\",\"width\":301,\"height\":301,\"caption\":\"Webdo\"},\"image\":{\"@id\":\"https:\\\/\\\/www.webdo.tn\\\/fr\\\/#\\\/schema\\\/logo\\\/image\\\/\"},\"sameAs\":[\"https:\\\/\\\/www.facebook.com\\\/webdotn\",\"https:\\\/\\\/x.com\\\/webdo_tn\"],\"description\":\"Webdo est un m\u00e9dia num\u00e9rique tunisien fond\u00e9 en 2010, sp\u00e9cialis\u00e9 dans l\u2019actualit\u00e9 nationale et internationale, l\u2019\u00e9conomie, la soci\u00e9t\u00e9 et les analyses politiques. Le site s\u2019adresse \u00e0 un large public francophone et couvre l\u2019information tunisienne en temps r\u00e9el.\",\"email\":\"redac@webdo.tn\",\"legalName\":\"YNJ SARL\",\"foundingDate\":\"2010-09-06\",\"numberOfEmployees\":{\"@type\":\"QuantitativeValue\",\"minValue\":\"11\",\"maxValue\":\"50\"}},{\"@type\":\"Person\",\"@id\":\"https:\\\/\\\/www.webdo.tn\\\/fr\\\/#\\\/schema\\\/person\\\/9a9c6118d687c117df8ef3cc36a4d175\",\"name\":\"webdo.tn\",\"image\":{\"@type\":\"ImageObject\",\"inLanguage\":\"fr-FR\",\"@id\":\"https:\\\/\\\/secure.gravatar.com\\\/avatar\\\/7ce1f28c0c3bbac99ff550b85ef8e44a6950c6ee24514fb6a5489e51d06f0298?s=96&d=mm&r=g\",\"url\":\"https:\\\/\\\/secure.gravatar.com\\\/avatar\\\/7ce1f28c0c3bbac99ff550b85ef8e44a6950c6ee24514fb6a5489e51d06f0298?s=96&d=mm&r=g\",\"contentUrl\":\"https:\\\/\\\/secure.gravatar.com\\\/avatar\\\/7ce1f28c0c3bbac99ff550b85ef8e44a6950c6ee24514fb6a5489e51d06f0298?s=96&d=mm&r=g\",\"caption\":\"webdo.tn\"},\"url\":\"https:\\\/\\\/www.webdo.tn\\\/fr\\\/actualite\\\/author\\\/webdotn\\\/\"}]}<\/script>\n<!-- \/ Yoast SEO Premium plugin. -->","yoast_head_json":{"title":"Suite au refoulement pr\u00e9dicateurs marocains, les salafistes d\u00e9clarent la guerre \u00e0 Ennahdha","description":"Suite au refoulement pr\u00e9dicateurs marocains, les salafistes d\u00e9clarent la guerre \u00e0 Ennahdha","canonical":"https:\/\/www.webdo.tn\/fr\/actualite\/national\/suite-au-refoulement-predicateurs-marocains-les-salafistes-declarent-la-guerre-a-ennahdha\/171952\/","og_locale":"fr_FR","og_type":"article","og_title":"Suite au refoulement pr\u00e9dicateurs marocains, les salafistes d\u00e9clarent la guerre \u00e0 Ennahdha","og_description":"Suite au refoulement pr\u00e9dicateurs marocains, les salafistes d\u00e9clarent la guerre \u00e0 Ennahdha","og_url":"https:\/\/www.webdo.tn\/fr\/actualite\/national\/suite-au-refoulement-predicateurs-marocains-les-salafistes-declarent-la-guerre-a-ennahdha\/171952\/","og_site_name":"webdo","article_publisher":"https:\/\/www.facebook.com\/webdotn","article_published_time":"2012-05-17T11:53:00+00:00","article_modified_time":"2025-06-04T18:57:05+00:00","og_image":[{"width":255,"height":356,"url":"https:\/\/www.webdo.tn\/fr\/wp-content\/uploads\/2012\/05\/La-Une-du-journal-Le-Maghreb-17-mai-20121.jpg","type":"image\/jpeg"}],"author":"webdo.tn","twitter_card":"summary_large_image","twitter_creator":"@webdo_tn","twitter_site":"@webdo_tn","twitter_misc":{"\u00c9crit par":"webdo.tn","Dur\u00e9e de lecture estim\u00e9e":"3 minutes"},"schema":{"@context":"https:\/\/schema.org","@graph":[{"@type":"NewsArticle","@id":"https:\/\/www.webdo.tn\/fr\/actualite\/national\/suite-au-refoulement-predicateurs-marocains-les-salafistes-declarent-la-guerre-a-ennahdha\/171952\/#article","isPartOf":{"@id":"https:\/\/www.webdo.tn\/fr\/actualite\/national\/suite-au-refoulement-predicateurs-marocains-les-salafistes-declarent-la-guerre-a-ennahdha\/171952\/"},"author":{"name":"webdo.tn","@id":"https:\/\/www.webdo.tn\/fr\/#\/schema\/person\/9a9c6118d687c117df8ef3cc36a4d175"},"headline":"Suite au refoulement pr\u00e9dicateurs marocains, les salafistes d\u00e9clarent la guerre \u00e0 Ennahdha","datePublished":"2012-05-17T11:53:00+00:00","dateModified":"2025-06-04T18:57:05+00:00","mainEntityOfPage":{"@id":"https:\/\/www.webdo.tn\/fr\/actualite\/national\/suite-au-refoulement-predicateurs-marocains-les-salafistes-declarent-la-guerre-a-ennahdha\/171952\/"},"wordCount":599,"commentCount":0,"publisher":{"@id":"https:\/\/www.webdo.tn\/fr\/#organization"},"image":{"@id":"https:\/\/www.webdo.tn\/fr\/actualite\/national\/suite-au-refoulement-predicateurs-marocains-les-salafistes-declarent-la-guerre-a-ennahdha\/171952\/#primaryimage"},"thumbnailUrl":"https:\/\/www.webdo.tn\/fr\/wp-content\/uploads\/2012\/05\/La-Une-du-journal-Le-Maghreb-17-mai-20121.jpg","articleSection":["National"],"inLanguage":"fr-FR"},{"@type":"WebPage","@id":"https:\/\/www.webdo.tn\/fr\/actualite\/national\/suite-au-refoulement-predicateurs-marocains-les-salafistes-declarent-la-guerre-a-ennahdha\/171952\/","url":"https:\/\/www.webdo.tn\/fr\/actualite\/national\/suite-au-refoulement-predicateurs-marocains-les-salafistes-declarent-la-guerre-a-ennahdha\/171952\/","name":"Suite au refoulement pr\u00e9dicateurs marocains, les salafistes d\u00e9clarent la guerre \u00e0 Ennahdha","isPartOf":{"@id":"https:\/\/www.webdo.tn\/fr\/#website"},"primaryImageOfPage":{"@id":"https:\/\/www.webdo.tn\/fr\/actualite\/national\/suite-au-refoulement-predicateurs-marocains-les-salafistes-declarent-la-guerre-a-ennahdha\/171952\/#primaryimage"},"image":{"@id":"https:\/\/www.webdo.tn\/fr\/actualite\/national\/suite-au-refoulement-predicateurs-marocains-les-salafistes-declarent-la-guerre-a-ennahdha\/171952\/#primaryimage"},"thumbnailUrl":"https:\/\/www.webdo.tn\/fr\/wp-content\/uploads\/2012\/05\/La-Une-du-journal-Le-Maghreb-17-mai-20121.jpg","datePublished":"2012-05-17T11:53:00+00:00","dateModified":"2025-06-04T18:57:05+00:00","description":"Suite au refoulement pr\u00e9dicateurs marocains, les salafistes d\u00e9clarent la guerre \u00e0 Ennahdha","breadcrumb":{"@id":"https:\/\/www.webdo.tn\/fr\/actualite\/national\/suite-au-refoulement-predicateurs-marocains-les-salafistes-declarent-la-guerre-a-ennahdha\/171952\/#breadcrumb"},"inLanguage":"fr-FR","potentialAction":[{"@type":"ReadAction","target":["https:\/\/www.webdo.tn\/fr\/actualite\/national\/suite-au-refoulement-predicateurs-marocains-les-salafistes-declarent-la-guerre-a-ennahdha\/171952\/"]}]},{"@type":"ImageObject","inLanguage":"fr-FR","@id":"https:\/\/www.webdo.tn\/fr\/actualite\/national\/suite-au-refoulement-predicateurs-marocains-les-salafistes-declarent-la-guerre-a-ennahdha\/171952\/#primaryimage","url":"https:\/\/www.webdo.tn\/fr\/wp-content\/uploads\/2012\/05\/La-Une-du-journal-Le-Maghreb-17-mai-20121.jpg","contentUrl":"https:\/\/www.webdo.tn\/fr\/wp-content\/uploads\/2012\/05\/La-Une-du-journal-Le-Maghreb-17-mai-20121.jpg","width":255,"height":356,"caption":"Suite au refoulement pr\u00e9dicateurs marocains, les salafistes d\u00e9clarent la guerre \u00e0 Ennahdha"},{"@type":"BreadcrumbList","@id":"https:\/\/www.webdo.tn\/fr\/actualite\/national\/suite-au-refoulement-predicateurs-marocains-les-salafistes-declarent-la-guerre-a-ennahdha\/171952\/#breadcrumb","itemListElement":[{"@type":"ListItem","position":1,"name":"Accueil","item":"https:\/\/www.webdo.tn\/fr\/"},{"@type":"ListItem","position":2,"name":"Suite au refoulement pr\u00e9dicateurs marocains, les salafistes d\u00e9clarent la guerre \u00e0 Ennahdha"}]},{"@type":"WebSite","@id":"https:\/\/www.webdo.tn\/fr\/#website","url":"https:\/\/www.webdo.tn\/fr\/","name":"webdo","description":"Tunisie - News en Tunisie et \u00e0 l&#039;international sur Webdo.tn","publisher":{"@id":"https:\/\/www.webdo.tn\/fr\/#organization"},"potentialAction":[{"@type":"SearchAction","target":{"@type":"EntryPoint","urlTemplate":"https:\/\/www.webdo.tn\/fr\/?s={search_term_string}"},"query-input":{"@type":"PropertyValueSpecification","valueRequired":true,"valueName":"search_term_string"}}],"inLanguage":"fr-FR"},{"@type":"Organization","@id":"https:\/\/www.webdo.tn\/fr\/#organization","name":"Webdo","alternateName":"Webdo.tn","url":"https:\/\/www.webdo.tn\/fr\/","logo":{"@type":"ImageObject","inLanguage":"fr-FR","@id":"https:\/\/www.webdo.tn\/fr\/#\/schema\/logo\/image\/","url":"https:\/\/www.webdo.tn\/fr\/wp-content\/uploads\/2025\/06\/Webdo-Tunisie_168377.jpg","contentUrl":"https:\/\/www.webdo.tn\/fr\/wp-content\/uploads\/2025\/06\/Webdo-Tunisie_168377.jpg","width":301,"height":301,"caption":"Webdo"},"image":{"@id":"https:\/\/www.webdo.tn\/fr\/#\/schema\/logo\/image\/"},"sameAs":["https:\/\/www.facebook.com\/webdotn","https:\/\/x.com\/webdo_tn"],"description":"Webdo est un m\u00e9dia num\u00e9rique tunisien fond\u00e9 en 2010, sp\u00e9cialis\u00e9 dans l\u2019actualit\u00e9 nationale et internationale, l\u2019\u00e9conomie, la soci\u00e9t\u00e9 et les analyses politiques. Le site s\u2019adresse \u00e0 un large public francophone et couvre l\u2019information tunisienne en temps r\u00e9el.","email":"redac@webdo.tn","legalName":"YNJ SARL","foundingDate":"2010-09-06","numberOfEmployees":{"@type":"QuantitativeValue","minValue":"11","maxValue":"50"}},{"@type":"Person","@id":"https:\/\/www.webdo.tn\/fr\/#\/schema\/person\/9a9c6118d687c117df8ef3cc36a4d175","name":"webdo.tn","image":{"@type":"ImageObject","inLanguage":"fr-FR","@id":"https:\/\/secure.gravatar.com\/avatar\/7ce1f28c0c3bbac99ff550b85ef8e44a6950c6ee24514fb6a5489e51d06f0298?s=96&d=mm&r=g","url":"https:\/\/secure.gravatar.com\/avatar\/7ce1f28c0c3bbac99ff550b85ef8e44a6950c6ee24514fb6a5489e51d06f0298?s=96&d=mm&r=g","contentUrl":"https:\/\/secure.gravatar.com\/avatar\/7ce1f28c0c3bbac99ff550b85ef8e44a6950c6ee24514fb6a5489e51d06f0298?s=96&d=mm&r=g","caption":"webdo.tn"},"url":"https:\/\/www.webdo.tn\/fr\/actualite\/author\/webdotn\/"}]}},"_links":{"self":[{"href":"https:\/\/www.webdo.tn\/fr\/wp-json\/wp\/v2\/posts\/171952","targetHints":{"allow":["GET"]}}],"collection":[{"href":"https:\/\/www.webdo.tn\/fr\/wp-json\/wp\/v2\/posts"}],"about":[{"href":"https:\/\/www.webdo.tn\/fr\/wp-json\/wp\/v2\/types\/post"}],"author":[{"embeddable":true,"href":"https:\/\/www.webdo.tn\/fr\/wp-json\/wp\/v2\/users\/3222"}],"replies":[{"embeddable":true,"href":"https:\/\/www.webdo.tn\/fr\/wp-json\/wp\/v2\/comments?post=171952"}],"version-history":[{"count":0,"href":"https:\/\/www.webdo.tn\/fr\/wp-json\/wp\/v2\/posts\/171952\/revisions"}],"wp:featuredmedia":[{"embeddable":true,"href":"https:\/\/www.webdo.tn\/fr\/wp-json\/wp\/v2\/media\/333577"}],"wp:attachment":[{"href":"https:\/\/www.webdo.tn\/fr\/wp-json\/wp\/v2\/media?parent=171952"}],"wp:term":[{"taxonomy":"category","embeddable":true,"href":"https:\/\/www.webdo.tn\/fr\/wp-json\/wp\/v2\/categories?post=171952"},{"taxonomy":"post_tag","embeddable":true,"href":"https:\/\/www.webdo.tn\/fr\/wp-json\/wp\/v2\/tags?post=171952"}],"curies":[{"name":"wp","href":"https:\/\/api.w.org\/{rel}","templated":true}]}}