{"id":171951,"date":"2012-05-17T12:36:00","date_gmt":"2012-05-17T12:36:00","guid":{"rendered":"https:\/\/www.webdo.tn\/fr\/blog\/386-milliards-pour-sidi-bouzid-des-promesses-rien-que-des-promesses\/171951\/"},"modified":"2012-05-17T12:36:00","modified_gmt":"2012-05-17T12:36:00","slug":"386-milliards-pour-sidi-bouzid-des-promesses-rien-que-des-promesses","status":"publish","type":"post","link":"https:\/\/www.webdo.tn\/fr\/actualite\/national\/386-milliards-pour-sidi-bouzid-des-promesses-rien-que-des-promesses\/171951\/","title":{"rendered":"386 milliards pour Sidi Bouzid\u00a0: des promesses, rien que des promesses\u00a0!"},"content":{"rendered":"<p>Aujourd\u2019hui, le gouverneur de la ville de Sidi Bouzid, M.Mohamed Nejib Mansouri, vient d\u2019annoncer de mani\u00e8re solennelle, lors d\u2019une conf\u00e9rence de presse, les projets du gouvernement qui ont \u00e9t\u00e9 allou\u00e9s \u00e0 la ville pour cette ann\u00e9e. Un programme ambitieux qui consiste dans une enveloppe de 386 milliards, dont pr\u00e8s de la moiti\u00e9 (191 milliards) sera consacr\u00e9e aux infrastructures routi\u00e8res et pistes agricoles, et l\u2019autre moiti\u00e9 dispatch\u00e9e entre l\u2019\u00e9ducation et l\u2019enseignement (14 milliards), \u00e0 la sant\u00e9 (25 milliards), \u00e0 la jeunesse et au sport (4 milliards), \u00e0 l\u2019assainissement (40 milliards), \u00e0 l\u2019agriculture (36 milliards) et l\u2019\u00e9clairage (10 milliards). Il a soulign\u00e9 que les projets publics butent sur des obstacles li\u00e9s au comportement des citoyens ainsi qu\u2019\u00e0 l\u2019apparition du ph\u00e9nom\u00e8ne des constructions anarchiques ou des occupations des terres domaniales. <\/p>\n<p>Par ailleurs, il a aussi annonc\u00e9 que malgr\u00e9 les multiples difficult\u00e9s rencontr\u00e9es du genre les protestations qui ne se sont pas rel\u00e2ch\u00e9es durant cette p\u00e9riode, et l\u2019abandon d\u2019autres projets d\u2019autres investisseurs priv\u00e9s qui n\u2019ont pas \u00e9t\u00e9 rassur\u00e9s sur la situation s\u00e9curitaire, sept \u00e9manant de groupes priv\u00e9s vont incessamment \u00eatre mis en route comme une unit\u00e9 de production de produits laitiers, deux briqueteries, une clinique, une usine d\u2019eau min\u00e9rale ou une usine de pl\u00e2tre. <\/p>\n<p>Ces promesses semblent r\u00e9ellement positives. <\/p>\n<p>Cependant, il convient de faire deux remarques\u00a0\u00e0 ce propos : elles ne diff\u00e8rent pas, dans leur forme, des projets ambitieux pour ces r\u00e9gions de ceux pr\u00e9sent\u00e9s auparavant par le r\u00e9gime d\u00e9chu dans le cadre de ses programmes de d\u00e9veloppement r\u00e9gional, et qui ont abouti aux r\u00e9sultats que l\u2019on connait\u00a0! <\/p>\n<p>Ensuite, elles constitueront, encore une fois, des moyens qui risquent d\u2019\u00eatre jet\u00e9s par les fen\u00eatres dans la mesure o\u00f9 elles ne s\u2019int\u00e8grent pas dans une nouvelle vision d\u2019aborder les probl\u00e8mes \u00e9conomiques et sociaux. Bien, au contraire, elles s\u2019ins\u00e8rent dans la m\u00eame logique qui ne fait que reproduire un sch\u00e9ma de d\u00e9veloppement qui a, non seulement, montr\u00e9 ses limites, mais lamentablement \u00e9chou\u00e9 avec les cons\u00e9quences et le d\u00e9sastre que l\u2019on connait\u2026<\/p>\n","protected":false},"excerpt":{"rendered":"<p>386 milliards pour Sidi Bouzid\u00a0: des promesses, rien que des promesses\u00a0!<\/p>\n","protected":false},"author":3222,"featured_media":333579,"comment_status":"open","ping_status":"closed","sticky":false,"template":"","format":"standard","meta":{"footnotes":""},"categories":[44],"tags":[2600],"class_list":["post-171951","post","type-post","status-publish","format-standard","has-post-thumbnail","hentry","category-national","tag-guerre"],"yoast_head":"<!-- This site is optimized with the Yoast SEO Premium plugin v27.5 (Yoast SEO v27.5) - https:\/\/yoast.com\/product\/yoast-seo-premium-wordpress\/ -->\n<title>386 milliards pour Sidi Bouzid\u00a0: des promesses, rien que des promesses\u00a0!<\/title>\n<meta name=\"description\" content=\"386 milliards pour Sidi Bouzid\u00a0: des promesses, rien que des promesses\u00a0!\" \/>\n<link rel=\"canonical\" href=\"https:\/\/www.webdo.tn\/fr\/actualite\/national-45\/386-milliards-pour-sidi-bouzid-des-promesses-rien-que-des-promesses\/171951\/\" \/>\n<meta property=\"og:locale\" content=\"fr_FR\" \/>\n<meta property=\"og:type\" content=\"article\" \/>\n<meta property=\"og:title\" content=\"386 milliards pour Sidi Bouzid\u00a0: des promesses, rien que des promesses\u00a0!\" \/>\n<meta property=\"og:description\" content=\"386 milliards pour Sidi Bouzid\u00a0: des promesses, rien que des promesses\u00a0!\" \/>\n<meta property=\"og:url\" content=\"https:\/\/www.webdo.tn\/fr\/actualite\/national-45\/386-milliards-pour-sidi-bouzid-des-promesses-rien-que-des-promesses\/171951\/\" \/>\n<meta property=\"og:site_name\" content=\"webdo\" \/>\n<meta property=\"article:publisher\" content=\"https:\/\/www.facebook.com\/webdotn\" \/>\n<meta property=\"article:published_time\" content=\"2012-05-17T12:36:00+00:00\" \/>\n<meta property=\"og:image\" content=\"https:\/\/www.webdo.tn\/fr\/wp-content\/uploads\/2012\/05\/Sidi-Bouzid-photo-flickr-me-ilhem-ran-away-for-the-day-to-Sidi-Bouzid.jpg\" \/>\n\t<meta property=\"og:image:width\" content=\"579\" \/>\n\t<meta property=\"og:image:height\" content=\"356\" \/>\n\t<meta property=\"og:image:type\" content=\"image\/jpeg\" \/>\n<meta name=\"author\" content=\"webdo.tn\" \/>\n<meta name=\"twitter:card\" content=\"summary_large_image\" \/>\n<meta name=\"twitter:creator\" content=\"@webdo_tn\" \/>\n<meta name=\"twitter:site\" content=\"@webdo_tn\" \/>\n<meta name=\"twitter:label1\" content=\"\u00c9crit par\" \/>\n\t<meta name=\"twitter:data1\" content=\"webdo.tn\" \/>\n\t<meta name=\"twitter:label2\" content=\"Dur\u00e9e de lecture estim\u00e9e\" \/>\n\t<meta name=\"twitter:data2\" content=\"2 minutes\" \/>\n<script type=\"application\/ld+json\" class=\"yoast-schema-graph\">{\"@context\":\"https:\\\/\\\/schema.org\",\"@graph\":[{\"@type\":\"NewsArticle\",\"@id\":\"https:\\\/\\\/www.webdo.tn\\\/fr\\\/actualite\\\/national-45\\\/386-milliards-pour-sidi-bouzid-des-promesses-rien-que-des-promesses\\\/171951\\\/#article\",\"isPartOf\":{\"@id\":\"https:\\\/\\\/www.webdo.tn\\\/fr\\\/actualite\\\/national-45\\\/386-milliards-pour-sidi-bouzid-des-promesses-rien-que-des-promesses\\\/171951\\\/\"},\"author\":{\"name\":\"webdo.tn\",\"@id\":\"https:\\\/\\\/www.webdo.tn\\\/fr\\\/#\\\/schema\\\/person\\\/9a9c6118d687c117df8ef3cc36a4d175\"},\"headline\":\"386 milliards pour Sidi Bouzid\u00a0: des promesses, rien que des promesses\u00a0!\",\"datePublished\":\"2012-05-17T12:36:00+00:00\",\"mainEntityOfPage\":{\"@id\":\"https:\\\/\\\/www.webdo.tn\\\/fr\\\/actualite\\\/national-45\\\/386-milliards-pour-sidi-bouzid-des-promesses-rien-que-des-promesses\\\/171951\\\/\"},\"wordCount\":384,\"commentCount\":0,\"publisher\":{\"@id\":\"https:\\\/\\\/www.webdo.tn\\\/fr\\\/#organization\"},\"image\":{\"@id\":\"https:\\\/\\\/www.webdo.tn\\\/fr\\\/actualite\\\/national-45\\\/386-milliards-pour-sidi-bouzid-des-promesses-rien-que-des-promesses\\\/171951\\\/#primaryimage\"},\"thumbnailUrl\":\"https:\\\/\\\/www.webdo.tn\\\/fr\\\/wp-content\\\/uploads\\\/2012\\\/05\\\/Sidi-Bouzid-photo-flickr-me-ilhem-ran-away-for-the-day-to-Sidi-Bouzid.jpg\",\"keywords\":[\"guerre\"],\"articleSection\":[\"National\"],\"inLanguage\":\"fr-FR\"},{\"@type\":\"WebPage\",\"@id\":\"https:\\\/\\\/www.webdo.tn\\\/fr\\\/actualite\\\/national-45\\\/386-milliards-pour-sidi-bouzid-des-promesses-rien-que-des-promesses\\\/171951\\\/\",\"url\":\"https:\\\/\\\/www.webdo.tn\\\/fr\\\/actualite\\\/national-45\\\/386-milliards-pour-sidi-bouzid-des-promesses-rien-que-des-promesses\\\/171951\\\/\",\"name\":\"386 milliards pour Sidi Bouzid\u00a0: des promesses, rien que des promesses\u00a0!\",\"isPartOf\":{\"@id\":\"https:\\\/\\\/www.webdo.tn\\\/fr\\\/#website\"},\"primaryImageOfPage\":{\"@id\":\"https:\\\/\\\/www.webdo.tn\\\/fr\\\/actualite\\\/national-45\\\/386-milliards-pour-sidi-bouzid-des-promesses-rien-que-des-promesses\\\/171951\\\/#primaryimage\"},\"image\":{\"@id\":\"https:\\\/\\\/www.webdo.tn\\\/fr\\\/actualite\\\/national-45\\\/386-milliards-pour-sidi-bouzid-des-promesses-rien-que-des-promesses\\\/171951\\\/#primaryimage\"},\"thumbnailUrl\":\"https:\\\/\\\/www.webdo.tn\\\/fr\\\/wp-content\\\/uploads\\\/2012\\\/05\\\/Sidi-Bouzid-photo-flickr-me-ilhem-ran-away-for-the-day-to-Sidi-Bouzid.jpg\",\"datePublished\":\"2012-05-17T12:36:00+00:00\",\"description\":\"386 milliards pour Sidi Bouzid\u00a0: des promesses, rien que des promesses\u00a0!\",\"breadcrumb\":{\"@id\":\"https:\\\/\\\/www.webdo.tn\\\/fr\\\/actualite\\\/national-45\\\/386-milliards-pour-sidi-bouzid-des-promesses-rien-que-des-promesses\\\/171951\\\/#breadcrumb\"},\"inLanguage\":\"fr-FR\",\"potentialAction\":[{\"@type\":\"ReadAction\",\"target\":[\"https:\\\/\\\/www.webdo.tn\\\/fr\\\/actualite\\\/national-45\\\/386-milliards-pour-sidi-bouzid-des-promesses-rien-que-des-promesses\\\/171951\\\/\"]}]},{\"@type\":\"ImageObject\",\"inLanguage\":\"fr-FR\",\"@id\":\"https:\\\/\\\/www.webdo.tn\\\/fr\\\/actualite\\\/national-45\\\/386-milliards-pour-sidi-bouzid-des-promesses-rien-que-des-promesses\\\/171951\\\/#primaryimage\",\"url\":\"https:\\\/\\\/www.webdo.tn\\\/fr\\\/wp-content\\\/uploads\\\/2012\\\/05\\\/Sidi-Bouzid-photo-flickr-me-ilhem-ran-away-for-the-day-to-Sidi-Bouzid.jpg\",\"contentUrl\":\"https:\\\/\\\/www.webdo.tn\\\/fr\\\/wp-content\\\/uploads\\\/2012\\\/05\\\/Sidi-Bouzid-photo-flickr-me-ilhem-ran-away-for-the-day-to-Sidi-Bouzid.jpg\",\"width\":579,\"height\":356,\"caption\":\"386 milliards pour Sidi Bouzid\u00a0: des promesses, rien que des promesses\u00a0!\"},{\"@type\":\"BreadcrumbList\",\"@id\":\"https:\\\/\\\/www.webdo.tn\\\/fr\\\/actualite\\\/national-45\\\/386-milliards-pour-sidi-bouzid-des-promesses-rien-que-des-promesses\\\/171951\\\/#breadcrumb\",\"itemListElement\":[{\"@type\":\"ListItem\",\"position\":1,\"name\":\"Accueil\",\"item\":\"https:\\\/\\\/www.webdo.tn\\\/fr\\\/\"},{\"@type\":\"ListItem\",\"position\":2,\"name\":\"386 milliards pour Sidi Bouzid\u00a0: des promesses, rien que des promesses\u00a0!\"}]},{\"@type\":\"WebSite\",\"@id\":\"https:\\\/\\\/www.webdo.tn\\\/fr\\\/#website\",\"url\":\"https:\\\/\\\/www.webdo.tn\\\/fr\\\/\",\"name\":\"webdo\",\"description\":\"Tunisie - News en Tunisie et \u00e0 l&#039;international sur Webdo.tn\",\"publisher\":{\"@id\":\"https:\\\/\\\/www.webdo.tn\\\/fr\\\/#organization\"},\"potentialAction\":[{\"@type\":\"SearchAction\",\"target\":{\"@type\":\"EntryPoint\",\"urlTemplate\":\"https:\\\/\\\/www.webdo.tn\\\/fr\\\/?s={search_term_string}\"},\"query-input\":{\"@type\":\"PropertyValueSpecification\",\"valueRequired\":true,\"valueName\":\"search_term_string\"}}],\"inLanguage\":\"fr-FR\"},{\"@type\":\"Organization\",\"@id\":\"https:\\\/\\\/www.webdo.tn\\\/fr\\\/#organization\",\"name\":\"Webdo\",\"alternateName\":\"Webdo.tn\",\"url\":\"https:\\\/\\\/www.webdo.tn\\\/fr\\\/\",\"logo\":{\"@type\":\"ImageObject\",\"inLanguage\":\"fr-FR\",\"@id\":\"https:\\\/\\\/www.webdo.tn\\\/fr\\\/#\\\/schema\\\/logo\\\/image\\\/\",\"url\":\"https:\\\/\\\/www.webdo.tn\\\/fr\\\/wp-content\\\/uploads\\\/2025\\\/06\\\/Webdo-Tunisie_168377.jpg\",\"contentUrl\":\"https:\\\/\\\/www.webdo.tn\\\/fr\\\/wp-content\\\/uploads\\\/2025\\\/06\\\/Webdo-Tunisie_168377.jpg\",\"width\":301,\"height\":301,\"caption\":\"Webdo\"},\"image\":{\"@id\":\"https:\\\/\\\/www.webdo.tn\\\/fr\\\/#\\\/schema\\\/logo\\\/image\\\/\"},\"sameAs\":[\"https:\\\/\\\/www.facebook.com\\\/webdotn\",\"https:\\\/\\\/x.com\\\/webdo_tn\"],\"description\":\"Webdo est un m\u00e9dia num\u00e9rique tunisien fond\u00e9 en 2010, sp\u00e9cialis\u00e9 dans l\u2019actualit\u00e9 nationale et internationale, l\u2019\u00e9conomie, la soci\u00e9t\u00e9 et les analyses politiques. Le site s\u2019adresse \u00e0 un large public francophone et couvre l\u2019information tunisienne en temps r\u00e9el.\",\"email\":\"redac@webdo.tn\",\"legalName\":\"YNJ SARL\",\"foundingDate\":\"2010-09-06\",\"numberOfEmployees\":{\"@type\":\"QuantitativeValue\",\"minValue\":\"11\",\"maxValue\":\"50\"}},{\"@type\":\"Person\",\"@id\":\"https:\\\/\\\/www.webdo.tn\\\/fr\\\/#\\\/schema\\\/person\\\/9a9c6118d687c117df8ef3cc36a4d175\",\"name\":\"webdo.tn\",\"image\":{\"@type\":\"ImageObject\",\"inLanguage\":\"fr-FR\",\"@id\":\"https:\\\/\\\/secure.gravatar.com\\\/avatar\\\/7ce1f28c0c3bbac99ff550b85ef8e44a6950c6ee24514fb6a5489e51d06f0298?s=96&d=mm&r=g\",\"url\":\"https:\\\/\\\/secure.gravatar.com\\\/avatar\\\/7ce1f28c0c3bbac99ff550b85ef8e44a6950c6ee24514fb6a5489e51d06f0298?s=96&d=mm&r=g\",\"contentUrl\":\"https:\\\/\\\/secure.gravatar.com\\\/avatar\\\/7ce1f28c0c3bbac99ff550b85ef8e44a6950c6ee24514fb6a5489e51d06f0298?s=96&d=mm&r=g\",\"caption\":\"webdo.tn\"},\"url\":\"https:\\\/\\\/www.webdo.tn\\\/fr\\\/actualite\\\/author\\\/webdotn\\\/\"}]}<\/script>\n<!-- \/ Yoast SEO Premium plugin. -->","yoast_head_json":{"title":"386 milliards pour Sidi Bouzid\u00a0: des promesses, rien que des promesses\u00a0!","description":"386 milliards pour Sidi Bouzid\u00a0: des promesses, rien que des promesses\u00a0!","canonical":"https:\/\/www.webdo.tn\/fr\/actualite\/national-45\/386-milliards-pour-sidi-bouzid-des-promesses-rien-que-des-promesses\/171951\/","og_locale":"fr_FR","og_type":"article","og_title":"386 milliards pour Sidi Bouzid\u00a0: des promesses, rien que des promesses\u00a0!","og_description":"386 milliards pour Sidi Bouzid\u00a0: des promesses, rien que des promesses\u00a0!","og_url":"https:\/\/www.webdo.tn\/fr\/actualite\/national-45\/386-milliards-pour-sidi-bouzid-des-promesses-rien-que-des-promesses\/171951\/","og_site_name":"webdo","article_publisher":"https:\/\/www.facebook.com\/webdotn","article_published_time":"2012-05-17T12:36:00+00:00","og_image":[{"width":579,"height":356,"url":"https:\/\/www.webdo.tn\/fr\/wp-content\/uploads\/2012\/05\/Sidi-Bouzid-photo-flickr-me-ilhem-ran-away-for-the-day-to-Sidi-Bouzid.jpg","type":"image\/jpeg"}],"author":"webdo.tn","twitter_card":"summary_large_image","twitter_creator":"@webdo_tn","twitter_site":"@webdo_tn","twitter_misc":{"\u00c9crit par":"webdo.tn","Dur\u00e9e de lecture estim\u00e9e":"2 minutes"},"schema":{"@context":"https:\/\/schema.org","@graph":[{"@type":"NewsArticle","@id":"https:\/\/www.webdo.tn\/fr\/actualite\/national-45\/386-milliards-pour-sidi-bouzid-des-promesses-rien-que-des-promesses\/171951\/#article","isPartOf":{"@id":"https:\/\/www.webdo.tn\/fr\/actualite\/national-45\/386-milliards-pour-sidi-bouzid-des-promesses-rien-que-des-promesses\/171951\/"},"author":{"name":"webdo.tn","@id":"https:\/\/www.webdo.tn\/fr\/#\/schema\/person\/9a9c6118d687c117df8ef3cc36a4d175"},"headline":"386 milliards pour Sidi Bouzid\u00a0: des promesses, rien que des promesses\u00a0!","datePublished":"2012-05-17T12:36:00+00:00","mainEntityOfPage":{"@id":"https:\/\/www.webdo.tn\/fr\/actualite\/national-45\/386-milliards-pour-sidi-bouzid-des-promesses-rien-que-des-promesses\/171951\/"},"wordCount":384,"commentCount":0,"publisher":{"@id":"https:\/\/www.webdo.tn\/fr\/#organization"},"image":{"@id":"https:\/\/www.webdo.tn\/fr\/actualite\/national-45\/386-milliards-pour-sidi-bouzid-des-promesses-rien-que-des-promesses\/171951\/#primaryimage"},"thumbnailUrl":"https:\/\/www.webdo.tn\/fr\/wp-content\/uploads\/2012\/05\/Sidi-Bouzid-photo-flickr-me-ilhem-ran-away-for-the-day-to-Sidi-Bouzid.jpg","keywords":["guerre"],"articleSection":["National"],"inLanguage":"fr-FR"},{"@type":"WebPage","@id":"https:\/\/www.webdo.tn\/fr\/actualite\/national-45\/386-milliards-pour-sidi-bouzid-des-promesses-rien-que-des-promesses\/171951\/","url":"https:\/\/www.webdo.tn\/fr\/actualite\/national-45\/386-milliards-pour-sidi-bouzid-des-promesses-rien-que-des-promesses\/171951\/","name":"386 milliards pour Sidi Bouzid\u00a0: des promesses, rien que des promesses\u00a0!","isPartOf":{"@id":"https:\/\/www.webdo.tn\/fr\/#website"},"primaryImageOfPage":{"@id":"https:\/\/www.webdo.tn\/fr\/actualite\/national-45\/386-milliards-pour-sidi-bouzid-des-promesses-rien-que-des-promesses\/171951\/#primaryimage"},"image":{"@id":"https:\/\/www.webdo.tn\/fr\/actualite\/national-45\/386-milliards-pour-sidi-bouzid-des-promesses-rien-que-des-promesses\/171951\/#primaryimage"},"thumbnailUrl":"https:\/\/www.webdo.tn\/fr\/wp-content\/uploads\/2012\/05\/Sidi-Bouzid-photo-flickr-me-ilhem-ran-away-for-the-day-to-Sidi-Bouzid.jpg","datePublished":"2012-05-17T12:36:00+00:00","description":"386 milliards pour Sidi Bouzid\u00a0: des promesses, rien que des promesses\u00a0!","breadcrumb":{"@id":"https:\/\/www.webdo.tn\/fr\/actualite\/national-45\/386-milliards-pour-sidi-bouzid-des-promesses-rien-que-des-promesses\/171951\/#breadcrumb"},"inLanguage":"fr-FR","potentialAction":[{"@type":"ReadAction","target":["https:\/\/www.webdo.tn\/fr\/actualite\/national-45\/386-milliards-pour-sidi-bouzid-des-promesses-rien-que-des-promesses\/171951\/"]}]},{"@type":"ImageObject","inLanguage":"fr-FR","@id":"https:\/\/www.webdo.tn\/fr\/actualite\/national-45\/386-milliards-pour-sidi-bouzid-des-promesses-rien-que-des-promesses\/171951\/#primaryimage","url":"https:\/\/www.webdo.tn\/fr\/wp-content\/uploads\/2012\/05\/Sidi-Bouzid-photo-flickr-me-ilhem-ran-away-for-the-day-to-Sidi-Bouzid.jpg","contentUrl":"https:\/\/www.webdo.tn\/fr\/wp-content\/uploads\/2012\/05\/Sidi-Bouzid-photo-flickr-me-ilhem-ran-away-for-the-day-to-Sidi-Bouzid.jpg","width":579,"height":356,"caption":"386 milliards pour Sidi Bouzid\u00a0: des promesses, rien que des promesses\u00a0!"},{"@type":"BreadcrumbList","@id":"https:\/\/www.webdo.tn\/fr\/actualite\/national-45\/386-milliards-pour-sidi-bouzid-des-promesses-rien-que-des-promesses\/171951\/#breadcrumb","itemListElement":[{"@type":"ListItem","position":1,"name":"Accueil","item":"https:\/\/www.webdo.tn\/fr\/"},{"@type":"ListItem","position":2,"name":"386 milliards pour Sidi Bouzid\u00a0: des promesses, rien que des promesses\u00a0!"}]},{"@type":"WebSite","@id":"https:\/\/www.webdo.tn\/fr\/#website","url":"https:\/\/www.webdo.tn\/fr\/","name":"webdo","description":"Tunisie - News en Tunisie et \u00e0 l&#039;international sur Webdo.tn","publisher":{"@id":"https:\/\/www.webdo.tn\/fr\/#organization"},"potentialAction":[{"@type":"SearchAction","target":{"@type":"EntryPoint","urlTemplate":"https:\/\/www.webdo.tn\/fr\/?s={search_term_string}"},"query-input":{"@type":"PropertyValueSpecification","valueRequired":true,"valueName":"search_term_string"}}],"inLanguage":"fr-FR"},{"@type":"Organization","@id":"https:\/\/www.webdo.tn\/fr\/#organization","name":"Webdo","alternateName":"Webdo.tn","url":"https:\/\/www.webdo.tn\/fr\/","logo":{"@type":"ImageObject","inLanguage":"fr-FR","@id":"https:\/\/www.webdo.tn\/fr\/#\/schema\/logo\/image\/","url":"https:\/\/www.webdo.tn\/fr\/wp-content\/uploads\/2025\/06\/Webdo-Tunisie_168377.jpg","contentUrl":"https:\/\/www.webdo.tn\/fr\/wp-content\/uploads\/2025\/06\/Webdo-Tunisie_168377.jpg","width":301,"height":301,"caption":"Webdo"},"image":{"@id":"https:\/\/www.webdo.tn\/fr\/#\/schema\/logo\/image\/"},"sameAs":["https:\/\/www.facebook.com\/webdotn","https:\/\/x.com\/webdo_tn"],"description":"Webdo est un m\u00e9dia num\u00e9rique tunisien fond\u00e9 en 2010, sp\u00e9cialis\u00e9 dans l\u2019actualit\u00e9 nationale et internationale, l\u2019\u00e9conomie, la soci\u00e9t\u00e9 et les analyses politiques. Le site s\u2019adresse \u00e0 un large public francophone et couvre l\u2019information tunisienne en temps r\u00e9el.","email":"redac@webdo.tn","legalName":"YNJ SARL","foundingDate":"2010-09-06","numberOfEmployees":{"@type":"QuantitativeValue","minValue":"11","maxValue":"50"}},{"@type":"Person","@id":"https:\/\/www.webdo.tn\/fr\/#\/schema\/person\/9a9c6118d687c117df8ef3cc36a4d175","name":"webdo.tn","image":{"@type":"ImageObject","inLanguage":"fr-FR","@id":"https:\/\/secure.gravatar.com\/avatar\/7ce1f28c0c3bbac99ff550b85ef8e44a6950c6ee24514fb6a5489e51d06f0298?s=96&d=mm&r=g","url":"https:\/\/secure.gravatar.com\/avatar\/7ce1f28c0c3bbac99ff550b85ef8e44a6950c6ee24514fb6a5489e51d06f0298?s=96&d=mm&r=g","contentUrl":"https:\/\/secure.gravatar.com\/avatar\/7ce1f28c0c3bbac99ff550b85ef8e44a6950c6ee24514fb6a5489e51d06f0298?s=96&d=mm&r=g","caption":"webdo.tn"},"url":"https:\/\/www.webdo.tn\/fr\/actualite\/author\/webdotn\/"}]}},"_links":{"self":[{"href":"https:\/\/www.webdo.tn\/fr\/wp-json\/wp\/v2\/posts\/171951","targetHints":{"allow":["GET"]}}],"collection":[{"href":"https:\/\/www.webdo.tn\/fr\/wp-json\/wp\/v2\/posts"}],"about":[{"href":"https:\/\/www.webdo.tn\/fr\/wp-json\/wp\/v2\/types\/post"}],"author":[{"embeddable":true,"href":"https:\/\/www.webdo.tn\/fr\/wp-json\/wp\/v2\/users\/3222"}],"replies":[{"embeddable":true,"href":"https:\/\/www.webdo.tn\/fr\/wp-json\/wp\/v2\/comments?post=171951"}],"version-history":[{"count":0,"href":"https:\/\/www.webdo.tn\/fr\/wp-json\/wp\/v2\/posts\/171951\/revisions"}],"wp:featuredmedia":[{"embeddable":true,"href":"https:\/\/www.webdo.tn\/fr\/wp-json\/wp\/v2\/media\/333579"}],"wp:attachment":[{"href":"https:\/\/www.webdo.tn\/fr\/wp-json\/wp\/v2\/media?parent=171951"}],"wp:term":[{"taxonomy":"category","embeddable":true,"href":"https:\/\/www.webdo.tn\/fr\/wp-json\/wp\/v2\/categories?post=171951"},{"taxonomy":"post_tag","embeddable":true,"href":"https:\/\/www.webdo.tn\/fr\/wp-json\/wp\/v2\/tags?post=171951"}],"curies":[{"name":"wp","href":"https:\/\/api.w.org\/{rel}","templated":true}]}}