{"id":170828,"date":"2013-06-22T11:07:00","date_gmt":"2013-06-22T11:07:00","guid":{"rendered":"https:\/\/www.webdo.tn\/fr\/blog\/affaire-adel-dridi-les-autorites-assument-elles-les-consequences-de-larnaque\/170828\/"},"modified":"2025-06-04T18:43:16","modified_gmt":"2025-06-04T18:43:16","slug":"affaire-adel-dridi-les-autorites-assument-elles-les-consequences-de-larnaque","status":"publish","type":"post","link":"https:\/\/www.webdo.tn\/fr\/actualite\/national\/affaire-adel-dridi-les-autorites-assument-elles-les-consequences-de-larnaque\/170828\/","title":{"rendered":"Affaire Adel Dridi &#8211; Les autorit\u00e9s doivent-elles assumer les cons\u00e9quences de l\u2019arnaque?"},"content":{"rendered":"<p>L\u2019affaire remonte, en fait, \u00e0 plus de 3 mois. Adel Dridi, fondateur d\u2019une soci\u00e9t\u00e9 d\u2019investissement appel\u00e9e \u00abYousr Ettanmia\u00bb, avait \u00e9t\u00e9 interpell\u00e9 par les autorit\u00e9s judiciaires en vertu d\u2019une plainte d\u00e9pos\u00e9e par la Banque Centrale. Il lui \u00e9tait reproch\u00e9 le fait de s\u2019adonner illicitement \u00e0 une activit\u00e9 bancaire en proc\u00e9dant \u00e0 la collecte des d\u00e9p\u00f4ts et leur restitution \u00e0 des taux hallucinants.<\/p>\n<p>Au bout de quelques semaines, la r\u00e9mun\u00e9ration pouvait atteindre de 50 \u00e0 100% du montant du d\u00e9p\u00f4t. En attendant l\u2019aboutissement de la proc\u00e9dure, le juge d\u2019instruction avait pris des mesures pr\u00e9ventives consistant \u00e0 geler les comptes et avoirs de la soci\u00e9t\u00e9 et de son promoteur et \u00e0 interdire \u00e0 ce dernier de quitter le territoire.<\/p>\n<p>Selon les rumeurs, relay\u00e9es hier sur les r\u00e9seaux sociaux, Adel Dridi aurait pris la fuite vers une destination inconnue. Mais cette rumeur a \u00e9t\u00e9 vite d\u00e9mentie par le vice-procureur aupr\u00e8s du p\u00f4le judiciaire, Mr Sadok El Amri, non pas sur la base du fait que les autorit\u00e9s l\u2019ont sous les yeux mais en raison de l\u2019interdiction qui lui est fa\u00eete de quitter le territoire voire le Grand-Tunis.<\/p>\n<p>Cependant, rien n\u2019exclut l\u2019hypoth\u00e8se de la fuite malgr\u00e9 cette mesure d\u2019interdiction. Les autorit\u00e9s doivent cependant s\u2019assurer qu\u2019il n\u2019a pas quitt\u00e9 le pays. En effet, il est arriv\u00e9 de par le pass\u00e9, la transgression des interdictions administratives surtout lorsque l\u2019affaire est un d\u00e9lit tr\u00e8s grave. C\u2019est le cas de cette affaire o\u00f9 \u00e0 c\u00f4t\u00e9 du non respect des dispositions de la loi sur les activit\u00e9s bancaires et financi\u00e8res, il existe une suspicion l\u00e9gitime quant \u00e0 l\u2019origine des fonds et leur utilisation et un risque d\u2019arnaque potentiel.<\/p>\n<p>S\u2019agissant de la violation de la r\u00e9glementation bancaire, l\u2019article 14 de la loi sur les \u00e9tablissements de cr\u00e9dit dispose qu\u2019il est strictement interdit \u00e0 toute personne de s\u2019adonner \u00e0 des op\u00e9rations de banque et d\u2019exercer des activit\u00e9s financi\u00e8res sans y \u00eatre autoris\u00e9e par agr\u00e9ment sp\u00e9cifique. La collecte des d\u00e9p\u00f4ts \u00e9tant une activit\u00e9 bancaire par excellence, toute personne voulant s\u2019y adonner doit disposer de l\u2019agr\u00e9ment requis.<\/p>\n<p>Mais dans une \u00e9mission radiophonique diffus\u00e9e en mars dernier, Adel Dridi avait pr\u00e9tendu qu\u2019il ne collectait pas les d\u00e9p\u00f4ts mais offrait des services d\u2019investissement en utilisant l\u2019argent du public dans des projets \u00e0 rentabilit\u00e9 \u00e9lev\u00e9e sans jamais vouloir les citer. Le fait de garder le silence sur ces emplois est en soi un motif de suspicion en vertu de la loi sur la lutte contre le blanchiment et le financement du terrorisme. Selon cette loi, tout doit \u00eatre transparent et tout doit \u00eatre r\u00e9gulier.<\/p>\n<p>L\u2019on se demande, en effet, quel type de projet, par ces moments de crise et de r\u00e9cession, pourrait rapporter en si peu de temps l\u2019\u00e9quivalent des capitaux investis ? Il faut \u00eatre na\u00eff, n\u00e9 de la derni\u00e8re pluie, pour y croire.<\/p>\n<p>Les \u00e9pargnants ne s\u2019int\u00e9ressent pas tellement \u00e0 ces aspects pr\u00e9occupants sous l\u2019angle des dispositions d\u2019ordre public. Ce qui compte pour eux est la r\u00e9mun\u00e9ration all\u00e9chante qui n\u2019a pas son \u00e9quivalent ni sur le march\u00e9 mon\u00e9taire et financier ni sur d\u2019autres march\u00e9s, y compris l\u2019immobilier dont la tendance inflationniste est encore \u00e0 la hausse, et le march\u00e9 de l\u2019or qui a recouvr\u00e9 ses lettres de noblesse.<\/p>\n<p>Cependant, aussi tentante soit la contrepartie de l\u2019investissement, sa mise \u00e0 disposition n\u2019est pas s\u00e9curis\u00e9e et les autorit\u00e9s ne peuvent pas la garantir de la m\u00eame mani\u00e8re qu\u2019elles ne peuvent pas garantir la restitution des fonds.<br \/>\nLa Banque centrale a quand m\u00eame averti le public par un communiqu\u00e9 laconique o\u00f9 elle rappelle les dispositions de la loi sans insister, comme il se doit sur le risque appr\u00e9hend\u00e9.<\/p>\n<p>D\u2019ailleurs, ce risque constitue la hantise des \u00e9pargnants puisqu\u2019\u00e0 chaque bobard faisant \u00e9tat de la fuite de Adel Dridi ou de la fermeture de sa soci\u00e9t\u00e9, ils se rassemblent pas milliers pour demander l\u2019intervention de l\u2019Etat et plus pr\u00e9cis\u00e9ment de la Banque centrale. Celle-ci, qui n\u2019assume pas la responsabilit\u00e9 de l\u2019insolvabilit\u00e9 ou de la malveillance des faux intervenants, a quand m\u00eame la responsabilit\u00e9 de mettre en liquidation toute entreprise qui n\u2019est pas en conformit\u00e9 avec la loi sur les \u00e9tablissements de cr\u00e9dit.<\/p>\n<p>A un autre niveau, l\u2019enqu\u00eate pr\u00e9liminaire devait commencer par confisquer, mettre sous scell\u00e9s et interdire toute activit\u00e9 de la part de la soci\u00e9t\u00e9 qui, outre la l\u00e9gitimit\u00e9 de la suspicion, n\u2019a aucune qualit\u00e9 \u00e0 intervenir sur le march\u00e9. La laisser faire malgr\u00e9 la gravit\u00e9 du risque n\u2019exclut pas la responsabilit\u00e9 de l\u2019Etat en faveur des \u00e9ventuelles victimes.<\/p>\n","protected":false},"excerpt":{"rendered":"<p>Affaire Adel Dridi &#8211; Les autorit\u00e9s doivent-elles assumer les cons\u00e9quences de l\u2019arnaque?<\/p>\n","protected":false},"author":3222,"featured_media":334454,"comment_status":"open","ping_status":"closed","sticky":false,"template":"","format":"standard","meta":{"footnotes":""},"categories":[44],"tags":[],"class_list":["post-170828","post","type-post","status-publish","format-standard","has-post-thumbnail","hentry","category-national"],"yoast_head":"<!-- This site is optimized with the Yoast SEO Premium plugin v27.5 (Yoast SEO v27.5) - https:\/\/yoast.com\/product\/yoast-seo-premium-wordpress\/ -->\n<title>Affaire Adel Dridi - Les autorit\u00e9s doivent-elles assumer les cons\u00e9quences de l\u2019arnaque?<\/title>\n<meta name=\"description\" content=\"Affaire Adel Dridi - Les autorit\u00e9s doivent-elles assumer les cons\u00e9quences de l\u2019arnaque?\" \/>\n<link rel=\"canonical\" href=\"https:\/\/www.webdo.tn\/fr\/actualite\/national\/affaire-adel-dridi-les-autorites-assument-elles-les-consequences-de-larnaque\/170828\/\" \/>\n<meta property=\"og:locale\" content=\"fr_FR\" \/>\n<meta property=\"og:type\" content=\"article\" \/>\n<meta property=\"og:title\" content=\"Affaire Adel Dridi - Les autorit\u00e9s doivent-elles assumer les cons\u00e9quences de l\u2019arnaque?\" \/>\n<meta property=\"og:description\" content=\"Affaire Adel Dridi - Les autorit\u00e9s doivent-elles assumer les cons\u00e9quences de l\u2019arnaque?\" \/>\n<meta property=\"og:url\" content=\"https:\/\/www.webdo.tn\/fr\/actualite\/national\/affaire-adel-dridi-les-autorites-assument-elles-les-consequences-de-larnaque\/170828\/\" \/>\n<meta property=\"og:site_name\" content=\"webdo\" \/>\n<meta property=\"article:publisher\" content=\"https:\/\/www.facebook.com\/webdotn\" \/>\n<meta property=\"article:published_time\" content=\"2013-06-22T11:07:00+00:00\" \/>\n<meta property=\"article:modified_time\" content=\"2025-06-04T18:43:16+00:00\" \/>\n<meta property=\"og:image\" content=\"https:\/\/www.webdo.tn\/fr\/wp-content\/uploads\/2013\/06\/Adel-Dridi-photo-MFM.jpg\" \/>\n\t<meta property=\"og:image:width\" content=\"200\" \/>\n\t<meta property=\"og:image:height\" content=\"240\" \/>\n\t<meta property=\"og:image:type\" content=\"image\/jpeg\" \/>\n<meta name=\"author\" content=\"webdo.tn\" \/>\n<meta name=\"twitter:card\" content=\"summary_large_image\" \/>\n<meta name=\"twitter:creator\" content=\"@webdo_tn\" \/>\n<meta name=\"twitter:site\" content=\"@webdo_tn\" \/>\n<meta name=\"twitter:label1\" content=\"\u00c9crit par\" \/>\n\t<meta name=\"twitter:data1\" content=\"webdo.tn\" \/>\n\t<meta name=\"twitter:label2\" content=\"Dur\u00e9e de lecture estim\u00e9e\" \/>\n\t<meta name=\"twitter:data2\" content=\"4 minutes\" \/>\n<script type=\"application\/ld+json\" class=\"yoast-schema-graph\">{\"@context\":\"https:\\\/\\\/schema.org\",\"@graph\":[{\"@type\":\"NewsArticle\",\"@id\":\"https:\\\/\\\/www.webdo.tn\\\/fr\\\/actualite\\\/national\\\/affaire-adel-dridi-les-autorites-assument-elles-les-consequences-de-larnaque\\\/170828\\\/#article\",\"isPartOf\":{\"@id\":\"https:\\\/\\\/www.webdo.tn\\\/fr\\\/actualite\\\/national\\\/affaire-adel-dridi-les-autorites-assument-elles-les-consequences-de-larnaque\\\/170828\\\/\"},\"author\":{\"name\":\"webdo.tn\",\"@id\":\"https:\\\/\\\/www.webdo.tn\\\/fr\\\/#\\\/schema\\\/person\\\/9a9c6118d687c117df8ef3cc36a4d175\"},\"headline\":\"Affaire Adel Dridi &#8211; Les autorit\u00e9s doivent-elles assumer les cons\u00e9quences de l\u2019arnaque?\",\"datePublished\":\"2013-06-22T11:07:00+00:00\",\"dateModified\":\"2025-06-04T18:43:16+00:00\",\"mainEntityOfPage\":{\"@id\":\"https:\\\/\\\/www.webdo.tn\\\/fr\\\/actualite\\\/national\\\/affaire-adel-dridi-les-autorites-assument-elles-les-consequences-de-larnaque\\\/170828\\\/\"},\"wordCount\":847,\"commentCount\":0,\"publisher\":{\"@id\":\"https:\\\/\\\/www.webdo.tn\\\/fr\\\/#organization\"},\"image\":{\"@id\":\"https:\\\/\\\/www.webdo.tn\\\/fr\\\/actualite\\\/national\\\/affaire-adel-dridi-les-autorites-assument-elles-les-consequences-de-larnaque\\\/170828\\\/#primaryimage\"},\"thumbnailUrl\":\"https:\\\/\\\/www.webdo.tn\\\/fr\\\/wp-content\\\/uploads\\\/2013\\\/06\\\/Adel-Dridi-photo-MFM.jpg\",\"articleSection\":[\"National\"],\"inLanguage\":\"fr-FR\"},{\"@type\":\"WebPage\",\"@id\":\"https:\\\/\\\/www.webdo.tn\\\/fr\\\/actualite\\\/national\\\/affaire-adel-dridi-les-autorites-assument-elles-les-consequences-de-larnaque\\\/170828\\\/\",\"url\":\"https:\\\/\\\/www.webdo.tn\\\/fr\\\/actualite\\\/national\\\/affaire-adel-dridi-les-autorites-assument-elles-les-consequences-de-larnaque\\\/170828\\\/\",\"name\":\"Affaire Adel Dridi - Les autorit\u00e9s doivent-elles assumer les cons\u00e9quences de l\u2019arnaque?\",\"isPartOf\":{\"@id\":\"https:\\\/\\\/www.webdo.tn\\\/fr\\\/#website\"},\"primaryImageOfPage\":{\"@id\":\"https:\\\/\\\/www.webdo.tn\\\/fr\\\/actualite\\\/national\\\/affaire-adel-dridi-les-autorites-assument-elles-les-consequences-de-larnaque\\\/170828\\\/#primaryimage\"},\"image\":{\"@id\":\"https:\\\/\\\/www.webdo.tn\\\/fr\\\/actualite\\\/national\\\/affaire-adel-dridi-les-autorites-assument-elles-les-consequences-de-larnaque\\\/170828\\\/#primaryimage\"},\"thumbnailUrl\":\"https:\\\/\\\/www.webdo.tn\\\/fr\\\/wp-content\\\/uploads\\\/2013\\\/06\\\/Adel-Dridi-photo-MFM.jpg\",\"datePublished\":\"2013-06-22T11:07:00+00:00\",\"dateModified\":\"2025-06-04T18:43:16+00:00\",\"description\":\"Affaire Adel Dridi - Les autorit\u00e9s doivent-elles assumer les cons\u00e9quences de l\u2019arnaque?\",\"breadcrumb\":{\"@id\":\"https:\\\/\\\/www.webdo.tn\\\/fr\\\/actualite\\\/national\\\/affaire-adel-dridi-les-autorites-assument-elles-les-consequences-de-larnaque\\\/170828\\\/#breadcrumb\"},\"inLanguage\":\"fr-FR\",\"potentialAction\":[{\"@type\":\"ReadAction\",\"target\":[\"https:\\\/\\\/www.webdo.tn\\\/fr\\\/actualite\\\/national\\\/affaire-adel-dridi-les-autorites-assument-elles-les-consequences-de-larnaque\\\/170828\\\/\"]}]},{\"@type\":\"ImageObject\",\"inLanguage\":\"fr-FR\",\"@id\":\"https:\\\/\\\/www.webdo.tn\\\/fr\\\/actualite\\\/national\\\/affaire-adel-dridi-les-autorites-assument-elles-les-consequences-de-larnaque\\\/170828\\\/#primaryimage\",\"url\":\"https:\\\/\\\/www.webdo.tn\\\/fr\\\/wp-content\\\/uploads\\\/2013\\\/06\\\/Adel-Dridi-photo-MFM.jpg\",\"contentUrl\":\"https:\\\/\\\/www.webdo.tn\\\/fr\\\/wp-content\\\/uploads\\\/2013\\\/06\\\/Adel-Dridi-photo-MFM.jpg\",\"width\":200,\"height\":240,\"caption\":\"Affaire Adel Dridi - Les autorit\u00e9s doivent-elles assumer les cons\u00e9quences de l\u2019arnaque?\"},{\"@type\":\"BreadcrumbList\",\"@id\":\"https:\\\/\\\/www.webdo.tn\\\/fr\\\/actualite\\\/national\\\/affaire-adel-dridi-les-autorites-assument-elles-les-consequences-de-larnaque\\\/170828\\\/#breadcrumb\",\"itemListElement\":[{\"@type\":\"ListItem\",\"position\":1,\"name\":\"Accueil\",\"item\":\"https:\\\/\\\/www.webdo.tn\\\/fr\\\/\"},{\"@type\":\"ListItem\",\"position\":2,\"name\":\"Affaire Adel Dridi &#8211; Les autorit\u00e9s doivent-elles assumer les cons\u00e9quences de l\u2019arnaque?\"}]},{\"@type\":\"WebSite\",\"@id\":\"https:\\\/\\\/www.webdo.tn\\\/fr\\\/#website\",\"url\":\"https:\\\/\\\/www.webdo.tn\\\/fr\\\/\",\"name\":\"webdo\",\"description\":\"Tunisie - News en Tunisie et \u00e0 l&#039;international sur Webdo.tn\",\"publisher\":{\"@id\":\"https:\\\/\\\/www.webdo.tn\\\/fr\\\/#organization\"},\"potentialAction\":[{\"@type\":\"SearchAction\",\"target\":{\"@type\":\"EntryPoint\",\"urlTemplate\":\"https:\\\/\\\/www.webdo.tn\\\/fr\\\/?s={search_term_string}\"},\"query-input\":{\"@type\":\"PropertyValueSpecification\",\"valueRequired\":true,\"valueName\":\"search_term_string\"}}],\"inLanguage\":\"fr-FR\"},{\"@type\":\"Organization\",\"@id\":\"https:\\\/\\\/www.webdo.tn\\\/fr\\\/#organization\",\"name\":\"Webdo\",\"alternateName\":\"Webdo.tn\",\"url\":\"https:\\\/\\\/www.webdo.tn\\\/fr\\\/\",\"logo\":{\"@type\":\"ImageObject\",\"inLanguage\":\"fr-FR\",\"@id\":\"https:\\\/\\\/www.webdo.tn\\\/fr\\\/#\\\/schema\\\/logo\\\/image\\\/\",\"url\":\"https:\\\/\\\/www.webdo.tn\\\/fr\\\/wp-content\\\/uploads\\\/2025\\\/06\\\/Webdo-Tunisie_168377.jpg\",\"contentUrl\":\"https:\\\/\\\/www.webdo.tn\\\/fr\\\/wp-content\\\/uploads\\\/2025\\\/06\\\/Webdo-Tunisie_168377.jpg\",\"width\":301,\"height\":301,\"caption\":\"Webdo\"},\"image\":{\"@id\":\"https:\\\/\\\/www.webdo.tn\\\/fr\\\/#\\\/schema\\\/logo\\\/image\\\/\"},\"sameAs\":[\"https:\\\/\\\/www.facebook.com\\\/webdotn\",\"https:\\\/\\\/x.com\\\/webdo_tn\"],\"description\":\"Webdo est un m\u00e9dia num\u00e9rique tunisien fond\u00e9 en 2010, sp\u00e9cialis\u00e9 dans l\u2019actualit\u00e9 nationale et internationale, l\u2019\u00e9conomie, la soci\u00e9t\u00e9 et les analyses politiques. Le site s\u2019adresse \u00e0 un large public francophone et couvre l\u2019information tunisienne en temps r\u00e9el.\",\"email\":\"redac@webdo.tn\",\"legalName\":\"YNJ SARL\",\"foundingDate\":\"2010-09-06\",\"numberOfEmployees\":{\"@type\":\"QuantitativeValue\",\"minValue\":\"11\",\"maxValue\":\"50\"}},{\"@type\":\"Person\",\"@id\":\"https:\\\/\\\/www.webdo.tn\\\/fr\\\/#\\\/schema\\\/person\\\/9a9c6118d687c117df8ef3cc36a4d175\",\"name\":\"webdo.tn\",\"image\":{\"@type\":\"ImageObject\",\"inLanguage\":\"fr-FR\",\"@id\":\"https:\\\/\\\/secure.gravatar.com\\\/avatar\\\/7ce1f28c0c3bbac99ff550b85ef8e44a6950c6ee24514fb6a5489e51d06f0298?s=96&d=mm&r=g\",\"url\":\"https:\\\/\\\/secure.gravatar.com\\\/avatar\\\/7ce1f28c0c3bbac99ff550b85ef8e44a6950c6ee24514fb6a5489e51d06f0298?s=96&d=mm&r=g\",\"contentUrl\":\"https:\\\/\\\/secure.gravatar.com\\\/avatar\\\/7ce1f28c0c3bbac99ff550b85ef8e44a6950c6ee24514fb6a5489e51d06f0298?s=96&d=mm&r=g\",\"caption\":\"webdo.tn\"},\"url\":\"https:\\\/\\\/www.webdo.tn\\\/fr\\\/actualite\\\/author\\\/webdotn\\\/\"}]}<\/script>\n<!-- \/ Yoast SEO Premium plugin. -->","yoast_head_json":{"title":"Affaire Adel Dridi - Les autorit\u00e9s doivent-elles assumer les cons\u00e9quences de l\u2019arnaque?","description":"Affaire Adel Dridi - Les autorit\u00e9s doivent-elles assumer les cons\u00e9quences de l\u2019arnaque?","canonical":"https:\/\/www.webdo.tn\/fr\/actualite\/national\/affaire-adel-dridi-les-autorites-assument-elles-les-consequences-de-larnaque\/170828\/","og_locale":"fr_FR","og_type":"article","og_title":"Affaire Adel Dridi - Les autorit\u00e9s doivent-elles assumer les cons\u00e9quences de l\u2019arnaque?","og_description":"Affaire Adel Dridi - Les autorit\u00e9s doivent-elles assumer les cons\u00e9quences de l\u2019arnaque?","og_url":"https:\/\/www.webdo.tn\/fr\/actualite\/national\/affaire-adel-dridi-les-autorites-assument-elles-les-consequences-de-larnaque\/170828\/","og_site_name":"webdo","article_publisher":"https:\/\/www.facebook.com\/webdotn","article_published_time":"2013-06-22T11:07:00+00:00","article_modified_time":"2025-06-04T18:43:16+00:00","og_image":[{"width":200,"height":240,"url":"https:\/\/www.webdo.tn\/fr\/wp-content\/uploads\/2013\/06\/Adel-Dridi-photo-MFM.jpg","type":"image\/jpeg"}],"author":"webdo.tn","twitter_card":"summary_large_image","twitter_creator":"@webdo_tn","twitter_site":"@webdo_tn","twitter_misc":{"\u00c9crit par":"webdo.tn","Dur\u00e9e de lecture estim\u00e9e":"4 minutes"},"schema":{"@context":"https:\/\/schema.org","@graph":[{"@type":"NewsArticle","@id":"https:\/\/www.webdo.tn\/fr\/actualite\/national\/affaire-adel-dridi-les-autorites-assument-elles-les-consequences-de-larnaque\/170828\/#article","isPartOf":{"@id":"https:\/\/www.webdo.tn\/fr\/actualite\/national\/affaire-adel-dridi-les-autorites-assument-elles-les-consequences-de-larnaque\/170828\/"},"author":{"name":"webdo.tn","@id":"https:\/\/www.webdo.tn\/fr\/#\/schema\/person\/9a9c6118d687c117df8ef3cc36a4d175"},"headline":"Affaire Adel Dridi &#8211; Les autorit\u00e9s doivent-elles assumer les cons\u00e9quences de l\u2019arnaque?","datePublished":"2013-06-22T11:07:00+00:00","dateModified":"2025-06-04T18:43:16+00:00","mainEntityOfPage":{"@id":"https:\/\/www.webdo.tn\/fr\/actualite\/national\/affaire-adel-dridi-les-autorites-assument-elles-les-consequences-de-larnaque\/170828\/"},"wordCount":847,"commentCount":0,"publisher":{"@id":"https:\/\/www.webdo.tn\/fr\/#organization"},"image":{"@id":"https:\/\/www.webdo.tn\/fr\/actualite\/national\/affaire-adel-dridi-les-autorites-assument-elles-les-consequences-de-larnaque\/170828\/#primaryimage"},"thumbnailUrl":"https:\/\/www.webdo.tn\/fr\/wp-content\/uploads\/2013\/06\/Adel-Dridi-photo-MFM.jpg","articleSection":["National"],"inLanguage":"fr-FR"},{"@type":"WebPage","@id":"https:\/\/www.webdo.tn\/fr\/actualite\/national\/affaire-adel-dridi-les-autorites-assument-elles-les-consequences-de-larnaque\/170828\/","url":"https:\/\/www.webdo.tn\/fr\/actualite\/national\/affaire-adel-dridi-les-autorites-assument-elles-les-consequences-de-larnaque\/170828\/","name":"Affaire Adel Dridi - Les autorit\u00e9s doivent-elles assumer les cons\u00e9quences de l\u2019arnaque?","isPartOf":{"@id":"https:\/\/www.webdo.tn\/fr\/#website"},"primaryImageOfPage":{"@id":"https:\/\/www.webdo.tn\/fr\/actualite\/national\/affaire-adel-dridi-les-autorites-assument-elles-les-consequences-de-larnaque\/170828\/#primaryimage"},"image":{"@id":"https:\/\/www.webdo.tn\/fr\/actualite\/national\/affaire-adel-dridi-les-autorites-assument-elles-les-consequences-de-larnaque\/170828\/#primaryimage"},"thumbnailUrl":"https:\/\/www.webdo.tn\/fr\/wp-content\/uploads\/2013\/06\/Adel-Dridi-photo-MFM.jpg","datePublished":"2013-06-22T11:07:00+00:00","dateModified":"2025-06-04T18:43:16+00:00","description":"Affaire Adel Dridi - Les autorit\u00e9s doivent-elles assumer les cons\u00e9quences de l\u2019arnaque?","breadcrumb":{"@id":"https:\/\/www.webdo.tn\/fr\/actualite\/national\/affaire-adel-dridi-les-autorites-assument-elles-les-consequences-de-larnaque\/170828\/#breadcrumb"},"inLanguage":"fr-FR","potentialAction":[{"@type":"ReadAction","target":["https:\/\/www.webdo.tn\/fr\/actualite\/national\/affaire-adel-dridi-les-autorites-assument-elles-les-consequences-de-larnaque\/170828\/"]}]},{"@type":"ImageObject","inLanguage":"fr-FR","@id":"https:\/\/www.webdo.tn\/fr\/actualite\/national\/affaire-adel-dridi-les-autorites-assument-elles-les-consequences-de-larnaque\/170828\/#primaryimage","url":"https:\/\/www.webdo.tn\/fr\/wp-content\/uploads\/2013\/06\/Adel-Dridi-photo-MFM.jpg","contentUrl":"https:\/\/www.webdo.tn\/fr\/wp-content\/uploads\/2013\/06\/Adel-Dridi-photo-MFM.jpg","width":200,"height":240,"caption":"Affaire Adel Dridi - Les autorit\u00e9s doivent-elles assumer les cons\u00e9quences de l\u2019arnaque?"},{"@type":"BreadcrumbList","@id":"https:\/\/www.webdo.tn\/fr\/actualite\/national\/affaire-adel-dridi-les-autorites-assument-elles-les-consequences-de-larnaque\/170828\/#breadcrumb","itemListElement":[{"@type":"ListItem","position":1,"name":"Accueil","item":"https:\/\/www.webdo.tn\/fr\/"},{"@type":"ListItem","position":2,"name":"Affaire Adel Dridi &#8211; Les autorit\u00e9s doivent-elles assumer les cons\u00e9quences de l\u2019arnaque?"}]},{"@type":"WebSite","@id":"https:\/\/www.webdo.tn\/fr\/#website","url":"https:\/\/www.webdo.tn\/fr\/","name":"webdo","description":"Tunisie - News en Tunisie et \u00e0 l&#039;international sur Webdo.tn","publisher":{"@id":"https:\/\/www.webdo.tn\/fr\/#organization"},"potentialAction":[{"@type":"SearchAction","target":{"@type":"EntryPoint","urlTemplate":"https:\/\/www.webdo.tn\/fr\/?s={search_term_string}"},"query-input":{"@type":"PropertyValueSpecification","valueRequired":true,"valueName":"search_term_string"}}],"inLanguage":"fr-FR"},{"@type":"Organization","@id":"https:\/\/www.webdo.tn\/fr\/#organization","name":"Webdo","alternateName":"Webdo.tn","url":"https:\/\/www.webdo.tn\/fr\/","logo":{"@type":"ImageObject","inLanguage":"fr-FR","@id":"https:\/\/www.webdo.tn\/fr\/#\/schema\/logo\/image\/","url":"https:\/\/www.webdo.tn\/fr\/wp-content\/uploads\/2025\/06\/Webdo-Tunisie_168377.jpg","contentUrl":"https:\/\/www.webdo.tn\/fr\/wp-content\/uploads\/2025\/06\/Webdo-Tunisie_168377.jpg","width":301,"height":301,"caption":"Webdo"},"image":{"@id":"https:\/\/www.webdo.tn\/fr\/#\/schema\/logo\/image\/"},"sameAs":["https:\/\/www.facebook.com\/webdotn","https:\/\/x.com\/webdo_tn"],"description":"Webdo est un m\u00e9dia num\u00e9rique tunisien fond\u00e9 en 2010, sp\u00e9cialis\u00e9 dans l\u2019actualit\u00e9 nationale et internationale, l\u2019\u00e9conomie, la soci\u00e9t\u00e9 et les analyses politiques. Le site s\u2019adresse \u00e0 un large public francophone et couvre l\u2019information tunisienne en temps r\u00e9el.","email":"redac@webdo.tn","legalName":"YNJ SARL","foundingDate":"2010-09-06","numberOfEmployees":{"@type":"QuantitativeValue","minValue":"11","maxValue":"50"}},{"@type":"Person","@id":"https:\/\/www.webdo.tn\/fr\/#\/schema\/person\/9a9c6118d687c117df8ef3cc36a4d175","name":"webdo.tn","image":{"@type":"ImageObject","inLanguage":"fr-FR","@id":"https:\/\/secure.gravatar.com\/avatar\/7ce1f28c0c3bbac99ff550b85ef8e44a6950c6ee24514fb6a5489e51d06f0298?s=96&d=mm&r=g","url":"https:\/\/secure.gravatar.com\/avatar\/7ce1f28c0c3bbac99ff550b85ef8e44a6950c6ee24514fb6a5489e51d06f0298?s=96&d=mm&r=g","contentUrl":"https:\/\/secure.gravatar.com\/avatar\/7ce1f28c0c3bbac99ff550b85ef8e44a6950c6ee24514fb6a5489e51d06f0298?s=96&d=mm&r=g","caption":"webdo.tn"},"url":"https:\/\/www.webdo.tn\/fr\/actualite\/author\/webdotn\/"}]}},"_links":{"self":[{"href":"https:\/\/www.webdo.tn\/fr\/wp-json\/wp\/v2\/posts\/170828","targetHints":{"allow":["GET"]}}],"collection":[{"href":"https:\/\/www.webdo.tn\/fr\/wp-json\/wp\/v2\/posts"}],"about":[{"href":"https:\/\/www.webdo.tn\/fr\/wp-json\/wp\/v2\/types\/post"}],"author":[{"embeddable":true,"href":"https:\/\/www.webdo.tn\/fr\/wp-json\/wp\/v2\/users\/3222"}],"replies":[{"embeddable":true,"href":"https:\/\/www.webdo.tn\/fr\/wp-json\/wp\/v2\/comments?post=170828"}],"version-history":[{"count":0,"href":"https:\/\/www.webdo.tn\/fr\/wp-json\/wp\/v2\/posts\/170828\/revisions"}],"wp:featuredmedia":[{"embeddable":true,"href":"https:\/\/www.webdo.tn\/fr\/wp-json\/wp\/v2\/media\/334454"}],"wp:attachment":[{"href":"https:\/\/www.webdo.tn\/fr\/wp-json\/wp\/v2\/media?parent=170828"}],"wp:term":[{"taxonomy":"category","embeddable":true,"href":"https:\/\/www.webdo.tn\/fr\/wp-json\/wp\/v2\/categories?post=170828"},{"taxonomy":"post_tag","embeddable":true,"href":"https:\/\/www.webdo.tn\/fr\/wp-json\/wp\/v2\/tags?post=170828"}],"curies":[{"name":"wp","href":"https:\/\/api.w.org\/{rel}","templated":true}]}}