{"id":170574,"date":"2013-09-24T19:43:00","date_gmt":"2013-09-24T19:43:00","guid":{"rendered":"https:\/\/www.webdo.tn\/fr\/blog\/les-petards-et-les-fumigenes-confisques-les-coupables-arretes\/170574\/"},"modified":"2025-05-19T11:19:22","modified_gmt":"2025-05-19T11:19:22","slug":"les-petards-et-les-fumigenes-confisques-les-coupables-arretes","status":"publish","type":"post","link":"https:\/\/www.webdo.tn\/fr\/actualite\/national\/les-petards-et-les-fumigenes-confisques-les-coupables-arretes\/170574\/","title":{"rendered":"Les p\u00e9tards et les fumig\u00e8nes confisqu\u00e9s, les coupables arr\u00eat\u00e9s !"},"content":{"rendered":"<p>La parano\u00efa serait-elle de prendre les tripes des Tunisiens ? Il faut dire que l\u2019\u00e9chec patent des n\u00e9gociations politiques a cr\u00e9\u00e9 une tr\u00e8s grande tension dans le pays, provoquant un stress insupportable pour bon nombre de citoyens. Il faut dire que beaucoup craignent une d\u00e9flagration de la situation qui entrerait alors dans un cycle infernal de violence politique.<\/p>\n<p>Ce stress est mont\u00e9 d\u2019un cran depuis quelques semaines avec le d\u00e9veloppement du ph\u00e9nom\u00e8ne des explosions des p\u00e9tards, des fumig\u00e8nes et des feux d\u2019artifice dans plusieurs quartiers de la capitale g\u00e9n\u00e9ralement la nuit entre 22h30 et 23h00, et m\u00eame parfois au petit matin vers 05h00, ce qui ne pouvait qu\u2019effrayer les citoyens. Certains parmi ces derniers y ont m\u00eame vu une sorte de \u00ab pr\u00e9paration \u00bb et \u00ab d\u2019accoutumance \u00bb \u00e0 un \u00e9ventuel usage des armes \u00e0 feu dans une proche p\u00e9riode, certains pronostiquant une \u00e9ventuelle guerre civile. Certains ont m\u00eame avanc\u00e9 que ce proc\u00e9d\u00e9 a \u00e9t\u00e9 d\u00e9j\u00e0 utilis\u00e9 au Liban pour \u00ab familiariser \u00bb les citoyens avec les tirs par armes \u00e0 feu.<\/p>\n<p>Plusieurs t\u00e9moignages de citoyens, notamment celui d\u2019une femme dans la capitale, ont vu des individus qui faisaient exploser ces p\u00e9tards et ces fumig\u00e8nes et prendre la fuite \u00e0 bord d\u2018une camionnette.<\/p>\n<p>A ce propos, le minist\u00e8re de l\u2019Int\u00e9rieur vient d\u2019annoncer sur sa page Facebook, info reprise par la TAP, l\u2019arrestation de plusieurs individus qui sont derri\u00e8re ce trafic de ces p\u00e9tards et fumig\u00e8nes ainsi que ceux qui les utilisent et tout le mat\u00e9riel servant \u00e0 la contrebande. Par ailleurs, la police a r\u00e9ussi \u00e0 confisquer 713796 pi\u00e8ces et 94 bo\u00eetes de p\u00e9tards, 6657 pi\u00e8ces et 1172 bo\u00eetes de fumig\u00e8nes et 1500 feux d\u2019artifice.<\/p>\n<p>Esp\u00e9rons que la police ne l\u00e2chera pas sa vigilance envers ces imb\u00e9ciles qui veulent cr\u00e9er une sensation de panique parmi leurs compatriotes, d\u00e9j\u00e0 au moral dans les chaussettes dans ce contexte quasi-chaotique.<\/p>\n","protected":false},"excerpt":{"rendered":"<p>Les p\u00e9tards et les fumig\u00e8nes confisqu\u00e9s, les coupables arr\u00eat\u00e9s !<\/p>\n","protected":false},"author":3222,"featured_media":322481,"comment_status":"open","ping_status":"closed","sticky":false,"template":"","format":"standard","meta":{"footnotes":""},"categories":[44],"tags":[2600],"class_list":["post-170574","post","type-post","status-publish","format-standard","has-post-thumbnail","hentry","category-national","tag-guerre"],"yoast_head":"<!-- This site is optimized with the Yoast SEO Premium plugin v27.5 (Yoast SEO v27.5) - https:\/\/yoast.com\/product\/yoast-seo-premium-wordpress\/ -->\n<title>Les p\u00e9tards et les fumig\u00e8nes confisqu\u00e9s, les coupables arr\u00eat\u00e9s !<\/title>\n<meta name=\"description\" content=\"Les p\u00e9tards et les fumig\u00e8nes confisqu\u00e9s, les coupables arr\u00eat\u00e9s !\" \/>\n<link rel=\"canonical\" href=\"https:\/\/www.webdo.tn\/fr\/actualite\/national-45\/les-petards-et-les-fumigenes-confisques-les-coupables-arretes\/170574\/\" \/>\n<meta property=\"og:locale\" content=\"fr_FR\" \/>\n<meta property=\"og:type\" content=\"article\" \/>\n<meta property=\"og:title\" content=\"Les p\u00e9tards et les fumig\u00e8nes confisqu\u00e9s, les coupables arr\u00eat\u00e9s !\" \/>\n<meta property=\"og:description\" content=\"Les p\u00e9tards et les fumig\u00e8nes confisqu\u00e9s, les coupables arr\u00eat\u00e9s !\" \/>\n<meta property=\"og:url\" content=\"https:\/\/www.webdo.tn\/fr\/actualite\/national-45\/les-petards-et-les-fumigenes-confisques-les-coupables-arretes\/170574\/\" \/>\n<meta property=\"og:site_name\" content=\"webdo\" \/>\n<meta property=\"article:publisher\" content=\"https:\/\/www.facebook.com\/webdotn\" \/>\n<meta property=\"article:published_time\" content=\"2013-09-24T19:43:00+00:00\" \/>\n<meta property=\"article:modified_time\" content=\"2025-05-19T11:19:22+00:00\" \/>\n<meta property=\"og:image\" content=\"https:\/\/www.webdo.tn\/fr\/wp-content\/uploads\/2013\/09\/Petards-photo-Jean-Marc-Loos.jpg\" \/>\n\t<meta property=\"og:image:width\" content=\"373\" \/>\n\t<meta property=\"og:image:height\" content=\"250\" \/>\n\t<meta property=\"og:image:type\" content=\"image\/jpeg\" \/>\n<meta name=\"author\" content=\"webdo.tn\" \/>\n<meta name=\"twitter:card\" content=\"summary_large_image\" \/>\n<meta name=\"twitter:creator\" content=\"@webdo_tn\" \/>\n<meta name=\"twitter:site\" content=\"@webdo_tn\" \/>\n<meta name=\"twitter:label1\" content=\"\u00c9crit par\" \/>\n\t<meta name=\"twitter:data1\" content=\"webdo.tn\" \/>\n\t<meta name=\"twitter:label2\" content=\"Dur\u00e9e de lecture estim\u00e9e\" \/>\n\t<meta name=\"twitter:data2\" content=\"2 minutes\" \/>\n<script type=\"application\/ld+json\" class=\"yoast-schema-graph\">{\"@context\":\"https:\\\/\\\/schema.org\",\"@graph\":[{\"@type\":\"NewsArticle\",\"@id\":\"https:\\\/\\\/www.webdo.tn\\\/fr\\\/actualite\\\/national-45\\\/les-petards-et-les-fumigenes-confisques-les-coupables-arretes\\\/170574\\\/#article\",\"isPartOf\":{\"@id\":\"https:\\\/\\\/www.webdo.tn\\\/fr\\\/actualite\\\/national-45\\\/les-petards-et-les-fumigenes-confisques-les-coupables-arretes\\\/170574\\\/\"},\"author\":{\"name\":\"webdo.tn\",\"@id\":\"https:\\\/\\\/www.webdo.tn\\\/fr\\\/#\\\/schema\\\/person\\\/9a9c6118d687c117df8ef3cc36a4d175\"},\"headline\":\"Les p\u00e9tards et les fumig\u00e8nes confisqu\u00e9s, les coupables arr\u00eat\u00e9s !\",\"datePublished\":\"2013-09-24T19:43:00+00:00\",\"dateModified\":\"2025-05-19T11:19:22+00:00\",\"mainEntityOfPage\":{\"@id\":\"https:\\\/\\\/www.webdo.tn\\\/fr\\\/actualite\\\/national-45\\\/les-petards-et-les-fumigenes-confisques-les-coupables-arretes\\\/170574\\\/\"},\"wordCount\":353,\"commentCount\":0,\"publisher\":{\"@id\":\"https:\\\/\\\/www.webdo.tn\\\/fr\\\/#organization\"},\"image\":{\"@id\":\"https:\\\/\\\/www.webdo.tn\\\/fr\\\/actualite\\\/national-45\\\/les-petards-et-les-fumigenes-confisques-les-coupables-arretes\\\/170574\\\/#primaryimage\"},\"thumbnailUrl\":\"https:\\\/\\\/www.webdo.tn\\\/fr\\\/wp-content\\\/uploads\\\/2013\\\/09\\\/Petards-photo-Jean-Marc-Loos.jpg\",\"keywords\":[\"guerre\"],\"articleSection\":[\"National\"],\"inLanguage\":\"fr-FR\"},{\"@type\":\"WebPage\",\"@id\":\"https:\\\/\\\/www.webdo.tn\\\/fr\\\/actualite\\\/national-45\\\/les-petards-et-les-fumigenes-confisques-les-coupables-arretes\\\/170574\\\/\",\"url\":\"https:\\\/\\\/www.webdo.tn\\\/fr\\\/actualite\\\/national-45\\\/les-petards-et-les-fumigenes-confisques-les-coupables-arretes\\\/170574\\\/\",\"name\":\"Les p\u00e9tards et les fumig\u00e8nes confisqu\u00e9s, les coupables arr\u00eat\u00e9s !\",\"isPartOf\":{\"@id\":\"https:\\\/\\\/www.webdo.tn\\\/fr\\\/#website\"},\"primaryImageOfPage\":{\"@id\":\"https:\\\/\\\/www.webdo.tn\\\/fr\\\/actualite\\\/national-45\\\/les-petards-et-les-fumigenes-confisques-les-coupables-arretes\\\/170574\\\/#primaryimage\"},\"image\":{\"@id\":\"https:\\\/\\\/www.webdo.tn\\\/fr\\\/actualite\\\/national-45\\\/les-petards-et-les-fumigenes-confisques-les-coupables-arretes\\\/170574\\\/#primaryimage\"},\"thumbnailUrl\":\"https:\\\/\\\/www.webdo.tn\\\/fr\\\/wp-content\\\/uploads\\\/2013\\\/09\\\/Petards-photo-Jean-Marc-Loos.jpg\",\"datePublished\":\"2013-09-24T19:43:00+00:00\",\"dateModified\":\"2025-05-19T11:19:22+00:00\",\"description\":\"Les p\u00e9tards et les fumig\u00e8nes confisqu\u00e9s, les coupables arr\u00eat\u00e9s !\",\"breadcrumb\":{\"@id\":\"https:\\\/\\\/www.webdo.tn\\\/fr\\\/actualite\\\/national-45\\\/les-petards-et-les-fumigenes-confisques-les-coupables-arretes\\\/170574\\\/#breadcrumb\"},\"inLanguage\":\"fr-FR\",\"potentialAction\":[{\"@type\":\"ReadAction\",\"target\":[\"https:\\\/\\\/www.webdo.tn\\\/fr\\\/actualite\\\/national-45\\\/les-petards-et-les-fumigenes-confisques-les-coupables-arretes\\\/170574\\\/\"]}]},{\"@type\":\"ImageObject\",\"inLanguage\":\"fr-FR\",\"@id\":\"https:\\\/\\\/www.webdo.tn\\\/fr\\\/actualite\\\/national-45\\\/les-petards-et-les-fumigenes-confisques-les-coupables-arretes\\\/170574\\\/#primaryimage\",\"url\":\"https:\\\/\\\/www.webdo.tn\\\/fr\\\/wp-content\\\/uploads\\\/2013\\\/09\\\/Petards-photo-Jean-Marc-Loos.jpg\",\"contentUrl\":\"https:\\\/\\\/www.webdo.tn\\\/fr\\\/wp-content\\\/uploads\\\/2013\\\/09\\\/Petards-photo-Jean-Marc-Loos.jpg\",\"width\":373,\"height\":250,\"caption\":\"Les p\u00e9tards et les fumig\u00e8nes confisqu\u00e9s, les coupables arr\u00eat\u00e9s !\"},{\"@type\":\"BreadcrumbList\",\"@id\":\"https:\\\/\\\/www.webdo.tn\\\/fr\\\/actualite\\\/national-45\\\/les-petards-et-les-fumigenes-confisques-les-coupables-arretes\\\/170574\\\/#breadcrumb\",\"itemListElement\":[{\"@type\":\"ListItem\",\"position\":1,\"name\":\"Accueil\",\"item\":\"https:\\\/\\\/www.webdo.tn\\\/fr\\\/\"},{\"@type\":\"ListItem\",\"position\":2,\"name\":\"Les p\u00e9tards et les fumig\u00e8nes confisqu\u00e9s, les coupables arr\u00eat\u00e9s !\"}]},{\"@type\":\"WebSite\",\"@id\":\"https:\\\/\\\/www.webdo.tn\\\/fr\\\/#website\",\"url\":\"https:\\\/\\\/www.webdo.tn\\\/fr\\\/\",\"name\":\"webdo\",\"description\":\"Tunisie - News en Tunisie et \u00e0 l&#039;international sur Webdo.tn\",\"publisher\":{\"@id\":\"https:\\\/\\\/www.webdo.tn\\\/fr\\\/#organization\"},\"potentialAction\":[{\"@type\":\"SearchAction\",\"target\":{\"@type\":\"EntryPoint\",\"urlTemplate\":\"https:\\\/\\\/www.webdo.tn\\\/fr\\\/?s={search_term_string}\"},\"query-input\":{\"@type\":\"PropertyValueSpecification\",\"valueRequired\":true,\"valueName\":\"search_term_string\"}}],\"inLanguage\":\"fr-FR\"},{\"@type\":\"Organization\",\"@id\":\"https:\\\/\\\/www.webdo.tn\\\/fr\\\/#organization\",\"name\":\"Webdo\",\"alternateName\":\"Webdo.tn\",\"url\":\"https:\\\/\\\/www.webdo.tn\\\/fr\\\/\",\"logo\":{\"@type\":\"ImageObject\",\"inLanguage\":\"fr-FR\",\"@id\":\"https:\\\/\\\/www.webdo.tn\\\/fr\\\/#\\\/schema\\\/logo\\\/image\\\/\",\"url\":\"https:\\\/\\\/www.webdo.tn\\\/fr\\\/wp-content\\\/uploads\\\/2025\\\/06\\\/Webdo-Tunisie_168377.jpg\",\"contentUrl\":\"https:\\\/\\\/www.webdo.tn\\\/fr\\\/wp-content\\\/uploads\\\/2025\\\/06\\\/Webdo-Tunisie_168377.jpg\",\"width\":301,\"height\":301,\"caption\":\"Webdo\"},\"image\":{\"@id\":\"https:\\\/\\\/www.webdo.tn\\\/fr\\\/#\\\/schema\\\/logo\\\/image\\\/\"},\"sameAs\":[\"https:\\\/\\\/www.facebook.com\\\/webdotn\",\"https:\\\/\\\/x.com\\\/webdo_tn\"],\"description\":\"Webdo est un m\u00e9dia num\u00e9rique tunisien fond\u00e9 en 2010, sp\u00e9cialis\u00e9 dans l\u2019actualit\u00e9 nationale et internationale, l\u2019\u00e9conomie, la soci\u00e9t\u00e9 et les analyses politiques. Le site s\u2019adresse \u00e0 un large public francophone et couvre l\u2019information tunisienne en temps r\u00e9el.\",\"email\":\"redac@webdo.tn\",\"legalName\":\"YNJ SARL\",\"foundingDate\":\"2010-09-06\",\"numberOfEmployees\":{\"@type\":\"QuantitativeValue\",\"minValue\":\"11\",\"maxValue\":\"50\"}},{\"@type\":\"Person\",\"@id\":\"https:\\\/\\\/www.webdo.tn\\\/fr\\\/#\\\/schema\\\/person\\\/9a9c6118d687c117df8ef3cc36a4d175\",\"name\":\"webdo.tn\",\"image\":{\"@type\":\"ImageObject\",\"inLanguage\":\"fr-FR\",\"@id\":\"https:\\\/\\\/secure.gravatar.com\\\/avatar\\\/7ce1f28c0c3bbac99ff550b85ef8e44a6950c6ee24514fb6a5489e51d06f0298?s=96&d=mm&r=g\",\"url\":\"https:\\\/\\\/secure.gravatar.com\\\/avatar\\\/7ce1f28c0c3bbac99ff550b85ef8e44a6950c6ee24514fb6a5489e51d06f0298?s=96&d=mm&r=g\",\"contentUrl\":\"https:\\\/\\\/secure.gravatar.com\\\/avatar\\\/7ce1f28c0c3bbac99ff550b85ef8e44a6950c6ee24514fb6a5489e51d06f0298?s=96&d=mm&r=g\",\"caption\":\"webdo.tn\"},\"url\":\"https:\\\/\\\/www.webdo.tn\\\/fr\\\/actualite\\\/author\\\/webdotn\\\/\"}]}<\/script>\n<!-- \/ Yoast SEO Premium plugin. -->","yoast_head_json":{"title":"Les p\u00e9tards et les fumig\u00e8nes confisqu\u00e9s, les coupables arr\u00eat\u00e9s !","description":"Les p\u00e9tards et les fumig\u00e8nes confisqu\u00e9s, les coupables arr\u00eat\u00e9s !","canonical":"https:\/\/www.webdo.tn\/fr\/actualite\/national-45\/les-petards-et-les-fumigenes-confisques-les-coupables-arretes\/170574\/","og_locale":"fr_FR","og_type":"article","og_title":"Les p\u00e9tards et les fumig\u00e8nes confisqu\u00e9s, les coupables arr\u00eat\u00e9s !","og_description":"Les p\u00e9tards et les fumig\u00e8nes confisqu\u00e9s, les coupables arr\u00eat\u00e9s !","og_url":"https:\/\/www.webdo.tn\/fr\/actualite\/national-45\/les-petards-et-les-fumigenes-confisques-les-coupables-arretes\/170574\/","og_site_name":"webdo","article_publisher":"https:\/\/www.facebook.com\/webdotn","article_published_time":"2013-09-24T19:43:00+00:00","article_modified_time":"2025-05-19T11:19:22+00:00","og_image":[{"width":373,"height":250,"url":"https:\/\/www.webdo.tn\/fr\/wp-content\/uploads\/2013\/09\/Petards-photo-Jean-Marc-Loos.jpg","type":"image\/jpeg"}],"author":"webdo.tn","twitter_card":"summary_large_image","twitter_creator":"@webdo_tn","twitter_site":"@webdo_tn","twitter_misc":{"\u00c9crit par":"webdo.tn","Dur\u00e9e de lecture estim\u00e9e":"2 minutes"},"schema":{"@context":"https:\/\/schema.org","@graph":[{"@type":"NewsArticle","@id":"https:\/\/www.webdo.tn\/fr\/actualite\/national-45\/les-petards-et-les-fumigenes-confisques-les-coupables-arretes\/170574\/#article","isPartOf":{"@id":"https:\/\/www.webdo.tn\/fr\/actualite\/national-45\/les-petards-et-les-fumigenes-confisques-les-coupables-arretes\/170574\/"},"author":{"name":"webdo.tn","@id":"https:\/\/www.webdo.tn\/fr\/#\/schema\/person\/9a9c6118d687c117df8ef3cc36a4d175"},"headline":"Les p\u00e9tards et les fumig\u00e8nes confisqu\u00e9s, les coupables arr\u00eat\u00e9s !","datePublished":"2013-09-24T19:43:00+00:00","dateModified":"2025-05-19T11:19:22+00:00","mainEntityOfPage":{"@id":"https:\/\/www.webdo.tn\/fr\/actualite\/national-45\/les-petards-et-les-fumigenes-confisques-les-coupables-arretes\/170574\/"},"wordCount":353,"commentCount":0,"publisher":{"@id":"https:\/\/www.webdo.tn\/fr\/#organization"},"image":{"@id":"https:\/\/www.webdo.tn\/fr\/actualite\/national-45\/les-petards-et-les-fumigenes-confisques-les-coupables-arretes\/170574\/#primaryimage"},"thumbnailUrl":"https:\/\/www.webdo.tn\/fr\/wp-content\/uploads\/2013\/09\/Petards-photo-Jean-Marc-Loos.jpg","keywords":["guerre"],"articleSection":["National"],"inLanguage":"fr-FR"},{"@type":"WebPage","@id":"https:\/\/www.webdo.tn\/fr\/actualite\/national-45\/les-petards-et-les-fumigenes-confisques-les-coupables-arretes\/170574\/","url":"https:\/\/www.webdo.tn\/fr\/actualite\/national-45\/les-petards-et-les-fumigenes-confisques-les-coupables-arretes\/170574\/","name":"Les p\u00e9tards et les fumig\u00e8nes confisqu\u00e9s, les coupables arr\u00eat\u00e9s !","isPartOf":{"@id":"https:\/\/www.webdo.tn\/fr\/#website"},"primaryImageOfPage":{"@id":"https:\/\/www.webdo.tn\/fr\/actualite\/national-45\/les-petards-et-les-fumigenes-confisques-les-coupables-arretes\/170574\/#primaryimage"},"image":{"@id":"https:\/\/www.webdo.tn\/fr\/actualite\/national-45\/les-petards-et-les-fumigenes-confisques-les-coupables-arretes\/170574\/#primaryimage"},"thumbnailUrl":"https:\/\/www.webdo.tn\/fr\/wp-content\/uploads\/2013\/09\/Petards-photo-Jean-Marc-Loos.jpg","datePublished":"2013-09-24T19:43:00+00:00","dateModified":"2025-05-19T11:19:22+00:00","description":"Les p\u00e9tards et les fumig\u00e8nes confisqu\u00e9s, les coupables arr\u00eat\u00e9s !","breadcrumb":{"@id":"https:\/\/www.webdo.tn\/fr\/actualite\/national-45\/les-petards-et-les-fumigenes-confisques-les-coupables-arretes\/170574\/#breadcrumb"},"inLanguage":"fr-FR","potentialAction":[{"@type":"ReadAction","target":["https:\/\/www.webdo.tn\/fr\/actualite\/national-45\/les-petards-et-les-fumigenes-confisques-les-coupables-arretes\/170574\/"]}]},{"@type":"ImageObject","inLanguage":"fr-FR","@id":"https:\/\/www.webdo.tn\/fr\/actualite\/national-45\/les-petards-et-les-fumigenes-confisques-les-coupables-arretes\/170574\/#primaryimage","url":"https:\/\/www.webdo.tn\/fr\/wp-content\/uploads\/2013\/09\/Petards-photo-Jean-Marc-Loos.jpg","contentUrl":"https:\/\/www.webdo.tn\/fr\/wp-content\/uploads\/2013\/09\/Petards-photo-Jean-Marc-Loos.jpg","width":373,"height":250,"caption":"Les p\u00e9tards et les fumig\u00e8nes confisqu\u00e9s, les coupables arr\u00eat\u00e9s !"},{"@type":"BreadcrumbList","@id":"https:\/\/www.webdo.tn\/fr\/actualite\/national-45\/les-petards-et-les-fumigenes-confisques-les-coupables-arretes\/170574\/#breadcrumb","itemListElement":[{"@type":"ListItem","position":1,"name":"Accueil","item":"https:\/\/www.webdo.tn\/fr\/"},{"@type":"ListItem","position":2,"name":"Les p\u00e9tards et les fumig\u00e8nes confisqu\u00e9s, les coupables arr\u00eat\u00e9s !"}]},{"@type":"WebSite","@id":"https:\/\/www.webdo.tn\/fr\/#website","url":"https:\/\/www.webdo.tn\/fr\/","name":"webdo","description":"Tunisie - News en Tunisie et \u00e0 l&#039;international sur Webdo.tn","publisher":{"@id":"https:\/\/www.webdo.tn\/fr\/#organization"},"potentialAction":[{"@type":"SearchAction","target":{"@type":"EntryPoint","urlTemplate":"https:\/\/www.webdo.tn\/fr\/?s={search_term_string}"},"query-input":{"@type":"PropertyValueSpecification","valueRequired":true,"valueName":"search_term_string"}}],"inLanguage":"fr-FR"},{"@type":"Organization","@id":"https:\/\/www.webdo.tn\/fr\/#organization","name":"Webdo","alternateName":"Webdo.tn","url":"https:\/\/www.webdo.tn\/fr\/","logo":{"@type":"ImageObject","inLanguage":"fr-FR","@id":"https:\/\/www.webdo.tn\/fr\/#\/schema\/logo\/image\/","url":"https:\/\/www.webdo.tn\/fr\/wp-content\/uploads\/2025\/06\/Webdo-Tunisie_168377.jpg","contentUrl":"https:\/\/www.webdo.tn\/fr\/wp-content\/uploads\/2025\/06\/Webdo-Tunisie_168377.jpg","width":301,"height":301,"caption":"Webdo"},"image":{"@id":"https:\/\/www.webdo.tn\/fr\/#\/schema\/logo\/image\/"},"sameAs":["https:\/\/www.facebook.com\/webdotn","https:\/\/x.com\/webdo_tn"],"description":"Webdo est un m\u00e9dia num\u00e9rique tunisien fond\u00e9 en 2010, sp\u00e9cialis\u00e9 dans l\u2019actualit\u00e9 nationale et internationale, l\u2019\u00e9conomie, la soci\u00e9t\u00e9 et les analyses politiques. Le site s\u2019adresse \u00e0 un large public francophone et couvre l\u2019information tunisienne en temps r\u00e9el.","email":"redac@webdo.tn","legalName":"YNJ SARL","foundingDate":"2010-09-06","numberOfEmployees":{"@type":"QuantitativeValue","minValue":"11","maxValue":"50"}},{"@type":"Person","@id":"https:\/\/www.webdo.tn\/fr\/#\/schema\/person\/9a9c6118d687c117df8ef3cc36a4d175","name":"webdo.tn","image":{"@type":"ImageObject","inLanguage":"fr-FR","@id":"https:\/\/secure.gravatar.com\/avatar\/7ce1f28c0c3bbac99ff550b85ef8e44a6950c6ee24514fb6a5489e51d06f0298?s=96&d=mm&r=g","url":"https:\/\/secure.gravatar.com\/avatar\/7ce1f28c0c3bbac99ff550b85ef8e44a6950c6ee24514fb6a5489e51d06f0298?s=96&d=mm&r=g","contentUrl":"https:\/\/secure.gravatar.com\/avatar\/7ce1f28c0c3bbac99ff550b85ef8e44a6950c6ee24514fb6a5489e51d06f0298?s=96&d=mm&r=g","caption":"webdo.tn"},"url":"https:\/\/www.webdo.tn\/fr\/actualite\/author\/webdotn\/"}]}},"_links":{"self":[{"href":"https:\/\/www.webdo.tn\/fr\/wp-json\/wp\/v2\/posts\/170574","targetHints":{"allow":["GET"]}}],"collection":[{"href":"https:\/\/www.webdo.tn\/fr\/wp-json\/wp\/v2\/posts"}],"about":[{"href":"https:\/\/www.webdo.tn\/fr\/wp-json\/wp\/v2\/types\/post"}],"author":[{"embeddable":true,"href":"https:\/\/www.webdo.tn\/fr\/wp-json\/wp\/v2\/users\/3222"}],"replies":[{"embeddable":true,"href":"https:\/\/www.webdo.tn\/fr\/wp-json\/wp\/v2\/comments?post=170574"}],"version-history":[{"count":0,"href":"https:\/\/www.webdo.tn\/fr\/wp-json\/wp\/v2\/posts\/170574\/revisions"}],"wp:featuredmedia":[{"embeddable":true,"href":"https:\/\/www.webdo.tn\/fr\/wp-json\/wp\/v2\/media\/322481"}],"wp:attachment":[{"href":"https:\/\/www.webdo.tn\/fr\/wp-json\/wp\/v2\/media?parent=170574"}],"wp:term":[{"taxonomy":"category","embeddable":true,"href":"https:\/\/www.webdo.tn\/fr\/wp-json\/wp\/v2\/categories?post=170574"},{"taxonomy":"post_tag","embeddable":true,"href":"https:\/\/www.webdo.tn\/fr\/wp-json\/wp\/v2\/tags?post=170574"}],"curies":[{"name":"wp","href":"https:\/\/api.w.org\/{rel}","templated":true}]}}