{"id":167111,"date":"2015-04-10T16:30:00","date_gmt":"2015-04-10T16:30:00","guid":{"rendered":"https:\/\/www.webdo.tn\/fr\/blog\/tunisie-selon-le-jort-rafaa-ben-achour-conseiller-aupres-de-beji-caid-essebsi-a-demissionne\/167111\/"},"modified":"2015-04-10T16:30:00","modified_gmt":"2015-04-10T16:30:00","slug":"tunisie-selon-le-jort-rafaa-ben-achour-conseiller-aupres-de-beji-caid-essebsi-a-demissionne","status":"publish","type":"post","link":"https:\/\/www.webdo.tn\/fr\/actualite\/national\/tunisie-selon-le-jort-rafaa-ben-achour-conseiller-aupres-de-beji-caid-essebsi-a-demissionne\/167111\/","title":{"rendered":"Selon le JORT, Rafa\u00e2 Ben Achour, conseiller aupr\u00e8s de Beji Caid Essebsi a d\u00e9missionn\u00e9"},"content":{"rendered":"<p>Tunis | Raf\u00e2a Ben Achour jusqu&rsquo;ici conseiller aupr\u00e8s du pr\u00e9sident de la R\u00e9publique a d\u00e9missionn\u00e9 de son poste. Sauf que cette d\u00e9mission, est effective et officielle depuis le 1er avril 2015.<br \/>\nComme annonc\u00e9 dans le Journal Officiel de la R\u00e9publique Tunisienne du 7 avril 2015, la d\u00e9mission de Rafa\u00e2 Ben Achour a \u00e9t\u00e9 accept\u00e9e par la Pr\u00e9sidence de la R\u00e9publique en vertu du d\u00e9cret pr\u00e9sidentiel N\u00b066 en date du 31 mars 2015.<br \/>\nNous avons contact\u00e9 le service de communication de la Pr\u00e9sidence de la R\u00e9publique pour conna\u00eetre les raisons officielles de ce d\u00e9part. Il s&rsquo;av\u00e8re qu&rsquo;ils ne sont pas au courant de cette d\u00e9mission et qu&rsquo;il faut contacter Madame Aida Klibi pour plus de pr\u00e9cisions.<\/p>\n","protected":false},"excerpt":{"rendered":"<p>Selon le JORT, Rafa\u00e2 Ben Achour, conseiller aupr\u00e8s de Beji Caid Essebsi a d\u00e9missionn\u00e9<\/p>\n","protected":false},"author":3222,"featured_media":330295,"comment_status":"open","ping_status":"closed","sticky":false,"template":"","format":"standard","meta":{"footnotes":""},"categories":[44],"tags":[2600],"class_list":["post-167111","post","type-post","status-publish","format-standard","has-post-thumbnail","hentry","category-national","tag-guerre"],"yoast_head":"<!-- This site is optimized with the Yoast SEO Premium plugin v27.5 (Yoast SEO v27.5) - https:\/\/yoast.com\/product\/yoast-seo-premium-wordpress\/ -->\n<title>Selon le JORT, Rafa\u00e2 Ben Achour, conseiller aupr\u00e8s de Beji Caid Essebsi a d\u00e9missionn\u00e9<\/title>\n<meta name=\"description\" content=\"Selon le JORT, Rafa\u00e2 Ben Achour, conseiller aupr\u00e8s de Beji Caid Essebsi a d\u00e9missionn\u00e9\" \/>\n<link rel=\"canonical\" href=\"https:\/\/www.webdo.tn\/fr\/actualite\/national-45\/tunisie-selon-le-jort-rafaa-ben-achour-conseiller-aupres-de-beji-caid-essebsi-a-demissionne\/167111\/\" \/>\n<meta property=\"og:locale\" content=\"fr_FR\" \/>\n<meta property=\"og:type\" content=\"article\" \/>\n<meta property=\"og:title\" content=\"Selon le JORT, Rafa\u00e2 Ben Achour, conseiller aupr\u00e8s de Beji Caid Essebsi a d\u00e9missionn\u00e9\" \/>\n<meta property=\"og:description\" content=\"Selon le JORT, Rafa\u00e2 Ben Achour, conseiller aupr\u00e8s de Beji Caid Essebsi a d\u00e9missionn\u00e9\" \/>\n<meta property=\"og:url\" content=\"https:\/\/www.webdo.tn\/fr\/actualite\/national-45\/tunisie-selon-le-jort-rafaa-ben-achour-conseiller-aupres-de-beji-caid-essebsi-a-demissionne\/167111\/\" \/>\n<meta property=\"og:site_name\" content=\"webdo\" \/>\n<meta property=\"article:publisher\" content=\"https:\/\/www.facebook.com\/webdotn\" \/>\n<meta property=\"article:published_time\" content=\"2015-04-10T16:30:00+00:00\" \/>\n<meta property=\"og:image\" content=\"https:\/\/www.webdo.tn\/fr\/wp-content\/uploads\/2015\/04\/Rafaa-Ben-Achour-1.jpg\" \/>\n\t<meta property=\"og:image:width\" content=\"333\" \/>\n\t<meta property=\"og:image:height\" content=\"322\" \/>\n\t<meta property=\"og:image:type\" content=\"image\/jpeg\" \/>\n<meta name=\"author\" content=\"webdo.tn\" \/>\n<meta name=\"twitter:card\" content=\"summary_large_image\" \/>\n<meta name=\"twitter:creator\" content=\"@webdo_tn\" \/>\n<meta name=\"twitter:site\" content=\"@webdo_tn\" \/>\n<meta name=\"twitter:label1\" content=\"\u00c9crit par\" \/>\n\t<meta name=\"twitter:data1\" content=\"webdo.tn\" \/>\n\t<meta name=\"twitter:label2\" content=\"Dur\u00e9e de lecture estim\u00e9e\" \/>\n\t<meta name=\"twitter:data2\" content=\"1 minute\" \/>\n<script type=\"application\/ld+json\" class=\"yoast-schema-graph\">{\"@context\":\"https:\\\/\\\/schema.org\",\"@graph\":[{\"@type\":\"NewsArticle\",\"@id\":\"https:\\\/\\\/www.webdo.tn\\\/fr\\\/actualite\\\/national-45\\\/tunisie-selon-le-jort-rafaa-ben-achour-conseiller-aupres-de-beji-caid-essebsi-a-demissionne\\\/167111\\\/#article\",\"isPartOf\":{\"@id\":\"https:\\\/\\\/www.webdo.tn\\\/fr\\\/actualite\\\/national-45\\\/tunisie-selon-le-jort-rafaa-ben-achour-conseiller-aupres-de-beji-caid-essebsi-a-demissionne\\\/167111\\\/\"},\"author\":{\"name\":\"webdo.tn\",\"@id\":\"https:\\\/\\\/www.webdo.tn\\\/fr\\\/#\\\/schema\\\/person\\\/9a9c6118d687c117df8ef3cc36a4d175\"},\"headline\":\"Selon le JORT, Rafa\u00e2 Ben Achour, conseiller aupr\u00e8s de Beji Caid Essebsi a d\u00e9missionn\u00e9\",\"datePublished\":\"2015-04-10T16:30:00+00:00\",\"mainEntityOfPage\":{\"@id\":\"https:\\\/\\\/www.webdo.tn\\\/fr\\\/actualite\\\/national-45\\\/tunisie-selon-le-jort-rafaa-ben-achour-conseiller-aupres-de-beji-caid-essebsi-a-demissionne\\\/167111\\\/\"},\"wordCount\":149,\"commentCount\":0,\"publisher\":{\"@id\":\"https:\\\/\\\/www.webdo.tn\\\/fr\\\/#organization\"},\"image\":{\"@id\":\"https:\\\/\\\/www.webdo.tn\\\/fr\\\/actualite\\\/national-45\\\/tunisie-selon-le-jort-rafaa-ben-achour-conseiller-aupres-de-beji-caid-essebsi-a-demissionne\\\/167111\\\/#primaryimage\"},\"thumbnailUrl\":\"https:\\\/\\\/www.webdo.tn\\\/fr\\\/wp-content\\\/uploads\\\/2015\\\/04\\\/Rafaa-Ben-Achour-1.jpg\",\"keywords\":[\"guerre\"],\"articleSection\":[\"National\"],\"inLanguage\":\"fr-FR\"},{\"@type\":\"WebPage\",\"@id\":\"https:\\\/\\\/www.webdo.tn\\\/fr\\\/actualite\\\/national-45\\\/tunisie-selon-le-jort-rafaa-ben-achour-conseiller-aupres-de-beji-caid-essebsi-a-demissionne\\\/167111\\\/\",\"url\":\"https:\\\/\\\/www.webdo.tn\\\/fr\\\/actualite\\\/national-45\\\/tunisie-selon-le-jort-rafaa-ben-achour-conseiller-aupres-de-beji-caid-essebsi-a-demissionne\\\/167111\\\/\",\"name\":\"Selon le JORT, Rafa\u00e2 Ben Achour, conseiller aupr\u00e8s de Beji Caid Essebsi a d\u00e9missionn\u00e9\",\"isPartOf\":{\"@id\":\"https:\\\/\\\/www.webdo.tn\\\/fr\\\/#website\"},\"primaryImageOfPage\":{\"@id\":\"https:\\\/\\\/www.webdo.tn\\\/fr\\\/actualite\\\/national-45\\\/tunisie-selon-le-jort-rafaa-ben-achour-conseiller-aupres-de-beji-caid-essebsi-a-demissionne\\\/167111\\\/#primaryimage\"},\"image\":{\"@id\":\"https:\\\/\\\/www.webdo.tn\\\/fr\\\/actualite\\\/national-45\\\/tunisie-selon-le-jort-rafaa-ben-achour-conseiller-aupres-de-beji-caid-essebsi-a-demissionne\\\/167111\\\/#primaryimage\"},\"thumbnailUrl\":\"https:\\\/\\\/www.webdo.tn\\\/fr\\\/wp-content\\\/uploads\\\/2015\\\/04\\\/Rafaa-Ben-Achour-1.jpg\",\"datePublished\":\"2015-04-10T16:30:00+00:00\",\"description\":\"Selon le JORT, Rafa\u00e2 Ben Achour, conseiller aupr\u00e8s de Beji Caid Essebsi a d\u00e9missionn\u00e9\",\"breadcrumb\":{\"@id\":\"https:\\\/\\\/www.webdo.tn\\\/fr\\\/actualite\\\/national-45\\\/tunisie-selon-le-jort-rafaa-ben-achour-conseiller-aupres-de-beji-caid-essebsi-a-demissionne\\\/167111\\\/#breadcrumb\"},\"inLanguage\":\"fr-FR\",\"potentialAction\":[{\"@type\":\"ReadAction\",\"target\":[\"https:\\\/\\\/www.webdo.tn\\\/fr\\\/actualite\\\/national-45\\\/tunisie-selon-le-jort-rafaa-ben-achour-conseiller-aupres-de-beji-caid-essebsi-a-demissionne\\\/167111\\\/\"]}]},{\"@type\":\"ImageObject\",\"inLanguage\":\"fr-FR\",\"@id\":\"https:\\\/\\\/www.webdo.tn\\\/fr\\\/actualite\\\/national-45\\\/tunisie-selon-le-jort-rafaa-ben-achour-conseiller-aupres-de-beji-caid-essebsi-a-demissionne\\\/167111\\\/#primaryimage\",\"url\":\"https:\\\/\\\/www.webdo.tn\\\/fr\\\/wp-content\\\/uploads\\\/2015\\\/04\\\/Rafaa-Ben-Achour-1.jpg\",\"contentUrl\":\"https:\\\/\\\/www.webdo.tn\\\/fr\\\/wp-content\\\/uploads\\\/2015\\\/04\\\/Rafaa-Ben-Achour-1.jpg\",\"width\":333,\"height\":322,\"caption\":\"Selon le JORT, Rafa\u00e2 Ben Achour, conseiller aupr\u00e8s de Beji Caid Essebsi a d\u00e9missionn\u00e9\"},{\"@type\":\"BreadcrumbList\",\"@id\":\"https:\\\/\\\/www.webdo.tn\\\/fr\\\/actualite\\\/national-45\\\/tunisie-selon-le-jort-rafaa-ben-achour-conseiller-aupres-de-beji-caid-essebsi-a-demissionne\\\/167111\\\/#breadcrumb\",\"itemListElement\":[{\"@type\":\"ListItem\",\"position\":1,\"name\":\"Accueil\",\"item\":\"https:\\\/\\\/www.webdo.tn\\\/fr\\\/\"},{\"@type\":\"ListItem\",\"position\":2,\"name\":\"Selon le JORT, Rafa\u00e2 Ben Achour, conseiller aupr\u00e8s de Beji Caid Essebsi a d\u00e9missionn\u00e9\"}]},{\"@type\":\"WebSite\",\"@id\":\"https:\\\/\\\/www.webdo.tn\\\/fr\\\/#website\",\"url\":\"https:\\\/\\\/www.webdo.tn\\\/fr\\\/\",\"name\":\"webdo\",\"description\":\"Tunisie - News en Tunisie et \u00e0 l&#039;international sur Webdo.tn\",\"publisher\":{\"@id\":\"https:\\\/\\\/www.webdo.tn\\\/fr\\\/#organization\"},\"potentialAction\":[{\"@type\":\"SearchAction\",\"target\":{\"@type\":\"EntryPoint\",\"urlTemplate\":\"https:\\\/\\\/www.webdo.tn\\\/fr\\\/?s={search_term_string}\"},\"query-input\":{\"@type\":\"PropertyValueSpecification\",\"valueRequired\":true,\"valueName\":\"search_term_string\"}}],\"inLanguage\":\"fr-FR\"},{\"@type\":\"Organization\",\"@id\":\"https:\\\/\\\/www.webdo.tn\\\/fr\\\/#organization\",\"name\":\"Webdo\",\"alternateName\":\"Webdo.tn\",\"url\":\"https:\\\/\\\/www.webdo.tn\\\/fr\\\/\",\"logo\":{\"@type\":\"ImageObject\",\"inLanguage\":\"fr-FR\",\"@id\":\"https:\\\/\\\/www.webdo.tn\\\/fr\\\/#\\\/schema\\\/logo\\\/image\\\/\",\"url\":\"https:\\\/\\\/www.webdo.tn\\\/fr\\\/wp-content\\\/uploads\\\/2025\\\/06\\\/Webdo-Tunisie_168377.jpg\",\"contentUrl\":\"https:\\\/\\\/www.webdo.tn\\\/fr\\\/wp-content\\\/uploads\\\/2025\\\/06\\\/Webdo-Tunisie_168377.jpg\",\"width\":301,\"height\":301,\"caption\":\"Webdo\"},\"image\":{\"@id\":\"https:\\\/\\\/www.webdo.tn\\\/fr\\\/#\\\/schema\\\/logo\\\/image\\\/\"},\"sameAs\":[\"https:\\\/\\\/www.facebook.com\\\/webdotn\",\"https:\\\/\\\/x.com\\\/webdo_tn\"],\"description\":\"Webdo est un m\u00e9dia num\u00e9rique tunisien fond\u00e9 en 2010, sp\u00e9cialis\u00e9 dans l\u2019actualit\u00e9 nationale et internationale, l\u2019\u00e9conomie, la soci\u00e9t\u00e9 et les analyses politiques. Le site s\u2019adresse \u00e0 un large public francophone et couvre l\u2019information tunisienne en temps r\u00e9el.\",\"email\":\"redac@webdo.tn\",\"legalName\":\"YNJ SARL\",\"foundingDate\":\"2010-09-06\",\"numberOfEmployees\":{\"@type\":\"QuantitativeValue\",\"minValue\":\"11\",\"maxValue\":\"50\"}},{\"@type\":\"Person\",\"@id\":\"https:\\\/\\\/www.webdo.tn\\\/fr\\\/#\\\/schema\\\/person\\\/9a9c6118d687c117df8ef3cc36a4d175\",\"name\":\"webdo.tn\",\"image\":{\"@type\":\"ImageObject\",\"inLanguage\":\"fr-FR\",\"@id\":\"https:\\\/\\\/secure.gravatar.com\\\/avatar\\\/7ce1f28c0c3bbac99ff550b85ef8e44a6950c6ee24514fb6a5489e51d06f0298?s=96&d=mm&r=g\",\"url\":\"https:\\\/\\\/secure.gravatar.com\\\/avatar\\\/7ce1f28c0c3bbac99ff550b85ef8e44a6950c6ee24514fb6a5489e51d06f0298?s=96&d=mm&r=g\",\"contentUrl\":\"https:\\\/\\\/secure.gravatar.com\\\/avatar\\\/7ce1f28c0c3bbac99ff550b85ef8e44a6950c6ee24514fb6a5489e51d06f0298?s=96&d=mm&r=g\",\"caption\":\"webdo.tn\"},\"url\":\"https:\\\/\\\/www.webdo.tn\\\/fr\\\/actualite\\\/author\\\/webdotn\\\/\"}]}<\/script>\n<!-- \/ Yoast SEO Premium plugin. -->","yoast_head_json":{"title":"Selon le JORT, Rafa\u00e2 Ben Achour, conseiller aupr\u00e8s de Beji Caid Essebsi a d\u00e9missionn\u00e9","description":"Selon le JORT, Rafa\u00e2 Ben Achour, conseiller aupr\u00e8s de Beji Caid Essebsi a d\u00e9missionn\u00e9","canonical":"https:\/\/www.webdo.tn\/fr\/actualite\/national-45\/tunisie-selon-le-jort-rafaa-ben-achour-conseiller-aupres-de-beji-caid-essebsi-a-demissionne\/167111\/","og_locale":"fr_FR","og_type":"article","og_title":"Selon le JORT, Rafa\u00e2 Ben Achour, conseiller aupr\u00e8s de Beji Caid Essebsi a d\u00e9missionn\u00e9","og_description":"Selon le JORT, Rafa\u00e2 Ben Achour, conseiller aupr\u00e8s de Beji Caid Essebsi a d\u00e9missionn\u00e9","og_url":"https:\/\/www.webdo.tn\/fr\/actualite\/national-45\/tunisie-selon-le-jort-rafaa-ben-achour-conseiller-aupres-de-beji-caid-essebsi-a-demissionne\/167111\/","og_site_name":"webdo","article_publisher":"https:\/\/www.facebook.com\/webdotn","article_published_time":"2015-04-10T16:30:00+00:00","og_image":[{"width":333,"height":322,"url":"https:\/\/www.webdo.tn\/fr\/wp-content\/uploads\/2015\/04\/Rafaa-Ben-Achour-1.jpg","type":"image\/jpeg"}],"author":"webdo.tn","twitter_card":"summary_large_image","twitter_creator":"@webdo_tn","twitter_site":"@webdo_tn","twitter_misc":{"\u00c9crit par":"webdo.tn","Dur\u00e9e de lecture estim\u00e9e":"1 minute"},"schema":{"@context":"https:\/\/schema.org","@graph":[{"@type":"NewsArticle","@id":"https:\/\/www.webdo.tn\/fr\/actualite\/national-45\/tunisie-selon-le-jort-rafaa-ben-achour-conseiller-aupres-de-beji-caid-essebsi-a-demissionne\/167111\/#article","isPartOf":{"@id":"https:\/\/www.webdo.tn\/fr\/actualite\/national-45\/tunisie-selon-le-jort-rafaa-ben-achour-conseiller-aupres-de-beji-caid-essebsi-a-demissionne\/167111\/"},"author":{"name":"webdo.tn","@id":"https:\/\/www.webdo.tn\/fr\/#\/schema\/person\/9a9c6118d687c117df8ef3cc36a4d175"},"headline":"Selon le JORT, Rafa\u00e2 Ben Achour, conseiller aupr\u00e8s de Beji Caid Essebsi a d\u00e9missionn\u00e9","datePublished":"2015-04-10T16:30:00+00:00","mainEntityOfPage":{"@id":"https:\/\/www.webdo.tn\/fr\/actualite\/national-45\/tunisie-selon-le-jort-rafaa-ben-achour-conseiller-aupres-de-beji-caid-essebsi-a-demissionne\/167111\/"},"wordCount":149,"commentCount":0,"publisher":{"@id":"https:\/\/www.webdo.tn\/fr\/#organization"},"image":{"@id":"https:\/\/www.webdo.tn\/fr\/actualite\/national-45\/tunisie-selon-le-jort-rafaa-ben-achour-conseiller-aupres-de-beji-caid-essebsi-a-demissionne\/167111\/#primaryimage"},"thumbnailUrl":"https:\/\/www.webdo.tn\/fr\/wp-content\/uploads\/2015\/04\/Rafaa-Ben-Achour-1.jpg","keywords":["guerre"],"articleSection":["National"],"inLanguage":"fr-FR"},{"@type":"WebPage","@id":"https:\/\/www.webdo.tn\/fr\/actualite\/national-45\/tunisie-selon-le-jort-rafaa-ben-achour-conseiller-aupres-de-beji-caid-essebsi-a-demissionne\/167111\/","url":"https:\/\/www.webdo.tn\/fr\/actualite\/national-45\/tunisie-selon-le-jort-rafaa-ben-achour-conseiller-aupres-de-beji-caid-essebsi-a-demissionne\/167111\/","name":"Selon le JORT, Rafa\u00e2 Ben Achour, conseiller aupr\u00e8s de Beji Caid Essebsi a d\u00e9missionn\u00e9","isPartOf":{"@id":"https:\/\/www.webdo.tn\/fr\/#website"},"primaryImageOfPage":{"@id":"https:\/\/www.webdo.tn\/fr\/actualite\/national-45\/tunisie-selon-le-jort-rafaa-ben-achour-conseiller-aupres-de-beji-caid-essebsi-a-demissionne\/167111\/#primaryimage"},"image":{"@id":"https:\/\/www.webdo.tn\/fr\/actualite\/national-45\/tunisie-selon-le-jort-rafaa-ben-achour-conseiller-aupres-de-beji-caid-essebsi-a-demissionne\/167111\/#primaryimage"},"thumbnailUrl":"https:\/\/www.webdo.tn\/fr\/wp-content\/uploads\/2015\/04\/Rafaa-Ben-Achour-1.jpg","datePublished":"2015-04-10T16:30:00+00:00","description":"Selon le JORT, Rafa\u00e2 Ben Achour, conseiller aupr\u00e8s de Beji Caid Essebsi a d\u00e9missionn\u00e9","breadcrumb":{"@id":"https:\/\/www.webdo.tn\/fr\/actualite\/national-45\/tunisie-selon-le-jort-rafaa-ben-achour-conseiller-aupres-de-beji-caid-essebsi-a-demissionne\/167111\/#breadcrumb"},"inLanguage":"fr-FR","potentialAction":[{"@type":"ReadAction","target":["https:\/\/www.webdo.tn\/fr\/actualite\/national-45\/tunisie-selon-le-jort-rafaa-ben-achour-conseiller-aupres-de-beji-caid-essebsi-a-demissionne\/167111\/"]}]},{"@type":"ImageObject","inLanguage":"fr-FR","@id":"https:\/\/www.webdo.tn\/fr\/actualite\/national-45\/tunisie-selon-le-jort-rafaa-ben-achour-conseiller-aupres-de-beji-caid-essebsi-a-demissionne\/167111\/#primaryimage","url":"https:\/\/www.webdo.tn\/fr\/wp-content\/uploads\/2015\/04\/Rafaa-Ben-Achour-1.jpg","contentUrl":"https:\/\/www.webdo.tn\/fr\/wp-content\/uploads\/2015\/04\/Rafaa-Ben-Achour-1.jpg","width":333,"height":322,"caption":"Selon le JORT, Rafa\u00e2 Ben Achour, conseiller aupr\u00e8s de Beji Caid Essebsi a d\u00e9missionn\u00e9"},{"@type":"BreadcrumbList","@id":"https:\/\/www.webdo.tn\/fr\/actualite\/national-45\/tunisie-selon-le-jort-rafaa-ben-achour-conseiller-aupres-de-beji-caid-essebsi-a-demissionne\/167111\/#breadcrumb","itemListElement":[{"@type":"ListItem","position":1,"name":"Accueil","item":"https:\/\/www.webdo.tn\/fr\/"},{"@type":"ListItem","position":2,"name":"Selon le JORT, Rafa\u00e2 Ben Achour, conseiller aupr\u00e8s de Beji Caid Essebsi a d\u00e9missionn\u00e9"}]},{"@type":"WebSite","@id":"https:\/\/www.webdo.tn\/fr\/#website","url":"https:\/\/www.webdo.tn\/fr\/","name":"webdo","description":"Tunisie - News en Tunisie et \u00e0 l&#039;international sur Webdo.tn","publisher":{"@id":"https:\/\/www.webdo.tn\/fr\/#organization"},"potentialAction":[{"@type":"SearchAction","target":{"@type":"EntryPoint","urlTemplate":"https:\/\/www.webdo.tn\/fr\/?s={search_term_string}"},"query-input":{"@type":"PropertyValueSpecification","valueRequired":true,"valueName":"search_term_string"}}],"inLanguage":"fr-FR"},{"@type":"Organization","@id":"https:\/\/www.webdo.tn\/fr\/#organization","name":"Webdo","alternateName":"Webdo.tn","url":"https:\/\/www.webdo.tn\/fr\/","logo":{"@type":"ImageObject","inLanguage":"fr-FR","@id":"https:\/\/www.webdo.tn\/fr\/#\/schema\/logo\/image\/","url":"https:\/\/www.webdo.tn\/fr\/wp-content\/uploads\/2025\/06\/Webdo-Tunisie_168377.jpg","contentUrl":"https:\/\/www.webdo.tn\/fr\/wp-content\/uploads\/2025\/06\/Webdo-Tunisie_168377.jpg","width":301,"height":301,"caption":"Webdo"},"image":{"@id":"https:\/\/www.webdo.tn\/fr\/#\/schema\/logo\/image\/"},"sameAs":["https:\/\/www.facebook.com\/webdotn","https:\/\/x.com\/webdo_tn"],"description":"Webdo est un m\u00e9dia num\u00e9rique tunisien fond\u00e9 en 2010, sp\u00e9cialis\u00e9 dans l\u2019actualit\u00e9 nationale et internationale, l\u2019\u00e9conomie, la soci\u00e9t\u00e9 et les analyses politiques. Le site s\u2019adresse \u00e0 un large public francophone et couvre l\u2019information tunisienne en temps r\u00e9el.","email":"redac@webdo.tn","legalName":"YNJ SARL","foundingDate":"2010-09-06","numberOfEmployees":{"@type":"QuantitativeValue","minValue":"11","maxValue":"50"}},{"@type":"Person","@id":"https:\/\/www.webdo.tn\/fr\/#\/schema\/person\/9a9c6118d687c117df8ef3cc36a4d175","name":"webdo.tn","image":{"@type":"ImageObject","inLanguage":"fr-FR","@id":"https:\/\/secure.gravatar.com\/avatar\/7ce1f28c0c3bbac99ff550b85ef8e44a6950c6ee24514fb6a5489e51d06f0298?s=96&d=mm&r=g","url":"https:\/\/secure.gravatar.com\/avatar\/7ce1f28c0c3bbac99ff550b85ef8e44a6950c6ee24514fb6a5489e51d06f0298?s=96&d=mm&r=g","contentUrl":"https:\/\/secure.gravatar.com\/avatar\/7ce1f28c0c3bbac99ff550b85ef8e44a6950c6ee24514fb6a5489e51d06f0298?s=96&d=mm&r=g","caption":"webdo.tn"},"url":"https:\/\/www.webdo.tn\/fr\/actualite\/author\/webdotn\/"}]}},"_links":{"self":[{"href":"https:\/\/www.webdo.tn\/fr\/wp-json\/wp\/v2\/posts\/167111","targetHints":{"allow":["GET"]}}],"collection":[{"href":"https:\/\/www.webdo.tn\/fr\/wp-json\/wp\/v2\/posts"}],"about":[{"href":"https:\/\/www.webdo.tn\/fr\/wp-json\/wp\/v2\/types\/post"}],"author":[{"embeddable":true,"href":"https:\/\/www.webdo.tn\/fr\/wp-json\/wp\/v2\/users\/3222"}],"replies":[{"embeddable":true,"href":"https:\/\/www.webdo.tn\/fr\/wp-json\/wp\/v2\/comments?post=167111"}],"version-history":[{"count":0,"href":"https:\/\/www.webdo.tn\/fr\/wp-json\/wp\/v2\/posts\/167111\/revisions"}],"wp:featuredmedia":[{"embeddable":true,"href":"https:\/\/www.webdo.tn\/fr\/wp-json\/wp\/v2\/media\/330295"}],"wp:attachment":[{"href":"https:\/\/www.webdo.tn\/fr\/wp-json\/wp\/v2\/media?parent=167111"}],"wp:term":[{"taxonomy":"category","embeddable":true,"href":"https:\/\/www.webdo.tn\/fr\/wp-json\/wp\/v2\/categories?post=167111"},{"taxonomy":"post_tag","embeddable":true,"href":"https:\/\/www.webdo.tn\/fr\/wp-json\/wp\/v2\/tags?post=167111"}],"curies":[{"name":"wp","href":"https:\/\/api.w.org\/{rel}","templated":true}]}}