{"id":165608,"date":"2015-11-25T15:11:00","date_gmt":"2015-11-25T15:11:00","guid":{"rendered":"https:\/\/www.webdo.tn\/fr\/blog\/agressions-physiques-et-verbales-contre-une-trentaine-de-journalistes-denonce-rsf\/165608\/"},"modified":"2025-05-19T10:00:58","modified_gmt":"2025-05-19T10:00:58","slug":"agressions-physiques-et-verbales-contre-une-trentaine-de-journalistes-denonce-rsf","status":"publish","type":"post","link":"https:\/\/www.webdo.tn\/fr\/actualite\/national\/agressions-physiques-et-verbales-contre-une-trentaine-de-journalistes-denonce-rsf\/165608\/","title":{"rendered":"Agressions physiques et verbales contre une trentaine de journalistes, d\u00e9nonce RSF"},"content":{"rendered":"<p>\u00ab\u00a0La lutte contre le terrorisme ne justifie pas les agressions de journalistes\u00a0\u00bb, indique Reporters sans fronti\u00e8res dans un communiqu\u00e9 publi\u00e9 ce mercredi 25 novembre au lendemain de l&rsquo;attentat meurtrier de l&rsquo;Avenue Mohamed V qui a fait 13 morts et 20 bless\u00e9s.<\/p>\n<p>\u00ab\u00a0Alors qu\u2019ils venaient couvrir les attentats qui ont frapp\u00e9 [&#8230;] Tunis, [&#8230;], une trentaine de journalistes ont \u00e9t\u00e9 agress\u00e9s par les forces de l\u2019ordre. Reporters sans fronti\u00e8res d\u00e9nonce ces exactions et rappelle la n\u00e9cessit\u00e9 de laisser ces professionnels de l\u2019information travailler en toute libert\u00e9 au plus fort de ces \u00e9v\u00e8nements tragiques.<br \/>\n[quote_box_center]Venus couvrir l\u2019attentat, avenue Mohamed V, [&#8230;] plus d\u2019une trentaine de journalistes ont subi des agressions physiques et verbales de la part des forces de l\u2019ordre. Nombre d\u2019entre eux ont \u00e9t\u00e9 tabass\u00e9s et ont vu leur mat\u00e9riel fortement endommag\u00e9.[\/quote_box_center]<\/p>\n<p>\u00ab\u00a0Nous avons \u00e9t\u00e9 la cible d\u2019assaut violent&#8230;\u00a0\u00bb<br \/>\n\u00ab\u00a0Ahmed Souid, cadreur de la TV Al Hiwar, a \u00e9t\u00e9 violent\u00e9 et agress\u00e9 verbalement. Des policiers en civil ont \u00e9galement tent\u00e9 de l\u2019arr\u00eater et ont saccag\u00e9 sa cam\u00e9ra. Ramzi Hfaiedh, journaliste du quotidien Assahafa, a \u00e9t\u00e9 lourdement frapp\u00e9 \u00e0 l\u2019\u00e9paule. Il a ensuite \u00e9t\u00e9 transport\u00e9 d\u2019urgence \u00e0 l\u2019h\u00f4pital pour recevoir les premiers soins. Amira Hamdi, journaliste \u00e0 la TV nationale Watania, a \u00e9t\u00e9 bless\u00e9e au pied et insult\u00e9e par des policiers\u00a0\u00bb.<br \/>\n[quote_box_center]Nous avons \u00e9t\u00e9 la cible d\u2019assaut violents et r\u00e9p\u00e9t\u00e9s de policiers en civil. Pourtant, nous avons respect\u00e9 les consignes de s\u00e9curit\u00e9 pr\u00e9conis\u00e9es lors de la couverture d\u2019\u00e9v\u00e8nements comme ceux-l\u00e0\u201d, d\u00e9clare Khawla Chabbeh, journaliste pr\u00e9sente sur place et responsable de l\u2019unit\u00e9 de monitoring des exactions contre les journalistes au Centre tunisien pour la libert\u00e9 de la presse (CTLP).[\/quote_box_center]<\/p>\n<p>\u00ab\u00a0Aujourd\u2019hui les excuses du minist\u00e8res de l\u2019Int\u00e9rieur ne suffisent plus&#8230;\u00a0\u00bb<br \/>\n\u00ab\u00a0Le nombre d\u2019attaques contre les journalistes lors de la couverture de manifestations est en perp\u00e9tuelle hausse en Tunisie, d\u00e9clare Virginie Dangles r\u00e9dactrice en chef de RSF. Mettre fin \u00e0 l\u2019impunit\u00e9 des agressions contre les professionnels des m\u00e9dias ne pourra se r\u00e9aliser qu\u2019\u00e0 condition que la justice condamne les agresseurs \u00e0 des peines exemplaires. Aujourd\u2019hui les excuses du minist\u00e8res de l\u2019Int\u00e9rieur ne suffisent plus\u00a0\u00bb.<\/p>\n<p>[&#8230;] RSF rappelle que la Tunisie est 126e sur 180 dans son Classement mondial de la libert\u00e9 de la presse en 2015.<br \/>\nA.B.<\/p>\n","protected":false},"excerpt":{"rendered":"<p>Agressions physiques et verbales contre une trentaine de journalistes, d\u00e9nonce RSF<\/p>\n","protected":false},"author":3222,"featured_media":329032,"comment_status":"open","ping_status":"closed","sticky":false,"template":"","format":"standard","meta":{"footnotes":""},"categories":[44],"tags":[2600],"class_list":["post-165608","post","type-post","status-publish","format-standard","has-post-thumbnail","hentry","category-national","tag-guerre"],"yoast_head":"<!-- This site is optimized with the Yoast SEO Premium plugin v27.4 (Yoast SEO v27.5) - https:\/\/yoast.com\/product\/yoast-seo-premium-wordpress\/ -->\n<title>Agressions physiques et verbales contre une trentaine de journalistes, d\u00e9nonce RSF<\/title>\n<meta name=\"description\" content=\"Agressions physiques et verbales contre une trentaine de journalistes, d\u00e9nonce RSF\" \/>\n<link rel=\"canonical\" href=\"https:\/\/www.webdo.tn\/fr\/actualite\/national-45\/agressions-physiques-et-verbales-contre-une-trentaine-de-journalistes-denonce-rsf\/165608\/\" \/>\n<meta property=\"og:locale\" content=\"fr_FR\" \/>\n<meta property=\"og:type\" content=\"article\" \/>\n<meta property=\"og:title\" content=\"Agressions physiques et verbales contre une trentaine de journalistes, d\u00e9nonce RSF\" \/>\n<meta property=\"og:description\" content=\"Agressions physiques et verbales contre une trentaine de journalistes, d\u00e9nonce RSF\" \/>\n<meta property=\"og:url\" content=\"https:\/\/www.webdo.tn\/fr\/actualite\/national-45\/agressions-physiques-et-verbales-contre-une-trentaine-de-journalistes-denonce-rsf\/165608\/\" \/>\n<meta property=\"og:site_name\" content=\"webdo\" \/>\n<meta property=\"article:publisher\" content=\"https:\/\/www.facebook.com\/webdotn\" \/>\n<meta property=\"article:published_time\" content=\"2015-11-25T15:11:00+00:00\" \/>\n<meta property=\"article:modified_time\" content=\"2025-05-19T10:00:58+00:00\" \/>\n<meta property=\"og:image\" content=\"https:\/\/www.webdo.tn\/fr\/wp-content\/uploads\/2015\/11\/image_content_general_19724071_20151124211628-300x200-1.jpg\" \/>\n\t<meta property=\"og:image:width\" content=\"300\" \/>\n\t<meta property=\"og:image:height\" content=\"200\" \/>\n\t<meta property=\"og:image:type\" content=\"image\/jpeg\" \/>\n<meta name=\"author\" content=\"webdo.tn\" \/>\n<meta name=\"twitter:card\" content=\"summary_large_image\" \/>\n<meta name=\"twitter:creator\" content=\"@webdo_tn\" \/>\n<meta name=\"twitter:site\" content=\"@webdo_tn\" \/>\n<meta name=\"twitter:label1\" content=\"\u00c9crit par\" \/>\n\t<meta name=\"twitter:data1\" content=\"webdo.tn\" \/>\n\t<meta name=\"twitter:label2\" content=\"Dur\u00e9e de lecture estim\u00e9e\" \/>\n\t<meta name=\"twitter:data2\" content=\"2 minutes\" \/>\n<script type=\"application\/ld+json\" class=\"yoast-schema-graph\">{\"@context\":\"https:\\\/\\\/schema.org\",\"@graph\":[{\"@type\":\"NewsArticle\",\"@id\":\"https:\\\/\\\/www.webdo.tn\\\/fr\\\/actualite\\\/national-45\\\/agressions-physiques-et-verbales-contre-une-trentaine-de-journalistes-denonce-rsf\\\/165608\\\/#article\",\"isPartOf\":{\"@id\":\"https:\\\/\\\/www.webdo.tn\\\/fr\\\/actualite\\\/national-45\\\/agressions-physiques-et-verbales-contre-une-trentaine-de-journalistes-denonce-rsf\\\/165608\\\/\"},\"author\":{\"name\":\"webdo.tn\",\"@id\":\"https:\\\/\\\/www.webdo.tn\\\/fr\\\/#\\\/schema\\\/person\\\/9a9c6118d687c117df8ef3cc36a4d175\"},\"headline\":\"Agressions physiques et verbales contre une trentaine de journalistes, d\u00e9nonce RSF\",\"datePublished\":\"2015-11-25T15:11:00+00:00\",\"dateModified\":\"2025-05-19T10:00:58+00:00\",\"mainEntityOfPage\":{\"@id\":\"https:\\\/\\\/www.webdo.tn\\\/fr\\\/actualite\\\/national-45\\\/agressions-physiques-et-verbales-contre-une-trentaine-de-journalistes-denonce-rsf\\\/165608\\\/\"},\"wordCount\":428,\"commentCount\":0,\"publisher\":{\"@id\":\"https:\\\/\\\/www.webdo.tn\\\/fr\\\/#organization\"},\"image\":{\"@id\":\"https:\\\/\\\/www.webdo.tn\\\/fr\\\/actualite\\\/national-45\\\/agressions-physiques-et-verbales-contre-une-trentaine-de-journalistes-denonce-rsf\\\/165608\\\/#primaryimage\"},\"thumbnailUrl\":\"https:\\\/\\\/www.webdo.tn\\\/fr\\\/wp-content\\\/uploads\\\/2015\\\/11\\\/image_content_general_19724071_20151124211628-300x200-1.jpg\",\"keywords\":[\"guerre\"],\"articleSection\":[\"National\"],\"inLanguage\":\"fr-FR\"},{\"@type\":\"WebPage\",\"@id\":\"https:\\\/\\\/www.webdo.tn\\\/fr\\\/actualite\\\/national-45\\\/agressions-physiques-et-verbales-contre-une-trentaine-de-journalistes-denonce-rsf\\\/165608\\\/\",\"url\":\"https:\\\/\\\/www.webdo.tn\\\/fr\\\/actualite\\\/national-45\\\/agressions-physiques-et-verbales-contre-une-trentaine-de-journalistes-denonce-rsf\\\/165608\\\/\",\"name\":\"Agressions physiques et verbales contre une trentaine de journalistes, d\u00e9nonce RSF\",\"isPartOf\":{\"@id\":\"https:\\\/\\\/www.webdo.tn\\\/fr\\\/#website\"},\"primaryImageOfPage\":{\"@id\":\"https:\\\/\\\/www.webdo.tn\\\/fr\\\/actualite\\\/national-45\\\/agressions-physiques-et-verbales-contre-une-trentaine-de-journalistes-denonce-rsf\\\/165608\\\/#primaryimage\"},\"image\":{\"@id\":\"https:\\\/\\\/www.webdo.tn\\\/fr\\\/actualite\\\/national-45\\\/agressions-physiques-et-verbales-contre-une-trentaine-de-journalistes-denonce-rsf\\\/165608\\\/#primaryimage\"},\"thumbnailUrl\":\"https:\\\/\\\/www.webdo.tn\\\/fr\\\/wp-content\\\/uploads\\\/2015\\\/11\\\/image_content_general_19724071_20151124211628-300x200-1.jpg\",\"datePublished\":\"2015-11-25T15:11:00+00:00\",\"dateModified\":\"2025-05-19T10:00:58+00:00\",\"description\":\"Agressions physiques et verbales contre une trentaine de journalistes, d\u00e9nonce RSF\",\"breadcrumb\":{\"@id\":\"https:\\\/\\\/www.webdo.tn\\\/fr\\\/actualite\\\/national-45\\\/agressions-physiques-et-verbales-contre-une-trentaine-de-journalistes-denonce-rsf\\\/165608\\\/#breadcrumb\"},\"inLanguage\":\"fr-FR\",\"potentialAction\":[{\"@type\":\"ReadAction\",\"target\":[\"https:\\\/\\\/www.webdo.tn\\\/fr\\\/actualite\\\/national-45\\\/agressions-physiques-et-verbales-contre-une-trentaine-de-journalistes-denonce-rsf\\\/165608\\\/\"]}]},{\"@type\":\"ImageObject\",\"inLanguage\":\"fr-FR\",\"@id\":\"https:\\\/\\\/www.webdo.tn\\\/fr\\\/actualite\\\/national-45\\\/agressions-physiques-et-verbales-contre-une-trentaine-de-journalistes-denonce-rsf\\\/165608\\\/#primaryimage\",\"url\":\"https:\\\/\\\/www.webdo.tn\\\/fr\\\/wp-content\\\/uploads\\\/2015\\\/11\\\/image_content_general_19724071_20151124211628-300x200-1.jpg\",\"contentUrl\":\"https:\\\/\\\/www.webdo.tn\\\/fr\\\/wp-content\\\/uploads\\\/2015\\\/11\\\/image_content_general_19724071_20151124211628-300x200-1.jpg\",\"width\":300,\"height\":200,\"caption\":\"Agressions physiques et verbales contre une trentaine de journalistes, d\u00e9nonce RSF\"},{\"@type\":\"BreadcrumbList\",\"@id\":\"https:\\\/\\\/www.webdo.tn\\\/fr\\\/actualite\\\/national-45\\\/agressions-physiques-et-verbales-contre-une-trentaine-de-journalistes-denonce-rsf\\\/165608\\\/#breadcrumb\",\"itemListElement\":[{\"@type\":\"ListItem\",\"position\":1,\"name\":\"Accueil\",\"item\":\"https:\\\/\\\/www.webdo.tn\\\/fr\\\/\"},{\"@type\":\"ListItem\",\"position\":2,\"name\":\"Agressions physiques et verbales contre une trentaine de journalistes, d\u00e9nonce RSF\"}]},{\"@type\":\"WebSite\",\"@id\":\"https:\\\/\\\/www.webdo.tn\\\/fr\\\/#website\",\"url\":\"https:\\\/\\\/www.webdo.tn\\\/fr\\\/\",\"name\":\"webdo\",\"description\":\"Tunisie - News en Tunisie et \u00e0 l&#039;international sur Webdo.tn\",\"publisher\":{\"@id\":\"https:\\\/\\\/www.webdo.tn\\\/fr\\\/#organization\"},\"potentialAction\":[{\"@type\":\"SearchAction\",\"target\":{\"@type\":\"EntryPoint\",\"urlTemplate\":\"https:\\\/\\\/www.webdo.tn\\\/fr\\\/?s={search_term_string}\"},\"query-input\":{\"@type\":\"PropertyValueSpecification\",\"valueRequired\":true,\"valueName\":\"search_term_string\"}}],\"inLanguage\":\"fr-FR\"},{\"@type\":\"Organization\",\"@id\":\"https:\\\/\\\/www.webdo.tn\\\/fr\\\/#organization\",\"name\":\"Webdo\",\"alternateName\":\"Webdo.tn\",\"url\":\"https:\\\/\\\/www.webdo.tn\\\/fr\\\/\",\"logo\":{\"@type\":\"ImageObject\",\"inLanguage\":\"fr-FR\",\"@id\":\"https:\\\/\\\/www.webdo.tn\\\/fr\\\/#\\\/schema\\\/logo\\\/image\\\/\",\"url\":\"https:\\\/\\\/www.webdo.tn\\\/fr\\\/wp-content\\\/uploads\\\/2025\\\/06\\\/Webdo-Tunisie_168377.jpg\",\"contentUrl\":\"https:\\\/\\\/www.webdo.tn\\\/fr\\\/wp-content\\\/uploads\\\/2025\\\/06\\\/Webdo-Tunisie_168377.jpg\",\"width\":301,\"height\":301,\"caption\":\"Webdo\"},\"image\":{\"@id\":\"https:\\\/\\\/www.webdo.tn\\\/fr\\\/#\\\/schema\\\/logo\\\/image\\\/\"},\"sameAs\":[\"https:\\\/\\\/www.facebook.com\\\/webdotn\",\"https:\\\/\\\/x.com\\\/webdo_tn\"],\"description\":\"Webdo est un m\u00e9dia num\u00e9rique tunisien fond\u00e9 en 2010, sp\u00e9cialis\u00e9 dans l\u2019actualit\u00e9 nationale et internationale, l\u2019\u00e9conomie, la soci\u00e9t\u00e9 et les analyses politiques. Le site s\u2019adresse \u00e0 un large public francophone et couvre l\u2019information tunisienne en temps r\u00e9el.\",\"email\":\"redac@webdo.tn\",\"legalName\":\"YNJ SARL\",\"foundingDate\":\"2010-09-06\",\"numberOfEmployees\":{\"@type\":\"QuantitativeValue\",\"minValue\":\"11\",\"maxValue\":\"50\"}},{\"@type\":\"Person\",\"@id\":\"https:\\\/\\\/www.webdo.tn\\\/fr\\\/#\\\/schema\\\/person\\\/9a9c6118d687c117df8ef3cc36a4d175\",\"name\":\"webdo.tn\",\"image\":{\"@type\":\"ImageObject\",\"inLanguage\":\"fr-FR\",\"@id\":\"https:\\\/\\\/secure.gravatar.com\\\/avatar\\\/7ce1f28c0c3bbac99ff550b85ef8e44a6950c6ee24514fb6a5489e51d06f0298?s=96&d=mm&r=g\",\"url\":\"https:\\\/\\\/secure.gravatar.com\\\/avatar\\\/7ce1f28c0c3bbac99ff550b85ef8e44a6950c6ee24514fb6a5489e51d06f0298?s=96&d=mm&r=g\",\"contentUrl\":\"https:\\\/\\\/secure.gravatar.com\\\/avatar\\\/7ce1f28c0c3bbac99ff550b85ef8e44a6950c6ee24514fb6a5489e51d06f0298?s=96&d=mm&r=g\",\"caption\":\"webdo.tn\"},\"url\":\"https:\\\/\\\/www.webdo.tn\\\/fr\\\/actualite\\\/author\\\/webdotn\\\/\"}]}<\/script>\n<!-- \/ Yoast SEO Premium plugin. -->","yoast_head_json":{"title":"Agressions physiques et verbales contre une trentaine de journalistes, d\u00e9nonce RSF","description":"Agressions physiques et verbales contre une trentaine de journalistes, d\u00e9nonce RSF","canonical":"https:\/\/www.webdo.tn\/fr\/actualite\/national-45\/agressions-physiques-et-verbales-contre-une-trentaine-de-journalistes-denonce-rsf\/165608\/","og_locale":"fr_FR","og_type":"article","og_title":"Agressions physiques et verbales contre une trentaine de journalistes, d\u00e9nonce RSF","og_description":"Agressions physiques et verbales contre une trentaine de journalistes, d\u00e9nonce RSF","og_url":"https:\/\/www.webdo.tn\/fr\/actualite\/national-45\/agressions-physiques-et-verbales-contre-une-trentaine-de-journalistes-denonce-rsf\/165608\/","og_site_name":"webdo","article_publisher":"https:\/\/www.facebook.com\/webdotn","article_published_time":"2015-11-25T15:11:00+00:00","article_modified_time":"2025-05-19T10:00:58+00:00","og_image":[{"width":300,"height":200,"url":"https:\/\/www.webdo.tn\/fr\/wp-content\/uploads\/2015\/11\/image_content_general_19724071_20151124211628-300x200-1.jpg","type":"image\/jpeg"}],"author":"webdo.tn","twitter_card":"summary_large_image","twitter_creator":"@webdo_tn","twitter_site":"@webdo_tn","twitter_misc":{"\u00c9crit par":"webdo.tn","Dur\u00e9e de lecture estim\u00e9e":"2 minutes"},"schema":{"@context":"https:\/\/schema.org","@graph":[{"@type":"NewsArticle","@id":"https:\/\/www.webdo.tn\/fr\/actualite\/national-45\/agressions-physiques-et-verbales-contre-une-trentaine-de-journalistes-denonce-rsf\/165608\/#article","isPartOf":{"@id":"https:\/\/www.webdo.tn\/fr\/actualite\/national-45\/agressions-physiques-et-verbales-contre-une-trentaine-de-journalistes-denonce-rsf\/165608\/"},"author":{"name":"webdo.tn","@id":"https:\/\/www.webdo.tn\/fr\/#\/schema\/person\/9a9c6118d687c117df8ef3cc36a4d175"},"headline":"Agressions physiques et verbales contre une trentaine de journalistes, d\u00e9nonce RSF","datePublished":"2015-11-25T15:11:00+00:00","dateModified":"2025-05-19T10:00:58+00:00","mainEntityOfPage":{"@id":"https:\/\/www.webdo.tn\/fr\/actualite\/national-45\/agressions-physiques-et-verbales-contre-une-trentaine-de-journalistes-denonce-rsf\/165608\/"},"wordCount":428,"commentCount":0,"publisher":{"@id":"https:\/\/www.webdo.tn\/fr\/#organization"},"image":{"@id":"https:\/\/www.webdo.tn\/fr\/actualite\/national-45\/agressions-physiques-et-verbales-contre-une-trentaine-de-journalistes-denonce-rsf\/165608\/#primaryimage"},"thumbnailUrl":"https:\/\/www.webdo.tn\/fr\/wp-content\/uploads\/2015\/11\/image_content_general_19724071_20151124211628-300x200-1.jpg","keywords":["guerre"],"articleSection":["National"],"inLanguage":"fr-FR"},{"@type":"WebPage","@id":"https:\/\/www.webdo.tn\/fr\/actualite\/national-45\/agressions-physiques-et-verbales-contre-une-trentaine-de-journalistes-denonce-rsf\/165608\/","url":"https:\/\/www.webdo.tn\/fr\/actualite\/national-45\/agressions-physiques-et-verbales-contre-une-trentaine-de-journalistes-denonce-rsf\/165608\/","name":"Agressions physiques et verbales contre une trentaine de journalistes, d\u00e9nonce RSF","isPartOf":{"@id":"https:\/\/www.webdo.tn\/fr\/#website"},"primaryImageOfPage":{"@id":"https:\/\/www.webdo.tn\/fr\/actualite\/national-45\/agressions-physiques-et-verbales-contre-une-trentaine-de-journalistes-denonce-rsf\/165608\/#primaryimage"},"image":{"@id":"https:\/\/www.webdo.tn\/fr\/actualite\/national-45\/agressions-physiques-et-verbales-contre-une-trentaine-de-journalistes-denonce-rsf\/165608\/#primaryimage"},"thumbnailUrl":"https:\/\/www.webdo.tn\/fr\/wp-content\/uploads\/2015\/11\/image_content_general_19724071_20151124211628-300x200-1.jpg","datePublished":"2015-11-25T15:11:00+00:00","dateModified":"2025-05-19T10:00:58+00:00","description":"Agressions physiques et verbales contre une trentaine de journalistes, d\u00e9nonce RSF","breadcrumb":{"@id":"https:\/\/www.webdo.tn\/fr\/actualite\/national-45\/agressions-physiques-et-verbales-contre-une-trentaine-de-journalistes-denonce-rsf\/165608\/#breadcrumb"},"inLanguage":"fr-FR","potentialAction":[{"@type":"ReadAction","target":["https:\/\/www.webdo.tn\/fr\/actualite\/national-45\/agressions-physiques-et-verbales-contre-une-trentaine-de-journalistes-denonce-rsf\/165608\/"]}]},{"@type":"ImageObject","inLanguage":"fr-FR","@id":"https:\/\/www.webdo.tn\/fr\/actualite\/national-45\/agressions-physiques-et-verbales-contre-une-trentaine-de-journalistes-denonce-rsf\/165608\/#primaryimage","url":"https:\/\/www.webdo.tn\/fr\/wp-content\/uploads\/2015\/11\/image_content_general_19724071_20151124211628-300x200-1.jpg","contentUrl":"https:\/\/www.webdo.tn\/fr\/wp-content\/uploads\/2015\/11\/image_content_general_19724071_20151124211628-300x200-1.jpg","width":300,"height":200,"caption":"Agressions physiques et verbales contre une trentaine de journalistes, d\u00e9nonce RSF"},{"@type":"BreadcrumbList","@id":"https:\/\/www.webdo.tn\/fr\/actualite\/national-45\/agressions-physiques-et-verbales-contre-une-trentaine-de-journalistes-denonce-rsf\/165608\/#breadcrumb","itemListElement":[{"@type":"ListItem","position":1,"name":"Accueil","item":"https:\/\/www.webdo.tn\/fr\/"},{"@type":"ListItem","position":2,"name":"Agressions physiques et verbales contre une trentaine de journalistes, d\u00e9nonce RSF"}]},{"@type":"WebSite","@id":"https:\/\/www.webdo.tn\/fr\/#website","url":"https:\/\/www.webdo.tn\/fr\/","name":"webdo","description":"Tunisie - News en Tunisie et \u00e0 l&#039;international sur Webdo.tn","publisher":{"@id":"https:\/\/www.webdo.tn\/fr\/#organization"},"potentialAction":[{"@type":"SearchAction","target":{"@type":"EntryPoint","urlTemplate":"https:\/\/www.webdo.tn\/fr\/?s={search_term_string}"},"query-input":{"@type":"PropertyValueSpecification","valueRequired":true,"valueName":"search_term_string"}}],"inLanguage":"fr-FR"},{"@type":"Organization","@id":"https:\/\/www.webdo.tn\/fr\/#organization","name":"Webdo","alternateName":"Webdo.tn","url":"https:\/\/www.webdo.tn\/fr\/","logo":{"@type":"ImageObject","inLanguage":"fr-FR","@id":"https:\/\/www.webdo.tn\/fr\/#\/schema\/logo\/image\/","url":"https:\/\/www.webdo.tn\/fr\/wp-content\/uploads\/2025\/06\/Webdo-Tunisie_168377.jpg","contentUrl":"https:\/\/www.webdo.tn\/fr\/wp-content\/uploads\/2025\/06\/Webdo-Tunisie_168377.jpg","width":301,"height":301,"caption":"Webdo"},"image":{"@id":"https:\/\/www.webdo.tn\/fr\/#\/schema\/logo\/image\/"},"sameAs":["https:\/\/www.facebook.com\/webdotn","https:\/\/x.com\/webdo_tn"],"description":"Webdo est un m\u00e9dia num\u00e9rique tunisien fond\u00e9 en 2010, sp\u00e9cialis\u00e9 dans l\u2019actualit\u00e9 nationale et internationale, l\u2019\u00e9conomie, la soci\u00e9t\u00e9 et les analyses politiques. Le site s\u2019adresse \u00e0 un large public francophone et couvre l\u2019information tunisienne en temps r\u00e9el.","email":"redac@webdo.tn","legalName":"YNJ SARL","foundingDate":"2010-09-06","numberOfEmployees":{"@type":"QuantitativeValue","minValue":"11","maxValue":"50"}},{"@type":"Person","@id":"https:\/\/www.webdo.tn\/fr\/#\/schema\/person\/9a9c6118d687c117df8ef3cc36a4d175","name":"webdo.tn","image":{"@type":"ImageObject","inLanguage":"fr-FR","@id":"https:\/\/secure.gravatar.com\/avatar\/7ce1f28c0c3bbac99ff550b85ef8e44a6950c6ee24514fb6a5489e51d06f0298?s=96&d=mm&r=g","url":"https:\/\/secure.gravatar.com\/avatar\/7ce1f28c0c3bbac99ff550b85ef8e44a6950c6ee24514fb6a5489e51d06f0298?s=96&d=mm&r=g","contentUrl":"https:\/\/secure.gravatar.com\/avatar\/7ce1f28c0c3bbac99ff550b85ef8e44a6950c6ee24514fb6a5489e51d06f0298?s=96&d=mm&r=g","caption":"webdo.tn"},"url":"https:\/\/www.webdo.tn\/fr\/actualite\/author\/webdotn\/"}]}},"_links":{"self":[{"href":"https:\/\/www.webdo.tn\/fr\/wp-json\/wp\/v2\/posts\/165608","targetHints":{"allow":["GET"]}}],"collection":[{"href":"https:\/\/www.webdo.tn\/fr\/wp-json\/wp\/v2\/posts"}],"about":[{"href":"https:\/\/www.webdo.tn\/fr\/wp-json\/wp\/v2\/types\/post"}],"author":[{"embeddable":true,"href":"https:\/\/www.webdo.tn\/fr\/wp-json\/wp\/v2\/users\/3222"}],"replies":[{"embeddable":true,"href":"https:\/\/www.webdo.tn\/fr\/wp-json\/wp\/v2\/comments?post=165608"}],"version-history":[{"count":0,"href":"https:\/\/www.webdo.tn\/fr\/wp-json\/wp\/v2\/posts\/165608\/revisions"}],"wp:featuredmedia":[{"embeddable":true,"href":"https:\/\/www.webdo.tn\/fr\/wp-json\/wp\/v2\/media\/329032"}],"wp:attachment":[{"href":"https:\/\/www.webdo.tn\/fr\/wp-json\/wp\/v2\/media?parent=165608"}],"wp:term":[{"taxonomy":"category","embeddable":true,"href":"https:\/\/www.webdo.tn\/fr\/wp-json\/wp\/v2\/categories?post=165608"},{"taxonomy":"post_tag","embeddable":true,"href":"https:\/\/www.webdo.tn\/fr\/wp-json\/wp\/v2\/tags?post=165608"}],"curies":[{"name":"wp","href":"https:\/\/api.w.org\/{rel}","templated":true}]}}