{"id":165293,"date":"2016-01-04T10:06:00","date_gmt":"2016-01-04T10:06:00","guid":{"rendered":"https:\/\/www.webdo.tn\/fr\/blog\/ratissage-a-siliana-terroriste-a-ete-abattu\/165293\/"},"modified":"2025-05-18T21:55:50","modified_gmt":"2025-05-18T21:55:50","slug":"ratissage-a-siliana-terroriste-a-ete-abattu","status":"publish","type":"post","link":"https:\/\/www.webdo.tn\/fr\/actualite\/national\/ratissage-a-siliana-terroriste-a-ete-abattu\/165293\/","title":{"rendered":"Ratissage \u00e0 Siliana o\u00f9 au moins un terroriste a \u00e9t\u00e9 abattu"},"content":{"rendered":"<p>Un terroriste de nationalit\u00e9 \u00e9trang\u00e8re a \u00e9t\u00e9 abattu, dimanche 3 janvier, lors d&rsquo;un \u00e9change de tirs entre les forces sp\u00e9ciales de la Garde nationale et un groupe terroriste.<\/p>\n<p>L&rsquo;individu a \u00e9t\u00e9 tu\u00e9 dans une zone montagneuse situ\u00e9e entre Jebel Serj et Jebel Ballouta, dans le gouvernorat de Siliana. Une kalachnikov et une grenade ont \u00e9t\u00e9 saisis au cours de cette op\u00e9ration, selon le porte-parole du minist\u00e8re de l&rsquo;Int\u00e9rieur Walid Louguini.<br \/>\nD&rsquo;autres terroristes touch\u00e9s ?<br \/>\nLes unit\u00e9s de la garde nationale avaient dress\u00e9 un guet-apens dans la zone montagneuse reliant Siliana \u00e0 Kairouan suite \u00e0 des informations relatives \u00e0 la pr\u00e9sence d&rsquo;\u00e9l\u00e9ments terroristes dans la r\u00e9gion, a pr\u00e9cis\u00e9 \u00e0 l&rsquo;Agence TAP Khelifa Chibani, charg\u00e9 de la communication aupr\u00e8s de la garde nationale.<\/p>\n<p>Selon lui, des cibles aurait \u00e9t\u00e9 touch\u00e9es dans les rangs du groupe terroriste suite \u00e0 cet \u00e9change de tirs avec les unit\u00e9s de la Garde nationale, ajoutant qu&rsquo;aucun agent de la Garde nationale ayant particip\u00e9 \u00e0 l&rsquo;op\u00e9ration n&rsquo;a \u00e9t\u00e9 touch\u00e9.<br \/>\nA.B.<\/p>\n","protected":false},"excerpt":{"rendered":"<p>Ratissage \u00e0 Siliana o\u00f9 au moins un terroriste a \u00e9t\u00e9 abattu<\/p>\n","protected":false},"author":3222,"featured_media":315996,"comment_status":"open","ping_status":"closed","sticky":false,"template":"","format":"standard","meta":{"footnotes":""},"categories":[44],"tags":[2600],"class_list":["post-165293","post","type-post","status-publish","format-standard","has-post-thumbnail","hentry","category-national","tag-guerre"],"yoast_head":"<!-- This site is optimized with the Yoast SEO Premium plugin v27.4 (Yoast SEO v27.5) - https:\/\/yoast.com\/product\/yoast-seo-premium-wordpress\/ -->\n<title>Ratissage \u00e0 Siliana o\u00f9 au moins un terroriste a \u00e9t\u00e9 abattu<\/title>\n<meta name=\"description\" content=\"Ratissage \u00e0 Siliana o\u00f9 au moins un terroriste a \u00e9t\u00e9 abattu\" \/>\n<link rel=\"canonical\" href=\"https:\/\/www.webdo.tn\/fr\/actualite\/national-45\/ratissage-a-siliana-terroriste-a-ete-abattu\/165293\/\" \/>\n<meta property=\"og:locale\" content=\"fr_FR\" \/>\n<meta property=\"og:type\" content=\"article\" \/>\n<meta property=\"og:title\" content=\"Ratissage \u00e0 Siliana o\u00f9 au moins un terroriste a \u00e9t\u00e9 abattu\" \/>\n<meta property=\"og:description\" content=\"Ratissage \u00e0 Siliana o\u00f9 au moins un terroriste a \u00e9t\u00e9 abattu\" \/>\n<meta property=\"og:url\" content=\"https:\/\/www.webdo.tn\/fr\/actualite\/national-45\/ratissage-a-siliana-terroriste-a-ete-abattu\/165293\/\" \/>\n<meta property=\"og:site_name\" content=\"webdo\" \/>\n<meta property=\"article:publisher\" content=\"https:\/\/www.facebook.com\/webdotn\" \/>\n<meta property=\"article:published_time\" content=\"2016-01-04T10:06:00+00:00\" \/>\n<meta property=\"article:modified_time\" content=\"2025-05-18T21:55:50+00:00\" \/>\n<meta property=\"og:image\" content=\"https:\/\/www.webdo.tn\/fr\/wp-content\/uploads\/2016\/01\/Siliana.jpg\" \/>\n\t<meta property=\"og:image:width\" content=\"855\" \/>\n\t<meta property=\"og:image:height\" content=\"524\" \/>\n\t<meta property=\"og:image:type\" content=\"image\/jpeg\" \/>\n<meta name=\"author\" content=\"webdo.tn\" \/>\n<meta name=\"twitter:card\" content=\"summary_large_image\" \/>\n<meta name=\"twitter:creator\" content=\"@webdo_tn\" \/>\n<meta name=\"twitter:site\" content=\"@webdo_tn\" \/>\n<meta name=\"twitter:label1\" content=\"\u00c9crit par\" \/>\n\t<meta name=\"twitter:data1\" content=\"webdo.tn\" \/>\n\t<meta name=\"twitter:label2\" content=\"Dur\u00e9e de lecture estim\u00e9e\" \/>\n\t<meta name=\"twitter:data2\" content=\"1 minute\" \/>\n<script type=\"application\/ld+json\" class=\"yoast-schema-graph\">{\"@context\":\"https:\\\/\\\/schema.org\",\"@graph\":[{\"@type\":\"NewsArticle\",\"@id\":\"https:\\\/\\\/www.webdo.tn\\\/fr\\\/actualite\\\/national-45\\\/ratissage-a-siliana-terroriste-a-ete-abattu\\\/165293\\\/#article\",\"isPartOf\":{\"@id\":\"https:\\\/\\\/www.webdo.tn\\\/fr\\\/actualite\\\/national-45\\\/ratissage-a-siliana-terroriste-a-ete-abattu\\\/165293\\\/\"},\"author\":{\"name\":\"webdo.tn\",\"@id\":\"https:\\\/\\\/www.webdo.tn\\\/fr\\\/#\\\/schema\\\/person\\\/9a9c6118d687c117df8ef3cc36a4d175\"},\"headline\":\"Ratissage \u00e0 Siliana o\u00f9 au moins un terroriste a \u00e9t\u00e9 abattu\",\"datePublished\":\"2016-01-04T10:06:00+00:00\",\"dateModified\":\"2025-05-18T21:55:50+00:00\",\"mainEntityOfPage\":{\"@id\":\"https:\\\/\\\/www.webdo.tn\\\/fr\\\/actualite\\\/national-45\\\/ratissage-a-siliana-terroriste-a-ete-abattu\\\/165293\\\/\"},\"wordCount\":190,\"commentCount\":0,\"publisher\":{\"@id\":\"https:\\\/\\\/www.webdo.tn\\\/fr\\\/#organization\"},\"image\":{\"@id\":\"https:\\\/\\\/www.webdo.tn\\\/fr\\\/actualite\\\/national-45\\\/ratissage-a-siliana-terroriste-a-ete-abattu\\\/165293\\\/#primaryimage\"},\"thumbnailUrl\":\"https:\\\/\\\/www.webdo.tn\\\/fr\\\/wp-content\\\/uploads\\\/2016\\\/01\\\/Siliana.jpg\",\"keywords\":[\"guerre\"],\"articleSection\":[\"National\"],\"inLanguage\":\"fr-FR\"},{\"@type\":\"WebPage\",\"@id\":\"https:\\\/\\\/www.webdo.tn\\\/fr\\\/actualite\\\/national-45\\\/ratissage-a-siliana-terroriste-a-ete-abattu\\\/165293\\\/\",\"url\":\"https:\\\/\\\/www.webdo.tn\\\/fr\\\/actualite\\\/national-45\\\/ratissage-a-siliana-terroriste-a-ete-abattu\\\/165293\\\/\",\"name\":\"Ratissage \u00e0 Siliana o\u00f9 au moins un terroriste a \u00e9t\u00e9 abattu\",\"isPartOf\":{\"@id\":\"https:\\\/\\\/www.webdo.tn\\\/fr\\\/#website\"},\"primaryImageOfPage\":{\"@id\":\"https:\\\/\\\/www.webdo.tn\\\/fr\\\/actualite\\\/national-45\\\/ratissage-a-siliana-terroriste-a-ete-abattu\\\/165293\\\/#primaryimage\"},\"image\":{\"@id\":\"https:\\\/\\\/www.webdo.tn\\\/fr\\\/actualite\\\/national-45\\\/ratissage-a-siliana-terroriste-a-ete-abattu\\\/165293\\\/#primaryimage\"},\"thumbnailUrl\":\"https:\\\/\\\/www.webdo.tn\\\/fr\\\/wp-content\\\/uploads\\\/2016\\\/01\\\/Siliana.jpg\",\"datePublished\":\"2016-01-04T10:06:00+00:00\",\"dateModified\":\"2025-05-18T21:55:50+00:00\",\"description\":\"Ratissage \u00e0 Siliana o\u00f9 au moins un terroriste a \u00e9t\u00e9 abattu\",\"breadcrumb\":{\"@id\":\"https:\\\/\\\/www.webdo.tn\\\/fr\\\/actualite\\\/national-45\\\/ratissage-a-siliana-terroriste-a-ete-abattu\\\/165293\\\/#breadcrumb\"},\"inLanguage\":\"fr-FR\",\"potentialAction\":[{\"@type\":\"ReadAction\",\"target\":[\"https:\\\/\\\/www.webdo.tn\\\/fr\\\/actualite\\\/national-45\\\/ratissage-a-siliana-terroriste-a-ete-abattu\\\/165293\\\/\"]}]},{\"@type\":\"ImageObject\",\"inLanguage\":\"fr-FR\",\"@id\":\"https:\\\/\\\/www.webdo.tn\\\/fr\\\/actualite\\\/national-45\\\/ratissage-a-siliana-terroriste-a-ete-abattu\\\/165293\\\/#primaryimage\",\"url\":\"https:\\\/\\\/www.webdo.tn\\\/fr\\\/wp-content\\\/uploads\\\/2016\\\/01\\\/Siliana.jpg\",\"contentUrl\":\"https:\\\/\\\/www.webdo.tn\\\/fr\\\/wp-content\\\/uploads\\\/2016\\\/01\\\/Siliana.jpg\",\"width\":855,\"height\":524,\"caption\":\"Ratissage \u00e0 Siliana o\u00f9 au moins un terroriste a \u00e9t\u00e9 abattu\"},{\"@type\":\"BreadcrumbList\",\"@id\":\"https:\\\/\\\/www.webdo.tn\\\/fr\\\/actualite\\\/national-45\\\/ratissage-a-siliana-terroriste-a-ete-abattu\\\/165293\\\/#breadcrumb\",\"itemListElement\":[{\"@type\":\"ListItem\",\"position\":1,\"name\":\"Accueil\",\"item\":\"https:\\\/\\\/www.webdo.tn\\\/fr\\\/\"},{\"@type\":\"ListItem\",\"position\":2,\"name\":\"Ratissage \u00e0 Siliana o\u00f9 au moins un terroriste a \u00e9t\u00e9 abattu\"}]},{\"@type\":\"WebSite\",\"@id\":\"https:\\\/\\\/www.webdo.tn\\\/fr\\\/#website\",\"url\":\"https:\\\/\\\/www.webdo.tn\\\/fr\\\/\",\"name\":\"webdo\",\"description\":\"Tunisie - News en Tunisie et \u00e0 l&#039;international sur Webdo.tn\",\"publisher\":{\"@id\":\"https:\\\/\\\/www.webdo.tn\\\/fr\\\/#organization\"},\"potentialAction\":[{\"@type\":\"SearchAction\",\"target\":{\"@type\":\"EntryPoint\",\"urlTemplate\":\"https:\\\/\\\/www.webdo.tn\\\/fr\\\/?s={search_term_string}\"},\"query-input\":{\"@type\":\"PropertyValueSpecification\",\"valueRequired\":true,\"valueName\":\"search_term_string\"}}],\"inLanguage\":\"fr-FR\"},{\"@type\":\"Organization\",\"@id\":\"https:\\\/\\\/www.webdo.tn\\\/fr\\\/#organization\",\"name\":\"Webdo\",\"alternateName\":\"Webdo.tn\",\"url\":\"https:\\\/\\\/www.webdo.tn\\\/fr\\\/\",\"logo\":{\"@type\":\"ImageObject\",\"inLanguage\":\"fr-FR\",\"@id\":\"https:\\\/\\\/www.webdo.tn\\\/fr\\\/#\\\/schema\\\/logo\\\/image\\\/\",\"url\":\"https:\\\/\\\/www.webdo.tn\\\/fr\\\/wp-content\\\/uploads\\\/2025\\\/06\\\/Webdo-Tunisie_168377.jpg\",\"contentUrl\":\"https:\\\/\\\/www.webdo.tn\\\/fr\\\/wp-content\\\/uploads\\\/2025\\\/06\\\/Webdo-Tunisie_168377.jpg\",\"width\":301,\"height\":301,\"caption\":\"Webdo\"},\"image\":{\"@id\":\"https:\\\/\\\/www.webdo.tn\\\/fr\\\/#\\\/schema\\\/logo\\\/image\\\/\"},\"sameAs\":[\"https:\\\/\\\/www.facebook.com\\\/webdotn\",\"https:\\\/\\\/x.com\\\/webdo_tn\"],\"description\":\"Webdo est un m\u00e9dia num\u00e9rique tunisien fond\u00e9 en 2010, sp\u00e9cialis\u00e9 dans l\u2019actualit\u00e9 nationale et internationale, l\u2019\u00e9conomie, la soci\u00e9t\u00e9 et les analyses politiques. Le site s\u2019adresse \u00e0 un large public francophone et couvre l\u2019information tunisienne en temps r\u00e9el.\",\"email\":\"redac@webdo.tn\",\"legalName\":\"YNJ SARL\",\"foundingDate\":\"2010-09-06\",\"numberOfEmployees\":{\"@type\":\"QuantitativeValue\",\"minValue\":\"11\",\"maxValue\":\"50\"}},{\"@type\":\"Person\",\"@id\":\"https:\\\/\\\/www.webdo.tn\\\/fr\\\/#\\\/schema\\\/person\\\/9a9c6118d687c117df8ef3cc36a4d175\",\"name\":\"webdo.tn\",\"image\":{\"@type\":\"ImageObject\",\"inLanguage\":\"fr-FR\",\"@id\":\"https:\\\/\\\/secure.gravatar.com\\\/avatar\\\/7ce1f28c0c3bbac99ff550b85ef8e44a6950c6ee24514fb6a5489e51d06f0298?s=96&d=mm&r=g\",\"url\":\"https:\\\/\\\/secure.gravatar.com\\\/avatar\\\/7ce1f28c0c3bbac99ff550b85ef8e44a6950c6ee24514fb6a5489e51d06f0298?s=96&d=mm&r=g\",\"contentUrl\":\"https:\\\/\\\/secure.gravatar.com\\\/avatar\\\/7ce1f28c0c3bbac99ff550b85ef8e44a6950c6ee24514fb6a5489e51d06f0298?s=96&d=mm&r=g\",\"caption\":\"webdo.tn\"},\"url\":\"https:\\\/\\\/www.webdo.tn\\\/fr\\\/actualite\\\/author\\\/webdotn\\\/\"}]}<\/script>\n<!-- \/ Yoast SEO Premium plugin. -->","yoast_head_json":{"title":"Ratissage \u00e0 Siliana o\u00f9 au moins un terroriste a \u00e9t\u00e9 abattu","description":"Ratissage \u00e0 Siliana o\u00f9 au moins un terroriste a \u00e9t\u00e9 abattu","canonical":"https:\/\/www.webdo.tn\/fr\/actualite\/national-45\/ratissage-a-siliana-terroriste-a-ete-abattu\/165293\/","og_locale":"fr_FR","og_type":"article","og_title":"Ratissage \u00e0 Siliana o\u00f9 au moins un terroriste a \u00e9t\u00e9 abattu","og_description":"Ratissage \u00e0 Siliana o\u00f9 au moins un terroriste a \u00e9t\u00e9 abattu","og_url":"https:\/\/www.webdo.tn\/fr\/actualite\/national-45\/ratissage-a-siliana-terroriste-a-ete-abattu\/165293\/","og_site_name":"webdo","article_publisher":"https:\/\/www.facebook.com\/webdotn","article_published_time":"2016-01-04T10:06:00+00:00","article_modified_time":"2025-05-18T21:55:50+00:00","og_image":[{"width":855,"height":524,"url":"https:\/\/www.webdo.tn\/fr\/wp-content\/uploads\/2016\/01\/Siliana.jpg","type":"image\/jpeg"}],"author":"webdo.tn","twitter_card":"summary_large_image","twitter_creator":"@webdo_tn","twitter_site":"@webdo_tn","twitter_misc":{"\u00c9crit par":"webdo.tn","Dur\u00e9e de lecture estim\u00e9e":"1 minute"},"schema":{"@context":"https:\/\/schema.org","@graph":[{"@type":"NewsArticle","@id":"https:\/\/www.webdo.tn\/fr\/actualite\/national-45\/ratissage-a-siliana-terroriste-a-ete-abattu\/165293\/#article","isPartOf":{"@id":"https:\/\/www.webdo.tn\/fr\/actualite\/national-45\/ratissage-a-siliana-terroriste-a-ete-abattu\/165293\/"},"author":{"name":"webdo.tn","@id":"https:\/\/www.webdo.tn\/fr\/#\/schema\/person\/9a9c6118d687c117df8ef3cc36a4d175"},"headline":"Ratissage \u00e0 Siliana o\u00f9 au moins un terroriste a \u00e9t\u00e9 abattu","datePublished":"2016-01-04T10:06:00+00:00","dateModified":"2025-05-18T21:55:50+00:00","mainEntityOfPage":{"@id":"https:\/\/www.webdo.tn\/fr\/actualite\/national-45\/ratissage-a-siliana-terroriste-a-ete-abattu\/165293\/"},"wordCount":190,"commentCount":0,"publisher":{"@id":"https:\/\/www.webdo.tn\/fr\/#organization"},"image":{"@id":"https:\/\/www.webdo.tn\/fr\/actualite\/national-45\/ratissage-a-siliana-terroriste-a-ete-abattu\/165293\/#primaryimage"},"thumbnailUrl":"https:\/\/www.webdo.tn\/fr\/wp-content\/uploads\/2016\/01\/Siliana.jpg","keywords":["guerre"],"articleSection":["National"],"inLanguage":"fr-FR"},{"@type":"WebPage","@id":"https:\/\/www.webdo.tn\/fr\/actualite\/national-45\/ratissage-a-siliana-terroriste-a-ete-abattu\/165293\/","url":"https:\/\/www.webdo.tn\/fr\/actualite\/national-45\/ratissage-a-siliana-terroriste-a-ete-abattu\/165293\/","name":"Ratissage \u00e0 Siliana o\u00f9 au moins un terroriste a \u00e9t\u00e9 abattu","isPartOf":{"@id":"https:\/\/www.webdo.tn\/fr\/#website"},"primaryImageOfPage":{"@id":"https:\/\/www.webdo.tn\/fr\/actualite\/national-45\/ratissage-a-siliana-terroriste-a-ete-abattu\/165293\/#primaryimage"},"image":{"@id":"https:\/\/www.webdo.tn\/fr\/actualite\/national-45\/ratissage-a-siliana-terroriste-a-ete-abattu\/165293\/#primaryimage"},"thumbnailUrl":"https:\/\/www.webdo.tn\/fr\/wp-content\/uploads\/2016\/01\/Siliana.jpg","datePublished":"2016-01-04T10:06:00+00:00","dateModified":"2025-05-18T21:55:50+00:00","description":"Ratissage \u00e0 Siliana o\u00f9 au moins un terroriste a \u00e9t\u00e9 abattu","breadcrumb":{"@id":"https:\/\/www.webdo.tn\/fr\/actualite\/national-45\/ratissage-a-siliana-terroriste-a-ete-abattu\/165293\/#breadcrumb"},"inLanguage":"fr-FR","potentialAction":[{"@type":"ReadAction","target":["https:\/\/www.webdo.tn\/fr\/actualite\/national-45\/ratissage-a-siliana-terroriste-a-ete-abattu\/165293\/"]}]},{"@type":"ImageObject","inLanguage":"fr-FR","@id":"https:\/\/www.webdo.tn\/fr\/actualite\/national-45\/ratissage-a-siliana-terroriste-a-ete-abattu\/165293\/#primaryimage","url":"https:\/\/www.webdo.tn\/fr\/wp-content\/uploads\/2016\/01\/Siliana.jpg","contentUrl":"https:\/\/www.webdo.tn\/fr\/wp-content\/uploads\/2016\/01\/Siliana.jpg","width":855,"height":524,"caption":"Ratissage \u00e0 Siliana o\u00f9 au moins un terroriste a \u00e9t\u00e9 abattu"},{"@type":"BreadcrumbList","@id":"https:\/\/www.webdo.tn\/fr\/actualite\/national-45\/ratissage-a-siliana-terroriste-a-ete-abattu\/165293\/#breadcrumb","itemListElement":[{"@type":"ListItem","position":1,"name":"Accueil","item":"https:\/\/www.webdo.tn\/fr\/"},{"@type":"ListItem","position":2,"name":"Ratissage \u00e0 Siliana o\u00f9 au moins un terroriste a \u00e9t\u00e9 abattu"}]},{"@type":"WebSite","@id":"https:\/\/www.webdo.tn\/fr\/#website","url":"https:\/\/www.webdo.tn\/fr\/","name":"webdo","description":"Tunisie - News en Tunisie et \u00e0 l&#039;international sur Webdo.tn","publisher":{"@id":"https:\/\/www.webdo.tn\/fr\/#organization"},"potentialAction":[{"@type":"SearchAction","target":{"@type":"EntryPoint","urlTemplate":"https:\/\/www.webdo.tn\/fr\/?s={search_term_string}"},"query-input":{"@type":"PropertyValueSpecification","valueRequired":true,"valueName":"search_term_string"}}],"inLanguage":"fr-FR"},{"@type":"Organization","@id":"https:\/\/www.webdo.tn\/fr\/#organization","name":"Webdo","alternateName":"Webdo.tn","url":"https:\/\/www.webdo.tn\/fr\/","logo":{"@type":"ImageObject","inLanguage":"fr-FR","@id":"https:\/\/www.webdo.tn\/fr\/#\/schema\/logo\/image\/","url":"https:\/\/www.webdo.tn\/fr\/wp-content\/uploads\/2025\/06\/Webdo-Tunisie_168377.jpg","contentUrl":"https:\/\/www.webdo.tn\/fr\/wp-content\/uploads\/2025\/06\/Webdo-Tunisie_168377.jpg","width":301,"height":301,"caption":"Webdo"},"image":{"@id":"https:\/\/www.webdo.tn\/fr\/#\/schema\/logo\/image\/"},"sameAs":["https:\/\/www.facebook.com\/webdotn","https:\/\/x.com\/webdo_tn"],"description":"Webdo est un m\u00e9dia num\u00e9rique tunisien fond\u00e9 en 2010, sp\u00e9cialis\u00e9 dans l\u2019actualit\u00e9 nationale et internationale, l\u2019\u00e9conomie, la soci\u00e9t\u00e9 et les analyses politiques. Le site s\u2019adresse \u00e0 un large public francophone et couvre l\u2019information tunisienne en temps r\u00e9el.","email":"redac@webdo.tn","legalName":"YNJ SARL","foundingDate":"2010-09-06","numberOfEmployees":{"@type":"QuantitativeValue","minValue":"11","maxValue":"50"}},{"@type":"Person","@id":"https:\/\/www.webdo.tn\/fr\/#\/schema\/person\/9a9c6118d687c117df8ef3cc36a4d175","name":"webdo.tn","image":{"@type":"ImageObject","inLanguage":"fr-FR","@id":"https:\/\/secure.gravatar.com\/avatar\/7ce1f28c0c3bbac99ff550b85ef8e44a6950c6ee24514fb6a5489e51d06f0298?s=96&d=mm&r=g","url":"https:\/\/secure.gravatar.com\/avatar\/7ce1f28c0c3bbac99ff550b85ef8e44a6950c6ee24514fb6a5489e51d06f0298?s=96&d=mm&r=g","contentUrl":"https:\/\/secure.gravatar.com\/avatar\/7ce1f28c0c3bbac99ff550b85ef8e44a6950c6ee24514fb6a5489e51d06f0298?s=96&d=mm&r=g","caption":"webdo.tn"},"url":"https:\/\/www.webdo.tn\/fr\/actualite\/author\/webdotn\/"}]}},"_links":{"self":[{"href":"https:\/\/www.webdo.tn\/fr\/wp-json\/wp\/v2\/posts\/165293","targetHints":{"allow":["GET"]}}],"collection":[{"href":"https:\/\/www.webdo.tn\/fr\/wp-json\/wp\/v2\/posts"}],"about":[{"href":"https:\/\/www.webdo.tn\/fr\/wp-json\/wp\/v2\/types\/post"}],"author":[{"embeddable":true,"href":"https:\/\/www.webdo.tn\/fr\/wp-json\/wp\/v2\/users\/3222"}],"replies":[{"embeddable":true,"href":"https:\/\/www.webdo.tn\/fr\/wp-json\/wp\/v2\/comments?post=165293"}],"version-history":[{"count":0,"href":"https:\/\/www.webdo.tn\/fr\/wp-json\/wp\/v2\/posts\/165293\/revisions"}],"wp:featuredmedia":[{"embeddable":true,"href":"https:\/\/www.webdo.tn\/fr\/wp-json\/wp\/v2\/media\/315996"}],"wp:attachment":[{"href":"https:\/\/www.webdo.tn\/fr\/wp-json\/wp\/v2\/media?parent=165293"}],"wp:term":[{"taxonomy":"category","embeddable":true,"href":"https:\/\/www.webdo.tn\/fr\/wp-json\/wp\/v2\/categories?post=165293"},{"taxonomy":"post_tag","embeddable":true,"href":"https:\/\/www.webdo.tn\/fr\/wp-json\/wp\/v2\/tags?post=165293"}],"curies":[{"name":"wp","href":"https:\/\/api.w.org\/{rel}","templated":true}]}}