{"id":158754,"date":"2017-07-20T09:47:00","date_gmt":"2017-07-20T09:47:00","guid":{"rendered":"https:\/\/www.webdo.tn\/fr\/blog\/arrivee-a-laeroport-djerba-zarzis-premier-vol-provenance-dalger\/158754\/"},"modified":"2017-07-20T09:47:00","modified_gmt":"2017-07-20T09:47:00","slug":"arrivee-a-laeroport-djerba-zarzis-premier-vol-provenance-dalger","status":"publish","type":"post","link":"https:\/\/www.webdo.tn\/fr\/actualite\/national\/arrivee-a-laeroport-djerba-zarzis-premier-vol-provenance-dalger\/158754\/","title":{"rendered":"Arriv\u00e9e, \u00e0 l&rsquo;a\u00e9roport Djerba-Zarzis, du premier vol en provenance d\u2019Alger"},"content":{"rendered":"<p>Le premier contingent de touristes alg\u00e9riens ayant choisi Djerba pour y passer les vacances a atterri mardi 18 juillet, \u00e0 l\u2019a\u00e9roport Djerba-Zarzis, avec \u00e0 son bord 130 voyageurs.<\/p>\n<p>La commissaire r\u00e9gionale au tourisme \u00e0 Djerba-Zarzis Amel Hachanni a d\u00e9clar\u00e9 \u00e0 l&rsquo;agence TAP que ces vols charter se poursuivent jusqu\u2019au 12 septembre 2017 \u00e0 raison de deux vols chaque dix jours, ajoutant que selon les pr\u00e9visions du commissariat, des centaines de touristes Alg\u00e9riens sont attendus dans la r\u00e9gion durant la prochaine p\u00e9riode.<\/p>\n<p>Elle a soulign\u00e9 la n\u00e9cessit\u00e9 de lancer une nouvelle ligne a\u00e9rienne Ouran-Djerba et de renforcer le nombre de vols sur la ligne Alger-Djerba.<\/p>\n<p>Hachanni a rappel\u00e9 que Djerba constitue une destination attractive pour les touristes Alg\u00e9riens qui devront atteindre cette ann\u00e9e 2 millions en Tunisie selon les estimations du minist\u00e8re du tourisme, ajoutant que la zone touristique Djerba-Zarzis a enregistr\u00e9 \u00e9galement une reprise de ses march\u00e9s traditionnels tels que le march\u00e9 fran\u00e7ais, allemand, tch\u00e8que, hongrois, autrichien et belge.<br \/>\nDA<\/p>\n","protected":false},"excerpt":{"rendered":"<p>Arriv\u00e9e, \u00e0 l&rsquo;a\u00e9roport Djerba-Zarzis, du premier vol en provenance d\u2019Alger<\/p>\n","protected":false},"author":3222,"featured_media":325165,"comment_status":"open","ping_status":"closed","sticky":false,"template":"","format":"standard","meta":{"footnotes":""},"categories":[44],"tags":[2600],"class_list":["post-158754","post","type-post","status-publish","format-standard","has-post-thumbnail","hentry","category-national","tag-guerre"],"yoast_head":"<!-- This site is optimized with the Yoast SEO Premium plugin v27.4 (Yoast SEO v27.4) - https:\/\/yoast.com\/product\/yoast-seo-premium-wordpress\/ -->\n<title>Arriv\u00e9e, \u00e0 l&#039;a\u00e9roport Djerba-Zarzis, du premier vol en provenance d\u2019Alger<\/title>\n<meta name=\"description\" content=\"Arriv\u00e9e, \u00e0 l&#039;a\u00e9roport Djerba-Zarzis, du premier vol en provenance d\u2019Alger\" \/>\n<link rel=\"canonical\" href=\"https:\/\/www.webdo.tn\/fr\/actualite\/national-45\/arrivee-a-laeroport-djerba-zarzis-premier-vol-provenance-dalger\/158754\/\" \/>\n<meta property=\"og:locale\" content=\"fr_FR\" \/>\n<meta property=\"og:type\" content=\"article\" \/>\n<meta property=\"og:title\" content=\"Arriv\u00e9e, \u00e0 l&#039;a\u00e9roport Djerba-Zarzis, du premier vol en provenance d\u2019Alger\" \/>\n<meta property=\"og:description\" content=\"Arriv\u00e9e, \u00e0 l&#039;a\u00e9roport Djerba-Zarzis, du premier vol en provenance d\u2019Alger\" \/>\n<meta property=\"og:url\" content=\"https:\/\/www.webdo.tn\/fr\/actualite\/national-45\/arrivee-a-laeroport-djerba-zarzis-premier-vol-provenance-dalger\/158754\/\" \/>\n<meta property=\"og:site_name\" content=\"webdo\" \/>\n<meta property=\"article:publisher\" content=\"https:\/\/www.facebook.com\/webdotn\" \/>\n<meta property=\"article:published_time\" content=\"2017-07-20T09:47:00+00:00\" \/>\n<meta property=\"og:image\" content=\"https:\/\/www.webdo.tn\/fr\/wp-content\/uploads\/2017\/07\/aeroport_djerba_zarzis.jpg\" \/>\n\t<meta property=\"og:image:width\" content=\"800\" \/>\n\t<meta property=\"og:image:height\" content=\"450\" \/>\n\t<meta property=\"og:image:type\" content=\"image\/jpeg\" \/>\n<meta name=\"author\" content=\"webdo.tn\" \/>\n<meta name=\"twitter:card\" content=\"summary_large_image\" \/>\n<meta name=\"twitter:creator\" content=\"@webdo_tn\" \/>\n<meta name=\"twitter:site\" content=\"@webdo_tn\" \/>\n<meta name=\"twitter:label1\" content=\"\u00c9crit par\" \/>\n\t<meta name=\"twitter:data1\" content=\"webdo.tn\" \/>\n\t<meta name=\"twitter:label2\" content=\"Dur\u00e9e de lecture estim\u00e9e\" \/>\n\t<meta name=\"twitter:data2\" content=\"1 minute\" \/>\n<script type=\"application\/ld+json\" class=\"yoast-schema-graph\">{\"@context\":\"https:\\\/\\\/schema.org\",\"@graph\":[{\"@type\":\"NewsArticle\",\"@id\":\"https:\\\/\\\/www.webdo.tn\\\/fr\\\/actualite\\\/national-45\\\/arrivee-a-laeroport-djerba-zarzis-premier-vol-provenance-dalger\\\/158754\\\/#article\",\"isPartOf\":{\"@id\":\"https:\\\/\\\/www.webdo.tn\\\/fr\\\/actualite\\\/national-45\\\/arrivee-a-laeroport-djerba-zarzis-premier-vol-provenance-dalger\\\/158754\\\/\"},\"author\":{\"name\":\"webdo.tn\",\"@id\":\"https:\\\/\\\/www.webdo.tn\\\/fr\\\/#\\\/schema\\\/person\\\/9a9c6118d687c117df8ef3cc36a4d175\"},\"headline\":\"Arriv\u00e9e, \u00e0 l&rsquo;a\u00e9roport Djerba-Zarzis, du premier vol en provenance d\u2019Alger\",\"datePublished\":\"2017-07-20T09:47:00+00:00\",\"mainEntityOfPage\":{\"@id\":\"https:\\\/\\\/www.webdo.tn\\\/fr\\\/actualite\\\/national-45\\\/arrivee-a-laeroport-djerba-zarzis-premier-vol-provenance-dalger\\\/158754\\\/\"},\"wordCount\":182,\"commentCount\":0,\"publisher\":{\"@id\":\"https:\\\/\\\/www.webdo.tn\\\/fr\\\/#organization\"},\"image\":{\"@id\":\"https:\\\/\\\/www.webdo.tn\\\/fr\\\/actualite\\\/national-45\\\/arrivee-a-laeroport-djerba-zarzis-premier-vol-provenance-dalger\\\/158754\\\/#primaryimage\"},\"thumbnailUrl\":\"https:\\\/\\\/www.webdo.tn\\\/fr\\\/wp-content\\\/uploads\\\/2017\\\/07\\\/aeroport_djerba_zarzis.jpg\",\"keywords\":[\"guerre\"],\"articleSection\":[\"National\"],\"inLanguage\":\"fr-FR\"},{\"@type\":\"WebPage\",\"@id\":\"https:\\\/\\\/www.webdo.tn\\\/fr\\\/actualite\\\/national-45\\\/arrivee-a-laeroport-djerba-zarzis-premier-vol-provenance-dalger\\\/158754\\\/\",\"url\":\"https:\\\/\\\/www.webdo.tn\\\/fr\\\/actualite\\\/national-45\\\/arrivee-a-laeroport-djerba-zarzis-premier-vol-provenance-dalger\\\/158754\\\/\",\"name\":\"Arriv\u00e9e, \u00e0 l'a\u00e9roport Djerba-Zarzis, du premier vol en provenance d\u2019Alger\",\"isPartOf\":{\"@id\":\"https:\\\/\\\/www.webdo.tn\\\/fr\\\/#website\"},\"primaryImageOfPage\":{\"@id\":\"https:\\\/\\\/www.webdo.tn\\\/fr\\\/actualite\\\/national-45\\\/arrivee-a-laeroport-djerba-zarzis-premier-vol-provenance-dalger\\\/158754\\\/#primaryimage\"},\"image\":{\"@id\":\"https:\\\/\\\/www.webdo.tn\\\/fr\\\/actualite\\\/national-45\\\/arrivee-a-laeroport-djerba-zarzis-premier-vol-provenance-dalger\\\/158754\\\/#primaryimage\"},\"thumbnailUrl\":\"https:\\\/\\\/www.webdo.tn\\\/fr\\\/wp-content\\\/uploads\\\/2017\\\/07\\\/aeroport_djerba_zarzis.jpg\",\"datePublished\":\"2017-07-20T09:47:00+00:00\",\"description\":\"Arriv\u00e9e, \u00e0 l'a\u00e9roport Djerba-Zarzis, du premier vol en provenance d\u2019Alger\",\"breadcrumb\":{\"@id\":\"https:\\\/\\\/www.webdo.tn\\\/fr\\\/actualite\\\/national-45\\\/arrivee-a-laeroport-djerba-zarzis-premier-vol-provenance-dalger\\\/158754\\\/#breadcrumb\"},\"inLanguage\":\"fr-FR\",\"potentialAction\":[{\"@type\":\"ReadAction\",\"target\":[\"https:\\\/\\\/www.webdo.tn\\\/fr\\\/actualite\\\/national-45\\\/arrivee-a-laeroport-djerba-zarzis-premier-vol-provenance-dalger\\\/158754\\\/\"]}]},{\"@type\":\"ImageObject\",\"inLanguage\":\"fr-FR\",\"@id\":\"https:\\\/\\\/www.webdo.tn\\\/fr\\\/actualite\\\/national-45\\\/arrivee-a-laeroport-djerba-zarzis-premier-vol-provenance-dalger\\\/158754\\\/#primaryimage\",\"url\":\"https:\\\/\\\/www.webdo.tn\\\/fr\\\/wp-content\\\/uploads\\\/2017\\\/07\\\/aeroport_djerba_zarzis.jpg\",\"contentUrl\":\"https:\\\/\\\/www.webdo.tn\\\/fr\\\/wp-content\\\/uploads\\\/2017\\\/07\\\/aeroport_djerba_zarzis.jpg\",\"width\":800,\"height\":450,\"caption\":\"Arriv\u00e9e, \u00e0 l'a\u00e9roport Djerba-Zarzis, du premier vol en provenance d\u2019Alger\"},{\"@type\":\"BreadcrumbList\",\"@id\":\"https:\\\/\\\/www.webdo.tn\\\/fr\\\/actualite\\\/national-45\\\/arrivee-a-laeroport-djerba-zarzis-premier-vol-provenance-dalger\\\/158754\\\/#breadcrumb\",\"itemListElement\":[{\"@type\":\"ListItem\",\"position\":1,\"name\":\"Accueil\",\"item\":\"https:\\\/\\\/www.webdo.tn\\\/fr\\\/\"},{\"@type\":\"ListItem\",\"position\":2,\"name\":\"Arriv\u00e9e, \u00e0 l&rsquo;a\u00e9roport Djerba-Zarzis, du premier vol en provenance d\u2019Alger\"}]},{\"@type\":\"WebSite\",\"@id\":\"https:\\\/\\\/www.webdo.tn\\\/fr\\\/#website\",\"url\":\"https:\\\/\\\/www.webdo.tn\\\/fr\\\/\",\"name\":\"webdo\",\"description\":\"Tunisie - News en Tunisie et \u00e0 l&#039;international sur Webdo.tn\",\"publisher\":{\"@id\":\"https:\\\/\\\/www.webdo.tn\\\/fr\\\/#organization\"},\"potentialAction\":[{\"@type\":\"SearchAction\",\"target\":{\"@type\":\"EntryPoint\",\"urlTemplate\":\"https:\\\/\\\/www.webdo.tn\\\/fr\\\/?s={search_term_string}\"},\"query-input\":{\"@type\":\"PropertyValueSpecification\",\"valueRequired\":true,\"valueName\":\"search_term_string\"}}],\"inLanguage\":\"fr-FR\"},{\"@type\":\"Organization\",\"@id\":\"https:\\\/\\\/www.webdo.tn\\\/fr\\\/#organization\",\"name\":\"Webdo\",\"alternateName\":\"Webdo.tn\",\"url\":\"https:\\\/\\\/www.webdo.tn\\\/fr\\\/\",\"logo\":{\"@type\":\"ImageObject\",\"inLanguage\":\"fr-FR\",\"@id\":\"https:\\\/\\\/www.webdo.tn\\\/fr\\\/#\\\/schema\\\/logo\\\/image\\\/\",\"url\":\"https:\\\/\\\/www.webdo.tn\\\/fr\\\/wp-content\\\/uploads\\\/2025\\\/06\\\/Webdo-Tunisie_168377.jpg\",\"contentUrl\":\"https:\\\/\\\/www.webdo.tn\\\/fr\\\/wp-content\\\/uploads\\\/2025\\\/06\\\/Webdo-Tunisie_168377.jpg\",\"width\":301,\"height\":301,\"caption\":\"Webdo\"},\"image\":{\"@id\":\"https:\\\/\\\/www.webdo.tn\\\/fr\\\/#\\\/schema\\\/logo\\\/image\\\/\"},\"sameAs\":[\"https:\\\/\\\/www.facebook.com\\\/webdotn\",\"https:\\\/\\\/x.com\\\/webdo_tn\"],\"description\":\"Webdo est un m\u00e9dia num\u00e9rique tunisien fond\u00e9 en 2010, sp\u00e9cialis\u00e9 dans l\u2019actualit\u00e9 nationale et internationale, l\u2019\u00e9conomie, la soci\u00e9t\u00e9 et les analyses politiques. Le site s\u2019adresse \u00e0 un large public francophone et couvre l\u2019information tunisienne en temps r\u00e9el.\",\"email\":\"redac@webdo.tn\",\"legalName\":\"YNJ SARL\",\"foundingDate\":\"2010-09-06\",\"numberOfEmployees\":{\"@type\":\"QuantitativeValue\",\"minValue\":\"11\",\"maxValue\":\"50\"}},{\"@type\":\"Person\",\"@id\":\"https:\\\/\\\/www.webdo.tn\\\/fr\\\/#\\\/schema\\\/person\\\/9a9c6118d687c117df8ef3cc36a4d175\",\"name\":\"webdo.tn\",\"image\":{\"@type\":\"ImageObject\",\"inLanguage\":\"fr-FR\",\"@id\":\"https:\\\/\\\/secure.gravatar.com\\\/avatar\\\/7ce1f28c0c3bbac99ff550b85ef8e44a6950c6ee24514fb6a5489e51d06f0298?s=96&d=mm&r=g\",\"url\":\"https:\\\/\\\/secure.gravatar.com\\\/avatar\\\/7ce1f28c0c3bbac99ff550b85ef8e44a6950c6ee24514fb6a5489e51d06f0298?s=96&d=mm&r=g\",\"contentUrl\":\"https:\\\/\\\/secure.gravatar.com\\\/avatar\\\/7ce1f28c0c3bbac99ff550b85ef8e44a6950c6ee24514fb6a5489e51d06f0298?s=96&d=mm&r=g\",\"caption\":\"webdo.tn\"},\"url\":\"https:\\\/\\\/www.webdo.tn\\\/fr\\\/actualite\\\/author\\\/webdotn\\\/\"}]}<\/script>\n<!-- \/ Yoast SEO Premium plugin. -->","yoast_head_json":{"title":"Arriv\u00e9e, \u00e0 l'a\u00e9roport Djerba-Zarzis, du premier vol en provenance d\u2019Alger","description":"Arriv\u00e9e, \u00e0 l'a\u00e9roport Djerba-Zarzis, du premier vol en provenance d\u2019Alger","canonical":"https:\/\/www.webdo.tn\/fr\/actualite\/national-45\/arrivee-a-laeroport-djerba-zarzis-premier-vol-provenance-dalger\/158754\/","og_locale":"fr_FR","og_type":"article","og_title":"Arriv\u00e9e, \u00e0 l'a\u00e9roport Djerba-Zarzis, du premier vol en provenance d\u2019Alger","og_description":"Arriv\u00e9e, \u00e0 l'a\u00e9roport Djerba-Zarzis, du premier vol en provenance d\u2019Alger","og_url":"https:\/\/www.webdo.tn\/fr\/actualite\/national-45\/arrivee-a-laeroport-djerba-zarzis-premier-vol-provenance-dalger\/158754\/","og_site_name":"webdo","article_publisher":"https:\/\/www.facebook.com\/webdotn","article_published_time":"2017-07-20T09:47:00+00:00","og_image":[{"width":800,"height":450,"url":"https:\/\/www.webdo.tn\/fr\/wp-content\/uploads\/2017\/07\/aeroport_djerba_zarzis.jpg","type":"image\/jpeg"}],"author":"webdo.tn","twitter_card":"summary_large_image","twitter_creator":"@webdo_tn","twitter_site":"@webdo_tn","twitter_misc":{"\u00c9crit par":"webdo.tn","Dur\u00e9e de lecture estim\u00e9e":"1 minute"},"schema":{"@context":"https:\/\/schema.org","@graph":[{"@type":"NewsArticle","@id":"https:\/\/www.webdo.tn\/fr\/actualite\/national-45\/arrivee-a-laeroport-djerba-zarzis-premier-vol-provenance-dalger\/158754\/#article","isPartOf":{"@id":"https:\/\/www.webdo.tn\/fr\/actualite\/national-45\/arrivee-a-laeroport-djerba-zarzis-premier-vol-provenance-dalger\/158754\/"},"author":{"name":"webdo.tn","@id":"https:\/\/www.webdo.tn\/fr\/#\/schema\/person\/9a9c6118d687c117df8ef3cc36a4d175"},"headline":"Arriv\u00e9e, \u00e0 l&rsquo;a\u00e9roport Djerba-Zarzis, du premier vol en provenance d\u2019Alger","datePublished":"2017-07-20T09:47:00+00:00","mainEntityOfPage":{"@id":"https:\/\/www.webdo.tn\/fr\/actualite\/national-45\/arrivee-a-laeroport-djerba-zarzis-premier-vol-provenance-dalger\/158754\/"},"wordCount":182,"commentCount":0,"publisher":{"@id":"https:\/\/www.webdo.tn\/fr\/#organization"},"image":{"@id":"https:\/\/www.webdo.tn\/fr\/actualite\/national-45\/arrivee-a-laeroport-djerba-zarzis-premier-vol-provenance-dalger\/158754\/#primaryimage"},"thumbnailUrl":"https:\/\/www.webdo.tn\/fr\/wp-content\/uploads\/2017\/07\/aeroport_djerba_zarzis.jpg","keywords":["guerre"],"articleSection":["National"],"inLanguage":"fr-FR"},{"@type":"WebPage","@id":"https:\/\/www.webdo.tn\/fr\/actualite\/national-45\/arrivee-a-laeroport-djerba-zarzis-premier-vol-provenance-dalger\/158754\/","url":"https:\/\/www.webdo.tn\/fr\/actualite\/national-45\/arrivee-a-laeroport-djerba-zarzis-premier-vol-provenance-dalger\/158754\/","name":"Arriv\u00e9e, \u00e0 l'a\u00e9roport Djerba-Zarzis, du premier vol en provenance d\u2019Alger","isPartOf":{"@id":"https:\/\/www.webdo.tn\/fr\/#website"},"primaryImageOfPage":{"@id":"https:\/\/www.webdo.tn\/fr\/actualite\/national-45\/arrivee-a-laeroport-djerba-zarzis-premier-vol-provenance-dalger\/158754\/#primaryimage"},"image":{"@id":"https:\/\/www.webdo.tn\/fr\/actualite\/national-45\/arrivee-a-laeroport-djerba-zarzis-premier-vol-provenance-dalger\/158754\/#primaryimage"},"thumbnailUrl":"https:\/\/www.webdo.tn\/fr\/wp-content\/uploads\/2017\/07\/aeroport_djerba_zarzis.jpg","datePublished":"2017-07-20T09:47:00+00:00","description":"Arriv\u00e9e, \u00e0 l'a\u00e9roport Djerba-Zarzis, du premier vol en provenance d\u2019Alger","breadcrumb":{"@id":"https:\/\/www.webdo.tn\/fr\/actualite\/national-45\/arrivee-a-laeroport-djerba-zarzis-premier-vol-provenance-dalger\/158754\/#breadcrumb"},"inLanguage":"fr-FR","potentialAction":[{"@type":"ReadAction","target":["https:\/\/www.webdo.tn\/fr\/actualite\/national-45\/arrivee-a-laeroport-djerba-zarzis-premier-vol-provenance-dalger\/158754\/"]}]},{"@type":"ImageObject","inLanguage":"fr-FR","@id":"https:\/\/www.webdo.tn\/fr\/actualite\/national-45\/arrivee-a-laeroport-djerba-zarzis-premier-vol-provenance-dalger\/158754\/#primaryimage","url":"https:\/\/www.webdo.tn\/fr\/wp-content\/uploads\/2017\/07\/aeroport_djerba_zarzis.jpg","contentUrl":"https:\/\/www.webdo.tn\/fr\/wp-content\/uploads\/2017\/07\/aeroport_djerba_zarzis.jpg","width":800,"height":450,"caption":"Arriv\u00e9e, \u00e0 l'a\u00e9roport Djerba-Zarzis, du premier vol en provenance d\u2019Alger"},{"@type":"BreadcrumbList","@id":"https:\/\/www.webdo.tn\/fr\/actualite\/national-45\/arrivee-a-laeroport-djerba-zarzis-premier-vol-provenance-dalger\/158754\/#breadcrumb","itemListElement":[{"@type":"ListItem","position":1,"name":"Accueil","item":"https:\/\/www.webdo.tn\/fr\/"},{"@type":"ListItem","position":2,"name":"Arriv\u00e9e, \u00e0 l&rsquo;a\u00e9roport Djerba-Zarzis, du premier vol en provenance d\u2019Alger"}]},{"@type":"WebSite","@id":"https:\/\/www.webdo.tn\/fr\/#website","url":"https:\/\/www.webdo.tn\/fr\/","name":"webdo","description":"Tunisie - News en Tunisie et \u00e0 l&#039;international sur Webdo.tn","publisher":{"@id":"https:\/\/www.webdo.tn\/fr\/#organization"},"potentialAction":[{"@type":"SearchAction","target":{"@type":"EntryPoint","urlTemplate":"https:\/\/www.webdo.tn\/fr\/?s={search_term_string}"},"query-input":{"@type":"PropertyValueSpecification","valueRequired":true,"valueName":"search_term_string"}}],"inLanguage":"fr-FR"},{"@type":"Organization","@id":"https:\/\/www.webdo.tn\/fr\/#organization","name":"Webdo","alternateName":"Webdo.tn","url":"https:\/\/www.webdo.tn\/fr\/","logo":{"@type":"ImageObject","inLanguage":"fr-FR","@id":"https:\/\/www.webdo.tn\/fr\/#\/schema\/logo\/image\/","url":"https:\/\/www.webdo.tn\/fr\/wp-content\/uploads\/2025\/06\/Webdo-Tunisie_168377.jpg","contentUrl":"https:\/\/www.webdo.tn\/fr\/wp-content\/uploads\/2025\/06\/Webdo-Tunisie_168377.jpg","width":301,"height":301,"caption":"Webdo"},"image":{"@id":"https:\/\/www.webdo.tn\/fr\/#\/schema\/logo\/image\/"},"sameAs":["https:\/\/www.facebook.com\/webdotn","https:\/\/x.com\/webdo_tn"],"description":"Webdo est un m\u00e9dia num\u00e9rique tunisien fond\u00e9 en 2010, sp\u00e9cialis\u00e9 dans l\u2019actualit\u00e9 nationale et internationale, l\u2019\u00e9conomie, la soci\u00e9t\u00e9 et les analyses politiques. Le site s\u2019adresse \u00e0 un large public francophone et couvre l\u2019information tunisienne en temps r\u00e9el.","email":"redac@webdo.tn","legalName":"YNJ SARL","foundingDate":"2010-09-06","numberOfEmployees":{"@type":"QuantitativeValue","minValue":"11","maxValue":"50"}},{"@type":"Person","@id":"https:\/\/www.webdo.tn\/fr\/#\/schema\/person\/9a9c6118d687c117df8ef3cc36a4d175","name":"webdo.tn","image":{"@type":"ImageObject","inLanguage":"fr-FR","@id":"https:\/\/secure.gravatar.com\/avatar\/7ce1f28c0c3bbac99ff550b85ef8e44a6950c6ee24514fb6a5489e51d06f0298?s=96&d=mm&r=g","url":"https:\/\/secure.gravatar.com\/avatar\/7ce1f28c0c3bbac99ff550b85ef8e44a6950c6ee24514fb6a5489e51d06f0298?s=96&d=mm&r=g","contentUrl":"https:\/\/secure.gravatar.com\/avatar\/7ce1f28c0c3bbac99ff550b85ef8e44a6950c6ee24514fb6a5489e51d06f0298?s=96&d=mm&r=g","caption":"webdo.tn"},"url":"https:\/\/www.webdo.tn\/fr\/actualite\/author\/webdotn\/"}]}},"_links":{"self":[{"href":"https:\/\/www.webdo.tn\/fr\/wp-json\/wp\/v2\/posts\/158754","targetHints":{"allow":["GET"]}}],"collection":[{"href":"https:\/\/www.webdo.tn\/fr\/wp-json\/wp\/v2\/posts"}],"about":[{"href":"https:\/\/www.webdo.tn\/fr\/wp-json\/wp\/v2\/types\/post"}],"author":[{"embeddable":true,"href":"https:\/\/www.webdo.tn\/fr\/wp-json\/wp\/v2\/users\/3222"}],"replies":[{"embeddable":true,"href":"https:\/\/www.webdo.tn\/fr\/wp-json\/wp\/v2\/comments?post=158754"}],"version-history":[{"count":0,"href":"https:\/\/www.webdo.tn\/fr\/wp-json\/wp\/v2\/posts\/158754\/revisions"}],"wp:featuredmedia":[{"embeddable":true,"href":"https:\/\/www.webdo.tn\/fr\/wp-json\/wp\/v2\/media\/325165"}],"wp:attachment":[{"href":"https:\/\/www.webdo.tn\/fr\/wp-json\/wp\/v2\/media?parent=158754"}],"wp:term":[{"taxonomy":"category","embeddable":true,"href":"https:\/\/www.webdo.tn\/fr\/wp-json\/wp\/v2\/categories?post=158754"},{"taxonomy":"post_tag","embeddable":true,"href":"https:\/\/www.webdo.tn\/fr\/wp-json\/wp\/v2\/tags?post=158754"}],"curies":[{"name":"wp","href":"https:\/\/api.w.org\/{rel}","templated":true}]}}