{"id":156315,"date":"2018-02-06T11:51:00","date_gmt":"2018-02-06T11:51:00","guid":{"rendered":"https:\/\/www.webdo.tn\/fr\/blog\/particuliers-ouvrir-bureaux-de-change-aux-frontieres-terrestres\/156315\/"},"modified":"2025-05-19T14:06:24","modified_gmt":"2025-05-19T14:06:24","slug":"particuliers-ouvrir-bureaux-de-change-aux-frontieres-terrestres","status":"publish","type":"post","link":"https:\/\/www.webdo.tn\/fr\/actualite\/national\/particuliers-ouvrir-bureaux-de-change-aux-frontieres-terrestres\/156315\/","title":{"rendered":"Des particuliers vont ouvrir des bureaux de change aux fronti\u00e8res terrestres"},"content":{"rendered":"<p>Afin de r\u00e9orienter vers les canaux officiels les op\u00e9rations de change qui s&rsquo;effectuent dans les r\u00e9seaux ill\u00e9gaux, les pouvoirs publics viennent d&rsquo;opter pour une approche inclusive.<\/p>\n<p>En effet, depuis le 1er janvier 2018, il est possible pour les particuliers d&rsquo;ouvrir des bureaux de change, selon un d\u00e9cret gouvernemental.<\/p>\n<p>Pour pouvoir le faire, il faut avoir un casier judiciaire vierge et effectuer un d\u00e9p\u00f4t de garantie de cinquante mille dinars. De plus, il faut suivre une formation qui vous habilite \u00e0 obtenir le dipl\u00f4me de responsable de bureau de change.<\/p>\n<p>Les premiers de ces bureaux de change priv\u00e9s devraient ouvrir sous peu et seront localis\u00e9s aux fronti\u00e8res terrestres avec la Libye et l&rsquo;Alg\u00e9rie.<\/p>\n<p>De la sorte, au moins neuf de ces bureaux devraient prochainement voir le jour et constituer une riposte aux activit\u00e9s de change ill\u00e9gales qui ont fleuri ces derni\u00e8res ann\u00e9es.<\/p>\n","protected":false},"excerpt":{"rendered":"<p>Des particuliers vont ouvrir des bureaux de change aux fronti\u00e8res terrestres<\/p>\n","protected":false},"author":3222,"featured_media":301006,"comment_status":"open","ping_status":"closed","sticky":false,"template":"","format":"standard","meta":{"footnotes":""},"categories":[44],"tags":[2600],"class_list":["post-156315","post","type-post","status-publish","format-standard","has-post-thumbnail","hentry","category-national","tag-guerre"],"yoast_head":"<!-- This site is optimized with the Yoast SEO Premium plugin v27.4 (Yoast SEO v27.5) - https:\/\/yoast.com\/product\/yoast-seo-premium-wordpress\/ -->\n<title>Des particuliers vont ouvrir des bureaux de change aux fronti\u00e8res terrestres<\/title>\n<meta name=\"description\" content=\"Des particuliers vont ouvrir des bureaux de change aux fronti\u00e8res terrestres\" \/>\n<link rel=\"canonical\" href=\"https:\/\/www.webdo.tn\/fr\/actualite\/national\/particuliers-ouvrir-bureaux-de-change-aux-frontieres-terrestres\/156315\/\" \/>\n<meta property=\"og:locale\" content=\"fr_FR\" \/>\n<meta property=\"og:type\" content=\"article\" \/>\n<meta property=\"og:title\" content=\"Des particuliers vont ouvrir des bureaux de change aux fronti\u00e8res terrestres\" \/>\n<meta property=\"og:description\" content=\"Des particuliers vont ouvrir des bureaux de change aux fronti\u00e8res terrestres\" \/>\n<meta property=\"og:url\" content=\"https:\/\/www.webdo.tn\/fr\/actualite\/national\/particuliers-ouvrir-bureaux-de-change-aux-frontieres-terrestres\/156315\/\" \/>\n<meta property=\"og:site_name\" content=\"webdo\" \/>\n<meta property=\"article:publisher\" content=\"https:\/\/www.facebook.com\/webdotn\" \/>\n<meta property=\"article:published_time\" content=\"2018-02-06T11:51:00+00:00\" \/>\n<meta property=\"article:modified_time\" content=\"2025-05-19T14:06:24+00:00\" \/>\n<meta property=\"og:image\" content=\"https:\/\/www.webdo.tn\/fr\/wp-content\/uploads\/2018\/02\/bureau-de-change.jpg\" \/>\n\t<meta property=\"og:image:width\" content=\"675\" \/>\n\t<meta property=\"og:image:height\" content=\"324\" \/>\n\t<meta property=\"og:image:type\" content=\"image\/jpeg\" \/>\n<meta name=\"author\" content=\"webdo.tn\" \/>\n<meta name=\"twitter:card\" content=\"summary_large_image\" \/>\n<meta name=\"twitter:creator\" content=\"@webdo_tn\" \/>\n<meta name=\"twitter:site\" content=\"@webdo_tn\" \/>\n<meta name=\"twitter:label1\" content=\"\u00c9crit par\" \/>\n\t<meta name=\"twitter:data1\" content=\"webdo.tn\" \/>\n\t<meta name=\"twitter:label2\" content=\"Dur\u00e9e de lecture estim\u00e9e\" \/>\n\t<meta name=\"twitter:data2\" content=\"1 minute\" \/>\n<script type=\"application\/ld+json\" class=\"yoast-schema-graph\">{\"@context\":\"https:\\\/\\\/schema.org\",\"@graph\":[{\"@type\":\"NewsArticle\",\"@id\":\"https:\\\/\\\/www.webdo.tn\\\/fr\\\/actualite\\\/national\\\/particuliers-ouvrir-bureaux-de-change-aux-frontieres-terrestres\\\/156315\\\/#article\",\"isPartOf\":{\"@id\":\"https:\\\/\\\/www.webdo.tn\\\/fr\\\/actualite\\\/national\\\/particuliers-ouvrir-bureaux-de-change-aux-frontieres-terrestres\\\/156315\\\/\"},\"author\":{\"name\":\"webdo.tn\",\"@id\":\"https:\\\/\\\/www.webdo.tn\\\/fr\\\/#\\\/schema\\\/person\\\/9a9c6118d687c117df8ef3cc36a4d175\"},\"headline\":\"Des particuliers vont ouvrir des bureaux de change aux fronti\u00e8res terrestres\",\"datePublished\":\"2018-02-06T11:51:00+00:00\",\"dateModified\":\"2025-05-19T14:06:24+00:00\",\"mainEntityOfPage\":{\"@id\":\"https:\\\/\\\/www.webdo.tn\\\/fr\\\/actualite\\\/national\\\/particuliers-ouvrir-bureaux-de-change-aux-frontieres-terrestres\\\/156315\\\/\"},\"wordCount\":171,\"commentCount\":0,\"publisher\":{\"@id\":\"https:\\\/\\\/www.webdo.tn\\\/fr\\\/#organization\"},\"image\":{\"@id\":\"https:\\\/\\\/www.webdo.tn\\\/fr\\\/actualite\\\/national\\\/particuliers-ouvrir-bureaux-de-change-aux-frontieres-terrestres\\\/156315\\\/#primaryimage\"},\"thumbnailUrl\":\"https:\\\/\\\/www.webdo.tn\\\/fr\\\/wp-content\\\/uploads\\\/2018\\\/02\\\/bureau-de-change.jpg\",\"keywords\":[\"guerre\"],\"articleSection\":[\"National\"],\"inLanguage\":\"fr-FR\"},{\"@type\":\"WebPage\",\"@id\":\"https:\\\/\\\/www.webdo.tn\\\/fr\\\/actualite\\\/national\\\/particuliers-ouvrir-bureaux-de-change-aux-frontieres-terrestres\\\/156315\\\/\",\"url\":\"https:\\\/\\\/www.webdo.tn\\\/fr\\\/actualite\\\/national\\\/particuliers-ouvrir-bureaux-de-change-aux-frontieres-terrestres\\\/156315\\\/\",\"name\":\"Des particuliers vont ouvrir des bureaux de change aux fronti\u00e8res terrestres\",\"isPartOf\":{\"@id\":\"https:\\\/\\\/www.webdo.tn\\\/fr\\\/#website\"},\"primaryImageOfPage\":{\"@id\":\"https:\\\/\\\/www.webdo.tn\\\/fr\\\/actualite\\\/national\\\/particuliers-ouvrir-bureaux-de-change-aux-frontieres-terrestres\\\/156315\\\/#primaryimage\"},\"image\":{\"@id\":\"https:\\\/\\\/www.webdo.tn\\\/fr\\\/actualite\\\/national\\\/particuliers-ouvrir-bureaux-de-change-aux-frontieres-terrestres\\\/156315\\\/#primaryimage\"},\"thumbnailUrl\":\"https:\\\/\\\/www.webdo.tn\\\/fr\\\/wp-content\\\/uploads\\\/2018\\\/02\\\/bureau-de-change.jpg\",\"datePublished\":\"2018-02-06T11:51:00+00:00\",\"dateModified\":\"2025-05-19T14:06:24+00:00\",\"description\":\"Des particuliers vont ouvrir des bureaux de change aux fronti\u00e8res terrestres\",\"breadcrumb\":{\"@id\":\"https:\\\/\\\/www.webdo.tn\\\/fr\\\/actualite\\\/national\\\/particuliers-ouvrir-bureaux-de-change-aux-frontieres-terrestres\\\/156315\\\/#breadcrumb\"},\"inLanguage\":\"fr-FR\",\"potentialAction\":[{\"@type\":\"ReadAction\",\"target\":[\"https:\\\/\\\/www.webdo.tn\\\/fr\\\/actualite\\\/national\\\/particuliers-ouvrir-bureaux-de-change-aux-frontieres-terrestres\\\/156315\\\/\"]}]},{\"@type\":\"ImageObject\",\"inLanguage\":\"fr-FR\",\"@id\":\"https:\\\/\\\/www.webdo.tn\\\/fr\\\/actualite\\\/national\\\/particuliers-ouvrir-bureaux-de-change-aux-frontieres-terrestres\\\/156315\\\/#primaryimage\",\"url\":\"https:\\\/\\\/www.webdo.tn\\\/fr\\\/wp-content\\\/uploads\\\/2018\\\/02\\\/bureau-de-change.jpg\",\"contentUrl\":\"https:\\\/\\\/www.webdo.tn\\\/fr\\\/wp-content\\\/uploads\\\/2018\\\/02\\\/bureau-de-change.jpg\",\"width\":675,\"height\":324,\"caption\":\"Des particuliers vont ouvrir des bureaux de change aux fronti\u00e8res terrestres\"},{\"@type\":\"BreadcrumbList\",\"@id\":\"https:\\\/\\\/www.webdo.tn\\\/fr\\\/actualite\\\/national\\\/particuliers-ouvrir-bureaux-de-change-aux-frontieres-terrestres\\\/156315\\\/#breadcrumb\",\"itemListElement\":[{\"@type\":\"ListItem\",\"position\":1,\"name\":\"Accueil\",\"item\":\"https:\\\/\\\/www.webdo.tn\\\/fr\\\/\"},{\"@type\":\"ListItem\",\"position\":2,\"name\":\"Des particuliers vont ouvrir des bureaux de change aux fronti\u00e8res terrestres\"}]},{\"@type\":\"WebSite\",\"@id\":\"https:\\\/\\\/www.webdo.tn\\\/fr\\\/#website\",\"url\":\"https:\\\/\\\/www.webdo.tn\\\/fr\\\/\",\"name\":\"webdo\",\"description\":\"Tunisie - News en Tunisie et \u00e0 l&#039;international sur Webdo.tn\",\"publisher\":{\"@id\":\"https:\\\/\\\/www.webdo.tn\\\/fr\\\/#organization\"},\"potentialAction\":[{\"@type\":\"SearchAction\",\"target\":{\"@type\":\"EntryPoint\",\"urlTemplate\":\"https:\\\/\\\/www.webdo.tn\\\/fr\\\/?s={search_term_string}\"},\"query-input\":{\"@type\":\"PropertyValueSpecification\",\"valueRequired\":true,\"valueName\":\"search_term_string\"}}],\"inLanguage\":\"fr-FR\"},{\"@type\":\"Organization\",\"@id\":\"https:\\\/\\\/www.webdo.tn\\\/fr\\\/#organization\",\"name\":\"Webdo\",\"alternateName\":\"Webdo.tn\",\"url\":\"https:\\\/\\\/www.webdo.tn\\\/fr\\\/\",\"logo\":{\"@type\":\"ImageObject\",\"inLanguage\":\"fr-FR\",\"@id\":\"https:\\\/\\\/www.webdo.tn\\\/fr\\\/#\\\/schema\\\/logo\\\/image\\\/\",\"url\":\"https:\\\/\\\/www.webdo.tn\\\/fr\\\/wp-content\\\/uploads\\\/2025\\\/06\\\/Webdo-Tunisie_168377.jpg\",\"contentUrl\":\"https:\\\/\\\/www.webdo.tn\\\/fr\\\/wp-content\\\/uploads\\\/2025\\\/06\\\/Webdo-Tunisie_168377.jpg\",\"width\":301,\"height\":301,\"caption\":\"Webdo\"},\"image\":{\"@id\":\"https:\\\/\\\/www.webdo.tn\\\/fr\\\/#\\\/schema\\\/logo\\\/image\\\/\"},\"sameAs\":[\"https:\\\/\\\/www.facebook.com\\\/webdotn\",\"https:\\\/\\\/x.com\\\/webdo_tn\"],\"description\":\"Webdo est un m\u00e9dia num\u00e9rique tunisien fond\u00e9 en 2010, sp\u00e9cialis\u00e9 dans l\u2019actualit\u00e9 nationale et internationale, l\u2019\u00e9conomie, la soci\u00e9t\u00e9 et les analyses politiques. Le site s\u2019adresse \u00e0 un large public francophone et couvre l\u2019information tunisienne en temps r\u00e9el.\",\"email\":\"redac@webdo.tn\",\"legalName\":\"YNJ SARL\",\"foundingDate\":\"2010-09-06\",\"numberOfEmployees\":{\"@type\":\"QuantitativeValue\",\"minValue\":\"11\",\"maxValue\":\"50\"}},{\"@type\":\"Person\",\"@id\":\"https:\\\/\\\/www.webdo.tn\\\/fr\\\/#\\\/schema\\\/person\\\/9a9c6118d687c117df8ef3cc36a4d175\",\"name\":\"webdo.tn\",\"image\":{\"@type\":\"ImageObject\",\"inLanguage\":\"fr-FR\",\"@id\":\"https:\\\/\\\/secure.gravatar.com\\\/avatar\\\/7ce1f28c0c3bbac99ff550b85ef8e44a6950c6ee24514fb6a5489e51d06f0298?s=96&d=mm&r=g\",\"url\":\"https:\\\/\\\/secure.gravatar.com\\\/avatar\\\/7ce1f28c0c3bbac99ff550b85ef8e44a6950c6ee24514fb6a5489e51d06f0298?s=96&d=mm&r=g\",\"contentUrl\":\"https:\\\/\\\/secure.gravatar.com\\\/avatar\\\/7ce1f28c0c3bbac99ff550b85ef8e44a6950c6ee24514fb6a5489e51d06f0298?s=96&d=mm&r=g\",\"caption\":\"webdo.tn\"},\"url\":\"https:\\\/\\\/www.webdo.tn\\\/fr\\\/actualite\\\/author\\\/webdotn\\\/\"}]}<\/script>\n<!-- \/ Yoast SEO Premium plugin. -->","yoast_head_json":{"title":"Des particuliers vont ouvrir des bureaux de change aux fronti\u00e8res terrestres","description":"Des particuliers vont ouvrir des bureaux de change aux fronti\u00e8res terrestres","canonical":"https:\/\/www.webdo.tn\/fr\/actualite\/national\/particuliers-ouvrir-bureaux-de-change-aux-frontieres-terrestres\/156315\/","og_locale":"fr_FR","og_type":"article","og_title":"Des particuliers vont ouvrir des bureaux de change aux fronti\u00e8res terrestres","og_description":"Des particuliers vont ouvrir des bureaux de change aux fronti\u00e8res terrestres","og_url":"https:\/\/www.webdo.tn\/fr\/actualite\/national\/particuliers-ouvrir-bureaux-de-change-aux-frontieres-terrestres\/156315\/","og_site_name":"webdo","article_publisher":"https:\/\/www.facebook.com\/webdotn","article_published_time":"2018-02-06T11:51:00+00:00","article_modified_time":"2025-05-19T14:06:24+00:00","og_image":[{"width":675,"height":324,"url":"https:\/\/www.webdo.tn\/fr\/wp-content\/uploads\/2018\/02\/bureau-de-change.jpg","type":"image\/jpeg"}],"author":"webdo.tn","twitter_card":"summary_large_image","twitter_creator":"@webdo_tn","twitter_site":"@webdo_tn","twitter_misc":{"\u00c9crit par":"webdo.tn","Dur\u00e9e de lecture estim\u00e9e":"1 minute"},"schema":{"@context":"https:\/\/schema.org","@graph":[{"@type":"NewsArticle","@id":"https:\/\/www.webdo.tn\/fr\/actualite\/national\/particuliers-ouvrir-bureaux-de-change-aux-frontieres-terrestres\/156315\/#article","isPartOf":{"@id":"https:\/\/www.webdo.tn\/fr\/actualite\/national\/particuliers-ouvrir-bureaux-de-change-aux-frontieres-terrestres\/156315\/"},"author":{"name":"webdo.tn","@id":"https:\/\/www.webdo.tn\/fr\/#\/schema\/person\/9a9c6118d687c117df8ef3cc36a4d175"},"headline":"Des particuliers vont ouvrir des bureaux de change aux fronti\u00e8res terrestres","datePublished":"2018-02-06T11:51:00+00:00","dateModified":"2025-05-19T14:06:24+00:00","mainEntityOfPage":{"@id":"https:\/\/www.webdo.tn\/fr\/actualite\/national\/particuliers-ouvrir-bureaux-de-change-aux-frontieres-terrestres\/156315\/"},"wordCount":171,"commentCount":0,"publisher":{"@id":"https:\/\/www.webdo.tn\/fr\/#organization"},"image":{"@id":"https:\/\/www.webdo.tn\/fr\/actualite\/national\/particuliers-ouvrir-bureaux-de-change-aux-frontieres-terrestres\/156315\/#primaryimage"},"thumbnailUrl":"https:\/\/www.webdo.tn\/fr\/wp-content\/uploads\/2018\/02\/bureau-de-change.jpg","keywords":["guerre"],"articleSection":["National"],"inLanguage":"fr-FR"},{"@type":"WebPage","@id":"https:\/\/www.webdo.tn\/fr\/actualite\/national\/particuliers-ouvrir-bureaux-de-change-aux-frontieres-terrestres\/156315\/","url":"https:\/\/www.webdo.tn\/fr\/actualite\/national\/particuliers-ouvrir-bureaux-de-change-aux-frontieres-terrestres\/156315\/","name":"Des particuliers vont ouvrir des bureaux de change aux fronti\u00e8res terrestres","isPartOf":{"@id":"https:\/\/www.webdo.tn\/fr\/#website"},"primaryImageOfPage":{"@id":"https:\/\/www.webdo.tn\/fr\/actualite\/national\/particuliers-ouvrir-bureaux-de-change-aux-frontieres-terrestres\/156315\/#primaryimage"},"image":{"@id":"https:\/\/www.webdo.tn\/fr\/actualite\/national\/particuliers-ouvrir-bureaux-de-change-aux-frontieres-terrestres\/156315\/#primaryimage"},"thumbnailUrl":"https:\/\/www.webdo.tn\/fr\/wp-content\/uploads\/2018\/02\/bureau-de-change.jpg","datePublished":"2018-02-06T11:51:00+00:00","dateModified":"2025-05-19T14:06:24+00:00","description":"Des particuliers vont ouvrir des bureaux de change aux fronti\u00e8res terrestres","breadcrumb":{"@id":"https:\/\/www.webdo.tn\/fr\/actualite\/national\/particuliers-ouvrir-bureaux-de-change-aux-frontieres-terrestres\/156315\/#breadcrumb"},"inLanguage":"fr-FR","potentialAction":[{"@type":"ReadAction","target":["https:\/\/www.webdo.tn\/fr\/actualite\/national\/particuliers-ouvrir-bureaux-de-change-aux-frontieres-terrestres\/156315\/"]}]},{"@type":"ImageObject","inLanguage":"fr-FR","@id":"https:\/\/www.webdo.tn\/fr\/actualite\/national\/particuliers-ouvrir-bureaux-de-change-aux-frontieres-terrestres\/156315\/#primaryimage","url":"https:\/\/www.webdo.tn\/fr\/wp-content\/uploads\/2018\/02\/bureau-de-change.jpg","contentUrl":"https:\/\/www.webdo.tn\/fr\/wp-content\/uploads\/2018\/02\/bureau-de-change.jpg","width":675,"height":324,"caption":"Des particuliers vont ouvrir des bureaux de change aux fronti\u00e8res terrestres"},{"@type":"BreadcrumbList","@id":"https:\/\/www.webdo.tn\/fr\/actualite\/national\/particuliers-ouvrir-bureaux-de-change-aux-frontieres-terrestres\/156315\/#breadcrumb","itemListElement":[{"@type":"ListItem","position":1,"name":"Accueil","item":"https:\/\/www.webdo.tn\/fr\/"},{"@type":"ListItem","position":2,"name":"Des particuliers vont ouvrir des bureaux de change aux fronti\u00e8res terrestres"}]},{"@type":"WebSite","@id":"https:\/\/www.webdo.tn\/fr\/#website","url":"https:\/\/www.webdo.tn\/fr\/","name":"webdo","description":"Tunisie - News en Tunisie et \u00e0 l&#039;international sur Webdo.tn","publisher":{"@id":"https:\/\/www.webdo.tn\/fr\/#organization"},"potentialAction":[{"@type":"SearchAction","target":{"@type":"EntryPoint","urlTemplate":"https:\/\/www.webdo.tn\/fr\/?s={search_term_string}"},"query-input":{"@type":"PropertyValueSpecification","valueRequired":true,"valueName":"search_term_string"}}],"inLanguage":"fr-FR"},{"@type":"Organization","@id":"https:\/\/www.webdo.tn\/fr\/#organization","name":"Webdo","alternateName":"Webdo.tn","url":"https:\/\/www.webdo.tn\/fr\/","logo":{"@type":"ImageObject","inLanguage":"fr-FR","@id":"https:\/\/www.webdo.tn\/fr\/#\/schema\/logo\/image\/","url":"https:\/\/www.webdo.tn\/fr\/wp-content\/uploads\/2025\/06\/Webdo-Tunisie_168377.jpg","contentUrl":"https:\/\/www.webdo.tn\/fr\/wp-content\/uploads\/2025\/06\/Webdo-Tunisie_168377.jpg","width":301,"height":301,"caption":"Webdo"},"image":{"@id":"https:\/\/www.webdo.tn\/fr\/#\/schema\/logo\/image\/"},"sameAs":["https:\/\/www.facebook.com\/webdotn","https:\/\/x.com\/webdo_tn"],"description":"Webdo est un m\u00e9dia num\u00e9rique tunisien fond\u00e9 en 2010, sp\u00e9cialis\u00e9 dans l\u2019actualit\u00e9 nationale et internationale, l\u2019\u00e9conomie, la soci\u00e9t\u00e9 et les analyses politiques. Le site s\u2019adresse \u00e0 un large public francophone et couvre l\u2019information tunisienne en temps r\u00e9el.","email":"redac@webdo.tn","legalName":"YNJ SARL","foundingDate":"2010-09-06","numberOfEmployees":{"@type":"QuantitativeValue","minValue":"11","maxValue":"50"}},{"@type":"Person","@id":"https:\/\/www.webdo.tn\/fr\/#\/schema\/person\/9a9c6118d687c117df8ef3cc36a4d175","name":"webdo.tn","image":{"@type":"ImageObject","inLanguage":"fr-FR","@id":"https:\/\/secure.gravatar.com\/avatar\/7ce1f28c0c3bbac99ff550b85ef8e44a6950c6ee24514fb6a5489e51d06f0298?s=96&d=mm&r=g","url":"https:\/\/secure.gravatar.com\/avatar\/7ce1f28c0c3bbac99ff550b85ef8e44a6950c6ee24514fb6a5489e51d06f0298?s=96&d=mm&r=g","contentUrl":"https:\/\/secure.gravatar.com\/avatar\/7ce1f28c0c3bbac99ff550b85ef8e44a6950c6ee24514fb6a5489e51d06f0298?s=96&d=mm&r=g","caption":"webdo.tn"},"url":"https:\/\/www.webdo.tn\/fr\/actualite\/author\/webdotn\/"}]}},"_links":{"self":[{"href":"https:\/\/www.webdo.tn\/fr\/wp-json\/wp\/v2\/posts\/156315","targetHints":{"allow":["GET"]}}],"collection":[{"href":"https:\/\/www.webdo.tn\/fr\/wp-json\/wp\/v2\/posts"}],"about":[{"href":"https:\/\/www.webdo.tn\/fr\/wp-json\/wp\/v2\/types\/post"}],"author":[{"embeddable":true,"href":"https:\/\/www.webdo.tn\/fr\/wp-json\/wp\/v2\/users\/3222"}],"replies":[{"embeddable":true,"href":"https:\/\/www.webdo.tn\/fr\/wp-json\/wp\/v2\/comments?post=156315"}],"version-history":[{"count":0,"href":"https:\/\/www.webdo.tn\/fr\/wp-json\/wp\/v2\/posts\/156315\/revisions"}],"wp:featuredmedia":[{"embeddable":true,"href":"https:\/\/www.webdo.tn\/fr\/wp-json\/wp\/v2\/media\/301006"}],"wp:attachment":[{"href":"https:\/\/www.webdo.tn\/fr\/wp-json\/wp\/v2\/media?parent=156315"}],"wp:term":[{"taxonomy":"category","embeddable":true,"href":"https:\/\/www.webdo.tn\/fr\/wp-json\/wp\/v2\/categories?post=156315"},{"taxonomy":"post_tag","embeddable":true,"href":"https:\/\/www.webdo.tn\/fr\/wp-json\/wp\/v2\/tags?post=156315"}],"curies":[{"name":"wp","href":"https:\/\/api.w.org\/{rel}","templated":true}]}}