{"id":155824,"date":"2018-03-13T20:22:00","date_gmt":"2018-03-13T20:22:00","guid":{"rendered":"https:\/\/www.webdo.tn\/fr\/blog\/tunisie-citoyens-appeles-a-signaler-durgence-elements-terroristes-recherches\/155824\/"},"modified":"2025-05-18T23:58:58","modified_gmt":"2025-05-18T23:58:58","slug":"tunisie-citoyens-appeles-a-signaler-durgence-elements-terroristes-recherches","status":"publish","type":"post","link":"https:\/\/www.webdo.tn\/fr\/actualite\/national\/tunisie-citoyens-appeles-a-signaler-durgence-elements-terroristes-recherches\/155824\/","title":{"rendered":"Tunisie : Les citoyens appel\u00e9s \u00e0 signaler d&rsquo;urgence des \u00e9l\u00e9ments terroristes recherch\u00e9s"},"content":{"rendered":"<p>Les citoyens sont toujours appel\u00e9 \u00e0 collaborer avec le minist\u00e8re de l\u2019Int\u00e9rieur en vue d\u2019arr\u00eater des \u00e9l\u00e9ments terroristes en cavale.<\/p>\n<p>En effet, le minist\u00e8re de l\u2019Int\u00e9rieur a r\u00e9it\u00e9r\u00e9, mardi 13 mars 2018, un appel \u00e0 t\u00e9moin pour signaler d\u2019urgence deux terroristes recherch\u00e9s de nationalit\u00e9 tunisienne qualifi\u00e9s de \u201cdangereux\u201d, rapporte l&rsquo;agence TAP.<\/p>\n<p>Il s\u2019agit de Dhaker Ben Khelifa Ben Ahmed Bouajila, d\u00e9tenteur de la carte d\u2019identit\u00e9 nationale n\u00b0 06917547, n\u00e9 le 16 f\u00e9vrier 1992 \u00e0 El Ouardanine (gouvernorat de Monastir).<\/p>\n<p>Le deuxi\u00e8me \u00e9l\u00e9ment terroriste, Samir Ben Jalel Ben Hamed Ben Youssef, n\u00e9 le 24 mai 1994, est originaire de Monastir. Il est d\u00e9tenteur de la carte d\u2019identit\u00e9 nationale n\u00b0 06937457.<\/p>\n<p>Le d\u00e9partement met \u00e9galement \u00e0 la disposition des citoyens les num\u00e9ros de t\u00e9l\u00e9phone suivants :<\/p>\n<p> \tT\u00e9l\u00e9phone : 71 335 000<br \/>\n \tNum\u00e9ro vert : 80 10 11 11<br \/>\n \tGarde nationale : 193<br \/>\n \tPolice : 197<\/p>\n","protected":false},"excerpt":{"rendered":"<p>Tunisie : Les citoyens appel\u00e9s \u00e0 signaler d&rsquo;urgence des \u00e9l\u00e9ments terroristes recherch\u00e9s<\/p>\n","protected":false},"author":3222,"featured_media":300579,"comment_status":"open","ping_status":"closed","sticky":false,"template":"","format":"standard","meta":{"footnotes":""},"categories":[44],"tags":[2600],"class_list":["post-155824","post","type-post","status-publish","format-standard","has-post-thumbnail","hentry","category-national","tag-guerre"],"yoast_head":"<!-- This site is optimized with the Yoast SEO Premium plugin v27.4 (Yoast SEO v27.4) - https:\/\/yoast.com\/product\/yoast-seo-premium-wordpress\/ -->\n<title>Tunisie : Les citoyens appel\u00e9s \u00e0 signaler d&#039;urgence des \u00e9l\u00e9ments terroristes recherch\u00e9s<\/title>\n<meta name=\"description\" content=\"Tunisie : Les citoyens appel\u00e9s \u00e0 signaler d&#039;urgence des \u00e9l\u00e9ments terroristes recherch\u00e9s\" \/>\n<link rel=\"canonical\" href=\"https:\/\/www.webdo.tn\/fr\/actualite\/national\/tunisie-citoyens-appeles-a-signaler-durgence-elements-terroristes-recherches\/155824\/\" \/>\n<meta property=\"og:locale\" content=\"fr_FR\" \/>\n<meta property=\"og:type\" content=\"article\" \/>\n<meta property=\"og:title\" content=\"Tunisie : Les citoyens appel\u00e9s \u00e0 signaler d&#039;urgence des \u00e9l\u00e9ments terroristes recherch\u00e9s\" \/>\n<meta property=\"og:description\" content=\"Tunisie : Les citoyens appel\u00e9s \u00e0 signaler d&#039;urgence des \u00e9l\u00e9ments terroristes recherch\u00e9s\" \/>\n<meta property=\"og:url\" content=\"https:\/\/www.webdo.tn\/fr\/actualite\/national\/tunisie-citoyens-appeles-a-signaler-durgence-elements-terroristes-recherches\/155824\/\" \/>\n<meta property=\"og:site_name\" content=\"webdo\" \/>\n<meta property=\"article:publisher\" content=\"https:\/\/www.facebook.com\/webdotn\" \/>\n<meta property=\"article:published_time\" content=\"2018-03-13T20:22:00+00:00\" \/>\n<meta property=\"article:modified_time\" content=\"2025-05-18T23:58:58+00:00\" \/>\n<meta property=\"og:image\" content=\"https:\/\/www.webdo.tn\/fr\/wp-content\/uploads\/2018\/03\/all.jpg\" \/>\n\t<meta property=\"og:image:width\" content=\"448\" \/>\n\t<meta property=\"og:image:height\" content=\"354\" \/>\n\t<meta property=\"og:image:type\" content=\"image\/jpeg\" \/>\n<meta name=\"author\" content=\"webdo.tn\" \/>\n<meta name=\"twitter:card\" content=\"summary_large_image\" \/>\n<meta name=\"twitter:creator\" content=\"@webdo_tn\" \/>\n<meta name=\"twitter:site\" content=\"@webdo_tn\" \/>\n<meta name=\"twitter:label1\" content=\"\u00c9crit par\" \/>\n\t<meta name=\"twitter:data1\" content=\"webdo.tn\" \/>\n\t<meta name=\"twitter:label2\" content=\"Dur\u00e9e de lecture estim\u00e9e\" \/>\n\t<meta name=\"twitter:data2\" content=\"1 minute\" \/>\n<script type=\"application\/ld+json\" class=\"yoast-schema-graph\">{\"@context\":\"https:\\\/\\\/schema.org\",\"@graph\":[{\"@type\":\"NewsArticle\",\"@id\":\"https:\\\/\\\/www.webdo.tn\\\/fr\\\/actualite\\\/national\\\/tunisie-citoyens-appeles-a-signaler-durgence-elements-terroristes-recherches\\\/155824\\\/#article\",\"isPartOf\":{\"@id\":\"https:\\\/\\\/www.webdo.tn\\\/fr\\\/actualite\\\/national\\\/tunisie-citoyens-appeles-a-signaler-durgence-elements-terroristes-recherches\\\/155824\\\/\"},\"author\":{\"name\":\"webdo.tn\",\"@id\":\"https:\\\/\\\/www.webdo.tn\\\/fr\\\/#\\\/schema\\\/person\\\/9a9c6118d687c117df8ef3cc36a4d175\"},\"headline\":\"Tunisie : Les citoyens appel\u00e9s \u00e0 signaler d&rsquo;urgence des \u00e9l\u00e9ments terroristes recherch\u00e9s\",\"datePublished\":\"2018-03-13T20:22:00+00:00\",\"dateModified\":\"2025-05-18T23:58:58+00:00\",\"mainEntityOfPage\":{\"@id\":\"https:\\\/\\\/www.webdo.tn\\\/fr\\\/actualite\\\/national\\\/tunisie-citoyens-appeles-a-signaler-durgence-elements-terroristes-recherches\\\/155824\\\/\"},\"wordCount\":162,\"commentCount\":0,\"publisher\":{\"@id\":\"https:\\\/\\\/www.webdo.tn\\\/fr\\\/#organization\"},\"image\":{\"@id\":\"https:\\\/\\\/www.webdo.tn\\\/fr\\\/actualite\\\/national\\\/tunisie-citoyens-appeles-a-signaler-durgence-elements-terroristes-recherches\\\/155824\\\/#primaryimage\"},\"thumbnailUrl\":\"https:\\\/\\\/www.webdo.tn\\\/fr\\\/wp-content\\\/uploads\\\/2018\\\/03\\\/all.jpg\",\"keywords\":[\"guerre\"],\"articleSection\":[\"National\"],\"inLanguage\":\"fr-FR\"},{\"@type\":\"WebPage\",\"@id\":\"https:\\\/\\\/www.webdo.tn\\\/fr\\\/actualite\\\/national\\\/tunisie-citoyens-appeles-a-signaler-durgence-elements-terroristes-recherches\\\/155824\\\/\",\"url\":\"https:\\\/\\\/www.webdo.tn\\\/fr\\\/actualite\\\/national\\\/tunisie-citoyens-appeles-a-signaler-durgence-elements-terroristes-recherches\\\/155824\\\/\",\"name\":\"Tunisie : Les citoyens appel\u00e9s \u00e0 signaler d'urgence des \u00e9l\u00e9ments terroristes recherch\u00e9s\",\"isPartOf\":{\"@id\":\"https:\\\/\\\/www.webdo.tn\\\/fr\\\/#website\"},\"primaryImageOfPage\":{\"@id\":\"https:\\\/\\\/www.webdo.tn\\\/fr\\\/actualite\\\/national\\\/tunisie-citoyens-appeles-a-signaler-durgence-elements-terroristes-recherches\\\/155824\\\/#primaryimage\"},\"image\":{\"@id\":\"https:\\\/\\\/www.webdo.tn\\\/fr\\\/actualite\\\/national\\\/tunisie-citoyens-appeles-a-signaler-durgence-elements-terroristes-recherches\\\/155824\\\/#primaryimage\"},\"thumbnailUrl\":\"https:\\\/\\\/www.webdo.tn\\\/fr\\\/wp-content\\\/uploads\\\/2018\\\/03\\\/all.jpg\",\"datePublished\":\"2018-03-13T20:22:00+00:00\",\"dateModified\":\"2025-05-18T23:58:58+00:00\",\"description\":\"Tunisie : Les citoyens appel\u00e9s \u00e0 signaler d'urgence des \u00e9l\u00e9ments terroristes recherch\u00e9s\",\"breadcrumb\":{\"@id\":\"https:\\\/\\\/www.webdo.tn\\\/fr\\\/actualite\\\/national\\\/tunisie-citoyens-appeles-a-signaler-durgence-elements-terroristes-recherches\\\/155824\\\/#breadcrumb\"},\"inLanguage\":\"fr-FR\",\"potentialAction\":[{\"@type\":\"ReadAction\",\"target\":[\"https:\\\/\\\/www.webdo.tn\\\/fr\\\/actualite\\\/national\\\/tunisie-citoyens-appeles-a-signaler-durgence-elements-terroristes-recherches\\\/155824\\\/\"]}]},{\"@type\":\"ImageObject\",\"inLanguage\":\"fr-FR\",\"@id\":\"https:\\\/\\\/www.webdo.tn\\\/fr\\\/actualite\\\/national\\\/tunisie-citoyens-appeles-a-signaler-durgence-elements-terroristes-recherches\\\/155824\\\/#primaryimage\",\"url\":\"https:\\\/\\\/www.webdo.tn\\\/fr\\\/wp-content\\\/uploads\\\/2018\\\/03\\\/all.jpg\",\"contentUrl\":\"https:\\\/\\\/www.webdo.tn\\\/fr\\\/wp-content\\\/uploads\\\/2018\\\/03\\\/all.jpg\",\"width\":448,\"height\":354,\"caption\":\"Tunisie : Les citoyens appel\u00e9s \u00e0 signaler d'urgence des \u00e9l\u00e9ments terroristes recherch\u00e9s\"},{\"@type\":\"BreadcrumbList\",\"@id\":\"https:\\\/\\\/www.webdo.tn\\\/fr\\\/actualite\\\/national\\\/tunisie-citoyens-appeles-a-signaler-durgence-elements-terroristes-recherches\\\/155824\\\/#breadcrumb\",\"itemListElement\":[{\"@type\":\"ListItem\",\"position\":1,\"name\":\"Accueil\",\"item\":\"https:\\\/\\\/www.webdo.tn\\\/fr\\\/\"},{\"@type\":\"ListItem\",\"position\":2,\"name\":\"Tunisie : Les citoyens appel\u00e9s \u00e0 signaler d&rsquo;urgence des \u00e9l\u00e9ments terroristes recherch\u00e9s\"}]},{\"@type\":\"WebSite\",\"@id\":\"https:\\\/\\\/www.webdo.tn\\\/fr\\\/#website\",\"url\":\"https:\\\/\\\/www.webdo.tn\\\/fr\\\/\",\"name\":\"webdo\",\"description\":\"Tunisie - News en Tunisie et \u00e0 l&#039;international sur Webdo.tn\",\"publisher\":{\"@id\":\"https:\\\/\\\/www.webdo.tn\\\/fr\\\/#organization\"},\"potentialAction\":[{\"@type\":\"SearchAction\",\"target\":{\"@type\":\"EntryPoint\",\"urlTemplate\":\"https:\\\/\\\/www.webdo.tn\\\/fr\\\/?s={search_term_string}\"},\"query-input\":{\"@type\":\"PropertyValueSpecification\",\"valueRequired\":true,\"valueName\":\"search_term_string\"}}],\"inLanguage\":\"fr-FR\"},{\"@type\":\"Organization\",\"@id\":\"https:\\\/\\\/www.webdo.tn\\\/fr\\\/#organization\",\"name\":\"Webdo\",\"alternateName\":\"Webdo.tn\",\"url\":\"https:\\\/\\\/www.webdo.tn\\\/fr\\\/\",\"logo\":{\"@type\":\"ImageObject\",\"inLanguage\":\"fr-FR\",\"@id\":\"https:\\\/\\\/www.webdo.tn\\\/fr\\\/#\\\/schema\\\/logo\\\/image\\\/\",\"url\":\"https:\\\/\\\/www.webdo.tn\\\/fr\\\/wp-content\\\/uploads\\\/2025\\\/06\\\/Webdo-Tunisie_168377.jpg\",\"contentUrl\":\"https:\\\/\\\/www.webdo.tn\\\/fr\\\/wp-content\\\/uploads\\\/2025\\\/06\\\/Webdo-Tunisie_168377.jpg\",\"width\":301,\"height\":301,\"caption\":\"Webdo\"},\"image\":{\"@id\":\"https:\\\/\\\/www.webdo.tn\\\/fr\\\/#\\\/schema\\\/logo\\\/image\\\/\"},\"sameAs\":[\"https:\\\/\\\/www.facebook.com\\\/webdotn\",\"https:\\\/\\\/x.com\\\/webdo_tn\"],\"description\":\"Webdo est un m\u00e9dia num\u00e9rique tunisien fond\u00e9 en 2010, sp\u00e9cialis\u00e9 dans l\u2019actualit\u00e9 nationale et internationale, l\u2019\u00e9conomie, la soci\u00e9t\u00e9 et les analyses politiques. Le site s\u2019adresse \u00e0 un large public francophone et couvre l\u2019information tunisienne en temps r\u00e9el.\",\"email\":\"redac@webdo.tn\",\"legalName\":\"YNJ SARL\",\"foundingDate\":\"2010-09-06\",\"numberOfEmployees\":{\"@type\":\"QuantitativeValue\",\"minValue\":\"11\",\"maxValue\":\"50\"}},{\"@type\":\"Person\",\"@id\":\"https:\\\/\\\/www.webdo.tn\\\/fr\\\/#\\\/schema\\\/person\\\/9a9c6118d687c117df8ef3cc36a4d175\",\"name\":\"webdo.tn\",\"image\":{\"@type\":\"ImageObject\",\"inLanguage\":\"fr-FR\",\"@id\":\"https:\\\/\\\/secure.gravatar.com\\\/avatar\\\/7ce1f28c0c3bbac99ff550b85ef8e44a6950c6ee24514fb6a5489e51d06f0298?s=96&d=mm&r=g\",\"url\":\"https:\\\/\\\/secure.gravatar.com\\\/avatar\\\/7ce1f28c0c3bbac99ff550b85ef8e44a6950c6ee24514fb6a5489e51d06f0298?s=96&d=mm&r=g\",\"contentUrl\":\"https:\\\/\\\/secure.gravatar.com\\\/avatar\\\/7ce1f28c0c3bbac99ff550b85ef8e44a6950c6ee24514fb6a5489e51d06f0298?s=96&d=mm&r=g\",\"caption\":\"webdo.tn\"},\"url\":\"https:\\\/\\\/www.webdo.tn\\\/fr\\\/actualite\\\/author\\\/webdotn\\\/\"}]}<\/script>\n<!-- \/ Yoast SEO Premium plugin. -->","yoast_head_json":{"title":"Tunisie : Les citoyens appel\u00e9s \u00e0 signaler d'urgence des \u00e9l\u00e9ments terroristes recherch\u00e9s","description":"Tunisie : Les citoyens appel\u00e9s \u00e0 signaler d'urgence des \u00e9l\u00e9ments terroristes recherch\u00e9s","canonical":"https:\/\/www.webdo.tn\/fr\/actualite\/national\/tunisie-citoyens-appeles-a-signaler-durgence-elements-terroristes-recherches\/155824\/","og_locale":"fr_FR","og_type":"article","og_title":"Tunisie : Les citoyens appel\u00e9s \u00e0 signaler d'urgence des \u00e9l\u00e9ments terroristes recherch\u00e9s","og_description":"Tunisie : Les citoyens appel\u00e9s \u00e0 signaler d'urgence des \u00e9l\u00e9ments terroristes recherch\u00e9s","og_url":"https:\/\/www.webdo.tn\/fr\/actualite\/national\/tunisie-citoyens-appeles-a-signaler-durgence-elements-terroristes-recherches\/155824\/","og_site_name":"webdo","article_publisher":"https:\/\/www.facebook.com\/webdotn","article_published_time":"2018-03-13T20:22:00+00:00","article_modified_time":"2025-05-18T23:58:58+00:00","og_image":[{"width":448,"height":354,"url":"https:\/\/www.webdo.tn\/fr\/wp-content\/uploads\/2018\/03\/all.jpg","type":"image\/jpeg"}],"author":"webdo.tn","twitter_card":"summary_large_image","twitter_creator":"@webdo_tn","twitter_site":"@webdo_tn","twitter_misc":{"\u00c9crit par":"webdo.tn","Dur\u00e9e de lecture estim\u00e9e":"1 minute"},"schema":{"@context":"https:\/\/schema.org","@graph":[{"@type":"NewsArticle","@id":"https:\/\/www.webdo.tn\/fr\/actualite\/national\/tunisie-citoyens-appeles-a-signaler-durgence-elements-terroristes-recherches\/155824\/#article","isPartOf":{"@id":"https:\/\/www.webdo.tn\/fr\/actualite\/national\/tunisie-citoyens-appeles-a-signaler-durgence-elements-terroristes-recherches\/155824\/"},"author":{"name":"webdo.tn","@id":"https:\/\/www.webdo.tn\/fr\/#\/schema\/person\/9a9c6118d687c117df8ef3cc36a4d175"},"headline":"Tunisie : Les citoyens appel\u00e9s \u00e0 signaler d&rsquo;urgence des \u00e9l\u00e9ments terroristes recherch\u00e9s","datePublished":"2018-03-13T20:22:00+00:00","dateModified":"2025-05-18T23:58:58+00:00","mainEntityOfPage":{"@id":"https:\/\/www.webdo.tn\/fr\/actualite\/national\/tunisie-citoyens-appeles-a-signaler-durgence-elements-terroristes-recherches\/155824\/"},"wordCount":162,"commentCount":0,"publisher":{"@id":"https:\/\/www.webdo.tn\/fr\/#organization"},"image":{"@id":"https:\/\/www.webdo.tn\/fr\/actualite\/national\/tunisie-citoyens-appeles-a-signaler-durgence-elements-terroristes-recherches\/155824\/#primaryimage"},"thumbnailUrl":"https:\/\/www.webdo.tn\/fr\/wp-content\/uploads\/2018\/03\/all.jpg","keywords":["guerre"],"articleSection":["National"],"inLanguage":"fr-FR"},{"@type":"WebPage","@id":"https:\/\/www.webdo.tn\/fr\/actualite\/national\/tunisie-citoyens-appeles-a-signaler-durgence-elements-terroristes-recherches\/155824\/","url":"https:\/\/www.webdo.tn\/fr\/actualite\/national\/tunisie-citoyens-appeles-a-signaler-durgence-elements-terroristes-recherches\/155824\/","name":"Tunisie : Les citoyens appel\u00e9s \u00e0 signaler d'urgence des \u00e9l\u00e9ments terroristes recherch\u00e9s","isPartOf":{"@id":"https:\/\/www.webdo.tn\/fr\/#website"},"primaryImageOfPage":{"@id":"https:\/\/www.webdo.tn\/fr\/actualite\/national\/tunisie-citoyens-appeles-a-signaler-durgence-elements-terroristes-recherches\/155824\/#primaryimage"},"image":{"@id":"https:\/\/www.webdo.tn\/fr\/actualite\/national\/tunisie-citoyens-appeles-a-signaler-durgence-elements-terroristes-recherches\/155824\/#primaryimage"},"thumbnailUrl":"https:\/\/www.webdo.tn\/fr\/wp-content\/uploads\/2018\/03\/all.jpg","datePublished":"2018-03-13T20:22:00+00:00","dateModified":"2025-05-18T23:58:58+00:00","description":"Tunisie : Les citoyens appel\u00e9s \u00e0 signaler d'urgence des \u00e9l\u00e9ments terroristes recherch\u00e9s","breadcrumb":{"@id":"https:\/\/www.webdo.tn\/fr\/actualite\/national\/tunisie-citoyens-appeles-a-signaler-durgence-elements-terroristes-recherches\/155824\/#breadcrumb"},"inLanguage":"fr-FR","potentialAction":[{"@type":"ReadAction","target":["https:\/\/www.webdo.tn\/fr\/actualite\/national\/tunisie-citoyens-appeles-a-signaler-durgence-elements-terroristes-recherches\/155824\/"]}]},{"@type":"ImageObject","inLanguage":"fr-FR","@id":"https:\/\/www.webdo.tn\/fr\/actualite\/national\/tunisie-citoyens-appeles-a-signaler-durgence-elements-terroristes-recherches\/155824\/#primaryimage","url":"https:\/\/www.webdo.tn\/fr\/wp-content\/uploads\/2018\/03\/all.jpg","contentUrl":"https:\/\/www.webdo.tn\/fr\/wp-content\/uploads\/2018\/03\/all.jpg","width":448,"height":354,"caption":"Tunisie : Les citoyens appel\u00e9s \u00e0 signaler d'urgence des \u00e9l\u00e9ments terroristes recherch\u00e9s"},{"@type":"BreadcrumbList","@id":"https:\/\/www.webdo.tn\/fr\/actualite\/national\/tunisie-citoyens-appeles-a-signaler-durgence-elements-terroristes-recherches\/155824\/#breadcrumb","itemListElement":[{"@type":"ListItem","position":1,"name":"Accueil","item":"https:\/\/www.webdo.tn\/fr\/"},{"@type":"ListItem","position":2,"name":"Tunisie : Les citoyens appel\u00e9s \u00e0 signaler d&rsquo;urgence des \u00e9l\u00e9ments terroristes recherch\u00e9s"}]},{"@type":"WebSite","@id":"https:\/\/www.webdo.tn\/fr\/#website","url":"https:\/\/www.webdo.tn\/fr\/","name":"webdo","description":"Tunisie - News en Tunisie et \u00e0 l&#039;international sur Webdo.tn","publisher":{"@id":"https:\/\/www.webdo.tn\/fr\/#organization"},"potentialAction":[{"@type":"SearchAction","target":{"@type":"EntryPoint","urlTemplate":"https:\/\/www.webdo.tn\/fr\/?s={search_term_string}"},"query-input":{"@type":"PropertyValueSpecification","valueRequired":true,"valueName":"search_term_string"}}],"inLanguage":"fr-FR"},{"@type":"Organization","@id":"https:\/\/www.webdo.tn\/fr\/#organization","name":"Webdo","alternateName":"Webdo.tn","url":"https:\/\/www.webdo.tn\/fr\/","logo":{"@type":"ImageObject","inLanguage":"fr-FR","@id":"https:\/\/www.webdo.tn\/fr\/#\/schema\/logo\/image\/","url":"https:\/\/www.webdo.tn\/fr\/wp-content\/uploads\/2025\/06\/Webdo-Tunisie_168377.jpg","contentUrl":"https:\/\/www.webdo.tn\/fr\/wp-content\/uploads\/2025\/06\/Webdo-Tunisie_168377.jpg","width":301,"height":301,"caption":"Webdo"},"image":{"@id":"https:\/\/www.webdo.tn\/fr\/#\/schema\/logo\/image\/"},"sameAs":["https:\/\/www.facebook.com\/webdotn","https:\/\/x.com\/webdo_tn"],"description":"Webdo est un m\u00e9dia num\u00e9rique tunisien fond\u00e9 en 2010, sp\u00e9cialis\u00e9 dans l\u2019actualit\u00e9 nationale et internationale, l\u2019\u00e9conomie, la soci\u00e9t\u00e9 et les analyses politiques. Le site s\u2019adresse \u00e0 un large public francophone et couvre l\u2019information tunisienne en temps r\u00e9el.","email":"redac@webdo.tn","legalName":"YNJ SARL","foundingDate":"2010-09-06","numberOfEmployees":{"@type":"QuantitativeValue","minValue":"11","maxValue":"50"}},{"@type":"Person","@id":"https:\/\/www.webdo.tn\/fr\/#\/schema\/person\/9a9c6118d687c117df8ef3cc36a4d175","name":"webdo.tn","image":{"@type":"ImageObject","inLanguage":"fr-FR","@id":"https:\/\/secure.gravatar.com\/avatar\/7ce1f28c0c3bbac99ff550b85ef8e44a6950c6ee24514fb6a5489e51d06f0298?s=96&d=mm&r=g","url":"https:\/\/secure.gravatar.com\/avatar\/7ce1f28c0c3bbac99ff550b85ef8e44a6950c6ee24514fb6a5489e51d06f0298?s=96&d=mm&r=g","contentUrl":"https:\/\/secure.gravatar.com\/avatar\/7ce1f28c0c3bbac99ff550b85ef8e44a6950c6ee24514fb6a5489e51d06f0298?s=96&d=mm&r=g","caption":"webdo.tn"},"url":"https:\/\/www.webdo.tn\/fr\/actualite\/author\/webdotn\/"}]}},"_links":{"self":[{"href":"https:\/\/www.webdo.tn\/fr\/wp-json\/wp\/v2\/posts\/155824","targetHints":{"allow":["GET"]}}],"collection":[{"href":"https:\/\/www.webdo.tn\/fr\/wp-json\/wp\/v2\/posts"}],"about":[{"href":"https:\/\/www.webdo.tn\/fr\/wp-json\/wp\/v2\/types\/post"}],"author":[{"embeddable":true,"href":"https:\/\/www.webdo.tn\/fr\/wp-json\/wp\/v2\/users\/3222"}],"replies":[{"embeddable":true,"href":"https:\/\/www.webdo.tn\/fr\/wp-json\/wp\/v2\/comments?post=155824"}],"version-history":[{"count":0,"href":"https:\/\/www.webdo.tn\/fr\/wp-json\/wp\/v2\/posts\/155824\/revisions"}],"wp:featuredmedia":[{"embeddable":true,"href":"https:\/\/www.webdo.tn\/fr\/wp-json\/wp\/v2\/media\/300579"}],"wp:attachment":[{"href":"https:\/\/www.webdo.tn\/fr\/wp-json\/wp\/v2\/media?parent=155824"}],"wp:term":[{"taxonomy":"category","embeddable":true,"href":"https:\/\/www.webdo.tn\/fr\/wp-json\/wp\/v2\/categories?post=155824"},{"taxonomy":"post_tag","embeddable":true,"href":"https:\/\/www.webdo.tn\/fr\/wp-json\/wp\/v2\/tags?post=155824"}],"curies":[{"name":"wp","href":"https:\/\/api.w.org\/{rel}","templated":true}]}}