{"id":155612,"date":"2018-03-29T14:52:00","date_gmt":"2018-03-29T14:52:00","guid":{"rendered":"https:\/\/www.webdo.tn\/fr\/blog\/12-juillet-date-du-premier-vol-direct-qui-reliera-gabes-a-paris\/155612\/"},"modified":"2025-05-19T14:10:55","modified_gmt":"2025-05-19T14:10:55","slug":"12-juillet-date-du-premier-vol-direct-qui-reliera-gabes-a-paris","status":"publish","type":"post","link":"https:\/\/www.webdo.tn\/fr\/actualite\/national\/12-juillet-date-du-premier-vol-direct-qui-reliera-gabes-a-paris\/155612\/","title":{"rendered":"12 juillet, date du premier vol direct qui reliera Gab\u00e8s \u00e0 Paris"},"content":{"rendered":"<p>Un accord a \u00e9t\u00e9 sign\u00e9 entre la compagnie nationale Tunisair et une agence de voyage priv\u00e9e pour assurer un vol touristique direct\u00a0reliant les a\u00e9roports de Charles de Gaulle (Paris) et Gab\u00e8s-Matmata.<\/p>\n<p>Cette initiative vise \u00e0 animer l&rsquo;a\u00e9roport de la r\u00e9gion qui, jusque l\u00e0, n&rsquo;est pratiquement utilis\u00e9 que lors des voyages de p\u00e8lerinage. Le premier vol aura lieu le 12 juillet 2018.<\/p>\n<p>Rappelons qu&rsquo;en d\u00e9cembre dernier,\u00a0une s\u00e9ance de travail en pr\u00e9sence de repr\u00e9sentants de Tunisair Express, avait eu lieu dans le but d\u2019\u00e9tudier une \u00e9ventuelle reprise des vols au niveau national et international \u00e0\u00a0l\u2019a\u00e9roport de Gab\u00e8s-Matmata.<\/p>\n<p>Vu la suspension des vols depuis des mois, les participants avaient sugg\u00e9r\u00e9 l\u2019adoption d\u2019un tarif attractif, la programmation de deux\u00a0vols hebdomadaires aller-retour, lundi et mercredi, \u00e0 partir de l\u2019a\u00e9roport de Gab\u00e8s-Matmata, en direction de l\u2019a\u00e9roport de Tunis-Carthage (vol aller \u00e0 8h00, retour le m\u00eame jour apr\u00e8s 18h00).<\/p>\n<p>Cet a\u00e9roport pourra, selon eux, devenir l\u2019un des plus grands a\u00e9roports du pays, \u00e0 condition\u00a0d\u2019y cr\u00e9er des lignes int\u00e9rieures et internationales.<\/p>\n","protected":false},"excerpt":{"rendered":"<p>12 juillet, date du premier vol direct qui reliera Gab\u00e8s \u00e0 Paris<\/p>\n","protected":false},"author":3222,"featured_media":375951,"comment_status":"open","ping_status":"closed","sticky":false,"template":"","format":"standard","meta":{"footnotes":""},"categories":[44],"tags":[2600],"class_list":["post-155612","post","type-post","status-publish","format-standard","has-post-thumbnail","hentry","category-national","tag-guerre"],"yoast_head":"<!-- This site is optimized with the Yoast SEO Premium plugin v27.4 (Yoast SEO v27.4) - https:\/\/yoast.com\/product\/yoast-seo-premium-wordpress\/ -->\n<title>12 juillet, date du premier vol direct qui reliera Gab\u00e8s \u00e0 Paris<\/title>\n<meta name=\"description\" content=\"12 juillet, date du premier vol direct qui reliera Gab\u00e8s \u00e0 Paris\" \/>\n<link rel=\"canonical\" href=\"https:\/\/www.webdo.tn\/fr\/actualite\/national\/12-juillet-date-du-premier-vol-direct-qui-reliera-gabes-a-paris\/155612\/\" \/>\n<meta property=\"og:locale\" content=\"fr_FR\" \/>\n<meta property=\"og:type\" content=\"article\" \/>\n<meta property=\"og:title\" content=\"12 juillet, date du premier vol direct qui reliera Gab\u00e8s \u00e0 Paris\" \/>\n<meta property=\"og:description\" content=\"12 juillet, date du premier vol direct qui reliera Gab\u00e8s \u00e0 Paris\" \/>\n<meta property=\"og:url\" content=\"https:\/\/www.webdo.tn\/fr\/actualite\/national\/12-juillet-date-du-premier-vol-direct-qui-reliera-gabes-a-paris\/155612\/\" \/>\n<meta property=\"og:site_name\" content=\"webdo\" \/>\n<meta property=\"article:publisher\" content=\"https:\/\/www.facebook.com\/webdotn\" \/>\n<meta property=\"article:published_time\" content=\"2018-03-29T14:52:00+00:00\" \/>\n<meta property=\"article:modified_time\" content=\"2025-05-19T14:10:55+00:00\" \/>\n<meta property=\"og:image\" content=\"https:\/\/www.webdo.tn\/fr\/wp-content\/uploads\/2025\/06\/aeroport_155612.png\" \/>\n\t<meta property=\"og:image:width\" content=\"823\" \/>\n\t<meta property=\"og:image:height\" content=\"420\" \/>\n\t<meta property=\"og:image:type\" content=\"image\/png\" \/>\n<meta name=\"author\" content=\"webdo.tn\" \/>\n<meta name=\"twitter:card\" content=\"summary_large_image\" \/>\n<meta name=\"twitter:creator\" content=\"@webdo_tn\" \/>\n<meta name=\"twitter:site\" content=\"@webdo_tn\" \/>\n<meta name=\"twitter:label1\" content=\"\u00c9crit par\" \/>\n\t<meta name=\"twitter:data1\" content=\"webdo.tn\" \/>\n\t<meta name=\"twitter:label2\" content=\"Dur\u00e9e de lecture estim\u00e9e\" \/>\n\t<meta name=\"twitter:data2\" content=\"1 minute\" \/>\n<script type=\"application\/ld+json\" class=\"yoast-schema-graph\">{\"@context\":\"https:\\\/\\\/schema.org\",\"@graph\":[{\"@type\":\"NewsArticle\",\"@id\":\"https:\\\/\\\/www.webdo.tn\\\/fr\\\/actualite\\\/national\\\/12-juillet-date-du-premier-vol-direct-qui-reliera-gabes-a-paris\\\/155612\\\/#article\",\"isPartOf\":{\"@id\":\"https:\\\/\\\/www.webdo.tn\\\/fr\\\/actualite\\\/national\\\/12-juillet-date-du-premier-vol-direct-qui-reliera-gabes-a-paris\\\/155612\\\/\"},\"author\":{\"name\":\"webdo.tn\",\"@id\":\"https:\\\/\\\/www.webdo.tn\\\/fr\\\/#\\\/schema\\\/person\\\/9a9c6118d687c117df8ef3cc36a4d175\"},\"headline\":\"12 juillet, date du premier vol direct qui reliera Gab\u00e8s \u00e0 Paris\",\"datePublished\":\"2018-03-29T14:52:00+00:00\",\"dateModified\":\"2025-05-19T14:10:55+00:00\",\"mainEntityOfPage\":{\"@id\":\"https:\\\/\\\/www.webdo.tn\\\/fr\\\/actualite\\\/national\\\/12-juillet-date-du-premier-vol-direct-qui-reliera-gabes-a-paris\\\/155612\\\/\"},\"wordCount\":205,\"commentCount\":0,\"publisher\":{\"@id\":\"https:\\\/\\\/www.webdo.tn\\\/fr\\\/#organization\"},\"image\":{\"@id\":\"https:\\\/\\\/www.webdo.tn\\\/fr\\\/actualite\\\/national\\\/12-juillet-date-du-premier-vol-direct-qui-reliera-gabes-a-paris\\\/155612\\\/#primaryimage\"},\"thumbnailUrl\":\"https:\\\/\\\/www.webdo.tn\\\/fr\\\/wp-content\\\/uploads\\\/2025\\\/06\\\/aeroport_155612.png\",\"keywords\":[\"guerre\"],\"articleSection\":[\"National\"],\"inLanguage\":\"fr-FR\"},{\"@type\":\"WebPage\",\"@id\":\"https:\\\/\\\/www.webdo.tn\\\/fr\\\/actualite\\\/national\\\/12-juillet-date-du-premier-vol-direct-qui-reliera-gabes-a-paris\\\/155612\\\/\",\"url\":\"https:\\\/\\\/www.webdo.tn\\\/fr\\\/actualite\\\/national\\\/12-juillet-date-du-premier-vol-direct-qui-reliera-gabes-a-paris\\\/155612\\\/\",\"name\":\"12 juillet, date du premier vol direct qui reliera Gab\u00e8s \u00e0 Paris\",\"isPartOf\":{\"@id\":\"https:\\\/\\\/www.webdo.tn\\\/fr\\\/#website\"},\"primaryImageOfPage\":{\"@id\":\"https:\\\/\\\/www.webdo.tn\\\/fr\\\/actualite\\\/national\\\/12-juillet-date-du-premier-vol-direct-qui-reliera-gabes-a-paris\\\/155612\\\/#primaryimage\"},\"image\":{\"@id\":\"https:\\\/\\\/www.webdo.tn\\\/fr\\\/actualite\\\/national\\\/12-juillet-date-du-premier-vol-direct-qui-reliera-gabes-a-paris\\\/155612\\\/#primaryimage\"},\"thumbnailUrl\":\"https:\\\/\\\/www.webdo.tn\\\/fr\\\/wp-content\\\/uploads\\\/2025\\\/06\\\/aeroport_155612.png\",\"datePublished\":\"2018-03-29T14:52:00+00:00\",\"dateModified\":\"2025-05-19T14:10:55+00:00\",\"description\":\"12 juillet, date du premier vol direct qui reliera Gab\u00e8s \u00e0 Paris\",\"breadcrumb\":{\"@id\":\"https:\\\/\\\/www.webdo.tn\\\/fr\\\/actualite\\\/national\\\/12-juillet-date-du-premier-vol-direct-qui-reliera-gabes-a-paris\\\/155612\\\/#breadcrumb\"},\"inLanguage\":\"fr-FR\",\"potentialAction\":[{\"@type\":\"ReadAction\",\"target\":[\"https:\\\/\\\/www.webdo.tn\\\/fr\\\/actualite\\\/national\\\/12-juillet-date-du-premier-vol-direct-qui-reliera-gabes-a-paris\\\/155612\\\/\"]}]},{\"@type\":\"ImageObject\",\"inLanguage\":\"fr-FR\",\"@id\":\"https:\\\/\\\/www.webdo.tn\\\/fr\\\/actualite\\\/national\\\/12-juillet-date-du-premier-vol-direct-qui-reliera-gabes-a-paris\\\/155612\\\/#primaryimage\",\"url\":\"https:\\\/\\\/www.webdo.tn\\\/fr\\\/wp-content\\\/uploads\\\/2025\\\/06\\\/aeroport_155612.png\",\"contentUrl\":\"https:\\\/\\\/www.webdo.tn\\\/fr\\\/wp-content\\\/uploads\\\/2025\\\/06\\\/aeroport_155612.png\",\"width\":823,\"height\":420,\"caption\":\"12 juillet, date du premier vol direct qui reliera Gab\u00e8s \u00e0 Paris\"},{\"@type\":\"BreadcrumbList\",\"@id\":\"https:\\\/\\\/www.webdo.tn\\\/fr\\\/actualite\\\/national\\\/12-juillet-date-du-premier-vol-direct-qui-reliera-gabes-a-paris\\\/155612\\\/#breadcrumb\",\"itemListElement\":[{\"@type\":\"ListItem\",\"position\":1,\"name\":\"Accueil\",\"item\":\"https:\\\/\\\/www.webdo.tn\\\/fr\\\/\"},{\"@type\":\"ListItem\",\"position\":2,\"name\":\"12 juillet, date du premier vol direct qui reliera Gab\u00e8s \u00e0 Paris\"}]},{\"@type\":\"WebSite\",\"@id\":\"https:\\\/\\\/www.webdo.tn\\\/fr\\\/#website\",\"url\":\"https:\\\/\\\/www.webdo.tn\\\/fr\\\/\",\"name\":\"webdo\",\"description\":\"Tunisie - News en Tunisie et \u00e0 l&#039;international sur Webdo.tn\",\"publisher\":{\"@id\":\"https:\\\/\\\/www.webdo.tn\\\/fr\\\/#organization\"},\"potentialAction\":[{\"@type\":\"SearchAction\",\"target\":{\"@type\":\"EntryPoint\",\"urlTemplate\":\"https:\\\/\\\/www.webdo.tn\\\/fr\\\/?s={search_term_string}\"},\"query-input\":{\"@type\":\"PropertyValueSpecification\",\"valueRequired\":true,\"valueName\":\"search_term_string\"}}],\"inLanguage\":\"fr-FR\"},{\"@type\":\"Organization\",\"@id\":\"https:\\\/\\\/www.webdo.tn\\\/fr\\\/#organization\",\"name\":\"Webdo\",\"alternateName\":\"Webdo.tn\",\"url\":\"https:\\\/\\\/www.webdo.tn\\\/fr\\\/\",\"logo\":{\"@type\":\"ImageObject\",\"inLanguage\":\"fr-FR\",\"@id\":\"https:\\\/\\\/www.webdo.tn\\\/fr\\\/#\\\/schema\\\/logo\\\/image\\\/\",\"url\":\"https:\\\/\\\/www.webdo.tn\\\/fr\\\/wp-content\\\/uploads\\\/2025\\\/06\\\/Webdo-Tunisie_168377.jpg\",\"contentUrl\":\"https:\\\/\\\/www.webdo.tn\\\/fr\\\/wp-content\\\/uploads\\\/2025\\\/06\\\/Webdo-Tunisie_168377.jpg\",\"width\":301,\"height\":301,\"caption\":\"Webdo\"},\"image\":{\"@id\":\"https:\\\/\\\/www.webdo.tn\\\/fr\\\/#\\\/schema\\\/logo\\\/image\\\/\"},\"sameAs\":[\"https:\\\/\\\/www.facebook.com\\\/webdotn\",\"https:\\\/\\\/x.com\\\/webdo_tn\"],\"description\":\"Webdo est un m\u00e9dia num\u00e9rique tunisien fond\u00e9 en 2010, sp\u00e9cialis\u00e9 dans l\u2019actualit\u00e9 nationale et internationale, l\u2019\u00e9conomie, la soci\u00e9t\u00e9 et les analyses politiques. Le site s\u2019adresse \u00e0 un large public francophone et couvre l\u2019information tunisienne en temps r\u00e9el.\",\"email\":\"redac@webdo.tn\",\"legalName\":\"YNJ SARL\",\"foundingDate\":\"2010-09-06\",\"numberOfEmployees\":{\"@type\":\"QuantitativeValue\",\"minValue\":\"11\",\"maxValue\":\"50\"}},{\"@type\":\"Person\",\"@id\":\"https:\\\/\\\/www.webdo.tn\\\/fr\\\/#\\\/schema\\\/person\\\/9a9c6118d687c117df8ef3cc36a4d175\",\"name\":\"webdo.tn\",\"image\":{\"@type\":\"ImageObject\",\"inLanguage\":\"fr-FR\",\"@id\":\"https:\\\/\\\/secure.gravatar.com\\\/avatar\\\/7ce1f28c0c3bbac99ff550b85ef8e44a6950c6ee24514fb6a5489e51d06f0298?s=96&d=mm&r=g\",\"url\":\"https:\\\/\\\/secure.gravatar.com\\\/avatar\\\/7ce1f28c0c3bbac99ff550b85ef8e44a6950c6ee24514fb6a5489e51d06f0298?s=96&d=mm&r=g\",\"contentUrl\":\"https:\\\/\\\/secure.gravatar.com\\\/avatar\\\/7ce1f28c0c3bbac99ff550b85ef8e44a6950c6ee24514fb6a5489e51d06f0298?s=96&d=mm&r=g\",\"caption\":\"webdo.tn\"},\"url\":\"https:\\\/\\\/www.webdo.tn\\\/fr\\\/actualite\\\/author\\\/webdotn\\\/\"}]}<\/script>\n<!-- \/ Yoast SEO Premium plugin. -->","yoast_head_json":{"title":"12 juillet, date du premier vol direct qui reliera Gab\u00e8s \u00e0 Paris","description":"12 juillet, date du premier vol direct qui reliera Gab\u00e8s \u00e0 Paris","canonical":"https:\/\/www.webdo.tn\/fr\/actualite\/national\/12-juillet-date-du-premier-vol-direct-qui-reliera-gabes-a-paris\/155612\/","og_locale":"fr_FR","og_type":"article","og_title":"12 juillet, date du premier vol direct qui reliera Gab\u00e8s \u00e0 Paris","og_description":"12 juillet, date du premier vol direct qui reliera Gab\u00e8s \u00e0 Paris","og_url":"https:\/\/www.webdo.tn\/fr\/actualite\/national\/12-juillet-date-du-premier-vol-direct-qui-reliera-gabes-a-paris\/155612\/","og_site_name":"webdo","article_publisher":"https:\/\/www.facebook.com\/webdotn","article_published_time":"2018-03-29T14:52:00+00:00","article_modified_time":"2025-05-19T14:10:55+00:00","og_image":[{"width":823,"height":420,"url":"https:\/\/www.webdo.tn\/fr\/wp-content\/uploads\/2025\/06\/aeroport_155612.png","type":"image\/png"}],"author":"webdo.tn","twitter_card":"summary_large_image","twitter_creator":"@webdo_tn","twitter_site":"@webdo_tn","twitter_misc":{"\u00c9crit par":"webdo.tn","Dur\u00e9e de lecture estim\u00e9e":"1 minute"},"schema":{"@context":"https:\/\/schema.org","@graph":[{"@type":"NewsArticle","@id":"https:\/\/www.webdo.tn\/fr\/actualite\/national\/12-juillet-date-du-premier-vol-direct-qui-reliera-gabes-a-paris\/155612\/#article","isPartOf":{"@id":"https:\/\/www.webdo.tn\/fr\/actualite\/national\/12-juillet-date-du-premier-vol-direct-qui-reliera-gabes-a-paris\/155612\/"},"author":{"name":"webdo.tn","@id":"https:\/\/www.webdo.tn\/fr\/#\/schema\/person\/9a9c6118d687c117df8ef3cc36a4d175"},"headline":"12 juillet, date du premier vol direct qui reliera Gab\u00e8s \u00e0 Paris","datePublished":"2018-03-29T14:52:00+00:00","dateModified":"2025-05-19T14:10:55+00:00","mainEntityOfPage":{"@id":"https:\/\/www.webdo.tn\/fr\/actualite\/national\/12-juillet-date-du-premier-vol-direct-qui-reliera-gabes-a-paris\/155612\/"},"wordCount":205,"commentCount":0,"publisher":{"@id":"https:\/\/www.webdo.tn\/fr\/#organization"},"image":{"@id":"https:\/\/www.webdo.tn\/fr\/actualite\/national\/12-juillet-date-du-premier-vol-direct-qui-reliera-gabes-a-paris\/155612\/#primaryimage"},"thumbnailUrl":"https:\/\/www.webdo.tn\/fr\/wp-content\/uploads\/2025\/06\/aeroport_155612.png","keywords":["guerre"],"articleSection":["National"],"inLanguage":"fr-FR"},{"@type":"WebPage","@id":"https:\/\/www.webdo.tn\/fr\/actualite\/national\/12-juillet-date-du-premier-vol-direct-qui-reliera-gabes-a-paris\/155612\/","url":"https:\/\/www.webdo.tn\/fr\/actualite\/national\/12-juillet-date-du-premier-vol-direct-qui-reliera-gabes-a-paris\/155612\/","name":"12 juillet, date du premier vol direct qui reliera Gab\u00e8s \u00e0 Paris","isPartOf":{"@id":"https:\/\/www.webdo.tn\/fr\/#website"},"primaryImageOfPage":{"@id":"https:\/\/www.webdo.tn\/fr\/actualite\/national\/12-juillet-date-du-premier-vol-direct-qui-reliera-gabes-a-paris\/155612\/#primaryimage"},"image":{"@id":"https:\/\/www.webdo.tn\/fr\/actualite\/national\/12-juillet-date-du-premier-vol-direct-qui-reliera-gabes-a-paris\/155612\/#primaryimage"},"thumbnailUrl":"https:\/\/www.webdo.tn\/fr\/wp-content\/uploads\/2025\/06\/aeroport_155612.png","datePublished":"2018-03-29T14:52:00+00:00","dateModified":"2025-05-19T14:10:55+00:00","description":"12 juillet, date du premier vol direct qui reliera Gab\u00e8s \u00e0 Paris","breadcrumb":{"@id":"https:\/\/www.webdo.tn\/fr\/actualite\/national\/12-juillet-date-du-premier-vol-direct-qui-reliera-gabes-a-paris\/155612\/#breadcrumb"},"inLanguage":"fr-FR","potentialAction":[{"@type":"ReadAction","target":["https:\/\/www.webdo.tn\/fr\/actualite\/national\/12-juillet-date-du-premier-vol-direct-qui-reliera-gabes-a-paris\/155612\/"]}]},{"@type":"ImageObject","inLanguage":"fr-FR","@id":"https:\/\/www.webdo.tn\/fr\/actualite\/national\/12-juillet-date-du-premier-vol-direct-qui-reliera-gabes-a-paris\/155612\/#primaryimage","url":"https:\/\/www.webdo.tn\/fr\/wp-content\/uploads\/2025\/06\/aeroport_155612.png","contentUrl":"https:\/\/www.webdo.tn\/fr\/wp-content\/uploads\/2025\/06\/aeroport_155612.png","width":823,"height":420,"caption":"12 juillet, date du premier vol direct qui reliera Gab\u00e8s \u00e0 Paris"},{"@type":"BreadcrumbList","@id":"https:\/\/www.webdo.tn\/fr\/actualite\/national\/12-juillet-date-du-premier-vol-direct-qui-reliera-gabes-a-paris\/155612\/#breadcrumb","itemListElement":[{"@type":"ListItem","position":1,"name":"Accueil","item":"https:\/\/www.webdo.tn\/fr\/"},{"@type":"ListItem","position":2,"name":"12 juillet, date du premier vol direct qui reliera Gab\u00e8s \u00e0 Paris"}]},{"@type":"WebSite","@id":"https:\/\/www.webdo.tn\/fr\/#website","url":"https:\/\/www.webdo.tn\/fr\/","name":"webdo","description":"Tunisie - News en Tunisie et \u00e0 l&#039;international sur Webdo.tn","publisher":{"@id":"https:\/\/www.webdo.tn\/fr\/#organization"},"potentialAction":[{"@type":"SearchAction","target":{"@type":"EntryPoint","urlTemplate":"https:\/\/www.webdo.tn\/fr\/?s={search_term_string}"},"query-input":{"@type":"PropertyValueSpecification","valueRequired":true,"valueName":"search_term_string"}}],"inLanguage":"fr-FR"},{"@type":"Organization","@id":"https:\/\/www.webdo.tn\/fr\/#organization","name":"Webdo","alternateName":"Webdo.tn","url":"https:\/\/www.webdo.tn\/fr\/","logo":{"@type":"ImageObject","inLanguage":"fr-FR","@id":"https:\/\/www.webdo.tn\/fr\/#\/schema\/logo\/image\/","url":"https:\/\/www.webdo.tn\/fr\/wp-content\/uploads\/2025\/06\/Webdo-Tunisie_168377.jpg","contentUrl":"https:\/\/www.webdo.tn\/fr\/wp-content\/uploads\/2025\/06\/Webdo-Tunisie_168377.jpg","width":301,"height":301,"caption":"Webdo"},"image":{"@id":"https:\/\/www.webdo.tn\/fr\/#\/schema\/logo\/image\/"},"sameAs":["https:\/\/www.facebook.com\/webdotn","https:\/\/x.com\/webdo_tn"],"description":"Webdo est un m\u00e9dia num\u00e9rique tunisien fond\u00e9 en 2010, sp\u00e9cialis\u00e9 dans l\u2019actualit\u00e9 nationale et internationale, l\u2019\u00e9conomie, la soci\u00e9t\u00e9 et les analyses politiques. Le site s\u2019adresse \u00e0 un large public francophone et couvre l\u2019information tunisienne en temps r\u00e9el.","email":"redac@webdo.tn","legalName":"YNJ SARL","foundingDate":"2010-09-06","numberOfEmployees":{"@type":"QuantitativeValue","minValue":"11","maxValue":"50"}},{"@type":"Person","@id":"https:\/\/www.webdo.tn\/fr\/#\/schema\/person\/9a9c6118d687c117df8ef3cc36a4d175","name":"webdo.tn","image":{"@type":"ImageObject","inLanguage":"fr-FR","@id":"https:\/\/secure.gravatar.com\/avatar\/7ce1f28c0c3bbac99ff550b85ef8e44a6950c6ee24514fb6a5489e51d06f0298?s=96&d=mm&r=g","url":"https:\/\/secure.gravatar.com\/avatar\/7ce1f28c0c3bbac99ff550b85ef8e44a6950c6ee24514fb6a5489e51d06f0298?s=96&d=mm&r=g","contentUrl":"https:\/\/secure.gravatar.com\/avatar\/7ce1f28c0c3bbac99ff550b85ef8e44a6950c6ee24514fb6a5489e51d06f0298?s=96&d=mm&r=g","caption":"webdo.tn"},"url":"https:\/\/www.webdo.tn\/fr\/actualite\/author\/webdotn\/"}]}},"_links":{"self":[{"href":"https:\/\/www.webdo.tn\/fr\/wp-json\/wp\/v2\/posts\/155612","targetHints":{"allow":["GET"]}}],"collection":[{"href":"https:\/\/www.webdo.tn\/fr\/wp-json\/wp\/v2\/posts"}],"about":[{"href":"https:\/\/www.webdo.tn\/fr\/wp-json\/wp\/v2\/types\/post"}],"author":[{"embeddable":true,"href":"https:\/\/www.webdo.tn\/fr\/wp-json\/wp\/v2\/users\/3222"}],"replies":[{"embeddable":true,"href":"https:\/\/www.webdo.tn\/fr\/wp-json\/wp\/v2\/comments?post=155612"}],"version-history":[{"count":0,"href":"https:\/\/www.webdo.tn\/fr\/wp-json\/wp\/v2\/posts\/155612\/revisions"}],"wp:featuredmedia":[{"embeddable":true,"href":"https:\/\/www.webdo.tn\/fr\/wp-json\/wp\/v2\/media\/375951"}],"wp:attachment":[{"href":"https:\/\/www.webdo.tn\/fr\/wp-json\/wp\/v2\/media?parent=155612"}],"wp:term":[{"taxonomy":"category","embeddable":true,"href":"https:\/\/www.webdo.tn\/fr\/wp-json\/wp\/v2\/categories?post=155612"},{"taxonomy":"post_tag","embeddable":true,"href":"https:\/\/www.webdo.tn\/fr\/wp-json\/wp\/v2\/tags?post=155612"}],"curies":[{"name":"wp","href":"https:\/\/api.w.org\/{rel}","templated":true}]}}