{"id":150233,"date":"2019-05-01T17:52:00","date_gmt":"2019-05-01T17:52:00","guid":{"rendered":"https:\/\/www.webdo.tn\/fr\/blog\/tunisie-vers-limportation-de-500-a-1000-voitures-electriques\/150233\/"},"modified":"2025-05-20T22:56:21","modified_gmt":"2025-05-20T22:56:21","slug":"tunisie-vers-limportation-de-500-a-1000-voitures-electriques","status":"publish","type":"post","link":"https:\/\/www.webdo.tn\/fr\/actualite\/national\/tunisie-vers-limportation-de-500-a-1000-voitures-electriques\/150233\/","title":{"rendered":"Tunisie : Vers l\u2019importation de 500 \u00e0 1000 voitures \u00e9lectriques"},"content":{"rendered":"<p>Le responsable \u00ab\u00a0efficacit\u00e9 \u00e9nerg\u00e9tique transport\u00a0\u00bb, \u00e0 l\u2019Agence Nationale pour la Ma\u00eetrise de l\u2019Energie (ANME), a fait savoir ce mercredi 1er mai, que l&rsquo;agence va pr\u00e9senter dans les prochains jours, un projet pilote, relatif \u00e0 l\u2019importation de 500 \u00e0 1000 voitures \u00e9lectriques, \u00e0 un conseil minist\u00e9riel.<\/p>\n<p>\t\t\t\t\t\t\t\t\tDans une d\u00e9claration \u00e0 l&rsquo;agence TAP, il a expliqu\u00e9 que ce projet pilote, qui s\u2019\u00e9tale sur une p\u00e9riode de deux ans, pr\u00e9voit, la mise en place d\u2019un r\u00e9seau compos\u00e9 d\u2019une dizaine de stations de borne de recharge ultra rapide, au sein des stations Agil, dans les grandes villes du pays.<\/p>\n<p>\u00ab\u00a0Ces stations permettront de recharger les batteries des voitures \u00e9lectriques \u00e0 80%, en 30 minutes\u00a0\u00bb. Ganouni a pr\u00e9cis\u00e9 que ces voitures seront uniquement, mises \u00e0 la disposition des administrations publiques tunisiennes (STEG, Poste tunisienne, ANME, d\u00e9partements minist\u00e9riels&#8230;), en vue de rationaliser la consommation \u00e9nerg\u00e9tique.<\/p>\n<p>\u00ab\u00a0Ces v\u00e9hicules permettront de r\u00e9duire la consommation \u00e9nerg\u00e9tique de 50%, au moins\u00a0\u00bb. Ganouni a rappel\u00e9 qu\u2019une task force compos\u00e9e de plusieurs intervenants, dont la STEG, la Soci\u00e9t\u00e9 nationale de distribution des p\u00e9troles (SNDP- AGIL), la Chambre syndicale des concessionnaires, les minist\u00e8res de l\u2019Industrie, des Finances, de Transport&#8230;, a \u00e9t\u00e9 form\u00e9e, depuis quelques mois pour discuter des diff\u00e9rents aspects de la mise en place de ce projet: la r\u00e9glementation, la fiscalit\u00e9, l&rsquo;infrastructure de recharge, le nombre de v\u00e9hicules, les b\u00e9n\u00e9ficiaires de ces voitures&#8230;<\/p>\n<p>Vers un projet de loi<\/p>\n<p>Un projet de loi instaurant des incitations relatives \u00e0 la commercialisation des voitures \u00e9lectriques a \u00e9t\u00e9 soumis \u00e0 l\u2019adoption du gouvernement avant de le soumettre \u00e0 l\u2019ARP, a indiqu\u00e9, lundi 15 avril 2019, le directeur central d\u2019H\u00e9lios, filiale du groupe Al Badr et repr\u00e9sentant officiel de la marque BYD (Build Your Dreams), Abdellatif Kallel.<\/p>\n<p>\u00ab\u00a0Lequel projet devra instaurer un cadre juridique favorable \u00e0 la mobilit\u00e9 \u00e9lectrique en Tunisie et favoriser la commercialisation sur le march\u00e9 tunisien de ce genre de voitures qui permet un gain consid\u00e9rable en carburants mais aussi en protection de l\u2019environnement \u00ab\u00a0, a-t-il aussi soulign\u00e9.<\/p>\n<p>Kallel a aussi rappel\u00e9 que son groupe a d\u00e9j\u00e0 lanc\u00e9, depuis juillet 2018, un projet pilote de mobilit\u00e9 \u00e9lectronique en collaboration avec l\u2019ANME, rapporte l\u2019agence TAP. Il a mis \u00e0 la disposition de l\u2019ANME deux v\u00e9hicules (un bus et une voiture utilitaire 100% \u00e9lectriques ob\u00e9issant aux normes europ\u00e9ennes), qui ont \u00e9t\u00e9 affect\u00e9s \u00e0 des structures publiques, pour une p\u00e9riode d\u2019essai de 6 mois, afin d\u2019\u00e9valuer la rentabilit\u00e9, la consommation et les capacit\u00e9s d\u2019adaptation de cette technologie sur le march\u00e9 tunisien.<\/p>\n<p>S\u2019agissant des prix \u00e9lev\u00e9s des v\u00e9hicules \u00e9lectriques per\u00e7us jusque-l\u00e0 comme frein \u00e0 leur commercialisation, Kallel a soulign\u00e9 \u00a0\u00bb selon Bloomberg, d\u2019ici 2027, les prix des voitures \u00e9lectriques seront les m\u00eames que celles \u00e0 carburants.<\/p>\n<p>Il vaut mieux donc s\u2019inscrire dans cette tendance mondiale qui favorise les voitures \u00e9lectriques, d\u2019autant plus que l\u2019orientation retenue par l\u2019Etat vers les \u00e9nergies renouvelables pourrait nous garantir une \u00e9lectricit\u00e9 moins ch\u00e8re \u00ab\u00a0. Rappelons-le, lors d\u2019un dossier que nous avons publi\u00e9 en d\u00e9cembre dernier,\u00a0nous avons soulign\u00e9 la n\u00e9cessit\u00e9 de faciliter l\u2019implantation de ce type de voiture en Tunisie, outre la mise en place d\u2019un cadre l\u00e9gislatif r\u00e9gissant ce secteur. <\/p>\n<p>Walid Ben Youssef<\/p>\n","protected":false},"excerpt":{"rendered":"<p>Tunisie : Vers l\u2019importation de 500 \u00e0 1000 voitures \u00e9lectriques<\/p>\n","protected":false},"author":3183,"featured_media":295256,"comment_status":"open","ping_status":"closed","sticky":false,"template":"","format":"standard","meta":{"footnotes":""},"categories":[44],"tags":[6177],"class_list":["post-150233","post","type-post","status-publish","format-standard","has-post-thumbnail","hentry","category-national","tag-voiture-electrique"],"yoast_head":"<!-- This site is optimized with the Yoast SEO Premium plugin v27.5 (Yoast SEO v27.5) - https:\/\/yoast.com\/product\/yoast-seo-premium-wordpress\/ -->\n<title>Tunisie : Vers l\u2019importation de 500 \u00e0 1000 voitures \u00e9lectriques<\/title>\n<meta name=\"description\" content=\"Tunisie : Vers l\u2019importation de 500 \u00e0 1000 voitures \u00e9lectriques\" \/>\n<link rel=\"canonical\" href=\"https:\/\/www.webdo.tn\/fr\/actualite\/national\/tunisie-vers-limportation-de-500-a-1000-voitures-electriques\/150233\/\" \/>\n<meta property=\"og:locale\" content=\"fr_FR\" \/>\n<meta property=\"og:type\" content=\"article\" \/>\n<meta property=\"og:title\" content=\"Tunisie : Vers l\u2019importation de 500 \u00e0 1000 voitures \u00e9lectriques\" \/>\n<meta property=\"og:description\" content=\"Tunisie : Vers l\u2019importation de 500 \u00e0 1000 voitures \u00e9lectriques\" \/>\n<meta property=\"og:url\" content=\"https:\/\/www.webdo.tn\/fr\/actualite\/national\/tunisie-vers-limportation-de-500-a-1000-voitures-electriques\/150233\/\" \/>\n<meta property=\"og:site_name\" content=\"webdo\" \/>\n<meta property=\"article:publisher\" content=\"https:\/\/www.facebook.com\/webdotn\" \/>\n<meta property=\"article:author\" content=\"https:\/\/www.facebook.com\/wby.webdo\" \/>\n<meta property=\"article:published_time\" content=\"2019-05-01T17:52:00+00:00\" \/>\n<meta property=\"article:modified_time\" content=\"2025-05-20T22:56:21+00:00\" \/>\n<meta property=\"og:image\" content=\"https:\/\/www.webdo.tn\/fr\/wp-content\/uploads\/2019\/05\/oi.jpg\" \/>\n\t<meta property=\"og:image:width\" content=\"744\" \/>\n\t<meta property=\"og:image:height\" content=\"418\" \/>\n\t<meta property=\"og:image:type\" content=\"image\/jpeg\" \/>\n<meta name=\"author\" content=\"Walid Ben Youssef\" \/>\n<meta name=\"twitter:card\" content=\"summary_large_image\" \/>\n<meta name=\"twitter:creator\" content=\"@webdo_tn\" \/>\n<meta name=\"twitter:site\" content=\"@webdo_tn\" \/>\n<meta name=\"twitter:label1\" content=\"\u00c9crit par\" \/>\n\t<meta name=\"twitter:data1\" content=\"Walid Ben Youssef\" \/>\n\t<meta name=\"twitter:label2\" content=\"Dur\u00e9e de lecture estim\u00e9e\" \/>\n\t<meta name=\"twitter:data2\" content=\"3 minutes\" \/>\n<script type=\"application\/ld+json\" class=\"yoast-schema-graph\">{\"@context\":\"https:\\\/\\\/schema.org\",\"@graph\":[{\"@type\":\"NewsArticle\",\"@id\":\"https:\\\/\\\/www.webdo.tn\\\/fr\\\/actualite\\\/national\\\/tunisie-vers-limportation-de-500-a-1000-voitures-electriques\\\/150233\\\/#article\",\"isPartOf\":{\"@id\":\"https:\\\/\\\/www.webdo.tn\\\/fr\\\/actualite\\\/national\\\/tunisie-vers-limportation-de-500-a-1000-voitures-electriques\\\/150233\\\/\"},\"author\":{\"name\":\"Walid Ben Youssef\",\"@id\":\"https:\\\/\\\/www.webdo.tn\\\/fr\\\/#\\\/schema\\\/person\\\/2c509d3aeb706736cdf7dc93d76b6fe1\"},\"headline\":\"Tunisie : Vers l\u2019importation de 500 \u00e0 1000 voitures \u00e9lectriques\",\"datePublished\":\"2019-05-01T17:52:00+00:00\",\"dateModified\":\"2025-05-20T22:56:21+00:00\",\"mainEntityOfPage\":{\"@id\":\"https:\\\/\\\/www.webdo.tn\\\/fr\\\/actualite\\\/national\\\/tunisie-vers-limportation-de-500-a-1000-voitures-electriques\\\/150233\\\/\"},\"wordCount\":563,\"commentCount\":0,\"publisher\":{\"@id\":\"https:\\\/\\\/www.webdo.tn\\\/fr\\\/#organization\"},\"image\":{\"@id\":\"https:\\\/\\\/www.webdo.tn\\\/fr\\\/actualite\\\/national\\\/tunisie-vers-limportation-de-500-a-1000-voitures-electriques\\\/150233\\\/#primaryimage\"},\"thumbnailUrl\":\"https:\\\/\\\/www.webdo.tn\\\/fr\\\/wp-content\\\/uploads\\\/2019\\\/05\\\/oi.jpg\",\"keywords\":[\"Voiture \u00e9lectrique\"],\"articleSection\":[\"National\"],\"inLanguage\":\"fr-FR\"},{\"@type\":\"WebPage\",\"@id\":\"https:\\\/\\\/www.webdo.tn\\\/fr\\\/actualite\\\/national\\\/tunisie-vers-limportation-de-500-a-1000-voitures-electriques\\\/150233\\\/\",\"url\":\"https:\\\/\\\/www.webdo.tn\\\/fr\\\/actualite\\\/national\\\/tunisie-vers-limportation-de-500-a-1000-voitures-electriques\\\/150233\\\/\",\"name\":\"Tunisie : Vers l\u2019importation de 500 \u00e0 1000 voitures \u00e9lectriques\",\"isPartOf\":{\"@id\":\"https:\\\/\\\/www.webdo.tn\\\/fr\\\/#website\"},\"primaryImageOfPage\":{\"@id\":\"https:\\\/\\\/www.webdo.tn\\\/fr\\\/actualite\\\/national\\\/tunisie-vers-limportation-de-500-a-1000-voitures-electriques\\\/150233\\\/#primaryimage\"},\"image\":{\"@id\":\"https:\\\/\\\/www.webdo.tn\\\/fr\\\/actualite\\\/national\\\/tunisie-vers-limportation-de-500-a-1000-voitures-electriques\\\/150233\\\/#primaryimage\"},\"thumbnailUrl\":\"https:\\\/\\\/www.webdo.tn\\\/fr\\\/wp-content\\\/uploads\\\/2019\\\/05\\\/oi.jpg\",\"datePublished\":\"2019-05-01T17:52:00+00:00\",\"dateModified\":\"2025-05-20T22:56:21+00:00\",\"description\":\"Tunisie : Vers l\u2019importation de 500 \u00e0 1000 voitures \u00e9lectriques\",\"breadcrumb\":{\"@id\":\"https:\\\/\\\/www.webdo.tn\\\/fr\\\/actualite\\\/national\\\/tunisie-vers-limportation-de-500-a-1000-voitures-electriques\\\/150233\\\/#breadcrumb\"},\"inLanguage\":\"fr-FR\",\"potentialAction\":[{\"@type\":\"ReadAction\",\"target\":[\"https:\\\/\\\/www.webdo.tn\\\/fr\\\/actualite\\\/national\\\/tunisie-vers-limportation-de-500-a-1000-voitures-electriques\\\/150233\\\/\"]}]},{\"@type\":\"ImageObject\",\"inLanguage\":\"fr-FR\",\"@id\":\"https:\\\/\\\/www.webdo.tn\\\/fr\\\/actualite\\\/national\\\/tunisie-vers-limportation-de-500-a-1000-voitures-electriques\\\/150233\\\/#primaryimage\",\"url\":\"https:\\\/\\\/www.webdo.tn\\\/fr\\\/wp-content\\\/uploads\\\/2019\\\/05\\\/oi.jpg\",\"contentUrl\":\"https:\\\/\\\/www.webdo.tn\\\/fr\\\/wp-content\\\/uploads\\\/2019\\\/05\\\/oi.jpg\",\"width\":744,\"height\":418,\"caption\":\"Tunisie : Vers l\u2019importation de 500 \u00e0 1000 voitures \u00e9lectriques\"},{\"@type\":\"BreadcrumbList\",\"@id\":\"https:\\\/\\\/www.webdo.tn\\\/fr\\\/actualite\\\/national\\\/tunisie-vers-limportation-de-500-a-1000-voitures-electriques\\\/150233\\\/#breadcrumb\",\"itemListElement\":[{\"@type\":\"ListItem\",\"position\":1,\"name\":\"Accueil\",\"item\":\"https:\\\/\\\/www.webdo.tn\\\/fr\\\/\"},{\"@type\":\"ListItem\",\"position\":2,\"name\":\"Tunisie : Vers l\u2019importation de 500 \u00e0 1000 voitures \u00e9lectriques\"}]},{\"@type\":\"WebSite\",\"@id\":\"https:\\\/\\\/www.webdo.tn\\\/fr\\\/#website\",\"url\":\"https:\\\/\\\/www.webdo.tn\\\/fr\\\/\",\"name\":\"webdo\",\"description\":\"Tunisie - News en Tunisie et \u00e0 l&#039;international sur Webdo.tn\",\"publisher\":{\"@id\":\"https:\\\/\\\/www.webdo.tn\\\/fr\\\/#organization\"},\"potentialAction\":[{\"@type\":\"SearchAction\",\"target\":{\"@type\":\"EntryPoint\",\"urlTemplate\":\"https:\\\/\\\/www.webdo.tn\\\/fr\\\/?s={search_term_string}\"},\"query-input\":{\"@type\":\"PropertyValueSpecification\",\"valueRequired\":true,\"valueName\":\"search_term_string\"}}],\"inLanguage\":\"fr-FR\"},{\"@type\":\"Organization\",\"@id\":\"https:\\\/\\\/www.webdo.tn\\\/fr\\\/#organization\",\"name\":\"Webdo\",\"alternateName\":\"Webdo.tn\",\"url\":\"https:\\\/\\\/www.webdo.tn\\\/fr\\\/\",\"logo\":{\"@type\":\"ImageObject\",\"inLanguage\":\"fr-FR\",\"@id\":\"https:\\\/\\\/www.webdo.tn\\\/fr\\\/#\\\/schema\\\/logo\\\/image\\\/\",\"url\":\"https:\\\/\\\/www.webdo.tn\\\/fr\\\/wp-content\\\/uploads\\\/2025\\\/06\\\/Webdo-Tunisie_168377.jpg\",\"contentUrl\":\"https:\\\/\\\/www.webdo.tn\\\/fr\\\/wp-content\\\/uploads\\\/2025\\\/06\\\/Webdo-Tunisie_168377.jpg\",\"width\":301,\"height\":301,\"caption\":\"Webdo\"},\"image\":{\"@id\":\"https:\\\/\\\/www.webdo.tn\\\/fr\\\/#\\\/schema\\\/logo\\\/image\\\/\"},\"sameAs\":[\"https:\\\/\\\/www.facebook.com\\\/webdotn\",\"https:\\\/\\\/x.com\\\/webdo_tn\"],\"description\":\"Webdo est un m\u00e9dia num\u00e9rique tunisien fond\u00e9 en 2010, sp\u00e9cialis\u00e9 dans l\u2019actualit\u00e9 nationale et internationale, l\u2019\u00e9conomie, la soci\u00e9t\u00e9 et les analyses politiques. Le site s\u2019adresse \u00e0 un large public francophone et couvre l\u2019information tunisienne en temps r\u00e9el.\",\"email\":\"redac@webdo.tn\",\"legalName\":\"YNJ SARL\",\"foundingDate\":\"2010-09-06\",\"numberOfEmployees\":{\"@type\":\"QuantitativeValue\",\"minValue\":\"11\",\"maxValue\":\"50\"}},{\"@type\":\"Person\",\"@id\":\"https:\\\/\\\/www.webdo.tn\\\/fr\\\/#\\\/schema\\\/person\\\/2c509d3aeb706736cdf7dc93d76b6fe1\",\"name\":\"Walid Ben Youssef\",\"image\":{\"@type\":\"ImageObject\",\"inLanguage\":\"fr-FR\",\"@id\":\"https:\\\/\\\/www.webdo.tn\\\/fr\\\/wp-content\\\/uploads\\\/2026\\\/04\\\/walid-ben-youssef_avatar-96x96.jpg\",\"url\":\"https:\\\/\\\/www.webdo.tn\\\/fr\\\/wp-content\\\/uploads\\\/2026\\\/04\\\/walid-ben-youssef_avatar-96x96.jpg\",\"contentUrl\":\"https:\\\/\\\/www.webdo.tn\\\/fr\\\/wp-content\\\/uploads\\\/2026\\\/04\\\/walid-ben-youssef_avatar-96x96.jpg\",\"caption\":\"Walid Ben Youssef\"},\"description\":\"Walid Ben Youssef est fondateur et directeur de publication de Webdo.tn, m\u00e9dia num\u00e9rique tunisien lanc\u00e9 en 2011. Journaliste depuis plus de 20 ans, il a d\u00e9but\u00e9 sa carri\u00e8re au sein du groupe Dar Tunis-Hebdo, o\u00f9 il a contribu\u00e9 d\u00e8s le d\u00e9but des ann\u00e9es 2000 au d\u00e9veloppement des premi\u00e8res initiatives web du titre. Avant de fonder Webdo, il a occup\u00e9 les fonctions de directeur adjoint du groupe Dar Tunis-Hebdo, participant au d\u00e9veloppement \u00e9ditorial, publicitaire et num\u00e9rique du groupe. Sp\u00e9cialis\u00e9 dans les m\u00e9dias num\u00e9riques, la transformation digitale de l\u2019information et l\u2019actualit\u00e9 nationale et internationale, il supervise la ligne \u00e9ditoriale de Webdo et pilote son d\u00e9veloppement strat\u00e9gique. Dipl\u00f4m\u00e9 en math\u00e9matiques de l\u2019Universit\u00e9 d\u2019Oregon (\u00c9tats-Unis), il associe une approche analytique \u00e0 une expertise de terrain du journalisme. \ud83d\udd17 Facebook : https:\\\/\\\/www.facebook.com\\\/wby.webdo\",\"sameAs\":[\"https:\\\/\\\/www.facebook.com\\\/wby.webdo\"],\"knowsAbout\":[\"journalisme\",\"m\u00e9dias num\u00e9riques\",\"transformation digitale\",\"actualit\u00e9 tunisienne\",\"g\u00e9opolitique\"],\"knowsLanguage\":[\"Fran\u00e7ais\",\"Arabe\",\"Anglais\"],\"jobTitle\":\"Fondateur et directeur de publication\",\"worksFor\":\"Webdo.tn\",\"url\":\"https:\\\/\\\/www.webdo.tn\\\/fr\\\/actualite\\\/author\\\/walid-ben-youssef\\\/\"}]}<\/script>\n<!-- \/ Yoast SEO Premium plugin. -->","yoast_head_json":{"title":"Tunisie : Vers l\u2019importation de 500 \u00e0 1000 voitures \u00e9lectriques","description":"Tunisie : Vers l\u2019importation de 500 \u00e0 1000 voitures \u00e9lectriques","canonical":"https:\/\/www.webdo.tn\/fr\/actualite\/national\/tunisie-vers-limportation-de-500-a-1000-voitures-electriques\/150233\/","og_locale":"fr_FR","og_type":"article","og_title":"Tunisie : Vers l\u2019importation de 500 \u00e0 1000 voitures \u00e9lectriques","og_description":"Tunisie : Vers l\u2019importation de 500 \u00e0 1000 voitures \u00e9lectriques","og_url":"https:\/\/www.webdo.tn\/fr\/actualite\/national\/tunisie-vers-limportation-de-500-a-1000-voitures-electriques\/150233\/","og_site_name":"webdo","article_publisher":"https:\/\/www.facebook.com\/webdotn","article_author":"https:\/\/www.facebook.com\/wby.webdo","article_published_time":"2019-05-01T17:52:00+00:00","article_modified_time":"2025-05-20T22:56:21+00:00","og_image":[{"width":744,"height":418,"url":"https:\/\/www.webdo.tn\/fr\/wp-content\/uploads\/2019\/05\/oi.jpg","type":"image\/jpeg"}],"author":"Walid Ben Youssef","twitter_card":"summary_large_image","twitter_creator":"@webdo_tn","twitter_site":"@webdo_tn","twitter_misc":{"\u00c9crit par":"Walid Ben Youssef","Dur\u00e9e de lecture estim\u00e9e":"3 minutes"},"schema":{"@context":"https:\/\/schema.org","@graph":[{"@type":"NewsArticle","@id":"https:\/\/www.webdo.tn\/fr\/actualite\/national\/tunisie-vers-limportation-de-500-a-1000-voitures-electriques\/150233\/#article","isPartOf":{"@id":"https:\/\/www.webdo.tn\/fr\/actualite\/national\/tunisie-vers-limportation-de-500-a-1000-voitures-electriques\/150233\/"},"author":{"name":"Walid Ben Youssef","@id":"https:\/\/www.webdo.tn\/fr\/#\/schema\/person\/2c509d3aeb706736cdf7dc93d76b6fe1"},"headline":"Tunisie : Vers l\u2019importation de 500 \u00e0 1000 voitures \u00e9lectriques","datePublished":"2019-05-01T17:52:00+00:00","dateModified":"2025-05-20T22:56:21+00:00","mainEntityOfPage":{"@id":"https:\/\/www.webdo.tn\/fr\/actualite\/national\/tunisie-vers-limportation-de-500-a-1000-voitures-electriques\/150233\/"},"wordCount":563,"commentCount":0,"publisher":{"@id":"https:\/\/www.webdo.tn\/fr\/#organization"},"image":{"@id":"https:\/\/www.webdo.tn\/fr\/actualite\/national\/tunisie-vers-limportation-de-500-a-1000-voitures-electriques\/150233\/#primaryimage"},"thumbnailUrl":"https:\/\/www.webdo.tn\/fr\/wp-content\/uploads\/2019\/05\/oi.jpg","keywords":["Voiture \u00e9lectrique"],"articleSection":["National"],"inLanguage":"fr-FR"},{"@type":"WebPage","@id":"https:\/\/www.webdo.tn\/fr\/actualite\/national\/tunisie-vers-limportation-de-500-a-1000-voitures-electriques\/150233\/","url":"https:\/\/www.webdo.tn\/fr\/actualite\/national\/tunisie-vers-limportation-de-500-a-1000-voitures-electriques\/150233\/","name":"Tunisie : Vers l\u2019importation de 500 \u00e0 1000 voitures \u00e9lectriques","isPartOf":{"@id":"https:\/\/www.webdo.tn\/fr\/#website"},"primaryImageOfPage":{"@id":"https:\/\/www.webdo.tn\/fr\/actualite\/national\/tunisie-vers-limportation-de-500-a-1000-voitures-electriques\/150233\/#primaryimage"},"image":{"@id":"https:\/\/www.webdo.tn\/fr\/actualite\/national\/tunisie-vers-limportation-de-500-a-1000-voitures-electriques\/150233\/#primaryimage"},"thumbnailUrl":"https:\/\/www.webdo.tn\/fr\/wp-content\/uploads\/2019\/05\/oi.jpg","datePublished":"2019-05-01T17:52:00+00:00","dateModified":"2025-05-20T22:56:21+00:00","description":"Tunisie : Vers l\u2019importation de 500 \u00e0 1000 voitures \u00e9lectriques","breadcrumb":{"@id":"https:\/\/www.webdo.tn\/fr\/actualite\/national\/tunisie-vers-limportation-de-500-a-1000-voitures-electriques\/150233\/#breadcrumb"},"inLanguage":"fr-FR","potentialAction":[{"@type":"ReadAction","target":["https:\/\/www.webdo.tn\/fr\/actualite\/national\/tunisie-vers-limportation-de-500-a-1000-voitures-electriques\/150233\/"]}]},{"@type":"ImageObject","inLanguage":"fr-FR","@id":"https:\/\/www.webdo.tn\/fr\/actualite\/national\/tunisie-vers-limportation-de-500-a-1000-voitures-electriques\/150233\/#primaryimage","url":"https:\/\/www.webdo.tn\/fr\/wp-content\/uploads\/2019\/05\/oi.jpg","contentUrl":"https:\/\/www.webdo.tn\/fr\/wp-content\/uploads\/2019\/05\/oi.jpg","width":744,"height":418,"caption":"Tunisie : Vers l\u2019importation de 500 \u00e0 1000 voitures \u00e9lectriques"},{"@type":"BreadcrumbList","@id":"https:\/\/www.webdo.tn\/fr\/actualite\/national\/tunisie-vers-limportation-de-500-a-1000-voitures-electriques\/150233\/#breadcrumb","itemListElement":[{"@type":"ListItem","position":1,"name":"Accueil","item":"https:\/\/www.webdo.tn\/fr\/"},{"@type":"ListItem","position":2,"name":"Tunisie : Vers l\u2019importation de 500 \u00e0 1000 voitures \u00e9lectriques"}]},{"@type":"WebSite","@id":"https:\/\/www.webdo.tn\/fr\/#website","url":"https:\/\/www.webdo.tn\/fr\/","name":"webdo","description":"Tunisie - News en Tunisie et \u00e0 l&#039;international sur Webdo.tn","publisher":{"@id":"https:\/\/www.webdo.tn\/fr\/#organization"},"potentialAction":[{"@type":"SearchAction","target":{"@type":"EntryPoint","urlTemplate":"https:\/\/www.webdo.tn\/fr\/?s={search_term_string}"},"query-input":{"@type":"PropertyValueSpecification","valueRequired":true,"valueName":"search_term_string"}}],"inLanguage":"fr-FR"},{"@type":"Organization","@id":"https:\/\/www.webdo.tn\/fr\/#organization","name":"Webdo","alternateName":"Webdo.tn","url":"https:\/\/www.webdo.tn\/fr\/","logo":{"@type":"ImageObject","inLanguage":"fr-FR","@id":"https:\/\/www.webdo.tn\/fr\/#\/schema\/logo\/image\/","url":"https:\/\/www.webdo.tn\/fr\/wp-content\/uploads\/2025\/06\/Webdo-Tunisie_168377.jpg","contentUrl":"https:\/\/www.webdo.tn\/fr\/wp-content\/uploads\/2025\/06\/Webdo-Tunisie_168377.jpg","width":301,"height":301,"caption":"Webdo"},"image":{"@id":"https:\/\/www.webdo.tn\/fr\/#\/schema\/logo\/image\/"},"sameAs":["https:\/\/www.facebook.com\/webdotn","https:\/\/x.com\/webdo_tn"],"description":"Webdo est un m\u00e9dia num\u00e9rique tunisien fond\u00e9 en 2010, sp\u00e9cialis\u00e9 dans l\u2019actualit\u00e9 nationale et internationale, l\u2019\u00e9conomie, la soci\u00e9t\u00e9 et les analyses politiques. Le site s\u2019adresse \u00e0 un large public francophone et couvre l\u2019information tunisienne en temps r\u00e9el.","email":"redac@webdo.tn","legalName":"YNJ SARL","foundingDate":"2010-09-06","numberOfEmployees":{"@type":"QuantitativeValue","minValue":"11","maxValue":"50"}},{"@type":"Person","@id":"https:\/\/www.webdo.tn\/fr\/#\/schema\/person\/2c509d3aeb706736cdf7dc93d76b6fe1","name":"Walid Ben Youssef","image":{"@type":"ImageObject","inLanguage":"fr-FR","@id":"https:\/\/www.webdo.tn\/fr\/wp-content\/uploads\/2026\/04\/walid-ben-youssef_avatar-96x96.jpg","url":"https:\/\/www.webdo.tn\/fr\/wp-content\/uploads\/2026\/04\/walid-ben-youssef_avatar-96x96.jpg","contentUrl":"https:\/\/www.webdo.tn\/fr\/wp-content\/uploads\/2026\/04\/walid-ben-youssef_avatar-96x96.jpg","caption":"Walid Ben Youssef"},"description":"Walid Ben Youssef est fondateur et directeur de publication de Webdo.tn, m\u00e9dia num\u00e9rique tunisien lanc\u00e9 en 2011. Journaliste depuis plus de 20 ans, il a d\u00e9but\u00e9 sa carri\u00e8re au sein du groupe Dar Tunis-Hebdo, o\u00f9 il a contribu\u00e9 d\u00e8s le d\u00e9but des ann\u00e9es 2000 au d\u00e9veloppement des premi\u00e8res initiatives web du titre. Avant de fonder Webdo, il a occup\u00e9 les fonctions de directeur adjoint du groupe Dar Tunis-Hebdo, participant au d\u00e9veloppement \u00e9ditorial, publicitaire et num\u00e9rique du groupe. Sp\u00e9cialis\u00e9 dans les m\u00e9dias num\u00e9riques, la transformation digitale de l\u2019information et l\u2019actualit\u00e9 nationale et internationale, il supervise la ligne \u00e9ditoriale de Webdo et pilote son d\u00e9veloppement strat\u00e9gique. Dipl\u00f4m\u00e9 en math\u00e9matiques de l\u2019Universit\u00e9 d\u2019Oregon (\u00c9tats-Unis), il associe une approche analytique \u00e0 une expertise de terrain du journalisme. \ud83d\udd17 Facebook : https:\/\/www.facebook.com\/wby.webdo","sameAs":["https:\/\/www.facebook.com\/wby.webdo"],"knowsAbout":["journalisme","m\u00e9dias num\u00e9riques","transformation digitale","actualit\u00e9 tunisienne","g\u00e9opolitique"],"knowsLanguage":["Fran\u00e7ais","Arabe","Anglais"],"jobTitle":"Fondateur et directeur de publication","worksFor":"Webdo.tn","url":"https:\/\/www.webdo.tn\/fr\/actualite\/author\/walid-ben-youssef\/"}]}},"_links":{"self":[{"href":"https:\/\/www.webdo.tn\/fr\/wp-json\/wp\/v2\/posts\/150233","targetHints":{"allow":["GET"]}}],"collection":[{"href":"https:\/\/www.webdo.tn\/fr\/wp-json\/wp\/v2\/posts"}],"about":[{"href":"https:\/\/www.webdo.tn\/fr\/wp-json\/wp\/v2\/types\/post"}],"author":[{"embeddable":true,"href":"https:\/\/www.webdo.tn\/fr\/wp-json\/wp\/v2\/users\/3183"}],"replies":[{"embeddable":true,"href":"https:\/\/www.webdo.tn\/fr\/wp-json\/wp\/v2\/comments?post=150233"}],"version-history":[{"count":0,"href":"https:\/\/www.webdo.tn\/fr\/wp-json\/wp\/v2\/posts\/150233\/revisions"}],"wp:featuredmedia":[{"embeddable":true,"href":"https:\/\/www.webdo.tn\/fr\/wp-json\/wp\/v2\/media\/295256"}],"wp:attachment":[{"href":"https:\/\/www.webdo.tn\/fr\/wp-json\/wp\/v2\/media?parent=150233"}],"wp:term":[{"taxonomy":"category","embeddable":true,"href":"https:\/\/www.webdo.tn\/fr\/wp-json\/wp\/v2\/categories?post=150233"},{"taxonomy":"post_tag","embeddable":true,"href":"https:\/\/www.webdo.tn\/fr\/wp-json\/wp\/v2\/tags?post=150233"}],"curies":[{"name":"wp","href":"https:\/\/api.w.org\/{rel}","templated":true}]}}