{"id":149721,"date":"2019-06-05T10:53:00","date_gmt":"2019-06-05T10:53:00","guid":{"rendered":"https:\/\/www.webdo.tn\/fr\/blog\/tolerance-zero-a-sidi-bou-said-un-citoyen-sanctionne-pour-avoir-coupe-un-arbre\/149721\/"},"modified":"2019-06-05T10:53:00","modified_gmt":"2019-06-05T10:53:00","slug":"tolerance-zero-a-sidi-bou-said-un-citoyen-sanctionne-pour-avoir-coupe-un-arbre","status":"publish","type":"post","link":"https:\/\/www.webdo.tn\/fr\/actualite\/national\/tolerance-zero-a-sidi-bou-said-un-citoyen-sanctionne-pour-avoir-coupe-un-arbre\/149721\/","title":{"rendered":"\u00ab\u00a0Tol\u00e9rance z\u00e9ro\u00a0\u00bb \u00e0 Sidi Bou Sa\u00efd : Un citoyen sanctionn\u00e9 pour avoir coup\u00e9 un arbre!"},"content":{"rendered":"<p>La municipalit\u00e9 de Sidi Bou Sa\u00efd se tourne vers la \u00ab\u00a0tol\u00e9rance z\u00e9ro\u00a0\u00bb en ce qui concerne la pr\u00e9servation de l&rsquo;environnement et notamment la protection des arbres.<\/p>\n<p>Dans un post Facebook la mairie annonce avoir pris connaissance d&rsquo;un acte de coupe ill\u00e9gale et anarchique d&rsquo;un arbre dans l&rsquo;une des intersections du village de Sidi Bou Sa\u00efd. Une infraction commise par le propri\u00e9taire d&rsquo;un restaurant.<\/p>\n<p>A cet effet, la mairie annonce avoir proc\u00e9d\u00e9 \u00e0 la sanction du contrevenant suite au d\u00e9placement d&rsquo;une \u00e9quipe pour inspecter les d\u00e9g\u00e2ts. Un autre arbre sera plant\u00e9 vendredi prochain dans le m\u00eame emplacement, annonce-t-on.<\/p>\n<p>Notons qu&rsquo;il s&rsquo;agit d&rsquo;un bigaradier, appel\u00e9 aussi oranger amer ou oranger de S\u00e9ville qui aurait cach\u00e9 l&rsquo;entr\u00e9e de ce restaurant.<\/p>\n","protected":false},"excerpt":{"rendered":"<p>Tol\u00e9rance z\u00e9ro  \u00e0 Sidi Bou Sa\u00efd : Un citoyen sanctionn\u00e9 pour avoir coup\u00e9 un arbre!<\/p>\n","protected":false},"author":3222,"featured_media":294824,"comment_status":"open","ping_status":"closed","sticky":false,"template":"","format":"standard","meta":{"footnotes":""},"categories":[44],"tags":[2600],"class_list":["post-149721","post","type-post","status-publish","format-standard","has-post-thumbnail","hentry","category-national","tag-guerre"],"yoast_head":"<!-- This site is optimized with the Yoast SEO Premium plugin v27.4 (Yoast SEO v27.5) - https:\/\/yoast.com\/product\/yoast-seo-premium-wordpress\/ -->\n<title>Tol\u00e9rance z\u00e9ro \u00e0 Sidi Bou Sa\u00efd : Un citoyen sanctionn\u00e9 pour avoir coup\u00e9 un arbre!<\/title>\n<meta name=\"description\" content=\"Tol\u00e9rance z\u00e9ro \u00e0 Sidi Bou Sa\u00efd : Un citoyen sanctionn\u00e9 pour avoir coup\u00e9 un arbre!\" \/>\n<link rel=\"canonical\" href=\"https:\/\/www.webdo.tn\/fr\/actualite\/national\/tolerance-zero-a-sidi-bou-said-un-citoyen-sanctionne-pour-avoir-coupe-un-arbre\/149721\/\" \/>\n<meta property=\"og:locale\" content=\"fr_FR\" \/>\n<meta property=\"og:type\" content=\"article\" \/>\n<meta property=\"og:title\" content=\"&quot;Tol\u00e9rance z\u00e9ro&quot; \u00e0 Sidi Bou Sa\u00efd : Un citoyen sanctionn\u00e9 pour avoir coup\u00e9 un arbre!\" \/>\n<meta property=\"og:description\" content=\"Tol\u00e9rance z\u00e9ro \u00e0 Sidi Bou Sa\u00efd : Un citoyen sanctionn\u00e9 pour avoir coup\u00e9 un arbre!\" \/>\n<meta property=\"og:url\" content=\"https:\/\/www.webdo.tn\/fr\/actualite\/national\/tolerance-zero-a-sidi-bou-said-un-citoyen-sanctionne-pour-avoir-coupe-un-arbre\/149721\/\" \/>\n<meta property=\"og:site_name\" content=\"webdo\" \/>\n<meta property=\"article:publisher\" content=\"https:\/\/www.facebook.com\/webdotn\" \/>\n<meta property=\"article:published_time\" content=\"2019-06-05T10:53:00+00:00\" \/>\n<meta property=\"og:image\" content=\"https:\/\/www.webdo.tn\/fr\/wp-content\/uploads\/2019\/06\/arbre.jpg\" \/>\n\t<meta property=\"og:image:width\" content=\"720\" \/>\n\t<meta property=\"og:image:height\" content=\"960\" \/>\n\t<meta property=\"og:image:type\" content=\"image\/jpeg\" \/>\n<meta name=\"author\" content=\"webdo.tn\" \/>\n<meta name=\"twitter:card\" content=\"summary_large_image\" \/>\n<meta name=\"twitter:creator\" content=\"@webdo_tn\" \/>\n<meta name=\"twitter:site\" content=\"@webdo_tn\" \/>\n<meta name=\"twitter:label1\" content=\"\u00c9crit par\" \/>\n\t<meta name=\"twitter:data1\" content=\"webdo.tn\" \/>\n\t<meta name=\"twitter:label2\" content=\"Dur\u00e9e de lecture estim\u00e9e\" \/>\n\t<meta name=\"twitter:data2\" content=\"1 minute\" \/>\n<script type=\"application\/ld+json\" class=\"yoast-schema-graph\">{\"@context\":\"https:\\\/\\\/schema.org\",\"@graph\":[{\"@type\":\"NewsArticle\",\"@id\":\"https:\\\/\\\/www.webdo.tn\\\/fr\\\/actualite\\\/national\\\/tolerance-zero-a-sidi-bou-said-un-citoyen-sanctionne-pour-avoir-coupe-un-arbre\\\/149721\\\/#article\",\"isPartOf\":{\"@id\":\"https:\\\/\\\/www.webdo.tn\\\/fr\\\/actualite\\\/national\\\/tolerance-zero-a-sidi-bou-said-un-citoyen-sanctionne-pour-avoir-coupe-un-arbre\\\/149721\\\/\"},\"author\":{\"name\":\"webdo.tn\",\"@id\":\"https:\\\/\\\/www.webdo.tn\\\/fr\\\/#\\\/schema\\\/person\\\/9a9c6118d687c117df8ef3cc36a4d175\"},\"headline\":\"\u00ab\u00a0Tol\u00e9rance z\u00e9ro\u00a0\u00bb \u00e0 Sidi Bou Sa\u00efd : Un citoyen sanctionn\u00e9 pour avoir coup\u00e9 un arbre!\",\"datePublished\":\"2019-06-05T10:53:00+00:00\",\"mainEntityOfPage\":{\"@id\":\"https:\\\/\\\/www.webdo.tn\\\/fr\\\/actualite\\\/national\\\/tolerance-zero-a-sidi-bou-said-un-citoyen-sanctionne-pour-avoir-coupe-un-arbre\\\/149721\\\/\"},\"wordCount\":156,\"commentCount\":0,\"publisher\":{\"@id\":\"https:\\\/\\\/www.webdo.tn\\\/fr\\\/#organization\"},\"image\":{\"@id\":\"https:\\\/\\\/www.webdo.tn\\\/fr\\\/actualite\\\/national\\\/tolerance-zero-a-sidi-bou-said-un-citoyen-sanctionne-pour-avoir-coupe-un-arbre\\\/149721\\\/#primaryimage\"},\"thumbnailUrl\":\"https:\\\/\\\/www.webdo.tn\\\/fr\\\/wp-content\\\/uploads\\\/2019\\\/06\\\/arbre.jpg\",\"keywords\":[\"guerre\"],\"articleSection\":[\"National\"],\"inLanguage\":\"fr-FR\"},{\"@type\":\"WebPage\",\"@id\":\"https:\\\/\\\/www.webdo.tn\\\/fr\\\/actualite\\\/national\\\/tolerance-zero-a-sidi-bou-said-un-citoyen-sanctionne-pour-avoir-coupe-un-arbre\\\/149721\\\/\",\"url\":\"https:\\\/\\\/www.webdo.tn\\\/fr\\\/actualite\\\/national\\\/tolerance-zero-a-sidi-bou-said-un-citoyen-sanctionne-pour-avoir-coupe-un-arbre\\\/149721\\\/\",\"name\":\"Tol\u00e9rance z\u00e9ro \u00e0 Sidi Bou Sa\u00efd : Un citoyen sanctionn\u00e9 pour avoir coup\u00e9 un arbre!\",\"isPartOf\":{\"@id\":\"https:\\\/\\\/www.webdo.tn\\\/fr\\\/#website\"},\"primaryImageOfPage\":{\"@id\":\"https:\\\/\\\/www.webdo.tn\\\/fr\\\/actualite\\\/national\\\/tolerance-zero-a-sidi-bou-said-un-citoyen-sanctionne-pour-avoir-coupe-un-arbre\\\/149721\\\/#primaryimage\"},\"image\":{\"@id\":\"https:\\\/\\\/www.webdo.tn\\\/fr\\\/actualite\\\/national\\\/tolerance-zero-a-sidi-bou-said-un-citoyen-sanctionne-pour-avoir-coupe-un-arbre\\\/149721\\\/#primaryimage\"},\"thumbnailUrl\":\"https:\\\/\\\/www.webdo.tn\\\/fr\\\/wp-content\\\/uploads\\\/2019\\\/06\\\/arbre.jpg\",\"datePublished\":\"2019-06-05T10:53:00+00:00\",\"description\":\"Tol\u00e9rance z\u00e9ro \u00e0 Sidi Bou Sa\u00efd : Un citoyen sanctionn\u00e9 pour avoir coup\u00e9 un arbre!\",\"breadcrumb\":{\"@id\":\"https:\\\/\\\/www.webdo.tn\\\/fr\\\/actualite\\\/national\\\/tolerance-zero-a-sidi-bou-said-un-citoyen-sanctionne-pour-avoir-coupe-un-arbre\\\/149721\\\/#breadcrumb\"},\"inLanguage\":\"fr-FR\",\"potentialAction\":[{\"@type\":\"ReadAction\",\"target\":[\"https:\\\/\\\/www.webdo.tn\\\/fr\\\/actualite\\\/national\\\/tolerance-zero-a-sidi-bou-said-un-citoyen-sanctionne-pour-avoir-coupe-un-arbre\\\/149721\\\/\"]}]},{\"@type\":\"ImageObject\",\"inLanguage\":\"fr-FR\",\"@id\":\"https:\\\/\\\/www.webdo.tn\\\/fr\\\/actualite\\\/national\\\/tolerance-zero-a-sidi-bou-said-un-citoyen-sanctionne-pour-avoir-coupe-un-arbre\\\/149721\\\/#primaryimage\",\"url\":\"https:\\\/\\\/www.webdo.tn\\\/fr\\\/wp-content\\\/uploads\\\/2019\\\/06\\\/arbre.jpg\",\"contentUrl\":\"https:\\\/\\\/www.webdo.tn\\\/fr\\\/wp-content\\\/uploads\\\/2019\\\/06\\\/arbre.jpg\",\"width\":720,\"height\":960,\"caption\":\"\\\"Tol\u00e9rance z\u00e9ro\\\" \u00e0 Sidi Bou Sa\u00efd : Un citoyen sanctionn\u00e9 pour avoir coup\u00e9 un arbre!\"},{\"@type\":\"BreadcrumbList\",\"@id\":\"https:\\\/\\\/www.webdo.tn\\\/fr\\\/actualite\\\/national\\\/tolerance-zero-a-sidi-bou-said-un-citoyen-sanctionne-pour-avoir-coupe-un-arbre\\\/149721\\\/#breadcrumb\",\"itemListElement\":[{\"@type\":\"ListItem\",\"position\":1,\"name\":\"Accueil\",\"item\":\"https:\\\/\\\/www.webdo.tn\\\/fr\\\/\"},{\"@type\":\"ListItem\",\"position\":2,\"name\":\"\u00ab\u00a0Tol\u00e9rance z\u00e9ro\u00a0\u00bb \u00e0 Sidi Bou Sa\u00efd : Un citoyen sanctionn\u00e9 pour avoir coup\u00e9 un arbre!\"}]},{\"@type\":\"WebSite\",\"@id\":\"https:\\\/\\\/www.webdo.tn\\\/fr\\\/#website\",\"url\":\"https:\\\/\\\/www.webdo.tn\\\/fr\\\/\",\"name\":\"webdo\",\"description\":\"Tunisie - News en Tunisie et \u00e0 l&#039;international sur Webdo.tn\",\"publisher\":{\"@id\":\"https:\\\/\\\/www.webdo.tn\\\/fr\\\/#organization\"},\"potentialAction\":[{\"@type\":\"SearchAction\",\"target\":{\"@type\":\"EntryPoint\",\"urlTemplate\":\"https:\\\/\\\/www.webdo.tn\\\/fr\\\/?s={search_term_string}\"},\"query-input\":{\"@type\":\"PropertyValueSpecification\",\"valueRequired\":true,\"valueName\":\"search_term_string\"}}],\"inLanguage\":\"fr-FR\"},{\"@type\":\"Organization\",\"@id\":\"https:\\\/\\\/www.webdo.tn\\\/fr\\\/#organization\",\"name\":\"Webdo\",\"alternateName\":\"Webdo.tn\",\"url\":\"https:\\\/\\\/www.webdo.tn\\\/fr\\\/\",\"logo\":{\"@type\":\"ImageObject\",\"inLanguage\":\"fr-FR\",\"@id\":\"https:\\\/\\\/www.webdo.tn\\\/fr\\\/#\\\/schema\\\/logo\\\/image\\\/\",\"url\":\"https:\\\/\\\/www.webdo.tn\\\/fr\\\/wp-content\\\/uploads\\\/2025\\\/06\\\/Webdo-Tunisie_168377.jpg\",\"contentUrl\":\"https:\\\/\\\/www.webdo.tn\\\/fr\\\/wp-content\\\/uploads\\\/2025\\\/06\\\/Webdo-Tunisie_168377.jpg\",\"width\":301,\"height\":301,\"caption\":\"Webdo\"},\"image\":{\"@id\":\"https:\\\/\\\/www.webdo.tn\\\/fr\\\/#\\\/schema\\\/logo\\\/image\\\/\"},\"sameAs\":[\"https:\\\/\\\/www.facebook.com\\\/webdotn\",\"https:\\\/\\\/x.com\\\/webdo_tn\"],\"description\":\"Webdo est un m\u00e9dia num\u00e9rique tunisien fond\u00e9 en 2010, sp\u00e9cialis\u00e9 dans l\u2019actualit\u00e9 nationale et internationale, l\u2019\u00e9conomie, la soci\u00e9t\u00e9 et les analyses politiques. Le site s\u2019adresse \u00e0 un large public francophone et couvre l\u2019information tunisienne en temps r\u00e9el.\",\"email\":\"redac@webdo.tn\",\"legalName\":\"YNJ SARL\",\"foundingDate\":\"2010-09-06\",\"numberOfEmployees\":{\"@type\":\"QuantitativeValue\",\"minValue\":\"11\",\"maxValue\":\"50\"}},{\"@type\":\"Person\",\"@id\":\"https:\\\/\\\/www.webdo.tn\\\/fr\\\/#\\\/schema\\\/person\\\/9a9c6118d687c117df8ef3cc36a4d175\",\"name\":\"webdo.tn\",\"image\":{\"@type\":\"ImageObject\",\"inLanguage\":\"fr-FR\",\"@id\":\"https:\\\/\\\/secure.gravatar.com\\\/avatar\\\/7ce1f28c0c3bbac99ff550b85ef8e44a6950c6ee24514fb6a5489e51d06f0298?s=96&d=mm&r=g\",\"url\":\"https:\\\/\\\/secure.gravatar.com\\\/avatar\\\/7ce1f28c0c3bbac99ff550b85ef8e44a6950c6ee24514fb6a5489e51d06f0298?s=96&d=mm&r=g\",\"contentUrl\":\"https:\\\/\\\/secure.gravatar.com\\\/avatar\\\/7ce1f28c0c3bbac99ff550b85ef8e44a6950c6ee24514fb6a5489e51d06f0298?s=96&d=mm&r=g\",\"caption\":\"webdo.tn\"},\"url\":\"https:\\\/\\\/www.webdo.tn\\\/fr\\\/actualite\\\/author\\\/webdotn\\\/\"}]}<\/script>\n<!-- \/ Yoast SEO Premium plugin. -->","yoast_head_json":{"title":"Tol\u00e9rance z\u00e9ro \u00e0 Sidi Bou Sa\u00efd : Un citoyen sanctionn\u00e9 pour avoir coup\u00e9 un arbre!","description":"Tol\u00e9rance z\u00e9ro \u00e0 Sidi Bou Sa\u00efd : Un citoyen sanctionn\u00e9 pour avoir coup\u00e9 un arbre!","canonical":"https:\/\/www.webdo.tn\/fr\/actualite\/national\/tolerance-zero-a-sidi-bou-said-un-citoyen-sanctionne-pour-avoir-coupe-un-arbre\/149721\/","og_locale":"fr_FR","og_type":"article","og_title":"\"Tol\u00e9rance z\u00e9ro\" \u00e0 Sidi Bou Sa\u00efd : Un citoyen sanctionn\u00e9 pour avoir coup\u00e9 un arbre!","og_description":"Tol\u00e9rance z\u00e9ro \u00e0 Sidi Bou Sa\u00efd : Un citoyen sanctionn\u00e9 pour avoir coup\u00e9 un arbre!","og_url":"https:\/\/www.webdo.tn\/fr\/actualite\/national\/tolerance-zero-a-sidi-bou-said-un-citoyen-sanctionne-pour-avoir-coupe-un-arbre\/149721\/","og_site_name":"webdo","article_publisher":"https:\/\/www.facebook.com\/webdotn","article_published_time":"2019-06-05T10:53:00+00:00","og_image":[{"width":720,"height":960,"url":"https:\/\/www.webdo.tn\/fr\/wp-content\/uploads\/2019\/06\/arbre.jpg","type":"image\/jpeg"}],"author":"webdo.tn","twitter_card":"summary_large_image","twitter_creator":"@webdo_tn","twitter_site":"@webdo_tn","twitter_misc":{"\u00c9crit par":"webdo.tn","Dur\u00e9e de lecture estim\u00e9e":"1 minute"},"schema":{"@context":"https:\/\/schema.org","@graph":[{"@type":"NewsArticle","@id":"https:\/\/www.webdo.tn\/fr\/actualite\/national\/tolerance-zero-a-sidi-bou-said-un-citoyen-sanctionne-pour-avoir-coupe-un-arbre\/149721\/#article","isPartOf":{"@id":"https:\/\/www.webdo.tn\/fr\/actualite\/national\/tolerance-zero-a-sidi-bou-said-un-citoyen-sanctionne-pour-avoir-coupe-un-arbre\/149721\/"},"author":{"name":"webdo.tn","@id":"https:\/\/www.webdo.tn\/fr\/#\/schema\/person\/9a9c6118d687c117df8ef3cc36a4d175"},"headline":"\u00ab\u00a0Tol\u00e9rance z\u00e9ro\u00a0\u00bb \u00e0 Sidi Bou Sa\u00efd : Un citoyen sanctionn\u00e9 pour avoir coup\u00e9 un arbre!","datePublished":"2019-06-05T10:53:00+00:00","mainEntityOfPage":{"@id":"https:\/\/www.webdo.tn\/fr\/actualite\/national\/tolerance-zero-a-sidi-bou-said-un-citoyen-sanctionne-pour-avoir-coupe-un-arbre\/149721\/"},"wordCount":156,"commentCount":0,"publisher":{"@id":"https:\/\/www.webdo.tn\/fr\/#organization"},"image":{"@id":"https:\/\/www.webdo.tn\/fr\/actualite\/national\/tolerance-zero-a-sidi-bou-said-un-citoyen-sanctionne-pour-avoir-coupe-un-arbre\/149721\/#primaryimage"},"thumbnailUrl":"https:\/\/www.webdo.tn\/fr\/wp-content\/uploads\/2019\/06\/arbre.jpg","keywords":["guerre"],"articleSection":["National"],"inLanguage":"fr-FR"},{"@type":"WebPage","@id":"https:\/\/www.webdo.tn\/fr\/actualite\/national\/tolerance-zero-a-sidi-bou-said-un-citoyen-sanctionne-pour-avoir-coupe-un-arbre\/149721\/","url":"https:\/\/www.webdo.tn\/fr\/actualite\/national\/tolerance-zero-a-sidi-bou-said-un-citoyen-sanctionne-pour-avoir-coupe-un-arbre\/149721\/","name":"Tol\u00e9rance z\u00e9ro \u00e0 Sidi Bou Sa\u00efd : Un citoyen sanctionn\u00e9 pour avoir coup\u00e9 un arbre!","isPartOf":{"@id":"https:\/\/www.webdo.tn\/fr\/#website"},"primaryImageOfPage":{"@id":"https:\/\/www.webdo.tn\/fr\/actualite\/national\/tolerance-zero-a-sidi-bou-said-un-citoyen-sanctionne-pour-avoir-coupe-un-arbre\/149721\/#primaryimage"},"image":{"@id":"https:\/\/www.webdo.tn\/fr\/actualite\/national\/tolerance-zero-a-sidi-bou-said-un-citoyen-sanctionne-pour-avoir-coupe-un-arbre\/149721\/#primaryimage"},"thumbnailUrl":"https:\/\/www.webdo.tn\/fr\/wp-content\/uploads\/2019\/06\/arbre.jpg","datePublished":"2019-06-05T10:53:00+00:00","description":"Tol\u00e9rance z\u00e9ro \u00e0 Sidi Bou Sa\u00efd : Un citoyen sanctionn\u00e9 pour avoir coup\u00e9 un arbre!","breadcrumb":{"@id":"https:\/\/www.webdo.tn\/fr\/actualite\/national\/tolerance-zero-a-sidi-bou-said-un-citoyen-sanctionne-pour-avoir-coupe-un-arbre\/149721\/#breadcrumb"},"inLanguage":"fr-FR","potentialAction":[{"@type":"ReadAction","target":["https:\/\/www.webdo.tn\/fr\/actualite\/national\/tolerance-zero-a-sidi-bou-said-un-citoyen-sanctionne-pour-avoir-coupe-un-arbre\/149721\/"]}]},{"@type":"ImageObject","inLanguage":"fr-FR","@id":"https:\/\/www.webdo.tn\/fr\/actualite\/national\/tolerance-zero-a-sidi-bou-said-un-citoyen-sanctionne-pour-avoir-coupe-un-arbre\/149721\/#primaryimage","url":"https:\/\/www.webdo.tn\/fr\/wp-content\/uploads\/2019\/06\/arbre.jpg","contentUrl":"https:\/\/www.webdo.tn\/fr\/wp-content\/uploads\/2019\/06\/arbre.jpg","width":720,"height":960,"caption":"\"Tol\u00e9rance z\u00e9ro\" \u00e0 Sidi Bou Sa\u00efd : Un citoyen sanctionn\u00e9 pour avoir coup\u00e9 un arbre!"},{"@type":"BreadcrumbList","@id":"https:\/\/www.webdo.tn\/fr\/actualite\/national\/tolerance-zero-a-sidi-bou-said-un-citoyen-sanctionne-pour-avoir-coupe-un-arbre\/149721\/#breadcrumb","itemListElement":[{"@type":"ListItem","position":1,"name":"Accueil","item":"https:\/\/www.webdo.tn\/fr\/"},{"@type":"ListItem","position":2,"name":"\u00ab\u00a0Tol\u00e9rance z\u00e9ro\u00a0\u00bb \u00e0 Sidi Bou Sa\u00efd : Un citoyen sanctionn\u00e9 pour avoir coup\u00e9 un arbre!"}]},{"@type":"WebSite","@id":"https:\/\/www.webdo.tn\/fr\/#website","url":"https:\/\/www.webdo.tn\/fr\/","name":"webdo","description":"Tunisie - News en Tunisie et \u00e0 l&#039;international sur Webdo.tn","publisher":{"@id":"https:\/\/www.webdo.tn\/fr\/#organization"},"potentialAction":[{"@type":"SearchAction","target":{"@type":"EntryPoint","urlTemplate":"https:\/\/www.webdo.tn\/fr\/?s={search_term_string}"},"query-input":{"@type":"PropertyValueSpecification","valueRequired":true,"valueName":"search_term_string"}}],"inLanguage":"fr-FR"},{"@type":"Organization","@id":"https:\/\/www.webdo.tn\/fr\/#organization","name":"Webdo","alternateName":"Webdo.tn","url":"https:\/\/www.webdo.tn\/fr\/","logo":{"@type":"ImageObject","inLanguage":"fr-FR","@id":"https:\/\/www.webdo.tn\/fr\/#\/schema\/logo\/image\/","url":"https:\/\/www.webdo.tn\/fr\/wp-content\/uploads\/2025\/06\/Webdo-Tunisie_168377.jpg","contentUrl":"https:\/\/www.webdo.tn\/fr\/wp-content\/uploads\/2025\/06\/Webdo-Tunisie_168377.jpg","width":301,"height":301,"caption":"Webdo"},"image":{"@id":"https:\/\/www.webdo.tn\/fr\/#\/schema\/logo\/image\/"},"sameAs":["https:\/\/www.facebook.com\/webdotn","https:\/\/x.com\/webdo_tn"],"description":"Webdo est un m\u00e9dia num\u00e9rique tunisien fond\u00e9 en 2010, sp\u00e9cialis\u00e9 dans l\u2019actualit\u00e9 nationale et internationale, l\u2019\u00e9conomie, la soci\u00e9t\u00e9 et les analyses politiques. Le site s\u2019adresse \u00e0 un large public francophone et couvre l\u2019information tunisienne en temps r\u00e9el.","email":"redac@webdo.tn","legalName":"YNJ SARL","foundingDate":"2010-09-06","numberOfEmployees":{"@type":"QuantitativeValue","minValue":"11","maxValue":"50"}},{"@type":"Person","@id":"https:\/\/www.webdo.tn\/fr\/#\/schema\/person\/9a9c6118d687c117df8ef3cc36a4d175","name":"webdo.tn","image":{"@type":"ImageObject","inLanguage":"fr-FR","@id":"https:\/\/secure.gravatar.com\/avatar\/7ce1f28c0c3bbac99ff550b85ef8e44a6950c6ee24514fb6a5489e51d06f0298?s=96&d=mm&r=g","url":"https:\/\/secure.gravatar.com\/avatar\/7ce1f28c0c3bbac99ff550b85ef8e44a6950c6ee24514fb6a5489e51d06f0298?s=96&d=mm&r=g","contentUrl":"https:\/\/secure.gravatar.com\/avatar\/7ce1f28c0c3bbac99ff550b85ef8e44a6950c6ee24514fb6a5489e51d06f0298?s=96&d=mm&r=g","caption":"webdo.tn"},"url":"https:\/\/www.webdo.tn\/fr\/actualite\/author\/webdotn\/"}]}},"_links":{"self":[{"href":"https:\/\/www.webdo.tn\/fr\/wp-json\/wp\/v2\/posts\/149721","targetHints":{"allow":["GET"]}}],"collection":[{"href":"https:\/\/www.webdo.tn\/fr\/wp-json\/wp\/v2\/posts"}],"about":[{"href":"https:\/\/www.webdo.tn\/fr\/wp-json\/wp\/v2\/types\/post"}],"author":[{"embeddable":true,"href":"https:\/\/www.webdo.tn\/fr\/wp-json\/wp\/v2\/users\/3222"}],"replies":[{"embeddable":true,"href":"https:\/\/www.webdo.tn\/fr\/wp-json\/wp\/v2\/comments?post=149721"}],"version-history":[{"count":0,"href":"https:\/\/www.webdo.tn\/fr\/wp-json\/wp\/v2\/posts\/149721\/revisions"}],"wp:featuredmedia":[{"embeddable":true,"href":"https:\/\/www.webdo.tn\/fr\/wp-json\/wp\/v2\/media\/294824"}],"wp:attachment":[{"href":"https:\/\/www.webdo.tn\/fr\/wp-json\/wp\/v2\/media?parent=149721"}],"wp:term":[{"taxonomy":"category","embeddable":true,"href":"https:\/\/www.webdo.tn\/fr\/wp-json\/wp\/v2\/categories?post=149721"},{"taxonomy":"post_tag","embeddable":true,"href":"https:\/\/www.webdo.tn\/fr\/wp-json\/wp\/v2\/tags?post=149721"}],"curies":[{"name":"wp","href":"https:\/\/api.w.org\/{rel}","templated":true}]}}