{"id":141479,"date":"2020-10-23T19:03:00","date_gmt":"2020-10-23T19:03:00","guid":{"rendered":"https:\/\/www.webdo.tn\/fr\/blog\/transport-nouveaux-pdg-a-la-tete-de-tunisair-sncft-transtu-et-la-ctn\/141479\/"},"modified":"2025-05-17T16:23:55","modified_gmt":"2025-05-17T16:23:55","slug":"transport-nouveaux-pdg-a-la-tete-de-tunisair-sncft-transtu-et-la-ctn","status":"publish","type":"post","link":"https:\/\/www.webdo.tn\/fr\/actualite\/national\/transport-nouveaux-pdg-a-la-tete-de-tunisair-sncft-transtu-et-la-ctn\/141479\/","title":{"rendered":"Transport : Nouveaux PDG \u00e0 la t\u00eate de Tunisair, la SNCFT, la Transtu et la CTN"},"content":{"rendered":"<p>Dans un communiqu\u00e9 rendu public, le minist\u00e8re du Transport et de la Logistique a annonc\u00e9, vendredi, 23 octobre 2020, la nomination de quatre nouveaux PDG \u00e0 la t\u00eate des soci\u00e9t\u00e9s, plac\u00e9es sous sa tutelle.<\/p>\n<p>Wassef Ayedi, ing\u00e9nieur sp\u00e9cialis\u00e9 dans l\u2019aviation et ancien DG de la compagnie, a \u00e9t\u00e9 nomm\u00e9 en tant que nouveau PDG de Tunisair.<\/p>\n<p>Pour sa part, Belgacem El Tayaa, directeur g\u00e9n\u00e9ral au minist\u00e8re des TIC et ancien PDG de SNIP La Presse entre 2014 et 2017 a \u00e9t\u00e9 nomm\u00e9 PDG de la Soci\u00e9t\u00e9 nationale des chemins de fer tunisiens (SNCFT).<\/p>\n<p>Le Pr\u00e9sident Directeur G\u00e9n\u00e9ral de la soci\u00e9t\u00e9 r\u00e9gionale du transport de Nabeul Moez Salem a \u00e9t\u00e9 nomm\u00e9 pour sa part \u00e0 la t\u00eate la TRANSTU.<\/p>\n<p>Et enfin le Capitaine de Premi\u00e8re Classe de l\u2019acad\u00e9mie Navale Tunisienne Imed Zammit, a \u00e9t\u00e9 nomm\u00e9 PDG de la Compagnie tunisienne de navigation(CTN).<\/p>\n","protected":false},"excerpt":{"rendered":"<p>Transport : Nouveaux PDG \u00e0 la t\u00eate de Tunisair, la SNCFT, la Transtu et la CTN<\/p>\n","protected":false},"author":3222,"featured_media":271276,"comment_status":"open","ping_status":"closed","sticky":false,"template":"","format":"standard","meta":{"footnotes":""},"categories":[44],"tags":[],"class_list":["post-141479","post","type-post","status-publish","format-standard","has-post-thumbnail","hentry","category-national"],"yoast_head":"<!-- This site is optimized with the Yoast SEO Premium plugin v27.4 (Yoast SEO v27.4) - https:\/\/yoast.com\/product\/yoast-seo-premium-wordpress\/ -->\n<title>Transport : Nouveaux PDG \u00e0 la t\u00eate de Tunisair, la SNCFT, la Transtu et la CTN<\/title>\n<meta name=\"description\" content=\"Transport : Nouveaux PDG \u00e0 la t\u00eate de Tunisair, la SNCFT, la Transtu et la CTN\" \/>\n<link rel=\"canonical\" href=\"https:\/\/www.webdo.tn\/fr\/actualite\/national\/transport-nouveaux-pdg-a-la-tete-de-tunisair-sncft-transtu-et-la-ctn\/141479\/\" \/>\n<meta property=\"og:locale\" content=\"fr_FR\" \/>\n<meta property=\"og:type\" content=\"article\" \/>\n<meta property=\"og:title\" content=\"Transport : Nouveaux PDG \u00e0 la t\u00eate de Tunisair, la SNCFT, la Transtu et la CTN\" \/>\n<meta property=\"og:description\" content=\"Transport : Nouveaux PDG \u00e0 la t\u00eate de Tunisair, la SNCFT, la Transtu et la CTN\" \/>\n<meta property=\"og:url\" content=\"https:\/\/www.webdo.tn\/fr\/actualite\/national\/transport-nouveaux-pdg-a-la-tete-de-tunisair-sncft-transtu-et-la-ctn\/141479\/\" \/>\n<meta property=\"og:site_name\" content=\"webdo\" \/>\n<meta property=\"article:publisher\" content=\"https:\/\/www.facebook.com\/webdotn\" \/>\n<meta property=\"article:published_time\" content=\"2020-10-23T19:03:00+00:00\" \/>\n<meta property=\"article:modified_time\" content=\"2025-05-17T16:23:55+00:00\" \/>\n<meta property=\"og:image\" content=\"https:\/\/www.webdo.tn\/fr\/wp-content\/uploads\/2020\/10\/tuns.jpg\" \/>\n\t<meta property=\"og:image:width\" content=\"675\" \/>\n\t<meta property=\"og:image:height\" content=\"425\" \/>\n\t<meta property=\"og:image:type\" content=\"image\/jpeg\" \/>\n<meta name=\"author\" content=\"webdo.tn\" \/>\n<meta name=\"twitter:card\" content=\"summary_large_image\" \/>\n<meta name=\"twitter:creator\" content=\"@webdo_tn\" \/>\n<meta name=\"twitter:site\" content=\"@webdo_tn\" \/>\n<meta name=\"twitter:label1\" content=\"\u00c9crit par\" \/>\n\t<meta name=\"twitter:data1\" content=\"webdo.tn\" \/>\n\t<meta name=\"twitter:label2\" content=\"Dur\u00e9e de lecture estim\u00e9e\" \/>\n\t<meta name=\"twitter:data2\" content=\"1 minute\" \/>\n<script type=\"application\/ld+json\" class=\"yoast-schema-graph\">{\"@context\":\"https:\\\/\\\/schema.org\",\"@graph\":[{\"@type\":\"NewsArticle\",\"@id\":\"https:\\\/\\\/www.webdo.tn\\\/fr\\\/actualite\\\/national\\\/transport-nouveaux-pdg-a-la-tete-de-tunisair-sncft-transtu-et-la-ctn\\\/141479\\\/#article\",\"isPartOf\":{\"@id\":\"https:\\\/\\\/www.webdo.tn\\\/fr\\\/actualite\\\/national\\\/transport-nouveaux-pdg-a-la-tete-de-tunisair-sncft-transtu-et-la-ctn\\\/141479\\\/\"},\"author\":{\"name\":\"webdo.tn\",\"@id\":\"https:\\\/\\\/www.webdo.tn\\\/fr\\\/#\\\/schema\\\/person\\\/9a9c6118d687c117df8ef3cc36a4d175\"},\"headline\":\"Transport : Nouveaux PDG \u00e0 la t\u00eate de Tunisair, la SNCFT, la Transtu et la CTN\",\"datePublished\":\"2020-10-23T19:03:00+00:00\",\"dateModified\":\"2025-05-17T16:23:55+00:00\",\"mainEntityOfPage\":{\"@id\":\"https:\\\/\\\/www.webdo.tn\\\/fr\\\/actualite\\\/national\\\/transport-nouveaux-pdg-a-la-tete-de-tunisair-sncft-transtu-et-la-ctn\\\/141479\\\/\"},\"wordCount\":172,\"commentCount\":0,\"publisher\":{\"@id\":\"https:\\\/\\\/www.webdo.tn\\\/fr\\\/#organization\"},\"image\":{\"@id\":\"https:\\\/\\\/www.webdo.tn\\\/fr\\\/actualite\\\/national\\\/transport-nouveaux-pdg-a-la-tete-de-tunisair-sncft-transtu-et-la-ctn\\\/141479\\\/#primaryimage\"},\"thumbnailUrl\":\"https:\\\/\\\/www.webdo.tn\\\/fr\\\/wp-content\\\/uploads\\\/2020\\\/10\\\/tuns.jpg\",\"articleSection\":[\"National\"],\"inLanguage\":\"fr-FR\"},{\"@type\":\"WebPage\",\"@id\":\"https:\\\/\\\/www.webdo.tn\\\/fr\\\/actualite\\\/national\\\/transport-nouveaux-pdg-a-la-tete-de-tunisair-sncft-transtu-et-la-ctn\\\/141479\\\/\",\"url\":\"https:\\\/\\\/www.webdo.tn\\\/fr\\\/actualite\\\/national\\\/transport-nouveaux-pdg-a-la-tete-de-tunisair-sncft-transtu-et-la-ctn\\\/141479\\\/\",\"name\":\"Transport : Nouveaux PDG \u00e0 la t\u00eate de Tunisair, la SNCFT, la Transtu et la CTN\",\"isPartOf\":{\"@id\":\"https:\\\/\\\/www.webdo.tn\\\/fr\\\/#website\"},\"primaryImageOfPage\":{\"@id\":\"https:\\\/\\\/www.webdo.tn\\\/fr\\\/actualite\\\/national\\\/transport-nouveaux-pdg-a-la-tete-de-tunisair-sncft-transtu-et-la-ctn\\\/141479\\\/#primaryimage\"},\"image\":{\"@id\":\"https:\\\/\\\/www.webdo.tn\\\/fr\\\/actualite\\\/national\\\/transport-nouveaux-pdg-a-la-tete-de-tunisair-sncft-transtu-et-la-ctn\\\/141479\\\/#primaryimage\"},\"thumbnailUrl\":\"https:\\\/\\\/www.webdo.tn\\\/fr\\\/wp-content\\\/uploads\\\/2020\\\/10\\\/tuns.jpg\",\"datePublished\":\"2020-10-23T19:03:00+00:00\",\"dateModified\":\"2025-05-17T16:23:55+00:00\",\"description\":\"Transport : Nouveaux PDG \u00e0 la t\u00eate de Tunisair, la SNCFT, la Transtu et la CTN\",\"breadcrumb\":{\"@id\":\"https:\\\/\\\/www.webdo.tn\\\/fr\\\/actualite\\\/national\\\/transport-nouveaux-pdg-a-la-tete-de-tunisair-sncft-transtu-et-la-ctn\\\/141479\\\/#breadcrumb\"},\"inLanguage\":\"fr-FR\",\"potentialAction\":[{\"@type\":\"ReadAction\",\"target\":[\"https:\\\/\\\/www.webdo.tn\\\/fr\\\/actualite\\\/national\\\/transport-nouveaux-pdg-a-la-tete-de-tunisair-sncft-transtu-et-la-ctn\\\/141479\\\/\"]}]},{\"@type\":\"ImageObject\",\"inLanguage\":\"fr-FR\",\"@id\":\"https:\\\/\\\/www.webdo.tn\\\/fr\\\/actualite\\\/national\\\/transport-nouveaux-pdg-a-la-tete-de-tunisair-sncft-transtu-et-la-ctn\\\/141479\\\/#primaryimage\",\"url\":\"https:\\\/\\\/www.webdo.tn\\\/fr\\\/wp-content\\\/uploads\\\/2020\\\/10\\\/tuns.jpg\",\"contentUrl\":\"https:\\\/\\\/www.webdo.tn\\\/fr\\\/wp-content\\\/uploads\\\/2020\\\/10\\\/tuns.jpg\",\"width\":675,\"height\":425,\"caption\":\"Transport : Nouveaux PDG \u00e0 la t\u00eate de Tunisair, la SNCFT, la Transtu et la CTN\"},{\"@type\":\"BreadcrumbList\",\"@id\":\"https:\\\/\\\/www.webdo.tn\\\/fr\\\/actualite\\\/national\\\/transport-nouveaux-pdg-a-la-tete-de-tunisair-sncft-transtu-et-la-ctn\\\/141479\\\/#breadcrumb\",\"itemListElement\":[{\"@type\":\"ListItem\",\"position\":1,\"name\":\"Accueil\",\"item\":\"https:\\\/\\\/www.webdo.tn\\\/fr\\\/\"},{\"@type\":\"ListItem\",\"position\":2,\"name\":\"Transport : Nouveaux PDG \u00e0 la t\u00eate de Tunisair, la SNCFT, la Transtu et la CTN\"}]},{\"@type\":\"WebSite\",\"@id\":\"https:\\\/\\\/www.webdo.tn\\\/fr\\\/#website\",\"url\":\"https:\\\/\\\/www.webdo.tn\\\/fr\\\/\",\"name\":\"webdo\",\"description\":\"Tunisie - News en Tunisie et \u00e0 l&#039;international sur Webdo.tn\",\"publisher\":{\"@id\":\"https:\\\/\\\/www.webdo.tn\\\/fr\\\/#organization\"},\"potentialAction\":[{\"@type\":\"SearchAction\",\"target\":{\"@type\":\"EntryPoint\",\"urlTemplate\":\"https:\\\/\\\/www.webdo.tn\\\/fr\\\/?s={search_term_string}\"},\"query-input\":{\"@type\":\"PropertyValueSpecification\",\"valueRequired\":true,\"valueName\":\"search_term_string\"}}],\"inLanguage\":\"fr-FR\"},{\"@type\":\"Organization\",\"@id\":\"https:\\\/\\\/www.webdo.tn\\\/fr\\\/#organization\",\"name\":\"Webdo\",\"alternateName\":\"Webdo.tn\",\"url\":\"https:\\\/\\\/www.webdo.tn\\\/fr\\\/\",\"logo\":{\"@type\":\"ImageObject\",\"inLanguage\":\"fr-FR\",\"@id\":\"https:\\\/\\\/www.webdo.tn\\\/fr\\\/#\\\/schema\\\/logo\\\/image\\\/\",\"url\":\"https:\\\/\\\/www.webdo.tn\\\/fr\\\/wp-content\\\/uploads\\\/2025\\\/06\\\/Webdo-Tunisie_168377.jpg\",\"contentUrl\":\"https:\\\/\\\/www.webdo.tn\\\/fr\\\/wp-content\\\/uploads\\\/2025\\\/06\\\/Webdo-Tunisie_168377.jpg\",\"width\":301,\"height\":301,\"caption\":\"Webdo\"},\"image\":{\"@id\":\"https:\\\/\\\/www.webdo.tn\\\/fr\\\/#\\\/schema\\\/logo\\\/image\\\/\"},\"sameAs\":[\"https:\\\/\\\/www.facebook.com\\\/webdotn\",\"https:\\\/\\\/x.com\\\/webdo_tn\"],\"description\":\"Webdo est un m\u00e9dia num\u00e9rique tunisien fond\u00e9 en 2010, sp\u00e9cialis\u00e9 dans l\u2019actualit\u00e9 nationale et internationale, l\u2019\u00e9conomie, la soci\u00e9t\u00e9 et les analyses politiques. Le site s\u2019adresse \u00e0 un large public francophone et couvre l\u2019information tunisienne en temps r\u00e9el.\",\"email\":\"redac@webdo.tn\",\"legalName\":\"YNJ SARL\",\"foundingDate\":\"2010-09-06\",\"numberOfEmployees\":{\"@type\":\"QuantitativeValue\",\"minValue\":\"11\",\"maxValue\":\"50\"}},{\"@type\":\"Person\",\"@id\":\"https:\\\/\\\/www.webdo.tn\\\/fr\\\/#\\\/schema\\\/person\\\/9a9c6118d687c117df8ef3cc36a4d175\",\"name\":\"webdo.tn\",\"image\":{\"@type\":\"ImageObject\",\"inLanguage\":\"fr-FR\",\"@id\":\"https:\\\/\\\/secure.gravatar.com\\\/avatar\\\/7ce1f28c0c3bbac99ff550b85ef8e44a6950c6ee24514fb6a5489e51d06f0298?s=96&d=mm&r=g\",\"url\":\"https:\\\/\\\/secure.gravatar.com\\\/avatar\\\/7ce1f28c0c3bbac99ff550b85ef8e44a6950c6ee24514fb6a5489e51d06f0298?s=96&d=mm&r=g\",\"contentUrl\":\"https:\\\/\\\/secure.gravatar.com\\\/avatar\\\/7ce1f28c0c3bbac99ff550b85ef8e44a6950c6ee24514fb6a5489e51d06f0298?s=96&d=mm&r=g\",\"caption\":\"webdo.tn\"},\"url\":\"https:\\\/\\\/www.webdo.tn\\\/fr\\\/actualite\\\/author\\\/webdotn\\\/\"}]}<\/script>\n<!-- \/ Yoast SEO Premium plugin. -->","yoast_head_json":{"title":"Transport : Nouveaux PDG \u00e0 la t\u00eate de Tunisair, la SNCFT, la Transtu et la CTN","description":"Transport : Nouveaux PDG \u00e0 la t\u00eate de Tunisair, la SNCFT, la Transtu et la CTN","canonical":"https:\/\/www.webdo.tn\/fr\/actualite\/national\/transport-nouveaux-pdg-a-la-tete-de-tunisair-sncft-transtu-et-la-ctn\/141479\/","og_locale":"fr_FR","og_type":"article","og_title":"Transport : Nouveaux PDG \u00e0 la t\u00eate de Tunisair, la SNCFT, la Transtu et la CTN","og_description":"Transport : Nouveaux PDG \u00e0 la t\u00eate de Tunisair, la SNCFT, la Transtu et la CTN","og_url":"https:\/\/www.webdo.tn\/fr\/actualite\/national\/transport-nouveaux-pdg-a-la-tete-de-tunisair-sncft-transtu-et-la-ctn\/141479\/","og_site_name":"webdo","article_publisher":"https:\/\/www.facebook.com\/webdotn","article_published_time":"2020-10-23T19:03:00+00:00","article_modified_time":"2025-05-17T16:23:55+00:00","og_image":[{"width":675,"height":425,"url":"https:\/\/www.webdo.tn\/fr\/wp-content\/uploads\/2020\/10\/tuns.jpg","type":"image\/jpeg"}],"author":"webdo.tn","twitter_card":"summary_large_image","twitter_creator":"@webdo_tn","twitter_site":"@webdo_tn","twitter_misc":{"\u00c9crit par":"webdo.tn","Dur\u00e9e de lecture estim\u00e9e":"1 minute"},"schema":{"@context":"https:\/\/schema.org","@graph":[{"@type":"NewsArticle","@id":"https:\/\/www.webdo.tn\/fr\/actualite\/national\/transport-nouveaux-pdg-a-la-tete-de-tunisair-sncft-transtu-et-la-ctn\/141479\/#article","isPartOf":{"@id":"https:\/\/www.webdo.tn\/fr\/actualite\/national\/transport-nouveaux-pdg-a-la-tete-de-tunisair-sncft-transtu-et-la-ctn\/141479\/"},"author":{"name":"webdo.tn","@id":"https:\/\/www.webdo.tn\/fr\/#\/schema\/person\/9a9c6118d687c117df8ef3cc36a4d175"},"headline":"Transport : Nouveaux PDG \u00e0 la t\u00eate de Tunisair, la SNCFT, la Transtu et la CTN","datePublished":"2020-10-23T19:03:00+00:00","dateModified":"2025-05-17T16:23:55+00:00","mainEntityOfPage":{"@id":"https:\/\/www.webdo.tn\/fr\/actualite\/national\/transport-nouveaux-pdg-a-la-tete-de-tunisair-sncft-transtu-et-la-ctn\/141479\/"},"wordCount":172,"commentCount":0,"publisher":{"@id":"https:\/\/www.webdo.tn\/fr\/#organization"},"image":{"@id":"https:\/\/www.webdo.tn\/fr\/actualite\/national\/transport-nouveaux-pdg-a-la-tete-de-tunisair-sncft-transtu-et-la-ctn\/141479\/#primaryimage"},"thumbnailUrl":"https:\/\/www.webdo.tn\/fr\/wp-content\/uploads\/2020\/10\/tuns.jpg","articleSection":["National"],"inLanguage":"fr-FR"},{"@type":"WebPage","@id":"https:\/\/www.webdo.tn\/fr\/actualite\/national\/transport-nouveaux-pdg-a-la-tete-de-tunisair-sncft-transtu-et-la-ctn\/141479\/","url":"https:\/\/www.webdo.tn\/fr\/actualite\/national\/transport-nouveaux-pdg-a-la-tete-de-tunisair-sncft-transtu-et-la-ctn\/141479\/","name":"Transport : Nouveaux PDG \u00e0 la t\u00eate de Tunisair, la SNCFT, la Transtu et la CTN","isPartOf":{"@id":"https:\/\/www.webdo.tn\/fr\/#website"},"primaryImageOfPage":{"@id":"https:\/\/www.webdo.tn\/fr\/actualite\/national\/transport-nouveaux-pdg-a-la-tete-de-tunisair-sncft-transtu-et-la-ctn\/141479\/#primaryimage"},"image":{"@id":"https:\/\/www.webdo.tn\/fr\/actualite\/national\/transport-nouveaux-pdg-a-la-tete-de-tunisair-sncft-transtu-et-la-ctn\/141479\/#primaryimage"},"thumbnailUrl":"https:\/\/www.webdo.tn\/fr\/wp-content\/uploads\/2020\/10\/tuns.jpg","datePublished":"2020-10-23T19:03:00+00:00","dateModified":"2025-05-17T16:23:55+00:00","description":"Transport : Nouveaux PDG \u00e0 la t\u00eate de Tunisair, la SNCFT, la Transtu et la CTN","breadcrumb":{"@id":"https:\/\/www.webdo.tn\/fr\/actualite\/national\/transport-nouveaux-pdg-a-la-tete-de-tunisair-sncft-transtu-et-la-ctn\/141479\/#breadcrumb"},"inLanguage":"fr-FR","potentialAction":[{"@type":"ReadAction","target":["https:\/\/www.webdo.tn\/fr\/actualite\/national\/transport-nouveaux-pdg-a-la-tete-de-tunisair-sncft-transtu-et-la-ctn\/141479\/"]}]},{"@type":"ImageObject","inLanguage":"fr-FR","@id":"https:\/\/www.webdo.tn\/fr\/actualite\/national\/transport-nouveaux-pdg-a-la-tete-de-tunisair-sncft-transtu-et-la-ctn\/141479\/#primaryimage","url":"https:\/\/www.webdo.tn\/fr\/wp-content\/uploads\/2020\/10\/tuns.jpg","contentUrl":"https:\/\/www.webdo.tn\/fr\/wp-content\/uploads\/2020\/10\/tuns.jpg","width":675,"height":425,"caption":"Transport : Nouveaux PDG \u00e0 la t\u00eate de Tunisair, la SNCFT, la Transtu et la CTN"},{"@type":"BreadcrumbList","@id":"https:\/\/www.webdo.tn\/fr\/actualite\/national\/transport-nouveaux-pdg-a-la-tete-de-tunisair-sncft-transtu-et-la-ctn\/141479\/#breadcrumb","itemListElement":[{"@type":"ListItem","position":1,"name":"Accueil","item":"https:\/\/www.webdo.tn\/fr\/"},{"@type":"ListItem","position":2,"name":"Transport : Nouveaux PDG \u00e0 la t\u00eate de Tunisair, la SNCFT, la Transtu et la CTN"}]},{"@type":"WebSite","@id":"https:\/\/www.webdo.tn\/fr\/#website","url":"https:\/\/www.webdo.tn\/fr\/","name":"webdo","description":"Tunisie - News en Tunisie et \u00e0 l&#039;international sur Webdo.tn","publisher":{"@id":"https:\/\/www.webdo.tn\/fr\/#organization"},"potentialAction":[{"@type":"SearchAction","target":{"@type":"EntryPoint","urlTemplate":"https:\/\/www.webdo.tn\/fr\/?s={search_term_string}"},"query-input":{"@type":"PropertyValueSpecification","valueRequired":true,"valueName":"search_term_string"}}],"inLanguage":"fr-FR"},{"@type":"Organization","@id":"https:\/\/www.webdo.tn\/fr\/#organization","name":"Webdo","alternateName":"Webdo.tn","url":"https:\/\/www.webdo.tn\/fr\/","logo":{"@type":"ImageObject","inLanguage":"fr-FR","@id":"https:\/\/www.webdo.tn\/fr\/#\/schema\/logo\/image\/","url":"https:\/\/www.webdo.tn\/fr\/wp-content\/uploads\/2025\/06\/Webdo-Tunisie_168377.jpg","contentUrl":"https:\/\/www.webdo.tn\/fr\/wp-content\/uploads\/2025\/06\/Webdo-Tunisie_168377.jpg","width":301,"height":301,"caption":"Webdo"},"image":{"@id":"https:\/\/www.webdo.tn\/fr\/#\/schema\/logo\/image\/"},"sameAs":["https:\/\/www.facebook.com\/webdotn","https:\/\/x.com\/webdo_tn"],"description":"Webdo est un m\u00e9dia num\u00e9rique tunisien fond\u00e9 en 2010, sp\u00e9cialis\u00e9 dans l\u2019actualit\u00e9 nationale et internationale, l\u2019\u00e9conomie, la soci\u00e9t\u00e9 et les analyses politiques. Le site s\u2019adresse \u00e0 un large public francophone et couvre l\u2019information tunisienne en temps r\u00e9el.","email":"redac@webdo.tn","legalName":"YNJ SARL","foundingDate":"2010-09-06","numberOfEmployees":{"@type":"QuantitativeValue","minValue":"11","maxValue":"50"}},{"@type":"Person","@id":"https:\/\/www.webdo.tn\/fr\/#\/schema\/person\/9a9c6118d687c117df8ef3cc36a4d175","name":"webdo.tn","image":{"@type":"ImageObject","inLanguage":"fr-FR","@id":"https:\/\/secure.gravatar.com\/avatar\/7ce1f28c0c3bbac99ff550b85ef8e44a6950c6ee24514fb6a5489e51d06f0298?s=96&d=mm&r=g","url":"https:\/\/secure.gravatar.com\/avatar\/7ce1f28c0c3bbac99ff550b85ef8e44a6950c6ee24514fb6a5489e51d06f0298?s=96&d=mm&r=g","contentUrl":"https:\/\/secure.gravatar.com\/avatar\/7ce1f28c0c3bbac99ff550b85ef8e44a6950c6ee24514fb6a5489e51d06f0298?s=96&d=mm&r=g","caption":"webdo.tn"},"url":"https:\/\/www.webdo.tn\/fr\/actualite\/author\/webdotn\/"}]}},"_links":{"self":[{"href":"https:\/\/www.webdo.tn\/fr\/wp-json\/wp\/v2\/posts\/141479","targetHints":{"allow":["GET"]}}],"collection":[{"href":"https:\/\/www.webdo.tn\/fr\/wp-json\/wp\/v2\/posts"}],"about":[{"href":"https:\/\/www.webdo.tn\/fr\/wp-json\/wp\/v2\/types\/post"}],"author":[{"embeddable":true,"href":"https:\/\/www.webdo.tn\/fr\/wp-json\/wp\/v2\/users\/3222"}],"replies":[{"embeddable":true,"href":"https:\/\/www.webdo.tn\/fr\/wp-json\/wp\/v2\/comments?post=141479"}],"version-history":[{"count":0,"href":"https:\/\/www.webdo.tn\/fr\/wp-json\/wp\/v2\/posts\/141479\/revisions"}],"wp:featuredmedia":[{"embeddable":true,"href":"https:\/\/www.webdo.tn\/fr\/wp-json\/wp\/v2\/media\/271276"}],"wp:attachment":[{"href":"https:\/\/www.webdo.tn\/fr\/wp-json\/wp\/v2\/media?parent=141479"}],"wp:term":[{"taxonomy":"category","embeddable":true,"href":"https:\/\/www.webdo.tn\/fr\/wp-json\/wp\/v2\/categories?post=141479"},{"taxonomy":"post_tag","embeddable":true,"href":"https:\/\/www.webdo.tn\/fr\/wp-json\/wp\/v2\/tags?post=141479"}],"curies":[{"name":"wp","href":"https:\/\/api.w.org\/{rel}","templated":true}]}}