{"id":140512,"date":"2020-12-22T07:58:00","date_gmt":"2020-12-22T07:58:00","guid":{"rendered":"https:\/\/www.webdo.tn\/fr\/blog\/le-palais-beylical-de-hammam-lif-menace-deffondrement\/140512\/"},"modified":"2025-05-15T09:11:35","modified_gmt":"2025-05-15T09:11:35","slug":"le-palais-beylical-de-hammam-lif-menace-deffondrement","status":"publish","type":"post","link":"https:\/\/www.webdo.tn\/fr\/actualite\/national\/le-palais-beylical-de-hammam-lif-menace-deffondrement\/140512\/","title":{"rendered":"Le Palais beylical de Hammam-Lif menac\u00e9 d&rsquo;effondrement !"},"content":{"rendered":"<p>Le cri d&rsquo;alerte a \u00e9t\u00e9 lanc\u00e9 par le maire de Hammam-Lif. Squatt\u00e9 depuis plusieurs ann\u00e9es par environ 90 personnes, le Palais Beylical de Hammam-Lif risque l&rsquo;effondrement, a averti, hier lundi 21 d\u00e9cembre, le maire de Hammam-Lif Mohamed Ayari.<\/p>\n<p>En effet, dans une d\u00e9claration \u00e0 l&rsquo;agence TAP, il a expliqu\u00e9 que les derni\u00e8res pr\u00e9cipitations ont empir\u00e9 la situation de cet \u00e9difice, alors que des familles enti\u00e8res qui refusent toujours de quitter les lieux, sont menac\u00e9es.<\/p>\n<p>Il a appel\u00e9 dans ce contexte le minist\u00e8re des Affaires sociales \u00e0 accorder des aides exceptionnelles \u00e0 ces familles pour pouvoir trouver des logements et quitter ce lieu qui est menac\u00e9, \u00e0 tout moment, d&rsquo;effondrement.<\/p>\n<p>Pourtant, en 2018, un arrangement avait \u00e9t\u00e9 trouv\u00e9 entre les familles qui squattent ce palais beylical et les autorit\u00e9s comp\u00e9tentes. A noter que ces familles occupent les lieux depuis plusieurs ann\u00e9es, bien avant la r\u00e9volution et que la situation a empir\u00e9 justement depuis ladite r\u00e9volution.<\/p>\n<p>Les \u00abenvahisseurs\u00bb du Palais royal avaient accept\u00e9, dans leur majorit\u00e9, un \u00abd\u00e9dommagement\u00bb de quelques centaines de dinars contre une \u00e9vacuation imm\u00e9diate des lieux. Mais depuis, ils n&rsquo;ont pas quitt\u00e9 les lieux.<\/p>\n","protected":false},"excerpt":{"rendered":"<p>Le Palais beylical de Hammam-Lif menac\u00e9 d&rsquo;effondrement !<\/p>\n","protected":false},"author":3222,"featured_media":260400,"comment_status":"open","ping_status":"closed","sticky":false,"template":"","format":"standard","meta":{"footnotes":""},"categories":[44],"tags":[],"class_list":["post-140512","post","type-post","status-publish","format-standard","has-post-thumbnail","hentry","category-national"],"yoast_head":"<!-- This site is optimized with the Yoast SEO Premium plugin v27.5 (Yoast SEO v27.5) - https:\/\/yoast.com\/product\/yoast-seo-premium-wordpress\/ -->\n<title>Le Palais beylical de Hammam-Lif menac\u00e9 d&#039;effondrement !<\/title>\n<meta name=\"description\" content=\"Le Palais beylical de Hammam-Lif menac\u00e9 d&#039;effondrement !\" \/>\n<link rel=\"canonical\" href=\"https:\/\/www.webdo.tn\/fr\/actualite\/national\/le-palais-beylical-de-hammam-lif-menace-deffondrement\/140512\/\" \/>\n<meta property=\"og:locale\" content=\"fr_FR\" \/>\n<meta property=\"og:type\" content=\"article\" \/>\n<meta property=\"og:title\" content=\"Le Palais beylical de Hammam-Lif menac\u00e9 d&#039;effondrement !\" \/>\n<meta property=\"og:description\" content=\"Le Palais beylical de Hammam-Lif menac\u00e9 d&#039;effondrement !\" \/>\n<meta property=\"og:url\" content=\"https:\/\/www.webdo.tn\/fr\/actualite\/national\/le-palais-beylical-de-hammam-lif-menace-deffondrement\/140512\/\" \/>\n<meta property=\"og:site_name\" content=\"webdo\" \/>\n<meta property=\"article:publisher\" content=\"https:\/\/www.facebook.com\/webdotn\" \/>\n<meta property=\"article:published_time\" content=\"2020-12-22T07:58:00+00:00\" \/>\n<meta property=\"article:modified_time\" content=\"2025-05-15T09:11:35+00:00\" \/>\n<meta property=\"og:image\" content=\"https:\/\/www.webdo.tn\/fr\/wp-content\/uploads\/2020\/12\/paa-1.jpg\" \/>\n\t<meta property=\"og:image:width\" content=\"700\" \/>\n\t<meta property=\"og:image:height\" content=\"427\" \/>\n\t<meta property=\"og:image:type\" content=\"image\/jpeg\" \/>\n<meta name=\"author\" content=\"webdo.tn\" \/>\n<meta name=\"twitter:card\" content=\"summary_large_image\" \/>\n<meta name=\"twitter:creator\" content=\"@webdo_tn\" \/>\n<meta name=\"twitter:site\" content=\"@webdo_tn\" \/>\n<meta name=\"twitter:label1\" content=\"\u00c9crit par\" \/>\n\t<meta name=\"twitter:data1\" content=\"webdo.tn\" \/>\n\t<meta name=\"twitter:label2\" content=\"Dur\u00e9e de lecture estim\u00e9e\" \/>\n\t<meta name=\"twitter:data2\" content=\"1 minute\" \/>\n<script type=\"application\/ld+json\" class=\"yoast-schema-graph\">{\"@context\":\"https:\\\/\\\/schema.org\",\"@graph\":[{\"@type\":\"NewsArticle\",\"@id\":\"https:\\\/\\\/www.webdo.tn\\\/fr\\\/actualite\\\/national\\\/le-palais-beylical-de-hammam-lif-menace-deffondrement\\\/140512\\\/#article\",\"isPartOf\":{\"@id\":\"https:\\\/\\\/www.webdo.tn\\\/fr\\\/actualite\\\/national\\\/le-palais-beylical-de-hammam-lif-menace-deffondrement\\\/140512\\\/\"},\"author\":{\"name\":\"webdo.tn\",\"@id\":\"https:\\\/\\\/www.webdo.tn\\\/fr\\\/#\\\/schema\\\/person\\\/9a9c6118d687c117df8ef3cc36a4d175\"},\"headline\":\"Le Palais beylical de Hammam-Lif menac\u00e9 d&rsquo;effondrement !\",\"datePublished\":\"2020-12-22T07:58:00+00:00\",\"dateModified\":\"2025-05-15T09:11:35+00:00\",\"mainEntityOfPage\":{\"@id\":\"https:\\\/\\\/www.webdo.tn\\\/fr\\\/actualite\\\/national\\\/le-palais-beylical-de-hammam-lif-menace-deffondrement\\\/140512\\\/\"},\"wordCount\":206,\"commentCount\":0,\"publisher\":{\"@id\":\"https:\\\/\\\/www.webdo.tn\\\/fr\\\/#organization\"},\"image\":{\"@id\":\"https:\\\/\\\/www.webdo.tn\\\/fr\\\/actualite\\\/national\\\/le-palais-beylical-de-hammam-lif-menace-deffondrement\\\/140512\\\/#primaryimage\"},\"thumbnailUrl\":\"https:\\\/\\\/www.webdo.tn\\\/fr\\\/wp-content\\\/uploads\\\/2020\\\/12\\\/paa-1.jpg\",\"articleSection\":[\"National\"],\"inLanguage\":\"fr-FR\"},{\"@type\":\"WebPage\",\"@id\":\"https:\\\/\\\/www.webdo.tn\\\/fr\\\/actualite\\\/national\\\/le-palais-beylical-de-hammam-lif-menace-deffondrement\\\/140512\\\/\",\"url\":\"https:\\\/\\\/www.webdo.tn\\\/fr\\\/actualite\\\/national\\\/le-palais-beylical-de-hammam-lif-menace-deffondrement\\\/140512\\\/\",\"name\":\"Le Palais beylical de Hammam-Lif menac\u00e9 d'effondrement !\",\"isPartOf\":{\"@id\":\"https:\\\/\\\/www.webdo.tn\\\/fr\\\/#website\"},\"primaryImageOfPage\":{\"@id\":\"https:\\\/\\\/www.webdo.tn\\\/fr\\\/actualite\\\/national\\\/le-palais-beylical-de-hammam-lif-menace-deffondrement\\\/140512\\\/#primaryimage\"},\"image\":{\"@id\":\"https:\\\/\\\/www.webdo.tn\\\/fr\\\/actualite\\\/national\\\/le-palais-beylical-de-hammam-lif-menace-deffondrement\\\/140512\\\/#primaryimage\"},\"thumbnailUrl\":\"https:\\\/\\\/www.webdo.tn\\\/fr\\\/wp-content\\\/uploads\\\/2020\\\/12\\\/paa-1.jpg\",\"datePublished\":\"2020-12-22T07:58:00+00:00\",\"dateModified\":\"2025-05-15T09:11:35+00:00\",\"description\":\"Le Palais beylical de Hammam-Lif menac\u00e9 d'effondrement !\",\"breadcrumb\":{\"@id\":\"https:\\\/\\\/www.webdo.tn\\\/fr\\\/actualite\\\/national\\\/le-palais-beylical-de-hammam-lif-menace-deffondrement\\\/140512\\\/#breadcrumb\"},\"inLanguage\":\"fr-FR\",\"potentialAction\":[{\"@type\":\"ReadAction\",\"target\":[\"https:\\\/\\\/www.webdo.tn\\\/fr\\\/actualite\\\/national\\\/le-palais-beylical-de-hammam-lif-menace-deffondrement\\\/140512\\\/\"]}]},{\"@type\":\"ImageObject\",\"inLanguage\":\"fr-FR\",\"@id\":\"https:\\\/\\\/www.webdo.tn\\\/fr\\\/actualite\\\/national\\\/le-palais-beylical-de-hammam-lif-menace-deffondrement\\\/140512\\\/#primaryimage\",\"url\":\"https:\\\/\\\/www.webdo.tn\\\/fr\\\/wp-content\\\/uploads\\\/2020\\\/12\\\/paa-1.jpg\",\"contentUrl\":\"https:\\\/\\\/www.webdo.tn\\\/fr\\\/wp-content\\\/uploads\\\/2020\\\/12\\\/paa-1.jpg\",\"width\":700,\"height\":427,\"caption\":\"Le Palais beylical de Hammam-Lif menac\u00e9 d'effondrement !\"},{\"@type\":\"BreadcrumbList\",\"@id\":\"https:\\\/\\\/www.webdo.tn\\\/fr\\\/actualite\\\/national\\\/le-palais-beylical-de-hammam-lif-menace-deffondrement\\\/140512\\\/#breadcrumb\",\"itemListElement\":[{\"@type\":\"ListItem\",\"position\":1,\"name\":\"Accueil\",\"item\":\"https:\\\/\\\/www.webdo.tn\\\/fr\\\/\"},{\"@type\":\"ListItem\",\"position\":2,\"name\":\"Le Palais beylical de Hammam-Lif menac\u00e9 d&#8217;effondrement !\"}]},{\"@type\":\"WebSite\",\"@id\":\"https:\\\/\\\/www.webdo.tn\\\/fr\\\/#website\",\"url\":\"https:\\\/\\\/www.webdo.tn\\\/fr\\\/\",\"name\":\"webdo\",\"description\":\"Tunisie - News en Tunisie et \u00e0 l&#039;international sur Webdo.tn\",\"publisher\":{\"@id\":\"https:\\\/\\\/www.webdo.tn\\\/fr\\\/#organization\"},\"potentialAction\":[{\"@type\":\"SearchAction\",\"target\":{\"@type\":\"EntryPoint\",\"urlTemplate\":\"https:\\\/\\\/www.webdo.tn\\\/fr\\\/?s={search_term_string}\"},\"query-input\":{\"@type\":\"PropertyValueSpecification\",\"valueRequired\":true,\"valueName\":\"search_term_string\"}}],\"inLanguage\":\"fr-FR\"},{\"@type\":\"Organization\",\"@id\":\"https:\\\/\\\/www.webdo.tn\\\/fr\\\/#organization\",\"name\":\"Webdo\",\"alternateName\":\"Webdo.tn\",\"url\":\"https:\\\/\\\/www.webdo.tn\\\/fr\\\/\",\"logo\":{\"@type\":\"ImageObject\",\"inLanguage\":\"fr-FR\",\"@id\":\"https:\\\/\\\/www.webdo.tn\\\/fr\\\/#\\\/schema\\\/logo\\\/image\\\/\",\"url\":\"https:\\\/\\\/www.webdo.tn\\\/fr\\\/wp-content\\\/uploads\\\/2025\\\/06\\\/Webdo-Tunisie_168377.jpg\",\"contentUrl\":\"https:\\\/\\\/www.webdo.tn\\\/fr\\\/wp-content\\\/uploads\\\/2025\\\/06\\\/Webdo-Tunisie_168377.jpg\",\"width\":301,\"height\":301,\"caption\":\"Webdo\"},\"image\":{\"@id\":\"https:\\\/\\\/www.webdo.tn\\\/fr\\\/#\\\/schema\\\/logo\\\/image\\\/\"},\"sameAs\":[\"https:\\\/\\\/www.facebook.com\\\/webdotn\",\"https:\\\/\\\/x.com\\\/webdo_tn\"],\"description\":\"Webdo est un m\u00e9dia num\u00e9rique tunisien fond\u00e9 en 2010, sp\u00e9cialis\u00e9 dans l\u2019actualit\u00e9 nationale et internationale, l\u2019\u00e9conomie, la soci\u00e9t\u00e9 et les analyses politiques. Le site s\u2019adresse \u00e0 un large public francophone et couvre l\u2019information tunisienne en temps r\u00e9el.\",\"email\":\"redac@webdo.tn\",\"legalName\":\"YNJ SARL\",\"foundingDate\":\"2010-09-06\",\"numberOfEmployees\":{\"@type\":\"QuantitativeValue\",\"minValue\":\"11\",\"maxValue\":\"50\"}},{\"@type\":\"Person\",\"@id\":\"https:\\\/\\\/www.webdo.tn\\\/fr\\\/#\\\/schema\\\/person\\\/9a9c6118d687c117df8ef3cc36a4d175\",\"name\":\"webdo.tn\",\"image\":{\"@type\":\"ImageObject\",\"inLanguage\":\"fr-FR\",\"@id\":\"https:\\\/\\\/secure.gravatar.com\\\/avatar\\\/7ce1f28c0c3bbac99ff550b85ef8e44a6950c6ee24514fb6a5489e51d06f0298?s=96&d=mm&r=g\",\"url\":\"https:\\\/\\\/secure.gravatar.com\\\/avatar\\\/7ce1f28c0c3bbac99ff550b85ef8e44a6950c6ee24514fb6a5489e51d06f0298?s=96&d=mm&r=g\",\"contentUrl\":\"https:\\\/\\\/secure.gravatar.com\\\/avatar\\\/7ce1f28c0c3bbac99ff550b85ef8e44a6950c6ee24514fb6a5489e51d06f0298?s=96&d=mm&r=g\",\"caption\":\"webdo.tn\"},\"url\":\"https:\\\/\\\/www.webdo.tn\\\/fr\\\/actualite\\\/author\\\/webdotn\\\/\"}]}<\/script>\n<!-- \/ Yoast SEO Premium plugin. -->","yoast_head_json":{"title":"Le Palais beylical de Hammam-Lif menac\u00e9 d'effondrement !","description":"Le Palais beylical de Hammam-Lif menac\u00e9 d'effondrement !","canonical":"https:\/\/www.webdo.tn\/fr\/actualite\/national\/le-palais-beylical-de-hammam-lif-menace-deffondrement\/140512\/","og_locale":"fr_FR","og_type":"article","og_title":"Le Palais beylical de Hammam-Lif menac\u00e9 d'effondrement !","og_description":"Le Palais beylical de Hammam-Lif menac\u00e9 d'effondrement !","og_url":"https:\/\/www.webdo.tn\/fr\/actualite\/national\/le-palais-beylical-de-hammam-lif-menace-deffondrement\/140512\/","og_site_name":"webdo","article_publisher":"https:\/\/www.facebook.com\/webdotn","article_published_time":"2020-12-22T07:58:00+00:00","article_modified_time":"2025-05-15T09:11:35+00:00","og_image":[{"width":700,"height":427,"url":"https:\/\/www.webdo.tn\/fr\/wp-content\/uploads\/2020\/12\/paa-1.jpg","type":"image\/jpeg"}],"author":"webdo.tn","twitter_card":"summary_large_image","twitter_creator":"@webdo_tn","twitter_site":"@webdo_tn","twitter_misc":{"\u00c9crit par":"webdo.tn","Dur\u00e9e de lecture estim\u00e9e":"1 minute"},"schema":{"@context":"https:\/\/schema.org","@graph":[{"@type":"NewsArticle","@id":"https:\/\/www.webdo.tn\/fr\/actualite\/national\/le-palais-beylical-de-hammam-lif-menace-deffondrement\/140512\/#article","isPartOf":{"@id":"https:\/\/www.webdo.tn\/fr\/actualite\/national\/le-palais-beylical-de-hammam-lif-menace-deffondrement\/140512\/"},"author":{"name":"webdo.tn","@id":"https:\/\/www.webdo.tn\/fr\/#\/schema\/person\/9a9c6118d687c117df8ef3cc36a4d175"},"headline":"Le Palais beylical de Hammam-Lif menac\u00e9 d&rsquo;effondrement !","datePublished":"2020-12-22T07:58:00+00:00","dateModified":"2025-05-15T09:11:35+00:00","mainEntityOfPage":{"@id":"https:\/\/www.webdo.tn\/fr\/actualite\/national\/le-palais-beylical-de-hammam-lif-menace-deffondrement\/140512\/"},"wordCount":206,"commentCount":0,"publisher":{"@id":"https:\/\/www.webdo.tn\/fr\/#organization"},"image":{"@id":"https:\/\/www.webdo.tn\/fr\/actualite\/national\/le-palais-beylical-de-hammam-lif-menace-deffondrement\/140512\/#primaryimage"},"thumbnailUrl":"https:\/\/www.webdo.tn\/fr\/wp-content\/uploads\/2020\/12\/paa-1.jpg","articleSection":["National"],"inLanguage":"fr-FR"},{"@type":"WebPage","@id":"https:\/\/www.webdo.tn\/fr\/actualite\/national\/le-palais-beylical-de-hammam-lif-menace-deffondrement\/140512\/","url":"https:\/\/www.webdo.tn\/fr\/actualite\/national\/le-palais-beylical-de-hammam-lif-menace-deffondrement\/140512\/","name":"Le Palais beylical de Hammam-Lif menac\u00e9 d'effondrement !","isPartOf":{"@id":"https:\/\/www.webdo.tn\/fr\/#website"},"primaryImageOfPage":{"@id":"https:\/\/www.webdo.tn\/fr\/actualite\/national\/le-palais-beylical-de-hammam-lif-menace-deffondrement\/140512\/#primaryimage"},"image":{"@id":"https:\/\/www.webdo.tn\/fr\/actualite\/national\/le-palais-beylical-de-hammam-lif-menace-deffondrement\/140512\/#primaryimage"},"thumbnailUrl":"https:\/\/www.webdo.tn\/fr\/wp-content\/uploads\/2020\/12\/paa-1.jpg","datePublished":"2020-12-22T07:58:00+00:00","dateModified":"2025-05-15T09:11:35+00:00","description":"Le Palais beylical de Hammam-Lif menac\u00e9 d'effondrement !","breadcrumb":{"@id":"https:\/\/www.webdo.tn\/fr\/actualite\/national\/le-palais-beylical-de-hammam-lif-menace-deffondrement\/140512\/#breadcrumb"},"inLanguage":"fr-FR","potentialAction":[{"@type":"ReadAction","target":["https:\/\/www.webdo.tn\/fr\/actualite\/national\/le-palais-beylical-de-hammam-lif-menace-deffondrement\/140512\/"]}]},{"@type":"ImageObject","inLanguage":"fr-FR","@id":"https:\/\/www.webdo.tn\/fr\/actualite\/national\/le-palais-beylical-de-hammam-lif-menace-deffondrement\/140512\/#primaryimage","url":"https:\/\/www.webdo.tn\/fr\/wp-content\/uploads\/2020\/12\/paa-1.jpg","contentUrl":"https:\/\/www.webdo.tn\/fr\/wp-content\/uploads\/2020\/12\/paa-1.jpg","width":700,"height":427,"caption":"Le Palais beylical de Hammam-Lif menac\u00e9 d'effondrement !"},{"@type":"BreadcrumbList","@id":"https:\/\/www.webdo.tn\/fr\/actualite\/national\/le-palais-beylical-de-hammam-lif-menace-deffondrement\/140512\/#breadcrumb","itemListElement":[{"@type":"ListItem","position":1,"name":"Accueil","item":"https:\/\/www.webdo.tn\/fr\/"},{"@type":"ListItem","position":2,"name":"Le Palais beylical de Hammam-Lif menac\u00e9 d&#8217;effondrement !"}]},{"@type":"WebSite","@id":"https:\/\/www.webdo.tn\/fr\/#website","url":"https:\/\/www.webdo.tn\/fr\/","name":"webdo","description":"Tunisie - News en Tunisie et \u00e0 l&#039;international sur Webdo.tn","publisher":{"@id":"https:\/\/www.webdo.tn\/fr\/#organization"},"potentialAction":[{"@type":"SearchAction","target":{"@type":"EntryPoint","urlTemplate":"https:\/\/www.webdo.tn\/fr\/?s={search_term_string}"},"query-input":{"@type":"PropertyValueSpecification","valueRequired":true,"valueName":"search_term_string"}}],"inLanguage":"fr-FR"},{"@type":"Organization","@id":"https:\/\/www.webdo.tn\/fr\/#organization","name":"Webdo","alternateName":"Webdo.tn","url":"https:\/\/www.webdo.tn\/fr\/","logo":{"@type":"ImageObject","inLanguage":"fr-FR","@id":"https:\/\/www.webdo.tn\/fr\/#\/schema\/logo\/image\/","url":"https:\/\/www.webdo.tn\/fr\/wp-content\/uploads\/2025\/06\/Webdo-Tunisie_168377.jpg","contentUrl":"https:\/\/www.webdo.tn\/fr\/wp-content\/uploads\/2025\/06\/Webdo-Tunisie_168377.jpg","width":301,"height":301,"caption":"Webdo"},"image":{"@id":"https:\/\/www.webdo.tn\/fr\/#\/schema\/logo\/image\/"},"sameAs":["https:\/\/www.facebook.com\/webdotn","https:\/\/x.com\/webdo_tn"],"description":"Webdo est un m\u00e9dia num\u00e9rique tunisien fond\u00e9 en 2010, sp\u00e9cialis\u00e9 dans l\u2019actualit\u00e9 nationale et internationale, l\u2019\u00e9conomie, la soci\u00e9t\u00e9 et les analyses politiques. Le site s\u2019adresse \u00e0 un large public francophone et couvre l\u2019information tunisienne en temps r\u00e9el.","email":"redac@webdo.tn","legalName":"YNJ SARL","foundingDate":"2010-09-06","numberOfEmployees":{"@type":"QuantitativeValue","minValue":"11","maxValue":"50"}},{"@type":"Person","@id":"https:\/\/www.webdo.tn\/fr\/#\/schema\/person\/9a9c6118d687c117df8ef3cc36a4d175","name":"webdo.tn","image":{"@type":"ImageObject","inLanguage":"fr-FR","@id":"https:\/\/secure.gravatar.com\/avatar\/7ce1f28c0c3bbac99ff550b85ef8e44a6950c6ee24514fb6a5489e51d06f0298?s=96&d=mm&r=g","url":"https:\/\/secure.gravatar.com\/avatar\/7ce1f28c0c3bbac99ff550b85ef8e44a6950c6ee24514fb6a5489e51d06f0298?s=96&d=mm&r=g","contentUrl":"https:\/\/secure.gravatar.com\/avatar\/7ce1f28c0c3bbac99ff550b85ef8e44a6950c6ee24514fb6a5489e51d06f0298?s=96&d=mm&r=g","caption":"webdo.tn"},"url":"https:\/\/www.webdo.tn\/fr\/actualite\/author\/webdotn\/"}]}},"_links":{"self":[{"href":"https:\/\/www.webdo.tn\/fr\/wp-json\/wp\/v2\/posts\/140512","targetHints":{"allow":["GET"]}}],"collection":[{"href":"https:\/\/www.webdo.tn\/fr\/wp-json\/wp\/v2\/posts"}],"about":[{"href":"https:\/\/www.webdo.tn\/fr\/wp-json\/wp\/v2\/types\/post"}],"author":[{"embeddable":true,"href":"https:\/\/www.webdo.tn\/fr\/wp-json\/wp\/v2\/users\/3222"}],"replies":[{"embeddable":true,"href":"https:\/\/www.webdo.tn\/fr\/wp-json\/wp\/v2\/comments?post=140512"}],"version-history":[{"count":0,"href":"https:\/\/www.webdo.tn\/fr\/wp-json\/wp\/v2\/posts\/140512\/revisions"}],"wp:featuredmedia":[{"embeddable":true,"href":"https:\/\/www.webdo.tn\/fr\/wp-json\/wp\/v2\/media\/260400"}],"wp:attachment":[{"href":"https:\/\/www.webdo.tn\/fr\/wp-json\/wp\/v2\/media?parent=140512"}],"wp:term":[{"taxonomy":"category","embeddable":true,"href":"https:\/\/www.webdo.tn\/fr\/wp-json\/wp\/v2\/categories?post=140512"},{"taxonomy":"post_tag","embeddable":true,"href":"https:\/\/www.webdo.tn\/fr\/wp-json\/wp\/v2\/tags?post=140512"}],"curies":[{"name":"wp","href":"https:\/\/api.w.org\/{rel}","templated":true}]}}