{"id":138787,"date":"2021-03-31T11:35:00","date_gmt":"2021-03-31T11:35:00","guid":{"rendered":"https:\/\/www.webdo.tn\/fr\/blog\/tunis-vers-linstallation-dunites-de-vie-pour-les-sdf\/138787\/"},"modified":"2025-05-15T08:57:46","modified_gmt":"2025-05-15T08:57:46","slug":"tunis-vers-linstallation-dunites-de-vie-pour-les-sdf","status":"publish","type":"post","link":"https:\/\/www.webdo.tn\/fr\/actualite\/national\/tunis-vers-linstallation-dunites-de-vie-pour-les-sdf\/138787\/","title":{"rendered":"Tunis : Vers l&rsquo;installation d&rsquo;unit\u00e9s de vie pour les SDF"},"content":{"rendered":"<p>Le projet intervient dans le cadre du programme \u00ab\u00a0Soutenir la r\u00e9ponse du COVID-19 dans les zones urbaines d\u00e9favoris\u00e9es dans la r\u00e9gion arabe\u00a0\u00bb, men\u00e9 par le bureau r\u00e9gional de Tunis du Programme des Nations unies pour les \u00e9tablissements humains (ONU- Habitat).<\/p>\n<p>Une fois con\u00e7ues, ces unit\u00e9s devraient \u00eatre install\u00e9es par la municipalit\u00e9 de Tunis pour offrir de meilleures conditions pour les personnes sans abri.<\/p>\n<p>Le bureau r\u00e9gional de Tunis du Programme des Nations unies pour les \u00e9tablissements humains (ONU- Habitat), lance ce mercredi 31 mars, un concours d&rsquo;id\u00e9es pour la conception d&rsquo;un prototype d&rsquo;une unit\u00e9 de vie minimale et efficace pour sans- abris, et ce dans le cadre<\/p>\n<p>Ce concours d&rsquo;id\u00e9e, organis\u00e9 en partenariat avec la revue Archibat et l&rsquo;ENAU (Ecole Nationale d&rsquo;Architecture et d&rsquo;Urbanisme), est ouvert \u00e0 tous les \u00e9tudiants tunisiens en architecture inscrits en cinqui\u00e8me et sixi\u00e8me ann\u00e9e (stage professionnel) et aux \u00e9tudes doctorales en architecture et urbanisme, souligne un communiqu\u00e9 d&rsquo;ONU-habitat, ajoutant que l&rsquo;inscription et le d\u00e9p\u00f4t de candidature seront ouverts jusqu&rsquo;au mercredi 15 avril 2021, rapporte l&rsquo;agence TAP.<\/p>\n<p>L&rsquo;objectif du concours est d&rsquo;ouvrir la r\u00e9flexion sur la responsabilit\u00e9 sociale et citoyenne de l&rsquo;architecte, pr\u00e9cise la m\u00eame source.<\/p>\n<p>Les participants sont invit\u00e9s \u00e0 proposer des solutions de logement pour les sans-abris conform\u00e9ment \u00e0 l&rsquo;objectif 11 des Nations Unies, \u00ab\u00a0faire en sorte que les villes et les \u00e9tablissements humains soient ouverts \u00e0 tous, s\u00fbrs, r\u00e9silients et durables\u00a0\u00bb.<\/p>\n<p>Le concours propose aux candidats de concevoir le prototype d&rsquo;une unit\u00e9 de vie minimale et efficace destin\u00e9e provisoirement \u00e0 un individu seul ou \u00e0 une famille (4 personnes).<\/p>\n<p>Cette unit\u00e9 de vie est pens\u00e9e comme un espace de vie temporaire (1an &#8211; 2ans) que pourrait offrir la municipalit\u00e9 de Tunis \u00e0 ces personnes pour les sortir de la rue en attendant de leur fournir un pied \u00e0 terre permanent avec la coop\u00e9ration des associations travaillant dans la r\u00e9insertion sociale des populations vuln\u00e9rables.<\/p>\n<p>Le projet retenu \u00e0 l&rsquo;issu du concours, pourrait servir de base pour la recherche de financement en vue de sa concr\u00e9tisation en partenariat avec le bureau de Tunis de ONU- Habitat, le Minist\u00e8re de l&rsquo;\u00e9quipement et de l&rsquo;habitat et le Minist\u00e8re des Affaires sociales de Tunisie, dans le respect de la propri\u00e9t\u00e9 intellectuelle et de la r\u00e9glementation tunisienne de passation des march\u00e9s.<\/p>\n<p>Doublement sanctionn\u00e9s\u00a0<\/p>\n<p>Les SDF, notamment dans la capitale Tunis o\u00f9 leur nombre est \u00e9lev\u00e9, sont doublement sanctionn\u00e9s par la situation sanitaire qui pr\u00e9vaut actuellement, en d\u00e9pit des efforts de la soci\u00e9t\u00e9 civile.<br \/>\nSans abri, sans nourriture et sans protection contre les risques de contamination par le virus, ces personnes souffrant de conditions tr\u00e8s difficiles n\u2019acc\u00e8dent plus aux aides offertes par les citoyens \u00e0 cause de l\u2019instauration du couvre-feu et du confinement total.<\/p>\n<p>La pr\u00e9sidente de l\u2019association Dar Tounes, Raoudha Somrani, a indiqu\u00e9, dans ce sens, que 30% des SDF en Tunisie sont des femmes, de diff\u00e9rents \u00e2ges.<\/p>\n<p>Raoudha Somrani a indiqu\u00e9 que ce nombre augmente de jour en jour et que l\u2019Etat devra trouver une solution pour aider ces femmes.<\/p>\n","protected":false},"excerpt":{"rendered":"<p>Tunis : Vers l&rsquo;installation d&rsquo;unit\u00e9s de vie pour les SDF<\/p>\n","protected":false},"author":3222,"featured_media":258985,"comment_status":"open","ping_status":"closed","sticky":false,"template":"","format":"standard","meta":{"footnotes":""},"categories":[44],"tags":[],"class_list":["post-138787","post","type-post","status-publish","format-standard","has-post-thumbnail","hentry","category-national"],"yoast_head":"<!-- This site is optimized with the Yoast SEO Premium plugin v27.5 (Yoast SEO v27.5) - https:\/\/yoast.com\/product\/yoast-seo-premium-wordpress\/ -->\n<title>Tunis : Vers l&#039;installation d&#039;unit\u00e9s de vie pour les SDF<\/title>\n<meta name=\"description\" content=\"Tunis : Vers l&#039;installation d&#039;unit\u00e9s de vie pour les SDF\" \/>\n<link rel=\"canonical\" href=\"https:\/\/www.webdo.tn\/fr\/actualite\/national\/tunis-vers-linstallation-dunites-de-vie-pour-les-sdf\/138787\/\" \/>\n<meta property=\"og:locale\" content=\"fr_FR\" \/>\n<meta property=\"og:type\" content=\"article\" \/>\n<meta property=\"og:title\" content=\"Tunis : Vers l&#039;installation d&#039;unit\u00e9s de vie pour les SDF\" \/>\n<meta property=\"og:description\" content=\"Tunis : Vers l&#039;installation d&#039;unit\u00e9s de vie pour les SDF\" \/>\n<meta property=\"og:url\" content=\"https:\/\/www.webdo.tn\/fr\/actualite\/national\/tunis-vers-linstallation-dunites-de-vie-pour-les-sdf\/138787\/\" \/>\n<meta property=\"og:site_name\" content=\"webdo\" \/>\n<meta property=\"article:publisher\" content=\"https:\/\/www.facebook.com\/webdotn\" \/>\n<meta property=\"article:published_time\" content=\"2021-03-31T11:35:00+00:00\" \/>\n<meta property=\"article:modified_time\" content=\"2025-05-15T08:57:46+00:00\" \/>\n<meta property=\"og:image\" content=\"https:\/\/www.webdo.tn\/fr\/wp-content\/uploads\/2021\/03\/sdf.jpg\" \/>\n\t<meta property=\"og:image:width\" content=\"800\" \/>\n\t<meta property=\"og:image:height\" content=\"450\" \/>\n\t<meta property=\"og:image:type\" content=\"image\/jpeg\" \/>\n<meta name=\"author\" content=\"webdo.tn\" \/>\n<meta name=\"twitter:card\" content=\"summary_large_image\" \/>\n<meta name=\"twitter:creator\" content=\"@webdo_tn\" \/>\n<meta name=\"twitter:site\" content=\"@webdo_tn\" \/>\n<meta name=\"twitter:label1\" content=\"\u00c9crit par\" \/>\n\t<meta name=\"twitter:data1\" content=\"webdo.tn\" \/>\n\t<meta name=\"twitter:label2\" content=\"Dur\u00e9e de lecture estim\u00e9e\" \/>\n\t<meta name=\"twitter:data2\" content=\"3 minutes\" \/>\n<script type=\"application\/ld+json\" class=\"yoast-schema-graph\">{\"@context\":\"https:\\\/\\\/schema.org\",\"@graph\":[{\"@type\":\"NewsArticle\",\"@id\":\"https:\\\/\\\/www.webdo.tn\\\/fr\\\/actualite\\\/national\\\/tunis-vers-linstallation-dunites-de-vie-pour-les-sdf\\\/138787\\\/#article\",\"isPartOf\":{\"@id\":\"https:\\\/\\\/www.webdo.tn\\\/fr\\\/actualite\\\/national\\\/tunis-vers-linstallation-dunites-de-vie-pour-les-sdf\\\/138787\\\/\"},\"author\":{\"name\":\"webdo.tn\",\"@id\":\"https:\\\/\\\/www.webdo.tn\\\/fr\\\/#\\\/schema\\\/person\\\/9a9c6118d687c117df8ef3cc36a4d175\"},\"headline\":\"Tunis : Vers l&rsquo;installation d&rsquo;unit\u00e9s de vie pour les SDF\",\"datePublished\":\"2021-03-31T11:35:00+00:00\",\"dateModified\":\"2025-05-15T08:57:46+00:00\",\"mainEntityOfPage\":{\"@id\":\"https:\\\/\\\/www.webdo.tn\\\/fr\\\/actualite\\\/national\\\/tunis-vers-linstallation-dunites-de-vie-pour-les-sdf\\\/138787\\\/\"},\"wordCount\":554,\"commentCount\":0,\"publisher\":{\"@id\":\"https:\\\/\\\/www.webdo.tn\\\/fr\\\/#organization\"},\"image\":{\"@id\":\"https:\\\/\\\/www.webdo.tn\\\/fr\\\/actualite\\\/national\\\/tunis-vers-linstallation-dunites-de-vie-pour-les-sdf\\\/138787\\\/#primaryimage\"},\"thumbnailUrl\":\"https:\\\/\\\/www.webdo.tn\\\/fr\\\/wp-content\\\/uploads\\\/2021\\\/03\\\/sdf.jpg\",\"articleSection\":[\"National\"],\"inLanguage\":\"fr-FR\"},{\"@type\":\"WebPage\",\"@id\":\"https:\\\/\\\/www.webdo.tn\\\/fr\\\/actualite\\\/national\\\/tunis-vers-linstallation-dunites-de-vie-pour-les-sdf\\\/138787\\\/\",\"url\":\"https:\\\/\\\/www.webdo.tn\\\/fr\\\/actualite\\\/national\\\/tunis-vers-linstallation-dunites-de-vie-pour-les-sdf\\\/138787\\\/\",\"name\":\"Tunis : Vers l'installation d'unit\u00e9s de vie pour les SDF\",\"isPartOf\":{\"@id\":\"https:\\\/\\\/www.webdo.tn\\\/fr\\\/#website\"},\"primaryImageOfPage\":{\"@id\":\"https:\\\/\\\/www.webdo.tn\\\/fr\\\/actualite\\\/national\\\/tunis-vers-linstallation-dunites-de-vie-pour-les-sdf\\\/138787\\\/#primaryimage\"},\"image\":{\"@id\":\"https:\\\/\\\/www.webdo.tn\\\/fr\\\/actualite\\\/national\\\/tunis-vers-linstallation-dunites-de-vie-pour-les-sdf\\\/138787\\\/#primaryimage\"},\"thumbnailUrl\":\"https:\\\/\\\/www.webdo.tn\\\/fr\\\/wp-content\\\/uploads\\\/2021\\\/03\\\/sdf.jpg\",\"datePublished\":\"2021-03-31T11:35:00+00:00\",\"dateModified\":\"2025-05-15T08:57:46+00:00\",\"description\":\"Tunis : Vers l'installation d'unit\u00e9s de vie pour les SDF\",\"breadcrumb\":{\"@id\":\"https:\\\/\\\/www.webdo.tn\\\/fr\\\/actualite\\\/national\\\/tunis-vers-linstallation-dunites-de-vie-pour-les-sdf\\\/138787\\\/#breadcrumb\"},\"inLanguage\":\"fr-FR\",\"potentialAction\":[{\"@type\":\"ReadAction\",\"target\":[\"https:\\\/\\\/www.webdo.tn\\\/fr\\\/actualite\\\/national\\\/tunis-vers-linstallation-dunites-de-vie-pour-les-sdf\\\/138787\\\/\"]}]},{\"@type\":\"ImageObject\",\"inLanguage\":\"fr-FR\",\"@id\":\"https:\\\/\\\/www.webdo.tn\\\/fr\\\/actualite\\\/national\\\/tunis-vers-linstallation-dunites-de-vie-pour-les-sdf\\\/138787\\\/#primaryimage\",\"url\":\"https:\\\/\\\/www.webdo.tn\\\/fr\\\/wp-content\\\/uploads\\\/2021\\\/03\\\/sdf.jpg\",\"contentUrl\":\"https:\\\/\\\/www.webdo.tn\\\/fr\\\/wp-content\\\/uploads\\\/2021\\\/03\\\/sdf.jpg\",\"width\":800,\"height\":450,\"caption\":\"Tunis : Vers l'installation d'unit\u00e9s de vie pour les SDF\"},{\"@type\":\"BreadcrumbList\",\"@id\":\"https:\\\/\\\/www.webdo.tn\\\/fr\\\/actualite\\\/national\\\/tunis-vers-linstallation-dunites-de-vie-pour-les-sdf\\\/138787\\\/#breadcrumb\",\"itemListElement\":[{\"@type\":\"ListItem\",\"position\":1,\"name\":\"Accueil\",\"item\":\"https:\\\/\\\/www.webdo.tn\\\/fr\\\/\"},{\"@type\":\"ListItem\",\"position\":2,\"name\":\"Tunis : Vers l&#8217;installation d&#8217;unit\u00e9s de vie pour les SDF\"}]},{\"@type\":\"WebSite\",\"@id\":\"https:\\\/\\\/www.webdo.tn\\\/fr\\\/#website\",\"url\":\"https:\\\/\\\/www.webdo.tn\\\/fr\\\/\",\"name\":\"webdo\",\"description\":\"Tunisie - News en Tunisie et \u00e0 l&#039;international sur Webdo.tn\",\"publisher\":{\"@id\":\"https:\\\/\\\/www.webdo.tn\\\/fr\\\/#organization\"},\"potentialAction\":[{\"@type\":\"SearchAction\",\"target\":{\"@type\":\"EntryPoint\",\"urlTemplate\":\"https:\\\/\\\/www.webdo.tn\\\/fr\\\/?s={search_term_string}\"},\"query-input\":{\"@type\":\"PropertyValueSpecification\",\"valueRequired\":true,\"valueName\":\"search_term_string\"}}],\"inLanguage\":\"fr-FR\"},{\"@type\":\"Organization\",\"@id\":\"https:\\\/\\\/www.webdo.tn\\\/fr\\\/#organization\",\"name\":\"Webdo\",\"alternateName\":\"Webdo.tn\",\"url\":\"https:\\\/\\\/www.webdo.tn\\\/fr\\\/\",\"logo\":{\"@type\":\"ImageObject\",\"inLanguage\":\"fr-FR\",\"@id\":\"https:\\\/\\\/www.webdo.tn\\\/fr\\\/#\\\/schema\\\/logo\\\/image\\\/\",\"url\":\"https:\\\/\\\/www.webdo.tn\\\/fr\\\/wp-content\\\/uploads\\\/2025\\\/06\\\/Webdo-Tunisie_168377.jpg\",\"contentUrl\":\"https:\\\/\\\/www.webdo.tn\\\/fr\\\/wp-content\\\/uploads\\\/2025\\\/06\\\/Webdo-Tunisie_168377.jpg\",\"width\":301,\"height\":301,\"caption\":\"Webdo\"},\"image\":{\"@id\":\"https:\\\/\\\/www.webdo.tn\\\/fr\\\/#\\\/schema\\\/logo\\\/image\\\/\"},\"sameAs\":[\"https:\\\/\\\/www.facebook.com\\\/webdotn\",\"https:\\\/\\\/x.com\\\/webdo_tn\"],\"description\":\"Webdo est un m\u00e9dia num\u00e9rique tunisien fond\u00e9 en 2010, sp\u00e9cialis\u00e9 dans l\u2019actualit\u00e9 nationale et internationale, l\u2019\u00e9conomie, la soci\u00e9t\u00e9 et les analyses politiques. Le site s\u2019adresse \u00e0 un large public francophone et couvre l\u2019information tunisienne en temps r\u00e9el.\",\"email\":\"redac@webdo.tn\",\"legalName\":\"YNJ SARL\",\"foundingDate\":\"2010-09-06\",\"numberOfEmployees\":{\"@type\":\"QuantitativeValue\",\"minValue\":\"11\",\"maxValue\":\"50\"}},{\"@type\":\"Person\",\"@id\":\"https:\\\/\\\/www.webdo.tn\\\/fr\\\/#\\\/schema\\\/person\\\/9a9c6118d687c117df8ef3cc36a4d175\",\"name\":\"webdo.tn\",\"image\":{\"@type\":\"ImageObject\",\"inLanguage\":\"fr-FR\",\"@id\":\"https:\\\/\\\/secure.gravatar.com\\\/avatar\\\/7ce1f28c0c3bbac99ff550b85ef8e44a6950c6ee24514fb6a5489e51d06f0298?s=96&d=mm&r=g\",\"url\":\"https:\\\/\\\/secure.gravatar.com\\\/avatar\\\/7ce1f28c0c3bbac99ff550b85ef8e44a6950c6ee24514fb6a5489e51d06f0298?s=96&d=mm&r=g\",\"contentUrl\":\"https:\\\/\\\/secure.gravatar.com\\\/avatar\\\/7ce1f28c0c3bbac99ff550b85ef8e44a6950c6ee24514fb6a5489e51d06f0298?s=96&d=mm&r=g\",\"caption\":\"webdo.tn\"},\"url\":\"https:\\\/\\\/www.webdo.tn\\\/fr\\\/actualite\\\/author\\\/webdotn\\\/\"}]}<\/script>\n<!-- \/ Yoast SEO Premium plugin. -->","yoast_head_json":{"title":"Tunis : Vers l'installation d'unit\u00e9s de vie pour les SDF","description":"Tunis : Vers l'installation d'unit\u00e9s de vie pour les SDF","canonical":"https:\/\/www.webdo.tn\/fr\/actualite\/national\/tunis-vers-linstallation-dunites-de-vie-pour-les-sdf\/138787\/","og_locale":"fr_FR","og_type":"article","og_title":"Tunis : Vers l'installation d'unit\u00e9s de vie pour les SDF","og_description":"Tunis : Vers l'installation d'unit\u00e9s de vie pour les SDF","og_url":"https:\/\/www.webdo.tn\/fr\/actualite\/national\/tunis-vers-linstallation-dunites-de-vie-pour-les-sdf\/138787\/","og_site_name":"webdo","article_publisher":"https:\/\/www.facebook.com\/webdotn","article_published_time":"2021-03-31T11:35:00+00:00","article_modified_time":"2025-05-15T08:57:46+00:00","og_image":[{"width":800,"height":450,"url":"https:\/\/www.webdo.tn\/fr\/wp-content\/uploads\/2021\/03\/sdf.jpg","type":"image\/jpeg"}],"author":"webdo.tn","twitter_card":"summary_large_image","twitter_creator":"@webdo_tn","twitter_site":"@webdo_tn","twitter_misc":{"\u00c9crit par":"webdo.tn","Dur\u00e9e de lecture estim\u00e9e":"3 minutes"},"schema":{"@context":"https:\/\/schema.org","@graph":[{"@type":"NewsArticle","@id":"https:\/\/www.webdo.tn\/fr\/actualite\/national\/tunis-vers-linstallation-dunites-de-vie-pour-les-sdf\/138787\/#article","isPartOf":{"@id":"https:\/\/www.webdo.tn\/fr\/actualite\/national\/tunis-vers-linstallation-dunites-de-vie-pour-les-sdf\/138787\/"},"author":{"name":"webdo.tn","@id":"https:\/\/www.webdo.tn\/fr\/#\/schema\/person\/9a9c6118d687c117df8ef3cc36a4d175"},"headline":"Tunis : Vers l&rsquo;installation d&rsquo;unit\u00e9s de vie pour les SDF","datePublished":"2021-03-31T11:35:00+00:00","dateModified":"2025-05-15T08:57:46+00:00","mainEntityOfPage":{"@id":"https:\/\/www.webdo.tn\/fr\/actualite\/national\/tunis-vers-linstallation-dunites-de-vie-pour-les-sdf\/138787\/"},"wordCount":554,"commentCount":0,"publisher":{"@id":"https:\/\/www.webdo.tn\/fr\/#organization"},"image":{"@id":"https:\/\/www.webdo.tn\/fr\/actualite\/national\/tunis-vers-linstallation-dunites-de-vie-pour-les-sdf\/138787\/#primaryimage"},"thumbnailUrl":"https:\/\/www.webdo.tn\/fr\/wp-content\/uploads\/2021\/03\/sdf.jpg","articleSection":["National"],"inLanguage":"fr-FR"},{"@type":"WebPage","@id":"https:\/\/www.webdo.tn\/fr\/actualite\/national\/tunis-vers-linstallation-dunites-de-vie-pour-les-sdf\/138787\/","url":"https:\/\/www.webdo.tn\/fr\/actualite\/national\/tunis-vers-linstallation-dunites-de-vie-pour-les-sdf\/138787\/","name":"Tunis : Vers l'installation d'unit\u00e9s de vie pour les SDF","isPartOf":{"@id":"https:\/\/www.webdo.tn\/fr\/#website"},"primaryImageOfPage":{"@id":"https:\/\/www.webdo.tn\/fr\/actualite\/national\/tunis-vers-linstallation-dunites-de-vie-pour-les-sdf\/138787\/#primaryimage"},"image":{"@id":"https:\/\/www.webdo.tn\/fr\/actualite\/national\/tunis-vers-linstallation-dunites-de-vie-pour-les-sdf\/138787\/#primaryimage"},"thumbnailUrl":"https:\/\/www.webdo.tn\/fr\/wp-content\/uploads\/2021\/03\/sdf.jpg","datePublished":"2021-03-31T11:35:00+00:00","dateModified":"2025-05-15T08:57:46+00:00","description":"Tunis : Vers l'installation d'unit\u00e9s de vie pour les SDF","breadcrumb":{"@id":"https:\/\/www.webdo.tn\/fr\/actualite\/national\/tunis-vers-linstallation-dunites-de-vie-pour-les-sdf\/138787\/#breadcrumb"},"inLanguage":"fr-FR","potentialAction":[{"@type":"ReadAction","target":["https:\/\/www.webdo.tn\/fr\/actualite\/national\/tunis-vers-linstallation-dunites-de-vie-pour-les-sdf\/138787\/"]}]},{"@type":"ImageObject","inLanguage":"fr-FR","@id":"https:\/\/www.webdo.tn\/fr\/actualite\/national\/tunis-vers-linstallation-dunites-de-vie-pour-les-sdf\/138787\/#primaryimage","url":"https:\/\/www.webdo.tn\/fr\/wp-content\/uploads\/2021\/03\/sdf.jpg","contentUrl":"https:\/\/www.webdo.tn\/fr\/wp-content\/uploads\/2021\/03\/sdf.jpg","width":800,"height":450,"caption":"Tunis : Vers l'installation d'unit\u00e9s de vie pour les SDF"},{"@type":"BreadcrumbList","@id":"https:\/\/www.webdo.tn\/fr\/actualite\/national\/tunis-vers-linstallation-dunites-de-vie-pour-les-sdf\/138787\/#breadcrumb","itemListElement":[{"@type":"ListItem","position":1,"name":"Accueil","item":"https:\/\/www.webdo.tn\/fr\/"},{"@type":"ListItem","position":2,"name":"Tunis : Vers l&#8217;installation d&#8217;unit\u00e9s de vie pour les SDF"}]},{"@type":"WebSite","@id":"https:\/\/www.webdo.tn\/fr\/#website","url":"https:\/\/www.webdo.tn\/fr\/","name":"webdo","description":"Tunisie - News en Tunisie et \u00e0 l&#039;international sur Webdo.tn","publisher":{"@id":"https:\/\/www.webdo.tn\/fr\/#organization"},"potentialAction":[{"@type":"SearchAction","target":{"@type":"EntryPoint","urlTemplate":"https:\/\/www.webdo.tn\/fr\/?s={search_term_string}"},"query-input":{"@type":"PropertyValueSpecification","valueRequired":true,"valueName":"search_term_string"}}],"inLanguage":"fr-FR"},{"@type":"Organization","@id":"https:\/\/www.webdo.tn\/fr\/#organization","name":"Webdo","alternateName":"Webdo.tn","url":"https:\/\/www.webdo.tn\/fr\/","logo":{"@type":"ImageObject","inLanguage":"fr-FR","@id":"https:\/\/www.webdo.tn\/fr\/#\/schema\/logo\/image\/","url":"https:\/\/www.webdo.tn\/fr\/wp-content\/uploads\/2025\/06\/Webdo-Tunisie_168377.jpg","contentUrl":"https:\/\/www.webdo.tn\/fr\/wp-content\/uploads\/2025\/06\/Webdo-Tunisie_168377.jpg","width":301,"height":301,"caption":"Webdo"},"image":{"@id":"https:\/\/www.webdo.tn\/fr\/#\/schema\/logo\/image\/"},"sameAs":["https:\/\/www.facebook.com\/webdotn","https:\/\/x.com\/webdo_tn"],"description":"Webdo est un m\u00e9dia num\u00e9rique tunisien fond\u00e9 en 2010, sp\u00e9cialis\u00e9 dans l\u2019actualit\u00e9 nationale et internationale, l\u2019\u00e9conomie, la soci\u00e9t\u00e9 et les analyses politiques. Le site s\u2019adresse \u00e0 un large public francophone et couvre l\u2019information tunisienne en temps r\u00e9el.","email":"redac@webdo.tn","legalName":"YNJ SARL","foundingDate":"2010-09-06","numberOfEmployees":{"@type":"QuantitativeValue","minValue":"11","maxValue":"50"}},{"@type":"Person","@id":"https:\/\/www.webdo.tn\/fr\/#\/schema\/person\/9a9c6118d687c117df8ef3cc36a4d175","name":"webdo.tn","image":{"@type":"ImageObject","inLanguage":"fr-FR","@id":"https:\/\/secure.gravatar.com\/avatar\/7ce1f28c0c3bbac99ff550b85ef8e44a6950c6ee24514fb6a5489e51d06f0298?s=96&d=mm&r=g","url":"https:\/\/secure.gravatar.com\/avatar\/7ce1f28c0c3bbac99ff550b85ef8e44a6950c6ee24514fb6a5489e51d06f0298?s=96&d=mm&r=g","contentUrl":"https:\/\/secure.gravatar.com\/avatar\/7ce1f28c0c3bbac99ff550b85ef8e44a6950c6ee24514fb6a5489e51d06f0298?s=96&d=mm&r=g","caption":"webdo.tn"},"url":"https:\/\/www.webdo.tn\/fr\/actualite\/author\/webdotn\/"}]}},"_links":{"self":[{"href":"https:\/\/www.webdo.tn\/fr\/wp-json\/wp\/v2\/posts\/138787","targetHints":{"allow":["GET"]}}],"collection":[{"href":"https:\/\/www.webdo.tn\/fr\/wp-json\/wp\/v2\/posts"}],"about":[{"href":"https:\/\/www.webdo.tn\/fr\/wp-json\/wp\/v2\/types\/post"}],"author":[{"embeddable":true,"href":"https:\/\/www.webdo.tn\/fr\/wp-json\/wp\/v2\/users\/3222"}],"replies":[{"embeddable":true,"href":"https:\/\/www.webdo.tn\/fr\/wp-json\/wp\/v2\/comments?post=138787"}],"version-history":[{"count":0,"href":"https:\/\/www.webdo.tn\/fr\/wp-json\/wp\/v2\/posts\/138787\/revisions"}],"wp:featuredmedia":[{"embeddable":true,"href":"https:\/\/www.webdo.tn\/fr\/wp-json\/wp\/v2\/media\/258985"}],"wp:attachment":[{"href":"https:\/\/www.webdo.tn\/fr\/wp-json\/wp\/v2\/media?parent=138787"}],"wp:term":[{"taxonomy":"category","embeddable":true,"href":"https:\/\/www.webdo.tn\/fr\/wp-json\/wp\/v2\/categories?post=138787"},{"taxonomy":"post_tag","embeddable":true,"href":"https:\/\/www.webdo.tn\/fr\/wp-json\/wp\/v2\/tags?post=138787"}],"curies":[{"name":"wp","href":"https:\/\/api.w.org\/{rel}","templated":true}]}}