{"id":137383,"date":"2021-06-20T11:05:00","date_gmt":"2021-06-20T11:05:00","guid":{"rendered":"https:\/\/www.webdo.tn\/fr\/blog\/tunisie-un-hopital-de-campagne-installe-a-kairouan\/137383\/"},"modified":"2021-06-20T11:05:00","modified_gmt":"2021-06-20T11:05:00","slug":"tunisie-un-hopital-de-campagne-installe-a-kairouan","status":"publish","type":"post","link":"https:\/\/www.webdo.tn\/fr\/actualite\/national\/tunisie-un-hopital-de-campagne-installe-a-kairouan\/137383\/","title":{"rendered":"Tunisie : Un h\u00f4pital de campagne install\u00e9 \u00e0 Kairouan"},"content":{"rendered":"<p>Le pr\u00e9sident de la R\u00e9publique, Kaies Saied a d\u00e9cid\u00e9 d&rsquo;installer un h\u00f4pital militaire de campagne \u00e0 Kairouan afin de lutter contre la propagation de covid-19 et appuyer les efforts d\u00e9ploy\u00e9s par le cadre m\u00e9dical et param\u00e9dical dans la r\u00e9gion.<\/p>\n<p>Dans un communiqu\u00e9 rendu public samedi par la pr\u00e9sidence de la R\u00e9publique, et conform\u00e9ment aux directives du pr\u00e9sident Kaies Saied des unit\u00e9s de la direction g\u00e9n\u00e9rale de la sant\u00e9 militaire se d\u00e9placeront \u00e0 Kairouan afin d&rsquo;entamer l&rsquo;installation de cet h\u00f4pital.<\/p>\n<p>Les unit\u00e9s militaires se sont mis au travail depuis hier samedi, l&rsquo;h\u00f4pital en question devra \u00eatre op\u00e9rationnel d\u00e8s demain lundi.<\/p>\n<p>Le taux d&rsquo;accueil dans les h\u00f4pitaux \u00e0 Kairouan a atteint r\u00e9cemment sa capacit\u00e9 maximale avec 60pc de tests positifs par jour.<\/p>\n<p>Les chiffres ne sont pas rassurants et la situation se d\u00e9t\u00e9riore d\u2019un jour \u00e0 l\u2019autre. Plus de places dans les h\u00f4pitaux du Kairouan qui connaissent une pression jamais observ\u00e9e.<\/p>\n<p>C\u2019est \u00e0 cet effet que le Chef du gouvernement a ordonn\u00e9 la directrice de l\u2019Observatoire national des maladies nouvelles et \u00e9mergentes, Nissaf Ben Alaya, accompagn\u00e9e d\u2019une \u00e9quipe du Comit\u00e9 scientifique, de se rendre au gouvernorat de Kairouan.<\/p>\n<p>Le groupe devrait examiner l\u2019\u00e9volution de la situation \u00e9pid\u00e9miologique dans la r\u00e9gion et identifier dans les plus brefs d\u00e9lais les probl\u00e8mes les plus importants \u00e0 \u00e9viter.<\/p>\n<p>Dans ce contexte, Mechichi a autoris\u00e9 que la Cellule de crise de suivi de l\u2019\u00e9volution de la situation \u00e9pid\u00e9miologique \u00e0 Kairouan \u00e0 rester en r\u00e9union permanente jusqu\u2019\u00e0 la r\u00e9duction du nombre de contaminations au coronavirus, en plus de mobiliser toutes les ressources sanitaires, m\u00e9dicales et logistiques afin de contenir la situation \u00e9pid\u00e9miologique dans la r\u00e9gion.<\/p>\n<p>De son c\u00f4t\u00e9, le directeur r\u00e9gional de la sant\u00e9 \u00e0 Kairouan, Mohamed Rouis, a confirm\u00e9 que le taux de positivit\u00e9 est pass\u00e9 \u00e0 50% apr\u00e8s avoir connu une baisse au cours des deux derniers jours.<\/p>\n<p>Rouis, qui s\u2019exprimait ce samedi 19 juin 2021 sur Shems fm, a ajout\u00e9 que la situation \u00e9pid\u00e9miologique dans la r\u00e9gion est critique, et qu\u2019au vu de la hausse continue des analyses positives, les \u00e9tablissements de sant\u00e9 connaissent une grande pression.<\/p>\n<p>Et d\u2019ajouter que \u00ab la r\u00e9ponse des retrait\u00e9s et du secteur priv\u00e9 \u00e0 l\u2019appel des autorit\u00e9s sanitaires de la r\u00e9gion \u00e0 soutenir leurs efforts est tr\u00e8s faible \u00bb.<\/p>\n<p>Cette situation pour le moins catastrophique \u00e0 Kairouan sera observ\u00e9e dans d\u2019autres r\u00e9gions, regrette Jalila Ben Khalil.<\/p>\n","protected":false},"excerpt":{"rendered":"<p>Tunisie : Un h\u00f4pital de campagne install\u00e9 \u00e0 Kairouan<\/p>\n","protected":false},"author":3222,"featured_media":368557,"comment_status":"open","ping_status":"closed","sticky":false,"template":"","format":"standard","meta":{"footnotes":""},"categories":[44],"tags":[],"class_list":["post-137383","post","type-post","status-publish","format-standard","has-post-thumbnail","hentry","category-national"],"yoast_head":"<!-- This site is optimized with the Yoast SEO Premium plugin v27.4 (Yoast SEO v27.5) - https:\/\/yoast.com\/product\/yoast-seo-premium-wordpress\/ -->\n<title>Tunisie : Un h\u00f4pital de campagne install\u00e9 \u00e0 Kairouan<\/title>\n<meta name=\"description\" content=\"Tunisie : Un h\u00f4pital de campagne install\u00e9 \u00e0 Kairouan\" \/>\n<link rel=\"canonical\" href=\"https:\/\/www.webdo.tn\/fr\/actualite\/national\/tunisie-un-hopital-de-campagne-installe-a-kairouan\/137383\/\" \/>\n<meta property=\"og:locale\" content=\"fr_FR\" \/>\n<meta property=\"og:type\" content=\"article\" \/>\n<meta property=\"og:title\" content=\"Tunisie : Un h\u00f4pital de campagne install\u00e9 \u00e0 Kairouan\" \/>\n<meta property=\"og:description\" content=\"Tunisie : Un h\u00f4pital de campagne install\u00e9 \u00e0 Kairouan\" \/>\n<meta property=\"og:url\" content=\"https:\/\/www.webdo.tn\/fr\/actualite\/national\/tunisie-un-hopital-de-campagne-installe-a-kairouan\/137383\/\" \/>\n<meta property=\"og:site_name\" content=\"webdo\" \/>\n<meta property=\"article:publisher\" content=\"https:\/\/www.facebook.com\/webdotn\" \/>\n<meta property=\"article:published_time\" content=\"2021-06-20T11:05:00+00:00\" \/>\n<meta name=\"author\" content=\"webdo.tn\" \/>\n<meta name=\"twitter:card\" content=\"summary_large_image\" \/>\n<meta name=\"twitter:creator\" content=\"@webdo_tn\" \/>\n<meta name=\"twitter:site\" content=\"@webdo_tn\" \/>\n<meta name=\"twitter:label1\" content=\"\u00c9crit par\" \/>\n\t<meta name=\"twitter:data1\" content=\"webdo.tn\" \/>\n\t<meta name=\"twitter:label2\" content=\"Dur\u00e9e de lecture estim\u00e9e\" \/>\n\t<meta name=\"twitter:data2\" content=\"2 minutes\" \/>\n<script type=\"application\/ld+json\" class=\"yoast-schema-graph\">{\"@context\":\"https:\\\/\\\/schema.org\",\"@graph\":[{\"@type\":\"NewsArticle\",\"@id\":\"https:\\\/\\\/www.webdo.tn\\\/fr\\\/actualite\\\/national\\\/tunisie-un-hopital-de-campagne-installe-a-kairouan\\\/137383\\\/#article\",\"isPartOf\":{\"@id\":\"https:\\\/\\\/www.webdo.tn\\\/fr\\\/actualite\\\/national\\\/tunisie-un-hopital-de-campagne-installe-a-kairouan\\\/137383\\\/\"},\"author\":{\"name\":\"webdo.tn\",\"@id\":\"https:\\\/\\\/www.webdo.tn\\\/fr\\\/#\\\/schema\\\/person\\\/9a9c6118d687c117df8ef3cc36a4d175\"},\"headline\":\"Tunisie : Un h\u00f4pital de campagne install\u00e9 \u00e0 Kairouan\",\"datePublished\":\"2021-06-20T11:05:00+00:00\",\"mainEntityOfPage\":{\"@id\":\"https:\\\/\\\/www.webdo.tn\\\/fr\\\/actualite\\\/national\\\/tunisie-un-hopital-de-campagne-installe-a-kairouan\\\/137383\\\/\"},\"wordCount\":445,\"commentCount\":0,\"publisher\":{\"@id\":\"https:\\\/\\\/www.webdo.tn\\\/fr\\\/#organization\"},\"image\":{\"@id\":\"https:\\\/\\\/www.webdo.tn\\\/fr\\\/actualite\\\/national\\\/tunisie-un-hopital-de-campagne-installe-a-kairouan\\\/137383\\\/#primaryimage\"},\"thumbnailUrl\":\"https:\\\/\\\/www.webdo.tn\\\/fr\\\/wp-content\\\/uploads\\\/2025\\\/06\\\/akkk_137383.jpg\",\"articleSection\":[\"National\"],\"inLanguage\":\"fr-FR\"},{\"@type\":\"WebPage\",\"@id\":\"https:\\\/\\\/www.webdo.tn\\\/fr\\\/actualite\\\/national\\\/tunisie-un-hopital-de-campagne-installe-a-kairouan\\\/137383\\\/\",\"url\":\"https:\\\/\\\/www.webdo.tn\\\/fr\\\/actualite\\\/national\\\/tunisie-un-hopital-de-campagne-installe-a-kairouan\\\/137383\\\/\",\"name\":\"Tunisie : Un h\u00f4pital de campagne install\u00e9 \u00e0 Kairouan\",\"isPartOf\":{\"@id\":\"https:\\\/\\\/www.webdo.tn\\\/fr\\\/#website\"},\"primaryImageOfPage\":{\"@id\":\"https:\\\/\\\/www.webdo.tn\\\/fr\\\/actualite\\\/national\\\/tunisie-un-hopital-de-campagne-installe-a-kairouan\\\/137383\\\/#primaryimage\"},\"image\":{\"@id\":\"https:\\\/\\\/www.webdo.tn\\\/fr\\\/actualite\\\/national\\\/tunisie-un-hopital-de-campagne-installe-a-kairouan\\\/137383\\\/#primaryimage\"},\"thumbnailUrl\":\"https:\\\/\\\/www.webdo.tn\\\/fr\\\/wp-content\\\/uploads\\\/2025\\\/06\\\/akkk_137383.jpg\",\"datePublished\":\"2021-06-20T11:05:00+00:00\",\"description\":\"Tunisie : Un h\u00f4pital de campagne install\u00e9 \u00e0 Kairouan\",\"breadcrumb\":{\"@id\":\"https:\\\/\\\/www.webdo.tn\\\/fr\\\/actualite\\\/national\\\/tunisie-un-hopital-de-campagne-installe-a-kairouan\\\/137383\\\/#breadcrumb\"},\"inLanguage\":\"fr-FR\",\"potentialAction\":[{\"@type\":\"ReadAction\",\"target\":[\"https:\\\/\\\/www.webdo.tn\\\/fr\\\/actualite\\\/national\\\/tunisie-un-hopital-de-campagne-installe-a-kairouan\\\/137383\\\/\"]}]},{\"@type\":\"ImageObject\",\"inLanguage\":\"fr-FR\",\"@id\":\"https:\\\/\\\/www.webdo.tn\\\/fr\\\/actualite\\\/national\\\/tunisie-un-hopital-de-campagne-installe-a-kairouan\\\/137383\\\/#primaryimage\",\"url\":\"https:\\\/\\\/www.webdo.tn\\\/fr\\\/wp-content\\\/uploads\\\/2025\\\/06\\\/akkk_137383.jpg\",\"contentUrl\":\"https:\\\/\\\/www.webdo.tn\\\/fr\\\/wp-content\\\/uploads\\\/2025\\\/06\\\/akkk_137383.jpg\",\"width\":696,\"height\":464,\"caption\":\"Tunisie : Un h\u00f4pital de campagne install\u00e9 \u00e0 Kairouan\"},{\"@type\":\"BreadcrumbList\",\"@id\":\"https:\\\/\\\/www.webdo.tn\\\/fr\\\/actualite\\\/national\\\/tunisie-un-hopital-de-campagne-installe-a-kairouan\\\/137383\\\/#breadcrumb\",\"itemListElement\":[{\"@type\":\"ListItem\",\"position\":1,\"name\":\"Accueil\",\"item\":\"https:\\\/\\\/www.webdo.tn\\\/fr\\\/\"},{\"@type\":\"ListItem\",\"position\":2,\"name\":\"Tunisie : Un h\u00f4pital de campagne install\u00e9 \u00e0 Kairouan\"}]},{\"@type\":\"WebSite\",\"@id\":\"https:\\\/\\\/www.webdo.tn\\\/fr\\\/#website\",\"url\":\"https:\\\/\\\/www.webdo.tn\\\/fr\\\/\",\"name\":\"webdo\",\"description\":\"Tunisie - News en Tunisie et \u00e0 l&#039;international sur Webdo.tn\",\"publisher\":{\"@id\":\"https:\\\/\\\/www.webdo.tn\\\/fr\\\/#organization\"},\"potentialAction\":[{\"@type\":\"SearchAction\",\"target\":{\"@type\":\"EntryPoint\",\"urlTemplate\":\"https:\\\/\\\/www.webdo.tn\\\/fr\\\/?s={search_term_string}\"},\"query-input\":{\"@type\":\"PropertyValueSpecification\",\"valueRequired\":true,\"valueName\":\"search_term_string\"}}],\"inLanguage\":\"fr-FR\"},{\"@type\":\"Organization\",\"@id\":\"https:\\\/\\\/www.webdo.tn\\\/fr\\\/#organization\",\"name\":\"Webdo\",\"alternateName\":\"Webdo.tn\",\"url\":\"https:\\\/\\\/www.webdo.tn\\\/fr\\\/\",\"logo\":{\"@type\":\"ImageObject\",\"inLanguage\":\"fr-FR\",\"@id\":\"https:\\\/\\\/www.webdo.tn\\\/fr\\\/#\\\/schema\\\/logo\\\/image\\\/\",\"url\":\"https:\\\/\\\/www.webdo.tn\\\/fr\\\/wp-content\\\/uploads\\\/2025\\\/06\\\/Webdo-Tunisie_168377.jpg\",\"contentUrl\":\"https:\\\/\\\/www.webdo.tn\\\/fr\\\/wp-content\\\/uploads\\\/2025\\\/06\\\/Webdo-Tunisie_168377.jpg\",\"width\":301,\"height\":301,\"caption\":\"Webdo\"},\"image\":{\"@id\":\"https:\\\/\\\/www.webdo.tn\\\/fr\\\/#\\\/schema\\\/logo\\\/image\\\/\"},\"sameAs\":[\"https:\\\/\\\/www.facebook.com\\\/webdotn\",\"https:\\\/\\\/x.com\\\/webdo_tn\"],\"description\":\"Webdo est un m\u00e9dia num\u00e9rique tunisien fond\u00e9 en 2010, sp\u00e9cialis\u00e9 dans l\u2019actualit\u00e9 nationale et internationale, l\u2019\u00e9conomie, la soci\u00e9t\u00e9 et les analyses politiques. Le site s\u2019adresse \u00e0 un large public francophone et couvre l\u2019information tunisienne en temps r\u00e9el.\",\"email\":\"redac@webdo.tn\",\"legalName\":\"YNJ SARL\",\"foundingDate\":\"2010-09-06\",\"numberOfEmployees\":{\"@type\":\"QuantitativeValue\",\"minValue\":\"11\",\"maxValue\":\"50\"}},{\"@type\":\"Person\",\"@id\":\"https:\\\/\\\/www.webdo.tn\\\/fr\\\/#\\\/schema\\\/person\\\/9a9c6118d687c117df8ef3cc36a4d175\",\"name\":\"webdo.tn\",\"image\":{\"@type\":\"ImageObject\",\"inLanguage\":\"fr-FR\",\"@id\":\"https:\\\/\\\/secure.gravatar.com\\\/avatar\\\/7ce1f28c0c3bbac99ff550b85ef8e44a6950c6ee24514fb6a5489e51d06f0298?s=96&d=mm&r=g\",\"url\":\"https:\\\/\\\/secure.gravatar.com\\\/avatar\\\/7ce1f28c0c3bbac99ff550b85ef8e44a6950c6ee24514fb6a5489e51d06f0298?s=96&d=mm&r=g\",\"contentUrl\":\"https:\\\/\\\/secure.gravatar.com\\\/avatar\\\/7ce1f28c0c3bbac99ff550b85ef8e44a6950c6ee24514fb6a5489e51d06f0298?s=96&d=mm&r=g\",\"caption\":\"webdo.tn\"},\"url\":\"https:\\\/\\\/www.webdo.tn\\\/fr\\\/actualite\\\/author\\\/webdotn\\\/\"}]}<\/script>\n<!-- \/ Yoast SEO Premium plugin. -->","yoast_head_json":{"title":"Tunisie : Un h\u00f4pital de campagne install\u00e9 \u00e0 Kairouan","description":"Tunisie : Un h\u00f4pital de campagne install\u00e9 \u00e0 Kairouan","canonical":"https:\/\/www.webdo.tn\/fr\/actualite\/national\/tunisie-un-hopital-de-campagne-installe-a-kairouan\/137383\/","og_locale":"fr_FR","og_type":"article","og_title":"Tunisie : Un h\u00f4pital de campagne install\u00e9 \u00e0 Kairouan","og_description":"Tunisie : Un h\u00f4pital de campagne install\u00e9 \u00e0 Kairouan","og_url":"https:\/\/www.webdo.tn\/fr\/actualite\/national\/tunisie-un-hopital-de-campagne-installe-a-kairouan\/137383\/","og_site_name":"webdo","article_publisher":"https:\/\/www.facebook.com\/webdotn","article_published_time":"2021-06-20T11:05:00+00:00","author":"webdo.tn","twitter_card":"summary_large_image","twitter_creator":"@webdo_tn","twitter_site":"@webdo_tn","twitter_misc":{"\u00c9crit par":"webdo.tn","Dur\u00e9e de lecture estim\u00e9e":"2 minutes"},"schema":{"@context":"https:\/\/schema.org","@graph":[{"@type":"NewsArticle","@id":"https:\/\/www.webdo.tn\/fr\/actualite\/national\/tunisie-un-hopital-de-campagne-installe-a-kairouan\/137383\/#article","isPartOf":{"@id":"https:\/\/www.webdo.tn\/fr\/actualite\/national\/tunisie-un-hopital-de-campagne-installe-a-kairouan\/137383\/"},"author":{"name":"webdo.tn","@id":"https:\/\/www.webdo.tn\/fr\/#\/schema\/person\/9a9c6118d687c117df8ef3cc36a4d175"},"headline":"Tunisie : Un h\u00f4pital de campagne install\u00e9 \u00e0 Kairouan","datePublished":"2021-06-20T11:05:00+00:00","mainEntityOfPage":{"@id":"https:\/\/www.webdo.tn\/fr\/actualite\/national\/tunisie-un-hopital-de-campagne-installe-a-kairouan\/137383\/"},"wordCount":445,"commentCount":0,"publisher":{"@id":"https:\/\/www.webdo.tn\/fr\/#organization"},"image":{"@id":"https:\/\/www.webdo.tn\/fr\/actualite\/national\/tunisie-un-hopital-de-campagne-installe-a-kairouan\/137383\/#primaryimage"},"thumbnailUrl":"https:\/\/www.webdo.tn\/fr\/wp-content\/uploads\/2025\/06\/akkk_137383.jpg","articleSection":["National"],"inLanguage":"fr-FR"},{"@type":"WebPage","@id":"https:\/\/www.webdo.tn\/fr\/actualite\/national\/tunisie-un-hopital-de-campagne-installe-a-kairouan\/137383\/","url":"https:\/\/www.webdo.tn\/fr\/actualite\/national\/tunisie-un-hopital-de-campagne-installe-a-kairouan\/137383\/","name":"Tunisie : Un h\u00f4pital de campagne install\u00e9 \u00e0 Kairouan","isPartOf":{"@id":"https:\/\/www.webdo.tn\/fr\/#website"},"primaryImageOfPage":{"@id":"https:\/\/www.webdo.tn\/fr\/actualite\/national\/tunisie-un-hopital-de-campagne-installe-a-kairouan\/137383\/#primaryimage"},"image":{"@id":"https:\/\/www.webdo.tn\/fr\/actualite\/national\/tunisie-un-hopital-de-campagne-installe-a-kairouan\/137383\/#primaryimage"},"thumbnailUrl":"https:\/\/www.webdo.tn\/fr\/wp-content\/uploads\/2025\/06\/akkk_137383.jpg","datePublished":"2021-06-20T11:05:00+00:00","description":"Tunisie : Un h\u00f4pital de campagne install\u00e9 \u00e0 Kairouan","breadcrumb":{"@id":"https:\/\/www.webdo.tn\/fr\/actualite\/national\/tunisie-un-hopital-de-campagne-installe-a-kairouan\/137383\/#breadcrumb"},"inLanguage":"fr-FR","potentialAction":[{"@type":"ReadAction","target":["https:\/\/www.webdo.tn\/fr\/actualite\/national\/tunisie-un-hopital-de-campagne-installe-a-kairouan\/137383\/"]}]},{"@type":"ImageObject","inLanguage":"fr-FR","@id":"https:\/\/www.webdo.tn\/fr\/actualite\/national\/tunisie-un-hopital-de-campagne-installe-a-kairouan\/137383\/#primaryimage","url":"https:\/\/www.webdo.tn\/fr\/wp-content\/uploads\/2025\/06\/akkk_137383.jpg","contentUrl":"https:\/\/www.webdo.tn\/fr\/wp-content\/uploads\/2025\/06\/akkk_137383.jpg","width":696,"height":464,"caption":"Tunisie : Un h\u00f4pital de campagne install\u00e9 \u00e0 Kairouan"},{"@type":"BreadcrumbList","@id":"https:\/\/www.webdo.tn\/fr\/actualite\/national\/tunisie-un-hopital-de-campagne-installe-a-kairouan\/137383\/#breadcrumb","itemListElement":[{"@type":"ListItem","position":1,"name":"Accueil","item":"https:\/\/www.webdo.tn\/fr\/"},{"@type":"ListItem","position":2,"name":"Tunisie : Un h\u00f4pital de campagne install\u00e9 \u00e0 Kairouan"}]},{"@type":"WebSite","@id":"https:\/\/www.webdo.tn\/fr\/#website","url":"https:\/\/www.webdo.tn\/fr\/","name":"webdo","description":"Tunisie - News en Tunisie et \u00e0 l&#039;international sur Webdo.tn","publisher":{"@id":"https:\/\/www.webdo.tn\/fr\/#organization"},"potentialAction":[{"@type":"SearchAction","target":{"@type":"EntryPoint","urlTemplate":"https:\/\/www.webdo.tn\/fr\/?s={search_term_string}"},"query-input":{"@type":"PropertyValueSpecification","valueRequired":true,"valueName":"search_term_string"}}],"inLanguage":"fr-FR"},{"@type":"Organization","@id":"https:\/\/www.webdo.tn\/fr\/#organization","name":"Webdo","alternateName":"Webdo.tn","url":"https:\/\/www.webdo.tn\/fr\/","logo":{"@type":"ImageObject","inLanguage":"fr-FR","@id":"https:\/\/www.webdo.tn\/fr\/#\/schema\/logo\/image\/","url":"https:\/\/www.webdo.tn\/fr\/wp-content\/uploads\/2025\/06\/Webdo-Tunisie_168377.jpg","contentUrl":"https:\/\/www.webdo.tn\/fr\/wp-content\/uploads\/2025\/06\/Webdo-Tunisie_168377.jpg","width":301,"height":301,"caption":"Webdo"},"image":{"@id":"https:\/\/www.webdo.tn\/fr\/#\/schema\/logo\/image\/"},"sameAs":["https:\/\/www.facebook.com\/webdotn","https:\/\/x.com\/webdo_tn"],"description":"Webdo est un m\u00e9dia num\u00e9rique tunisien fond\u00e9 en 2010, sp\u00e9cialis\u00e9 dans l\u2019actualit\u00e9 nationale et internationale, l\u2019\u00e9conomie, la soci\u00e9t\u00e9 et les analyses politiques. Le site s\u2019adresse \u00e0 un large public francophone et couvre l\u2019information tunisienne en temps r\u00e9el.","email":"redac@webdo.tn","legalName":"YNJ SARL","foundingDate":"2010-09-06","numberOfEmployees":{"@type":"QuantitativeValue","minValue":"11","maxValue":"50"}},{"@type":"Person","@id":"https:\/\/www.webdo.tn\/fr\/#\/schema\/person\/9a9c6118d687c117df8ef3cc36a4d175","name":"webdo.tn","image":{"@type":"ImageObject","inLanguage":"fr-FR","@id":"https:\/\/secure.gravatar.com\/avatar\/7ce1f28c0c3bbac99ff550b85ef8e44a6950c6ee24514fb6a5489e51d06f0298?s=96&d=mm&r=g","url":"https:\/\/secure.gravatar.com\/avatar\/7ce1f28c0c3bbac99ff550b85ef8e44a6950c6ee24514fb6a5489e51d06f0298?s=96&d=mm&r=g","contentUrl":"https:\/\/secure.gravatar.com\/avatar\/7ce1f28c0c3bbac99ff550b85ef8e44a6950c6ee24514fb6a5489e51d06f0298?s=96&d=mm&r=g","caption":"webdo.tn"},"url":"https:\/\/www.webdo.tn\/fr\/actualite\/author\/webdotn\/"}]}},"_links":{"self":[{"href":"https:\/\/www.webdo.tn\/fr\/wp-json\/wp\/v2\/posts\/137383","targetHints":{"allow":["GET"]}}],"collection":[{"href":"https:\/\/www.webdo.tn\/fr\/wp-json\/wp\/v2\/posts"}],"about":[{"href":"https:\/\/www.webdo.tn\/fr\/wp-json\/wp\/v2\/types\/post"}],"author":[{"embeddable":true,"href":"https:\/\/www.webdo.tn\/fr\/wp-json\/wp\/v2\/users\/3222"}],"replies":[{"embeddable":true,"href":"https:\/\/www.webdo.tn\/fr\/wp-json\/wp\/v2\/comments?post=137383"}],"version-history":[{"count":0,"href":"https:\/\/www.webdo.tn\/fr\/wp-json\/wp\/v2\/posts\/137383\/revisions"}],"wp:featuredmedia":[{"embeddable":true,"href":"https:\/\/www.webdo.tn\/fr\/wp-json\/wp\/v2\/media\/368557"}],"wp:attachment":[{"href":"https:\/\/www.webdo.tn\/fr\/wp-json\/wp\/v2\/media?parent=137383"}],"wp:term":[{"taxonomy":"category","embeddable":true,"href":"https:\/\/www.webdo.tn\/fr\/wp-json\/wp\/v2\/categories?post=137383"},{"taxonomy":"post_tag","embeddable":true,"href":"https:\/\/www.webdo.tn\/fr\/wp-json\/wp\/v2\/tags?post=137383"}],"curies":[{"name":"wp","href":"https:\/\/api.w.org\/{rel}","templated":true}]}}