{"id":134988,"date":"2021-11-24T09:19:00","date_gmt":"2021-11-24T09:19:00","guid":{"rendered":"https:\/\/www.webdo.tn\/fr\/blog\/tunisie-trafic-de-nationalite-deux-mandats-de-depot-emis-un-ancien-consul-libere\/134988\/"},"modified":"2021-11-24T09:19:00","modified_gmt":"2021-11-24T09:19:00","slug":"tunisie-trafic-de-nationalite-deux-mandats-de-depot-emis-un-ancien-consul-libere","status":"publish","type":"post","link":"https:\/\/www.webdo.tn\/fr\/actualite\/national\/tunisie-trafic-de-nationalite-deux-mandats-de-depot-emis-un-ancien-consul-libere\/134988\/","title":{"rendered":"Trafic de nationalit\u00e9 : Deux mandats de d\u00e9p\u00f4t \u00e9mis, un ancien consul lib\u00e9r\u00e9"},"content":{"rendered":"<p>Alors qu&rsquo;une information judiciaire a \u00e9t\u00e9 ouverte contre 14 personnes dont 11 fonctionnaires des minist\u00e8res des Affaires \u00e9trang\u00e8res, de l\u2019Int\u00e9rieur et de la Justice, soup\u00e7onn\u00e9es de falsification de certificats de naissance, de cartes d\u2019identit\u00e9 nationale, de passeports tunisiens au profit d\u2019\u00e9trangers, deux mandats de d\u00e9p\u00f4t ont \u00e9t\u00e9 \u00e9mis, ce mercredi 24 novembre.<\/p>\n<p>Hier, mardi 23 novembre, l\u2019unit\u00e9 sp\u00e9cialis\u00e9e dans les crimes terroristes a transf\u00e9r\u00e9, au parquet pr\u00e8s le p\u00f4le judiciaire de lutte antiterroriste les r\u00e9sultats des investigations sur cette affaire et selon le bureau d\u2019information du Tribunal de premi\u00e8re instance de Tunis, une information judiciaire a \u00e9t\u00e9 ouverte contre ces 14 personnes.<\/p>\n<p>Le juge d&rsquo;instruction du P\u00f4le judiciaire antiterrorisme a interrog\u00e9, jusqu&rsquo;\u00e0 l&rsquo;aube de ce mercredi, sept membres de ce r\u00e9seau et a \u00e9mis deux mandats de d\u00e9p\u00f4t contre deux des suspects, dont le directeur du bureau d&rsquo;affaires tunisien \u00e0 Damas. Par ailleurs, cinq personnes en garde \u00e0 vue ont \u00e9t\u00e9 lib\u00e9r\u00e9es, dont l&rsquo;ancien consul tunisien \u00e0 Damas et sept autres personnes doivent \u00eatre interrog\u00e9es, demain, rapporte Mosaique fm.<\/p>\n<p>Toutes ces personnes sont accus\u00e9es d\u2019avoir renseign\u00e9, arrang\u00e9, facilit\u00e9, aid\u00e9, servi d\u2019interm\u00e9diaire, et organis\u00e9, l\u2019entr\u00e9e ou la sortie d\u2019une personne du territoire tunisien, l\u00e9galement ou clandestinement, qu\u2019elle soit \u00e0 partir des points de passage ou autres en vue de commettre des crimes terroristes.<\/p>\n<p>Elles sont \u00e9galement accus\u00e9es d\u2019avoir fabriqu\u00e9 ou falsifi\u00e9 une carte d\u2019identit\u00e9 nationale, un passeport, ou autres permis ou certificats administratifs au profit d\u2019une organisation terroriste ou des personnes en rapport avec les infractions terroristes. Parmi les autres chefs d\u2019accusation, l\u2019\u00e9tablissement d\u2019une entente dans le but de pr\u00e9parer ou de commettre un attentat.<\/p>\n<p>Il y a une semaine, le minist\u00e8re public pr\u00e8s le p\u00f4le judiciaire de lutte antiterroriste ordonnait le placement en d\u00e9tention d\u2019un ancien consul de Tunisie en Syrie, d\u2019un ancien chef du bureau consulaire, d\u2019un fonctionnaire au service de l\u2019\u00e9tat civil \u00e0 Tunis et du responsable de la section de l\u2019\u00e9tat civil relevant de la mission diplomatique en Syrie.<\/p>\n<p>Ces fonctionnaires sont soup\u00e7onn\u00e9s de falsification de certificats de naissance, de cartes d\u2019identit\u00e9 nationale, de passeports tunisiens au profit d\u2019\u00e9trangers de diff\u00e9rentes nationalit\u00e9s et ce, entre 2015 et 2019.<\/p>\n","protected":false},"excerpt":{"rendered":"<p>Trafic de nationalit\u00e9 : Deux mandats de d\u00e9p\u00f4t \u00e9mis, un ancien consul lib\u00e9r\u00e9<\/p>\n","protected":false},"author":3222,"featured_media":279902,"comment_status":"open","ping_status":"closed","sticky":false,"template":"","format":"standard","meta":{"footnotes":""},"categories":[44],"tags":[],"class_list":["post-134988","post","type-post","status-publish","format-standard","has-post-thumbnail","hentry","category-national"],"yoast_head":"<!-- This site is optimized with the Yoast SEO Premium plugin v27.4 (Yoast SEO v27.4) - https:\/\/yoast.com\/product\/yoast-seo-premium-wordpress\/ -->\n<title>Trafic de nationalit\u00e9 : Deux mandats de d\u00e9p\u00f4t \u00e9mis, un ancien consul lib\u00e9r\u00e9<\/title>\n<meta name=\"description\" content=\"Trafic de nationalit\u00e9 : Deux mandats de d\u00e9p\u00f4t \u00e9mis, un ancien consul lib\u00e9r\u00e9\" \/>\n<link rel=\"canonical\" href=\"https:\/\/www.webdo.tn\/fr\/actualite\/national\/tunisie-trafic-de-nationalite-deux-mandats-de-depot-emis-un-ancien-consul-libere\/134988\/\" \/>\n<meta property=\"og:locale\" content=\"fr_FR\" \/>\n<meta property=\"og:type\" content=\"article\" \/>\n<meta property=\"og:title\" content=\"Trafic de nationalit\u00e9 : Deux mandats de d\u00e9p\u00f4t \u00e9mis, un ancien consul lib\u00e9r\u00e9\" \/>\n<meta property=\"og:description\" content=\"Trafic de nationalit\u00e9 : Deux mandats de d\u00e9p\u00f4t \u00e9mis, un ancien consul lib\u00e9r\u00e9\" \/>\n<meta property=\"og:url\" content=\"https:\/\/www.webdo.tn\/fr\/actualite\/national\/tunisie-trafic-de-nationalite-deux-mandats-de-depot-emis-un-ancien-consul-libere\/134988\/\" \/>\n<meta property=\"og:site_name\" content=\"webdo\" \/>\n<meta property=\"article:publisher\" content=\"https:\/\/www.facebook.com\/webdotn\" \/>\n<meta property=\"article:published_time\" content=\"2021-11-24T09:19:00+00:00\" \/>\n<meta property=\"og:image\" content=\"https:\/\/www.webdo.tn\/fr\/wp-content\/uploads\/2021\/11\/passport-tn.jpg\" \/>\n\t<meta property=\"og:image:width\" content=\"680\" \/>\n\t<meta property=\"og:image:height\" content=\"408\" \/>\n\t<meta property=\"og:image:type\" content=\"image\/jpeg\" \/>\n<meta name=\"author\" content=\"webdo.tn\" \/>\n<meta name=\"twitter:card\" content=\"summary_large_image\" \/>\n<meta name=\"twitter:creator\" content=\"@webdo_tn\" \/>\n<meta name=\"twitter:site\" content=\"@webdo_tn\" \/>\n<meta name=\"twitter:label1\" content=\"\u00c9crit par\" \/>\n\t<meta name=\"twitter:data1\" content=\"webdo.tn\" \/>\n\t<meta name=\"twitter:label2\" content=\"Dur\u00e9e de lecture estim\u00e9e\" \/>\n\t<meta name=\"twitter:data2\" content=\"2 minutes\" \/>\n<script type=\"application\/ld+json\" class=\"yoast-schema-graph\">{\"@context\":\"https:\\\/\\\/schema.org\",\"@graph\":[{\"@type\":\"NewsArticle\",\"@id\":\"https:\\\/\\\/www.webdo.tn\\\/fr\\\/actualite\\\/national\\\/tunisie-trafic-de-nationalite-deux-mandats-de-depot-emis-un-ancien-consul-libere\\\/134988\\\/#article\",\"isPartOf\":{\"@id\":\"https:\\\/\\\/www.webdo.tn\\\/fr\\\/actualite\\\/national\\\/tunisie-trafic-de-nationalite-deux-mandats-de-depot-emis-un-ancien-consul-libere\\\/134988\\\/\"},\"author\":{\"name\":\"webdo.tn\",\"@id\":\"https:\\\/\\\/www.webdo.tn\\\/fr\\\/#\\\/schema\\\/person\\\/9a9c6118d687c117df8ef3cc36a4d175\"},\"headline\":\"Trafic de nationalit\u00e9 : Deux mandats de d\u00e9p\u00f4t \u00e9mis, un ancien consul lib\u00e9r\u00e9\",\"datePublished\":\"2021-11-24T09:19:00+00:00\",\"mainEntityOfPage\":{\"@id\":\"https:\\\/\\\/www.webdo.tn\\\/fr\\\/actualite\\\/national\\\/tunisie-trafic-de-nationalite-deux-mandats-de-depot-emis-un-ancien-consul-libere\\\/134988\\\/\"},\"wordCount\":417,\"commentCount\":0,\"publisher\":{\"@id\":\"https:\\\/\\\/www.webdo.tn\\\/fr\\\/#organization\"},\"image\":{\"@id\":\"https:\\\/\\\/www.webdo.tn\\\/fr\\\/actualite\\\/national\\\/tunisie-trafic-de-nationalite-deux-mandats-de-depot-emis-un-ancien-consul-libere\\\/134988\\\/#primaryimage\"},\"thumbnailUrl\":\"https:\\\/\\\/www.webdo.tn\\\/fr\\\/wp-content\\\/uploads\\\/2021\\\/11\\\/passport-tn.jpg\",\"articleSection\":[\"National\"],\"inLanguage\":\"fr-FR\"},{\"@type\":\"WebPage\",\"@id\":\"https:\\\/\\\/www.webdo.tn\\\/fr\\\/actualite\\\/national\\\/tunisie-trafic-de-nationalite-deux-mandats-de-depot-emis-un-ancien-consul-libere\\\/134988\\\/\",\"url\":\"https:\\\/\\\/www.webdo.tn\\\/fr\\\/actualite\\\/national\\\/tunisie-trafic-de-nationalite-deux-mandats-de-depot-emis-un-ancien-consul-libere\\\/134988\\\/\",\"name\":\"Trafic de nationalit\u00e9 : Deux mandats de d\u00e9p\u00f4t \u00e9mis, un ancien consul lib\u00e9r\u00e9\",\"isPartOf\":{\"@id\":\"https:\\\/\\\/www.webdo.tn\\\/fr\\\/#website\"},\"primaryImageOfPage\":{\"@id\":\"https:\\\/\\\/www.webdo.tn\\\/fr\\\/actualite\\\/national\\\/tunisie-trafic-de-nationalite-deux-mandats-de-depot-emis-un-ancien-consul-libere\\\/134988\\\/#primaryimage\"},\"image\":{\"@id\":\"https:\\\/\\\/www.webdo.tn\\\/fr\\\/actualite\\\/national\\\/tunisie-trafic-de-nationalite-deux-mandats-de-depot-emis-un-ancien-consul-libere\\\/134988\\\/#primaryimage\"},\"thumbnailUrl\":\"https:\\\/\\\/www.webdo.tn\\\/fr\\\/wp-content\\\/uploads\\\/2021\\\/11\\\/passport-tn.jpg\",\"datePublished\":\"2021-11-24T09:19:00+00:00\",\"description\":\"Trafic de nationalit\u00e9 : Deux mandats de d\u00e9p\u00f4t \u00e9mis, un ancien consul lib\u00e9r\u00e9\",\"breadcrumb\":{\"@id\":\"https:\\\/\\\/www.webdo.tn\\\/fr\\\/actualite\\\/national\\\/tunisie-trafic-de-nationalite-deux-mandats-de-depot-emis-un-ancien-consul-libere\\\/134988\\\/#breadcrumb\"},\"inLanguage\":\"fr-FR\",\"potentialAction\":[{\"@type\":\"ReadAction\",\"target\":[\"https:\\\/\\\/www.webdo.tn\\\/fr\\\/actualite\\\/national\\\/tunisie-trafic-de-nationalite-deux-mandats-de-depot-emis-un-ancien-consul-libere\\\/134988\\\/\"]}]},{\"@type\":\"ImageObject\",\"inLanguage\":\"fr-FR\",\"@id\":\"https:\\\/\\\/www.webdo.tn\\\/fr\\\/actualite\\\/national\\\/tunisie-trafic-de-nationalite-deux-mandats-de-depot-emis-un-ancien-consul-libere\\\/134988\\\/#primaryimage\",\"url\":\"https:\\\/\\\/www.webdo.tn\\\/fr\\\/wp-content\\\/uploads\\\/2021\\\/11\\\/passport-tn.jpg\",\"contentUrl\":\"https:\\\/\\\/www.webdo.tn\\\/fr\\\/wp-content\\\/uploads\\\/2021\\\/11\\\/passport-tn.jpg\",\"width\":680,\"height\":408,\"caption\":\"Trafic de nationalit\u00e9 : Deux mandats de d\u00e9p\u00f4t \u00e9mis, un ancien consul lib\u00e9r\u00e9\"},{\"@type\":\"BreadcrumbList\",\"@id\":\"https:\\\/\\\/www.webdo.tn\\\/fr\\\/actualite\\\/national\\\/tunisie-trafic-de-nationalite-deux-mandats-de-depot-emis-un-ancien-consul-libere\\\/134988\\\/#breadcrumb\",\"itemListElement\":[{\"@type\":\"ListItem\",\"position\":1,\"name\":\"Accueil\",\"item\":\"https:\\\/\\\/www.webdo.tn\\\/fr\\\/\"},{\"@type\":\"ListItem\",\"position\":2,\"name\":\"Trafic de nationalit\u00e9 : Deux mandats de d\u00e9p\u00f4t \u00e9mis, un ancien consul lib\u00e9r\u00e9\"}]},{\"@type\":\"WebSite\",\"@id\":\"https:\\\/\\\/www.webdo.tn\\\/fr\\\/#website\",\"url\":\"https:\\\/\\\/www.webdo.tn\\\/fr\\\/\",\"name\":\"webdo\",\"description\":\"Tunisie - News en Tunisie et \u00e0 l&#039;international sur Webdo.tn\",\"publisher\":{\"@id\":\"https:\\\/\\\/www.webdo.tn\\\/fr\\\/#organization\"},\"potentialAction\":[{\"@type\":\"SearchAction\",\"target\":{\"@type\":\"EntryPoint\",\"urlTemplate\":\"https:\\\/\\\/www.webdo.tn\\\/fr\\\/?s={search_term_string}\"},\"query-input\":{\"@type\":\"PropertyValueSpecification\",\"valueRequired\":true,\"valueName\":\"search_term_string\"}}],\"inLanguage\":\"fr-FR\"},{\"@type\":\"Organization\",\"@id\":\"https:\\\/\\\/www.webdo.tn\\\/fr\\\/#organization\",\"name\":\"Webdo\",\"alternateName\":\"Webdo.tn\",\"url\":\"https:\\\/\\\/www.webdo.tn\\\/fr\\\/\",\"logo\":{\"@type\":\"ImageObject\",\"inLanguage\":\"fr-FR\",\"@id\":\"https:\\\/\\\/www.webdo.tn\\\/fr\\\/#\\\/schema\\\/logo\\\/image\\\/\",\"url\":\"https:\\\/\\\/www.webdo.tn\\\/fr\\\/wp-content\\\/uploads\\\/2025\\\/06\\\/Webdo-Tunisie_168377.jpg\",\"contentUrl\":\"https:\\\/\\\/www.webdo.tn\\\/fr\\\/wp-content\\\/uploads\\\/2025\\\/06\\\/Webdo-Tunisie_168377.jpg\",\"width\":301,\"height\":301,\"caption\":\"Webdo\"},\"image\":{\"@id\":\"https:\\\/\\\/www.webdo.tn\\\/fr\\\/#\\\/schema\\\/logo\\\/image\\\/\"},\"sameAs\":[\"https:\\\/\\\/www.facebook.com\\\/webdotn\",\"https:\\\/\\\/x.com\\\/webdo_tn\"],\"description\":\"Webdo est un m\u00e9dia num\u00e9rique tunisien fond\u00e9 en 2010, sp\u00e9cialis\u00e9 dans l\u2019actualit\u00e9 nationale et internationale, l\u2019\u00e9conomie, la soci\u00e9t\u00e9 et les analyses politiques. Le site s\u2019adresse \u00e0 un large public francophone et couvre l\u2019information tunisienne en temps r\u00e9el.\",\"email\":\"redac@webdo.tn\",\"legalName\":\"YNJ SARL\",\"foundingDate\":\"2010-09-06\",\"numberOfEmployees\":{\"@type\":\"QuantitativeValue\",\"minValue\":\"11\",\"maxValue\":\"50\"}},{\"@type\":\"Person\",\"@id\":\"https:\\\/\\\/www.webdo.tn\\\/fr\\\/#\\\/schema\\\/person\\\/9a9c6118d687c117df8ef3cc36a4d175\",\"name\":\"webdo.tn\",\"image\":{\"@type\":\"ImageObject\",\"inLanguage\":\"fr-FR\",\"@id\":\"https:\\\/\\\/secure.gravatar.com\\\/avatar\\\/7ce1f28c0c3bbac99ff550b85ef8e44a6950c6ee24514fb6a5489e51d06f0298?s=96&d=mm&r=g\",\"url\":\"https:\\\/\\\/secure.gravatar.com\\\/avatar\\\/7ce1f28c0c3bbac99ff550b85ef8e44a6950c6ee24514fb6a5489e51d06f0298?s=96&d=mm&r=g\",\"contentUrl\":\"https:\\\/\\\/secure.gravatar.com\\\/avatar\\\/7ce1f28c0c3bbac99ff550b85ef8e44a6950c6ee24514fb6a5489e51d06f0298?s=96&d=mm&r=g\",\"caption\":\"webdo.tn\"},\"url\":\"https:\\\/\\\/www.webdo.tn\\\/fr\\\/actualite\\\/author\\\/webdotn\\\/\"}]}<\/script>\n<!-- \/ Yoast SEO Premium plugin. -->","yoast_head_json":{"title":"Trafic de nationalit\u00e9 : Deux mandats de d\u00e9p\u00f4t \u00e9mis, un ancien consul lib\u00e9r\u00e9","description":"Trafic de nationalit\u00e9 : Deux mandats de d\u00e9p\u00f4t \u00e9mis, un ancien consul lib\u00e9r\u00e9","canonical":"https:\/\/www.webdo.tn\/fr\/actualite\/national\/tunisie-trafic-de-nationalite-deux-mandats-de-depot-emis-un-ancien-consul-libere\/134988\/","og_locale":"fr_FR","og_type":"article","og_title":"Trafic de nationalit\u00e9 : Deux mandats de d\u00e9p\u00f4t \u00e9mis, un ancien consul lib\u00e9r\u00e9","og_description":"Trafic de nationalit\u00e9 : Deux mandats de d\u00e9p\u00f4t \u00e9mis, un ancien consul lib\u00e9r\u00e9","og_url":"https:\/\/www.webdo.tn\/fr\/actualite\/national\/tunisie-trafic-de-nationalite-deux-mandats-de-depot-emis-un-ancien-consul-libere\/134988\/","og_site_name":"webdo","article_publisher":"https:\/\/www.facebook.com\/webdotn","article_published_time":"2021-11-24T09:19:00+00:00","og_image":[{"width":680,"height":408,"url":"https:\/\/www.webdo.tn\/fr\/wp-content\/uploads\/2021\/11\/passport-tn.jpg","type":"image\/jpeg"}],"author":"webdo.tn","twitter_card":"summary_large_image","twitter_creator":"@webdo_tn","twitter_site":"@webdo_tn","twitter_misc":{"\u00c9crit par":"webdo.tn","Dur\u00e9e de lecture estim\u00e9e":"2 minutes"},"schema":{"@context":"https:\/\/schema.org","@graph":[{"@type":"NewsArticle","@id":"https:\/\/www.webdo.tn\/fr\/actualite\/national\/tunisie-trafic-de-nationalite-deux-mandats-de-depot-emis-un-ancien-consul-libere\/134988\/#article","isPartOf":{"@id":"https:\/\/www.webdo.tn\/fr\/actualite\/national\/tunisie-trafic-de-nationalite-deux-mandats-de-depot-emis-un-ancien-consul-libere\/134988\/"},"author":{"name":"webdo.tn","@id":"https:\/\/www.webdo.tn\/fr\/#\/schema\/person\/9a9c6118d687c117df8ef3cc36a4d175"},"headline":"Trafic de nationalit\u00e9 : Deux mandats de d\u00e9p\u00f4t \u00e9mis, un ancien consul lib\u00e9r\u00e9","datePublished":"2021-11-24T09:19:00+00:00","mainEntityOfPage":{"@id":"https:\/\/www.webdo.tn\/fr\/actualite\/national\/tunisie-trafic-de-nationalite-deux-mandats-de-depot-emis-un-ancien-consul-libere\/134988\/"},"wordCount":417,"commentCount":0,"publisher":{"@id":"https:\/\/www.webdo.tn\/fr\/#organization"},"image":{"@id":"https:\/\/www.webdo.tn\/fr\/actualite\/national\/tunisie-trafic-de-nationalite-deux-mandats-de-depot-emis-un-ancien-consul-libere\/134988\/#primaryimage"},"thumbnailUrl":"https:\/\/www.webdo.tn\/fr\/wp-content\/uploads\/2021\/11\/passport-tn.jpg","articleSection":["National"],"inLanguage":"fr-FR"},{"@type":"WebPage","@id":"https:\/\/www.webdo.tn\/fr\/actualite\/national\/tunisie-trafic-de-nationalite-deux-mandats-de-depot-emis-un-ancien-consul-libere\/134988\/","url":"https:\/\/www.webdo.tn\/fr\/actualite\/national\/tunisie-trafic-de-nationalite-deux-mandats-de-depot-emis-un-ancien-consul-libere\/134988\/","name":"Trafic de nationalit\u00e9 : Deux mandats de d\u00e9p\u00f4t \u00e9mis, un ancien consul lib\u00e9r\u00e9","isPartOf":{"@id":"https:\/\/www.webdo.tn\/fr\/#website"},"primaryImageOfPage":{"@id":"https:\/\/www.webdo.tn\/fr\/actualite\/national\/tunisie-trafic-de-nationalite-deux-mandats-de-depot-emis-un-ancien-consul-libere\/134988\/#primaryimage"},"image":{"@id":"https:\/\/www.webdo.tn\/fr\/actualite\/national\/tunisie-trafic-de-nationalite-deux-mandats-de-depot-emis-un-ancien-consul-libere\/134988\/#primaryimage"},"thumbnailUrl":"https:\/\/www.webdo.tn\/fr\/wp-content\/uploads\/2021\/11\/passport-tn.jpg","datePublished":"2021-11-24T09:19:00+00:00","description":"Trafic de nationalit\u00e9 : Deux mandats de d\u00e9p\u00f4t \u00e9mis, un ancien consul lib\u00e9r\u00e9","breadcrumb":{"@id":"https:\/\/www.webdo.tn\/fr\/actualite\/national\/tunisie-trafic-de-nationalite-deux-mandats-de-depot-emis-un-ancien-consul-libere\/134988\/#breadcrumb"},"inLanguage":"fr-FR","potentialAction":[{"@type":"ReadAction","target":["https:\/\/www.webdo.tn\/fr\/actualite\/national\/tunisie-trafic-de-nationalite-deux-mandats-de-depot-emis-un-ancien-consul-libere\/134988\/"]}]},{"@type":"ImageObject","inLanguage":"fr-FR","@id":"https:\/\/www.webdo.tn\/fr\/actualite\/national\/tunisie-trafic-de-nationalite-deux-mandats-de-depot-emis-un-ancien-consul-libere\/134988\/#primaryimage","url":"https:\/\/www.webdo.tn\/fr\/wp-content\/uploads\/2021\/11\/passport-tn.jpg","contentUrl":"https:\/\/www.webdo.tn\/fr\/wp-content\/uploads\/2021\/11\/passport-tn.jpg","width":680,"height":408,"caption":"Trafic de nationalit\u00e9 : Deux mandats de d\u00e9p\u00f4t \u00e9mis, un ancien consul lib\u00e9r\u00e9"},{"@type":"BreadcrumbList","@id":"https:\/\/www.webdo.tn\/fr\/actualite\/national\/tunisie-trafic-de-nationalite-deux-mandats-de-depot-emis-un-ancien-consul-libere\/134988\/#breadcrumb","itemListElement":[{"@type":"ListItem","position":1,"name":"Accueil","item":"https:\/\/www.webdo.tn\/fr\/"},{"@type":"ListItem","position":2,"name":"Trafic de nationalit\u00e9 : Deux mandats de d\u00e9p\u00f4t \u00e9mis, un ancien consul lib\u00e9r\u00e9"}]},{"@type":"WebSite","@id":"https:\/\/www.webdo.tn\/fr\/#website","url":"https:\/\/www.webdo.tn\/fr\/","name":"webdo","description":"Tunisie - News en Tunisie et \u00e0 l&#039;international sur Webdo.tn","publisher":{"@id":"https:\/\/www.webdo.tn\/fr\/#organization"},"potentialAction":[{"@type":"SearchAction","target":{"@type":"EntryPoint","urlTemplate":"https:\/\/www.webdo.tn\/fr\/?s={search_term_string}"},"query-input":{"@type":"PropertyValueSpecification","valueRequired":true,"valueName":"search_term_string"}}],"inLanguage":"fr-FR"},{"@type":"Organization","@id":"https:\/\/www.webdo.tn\/fr\/#organization","name":"Webdo","alternateName":"Webdo.tn","url":"https:\/\/www.webdo.tn\/fr\/","logo":{"@type":"ImageObject","inLanguage":"fr-FR","@id":"https:\/\/www.webdo.tn\/fr\/#\/schema\/logo\/image\/","url":"https:\/\/www.webdo.tn\/fr\/wp-content\/uploads\/2025\/06\/Webdo-Tunisie_168377.jpg","contentUrl":"https:\/\/www.webdo.tn\/fr\/wp-content\/uploads\/2025\/06\/Webdo-Tunisie_168377.jpg","width":301,"height":301,"caption":"Webdo"},"image":{"@id":"https:\/\/www.webdo.tn\/fr\/#\/schema\/logo\/image\/"},"sameAs":["https:\/\/www.facebook.com\/webdotn","https:\/\/x.com\/webdo_tn"],"description":"Webdo est un m\u00e9dia num\u00e9rique tunisien fond\u00e9 en 2010, sp\u00e9cialis\u00e9 dans l\u2019actualit\u00e9 nationale et internationale, l\u2019\u00e9conomie, la soci\u00e9t\u00e9 et les analyses politiques. Le site s\u2019adresse \u00e0 un large public francophone et couvre l\u2019information tunisienne en temps r\u00e9el.","email":"redac@webdo.tn","legalName":"YNJ SARL","foundingDate":"2010-09-06","numberOfEmployees":{"@type":"QuantitativeValue","minValue":"11","maxValue":"50"}},{"@type":"Person","@id":"https:\/\/www.webdo.tn\/fr\/#\/schema\/person\/9a9c6118d687c117df8ef3cc36a4d175","name":"webdo.tn","image":{"@type":"ImageObject","inLanguage":"fr-FR","@id":"https:\/\/secure.gravatar.com\/avatar\/7ce1f28c0c3bbac99ff550b85ef8e44a6950c6ee24514fb6a5489e51d06f0298?s=96&d=mm&r=g","url":"https:\/\/secure.gravatar.com\/avatar\/7ce1f28c0c3bbac99ff550b85ef8e44a6950c6ee24514fb6a5489e51d06f0298?s=96&d=mm&r=g","contentUrl":"https:\/\/secure.gravatar.com\/avatar\/7ce1f28c0c3bbac99ff550b85ef8e44a6950c6ee24514fb6a5489e51d06f0298?s=96&d=mm&r=g","caption":"webdo.tn"},"url":"https:\/\/www.webdo.tn\/fr\/actualite\/author\/webdotn\/"}]}},"_links":{"self":[{"href":"https:\/\/www.webdo.tn\/fr\/wp-json\/wp\/v2\/posts\/134988","targetHints":{"allow":["GET"]}}],"collection":[{"href":"https:\/\/www.webdo.tn\/fr\/wp-json\/wp\/v2\/posts"}],"about":[{"href":"https:\/\/www.webdo.tn\/fr\/wp-json\/wp\/v2\/types\/post"}],"author":[{"embeddable":true,"href":"https:\/\/www.webdo.tn\/fr\/wp-json\/wp\/v2\/users\/3222"}],"replies":[{"embeddable":true,"href":"https:\/\/www.webdo.tn\/fr\/wp-json\/wp\/v2\/comments?post=134988"}],"version-history":[{"count":0,"href":"https:\/\/www.webdo.tn\/fr\/wp-json\/wp\/v2\/posts\/134988\/revisions"}],"wp:featuredmedia":[{"embeddable":true,"href":"https:\/\/www.webdo.tn\/fr\/wp-json\/wp\/v2\/media\/279902"}],"wp:attachment":[{"href":"https:\/\/www.webdo.tn\/fr\/wp-json\/wp\/v2\/media?parent=134988"}],"wp:term":[{"taxonomy":"category","embeddable":true,"href":"https:\/\/www.webdo.tn\/fr\/wp-json\/wp\/v2\/categories?post=134988"},{"taxonomy":"post_tag","embeddable":true,"href":"https:\/\/www.webdo.tn\/fr\/wp-json\/wp\/v2\/tags?post=134988"}],"curies":[{"name":"wp","href":"https:\/\/api.w.org\/{rel}","templated":true}]}}