{"id":134573,"date":"2021-12-22T13:29:00","date_gmt":"2021-12-22T13:29:00","guid":{"rendered":"https:\/\/www.webdo.tn\/fr\/blog\/une-grosse-tete-de-la-mafia-italienne-arretee-a-tunis\/134573\/"},"modified":"2025-05-14T11:24:51","modified_gmt":"2025-05-14T11:24:51","slug":"une-grosse-tete-de-la-mafia-italienne-arretee-a-tunis","status":"publish","type":"post","link":"https:\/\/www.webdo.tn\/fr\/actualite\/national\/une-grosse-tete-de-la-mafia-italienne-arretee-a-tunis\/134573\/","title":{"rendered":"Une grosse t\u00eate de la mafia italienne arr\u00eat\u00e9e \u00e0 Tunis"},"content":{"rendered":"<p>Un membre de la mafia italienne hautement recherch\u00e9 dans son pays, a \u00e9t\u00e9 arr\u00eat\u00e9 r\u00e9cemment \u00e0 Tunis par une brigade antiterroriste.<\/p>\n<p>Selon Mosa\u00efque FM, plusieurs mandats de recherche ont \u00e9t\u00e9 \u00e9mis \u00e0 son encontre par l\u2019Interpol depuis sa fuite en Tunisie en 2011.<\/p>\n<p>Il serait impliqu\u00e9 dans de grandes op\u00e9rations de trafic de drogues, mais aussi de vol \u00e0 main arm\u00e9e.<\/p>\n<p>Toujours selon la m\u00eame source, la personne en question s\u2019est introduite ill\u00e9galement en Tunisie en 2011 et aurait conduit des op\u00e9rations dans son pays depuis la Tunisie.<\/p>\n<p>Il a \u00e9t\u00e9 arr\u00eat\u00e9 dans une maison dans l\u2019une des banlieues de Tunis, certaines informations affirment m\u00eame que des forces sp\u00e9ciales italiennes auraient contribu\u00e9 \u00e0 son arrestation.<\/p>\n","protected":false},"excerpt":{"rendered":"<p>Une grosse t\u00eate de la mafia italienne arr\u00eat\u00e9e \u00e0 Tunis<\/p>\n","protected":false},"author":3222,"featured_media":256901,"comment_status":"open","ping_status":"closed","sticky":false,"template":"","format":"standard","meta":{"footnotes":""},"categories":[44],"tags":[],"class_list":["post-134573","post","type-post","status-publish","format-standard","has-post-thumbnail","hentry","category-national"],"yoast_head":"<!-- This site is optimized with the Yoast SEO Premium plugin v27.5 (Yoast SEO v27.5) - https:\/\/yoast.com\/product\/yoast-seo-premium-wordpress\/ -->\n<title>Une grosse t\u00eate de la mafia italienne arr\u00eat\u00e9e \u00e0 Tunis<\/title>\n<meta name=\"description\" content=\"Une grosse t\u00eate de la mafia italienne arr\u00eat\u00e9e \u00e0 Tunis\" \/>\n<link rel=\"canonical\" href=\"https:\/\/www.webdo.tn\/fr\/actualite\/national\/une-grosse-tete-de-la-mafia-italienne-arretee-a-tunis\/134573\/\" \/>\n<meta property=\"og:locale\" content=\"fr_FR\" \/>\n<meta property=\"og:type\" content=\"article\" \/>\n<meta property=\"og:title\" content=\"Une grosse t\u00eate de la mafia italienne arr\u00eat\u00e9e \u00e0 Tunis\" \/>\n<meta property=\"og:description\" content=\"Une grosse t\u00eate de la mafia italienne arr\u00eat\u00e9e \u00e0 Tunis\" \/>\n<meta property=\"og:url\" content=\"https:\/\/www.webdo.tn\/fr\/actualite\/national\/une-grosse-tete-de-la-mafia-italienne-arretee-a-tunis\/134573\/\" \/>\n<meta property=\"og:site_name\" content=\"webdo\" \/>\n<meta property=\"article:publisher\" content=\"https:\/\/www.facebook.com\/webdotn\" \/>\n<meta property=\"article:published_time\" content=\"2021-12-22T13:29:00+00:00\" \/>\n<meta property=\"article:modified_time\" content=\"2025-05-14T11:24:51+00:00\" \/>\n<meta property=\"og:image\" content=\"https:\/\/www.webdo.tn\/fr\/wp-content\/uploads\/2021\/12\/arrestation-300x225-1.jpg\" \/>\n\t<meta property=\"og:image:width\" content=\"300\" \/>\n\t<meta property=\"og:image:height\" content=\"225\" \/>\n\t<meta property=\"og:image:type\" content=\"image\/jpeg\" \/>\n<meta name=\"author\" content=\"webdo.tn\" \/>\n<meta name=\"twitter:card\" content=\"summary_large_image\" \/>\n<meta name=\"twitter:creator\" content=\"@webdo_tn\" \/>\n<meta name=\"twitter:site\" content=\"@webdo_tn\" \/>\n<meta name=\"twitter:label1\" content=\"\u00c9crit par\" \/>\n\t<meta name=\"twitter:data1\" content=\"webdo.tn\" \/>\n\t<meta name=\"twitter:label2\" content=\"Dur\u00e9e de lecture estim\u00e9e\" \/>\n\t<meta name=\"twitter:data2\" content=\"1 minute\" \/>\n<script type=\"application\/ld+json\" class=\"yoast-schema-graph\">{\"@context\":\"https:\\\/\\\/schema.org\",\"@graph\":[{\"@type\":\"NewsArticle\",\"@id\":\"https:\\\/\\\/www.webdo.tn\\\/fr\\\/actualite\\\/national\\\/une-grosse-tete-de-la-mafia-italienne-arretee-a-tunis\\\/134573\\\/#article\",\"isPartOf\":{\"@id\":\"https:\\\/\\\/www.webdo.tn\\\/fr\\\/actualite\\\/national\\\/une-grosse-tete-de-la-mafia-italienne-arretee-a-tunis\\\/134573\\\/\"},\"author\":{\"name\":\"webdo.tn\",\"@id\":\"https:\\\/\\\/www.webdo.tn\\\/fr\\\/#\\\/schema\\\/person\\\/9a9c6118d687c117df8ef3cc36a4d175\"},\"headline\":\"Une grosse t\u00eate de la mafia italienne arr\u00eat\u00e9e \u00e0 Tunis\",\"datePublished\":\"2021-12-22T13:29:00+00:00\",\"dateModified\":\"2025-05-14T11:24:51+00:00\",\"mainEntityOfPage\":{\"@id\":\"https:\\\/\\\/www.webdo.tn\\\/fr\\\/actualite\\\/national\\\/une-grosse-tete-de-la-mafia-italienne-arretee-a-tunis\\\/134573\\\/\"},\"wordCount\":135,\"commentCount\":0,\"publisher\":{\"@id\":\"https:\\\/\\\/www.webdo.tn\\\/fr\\\/#organization\"},\"image\":{\"@id\":\"https:\\\/\\\/www.webdo.tn\\\/fr\\\/actualite\\\/national\\\/une-grosse-tete-de-la-mafia-italienne-arretee-a-tunis\\\/134573\\\/#primaryimage\"},\"thumbnailUrl\":\"https:\\\/\\\/www.webdo.tn\\\/fr\\\/wp-content\\\/uploads\\\/2021\\\/12\\\/arrestation-300x225-1.jpg\",\"articleSection\":[\"National\"],\"inLanguage\":\"fr-FR\"},{\"@type\":\"WebPage\",\"@id\":\"https:\\\/\\\/www.webdo.tn\\\/fr\\\/actualite\\\/national\\\/une-grosse-tete-de-la-mafia-italienne-arretee-a-tunis\\\/134573\\\/\",\"url\":\"https:\\\/\\\/www.webdo.tn\\\/fr\\\/actualite\\\/national\\\/une-grosse-tete-de-la-mafia-italienne-arretee-a-tunis\\\/134573\\\/\",\"name\":\"Une grosse t\u00eate de la mafia italienne arr\u00eat\u00e9e \u00e0 Tunis\",\"isPartOf\":{\"@id\":\"https:\\\/\\\/www.webdo.tn\\\/fr\\\/#website\"},\"primaryImageOfPage\":{\"@id\":\"https:\\\/\\\/www.webdo.tn\\\/fr\\\/actualite\\\/national\\\/une-grosse-tete-de-la-mafia-italienne-arretee-a-tunis\\\/134573\\\/#primaryimage\"},\"image\":{\"@id\":\"https:\\\/\\\/www.webdo.tn\\\/fr\\\/actualite\\\/national\\\/une-grosse-tete-de-la-mafia-italienne-arretee-a-tunis\\\/134573\\\/#primaryimage\"},\"thumbnailUrl\":\"https:\\\/\\\/www.webdo.tn\\\/fr\\\/wp-content\\\/uploads\\\/2021\\\/12\\\/arrestation-300x225-1.jpg\",\"datePublished\":\"2021-12-22T13:29:00+00:00\",\"dateModified\":\"2025-05-14T11:24:51+00:00\",\"description\":\"Une grosse t\u00eate de la mafia italienne arr\u00eat\u00e9e \u00e0 Tunis\",\"breadcrumb\":{\"@id\":\"https:\\\/\\\/www.webdo.tn\\\/fr\\\/actualite\\\/national\\\/une-grosse-tete-de-la-mafia-italienne-arretee-a-tunis\\\/134573\\\/#breadcrumb\"},\"inLanguage\":\"fr-FR\",\"potentialAction\":[{\"@type\":\"ReadAction\",\"target\":[\"https:\\\/\\\/www.webdo.tn\\\/fr\\\/actualite\\\/national\\\/une-grosse-tete-de-la-mafia-italienne-arretee-a-tunis\\\/134573\\\/\"]}]},{\"@type\":\"ImageObject\",\"inLanguage\":\"fr-FR\",\"@id\":\"https:\\\/\\\/www.webdo.tn\\\/fr\\\/actualite\\\/national\\\/une-grosse-tete-de-la-mafia-italienne-arretee-a-tunis\\\/134573\\\/#primaryimage\",\"url\":\"https:\\\/\\\/www.webdo.tn\\\/fr\\\/wp-content\\\/uploads\\\/2021\\\/12\\\/arrestation-300x225-1.jpg\",\"contentUrl\":\"https:\\\/\\\/www.webdo.tn\\\/fr\\\/wp-content\\\/uploads\\\/2021\\\/12\\\/arrestation-300x225-1.jpg\",\"width\":300,\"height\":225,\"caption\":\"Une grosse t\u00eate de la mafia italienne arr\u00eat\u00e9e \u00e0 Tunis\"},{\"@type\":\"BreadcrumbList\",\"@id\":\"https:\\\/\\\/www.webdo.tn\\\/fr\\\/actualite\\\/national\\\/une-grosse-tete-de-la-mafia-italienne-arretee-a-tunis\\\/134573\\\/#breadcrumb\",\"itemListElement\":[{\"@type\":\"ListItem\",\"position\":1,\"name\":\"Accueil\",\"item\":\"https:\\\/\\\/www.webdo.tn\\\/fr\\\/\"},{\"@type\":\"ListItem\",\"position\":2,\"name\":\"Une grosse t\u00eate de la mafia italienne arr\u00eat\u00e9e \u00e0 Tunis\"}]},{\"@type\":\"WebSite\",\"@id\":\"https:\\\/\\\/www.webdo.tn\\\/fr\\\/#website\",\"url\":\"https:\\\/\\\/www.webdo.tn\\\/fr\\\/\",\"name\":\"webdo\",\"description\":\"Tunisie - News en Tunisie et \u00e0 l&#039;international sur Webdo.tn\",\"publisher\":{\"@id\":\"https:\\\/\\\/www.webdo.tn\\\/fr\\\/#organization\"},\"potentialAction\":[{\"@type\":\"SearchAction\",\"target\":{\"@type\":\"EntryPoint\",\"urlTemplate\":\"https:\\\/\\\/www.webdo.tn\\\/fr\\\/?s={search_term_string}\"},\"query-input\":{\"@type\":\"PropertyValueSpecification\",\"valueRequired\":true,\"valueName\":\"search_term_string\"}}],\"inLanguage\":\"fr-FR\"},{\"@type\":\"Organization\",\"@id\":\"https:\\\/\\\/www.webdo.tn\\\/fr\\\/#organization\",\"name\":\"Webdo\",\"alternateName\":\"Webdo.tn\",\"url\":\"https:\\\/\\\/www.webdo.tn\\\/fr\\\/\",\"logo\":{\"@type\":\"ImageObject\",\"inLanguage\":\"fr-FR\",\"@id\":\"https:\\\/\\\/www.webdo.tn\\\/fr\\\/#\\\/schema\\\/logo\\\/image\\\/\",\"url\":\"https:\\\/\\\/www.webdo.tn\\\/fr\\\/wp-content\\\/uploads\\\/2025\\\/06\\\/Webdo-Tunisie_168377.jpg\",\"contentUrl\":\"https:\\\/\\\/www.webdo.tn\\\/fr\\\/wp-content\\\/uploads\\\/2025\\\/06\\\/Webdo-Tunisie_168377.jpg\",\"width\":301,\"height\":301,\"caption\":\"Webdo\"},\"image\":{\"@id\":\"https:\\\/\\\/www.webdo.tn\\\/fr\\\/#\\\/schema\\\/logo\\\/image\\\/\"},\"sameAs\":[\"https:\\\/\\\/www.facebook.com\\\/webdotn\",\"https:\\\/\\\/x.com\\\/webdo_tn\"],\"description\":\"Webdo est un m\u00e9dia num\u00e9rique tunisien fond\u00e9 en 2010, sp\u00e9cialis\u00e9 dans l\u2019actualit\u00e9 nationale et internationale, l\u2019\u00e9conomie, la soci\u00e9t\u00e9 et les analyses politiques. Le site s\u2019adresse \u00e0 un large public francophone et couvre l\u2019information tunisienne en temps r\u00e9el.\",\"email\":\"redac@webdo.tn\",\"legalName\":\"YNJ SARL\",\"foundingDate\":\"2010-09-06\",\"numberOfEmployees\":{\"@type\":\"QuantitativeValue\",\"minValue\":\"11\",\"maxValue\":\"50\"}},{\"@type\":\"Person\",\"@id\":\"https:\\\/\\\/www.webdo.tn\\\/fr\\\/#\\\/schema\\\/person\\\/9a9c6118d687c117df8ef3cc36a4d175\",\"name\":\"webdo.tn\",\"image\":{\"@type\":\"ImageObject\",\"inLanguage\":\"fr-FR\",\"@id\":\"https:\\\/\\\/secure.gravatar.com\\\/avatar\\\/7ce1f28c0c3bbac99ff550b85ef8e44a6950c6ee24514fb6a5489e51d06f0298?s=96&d=mm&r=g\",\"url\":\"https:\\\/\\\/secure.gravatar.com\\\/avatar\\\/7ce1f28c0c3bbac99ff550b85ef8e44a6950c6ee24514fb6a5489e51d06f0298?s=96&d=mm&r=g\",\"contentUrl\":\"https:\\\/\\\/secure.gravatar.com\\\/avatar\\\/7ce1f28c0c3bbac99ff550b85ef8e44a6950c6ee24514fb6a5489e51d06f0298?s=96&d=mm&r=g\",\"caption\":\"webdo.tn\"},\"url\":\"https:\\\/\\\/www.webdo.tn\\\/fr\\\/actualite\\\/author\\\/webdotn\\\/\"}]}<\/script>\n<!-- \/ Yoast SEO Premium plugin. -->","yoast_head_json":{"title":"Une grosse t\u00eate de la mafia italienne arr\u00eat\u00e9e \u00e0 Tunis","description":"Une grosse t\u00eate de la mafia italienne arr\u00eat\u00e9e \u00e0 Tunis","canonical":"https:\/\/www.webdo.tn\/fr\/actualite\/national\/une-grosse-tete-de-la-mafia-italienne-arretee-a-tunis\/134573\/","og_locale":"fr_FR","og_type":"article","og_title":"Une grosse t\u00eate de la mafia italienne arr\u00eat\u00e9e \u00e0 Tunis","og_description":"Une grosse t\u00eate de la mafia italienne arr\u00eat\u00e9e \u00e0 Tunis","og_url":"https:\/\/www.webdo.tn\/fr\/actualite\/national\/une-grosse-tete-de-la-mafia-italienne-arretee-a-tunis\/134573\/","og_site_name":"webdo","article_publisher":"https:\/\/www.facebook.com\/webdotn","article_published_time":"2021-12-22T13:29:00+00:00","article_modified_time":"2025-05-14T11:24:51+00:00","og_image":[{"width":300,"height":225,"url":"https:\/\/www.webdo.tn\/fr\/wp-content\/uploads\/2021\/12\/arrestation-300x225-1.jpg","type":"image\/jpeg"}],"author":"webdo.tn","twitter_card":"summary_large_image","twitter_creator":"@webdo_tn","twitter_site":"@webdo_tn","twitter_misc":{"\u00c9crit par":"webdo.tn","Dur\u00e9e de lecture estim\u00e9e":"1 minute"},"schema":{"@context":"https:\/\/schema.org","@graph":[{"@type":"NewsArticle","@id":"https:\/\/www.webdo.tn\/fr\/actualite\/national\/une-grosse-tete-de-la-mafia-italienne-arretee-a-tunis\/134573\/#article","isPartOf":{"@id":"https:\/\/www.webdo.tn\/fr\/actualite\/national\/une-grosse-tete-de-la-mafia-italienne-arretee-a-tunis\/134573\/"},"author":{"name":"webdo.tn","@id":"https:\/\/www.webdo.tn\/fr\/#\/schema\/person\/9a9c6118d687c117df8ef3cc36a4d175"},"headline":"Une grosse t\u00eate de la mafia italienne arr\u00eat\u00e9e \u00e0 Tunis","datePublished":"2021-12-22T13:29:00+00:00","dateModified":"2025-05-14T11:24:51+00:00","mainEntityOfPage":{"@id":"https:\/\/www.webdo.tn\/fr\/actualite\/national\/une-grosse-tete-de-la-mafia-italienne-arretee-a-tunis\/134573\/"},"wordCount":135,"commentCount":0,"publisher":{"@id":"https:\/\/www.webdo.tn\/fr\/#organization"},"image":{"@id":"https:\/\/www.webdo.tn\/fr\/actualite\/national\/une-grosse-tete-de-la-mafia-italienne-arretee-a-tunis\/134573\/#primaryimage"},"thumbnailUrl":"https:\/\/www.webdo.tn\/fr\/wp-content\/uploads\/2021\/12\/arrestation-300x225-1.jpg","articleSection":["National"],"inLanguage":"fr-FR"},{"@type":"WebPage","@id":"https:\/\/www.webdo.tn\/fr\/actualite\/national\/une-grosse-tete-de-la-mafia-italienne-arretee-a-tunis\/134573\/","url":"https:\/\/www.webdo.tn\/fr\/actualite\/national\/une-grosse-tete-de-la-mafia-italienne-arretee-a-tunis\/134573\/","name":"Une grosse t\u00eate de la mafia italienne arr\u00eat\u00e9e \u00e0 Tunis","isPartOf":{"@id":"https:\/\/www.webdo.tn\/fr\/#website"},"primaryImageOfPage":{"@id":"https:\/\/www.webdo.tn\/fr\/actualite\/national\/une-grosse-tete-de-la-mafia-italienne-arretee-a-tunis\/134573\/#primaryimage"},"image":{"@id":"https:\/\/www.webdo.tn\/fr\/actualite\/national\/une-grosse-tete-de-la-mafia-italienne-arretee-a-tunis\/134573\/#primaryimage"},"thumbnailUrl":"https:\/\/www.webdo.tn\/fr\/wp-content\/uploads\/2021\/12\/arrestation-300x225-1.jpg","datePublished":"2021-12-22T13:29:00+00:00","dateModified":"2025-05-14T11:24:51+00:00","description":"Une grosse t\u00eate de la mafia italienne arr\u00eat\u00e9e \u00e0 Tunis","breadcrumb":{"@id":"https:\/\/www.webdo.tn\/fr\/actualite\/national\/une-grosse-tete-de-la-mafia-italienne-arretee-a-tunis\/134573\/#breadcrumb"},"inLanguage":"fr-FR","potentialAction":[{"@type":"ReadAction","target":["https:\/\/www.webdo.tn\/fr\/actualite\/national\/une-grosse-tete-de-la-mafia-italienne-arretee-a-tunis\/134573\/"]}]},{"@type":"ImageObject","inLanguage":"fr-FR","@id":"https:\/\/www.webdo.tn\/fr\/actualite\/national\/une-grosse-tete-de-la-mafia-italienne-arretee-a-tunis\/134573\/#primaryimage","url":"https:\/\/www.webdo.tn\/fr\/wp-content\/uploads\/2021\/12\/arrestation-300x225-1.jpg","contentUrl":"https:\/\/www.webdo.tn\/fr\/wp-content\/uploads\/2021\/12\/arrestation-300x225-1.jpg","width":300,"height":225,"caption":"Une grosse t\u00eate de la mafia italienne arr\u00eat\u00e9e \u00e0 Tunis"},{"@type":"BreadcrumbList","@id":"https:\/\/www.webdo.tn\/fr\/actualite\/national\/une-grosse-tete-de-la-mafia-italienne-arretee-a-tunis\/134573\/#breadcrumb","itemListElement":[{"@type":"ListItem","position":1,"name":"Accueil","item":"https:\/\/www.webdo.tn\/fr\/"},{"@type":"ListItem","position":2,"name":"Une grosse t\u00eate de la mafia italienne arr\u00eat\u00e9e \u00e0 Tunis"}]},{"@type":"WebSite","@id":"https:\/\/www.webdo.tn\/fr\/#website","url":"https:\/\/www.webdo.tn\/fr\/","name":"webdo","description":"Tunisie - News en Tunisie et \u00e0 l&#039;international sur Webdo.tn","publisher":{"@id":"https:\/\/www.webdo.tn\/fr\/#organization"},"potentialAction":[{"@type":"SearchAction","target":{"@type":"EntryPoint","urlTemplate":"https:\/\/www.webdo.tn\/fr\/?s={search_term_string}"},"query-input":{"@type":"PropertyValueSpecification","valueRequired":true,"valueName":"search_term_string"}}],"inLanguage":"fr-FR"},{"@type":"Organization","@id":"https:\/\/www.webdo.tn\/fr\/#organization","name":"Webdo","alternateName":"Webdo.tn","url":"https:\/\/www.webdo.tn\/fr\/","logo":{"@type":"ImageObject","inLanguage":"fr-FR","@id":"https:\/\/www.webdo.tn\/fr\/#\/schema\/logo\/image\/","url":"https:\/\/www.webdo.tn\/fr\/wp-content\/uploads\/2025\/06\/Webdo-Tunisie_168377.jpg","contentUrl":"https:\/\/www.webdo.tn\/fr\/wp-content\/uploads\/2025\/06\/Webdo-Tunisie_168377.jpg","width":301,"height":301,"caption":"Webdo"},"image":{"@id":"https:\/\/www.webdo.tn\/fr\/#\/schema\/logo\/image\/"},"sameAs":["https:\/\/www.facebook.com\/webdotn","https:\/\/x.com\/webdo_tn"],"description":"Webdo est un m\u00e9dia num\u00e9rique tunisien fond\u00e9 en 2010, sp\u00e9cialis\u00e9 dans l\u2019actualit\u00e9 nationale et internationale, l\u2019\u00e9conomie, la soci\u00e9t\u00e9 et les analyses politiques. Le site s\u2019adresse \u00e0 un large public francophone et couvre l\u2019information tunisienne en temps r\u00e9el.","email":"redac@webdo.tn","legalName":"YNJ SARL","foundingDate":"2010-09-06","numberOfEmployees":{"@type":"QuantitativeValue","minValue":"11","maxValue":"50"}},{"@type":"Person","@id":"https:\/\/www.webdo.tn\/fr\/#\/schema\/person\/9a9c6118d687c117df8ef3cc36a4d175","name":"webdo.tn","image":{"@type":"ImageObject","inLanguage":"fr-FR","@id":"https:\/\/secure.gravatar.com\/avatar\/7ce1f28c0c3bbac99ff550b85ef8e44a6950c6ee24514fb6a5489e51d06f0298?s=96&d=mm&r=g","url":"https:\/\/secure.gravatar.com\/avatar\/7ce1f28c0c3bbac99ff550b85ef8e44a6950c6ee24514fb6a5489e51d06f0298?s=96&d=mm&r=g","contentUrl":"https:\/\/secure.gravatar.com\/avatar\/7ce1f28c0c3bbac99ff550b85ef8e44a6950c6ee24514fb6a5489e51d06f0298?s=96&d=mm&r=g","caption":"webdo.tn"},"url":"https:\/\/www.webdo.tn\/fr\/actualite\/author\/webdotn\/"}]}},"_links":{"self":[{"href":"https:\/\/www.webdo.tn\/fr\/wp-json\/wp\/v2\/posts\/134573","targetHints":{"allow":["GET"]}}],"collection":[{"href":"https:\/\/www.webdo.tn\/fr\/wp-json\/wp\/v2\/posts"}],"about":[{"href":"https:\/\/www.webdo.tn\/fr\/wp-json\/wp\/v2\/types\/post"}],"author":[{"embeddable":true,"href":"https:\/\/www.webdo.tn\/fr\/wp-json\/wp\/v2\/users\/3222"}],"replies":[{"embeddable":true,"href":"https:\/\/www.webdo.tn\/fr\/wp-json\/wp\/v2\/comments?post=134573"}],"version-history":[{"count":0,"href":"https:\/\/www.webdo.tn\/fr\/wp-json\/wp\/v2\/posts\/134573\/revisions"}],"wp:featuredmedia":[{"embeddable":true,"href":"https:\/\/www.webdo.tn\/fr\/wp-json\/wp\/v2\/media\/256901"}],"wp:attachment":[{"href":"https:\/\/www.webdo.tn\/fr\/wp-json\/wp\/v2\/media?parent=134573"}],"wp:term":[{"taxonomy":"category","embeddable":true,"href":"https:\/\/www.webdo.tn\/fr\/wp-json\/wp\/v2\/categories?post=134573"},{"taxonomy":"post_tag","embeddable":true,"href":"https:\/\/www.webdo.tn\/fr\/wp-json\/wp\/v2\/tags?post=134573"}],"curies":[{"name":"wp","href":"https:\/\/api.w.org\/{rel}","templated":true}]}}