{"id":133654,"date":"2022-02-19T13:00:00","date_gmt":"2022-02-19T13:00:00","guid":{"rendered":"https:\/\/www.webdo.tn\/fr\/blog\/la-tunisie-prepare-sa-strategie-nationale-pour-lintelligence-artificielle\/133654\/"},"modified":"2025-05-16T22:11:55","modified_gmt":"2025-05-16T22:11:55","slug":"la-tunisie-prepare-sa-strategie-nationale-pour-lintelligence-artificielle","status":"publish","type":"post","link":"https:\/\/www.webdo.tn\/fr\/actualite\/national\/la-tunisie-prepare-sa-strategie-nationale-pour-lintelligence-artificielle\/133654\/","title":{"rendered":"La Tunisie pr\u00e9pare sa strat\u00e9gie nationale pour l&rsquo;intelligence artificielle"},"content":{"rendered":"<p>Les ministres des Technologies de la communication, Nizar Naji ; de l&rsquo;Industrie, de l&rsquo;Energie et des Mines, Nayla Nouiri ; de l&rsquo;Economie et de la Planification, Samir Saied ; et de l&rsquo;Enseignement sup\u00e9rieur et de la Recherche scientifique, Moncef Boukather, ont sign\u00e9 un m\u00e9morandum d&rsquo;entente sur la pr\u00e9paration de la strat\u00e9gie nationale pour l&rsquo;intelligence artificielle et son plan de mise en \u0153uvre.<\/p>\n<p>Le m\u00e9morandum vise \u00e0 d\u00e9finir les orientations g\u00e9n\u00e9rales de la strat\u00e9gie nationale de l&rsquo;intelligence artificielle et \u00e0 donner suite aux r\u00e9sultats de l&rsquo;\u00e9tude qui sera r\u00e9alis\u00e9e \u00e0 cet effet.<\/p>\n<p>Il d\u00e9finit \u00e9galement la priorit\u00e9 des domaines de son application et des projets avec le calendrier de r\u00e9alisation et les estimations financi\u00e8res r\u00e9sultant de leur mise en \u0153uvre.<\/p>\n<p>Le document sign\u00e9 s&rsquo;inscrit dans le cadre des visions f\u00e9d\u00e9ratrices et des m\u00e9canismes de coordination du travail conjoint entre les diff\u00e9rentes strat\u00e9gies sectorielles, ce qui contribuera \u00e0 atteindre l&rsquo;efficacit\u00e9 requise pour la r\u00e9alisation des projets connexes.<\/p>\n","protected":false},"excerpt":{"rendered":"<p>La Tunisie pr\u00e9pare sa strat\u00e9gie nationale pour l&rsquo;intelligence artificielle<\/p>\n","protected":false},"author":3222,"featured_media":275912,"comment_status":"open","ping_status":"closed","sticky":false,"template":"","format":"standard","meta":{"footnotes":""},"categories":[44],"tags":[],"class_list":["post-133654","post","type-post","status-publish","format-standard","has-post-thumbnail","hentry","category-national"],"yoast_head":"<!-- This site is optimized with the Yoast SEO Premium plugin v27.5 (Yoast SEO v27.5) - https:\/\/yoast.com\/product\/yoast-seo-premium-wordpress\/ -->\n<title>La Tunisie pr\u00e9pare sa strat\u00e9gie nationale pour l&#039;intelligence artificielle<\/title>\n<meta name=\"description\" content=\"La Tunisie pr\u00e9pare sa strat\u00e9gie nationale pour l&#039;intelligence artificielle\" \/>\n<link rel=\"canonical\" href=\"https:\/\/www.webdo.tn\/fr\/actualite\/national\/la-tunisie-prepare-sa-strategie-nationale-pour-lintelligence-artificielle\/133654\/\" \/>\n<meta property=\"og:locale\" content=\"fr_FR\" \/>\n<meta property=\"og:type\" content=\"article\" \/>\n<meta property=\"og:title\" content=\"La Tunisie pr\u00e9pare sa strat\u00e9gie nationale pour l&#039;intelligence artificielle\" \/>\n<meta property=\"og:description\" content=\"La Tunisie pr\u00e9pare sa strat\u00e9gie nationale pour l&#039;intelligence artificielle\" \/>\n<meta property=\"og:url\" content=\"https:\/\/www.webdo.tn\/fr\/actualite\/national\/la-tunisie-prepare-sa-strategie-nationale-pour-lintelligence-artificielle\/133654\/\" \/>\n<meta property=\"og:site_name\" content=\"webdo\" \/>\n<meta property=\"article:publisher\" content=\"https:\/\/www.facebook.com\/webdotn\" \/>\n<meta property=\"article:published_time\" content=\"2022-02-19T13:00:00+00:00\" \/>\n<meta property=\"article:modified_time\" content=\"2025-05-16T22:11:55+00:00\" \/>\n<meta property=\"og:image\" content=\"https:\/\/www.webdo.tn\/fr\/wp-content\/uploads\/2022\/02\/IA.jpg\" \/>\n\t<meta property=\"og:image:width\" content=\"970\" \/>\n\t<meta property=\"og:image:height\" content=\"546\" \/>\n\t<meta property=\"og:image:type\" content=\"image\/jpeg\" \/>\n<meta name=\"author\" content=\"webdo.tn\" \/>\n<meta name=\"twitter:card\" content=\"summary_large_image\" \/>\n<meta name=\"twitter:creator\" content=\"@webdo_tn\" \/>\n<meta name=\"twitter:site\" content=\"@webdo_tn\" \/>\n<meta name=\"twitter:label1\" content=\"\u00c9crit par\" \/>\n\t<meta name=\"twitter:data1\" content=\"webdo.tn\" \/>\n\t<meta name=\"twitter:label2\" content=\"Dur\u00e9e de lecture estim\u00e9e\" \/>\n\t<meta name=\"twitter:data2\" content=\"1 minute\" \/>\n<script type=\"application\/ld+json\" class=\"yoast-schema-graph\">{\"@context\":\"https:\\\/\\\/schema.org\",\"@graph\":[{\"@type\":\"NewsArticle\",\"@id\":\"https:\\\/\\\/www.webdo.tn\\\/fr\\\/actualite\\\/national\\\/la-tunisie-prepare-sa-strategie-nationale-pour-lintelligence-artificielle\\\/133654\\\/#article\",\"isPartOf\":{\"@id\":\"https:\\\/\\\/www.webdo.tn\\\/fr\\\/actualite\\\/national\\\/la-tunisie-prepare-sa-strategie-nationale-pour-lintelligence-artificielle\\\/133654\\\/\"},\"author\":{\"name\":\"webdo.tn\",\"@id\":\"https:\\\/\\\/www.webdo.tn\\\/fr\\\/#\\\/schema\\\/person\\\/9a9c6118d687c117df8ef3cc36a4d175\"},\"headline\":\"La Tunisie pr\u00e9pare sa strat\u00e9gie nationale pour l&rsquo;intelligence artificielle\",\"datePublished\":\"2022-02-19T13:00:00+00:00\",\"dateModified\":\"2025-05-16T22:11:55+00:00\",\"mainEntityOfPage\":{\"@id\":\"https:\\\/\\\/www.webdo.tn\\\/fr\\\/actualite\\\/national\\\/la-tunisie-prepare-sa-strategie-nationale-pour-lintelligence-artificielle\\\/133654\\\/\"},\"wordCount\":192,\"commentCount\":0,\"publisher\":{\"@id\":\"https:\\\/\\\/www.webdo.tn\\\/fr\\\/#organization\"},\"image\":{\"@id\":\"https:\\\/\\\/www.webdo.tn\\\/fr\\\/actualite\\\/national\\\/la-tunisie-prepare-sa-strategie-nationale-pour-lintelligence-artificielle\\\/133654\\\/#primaryimage\"},\"thumbnailUrl\":\"https:\\\/\\\/www.webdo.tn\\\/fr\\\/wp-content\\\/uploads\\\/2022\\\/02\\\/IA.jpg\",\"articleSection\":[\"National\"],\"inLanguage\":\"fr-FR\"},{\"@type\":\"WebPage\",\"@id\":\"https:\\\/\\\/www.webdo.tn\\\/fr\\\/actualite\\\/national\\\/la-tunisie-prepare-sa-strategie-nationale-pour-lintelligence-artificielle\\\/133654\\\/\",\"url\":\"https:\\\/\\\/www.webdo.tn\\\/fr\\\/actualite\\\/national\\\/la-tunisie-prepare-sa-strategie-nationale-pour-lintelligence-artificielle\\\/133654\\\/\",\"name\":\"La Tunisie pr\u00e9pare sa strat\u00e9gie nationale pour l'intelligence artificielle\",\"isPartOf\":{\"@id\":\"https:\\\/\\\/www.webdo.tn\\\/fr\\\/#website\"},\"primaryImageOfPage\":{\"@id\":\"https:\\\/\\\/www.webdo.tn\\\/fr\\\/actualite\\\/national\\\/la-tunisie-prepare-sa-strategie-nationale-pour-lintelligence-artificielle\\\/133654\\\/#primaryimage\"},\"image\":{\"@id\":\"https:\\\/\\\/www.webdo.tn\\\/fr\\\/actualite\\\/national\\\/la-tunisie-prepare-sa-strategie-nationale-pour-lintelligence-artificielle\\\/133654\\\/#primaryimage\"},\"thumbnailUrl\":\"https:\\\/\\\/www.webdo.tn\\\/fr\\\/wp-content\\\/uploads\\\/2022\\\/02\\\/IA.jpg\",\"datePublished\":\"2022-02-19T13:00:00+00:00\",\"dateModified\":\"2025-05-16T22:11:55+00:00\",\"description\":\"La Tunisie pr\u00e9pare sa strat\u00e9gie nationale pour l'intelligence artificielle\",\"breadcrumb\":{\"@id\":\"https:\\\/\\\/www.webdo.tn\\\/fr\\\/actualite\\\/national\\\/la-tunisie-prepare-sa-strategie-nationale-pour-lintelligence-artificielle\\\/133654\\\/#breadcrumb\"},\"inLanguage\":\"fr-FR\",\"potentialAction\":[{\"@type\":\"ReadAction\",\"target\":[\"https:\\\/\\\/www.webdo.tn\\\/fr\\\/actualite\\\/national\\\/la-tunisie-prepare-sa-strategie-nationale-pour-lintelligence-artificielle\\\/133654\\\/\"]}]},{\"@type\":\"ImageObject\",\"inLanguage\":\"fr-FR\",\"@id\":\"https:\\\/\\\/www.webdo.tn\\\/fr\\\/actualite\\\/national\\\/la-tunisie-prepare-sa-strategie-nationale-pour-lintelligence-artificielle\\\/133654\\\/#primaryimage\",\"url\":\"https:\\\/\\\/www.webdo.tn\\\/fr\\\/wp-content\\\/uploads\\\/2022\\\/02\\\/IA.jpg\",\"contentUrl\":\"https:\\\/\\\/www.webdo.tn\\\/fr\\\/wp-content\\\/uploads\\\/2022\\\/02\\\/IA.jpg\",\"width\":970,\"height\":546,\"caption\":\"La Tunisie pr\u00e9pare sa strat\u00e9gie nationale pour l'intelligence artificielle\"},{\"@type\":\"BreadcrumbList\",\"@id\":\"https:\\\/\\\/www.webdo.tn\\\/fr\\\/actualite\\\/national\\\/la-tunisie-prepare-sa-strategie-nationale-pour-lintelligence-artificielle\\\/133654\\\/#breadcrumb\",\"itemListElement\":[{\"@type\":\"ListItem\",\"position\":1,\"name\":\"Accueil\",\"item\":\"https:\\\/\\\/www.webdo.tn\\\/fr\\\/\"},{\"@type\":\"ListItem\",\"position\":2,\"name\":\"La Tunisie pr\u00e9pare sa strat\u00e9gie nationale pour l&rsquo;intelligence artificielle\"}]},{\"@type\":\"WebSite\",\"@id\":\"https:\\\/\\\/www.webdo.tn\\\/fr\\\/#website\",\"url\":\"https:\\\/\\\/www.webdo.tn\\\/fr\\\/\",\"name\":\"webdo\",\"description\":\"Tunisie - News en Tunisie et \u00e0 l&#039;international sur Webdo.tn\",\"publisher\":{\"@id\":\"https:\\\/\\\/www.webdo.tn\\\/fr\\\/#organization\"},\"potentialAction\":[{\"@type\":\"SearchAction\",\"target\":{\"@type\":\"EntryPoint\",\"urlTemplate\":\"https:\\\/\\\/www.webdo.tn\\\/fr\\\/?s={search_term_string}\"},\"query-input\":{\"@type\":\"PropertyValueSpecification\",\"valueRequired\":true,\"valueName\":\"search_term_string\"}}],\"inLanguage\":\"fr-FR\"},{\"@type\":\"Organization\",\"@id\":\"https:\\\/\\\/www.webdo.tn\\\/fr\\\/#organization\",\"name\":\"Webdo\",\"alternateName\":\"Webdo.tn\",\"url\":\"https:\\\/\\\/www.webdo.tn\\\/fr\\\/\",\"logo\":{\"@type\":\"ImageObject\",\"inLanguage\":\"fr-FR\",\"@id\":\"https:\\\/\\\/www.webdo.tn\\\/fr\\\/#\\\/schema\\\/logo\\\/image\\\/\",\"url\":\"https:\\\/\\\/www.webdo.tn\\\/fr\\\/wp-content\\\/uploads\\\/2025\\\/06\\\/Webdo-Tunisie_168377.jpg\",\"contentUrl\":\"https:\\\/\\\/www.webdo.tn\\\/fr\\\/wp-content\\\/uploads\\\/2025\\\/06\\\/Webdo-Tunisie_168377.jpg\",\"width\":301,\"height\":301,\"caption\":\"Webdo\"},\"image\":{\"@id\":\"https:\\\/\\\/www.webdo.tn\\\/fr\\\/#\\\/schema\\\/logo\\\/image\\\/\"},\"sameAs\":[\"https:\\\/\\\/www.facebook.com\\\/webdotn\",\"https:\\\/\\\/x.com\\\/webdo_tn\"],\"description\":\"Webdo est un m\u00e9dia num\u00e9rique tunisien fond\u00e9 en 2010, sp\u00e9cialis\u00e9 dans l\u2019actualit\u00e9 nationale et internationale, l\u2019\u00e9conomie, la soci\u00e9t\u00e9 et les analyses politiques. Le site s\u2019adresse \u00e0 un large public francophone et couvre l\u2019information tunisienne en temps r\u00e9el.\",\"email\":\"redac@webdo.tn\",\"legalName\":\"YNJ SARL\",\"foundingDate\":\"2010-09-06\",\"numberOfEmployees\":{\"@type\":\"QuantitativeValue\",\"minValue\":\"11\",\"maxValue\":\"50\"}},{\"@type\":\"Person\",\"@id\":\"https:\\\/\\\/www.webdo.tn\\\/fr\\\/#\\\/schema\\\/person\\\/9a9c6118d687c117df8ef3cc36a4d175\",\"name\":\"webdo.tn\",\"image\":{\"@type\":\"ImageObject\",\"inLanguage\":\"fr-FR\",\"@id\":\"https:\\\/\\\/secure.gravatar.com\\\/avatar\\\/7ce1f28c0c3bbac99ff550b85ef8e44a6950c6ee24514fb6a5489e51d06f0298?s=96&d=mm&r=g\",\"url\":\"https:\\\/\\\/secure.gravatar.com\\\/avatar\\\/7ce1f28c0c3bbac99ff550b85ef8e44a6950c6ee24514fb6a5489e51d06f0298?s=96&d=mm&r=g\",\"contentUrl\":\"https:\\\/\\\/secure.gravatar.com\\\/avatar\\\/7ce1f28c0c3bbac99ff550b85ef8e44a6950c6ee24514fb6a5489e51d06f0298?s=96&d=mm&r=g\",\"caption\":\"webdo.tn\"},\"url\":\"https:\\\/\\\/www.webdo.tn\\\/fr\\\/actualite\\\/author\\\/webdotn\\\/\"}]}<\/script>\n<!-- \/ Yoast SEO Premium plugin. -->","yoast_head_json":{"title":"La Tunisie pr\u00e9pare sa strat\u00e9gie nationale pour l'intelligence artificielle","description":"La Tunisie pr\u00e9pare sa strat\u00e9gie nationale pour l'intelligence artificielle","canonical":"https:\/\/www.webdo.tn\/fr\/actualite\/national\/la-tunisie-prepare-sa-strategie-nationale-pour-lintelligence-artificielle\/133654\/","og_locale":"fr_FR","og_type":"article","og_title":"La Tunisie pr\u00e9pare sa strat\u00e9gie nationale pour l'intelligence artificielle","og_description":"La Tunisie pr\u00e9pare sa strat\u00e9gie nationale pour l'intelligence artificielle","og_url":"https:\/\/www.webdo.tn\/fr\/actualite\/national\/la-tunisie-prepare-sa-strategie-nationale-pour-lintelligence-artificielle\/133654\/","og_site_name":"webdo","article_publisher":"https:\/\/www.facebook.com\/webdotn","article_published_time":"2022-02-19T13:00:00+00:00","article_modified_time":"2025-05-16T22:11:55+00:00","og_image":[{"width":970,"height":546,"url":"https:\/\/www.webdo.tn\/fr\/wp-content\/uploads\/2022\/02\/IA.jpg","type":"image\/jpeg"}],"author":"webdo.tn","twitter_card":"summary_large_image","twitter_creator":"@webdo_tn","twitter_site":"@webdo_tn","twitter_misc":{"\u00c9crit par":"webdo.tn","Dur\u00e9e de lecture estim\u00e9e":"1 minute"},"schema":{"@context":"https:\/\/schema.org","@graph":[{"@type":"NewsArticle","@id":"https:\/\/www.webdo.tn\/fr\/actualite\/national\/la-tunisie-prepare-sa-strategie-nationale-pour-lintelligence-artificielle\/133654\/#article","isPartOf":{"@id":"https:\/\/www.webdo.tn\/fr\/actualite\/national\/la-tunisie-prepare-sa-strategie-nationale-pour-lintelligence-artificielle\/133654\/"},"author":{"name":"webdo.tn","@id":"https:\/\/www.webdo.tn\/fr\/#\/schema\/person\/9a9c6118d687c117df8ef3cc36a4d175"},"headline":"La Tunisie pr\u00e9pare sa strat\u00e9gie nationale pour l&rsquo;intelligence artificielle","datePublished":"2022-02-19T13:00:00+00:00","dateModified":"2025-05-16T22:11:55+00:00","mainEntityOfPage":{"@id":"https:\/\/www.webdo.tn\/fr\/actualite\/national\/la-tunisie-prepare-sa-strategie-nationale-pour-lintelligence-artificielle\/133654\/"},"wordCount":192,"commentCount":0,"publisher":{"@id":"https:\/\/www.webdo.tn\/fr\/#organization"},"image":{"@id":"https:\/\/www.webdo.tn\/fr\/actualite\/national\/la-tunisie-prepare-sa-strategie-nationale-pour-lintelligence-artificielle\/133654\/#primaryimage"},"thumbnailUrl":"https:\/\/www.webdo.tn\/fr\/wp-content\/uploads\/2022\/02\/IA.jpg","articleSection":["National"],"inLanguage":"fr-FR"},{"@type":"WebPage","@id":"https:\/\/www.webdo.tn\/fr\/actualite\/national\/la-tunisie-prepare-sa-strategie-nationale-pour-lintelligence-artificielle\/133654\/","url":"https:\/\/www.webdo.tn\/fr\/actualite\/national\/la-tunisie-prepare-sa-strategie-nationale-pour-lintelligence-artificielle\/133654\/","name":"La Tunisie pr\u00e9pare sa strat\u00e9gie nationale pour l'intelligence artificielle","isPartOf":{"@id":"https:\/\/www.webdo.tn\/fr\/#website"},"primaryImageOfPage":{"@id":"https:\/\/www.webdo.tn\/fr\/actualite\/national\/la-tunisie-prepare-sa-strategie-nationale-pour-lintelligence-artificielle\/133654\/#primaryimage"},"image":{"@id":"https:\/\/www.webdo.tn\/fr\/actualite\/national\/la-tunisie-prepare-sa-strategie-nationale-pour-lintelligence-artificielle\/133654\/#primaryimage"},"thumbnailUrl":"https:\/\/www.webdo.tn\/fr\/wp-content\/uploads\/2022\/02\/IA.jpg","datePublished":"2022-02-19T13:00:00+00:00","dateModified":"2025-05-16T22:11:55+00:00","description":"La Tunisie pr\u00e9pare sa strat\u00e9gie nationale pour l'intelligence artificielle","breadcrumb":{"@id":"https:\/\/www.webdo.tn\/fr\/actualite\/national\/la-tunisie-prepare-sa-strategie-nationale-pour-lintelligence-artificielle\/133654\/#breadcrumb"},"inLanguage":"fr-FR","potentialAction":[{"@type":"ReadAction","target":["https:\/\/www.webdo.tn\/fr\/actualite\/national\/la-tunisie-prepare-sa-strategie-nationale-pour-lintelligence-artificielle\/133654\/"]}]},{"@type":"ImageObject","inLanguage":"fr-FR","@id":"https:\/\/www.webdo.tn\/fr\/actualite\/national\/la-tunisie-prepare-sa-strategie-nationale-pour-lintelligence-artificielle\/133654\/#primaryimage","url":"https:\/\/www.webdo.tn\/fr\/wp-content\/uploads\/2022\/02\/IA.jpg","contentUrl":"https:\/\/www.webdo.tn\/fr\/wp-content\/uploads\/2022\/02\/IA.jpg","width":970,"height":546,"caption":"La Tunisie pr\u00e9pare sa strat\u00e9gie nationale pour l'intelligence artificielle"},{"@type":"BreadcrumbList","@id":"https:\/\/www.webdo.tn\/fr\/actualite\/national\/la-tunisie-prepare-sa-strategie-nationale-pour-lintelligence-artificielle\/133654\/#breadcrumb","itemListElement":[{"@type":"ListItem","position":1,"name":"Accueil","item":"https:\/\/www.webdo.tn\/fr\/"},{"@type":"ListItem","position":2,"name":"La Tunisie pr\u00e9pare sa strat\u00e9gie nationale pour l&rsquo;intelligence artificielle"}]},{"@type":"WebSite","@id":"https:\/\/www.webdo.tn\/fr\/#website","url":"https:\/\/www.webdo.tn\/fr\/","name":"webdo","description":"Tunisie - News en Tunisie et \u00e0 l&#039;international sur Webdo.tn","publisher":{"@id":"https:\/\/www.webdo.tn\/fr\/#organization"},"potentialAction":[{"@type":"SearchAction","target":{"@type":"EntryPoint","urlTemplate":"https:\/\/www.webdo.tn\/fr\/?s={search_term_string}"},"query-input":{"@type":"PropertyValueSpecification","valueRequired":true,"valueName":"search_term_string"}}],"inLanguage":"fr-FR"},{"@type":"Organization","@id":"https:\/\/www.webdo.tn\/fr\/#organization","name":"Webdo","alternateName":"Webdo.tn","url":"https:\/\/www.webdo.tn\/fr\/","logo":{"@type":"ImageObject","inLanguage":"fr-FR","@id":"https:\/\/www.webdo.tn\/fr\/#\/schema\/logo\/image\/","url":"https:\/\/www.webdo.tn\/fr\/wp-content\/uploads\/2025\/06\/Webdo-Tunisie_168377.jpg","contentUrl":"https:\/\/www.webdo.tn\/fr\/wp-content\/uploads\/2025\/06\/Webdo-Tunisie_168377.jpg","width":301,"height":301,"caption":"Webdo"},"image":{"@id":"https:\/\/www.webdo.tn\/fr\/#\/schema\/logo\/image\/"},"sameAs":["https:\/\/www.facebook.com\/webdotn","https:\/\/x.com\/webdo_tn"],"description":"Webdo est un m\u00e9dia num\u00e9rique tunisien fond\u00e9 en 2010, sp\u00e9cialis\u00e9 dans l\u2019actualit\u00e9 nationale et internationale, l\u2019\u00e9conomie, la soci\u00e9t\u00e9 et les analyses politiques. Le site s\u2019adresse \u00e0 un large public francophone et couvre l\u2019information tunisienne en temps r\u00e9el.","email":"redac@webdo.tn","legalName":"YNJ SARL","foundingDate":"2010-09-06","numberOfEmployees":{"@type":"QuantitativeValue","minValue":"11","maxValue":"50"}},{"@type":"Person","@id":"https:\/\/www.webdo.tn\/fr\/#\/schema\/person\/9a9c6118d687c117df8ef3cc36a4d175","name":"webdo.tn","image":{"@type":"ImageObject","inLanguage":"fr-FR","@id":"https:\/\/secure.gravatar.com\/avatar\/7ce1f28c0c3bbac99ff550b85ef8e44a6950c6ee24514fb6a5489e51d06f0298?s=96&d=mm&r=g","url":"https:\/\/secure.gravatar.com\/avatar\/7ce1f28c0c3bbac99ff550b85ef8e44a6950c6ee24514fb6a5489e51d06f0298?s=96&d=mm&r=g","contentUrl":"https:\/\/secure.gravatar.com\/avatar\/7ce1f28c0c3bbac99ff550b85ef8e44a6950c6ee24514fb6a5489e51d06f0298?s=96&d=mm&r=g","caption":"webdo.tn"},"url":"https:\/\/www.webdo.tn\/fr\/actualite\/author\/webdotn\/"}]}},"_links":{"self":[{"href":"https:\/\/www.webdo.tn\/fr\/wp-json\/wp\/v2\/posts\/133654","targetHints":{"allow":["GET"]}}],"collection":[{"href":"https:\/\/www.webdo.tn\/fr\/wp-json\/wp\/v2\/posts"}],"about":[{"href":"https:\/\/www.webdo.tn\/fr\/wp-json\/wp\/v2\/types\/post"}],"author":[{"embeddable":true,"href":"https:\/\/www.webdo.tn\/fr\/wp-json\/wp\/v2\/users\/3222"}],"replies":[{"embeddable":true,"href":"https:\/\/www.webdo.tn\/fr\/wp-json\/wp\/v2\/comments?post=133654"}],"version-history":[{"count":0,"href":"https:\/\/www.webdo.tn\/fr\/wp-json\/wp\/v2\/posts\/133654\/revisions"}],"wp:featuredmedia":[{"embeddable":true,"href":"https:\/\/www.webdo.tn\/fr\/wp-json\/wp\/v2\/media\/275912"}],"wp:attachment":[{"href":"https:\/\/www.webdo.tn\/fr\/wp-json\/wp\/v2\/media?parent=133654"}],"wp:term":[{"taxonomy":"category","embeddable":true,"href":"https:\/\/www.webdo.tn\/fr\/wp-json\/wp\/v2\/categories?post=133654"},{"taxonomy":"post_tag","embeddable":true,"href":"https:\/\/www.webdo.tn\/fr\/wp-json\/wp\/v2\/tags?post=133654"}],"curies":[{"name":"wp","href":"https:\/\/api.w.org\/{rel}","templated":true}]}}