{"id":132065,"date":"2022-06-28T09:26:00","date_gmt":"2022-06-28T09:26:00","guid":{"rendered":"https:\/\/www.webdo.tn\/fr\/blog\/affaire-namaa-jebali-et-daadaa-en-liberte-mouadh-ghannouchi-recherche\/132065\/"},"modified":"2025-05-17T20:51:20","modified_gmt":"2025-05-17T20:51:20","slug":"affaire-namaa-jebali-et-daadaa-en-liberte-mouadh-ghannouchi-recherche","status":"publish","type":"post","link":"https:\/\/www.webdo.tn\/fr\/actualite\/national\/affaire-namaa-jebali-et-daadaa-en-liberte-mouadh-ghannouchi-recherche\/132065\/","title":{"rendered":"Affaire \u00ab\u00a0Nama\u00a0\u00bb : Jebali et Daadaa en libert\u00e9, Mouadh Ghannouchi recherch\u00e9"},"content":{"rendered":"<p>O\u00f9 en est l&rsquo;affaire de l&rsquo;association \u00ab\u00a0Nama Tounes\u00a0\u00bb, qui d\u00e9fraye actuellement la chronique ?<\/p>\n<p>Hier, l&rsquo;ancien Chef du gouvernement Hamadi Jebali a \u00e9t\u00e9 remis en libert\u00e9. Arr\u00eat\u00e9 \u00e0 Sousse le 23 juin dernier dans le cadre d\u2019une affaire de blanchiment d\u2019argent, Hamadi Jebali a \u00e9t\u00e9 remis en libert\u00e9 apr\u00e8s son audition.<\/p>\n<p>Selon l&rsquo;avocat Samir Dilou, il n&rsquo;aurait aucun lien avec l\u2019Association \u00ab\u00a0Namaa\u00a0\u00bb ni avec cette affaire, et aurait \u00e9t\u00e9 plac\u00e9 en garde \u00e0 vue en raison de l&rsquo;implication de son gendre dans cette affaire.<\/p>\n<p>Le fils de Rached Ghannouchi en fuite<\/p>\n<p>Hamadi Jebali sera auditionn\u00e9 le 20 juillet prochain toujours dans le cadre de cette affaire alors que son gendre tout comme Mouadh Ghannouchi, le fils de Rached Ghannouchi, sont actuellement en fuite et un avis de recherche a \u00e9t\u00e9 \u00e9mis \u00e0 leur encontre.<\/p>\n<p>A ce titre, le minist\u00e8re public relevant du p\u00f4le juridique pour la lutte contre le terrorisme a d\u00e9cid\u00e9, hier, conform\u00e9ment aux investigations men\u00e9es par l\u2019unit\u00e9 de lutte antiterrorisme de Bouchoucha d&rsquo;ouvrir une enqu\u00eate contre d\u2019anciens et actuels dirigeants de l\u2019association pour blanchiment d\u2019argent et financement illicite de personnes et groupes li\u00e9s au terrorisme en Tunisie et \u00e0 l\u2019\u00e9tranger.<\/p>\n<p>La liste des suspects interpell\u00e9s dans cette affaire s&rsquo;est allong\u00e9e \u00e0 10 personnes, d\u00e9sormais interdits de voyage. Il s&rsquo;agit de Hassen Meddeb, Omar Belkhiria, Adel Da\u00e2da\u00e2, et Hamadi Jebali, qui ont \u00e9t\u00e9 remis en libert\u00e9. Mohamed Khochlaf et Abdelkarim Slimane, vont comparaitre devant le juge alors que Mouadh Ghannouchi et le gendre de Hamadi Jebali, sont en fuite.<\/p>\n<p>Les pr\u00e9cisions du MI<\/p>\n<p>Le minist\u00e8re de l\u2019Int\u00e9rieur a rep\u00e9r\u00e9 des op\u00e9rations financi\u00e8res louches de la part d\u2019activistes au sein de l\u2019association \u00ab Nama \u00bb, ainsi qu\u2019un important flux d\u2019argent au profit de cette association qui ne correspond pas \u00e0 la nature de ses activit\u00e9s telles que d\u00e9clar\u00e9es, cela en plus de soup\u00e7ons de blanchiment d\u2019argent.<\/p>\n<p>Dans un premier temps, trois personnes ont \u00e9t\u00e9 arr\u00eat\u00e9es et des ordinateurs, du mat\u00e9riel \u00e9lectronique et des relev\u00e9s bancaires ont \u00e9t\u00e9 de m\u00eame saisis.<\/p>\n<p>Par la suite, plusieurs personnalit\u00e9s ont \u00e9t\u00e9 inscrites sur la liste des recherch\u00e9s alors qu\u2019un ancien responsable politique et l\u2019un des fondateurs d\u2019un parti politique est en garde \u00e0 vue, assurant que cette garde \u00e0 vue a \u00e9t\u00e9 effectu\u00e9e sur la base d\u2019un ordre judiciaire et selon les proc\u00e9dures d\u2019usage.<\/p>\n<p>Ce responsable est l\u2019objet de poursuites judiciaires, ainsi que son gendre qui a montr\u00e9 des signes d\u2019enrichissement abject et o\u00f9 les investigations ont montr\u00e9 de s\u00e9rieux signes de blanchiment d\u2019argent, cette personne \u00e9tant actuellement en fuite.<\/p>\n<p>Le minist\u00e8re public a ordonn\u00e9, selon la porte-parole du minist\u00e8re de l\u2019Int\u00e9rieur, de mettre en garde \u00e0 vue toute personne suspect\u00e9e de ces faits av\u00e9r\u00e9s.<\/p>\n","protected":false},"excerpt":{"rendered":"<p>Affaire  Nama  : Jebali et Daadaa en libert\u00e9, Mouadh Ghannouchi recherch\u00e9<\/p>\n","protected":false},"author":3222,"featured_media":276435,"comment_status":"open","ping_status":"closed","sticky":false,"template":"","format":"standard","meta":{"footnotes":""},"categories":[44],"tags":[2600],"class_list":["post-132065","post","type-post","status-publish","format-standard","has-post-thumbnail","hentry","category-national","tag-guerre"],"yoast_head":"<!-- This site is optimized with the Yoast SEO Premium plugin v27.5 (Yoast SEO v27.5) - https:\/\/yoast.com\/product\/yoast-seo-premium-wordpress\/ -->\n<title>Affaire Nama : Jebali et Daadaa en libert\u00e9, Mouadh Ghannouchi recherch\u00e9<\/title>\n<meta name=\"description\" content=\"Affaire Nama : Jebali et Daadaa en libert\u00e9, Mouadh Ghannouchi recherch\u00e9\" \/>\n<link rel=\"canonical\" href=\"https:\/\/www.webdo.tn\/fr\/actualite\/national\/affaire-namaa-jebali-et-daadaa-en-liberte-mouadh-ghannouchi-recherche\/132065\/\" \/>\n<meta property=\"og:locale\" content=\"fr_FR\" \/>\n<meta property=\"og:type\" content=\"article\" \/>\n<meta property=\"og:title\" content=\"Affaire &quot;Nama&quot; : Jebali et Daadaa en libert\u00e9, Mouadh Ghannouchi recherch\u00e9\" \/>\n<meta property=\"og:description\" content=\"Affaire Nama : Jebali et Daadaa en libert\u00e9, Mouadh Ghannouchi recherch\u00e9\" \/>\n<meta property=\"og:url\" content=\"https:\/\/www.webdo.tn\/fr\/actualite\/national\/affaire-namaa-jebali-et-daadaa-en-liberte-mouadh-ghannouchi-recherche\/132065\/\" \/>\n<meta property=\"og:site_name\" content=\"webdo\" \/>\n<meta property=\"article:publisher\" content=\"https:\/\/www.facebook.com\/webdotn\" \/>\n<meta property=\"article:published_time\" content=\"2022-06-28T09:26:00+00:00\" \/>\n<meta property=\"article:modified_time\" content=\"2025-05-17T20:51:20+00:00\" \/>\n<meta property=\"og:image\" content=\"https:\/\/www.webdo.tn\/fr\/wp-content\/uploads\/2022\/06\/Hamadi-Jebali.jpg\" \/>\n\t<meta property=\"og:image:width\" content=\"650\" \/>\n\t<meta property=\"og:image:height\" content=\"365\" \/>\n\t<meta property=\"og:image:type\" content=\"image\/jpeg\" \/>\n<meta name=\"author\" content=\"webdo.tn\" \/>\n<meta name=\"twitter:card\" content=\"summary_large_image\" \/>\n<meta name=\"twitter:creator\" content=\"@webdo_tn\" \/>\n<meta name=\"twitter:site\" content=\"@webdo_tn\" \/>\n<meta name=\"twitter:label1\" content=\"\u00c9crit par\" \/>\n\t<meta name=\"twitter:data1\" content=\"webdo.tn\" \/>\n\t<meta name=\"twitter:label2\" content=\"Dur\u00e9e de lecture estim\u00e9e\" \/>\n\t<meta name=\"twitter:data2\" content=\"2 minutes\" \/>\n<script type=\"application\/ld+json\" class=\"yoast-schema-graph\">{\"@context\":\"https:\\\/\\\/schema.org\",\"@graph\":[{\"@type\":\"NewsArticle\",\"@id\":\"https:\\\/\\\/www.webdo.tn\\\/fr\\\/actualite\\\/national\\\/affaire-namaa-jebali-et-daadaa-en-liberte-mouadh-ghannouchi-recherche\\\/132065\\\/#article\",\"isPartOf\":{\"@id\":\"https:\\\/\\\/www.webdo.tn\\\/fr\\\/actualite\\\/national\\\/affaire-namaa-jebali-et-daadaa-en-liberte-mouadh-ghannouchi-recherche\\\/132065\\\/\"},\"author\":{\"name\":\"webdo.tn\",\"@id\":\"https:\\\/\\\/www.webdo.tn\\\/fr\\\/#\\\/schema\\\/person\\\/9a9c6118d687c117df8ef3cc36a4d175\"},\"headline\":\"Affaire \u00ab\u00a0Nama\u00a0\u00bb : Jebali et Daadaa en libert\u00e9, Mouadh Ghannouchi recherch\u00e9\",\"datePublished\":\"2022-06-28T09:26:00+00:00\",\"dateModified\":\"2025-05-17T20:51:20+00:00\",\"mainEntityOfPage\":{\"@id\":\"https:\\\/\\\/www.webdo.tn\\\/fr\\\/actualite\\\/national\\\/affaire-namaa-jebali-et-daadaa-en-liberte-mouadh-ghannouchi-recherche\\\/132065\\\/\"},\"wordCount\":508,\"commentCount\":0,\"publisher\":{\"@id\":\"https:\\\/\\\/www.webdo.tn\\\/fr\\\/#organization\"},\"image\":{\"@id\":\"https:\\\/\\\/www.webdo.tn\\\/fr\\\/actualite\\\/national\\\/affaire-namaa-jebali-et-daadaa-en-liberte-mouadh-ghannouchi-recherche\\\/132065\\\/#primaryimage\"},\"thumbnailUrl\":\"https:\\\/\\\/www.webdo.tn\\\/fr\\\/wp-content\\\/uploads\\\/2022\\\/06\\\/Hamadi-Jebali.jpg\",\"keywords\":[\"guerre\"],\"articleSection\":[\"National\"],\"inLanguage\":\"fr-FR\"},{\"@type\":\"WebPage\",\"@id\":\"https:\\\/\\\/www.webdo.tn\\\/fr\\\/actualite\\\/national\\\/affaire-namaa-jebali-et-daadaa-en-liberte-mouadh-ghannouchi-recherche\\\/132065\\\/\",\"url\":\"https:\\\/\\\/www.webdo.tn\\\/fr\\\/actualite\\\/national\\\/affaire-namaa-jebali-et-daadaa-en-liberte-mouadh-ghannouchi-recherche\\\/132065\\\/\",\"name\":\"Affaire Nama : Jebali et Daadaa en libert\u00e9, Mouadh Ghannouchi recherch\u00e9\",\"isPartOf\":{\"@id\":\"https:\\\/\\\/www.webdo.tn\\\/fr\\\/#website\"},\"primaryImageOfPage\":{\"@id\":\"https:\\\/\\\/www.webdo.tn\\\/fr\\\/actualite\\\/national\\\/affaire-namaa-jebali-et-daadaa-en-liberte-mouadh-ghannouchi-recherche\\\/132065\\\/#primaryimage\"},\"image\":{\"@id\":\"https:\\\/\\\/www.webdo.tn\\\/fr\\\/actualite\\\/national\\\/affaire-namaa-jebali-et-daadaa-en-liberte-mouadh-ghannouchi-recherche\\\/132065\\\/#primaryimage\"},\"thumbnailUrl\":\"https:\\\/\\\/www.webdo.tn\\\/fr\\\/wp-content\\\/uploads\\\/2022\\\/06\\\/Hamadi-Jebali.jpg\",\"datePublished\":\"2022-06-28T09:26:00+00:00\",\"dateModified\":\"2025-05-17T20:51:20+00:00\",\"description\":\"Affaire Nama : Jebali et Daadaa en libert\u00e9, Mouadh Ghannouchi recherch\u00e9\",\"breadcrumb\":{\"@id\":\"https:\\\/\\\/www.webdo.tn\\\/fr\\\/actualite\\\/national\\\/affaire-namaa-jebali-et-daadaa-en-liberte-mouadh-ghannouchi-recherche\\\/132065\\\/#breadcrumb\"},\"inLanguage\":\"fr-FR\",\"potentialAction\":[{\"@type\":\"ReadAction\",\"target\":[\"https:\\\/\\\/www.webdo.tn\\\/fr\\\/actualite\\\/national\\\/affaire-namaa-jebali-et-daadaa-en-liberte-mouadh-ghannouchi-recherche\\\/132065\\\/\"]}]},{\"@type\":\"ImageObject\",\"inLanguage\":\"fr-FR\",\"@id\":\"https:\\\/\\\/www.webdo.tn\\\/fr\\\/actualite\\\/national\\\/affaire-namaa-jebali-et-daadaa-en-liberte-mouadh-ghannouchi-recherche\\\/132065\\\/#primaryimage\",\"url\":\"https:\\\/\\\/www.webdo.tn\\\/fr\\\/wp-content\\\/uploads\\\/2022\\\/06\\\/Hamadi-Jebali.jpg\",\"contentUrl\":\"https:\\\/\\\/www.webdo.tn\\\/fr\\\/wp-content\\\/uploads\\\/2022\\\/06\\\/Hamadi-Jebali.jpg\",\"width\":650,\"height\":365,\"caption\":\"Affaire \\\"Nama\\\" : Jebali et Daadaa en libert\u00e9, Mouadh Ghannouchi recherch\u00e9\"},{\"@type\":\"BreadcrumbList\",\"@id\":\"https:\\\/\\\/www.webdo.tn\\\/fr\\\/actualite\\\/national\\\/affaire-namaa-jebali-et-daadaa-en-liberte-mouadh-ghannouchi-recherche\\\/132065\\\/#breadcrumb\",\"itemListElement\":[{\"@type\":\"ListItem\",\"position\":1,\"name\":\"Accueil\",\"item\":\"https:\\\/\\\/www.webdo.tn\\\/fr\\\/\"},{\"@type\":\"ListItem\",\"position\":2,\"name\":\"Affaire \u00ab\u00a0Nama\u00a0\u00bb : Jebali et Daadaa en libert\u00e9, Mouadh Ghannouchi recherch\u00e9\"}]},{\"@type\":\"WebSite\",\"@id\":\"https:\\\/\\\/www.webdo.tn\\\/fr\\\/#website\",\"url\":\"https:\\\/\\\/www.webdo.tn\\\/fr\\\/\",\"name\":\"webdo\",\"description\":\"Tunisie - News en Tunisie et \u00e0 l&#039;international sur Webdo.tn\",\"publisher\":{\"@id\":\"https:\\\/\\\/www.webdo.tn\\\/fr\\\/#organization\"},\"potentialAction\":[{\"@type\":\"SearchAction\",\"target\":{\"@type\":\"EntryPoint\",\"urlTemplate\":\"https:\\\/\\\/www.webdo.tn\\\/fr\\\/?s={search_term_string}\"},\"query-input\":{\"@type\":\"PropertyValueSpecification\",\"valueRequired\":true,\"valueName\":\"search_term_string\"}}],\"inLanguage\":\"fr-FR\"},{\"@type\":\"Organization\",\"@id\":\"https:\\\/\\\/www.webdo.tn\\\/fr\\\/#organization\",\"name\":\"Webdo\",\"alternateName\":\"Webdo.tn\",\"url\":\"https:\\\/\\\/www.webdo.tn\\\/fr\\\/\",\"logo\":{\"@type\":\"ImageObject\",\"inLanguage\":\"fr-FR\",\"@id\":\"https:\\\/\\\/www.webdo.tn\\\/fr\\\/#\\\/schema\\\/logo\\\/image\\\/\",\"url\":\"https:\\\/\\\/www.webdo.tn\\\/fr\\\/wp-content\\\/uploads\\\/2025\\\/06\\\/Webdo-Tunisie_168377.jpg\",\"contentUrl\":\"https:\\\/\\\/www.webdo.tn\\\/fr\\\/wp-content\\\/uploads\\\/2025\\\/06\\\/Webdo-Tunisie_168377.jpg\",\"width\":301,\"height\":301,\"caption\":\"Webdo\"},\"image\":{\"@id\":\"https:\\\/\\\/www.webdo.tn\\\/fr\\\/#\\\/schema\\\/logo\\\/image\\\/\"},\"sameAs\":[\"https:\\\/\\\/www.facebook.com\\\/webdotn\",\"https:\\\/\\\/x.com\\\/webdo_tn\"],\"description\":\"Webdo est un m\u00e9dia num\u00e9rique tunisien fond\u00e9 en 2010, sp\u00e9cialis\u00e9 dans l\u2019actualit\u00e9 nationale et internationale, l\u2019\u00e9conomie, la soci\u00e9t\u00e9 et les analyses politiques. Le site s\u2019adresse \u00e0 un large public francophone et couvre l\u2019information tunisienne en temps r\u00e9el.\",\"email\":\"redac@webdo.tn\",\"legalName\":\"YNJ SARL\",\"foundingDate\":\"2010-09-06\",\"numberOfEmployees\":{\"@type\":\"QuantitativeValue\",\"minValue\":\"11\",\"maxValue\":\"50\"}},{\"@type\":\"Person\",\"@id\":\"https:\\\/\\\/www.webdo.tn\\\/fr\\\/#\\\/schema\\\/person\\\/9a9c6118d687c117df8ef3cc36a4d175\",\"name\":\"webdo.tn\",\"image\":{\"@type\":\"ImageObject\",\"inLanguage\":\"fr-FR\",\"@id\":\"https:\\\/\\\/secure.gravatar.com\\\/avatar\\\/7ce1f28c0c3bbac99ff550b85ef8e44a6950c6ee24514fb6a5489e51d06f0298?s=96&d=mm&r=g\",\"url\":\"https:\\\/\\\/secure.gravatar.com\\\/avatar\\\/7ce1f28c0c3bbac99ff550b85ef8e44a6950c6ee24514fb6a5489e51d06f0298?s=96&d=mm&r=g\",\"contentUrl\":\"https:\\\/\\\/secure.gravatar.com\\\/avatar\\\/7ce1f28c0c3bbac99ff550b85ef8e44a6950c6ee24514fb6a5489e51d06f0298?s=96&d=mm&r=g\",\"caption\":\"webdo.tn\"},\"url\":\"https:\\\/\\\/www.webdo.tn\\\/fr\\\/actualite\\\/author\\\/webdotn\\\/\"}]}<\/script>\n<!-- \/ Yoast SEO Premium plugin. -->","yoast_head_json":{"title":"Affaire Nama : Jebali et Daadaa en libert\u00e9, Mouadh Ghannouchi recherch\u00e9","description":"Affaire Nama : Jebali et Daadaa en libert\u00e9, Mouadh Ghannouchi recherch\u00e9","canonical":"https:\/\/www.webdo.tn\/fr\/actualite\/national\/affaire-namaa-jebali-et-daadaa-en-liberte-mouadh-ghannouchi-recherche\/132065\/","og_locale":"fr_FR","og_type":"article","og_title":"Affaire \"Nama\" : Jebali et Daadaa en libert\u00e9, Mouadh Ghannouchi recherch\u00e9","og_description":"Affaire Nama : Jebali et Daadaa en libert\u00e9, Mouadh Ghannouchi recherch\u00e9","og_url":"https:\/\/www.webdo.tn\/fr\/actualite\/national\/affaire-namaa-jebali-et-daadaa-en-liberte-mouadh-ghannouchi-recherche\/132065\/","og_site_name":"webdo","article_publisher":"https:\/\/www.facebook.com\/webdotn","article_published_time":"2022-06-28T09:26:00+00:00","article_modified_time":"2025-05-17T20:51:20+00:00","og_image":[{"width":650,"height":365,"url":"https:\/\/www.webdo.tn\/fr\/wp-content\/uploads\/2022\/06\/Hamadi-Jebali.jpg","type":"image\/jpeg"}],"author":"webdo.tn","twitter_card":"summary_large_image","twitter_creator":"@webdo_tn","twitter_site":"@webdo_tn","twitter_misc":{"\u00c9crit par":"webdo.tn","Dur\u00e9e de lecture estim\u00e9e":"2 minutes"},"schema":{"@context":"https:\/\/schema.org","@graph":[{"@type":"NewsArticle","@id":"https:\/\/www.webdo.tn\/fr\/actualite\/national\/affaire-namaa-jebali-et-daadaa-en-liberte-mouadh-ghannouchi-recherche\/132065\/#article","isPartOf":{"@id":"https:\/\/www.webdo.tn\/fr\/actualite\/national\/affaire-namaa-jebali-et-daadaa-en-liberte-mouadh-ghannouchi-recherche\/132065\/"},"author":{"name":"webdo.tn","@id":"https:\/\/www.webdo.tn\/fr\/#\/schema\/person\/9a9c6118d687c117df8ef3cc36a4d175"},"headline":"Affaire \u00ab\u00a0Nama\u00a0\u00bb : Jebali et Daadaa en libert\u00e9, Mouadh Ghannouchi recherch\u00e9","datePublished":"2022-06-28T09:26:00+00:00","dateModified":"2025-05-17T20:51:20+00:00","mainEntityOfPage":{"@id":"https:\/\/www.webdo.tn\/fr\/actualite\/national\/affaire-namaa-jebali-et-daadaa-en-liberte-mouadh-ghannouchi-recherche\/132065\/"},"wordCount":508,"commentCount":0,"publisher":{"@id":"https:\/\/www.webdo.tn\/fr\/#organization"},"image":{"@id":"https:\/\/www.webdo.tn\/fr\/actualite\/national\/affaire-namaa-jebali-et-daadaa-en-liberte-mouadh-ghannouchi-recherche\/132065\/#primaryimage"},"thumbnailUrl":"https:\/\/www.webdo.tn\/fr\/wp-content\/uploads\/2022\/06\/Hamadi-Jebali.jpg","keywords":["guerre"],"articleSection":["National"],"inLanguage":"fr-FR"},{"@type":"WebPage","@id":"https:\/\/www.webdo.tn\/fr\/actualite\/national\/affaire-namaa-jebali-et-daadaa-en-liberte-mouadh-ghannouchi-recherche\/132065\/","url":"https:\/\/www.webdo.tn\/fr\/actualite\/national\/affaire-namaa-jebali-et-daadaa-en-liberte-mouadh-ghannouchi-recherche\/132065\/","name":"Affaire Nama : Jebali et Daadaa en libert\u00e9, Mouadh Ghannouchi recherch\u00e9","isPartOf":{"@id":"https:\/\/www.webdo.tn\/fr\/#website"},"primaryImageOfPage":{"@id":"https:\/\/www.webdo.tn\/fr\/actualite\/national\/affaire-namaa-jebali-et-daadaa-en-liberte-mouadh-ghannouchi-recherche\/132065\/#primaryimage"},"image":{"@id":"https:\/\/www.webdo.tn\/fr\/actualite\/national\/affaire-namaa-jebali-et-daadaa-en-liberte-mouadh-ghannouchi-recherche\/132065\/#primaryimage"},"thumbnailUrl":"https:\/\/www.webdo.tn\/fr\/wp-content\/uploads\/2022\/06\/Hamadi-Jebali.jpg","datePublished":"2022-06-28T09:26:00+00:00","dateModified":"2025-05-17T20:51:20+00:00","description":"Affaire Nama : Jebali et Daadaa en libert\u00e9, Mouadh Ghannouchi recherch\u00e9","breadcrumb":{"@id":"https:\/\/www.webdo.tn\/fr\/actualite\/national\/affaire-namaa-jebali-et-daadaa-en-liberte-mouadh-ghannouchi-recherche\/132065\/#breadcrumb"},"inLanguage":"fr-FR","potentialAction":[{"@type":"ReadAction","target":["https:\/\/www.webdo.tn\/fr\/actualite\/national\/affaire-namaa-jebali-et-daadaa-en-liberte-mouadh-ghannouchi-recherche\/132065\/"]}]},{"@type":"ImageObject","inLanguage":"fr-FR","@id":"https:\/\/www.webdo.tn\/fr\/actualite\/national\/affaire-namaa-jebali-et-daadaa-en-liberte-mouadh-ghannouchi-recherche\/132065\/#primaryimage","url":"https:\/\/www.webdo.tn\/fr\/wp-content\/uploads\/2022\/06\/Hamadi-Jebali.jpg","contentUrl":"https:\/\/www.webdo.tn\/fr\/wp-content\/uploads\/2022\/06\/Hamadi-Jebali.jpg","width":650,"height":365,"caption":"Affaire \"Nama\" : Jebali et Daadaa en libert\u00e9, Mouadh Ghannouchi recherch\u00e9"},{"@type":"BreadcrumbList","@id":"https:\/\/www.webdo.tn\/fr\/actualite\/national\/affaire-namaa-jebali-et-daadaa-en-liberte-mouadh-ghannouchi-recherche\/132065\/#breadcrumb","itemListElement":[{"@type":"ListItem","position":1,"name":"Accueil","item":"https:\/\/www.webdo.tn\/fr\/"},{"@type":"ListItem","position":2,"name":"Affaire \u00ab\u00a0Nama\u00a0\u00bb : Jebali et Daadaa en libert\u00e9, Mouadh Ghannouchi recherch\u00e9"}]},{"@type":"WebSite","@id":"https:\/\/www.webdo.tn\/fr\/#website","url":"https:\/\/www.webdo.tn\/fr\/","name":"webdo","description":"Tunisie - News en Tunisie et \u00e0 l&#039;international sur Webdo.tn","publisher":{"@id":"https:\/\/www.webdo.tn\/fr\/#organization"},"potentialAction":[{"@type":"SearchAction","target":{"@type":"EntryPoint","urlTemplate":"https:\/\/www.webdo.tn\/fr\/?s={search_term_string}"},"query-input":{"@type":"PropertyValueSpecification","valueRequired":true,"valueName":"search_term_string"}}],"inLanguage":"fr-FR"},{"@type":"Organization","@id":"https:\/\/www.webdo.tn\/fr\/#organization","name":"Webdo","alternateName":"Webdo.tn","url":"https:\/\/www.webdo.tn\/fr\/","logo":{"@type":"ImageObject","inLanguage":"fr-FR","@id":"https:\/\/www.webdo.tn\/fr\/#\/schema\/logo\/image\/","url":"https:\/\/www.webdo.tn\/fr\/wp-content\/uploads\/2025\/06\/Webdo-Tunisie_168377.jpg","contentUrl":"https:\/\/www.webdo.tn\/fr\/wp-content\/uploads\/2025\/06\/Webdo-Tunisie_168377.jpg","width":301,"height":301,"caption":"Webdo"},"image":{"@id":"https:\/\/www.webdo.tn\/fr\/#\/schema\/logo\/image\/"},"sameAs":["https:\/\/www.facebook.com\/webdotn","https:\/\/x.com\/webdo_tn"],"description":"Webdo est un m\u00e9dia num\u00e9rique tunisien fond\u00e9 en 2010, sp\u00e9cialis\u00e9 dans l\u2019actualit\u00e9 nationale et internationale, l\u2019\u00e9conomie, la soci\u00e9t\u00e9 et les analyses politiques. Le site s\u2019adresse \u00e0 un large public francophone et couvre l\u2019information tunisienne en temps r\u00e9el.","email":"redac@webdo.tn","legalName":"YNJ SARL","foundingDate":"2010-09-06","numberOfEmployees":{"@type":"QuantitativeValue","minValue":"11","maxValue":"50"}},{"@type":"Person","@id":"https:\/\/www.webdo.tn\/fr\/#\/schema\/person\/9a9c6118d687c117df8ef3cc36a4d175","name":"webdo.tn","image":{"@type":"ImageObject","inLanguage":"fr-FR","@id":"https:\/\/secure.gravatar.com\/avatar\/7ce1f28c0c3bbac99ff550b85ef8e44a6950c6ee24514fb6a5489e51d06f0298?s=96&d=mm&r=g","url":"https:\/\/secure.gravatar.com\/avatar\/7ce1f28c0c3bbac99ff550b85ef8e44a6950c6ee24514fb6a5489e51d06f0298?s=96&d=mm&r=g","contentUrl":"https:\/\/secure.gravatar.com\/avatar\/7ce1f28c0c3bbac99ff550b85ef8e44a6950c6ee24514fb6a5489e51d06f0298?s=96&d=mm&r=g","caption":"webdo.tn"},"url":"https:\/\/www.webdo.tn\/fr\/actualite\/author\/webdotn\/"}]}},"_links":{"self":[{"href":"https:\/\/www.webdo.tn\/fr\/wp-json\/wp\/v2\/posts\/132065","targetHints":{"allow":["GET"]}}],"collection":[{"href":"https:\/\/www.webdo.tn\/fr\/wp-json\/wp\/v2\/posts"}],"about":[{"href":"https:\/\/www.webdo.tn\/fr\/wp-json\/wp\/v2\/types\/post"}],"author":[{"embeddable":true,"href":"https:\/\/www.webdo.tn\/fr\/wp-json\/wp\/v2\/users\/3222"}],"replies":[{"embeddable":true,"href":"https:\/\/www.webdo.tn\/fr\/wp-json\/wp\/v2\/comments?post=132065"}],"version-history":[{"count":0,"href":"https:\/\/www.webdo.tn\/fr\/wp-json\/wp\/v2\/posts\/132065\/revisions"}],"wp:featuredmedia":[{"embeddable":true,"href":"https:\/\/www.webdo.tn\/fr\/wp-json\/wp\/v2\/media\/276435"}],"wp:attachment":[{"href":"https:\/\/www.webdo.tn\/fr\/wp-json\/wp\/v2\/media?parent=132065"}],"wp:term":[{"taxonomy":"category","embeddable":true,"href":"https:\/\/www.webdo.tn\/fr\/wp-json\/wp\/v2\/categories?post=132065"},{"taxonomy":"post_tag","embeddable":true,"href":"https:\/\/www.webdo.tn\/fr\/wp-json\/wp\/v2\/tags?post=132065"}],"curies":[{"name":"wp","href":"https:\/\/api.w.org\/{rel}","templated":true}]}}