{"id":131966,"date":"2022-07-06T09:03:00","date_gmt":"2022-07-06T09:03:00","guid":{"rendered":"https:\/\/www.webdo.tn\/fr\/blog\/affaire-namaa-rached-ghannouchi-devant-la-justice-en-tant-quaccuse\/131966\/"},"modified":"2025-05-17T20:51:47","modified_gmt":"2025-05-17T20:51:47","slug":"affaire-namaa-rached-ghannouchi-devant-la-justice-en-tant-quaccuse","status":"publish","type":"post","link":"https:\/\/www.webdo.tn\/fr\/actualite\/national\/affaire-namaa-rached-ghannouchi-devant-la-justice-en-tant-quaccuse\/131966\/","title":{"rendered":"Affaire Namaa : Rached Ghannouchi devant la justice en tant qu&rsquo;accus\u00e9"},"content":{"rendered":"<p>Le juge d\u2019instruction du P\u00f4le judiciaire de lutte contre le terrorisme a d\u00e9cid\u00e9 de convoquer le pr\u00e9sident du parti Ennahdha Rached Ghannouchi en tant qu\u2019accus\u00e9 dans l\u2019affaire de l\u2019association Namaa Touns, pour une audition.<\/p>\n<p>Son audition aura lieu le 19 juillet prochain, rapporte Mosa\u00efque FM qui cite des sources judiciaires.<\/p>\n<p>\u00ab Selon les \u00e9l\u00e9ments disponibles, les agents de l\u2019Unit\u00e9 centrale de lutte contre le terrorisme et des crimes touchant \u00e0 la s\u00fbret\u00e9 du territoire nationale, ont inform\u00e9, hier mardi, Rached Ghannouchi qu\u2019il est convoqu\u00e9 pour compara\u00eetre devant le juge d\u2019instruction au P\u00f4le judiciaire de lutte contre le terrorisme \u00bb, explique la m\u00eame source.<\/p>\n<p>L\u2019affaire concerne une association cr\u00e9\u00e9e par des figures nahdhaouis et qui serait en lien avec des actes de financement du terrorisme et de blanchiment d\u2019argent.<\/p>\n<p>Le minist\u00e8re public a ordonn\u00e9 l\u2019\u00e9mission d\u2019un avis de recherche \u00e0 l\u2019encontre de la fille de l\u2019ancien chef du gouvernement Hamadi Jebali.<\/p>\n<p>Un avis de recherche a \u00e9galement \u00e9t\u00e9 \u00e9mis \u00e0 l\u2019encontre de l\u2019ancien ministre des Affaires \u00e9trang\u00e8res Rafik Abdessalem.<\/p>\n<p>Cette enqu\u00eate vise d\u2019anciens et actuels dirigeants de l\u2019association pour blanchiment d\u2019argent et financement illicite de personnes et groupes li\u00e9s au terrorisme en Tunisie et \u00e0 l\u2019\u00e9tranger.<\/p>\n<p>Conform\u00e9ment \u00e0 une d\u00e9cision de justice, les comptes bancaires et les avoirs de plusieurs personnes accus\u00e9es dans l\u2019affaire relative \u00e0 l\u2019association caritative \u00ab\u00a0Nama Tounes\u00a0\u00bb, ont \u00e9t\u00e9 gel\u00e9s.<\/p>\n<p>La liste publi\u00e9e par la Commission tunisienne des analyses financi\u00e8res (Ctaf) \u00e9voque notamment le pr\u00e9sident du Mouvement Ennahdha Rached Ghannouchi, son fils Mouadh, sa fille Soumaya Ghannouchi et son gendre Rafik Abdessalem, l\u2019ancien chef du gouvernement Hamadi Jebali, ses deux filles et son \u00e9pouse, en plus d\u2019autres personnes.<\/p>\n","protected":false},"excerpt":{"rendered":"<p>Affaire Namaa : Rached Ghannouchi devant la justice en tant qu&rsquo;accus\u00e9<\/p>\n","protected":false},"author":3222,"featured_media":276455,"comment_status":"open","ping_status":"closed","sticky":false,"template":"","format":"standard","meta":{"footnotes":""},"categories":[44],"tags":[2600],"class_list":["post-131966","post","type-post","status-publish","format-standard","has-post-thumbnail","hentry","category-national","tag-guerre"],"yoast_head":"<!-- This site is optimized with the Yoast SEO Premium plugin v27.5 (Yoast SEO v27.5) - https:\/\/yoast.com\/product\/yoast-seo-premium-wordpress\/ -->\n<title>Affaire Namaa : Rached Ghannouchi devant la justice en tant qu&#039;accus\u00e9<\/title>\n<meta name=\"description\" content=\"Affaire Namaa : Rached Ghannouchi devant la justice en tant qu&#039;accus\u00e9\" \/>\n<link rel=\"canonical\" href=\"https:\/\/www.webdo.tn\/fr\/actualite\/national\/affaire-namaa-rached-ghannouchi-devant-la-justice-en-tant-quaccuse\/131966\/\" \/>\n<meta property=\"og:locale\" content=\"fr_FR\" \/>\n<meta property=\"og:type\" content=\"article\" \/>\n<meta property=\"og:title\" content=\"Affaire Namaa : Rached Ghannouchi devant la justice en tant qu&#039;accus\u00e9\" \/>\n<meta property=\"og:description\" content=\"Affaire Namaa : Rached Ghannouchi devant la justice en tant qu&#039;accus\u00e9\" \/>\n<meta property=\"og:url\" content=\"https:\/\/www.webdo.tn\/fr\/actualite\/national\/affaire-namaa-rached-ghannouchi-devant-la-justice-en-tant-quaccuse\/131966\/\" \/>\n<meta property=\"og:site_name\" content=\"webdo\" \/>\n<meta property=\"article:publisher\" content=\"https:\/\/www.facebook.com\/webdotn\" \/>\n<meta property=\"article:published_time\" content=\"2022-07-06T09:03:00+00:00\" \/>\n<meta property=\"article:modified_time\" content=\"2025-05-17T20:51:47+00:00\" \/>\n<meta property=\"og:image\" content=\"https:\/\/www.webdo.tn\/fr\/wp-content\/uploads\/2022\/07\/ghannouchi.png\" \/>\n\t<meta property=\"og:image:width\" content=\"696\" \/>\n\t<meta property=\"og:image:height\" content=\"441\" \/>\n\t<meta property=\"og:image:type\" content=\"image\/png\" \/>\n<meta name=\"author\" content=\"webdo.tn\" \/>\n<meta name=\"twitter:card\" content=\"summary_large_image\" \/>\n<meta name=\"twitter:creator\" content=\"@webdo_tn\" \/>\n<meta name=\"twitter:site\" content=\"@webdo_tn\" \/>\n<meta name=\"twitter:label1\" content=\"\u00c9crit par\" \/>\n\t<meta name=\"twitter:data1\" content=\"webdo.tn\" \/>\n\t<meta name=\"twitter:label2\" content=\"Dur\u00e9e de lecture estim\u00e9e\" \/>\n\t<meta name=\"twitter:data2\" content=\"2 minutes\" \/>\n<script type=\"application\/ld+json\" class=\"yoast-schema-graph\">{\"@context\":\"https:\\\/\\\/schema.org\",\"@graph\":[{\"@type\":\"NewsArticle\",\"@id\":\"https:\\\/\\\/www.webdo.tn\\\/fr\\\/actualite\\\/national\\\/affaire-namaa-rached-ghannouchi-devant-la-justice-en-tant-quaccuse\\\/131966\\\/#article\",\"isPartOf\":{\"@id\":\"https:\\\/\\\/www.webdo.tn\\\/fr\\\/actualite\\\/national\\\/affaire-namaa-rached-ghannouchi-devant-la-justice-en-tant-quaccuse\\\/131966\\\/\"},\"author\":{\"name\":\"webdo.tn\",\"@id\":\"https:\\\/\\\/www.webdo.tn\\\/fr\\\/#\\\/schema\\\/person\\\/9a9c6118d687c117df8ef3cc36a4d175\"},\"headline\":\"Affaire Namaa : Rached Ghannouchi devant la justice en tant qu&rsquo;accus\u00e9\",\"datePublished\":\"2022-07-06T09:03:00+00:00\",\"dateModified\":\"2025-05-17T20:51:47+00:00\",\"mainEntityOfPage\":{\"@id\":\"https:\\\/\\\/www.webdo.tn\\\/fr\\\/actualite\\\/national\\\/affaire-namaa-rached-ghannouchi-devant-la-justice-en-tant-quaccuse\\\/131966\\\/\"},\"wordCount\":316,\"commentCount\":0,\"publisher\":{\"@id\":\"https:\\\/\\\/www.webdo.tn\\\/fr\\\/#organization\"},\"image\":{\"@id\":\"https:\\\/\\\/www.webdo.tn\\\/fr\\\/actualite\\\/national\\\/affaire-namaa-rached-ghannouchi-devant-la-justice-en-tant-quaccuse\\\/131966\\\/#primaryimage\"},\"thumbnailUrl\":\"https:\\\/\\\/www.webdo.tn\\\/fr\\\/wp-content\\\/uploads\\\/2022\\\/07\\\/ghannouchi.png\",\"keywords\":[\"guerre\"],\"articleSection\":[\"National\"],\"inLanguage\":\"fr-FR\"},{\"@type\":\"WebPage\",\"@id\":\"https:\\\/\\\/www.webdo.tn\\\/fr\\\/actualite\\\/national\\\/affaire-namaa-rached-ghannouchi-devant-la-justice-en-tant-quaccuse\\\/131966\\\/\",\"url\":\"https:\\\/\\\/www.webdo.tn\\\/fr\\\/actualite\\\/national\\\/affaire-namaa-rached-ghannouchi-devant-la-justice-en-tant-quaccuse\\\/131966\\\/\",\"name\":\"Affaire Namaa : Rached Ghannouchi devant la justice en tant qu'accus\u00e9\",\"isPartOf\":{\"@id\":\"https:\\\/\\\/www.webdo.tn\\\/fr\\\/#website\"},\"primaryImageOfPage\":{\"@id\":\"https:\\\/\\\/www.webdo.tn\\\/fr\\\/actualite\\\/national\\\/affaire-namaa-rached-ghannouchi-devant-la-justice-en-tant-quaccuse\\\/131966\\\/#primaryimage\"},\"image\":{\"@id\":\"https:\\\/\\\/www.webdo.tn\\\/fr\\\/actualite\\\/national\\\/affaire-namaa-rached-ghannouchi-devant-la-justice-en-tant-quaccuse\\\/131966\\\/#primaryimage\"},\"thumbnailUrl\":\"https:\\\/\\\/www.webdo.tn\\\/fr\\\/wp-content\\\/uploads\\\/2022\\\/07\\\/ghannouchi.png\",\"datePublished\":\"2022-07-06T09:03:00+00:00\",\"dateModified\":\"2025-05-17T20:51:47+00:00\",\"description\":\"Affaire Namaa : Rached Ghannouchi devant la justice en tant qu'accus\u00e9\",\"breadcrumb\":{\"@id\":\"https:\\\/\\\/www.webdo.tn\\\/fr\\\/actualite\\\/national\\\/affaire-namaa-rached-ghannouchi-devant-la-justice-en-tant-quaccuse\\\/131966\\\/#breadcrumb\"},\"inLanguage\":\"fr-FR\",\"potentialAction\":[{\"@type\":\"ReadAction\",\"target\":[\"https:\\\/\\\/www.webdo.tn\\\/fr\\\/actualite\\\/national\\\/affaire-namaa-rached-ghannouchi-devant-la-justice-en-tant-quaccuse\\\/131966\\\/\"]}]},{\"@type\":\"ImageObject\",\"inLanguage\":\"fr-FR\",\"@id\":\"https:\\\/\\\/www.webdo.tn\\\/fr\\\/actualite\\\/national\\\/affaire-namaa-rached-ghannouchi-devant-la-justice-en-tant-quaccuse\\\/131966\\\/#primaryimage\",\"url\":\"https:\\\/\\\/www.webdo.tn\\\/fr\\\/wp-content\\\/uploads\\\/2022\\\/07\\\/ghannouchi.png\",\"contentUrl\":\"https:\\\/\\\/www.webdo.tn\\\/fr\\\/wp-content\\\/uploads\\\/2022\\\/07\\\/ghannouchi.png\",\"width\":696,\"height\":441,\"caption\":\"Affaire Namaa : Rached Ghannouchi devant la justice en tant qu'accus\u00e9\"},{\"@type\":\"BreadcrumbList\",\"@id\":\"https:\\\/\\\/www.webdo.tn\\\/fr\\\/actualite\\\/national\\\/affaire-namaa-rached-ghannouchi-devant-la-justice-en-tant-quaccuse\\\/131966\\\/#breadcrumb\",\"itemListElement\":[{\"@type\":\"ListItem\",\"position\":1,\"name\":\"Accueil\",\"item\":\"https:\\\/\\\/www.webdo.tn\\\/fr\\\/\"},{\"@type\":\"ListItem\",\"position\":2,\"name\":\"Affaire Namaa : Rached Ghannouchi devant la justice en tant qu&rsquo;accus\u00e9\"}]},{\"@type\":\"WebSite\",\"@id\":\"https:\\\/\\\/www.webdo.tn\\\/fr\\\/#website\",\"url\":\"https:\\\/\\\/www.webdo.tn\\\/fr\\\/\",\"name\":\"webdo\",\"description\":\"Tunisie - News en Tunisie et \u00e0 l&#039;international sur Webdo.tn\",\"publisher\":{\"@id\":\"https:\\\/\\\/www.webdo.tn\\\/fr\\\/#organization\"},\"potentialAction\":[{\"@type\":\"SearchAction\",\"target\":{\"@type\":\"EntryPoint\",\"urlTemplate\":\"https:\\\/\\\/www.webdo.tn\\\/fr\\\/?s={search_term_string}\"},\"query-input\":{\"@type\":\"PropertyValueSpecification\",\"valueRequired\":true,\"valueName\":\"search_term_string\"}}],\"inLanguage\":\"fr-FR\"},{\"@type\":\"Organization\",\"@id\":\"https:\\\/\\\/www.webdo.tn\\\/fr\\\/#organization\",\"name\":\"Webdo\",\"alternateName\":\"Webdo.tn\",\"url\":\"https:\\\/\\\/www.webdo.tn\\\/fr\\\/\",\"logo\":{\"@type\":\"ImageObject\",\"inLanguage\":\"fr-FR\",\"@id\":\"https:\\\/\\\/www.webdo.tn\\\/fr\\\/#\\\/schema\\\/logo\\\/image\\\/\",\"url\":\"https:\\\/\\\/www.webdo.tn\\\/fr\\\/wp-content\\\/uploads\\\/2025\\\/06\\\/Webdo-Tunisie_168377.jpg\",\"contentUrl\":\"https:\\\/\\\/www.webdo.tn\\\/fr\\\/wp-content\\\/uploads\\\/2025\\\/06\\\/Webdo-Tunisie_168377.jpg\",\"width\":301,\"height\":301,\"caption\":\"Webdo\"},\"image\":{\"@id\":\"https:\\\/\\\/www.webdo.tn\\\/fr\\\/#\\\/schema\\\/logo\\\/image\\\/\"},\"sameAs\":[\"https:\\\/\\\/www.facebook.com\\\/webdotn\",\"https:\\\/\\\/x.com\\\/webdo_tn\"],\"description\":\"Webdo est un m\u00e9dia num\u00e9rique tunisien fond\u00e9 en 2010, sp\u00e9cialis\u00e9 dans l\u2019actualit\u00e9 nationale et internationale, l\u2019\u00e9conomie, la soci\u00e9t\u00e9 et les analyses politiques. Le site s\u2019adresse \u00e0 un large public francophone et couvre l\u2019information tunisienne en temps r\u00e9el.\",\"email\":\"redac@webdo.tn\",\"legalName\":\"YNJ SARL\",\"foundingDate\":\"2010-09-06\",\"numberOfEmployees\":{\"@type\":\"QuantitativeValue\",\"minValue\":\"11\",\"maxValue\":\"50\"}},{\"@type\":\"Person\",\"@id\":\"https:\\\/\\\/www.webdo.tn\\\/fr\\\/#\\\/schema\\\/person\\\/9a9c6118d687c117df8ef3cc36a4d175\",\"name\":\"webdo.tn\",\"image\":{\"@type\":\"ImageObject\",\"inLanguage\":\"fr-FR\",\"@id\":\"https:\\\/\\\/secure.gravatar.com\\\/avatar\\\/7ce1f28c0c3bbac99ff550b85ef8e44a6950c6ee24514fb6a5489e51d06f0298?s=96&d=mm&r=g\",\"url\":\"https:\\\/\\\/secure.gravatar.com\\\/avatar\\\/7ce1f28c0c3bbac99ff550b85ef8e44a6950c6ee24514fb6a5489e51d06f0298?s=96&d=mm&r=g\",\"contentUrl\":\"https:\\\/\\\/secure.gravatar.com\\\/avatar\\\/7ce1f28c0c3bbac99ff550b85ef8e44a6950c6ee24514fb6a5489e51d06f0298?s=96&d=mm&r=g\",\"caption\":\"webdo.tn\"},\"url\":\"https:\\\/\\\/www.webdo.tn\\\/fr\\\/actualite\\\/author\\\/webdotn\\\/\"}]}<\/script>\n<!-- \/ Yoast SEO Premium plugin. -->","yoast_head_json":{"title":"Affaire Namaa : Rached Ghannouchi devant la justice en tant qu'accus\u00e9","description":"Affaire Namaa : Rached Ghannouchi devant la justice en tant qu'accus\u00e9","canonical":"https:\/\/www.webdo.tn\/fr\/actualite\/national\/affaire-namaa-rached-ghannouchi-devant-la-justice-en-tant-quaccuse\/131966\/","og_locale":"fr_FR","og_type":"article","og_title":"Affaire Namaa : Rached Ghannouchi devant la justice en tant qu'accus\u00e9","og_description":"Affaire Namaa : Rached Ghannouchi devant la justice en tant qu'accus\u00e9","og_url":"https:\/\/www.webdo.tn\/fr\/actualite\/national\/affaire-namaa-rached-ghannouchi-devant-la-justice-en-tant-quaccuse\/131966\/","og_site_name":"webdo","article_publisher":"https:\/\/www.facebook.com\/webdotn","article_published_time":"2022-07-06T09:03:00+00:00","article_modified_time":"2025-05-17T20:51:47+00:00","og_image":[{"width":696,"height":441,"url":"https:\/\/www.webdo.tn\/fr\/wp-content\/uploads\/2022\/07\/ghannouchi.png","type":"image\/png"}],"author":"webdo.tn","twitter_card":"summary_large_image","twitter_creator":"@webdo_tn","twitter_site":"@webdo_tn","twitter_misc":{"\u00c9crit par":"webdo.tn","Dur\u00e9e de lecture estim\u00e9e":"2 minutes"},"schema":{"@context":"https:\/\/schema.org","@graph":[{"@type":"NewsArticle","@id":"https:\/\/www.webdo.tn\/fr\/actualite\/national\/affaire-namaa-rached-ghannouchi-devant-la-justice-en-tant-quaccuse\/131966\/#article","isPartOf":{"@id":"https:\/\/www.webdo.tn\/fr\/actualite\/national\/affaire-namaa-rached-ghannouchi-devant-la-justice-en-tant-quaccuse\/131966\/"},"author":{"name":"webdo.tn","@id":"https:\/\/www.webdo.tn\/fr\/#\/schema\/person\/9a9c6118d687c117df8ef3cc36a4d175"},"headline":"Affaire Namaa : Rached Ghannouchi devant la justice en tant qu&rsquo;accus\u00e9","datePublished":"2022-07-06T09:03:00+00:00","dateModified":"2025-05-17T20:51:47+00:00","mainEntityOfPage":{"@id":"https:\/\/www.webdo.tn\/fr\/actualite\/national\/affaire-namaa-rached-ghannouchi-devant-la-justice-en-tant-quaccuse\/131966\/"},"wordCount":316,"commentCount":0,"publisher":{"@id":"https:\/\/www.webdo.tn\/fr\/#organization"},"image":{"@id":"https:\/\/www.webdo.tn\/fr\/actualite\/national\/affaire-namaa-rached-ghannouchi-devant-la-justice-en-tant-quaccuse\/131966\/#primaryimage"},"thumbnailUrl":"https:\/\/www.webdo.tn\/fr\/wp-content\/uploads\/2022\/07\/ghannouchi.png","keywords":["guerre"],"articleSection":["National"],"inLanguage":"fr-FR"},{"@type":"WebPage","@id":"https:\/\/www.webdo.tn\/fr\/actualite\/national\/affaire-namaa-rached-ghannouchi-devant-la-justice-en-tant-quaccuse\/131966\/","url":"https:\/\/www.webdo.tn\/fr\/actualite\/national\/affaire-namaa-rached-ghannouchi-devant-la-justice-en-tant-quaccuse\/131966\/","name":"Affaire Namaa : Rached Ghannouchi devant la justice en tant qu'accus\u00e9","isPartOf":{"@id":"https:\/\/www.webdo.tn\/fr\/#website"},"primaryImageOfPage":{"@id":"https:\/\/www.webdo.tn\/fr\/actualite\/national\/affaire-namaa-rached-ghannouchi-devant-la-justice-en-tant-quaccuse\/131966\/#primaryimage"},"image":{"@id":"https:\/\/www.webdo.tn\/fr\/actualite\/national\/affaire-namaa-rached-ghannouchi-devant-la-justice-en-tant-quaccuse\/131966\/#primaryimage"},"thumbnailUrl":"https:\/\/www.webdo.tn\/fr\/wp-content\/uploads\/2022\/07\/ghannouchi.png","datePublished":"2022-07-06T09:03:00+00:00","dateModified":"2025-05-17T20:51:47+00:00","description":"Affaire Namaa : Rached Ghannouchi devant la justice en tant qu'accus\u00e9","breadcrumb":{"@id":"https:\/\/www.webdo.tn\/fr\/actualite\/national\/affaire-namaa-rached-ghannouchi-devant-la-justice-en-tant-quaccuse\/131966\/#breadcrumb"},"inLanguage":"fr-FR","potentialAction":[{"@type":"ReadAction","target":["https:\/\/www.webdo.tn\/fr\/actualite\/national\/affaire-namaa-rached-ghannouchi-devant-la-justice-en-tant-quaccuse\/131966\/"]}]},{"@type":"ImageObject","inLanguage":"fr-FR","@id":"https:\/\/www.webdo.tn\/fr\/actualite\/national\/affaire-namaa-rached-ghannouchi-devant-la-justice-en-tant-quaccuse\/131966\/#primaryimage","url":"https:\/\/www.webdo.tn\/fr\/wp-content\/uploads\/2022\/07\/ghannouchi.png","contentUrl":"https:\/\/www.webdo.tn\/fr\/wp-content\/uploads\/2022\/07\/ghannouchi.png","width":696,"height":441,"caption":"Affaire Namaa : Rached Ghannouchi devant la justice en tant qu'accus\u00e9"},{"@type":"BreadcrumbList","@id":"https:\/\/www.webdo.tn\/fr\/actualite\/national\/affaire-namaa-rached-ghannouchi-devant-la-justice-en-tant-quaccuse\/131966\/#breadcrumb","itemListElement":[{"@type":"ListItem","position":1,"name":"Accueil","item":"https:\/\/www.webdo.tn\/fr\/"},{"@type":"ListItem","position":2,"name":"Affaire Namaa : Rached Ghannouchi devant la justice en tant qu&rsquo;accus\u00e9"}]},{"@type":"WebSite","@id":"https:\/\/www.webdo.tn\/fr\/#website","url":"https:\/\/www.webdo.tn\/fr\/","name":"webdo","description":"Tunisie - News en Tunisie et \u00e0 l&#039;international sur Webdo.tn","publisher":{"@id":"https:\/\/www.webdo.tn\/fr\/#organization"},"potentialAction":[{"@type":"SearchAction","target":{"@type":"EntryPoint","urlTemplate":"https:\/\/www.webdo.tn\/fr\/?s={search_term_string}"},"query-input":{"@type":"PropertyValueSpecification","valueRequired":true,"valueName":"search_term_string"}}],"inLanguage":"fr-FR"},{"@type":"Organization","@id":"https:\/\/www.webdo.tn\/fr\/#organization","name":"Webdo","alternateName":"Webdo.tn","url":"https:\/\/www.webdo.tn\/fr\/","logo":{"@type":"ImageObject","inLanguage":"fr-FR","@id":"https:\/\/www.webdo.tn\/fr\/#\/schema\/logo\/image\/","url":"https:\/\/www.webdo.tn\/fr\/wp-content\/uploads\/2025\/06\/Webdo-Tunisie_168377.jpg","contentUrl":"https:\/\/www.webdo.tn\/fr\/wp-content\/uploads\/2025\/06\/Webdo-Tunisie_168377.jpg","width":301,"height":301,"caption":"Webdo"},"image":{"@id":"https:\/\/www.webdo.tn\/fr\/#\/schema\/logo\/image\/"},"sameAs":["https:\/\/www.facebook.com\/webdotn","https:\/\/x.com\/webdo_tn"],"description":"Webdo est un m\u00e9dia num\u00e9rique tunisien fond\u00e9 en 2010, sp\u00e9cialis\u00e9 dans l\u2019actualit\u00e9 nationale et internationale, l\u2019\u00e9conomie, la soci\u00e9t\u00e9 et les analyses politiques. Le site s\u2019adresse \u00e0 un large public francophone et couvre l\u2019information tunisienne en temps r\u00e9el.","email":"redac@webdo.tn","legalName":"YNJ SARL","foundingDate":"2010-09-06","numberOfEmployees":{"@type":"QuantitativeValue","minValue":"11","maxValue":"50"}},{"@type":"Person","@id":"https:\/\/www.webdo.tn\/fr\/#\/schema\/person\/9a9c6118d687c117df8ef3cc36a4d175","name":"webdo.tn","image":{"@type":"ImageObject","inLanguage":"fr-FR","@id":"https:\/\/secure.gravatar.com\/avatar\/7ce1f28c0c3bbac99ff550b85ef8e44a6950c6ee24514fb6a5489e51d06f0298?s=96&d=mm&r=g","url":"https:\/\/secure.gravatar.com\/avatar\/7ce1f28c0c3bbac99ff550b85ef8e44a6950c6ee24514fb6a5489e51d06f0298?s=96&d=mm&r=g","contentUrl":"https:\/\/secure.gravatar.com\/avatar\/7ce1f28c0c3bbac99ff550b85ef8e44a6950c6ee24514fb6a5489e51d06f0298?s=96&d=mm&r=g","caption":"webdo.tn"},"url":"https:\/\/www.webdo.tn\/fr\/actualite\/author\/webdotn\/"}]}},"_links":{"self":[{"href":"https:\/\/www.webdo.tn\/fr\/wp-json\/wp\/v2\/posts\/131966","targetHints":{"allow":["GET"]}}],"collection":[{"href":"https:\/\/www.webdo.tn\/fr\/wp-json\/wp\/v2\/posts"}],"about":[{"href":"https:\/\/www.webdo.tn\/fr\/wp-json\/wp\/v2\/types\/post"}],"author":[{"embeddable":true,"href":"https:\/\/www.webdo.tn\/fr\/wp-json\/wp\/v2\/users\/3222"}],"replies":[{"embeddable":true,"href":"https:\/\/www.webdo.tn\/fr\/wp-json\/wp\/v2\/comments?post=131966"}],"version-history":[{"count":0,"href":"https:\/\/www.webdo.tn\/fr\/wp-json\/wp\/v2\/posts\/131966\/revisions"}],"wp:featuredmedia":[{"embeddable":true,"href":"https:\/\/www.webdo.tn\/fr\/wp-json\/wp\/v2\/media\/276455"}],"wp:attachment":[{"href":"https:\/\/www.webdo.tn\/fr\/wp-json\/wp\/v2\/media?parent=131966"}],"wp:term":[{"taxonomy":"category","embeddable":true,"href":"https:\/\/www.webdo.tn\/fr\/wp-json\/wp\/v2\/categories?post=131966"},{"taxonomy":"post_tag","embeddable":true,"href":"https:\/\/www.webdo.tn\/fr\/wp-json\/wp\/v2\/tags?post=131966"}],"curies":[{"name":"wp","href":"https:\/\/api.w.org\/{rel}","templated":true}]}}