{"id":130970,"date":"2022-09-30T09:19:00","date_gmt":"2022-09-30T09:19:00","guid":{"rendered":"https:\/\/www.webdo.tn\/fr\/blog\/1573-agressions-contre-la-flotte-de-la-transtu-et-1-md-de-pertes-en-2021\/130970\/"},"modified":"2025-05-14T10:56:52","modified_gmt":"2025-05-14T10:56:52","slug":"1573-agressions-contre-la-flotte-de-la-transtu-et-1-md-de-pertes-en-2021","status":"publish","type":"post","link":"https:\/\/www.webdo.tn\/fr\/actualite\/national\/1573-agressions-contre-la-flotte-de-la-transtu-et-1-md-de-pertes-en-2021\/130970\/","title":{"rendered":"1573 agressions contre la flotte de la Transtu et 1 MD de pertes en 2021"},"content":{"rendered":"<p>La Soci\u00e9t\u00e9 des Transports de Tunis (Transtu) a d\u00e9cid\u00e9 de lancer un cri d&rsquo;alarme apr\u00e8s les agressions r\u00e9p\u00e9t\u00e9es dont sont la cible les bus et m\u00e9tros dans le Grand-Tunis.<\/p>\n<p>Dans un communiqu\u00e9 publi\u00e9 jeudi 29 septembre 2022, la Transtu d\u00e9nonce les actes de vandalisme r\u00e9p\u00e9t\u00e9s contre ses bus et m\u00e9tros, un ph\u00e9nom\u00e8ne qui a aggrav\u00e9 la crise qu&rsquo;elle traverse.<\/p>\n<p>En 2021, 1573 actes de vandalisme ont cibl\u00e9 sa flotte, occasionnant des pertes \u00e9valu\u00e9es \u00e0 1 million de dinars, compte non tenu du manque \u00e0 gagner au niveau des recettes, a r\u00e9v\u00e9l\u00e9 la soci\u00e9t\u00e9, expliquant que ces pertes \u00e9quivalent au co\u00fbt d&rsquo;acquisition de trois bus.<\/p>\n<p>Routes barr\u00e9es, blocage des bus et prise en otage des agents pour demander des voyages suppl\u00e9mentaires, sont le lot quasi-quotidien des bus et m\u00e9tros, d\u00e9plore la soci\u00e9t\u00e9, qui lance ainsi un appel aux citoyens, pour arr\u00eater de telles agressions contre sa flotte.<\/p>\n<p>A titre d&rsquo;exemple, des citoyens ont bloqu\u00e9, hier matin, trois bus de la ligne 33 et 33A, au niveau de la station 25 juillet \u00e0 Sidi Hassine, les ont caillass\u00e9, blessant deux voyageurs et brisant plusieurs vitres.<\/p>\n<p>Au niveau de la cit\u00e9 Chaker \u00e0 Borj Touil (ligne 62A), plusieurs voyageurs ont bloqu\u00e9 deux bus pendant pr\u00e8s de deux heures et demi, hier matin.<\/p>\n","protected":false},"excerpt":{"rendered":"<p>1573 agressions contre la flotte de la Transtu et 1 MD de pertes en 2021<\/p>\n","protected":false},"author":3222,"featured_media":253710,"comment_status":"open","ping_status":"closed","sticky":false,"template":"","format":"standard","meta":{"footnotes":""},"categories":[44],"tags":[],"class_list":["post-130970","post","type-post","status-publish","format-standard","has-post-thumbnail","hentry","category-national"],"yoast_head":"<!-- This site is optimized with the Yoast SEO Premium plugin v27.5 (Yoast SEO v27.5) - https:\/\/yoast.com\/product\/yoast-seo-premium-wordpress\/ -->\n<title>1573 agressions contre la flotte de la Transtu et 1 MD de pertes en 2021<\/title>\n<meta name=\"description\" content=\"1573 agressions contre la flotte de la Transtu et 1 MD de pertes en 2021\" \/>\n<link rel=\"canonical\" href=\"https:\/\/www.webdo.tn\/fr\/actualite\/national\/1573-agressions-contre-la-flotte-de-la-transtu-et-1-md-de-pertes-en-2021\/130970\/\" \/>\n<meta property=\"og:locale\" content=\"fr_FR\" \/>\n<meta property=\"og:type\" content=\"article\" \/>\n<meta property=\"og:title\" content=\"1573 agressions contre la flotte de la Transtu et 1 MD de pertes en 2021\" \/>\n<meta property=\"og:description\" content=\"1573 agressions contre la flotte de la Transtu et 1 MD de pertes en 2021\" \/>\n<meta property=\"og:url\" content=\"https:\/\/www.webdo.tn\/fr\/actualite\/national\/1573-agressions-contre-la-flotte-de-la-transtu-et-1-md-de-pertes-en-2021\/130970\/\" \/>\n<meta property=\"og:site_name\" content=\"webdo\" \/>\n<meta property=\"article:publisher\" content=\"https:\/\/www.facebook.com\/webdotn\" \/>\n<meta property=\"article:published_time\" content=\"2022-09-30T09:19:00+00:00\" \/>\n<meta property=\"article:modified_time\" content=\"2025-05-14T10:56:52+00:00\" \/>\n<meta property=\"og:image\" content=\"https:\/\/www.webdo.tn\/fr\/wp-content\/uploads\/2022\/09\/Transtu-1024x768-1.jpg\" \/>\n\t<meta property=\"og:image:width\" content=\"1024\" \/>\n\t<meta property=\"og:image:height\" content=\"768\" \/>\n\t<meta property=\"og:image:type\" content=\"image\/jpeg\" \/>\n<meta name=\"author\" content=\"webdo.tn\" \/>\n<meta name=\"twitter:card\" content=\"summary_large_image\" \/>\n<meta name=\"twitter:creator\" content=\"@webdo_tn\" \/>\n<meta name=\"twitter:site\" content=\"@webdo_tn\" \/>\n<meta name=\"twitter:label1\" content=\"\u00c9crit par\" \/>\n\t<meta name=\"twitter:data1\" content=\"webdo.tn\" \/>\n\t<meta name=\"twitter:label2\" content=\"Dur\u00e9e de lecture estim\u00e9e\" \/>\n\t<meta name=\"twitter:data2\" content=\"1 minute\" \/>\n<script type=\"application\/ld+json\" class=\"yoast-schema-graph\">{\"@context\":\"https:\\\/\\\/schema.org\",\"@graph\":[{\"@type\":\"NewsArticle\",\"@id\":\"https:\\\/\\\/www.webdo.tn\\\/fr\\\/actualite\\\/national\\\/1573-agressions-contre-la-flotte-de-la-transtu-et-1-md-de-pertes-en-2021\\\/130970\\\/#article\",\"isPartOf\":{\"@id\":\"https:\\\/\\\/www.webdo.tn\\\/fr\\\/actualite\\\/national\\\/1573-agressions-contre-la-flotte-de-la-transtu-et-1-md-de-pertes-en-2021\\\/130970\\\/\"},\"author\":{\"name\":\"webdo.tn\",\"@id\":\"https:\\\/\\\/www.webdo.tn\\\/fr\\\/#\\\/schema\\\/person\\\/9a9c6118d687c117df8ef3cc36a4d175\"},\"headline\":\"1573 agressions contre la flotte de la Transtu et 1 MD de pertes en 2021\",\"datePublished\":\"2022-09-30T09:19:00+00:00\",\"dateModified\":\"2025-05-14T10:56:52+00:00\",\"mainEntityOfPage\":{\"@id\":\"https:\\\/\\\/www.webdo.tn\\\/fr\\\/actualite\\\/national\\\/1573-agressions-contre-la-flotte-de-la-transtu-et-1-md-de-pertes-en-2021\\\/130970\\\/\"},\"wordCount\":240,\"commentCount\":0,\"publisher\":{\"@id\":\"https:\\\/\\\/www.webdo.tn\\\/fr\\\/#organization\"},\"image\":{\"@id\":\"https:\\\/\\\/www.webdo.tn\\\/fr\\\/actualite\\\/national\\\/1573-agressions-contre-la-flotte-de-la-transtu-et-1-md-de-pertes-en-2021\\\/130970\\\/#primaryimage\"},\"thumbnailUrl\":\"https:\\\/\\\/www.webdo.tn\\\/fr\\\/wp-content\\\/uploads\\\/2022\\\/09\\\/Transtu-1024x768-1.jpg\",\"articleSection\":[\"National\"],\"inLanguage\":\"fr-FR\"},{\"@type\":\"WebPage\",\"@id\":\"https:\\\/\\\/www.webdo.tn\\\/fr\\\/actualite\\\/national\\\/1573-agressions-contre-la-flotte-de-la-transtu-et-1-md-de-pertes-en-2021\\\/130970\\\/\",\"url\":\"https:\\\/\\\/www.webdo.tn\\\/fr\\\/actualite\\\/national\\\/1573-agressions-contre-la-flotte-de-la-transtu-et-1-md-de-pertes-en-2021\\\/130970\\\/\",\"name\":\"1573 agressions contre la flotte de la Transtu et 1 MD de pertes en 2021\",\"isPartOf\":{\"@id\":\"https:\\\/\\\/www.webdo.tn\\\/fr\\\/#website\"},\"primaryImageOfPage\":{\"@id\":\"https:\\\/\\\/www.webdo.tn\\\/fr\\\/actualite\\\/national\\\/1573-agressions-contre-la-flotte-de-la-transtu-et-1-md-de-pertes-en-2021\\\/130970\\\/#primaryimage\"},\"image\":{\"@id\":\"https:\\\/\\\/www.webdo.tn\\\/fr\\\/actualite\\\/national\\\/1573-agressions-contre-la-flotte-de-la-transtu-et-1-md-de-pertes-en-2021\\\/130970\\\/#primaryimage\"},\"thumbnailUrl\":\"https:\\\/\\\/www.webdo.tn\\\/fr\\\/wp-content\\\/uploads\\\/2022\\\/09\\\/Transtu-1024x768-1.jpg\",\"datePublished\":\"2022-09-30T09:19:00+00:00\",\"dateModified\":\"2025-05-14T10:56:52+00:00\",\"description\":\"1573 agressions contre la flotte de la Transtu et 1 MD de pertes en 2021\",\"breadcrumb\":{\"@id\":\"https:\\\/\\\/www.webdo.tn\\\/fr\\\/actualite\\\/national\\\/1573-agressions-contre-la-flotte-de-la-transtu-et-1-md-de-pertes-en-2021\\\/130970\\\/#breadcrumb\"},\"inLanguage\":\"fr-FR\",\"potentialAction\":[{\"@type\":\"ReadAction\",\"target\":[\"https:\\\/\\\/www.webdo.tn\\\/fr\\\/actualite\\\/national\\\/1573-agressions-contre-la-flotte-de-la-transtu-et-1-md-de-pertes-en-2021\\\/130970\\\/\"]}]},{\"@type\":\"ImageObject\",\"inLanguage\":\"fr-FR\",\"@id\":\"https:\\\/\\\/www.webdo.tn\\\/fr\\\/actualite\\\/national\\\/1573-agressions-contre-la-flotte-de-la-transtu-et-1-md-de-pertes-en-2021\\\/130970\\\/#primaryimage\",\"url\":\"https:\\\/\\\/www.webdo.tn\\\/fr\\\/wp-content\\\/uploads\\\/2022\\\/09\\\/Transtu-1024x768-1.jpg\",\"contentUrl\":\"https:\\\/\\\/www.webdo.tn\\\/fr\\\/wp-content\\\/uploads\\\/2022\\\/09\\\/Transtu-1024x768-1.jpg\",\"width\":1024,\"height\":768,\"caption\":\"1573 agressions contre la flotte de la Transtu et 1 MD de pertes en 2021\"},{\"@type\":\"BreadcrumbList\",\"@id\":\"https:\\\/\\\/www.webdo.tn\\\/fr\\\/actualite\\\/national\\\/1573-agressions-contre-la-flotte-de-la-transtu-et-1-md-de-pertes-en-2021\\\/130970\\\/#breadcrumb\",\"itemListElement\":[{\"@type\":\"ListItem\",\"position\":1,\"name\":\"Accueil\",\"item\":\"https:\\\/\\\/www.webdo.tn\\\/fr\\\/\"},{\"@type\":\"ListItem\",\"position\":2,\"name\":\"1573 agressions contre la flotte de la Transtu et 1 MD de pertes en 2021\"}]},{\"@type\":\"WebSite\",\"@id\":\"https:\\\/\\\/www.webdo.tn\\\/fr\\\/#website\",\"url\":\"https:\\\/\\\/www.webdo.tn\\\/fr\\\/\",\"name\":\"webdo\",\"description\":\"Tunisie - News en Tunisie et \u00e0 l&#039;international sur Webdo.tn\",\"publisher\":{\"@id\":\"https:\\\/\\\/www.webdo.tn\\\/fr\\\/#organization\"},\"potentialAction\":[{\"@type\":\"SearchAction\",\"target\":{\"@type\":\"EntryPoint\",\"urlTemplate\":\"https:\\\/\\\/www.webdo.tn\\\/fr\\\/?s={search_term_string}\"},\"query-input\":{\"@type\":\"PropertyValueSpecification\",\"valueRequired\":true,\"valueName\":\"search_term_string\"}}],\"inLanguage\":\"fr-FR\"},{\"@type\":\"Organization\",\"@id\":\"https:\\\/\\\/www.webdo.tn\\\/fr\\\/#organization\",\"name\":\"Webdo\",\"alternateName\":\"Webdo.tn\",\"url\":\"https:\\\/\\\/www.webdo.tn\\\/fr\\\/\",\"logo\":{\"@type\":\"ImageObject\",\"inLanguage\":\"fr-FR\",\"@id\":\"https:\\\/\\\/www.webdo.tn\\\/fr\\\/#\\\/schema\\\/logo\\\/image\\\/\",\"url\":\"https:\\\/\\\/www.webdo.tn\\\/fr\\\/wp-content\\\/uploads\\\/2025\\\/06\\\/Webdo-Tunisie_168377.jpg\",\"contentUrl\":\"https:\\\/\\\/www.webdo.tn\\\/fr\\\/wp-content\\\/uploads\\\/2025\\\/06\\\/Webdo-Tunisie_168377.jpg\",\"width\":301,\"height\":301,\"caption\":\"Webdo\"},\"image\":{\"@id\":\"https:\\\/\\\/www.webdo.tn\\\/fr\\\/#\\\/schema\\\/logo\\\/image\\\/\"},\"sameAs\":[\"https:\\\/\\\/www.facebook.com\\\/webdotn\",\"https:\\\/\\\/x.com\\\/webdo_tn\"],\"description\":\"Webdo est un m\u00e9dia num\u00e9rique tunisien fond\u00e9 en 2010, sp\u00e9cialis\u00e9 dans l\u2019actualit\u00e9 nationale et internationale, l\u2019\u00e9conomie, la soci\u00e9t\u00e9 et les analyses politiques. Le site s\u2019adresse \u00e0 un large public francophone et couvre l\u2019information tunisienne en temps r\u00e9el.\",\"email\":\"redac@webdo.tn\",\"legalName\":\"YNJ SARL\",\"foundingDate\":\"2010-09-06\",\"numberOfEmployees\":{\"@type\":\"QuantitativeValue\",\"minValue\":\"11\",\"maxValue\":\"50\"}},{\"@type\":\"Person\",\"@id\":\"https:\\\/\\\/www.webdo.tn\\\/fr\\\/#\\\/schema\\\/person\\\/9a9c6118d687c117df8ef3cc36a4d175\",\"name\":\"webdo.tn\",\"image\":{\"@type\":\"ImageObject\",\"inLanguage\":\"fr-FR\",\"@id\":\"https:\\\/\\\/secure.gravatar.com\\\/avatar\\\/7ce1f28c0c3bbac99ff550b85ef8e44a6950c6ee24514fb6a5489e51d06f0298?s=96&d=mm&r=g\",\"url\":\"https:\\\/\\\/secure.gravatar.com\\\/avatar\\\/7ce1f28c0c3bbac99ff550b85ef8e44a6950c6ee24514fb6a5489e51d06f0298?s=96&d=mm&r=g\",\"contentUrl\":\"https:\\\/\\\/secure.gravatar.com\\\/avatar\\\/7ce1f28c0c3bbac99ff550b85ef8e44a6950c6ee24514fb6a5489e51d06f0298?s=96&d=mm&r=g\",\"caption\":\"webdo.tn\"},\"url\":\"https:\\\/\\\/www.webdo.tn\\\/fr\\\/actualite\\\/author\\\/webdotn\\\/\"}]}<\/script>\n<!-- \/ Yoast SEO Premium plugin. -->","yoast_head_json":{"title":"1573 agressions contre la flotte de la Transtu et 1 MD de pertes en 2021","description":"1573 agressions contre la flotte de la Transtu et 1 MD de pertes en 2021","canonical":"https:\/\/www.webdo.tn\/fr\/actualite\/national\/1573-agressions-contre-la-flotte-de-la-transtu-et-1-md-de-pertes-en-2021\/130970\/","og_locale":"fr_FR","og_type":"article","og_title":"1573 agressions contre la flotte de la Transtu et 1 MD de pertes en 2021","og_description":"1573 agressions contre la flotte de la Transtu et 1 MD de pertes en 2021","og_url":"https:\/\/www.webdo.tn\/fr\/actualite\/national\/1573-agressions-contre-la-flotte-de-la-transtu-et-1-md-de-pertes-en-2021\/130970\/","og_site_name":"webdo","article_publisher":"https:\/\/www.facebook.com\/webdotn","article_published_time":"2022-09-30T09:19:00+00:00","article_modified_time":"2025-05-14T10:56:52+00:00","og_image":[{"width":1024,"height":768,"url":"https:\/\/www.webdo.tn\/fr\/wp-content\/uploads\/2022\/09\/Transtu-1024x768-1.jpg","type":"image\/jpeg"}],"author":"webdo.tn","twitter_card":"summary_large_image","twitter_creator":"@webdo_tn","twitter_site":"@webdo_tn","twitter_misc":{"\u00c9crit par":"webdo.tn","Dur\u00e9e de lecture estim\u00e9e":"1 minute"},"schema":{"@context":"https:\/\/schema.org","@graph":[{"@type":"NewsArticle","@id":"https:\/\/www.webdo.tn\/fr\/actualite\/national\/1573-agressions-contre-la-flotte-de-la-transtu-et-1-md-de-pertes-en-2021\/130970\/#article","isPartOf":{"@id":"https:\/\/www.webdo.tn\/fr\/actualite\/national\/1573-agressions-contre-la-flotte-de-la-transtu-et-1-md-de-pertes-en-2021\/130970\/"},"author":{"name":"webdo.tn","@id":"https:\/\/www.webdo.tn\/fr\/#\/schema\/person\/9a9c6118d687c117df8ef3cc36a4d175"},"headline":"1573 agressions contre la flotte de la Transtu et 1 MD de pertes en 2021","datePublished":"2022-09-30T09:19:00+00:00","dateModified":"2025-05-14T10:56:52+00:00","mainEntityOfPage":{"@id":"https:\/\/www.webdo.tn\/fr\/actualite\/national\/1573-agressions-contre-la-flotte-de-la-transtu-et-1-md-de-pertes-en-2021\/130970\/"},"wordCount":240,"commentCount":0,"publisher":{"@id":"https:\/\/www.webdo.tn\/fr\/#organization"},"image":{"@id":"https:\/\/www.webdo.tn\/fr\/actualite\/national\/1573-agressions-contre-la-flotte-de-la-transtu-et-1-md-de-pertes-en-2021\/130970\/#primaryimage"},"thumbnailUrl":"https:\/\/www.webdo.tn\/fr\/wp-content\/uploads\/2022\/09\/Transtu-1024x768-1.jpg","articleSection":["National"],"inLanguage":"fr-FR"},{"@type":"WebPage","@id":"https:\/\/www.webdo.tn\/fr\/actualite\/national\/1573-agressions-contre-la-flotte-de-la-transtu-et-1-md-de-pertes-en-2021\/130970\/","url":"https:\/\/www.webdo.tn\/fr\/actualite\/national\/1573-agressions-contre-la-flotte-de-la-transtu-et-1-md-de-pertes-en-2021\/130970\/","name":"1573 agressions contre la flotte de la Transtu et 1 MD de pertes en 2021","isPartOf":{"@id":"https:\/\/www.webdo.tn\/fr\/#website"},"primaryImageOfPage":{"@id":"https:\/\/www.webdo.tn\/fr\/actualite\/national\/1573-agressions-contre-la-flotte-de-la-transtu-et-1-md-de-pertes-en-2021\/130970\/#primaryimage"},"image":{"@id":"https:\/\/www.webdo.tn\/fr\/actualite\/national\/1573-agressions-contre-la-flotte-de-la-transtu-et-1-md-de-pertes-en-2021\/130970\/#primaryimage"},"thumbnailUrl":"https:\/\/www.webdo.tn\/fr\/wp-content\/uploads\/2022\/09\/Transtu-1024x768-1.jpg","datePublished":"2022-09-30T09:19:00+00:00","dateModified":"2025-05-14T10:56:52+00:00","description":"1573 agressions contre la flotte de la Transtu et 1 MD de pertes en 2021","breadcrumb":{"@id":"https:\/\/www.webdo.tn\/fr\/actualite\/national\/1573-agressions-contre-la-flotte-de-la-transtu-et-1-md-de-pertes-en-2021\/130970\/#breadcrumb"},"inLanguage":"fr-FR","potentialAction":[{"@type":"ReadAction","target":["https:\/\/www.webdo.tn\/fr\/actualite\/national\/1573-agressions-contre-la-flotte-de-la-transtu-et-1-md-de-pertes-en-2021\/130970\/"]}]},{"@type":"ImageObject","inLanguage":"fr-FR","@id":"https:\/\/www.webdo.tn\/fr\/actualite\/national\/1573-agressions-contre-la-flotte-de-la-transtu-et-1-md-de-pertes-en-2021\/130970\/#primaryimage","url":"https:\/\/www.webdo.tn\/fr\/wp-content\/uploads\/2022\/09\/Transtu-1024x768-1.jpg","contentUrl":"https:\/\/www.webdo.tn\/fr\/wp-content\/uploads\/2022\/09\/Transtu-1024x768-1.jpg","width":1024,"height":768,"caption":"1573 agressions contre la flotte de la Transtu et 1 MD de pertes en 2021"},{"@type":"BreadcrumbList","@id":"https:\/\/www.webdo.tn\/fr\/actualite\/national\/1573-agressions-contre-la-flotte-de-la-transtu-et-1-md-de-pertes-en-2021\/130970\/#breadcrumb","itemListElement":[{"@type":"ListItem","position":1,"name":"Accueil","item":"https:\/\/www.webdo.tn\/fr\/"},{"@type":"ListItem","position":2,"name":"1573 agressions contre la flotte de la Transtu et 1 MD de pertes en 2021"}]},{"@type":"WebSite","@id":"https:\/\/www.webdo.tn\/fr\/#website","url":"https:\/\/www.webdo.tn\/fr\/","name":"webdo","description":"Tunisie - News en Tunisie et \u00e0 l&#039;international sur Webdo.tn","publisher":{"@id":"https:\/\/www.webdo.tn\/fr\/#organization"},"potentialAction":[{"@type":"SearchAction","target":{"@type":"EntryPoint","urlTemplate":"https:\/\/www.webdo.tn\/fr\/?s={search_term_string}"},"query-input":{"@type":"PropertyValueSpecification","valueRequired":true,"valueName":"search_term_string"}}],"inLanguage":"fr-FR"},{"@type":"Organization","@id":"https:\/\/www.webdo.tn\/fr\/#organization","name":"Webdo","alternateName":"Webdo.tn","url":"https:\/\/www.webdo.tn\/fr\/","logo":{"@type":"ImageObject","inLanguage":"fr-FR","@id":"https:\/\/www.webdo.tn\/fr\/#\/schema\/logo\/image\/","url":"https:\/\/www.webdo.tn\/fr\/wp-content\/uploads\/2025\/06\/Webdo-Tunisie_168377.jpg","contentUrl":"https:\/\/www.webdo.tn\/fr\/wp-content\/uploads\/2025\/06\/Webdo-Tunisie_168377.jpg","width":301,"height":301,"caption":"Webdo"},"image":{"@id":"https:\/\/www.webdo.tn\/fr\/#\/schema\/logo\/image\/"},"sameAs":["https:\/\/www.facebook.com\/webdotn","https:\/\/x.com\/webdo_tn"],"description":"Webdo est un m\u00e9dia num\u00e9rique tunisien fond\u00e9 en 2010, sp\u00e9cialis\u00e9 dans l\u2019actualit\u00e9 nationale et internationale, l\u2019\u00e9conomie, la soci\u00e9t\u00e9 et les analyses politiques. Le site s\u2019adresse \u00e0 un large public francophone et couvre l\u2019information tunisienne en temps r\u00e9el.","email":"redac@webdo.tn","legalName":"YNJ SARL","foundingDate":"2010-09-06","numberOfEmployees":{"@type":"QuantitativeValue","minValue":"11","maxValue":"50"}},{"@type":"Person","@id":"https:\/\/www.webdo.tn\/fr\/#\/schema\/person\/9a9c6118d687c117df8ef3cc36a4d175","name":"webdo.tn","image":{"@type":"ImageObject","inLanguage":"fr-FR","@id":"https:\/\/secure.gravatar.com\/avatar\/7ce1f28c0c3bbac99ff550b85ef8e44a6950c6ee24514fb6a5489e51d06f0298?s=96&d=mm&r=g","url":"https:\/\/secure.gravatar.com\/avatar\/7ce1f28c0c3bbac99ff550b85ef8e44a6950c6ee24514fb6a5489e51d06f0298?s=96&d=mm&r=g","contentUrl":"https:\/\/secure.gravatar.com\/avatar\/7ce1f28c0c3bbac99ff550b85ef8e44a6950c6ee24514fb6a5489e51d06f0298?s=96&d=mm&r=g","caption":"webdo.tn"},"url":"https:\/\/www.webdo.tn\/fr\/actualite\/author\/webdotn\/"}]}},"_links":{"self":[{"href":"https:\/\/www.webdo.tn\/fr\/wp-json\/wp\/v2\/posts\/130970","targetHints":{"allow":["GET"]}}],"collection":[{"href":"https:\/\/www.webdo.tn\/fr\/wp-json\/wp\/v2\/posts"}],"about":[{"href":"https:\/\/www.webdo.tn\/fr\/wp-json\/wp\/v2\/types\/post"}],"author":[{"embeddable":true,"href":"https:\/\/www.webdo.tn\/fr\/wp-json\/wp\/v2\/users\/3222"}],"replies":[{"embeddable":true,"href":"https:\/\/www.webdo.tn\/fr\/wp-json\/wp\/v2\/comments?post=130970"}],"version-history":[{"count":0,"href":"https:\/\/www.webdo.tn\/fr\/wp-json\/wp\/v2\/posts\/130970\/revisions"}],"wp:featuredmedia":[{"embeddable":true,"href":"https:\/\/www.webdo.tn\/fr\/wp-json\/wp\/v2\/media\/253710"}],"wp:attachment":[{"href":"https:\/\/www.webdo.tn\/fr\/wp-json\/wp\/v2\/media?parent=130970"}],"wp:term":[{"taxonomy":"category","embeddable":true,"href":"https:\/\/www.webdo.tn\/fr\/wp-json\/wp\/v2\/categories?post=130970"},{"taxonomy":"post_tag","embeddable":true,"href":"https:\/\/www.webdo.tn\/fr\/wp-json\/wp\/v2\/tags?post=130970"}],"curies":[{"name":"wp","href":"https:\/\/api.w.org\/{rel}","templated":true}]}}