{"id":117063,"date":"2010-11-28T16:28:00","date_gmt":"2010-11-28T16:28:00","guid":{"rendered":"https:\/\/www.webdo.tn\/fr\/actualite\/blog\/echos-electrik-4-faire-la-fete-oui-mais-a-quel-prix\/185368\/"},"modified":"2025-06-04T21:12:04","modified_gmt":"2025-06-04T21:12:04","slug":"echos-electrik-4-faire-la-fete-oui-mais-a-quel-prix","status":"publish","type":"post","link":"https:\/\/www.webdo.tn\/fr\/actualite\/culture\/echos-electrik-4-faire-la-fete-oui-mais-a-quel-prix\/117063\/","title":{"rendered":"Echos Electrik 4:faire la f\u00eate! Oui, mais \u00e0 quel prix ?"},"content":{"rendered":"<p>Samedi 27 novembre 2010.Il est 20h. En route vers l\u2019Acropolium de Carthage, les couleurs du E \u2013 FEST apparaissent d\u00e9j\u00e0 de loin. En se rapprochant, un vrai embouteillage dans le parking, devant le guichet et dans le hall de la Cath\u00e9drale. C\u2019est l\u2019Echos Electrik #4, l\u2019\u00e9v\u00e8nement phare de la sc\u00e8ne \u00e9lectronique en Tunisie. L\u2019art num\u00e9rique se f\u00eate \u00e0 Carthage !<\/p>\n<p>Vers 20.30, Hayej (Zein Abdelkafi) et Gazih (Ghazi Frini) ouvrent le bal de la transe \u00e9lectronique. Associant vid\u00e9o exp\u00e9rimentale (par Gazih) et des sons vivants, hallucinants, et agressifs de Hayej.<\/p>\n<p>A 21.30, l\u2019un des pionniers de cette g\u00e9n\u00e9ration branch\u00e9e, Shinigami San (Zied Meddeb Hamrouni) prend la rel\u00e8ve avec SKNDR (Skander Besbes). Les deux artistes pr\u00e9sentent un live long format \u00ab sur mesure \u00bb. Le live est enregistr\u00e9, et t\u00e9l\u00e9chargeable par la suite sur le site\u00a0www.hextradecimal.com<\/p>\n<p>Vers 23.00, la foule est sous la magie de la Cath\u00e9drale, du son et des images d\u00e9filantes sur le grand \u00e9cran de la sc\u00e8ne. Plus de 1.300 personnes r\u00e9unies, impatientent d\u2019assister \u00e0 l\u2019\u00e9v\u00e8nement de l\u2019ann\u00e9e : High Tone est, finalement, sur la sc\u00e8ne tunisienne de l\u2019E-FEST ! Ce groupe fran\u00e7ais est le pionnier du Dub en Europe et dans le monde. Il m\u00e9lange Dub Jama\u00efcain, Hip Hop, Jungle, Drum\u2019n\u2019bass, techno, sonorit\u00e9s orientales et des sons de diverses sources.<\/p>\n<p>Il est presque une heure du matin, le concert prend fin. Les artistes quittent la sc\u00e8ne et la lumi\u00e8re envahit l\u2019espace pour d\u00e9voiler l\u2019\u00e9norme d\u00e9sordre qui r\u00e8gne dans la Cath\u00e9drale. Depuis ses premi\u00e8res \u00e9ditions, les jeunes du FEST ont pris l\u2019habitude de ramener l\u2019alcool aux concerts du FEST. Parfois on a l\u2019impression qu\u2019il s\u2019agit d\u2019un grand bar en plein air. A noter que plusieurs, n\u2019entrent pas \u00e0 la Cath\u00e9drale et se contentent de boire tranquillement dehors\u2026<\/p>\n<p>Les loges sont devenues le lieu pr\u00e9f\u00e9r\u00e9 des inconnus vomisseurs ou dormeurs qui emp\u00eachent les artistes de se reposer ou de se pr\u00e9parer \u00e0 leur performance. Des canettes de bi\u00e8res jet\u00e9es partout\u2026 Au FEST, vous trouvez tout : des couples en chaleur, des bagarres en groupe, des agents de s\u00e9curit\u00e9 qui vous harc\u00e8lent \u00e0 chaque fois que vous d\u00e9sirez sortir prendre l\u2019air &#8230;. Malheureusement, ces probl\u00e8mes touchent \u00e0 la r\u00e9putation et au bon d\u00e9roulement du festival.<\/p>\n<p>Tout de m\u00eame, il faut savoir que l\u2019E-FEST est organis\u00e9 par une seule personne, Afif Riahi, qui est le fondateur du Festival des Echos Sonores \u00e0 Tunis. Cet activiste de la sc\u00e8ne num\u00e9rique en Tunisie a fond\u00e9 le concept de l\u2019art digital dans notre pays. Il a ramen\u00e9 des stars mondiales telles que High Tone, Filastine, Black Storbe, Dark Project et autres groupes de renomm\u00e9e. Donc, inutile de vous dire combien c\u2019est important de stopper ce comportement destructif qui commence \u00e0 g\u00eaner le public et les artistes du festival\u2026 \u00e0 bon entendeur !<\/p>\n","protected":false},"excerpt":{"rendered":"<p>Echos Electrik 4:faire la f\u00eate! Oui, mais \u00e0 quel prix ?  <\/p>\n","protected":false},"author":3222,"featured_media":376290,"comment_status":"open","ping_status":"closed","sticky":false,"template":"","format":"standard","meta":{"footnotes":""},"categories":[2594],"tags":[],"class_list":["post-117063","post","type-post","status-publish","format-standard","has-post-thumbnail","hentry","category-culture"],"yoast_head":"<!-- This site is optimized with the Yoast SEO Premium plugin v27.4 (Yoast SEO v27.4) - https:\/\/yoast.com\/product\/yoast-seo-premium-wordpress\/ -->\n<title>Echos Electrik 4:faire la f\u00eate! Oui, mais \u00e0 quel prix ?<\/title>\n<meta name=\"description\" content=\"Echos Electrik 4:faire la f\u00eate! Oui, mais \u00e0 quel prix ?\" \/>\n<link rel=\"canonical\" href=\"https:\/\/www.webdo.tn\/fr\/actualite\/culture\/echos-electrik-4-faire-la-fete-oui-mais-a-quel-prix\/117063\/\" \/>\n<meta property=\"og:locale\" content=\"fr_FR\" \/>\n<meta property=\"og:type\" content=\"article\" \/>\n<meta property=\"og:title\" content=\"Echos Electrik 4:faire la f\u00eate! Oui, mais \u00e0 quel prix ?\" \/>\n<meta property=\"og:description\" content=\"Echos Electrik 4:faire la f\u00eate! Oui, mais \u00e0 quel prix ?\" \/>\n<meta property=\"og:url\" content=\"https:\/\/www.webdo.tn\/fr\/actualite\/culture\/echos-electrik-4-faire-la-fete-oui-mais-a-quel-prix\/117063\/\" \/>\n<meta property=\"og:site_name\" content=\"webdo\" \/>\n<meta property=\"article:publisher\" content=\"https:\/\/www.facebook.com\/webdotn\" \/>\n<meta property=\"article:published_time\" content=\"2010-11-28T16:28:00+00:00\" \/>\n<meta property=\"article:modified_time\" content=\"2025-06-04T21:12:04+00:00\" \/>\n<meta name=\"author\" content=\"webdo.tn\" \/>\n<meta name=\"twitter:card\" content=\"summary_large_image\" \/>\n<meta name=\"twitter:creator\" content=\"@webdo_tn\" \/>\n<meta name=\"twitter:site\" content=\"@webdo_tn\" \/>\n<meta name=\"twitter:label1\" content=\"\u00c9crit par\" \/>\n\t<meta name=\"twitter:data1\" content=\"webdo.tn\" \/>\n\t<meta name=\"twitter:label2\" content=\"Dur\u00e9e de lecture estim\u00e9e\" \/>\n\t<meta name=\"twitter:data2\" content=\"3 minutes\" \/>\n<script type=\"application\/ld+json\" class=\"yoast-schema-graph\">{\"@context\":\"https:\\\/\\\/schema.org\",\"@graph\":[{\"@type\":\"NewsArticle\",\"@id\":\"https:\\\/\\\/www.webdo.tn\\\/fr\\\/actualite\\\/culture\\\/echos-electrik-4-faire-la-fete-oui-mais-a-quel-prix\\\/117063\\\/#article\",\"isPartOf\":{\"@id\":\"https:\\\/\\\/www.webdo.tn\\\/fr\\\/actualite\\\/culture\\\/echos-electrik-4-faire-la-fete-oui-mais-a-quel-prix\\\/117063\\\/\"},\"author\":{\"name\":\"webdo.tn\",\"@id\":\"https:\\\/\\\/www.webdo.tn\\\/fr\\\/#\\\/schema\\\/person\\\/9a9c6118d687c117df8ef3cc36a4d175\"},\"headline\":\"Echos Electrik 4:faire la f\u00eate! Oui, mais \u00e0 quel prix ?\",\"datePublished\":\"2010-11-28T16:28:00+00:00\",\"dateModified\":\"2025-06-04T21:12:04+00:00\",\"mainEntityOfPage\":{\"@id\":\"https:\\\/\\\/www.webdo.tn\\\/fr\\\/actualite\\\/culture\\\/echos-electrik-4-faire-la-fete-oui-mais-a-quel-prix\\\/117063\\\/\"},\"wordCount\":523,\"commentCount\":0,\"publisher\":{\"@id\":\"https:\\\/\\\/www.webdo.tn\\\/fr\\\/#organization\"},\"image\":{\"@id\":\"https:\\\/\\\/www.webdo.tn\\\/fr\\\/actualite\\\/culture\\\/echos-electrik-4-faire-la-fete-oui-mais-a-quel-prix\\\/117063\\\/#primaryimage\"},\"thumbnailUrl\":\"https:\\\/\\\/www.webdo.tn\\\/fr\\\/wp-content\\\/uploads\\\/2025\\\/06\\\/FireShot-Capture-1063-webdo_default-53-750x375.jpg-750\u00d7375-www.webdo_.tn_.png\",\"articleSection\":[\"Culture\"],\"inLanguage\":\"fr-FR\"},{\"@type\":\"WebPage\",\"@id\":\"https:\\\/\\\/www.webdo.tn\\\/fr\\\/actualite\\\/culture\\\/echos-electrik-4-faire-la-fete-oui-mais-a-quel-prix\\\/117063\\\/\",\"url\":\"https:\\\/\\\/www.webdo.tn\\\/fr\\\/actualite\\\/culture\\\/echos-electrik-4-faire-la-fete-oui-mais-a-quel-prix\\\/117063\\\/\",\"name\":\"Echos Electrik 4:faire la f\u00eate! Oui, mais \u00e0 quel prix ?\",\"isPartOf\":{\"@id\":\"https:\\\/\\\/www.webdo.tn\\\/fr\\\/#website\"},\"primaryImageOfPage\":{\"@id\":\"https:\\\/\\\/www.webdo.tn\\\/fr\\\/actualite\\\/culture\\\/echos-electrik-4-faire-la-fete-oui-mais-a-quel-prix\\\/117063\\\/#primaryimage\"},\"image\":{\"@id\":\"https:\\\/\\\/www.webdo.tn\\\/fr\\\/actualite\\\/culture\\\/echos-electrik-4-faire-la-fete-oui-mais-a-quel-prix\\\/117063\\\/#primaryimage\"},\"thumbnailUrl\":\"https:\\\/\\\/www.webdo.tn\\\/fr\\\/wp-content\\\/uploads\\\/2025\\\/06\\\/FireShot-Capture-1063-webdo_default-53-750x375.jpg-750\u00d7375-www.webdo_.tn_.png\",\"datePublished\":\"2010-11-28T16:28:00+00:00\",\"dateModified\":\"2025-06-04T21:12:04+00:00\",\"description\":\"Echos Electrik 4:faire la f\u00eate! Oui, mais \u00e0 quel prix ?\",\"breadcrumb\":{\"@id\":\"https:\\\/\\\/www.webdo.tn\\\/fr\\\/actualite\\\/culture\\\/echos-electrik-4-faire-la-fete-oui-mais-a-quel-prix\\\/117063\\\/#breadcrumb\"},\"inLanguage\":\"fr-FR\",\"potentialAction\":[{\"@type\":\"ReadAction\",\"target\":[\"https:\\\/\\\/www.webdo.tn\\\/fr\\\/actualite\\\/culture\\\/echos-electrik-4-faire-la-fete-oui-mais-a-quel-prix\\\/117063\\\/\"]}]},{\"@type\":\"ImageObject\",\"inLanguage\":\"fr-FR\",\"@id\":\"https:\\\/\\\/www.webdo.tn\\\/fr\\\/actualite\\\/culture\\\/echos-electrik-4-faire-la-fete-oui-mais-a-quel-prix\\\/117063\\\/#primaryimage\",\"url\":\"https:\\\/\\\/www.webdo.tn\\\/fr\\\/wp-content\\\/uploads\\\/2025\\\/06\\\/FireShot-Capture-1063-webdo_default-53-750x375.jpg-750\u00d7375-www.webdo_.tn_.png\",\"contentUrl\":\"https:\\\/\\\/www.webdo.tn\\\/fr\\\/wp-content\\\/uploads\\\/2025\\\/06\\\/FireShot-Capture-1063-webdo_default-53-750x375.jpg-750\u00d7375-www.webdo_.tn_.png\",\"width\":746,\"height\":371},{\"@type\":\"BreadcrumbList\",\"@id\":\"https:\\\/\\\/www.webdo.tn\\\/fr\\\/actualite\\\/culture\\\/echos-electrik-4-faire-la-fete-oui-mais-a-quel-prix\\\/117063\\\/#breadcrumb\",\"itemListElement\":[{\"@type\":\"ListItem\",\"position\":1,\"name\":\"Accueil\",\"item\":\"https:\\\/\\\/www.webdo.tn\\\/fr\\\/\"},{\"@type\":\"ListItem\",\"position\":2,\"name\":\"Echos Electrik 4:faire la f\u00eate! Oui, mais \u00e0 quel prix ?\"}]},{\"@type\":\"WebSite\",\"@id\":\"https:\\\/\\\/www.webdo.tn\\\/fr\\\/#website\",\"url\":\"https:\\\/\\\/www.webdo.tn\\\/fr\\\/\",\"name\":\"webdo\",\"description\":\"Tunisie - News en Tunisie et \u00e0 l&#039;international sur Webdo.tn\",\"publisher\":{\"@id\":\"https:\\\/\\\/www.webdo.tn\\\/fr\\\/#organization\"},\"potentialAction\":[{\"@type\":\"SearchAction\",\"target\":{\"@type\":\"EntryPoint\",\"urlTemplate\":\"https:\\\/\\\/www.webdo.tn\\\/fr\\\/?s={search_term_string}\"},\"query-input\":{\"@type\":\"PropertyValueSpecification\",\"valueRequired\":true,\"valueName\":\"search_term_string\"}}],\"inLanguage\":\"fr-FR\"},{\"@type\":\"Organization\",\"@id\":\"https:\\\/\\\/www.webdo.tn\\\/fr\\\/#organization\",\"name\":\"Webdo\",\"alternateName\":\"Webdo.tn\",\"url\":\"https:\\\/\\\/www.webdo.tn\\\/fr\\\/\",\"logo\":{\"@type\":\"ImageObject\",\"inLanguage\":\"fr-FR\",\"@id\":\"https:\\\/\\\/www.webdo.tn\\\/fr\\\/#\\\/schema\\\/logo\\\/image\\\/\",\"url\":\"https:\\\/\\\/www.webdo.tn\\\/fr\\\/wp-content\\\/uploads\\\/2025\\\/06\\\/Webdo-Tunisie_168377.jpg\",\"contentUrl\":\"https:\\\/\\\/www.webdo.tn\\\/fr\\\/wp-content\\\/uploads\\\/2025\\\/06\\\/Webdo-Tunisie_168377.jpg\",\"width\":301,\"height\":301,\"caption\":\"Webdo\"},\"image\":{\"@id\":\"https:\\\/\\\/www.webdo.tn\\\/fr\\\/#\\\/schema\\\/logo\\\/image\\\/\"},\"sameAs\":[\"https:\\\/\\\/www.facebook.com\\\/webdotn\",\"https:\\\/\\\/x.com\\\/webdo_tn\"],\"description\":\"Webdo est un m\u00e9dia num\u00e9rique tunisien fond\u00e9 en 2010, sp\u00e9cialis\u00e9 dans l\u2019actualit\u00e9 nationale et internationale, l\u2019\u00e9conomie, la soci\u00e9t\u00e9 et les analyses politiques. Le site s\u2019adresse \u00e0 un large public francophone et couvre l\u2019information tunisienne en temps r\u00e9el.\",\"email\":\"redac@webdo.tn\",\"legalName\":\"YNJ SARL\",\"foundingDate\":\"2010-09-06\",\"numberOfEmployees\":{\"@type\":\"QuantitativeValue\",\"minValue\":\"11\",\"maxValue\":\"50\"}},{\"@type\":\"Person\",\"@id\":\"https:\\\/\\\/www.webdo.tn\\\/fr\\\/#\\\/schema\\\/person\\\/9a9c6118d687c117df8ef3cc36a4d175\",\"name\":\"webdo.tn\",\"image\":{\"@type\":\"ImageObject\",\"inLanguage\":\"fr-FR\",\"@id\":\"https:\\\/\\\/secure.gravatar.com\\\/avatar\\\/7ce1f28c0c3bbac99ff550b85ef8e44a6950c6ee24514fb6a5489e51d06f0298?s=96&d=mm&r=g\",\"url\":\"https:\\\/\\\/secure.gravatar.com\\\/avatar\\\/7ce1f28c0c3bbac99ff550b85ef8e44a6950c6ee24514fb6a5489e51d06f0298?s=96&d=mm&r=g\",\"contentUrl\":\"https:\\\/\\\/secure.gravatar.com\\\/avatar\\\/7ce1f28c0c3bbac99ff550b85ef8e44a6950c6ee24514fb6a5489e51d06f0298?s=96&d=mm&r=g\",\"caption\":\"webdo.tn\"},\"url\":\"https:\\\/\\\/www.webdo.tn\\\/fr\\\/actualite\\\/author\\\/webdotn\\\/\"}]}<\/script>\n<!-- \/ Yoast SEO Premium plugin. -->","yoast_head_json":{"title":"Echos Electrik 4:faire la f\u00eate! Oui, mais \u00e0 quel prix ?","description":"Echos Electrik 4:faire la f\u00eate! Oui, mais \u00e0 quel prix ?","canonical":"https:\/\/www.webdo.tn\/fr\/actualite\/culture\/echos-electrik-4-faire-la-fete-oui-mais-a-quel-prix\/117063\/","og_locale":"fr_FR","og_type":"article","og_title":"Echos Electrik 4:faire la f\u00eate! Oui, mais \u00e0 quel prix ?","og_description":"Echos Electrik 4:faire la f\u00eate! Oui, mais \u00e0 quel prix ?","og_url":"https:\/\/www.webdo.tn\/fr\/actualite\/culture\/echos-electrik-4-faire-la-fete-oui-mais-a-quel-prix\/117063\/","og_site_name":"webdo","article_publisher":"https:\/\/www.facebook.com\/webdotn","article_published_time":"2010-11-28T16:28:00+00:00","article_modified_time":"2025-06-04T21:12:04+00:00","author":"webdo.tn","twitter_card":"summary_large_image","twitter_creator":"@webdo_tn","twitter_site":"@webdo_tn","twitter_misc":{"\u00c9crit par":"webdo.tn","Dur\u00e9e de lecture estim\u00e9e":"3 minutes"},"schema":{"@context":"https:\/\/schema.org","@graph":[{"@type":"NewsArticle","@id":"https:\/\/www.webdo.tn\/fr\/actualite\/culture\/echos-electrik-4-faire-la-fete-oui-mais-a-quel-prix\/117063\/#article","isPartOf":{"@id":"https:\/\/www.webdo.tn\/fr\/actualite\/culture\/echos-electrik-4-faire-la-fete-oui-mais-a-quel-prix\/117063\/"},"author":{"name":"webdo.tn","@id":"https:\/\/www.webdo.tn\/fr\/#\/schema\/person\/9a9c6118d687c117df8ef3cc36a4d175"},"headline":"Echos Electrik 4:faire la f\u00eate! Oui, mais \u00e0 quel prix ?","datePublished":"2010-11-28T16:28:00+00:00","dateModified":"2025-06-04T21:12:04+00:00","mainEntityOfPage":{"@id":"https:\/\/www.webdo.tn\/fr\/actualite\/culture\/echos-electrik-4-faire-la-fete-oui-mais-a-quel-prix\/117063\/"},"wordCount":523,"commentCount":0,"publisher":{"@id":"https:\/\/www.webdo.tn\/fr\/#organization"},"image":{"@id":"https:\/\/www.webdo.tn\/fr\/actualite\/culture\/echos-electrik-4-faire-la-fete-oui-mais-a-quel-prix\/117063\/#primaryimage"},"thumbnailUrl":"https:\/\/www.webdo.tn\/fr\/wp-content\/uploads\/2025\/06\/FireShot-Capture-1063-webdo_default-53-750x375.jpg-750\u00d7375-www.webdo_.tn_.png","articleSection":["Culture"],"inLanguage":"fr-FR"},{"@type":"WebPage","@id":"https:\/\/www.webdo.tn\/fr\/actualite\/culture\/echos-electrik-4-faire-la-fete-oui-mais-a-quel-prix\/117063\/","url":"https:\/\/www.webdo.tn\/fr\/actualite\/culture\/echos-electrik-4-faire-la-fete-oui-mais-a-quel-prix\/117063\/","name":"Echos Electrik 4:faire la f\u00eate! Oui, mais \u00e0 quel prix ?","isPartOf":{"@id":"https:\/\/www.webdo.tn\/fr\/#website"},"primaryImageOfPage":{"@id":"https:\/\/www.webdo.tn\/fr\/actualite\/culture\/echos-electrik-4-faire-la-fete-oui-mais-a-quel-prix\/117063\/#primaryimage"},"image":{"@id":"https:\/\/www.webdo.tn\/fr\/actualite\/culture\/echos-electrik-4-faire-la-fete-oui-mais-a-quel-prix\/117063\/#primaryimage"},"thumbnailUrl":"https:\/\/www.webdo.tn\/fr\/wp-content\/uploads\/2025\/06\/FireShot-Capture-1063-webdo_default-53-750x375.jpg-750\u00d7375-www.webdo_.tn_.png","datePublished":"2010-11-28T16:28:00+00:00","dateModified":"2025-06-04T21:12:04+00:00","description":"Echos Electrik 4:faire la f\u00eate! Oui, mais \u00e0 quel prix ?","breadcrumb":{"@id":"https:\/\/www.webdo.tn\/fr\/actualite\/culture\/echos-electrik-4-faire-la-fete-oui-mais-a-quel-prix\/117063\/#breadcrumb"},"inLanguage":"fr-FR","potentialAction":[{"@type":"ReadAction","target":["https:\/\/www.webdo.tn\/fr\/actualite\/culture\/echos-electrik-4-faire-la-fete-oui-mais-a-quel-prix\/117063\/"]}]},{"@type":"ImageObject","inLanguage":"fr-FR","@id":"https:\/\/www.webdo.tn\/fr\/actualite\/culture\/echos-electrik-4-faire-la-fete-oui-mais-a-quel-prix\/117063\/#primaryimage","url":"https:\/\/www.webdo.tn\/fr\/wp-content\/uploads\/2025\/06\/FireShot-Capture-1063-webdo_default-53-750x375.jpg-750\u00d7375-www.webdo_.tn_.png","contentUrl":"https:\/\/www.webdo.tn\/fr\/wp-content\/uploads\/2025\/06\/FireShot-Capture-1063-webdo_default-53-750x375.jpg-750\u00d7375-www.webdo_.tn_.png","width":746,"height":371},{"@type":"BreadcrumbList","@id":"https:\/\/www.webdo.tn\/fr\/actualite\/culture\/echos-electrik-4-faire-la-fete-oui-mais-a-quel-prix\/117063\/#breadcrumb","itemListElement":[{"@type":"ListItem","position":1,"name":"Accueil","item":"https:\/\/www.webdo.tn\/fr\/"},{"@type":"ListItem","position":2,"name":"Echos Electrik 4:faire la f\u00eate! Oui, mais \u00e0 quel prix ?"}]},{"@type":"WebSite","@id":"https:\/\/www.webdo.tn\/fr\/#website","url":"https:\/\/www.webdo.tn\/fr\/","name":"webdo","description":"Tunisie - News en Tunisie et \u00e0 l&#039;international sur Webdo.tn","publisher":{"@id":"https:\/\/www.webdo.tn\/fr\/#organization"},"potentialAction":[{"@type":"SearchAction","target":{"@type":"EntryPoint","urlTemplate":"https:\/\/www.webdo.tn\/fr\/?s={search_term_string}"},"query-input":{"@type":"PropertyValueSpecification","valueRequired":true,"valueName":"search_term_string"}}],"inLanguage":"fr-FR"},{"@type":"Organization","@id":"https:\/\/www.webdo.tn\/fr\/#organization","name":"Webdo","alternateName":"Webdo.tn","url":"https:\/\/www.webdo.tn\/fr\/","logo":{"@type":"ImageObject","inLanguage":"fr-FR","@id":"https:\/\/www.webdo.tn\/fr\/#\/schema\/logo\/image\/","url":"https:\/\/www.webdo.tn\/fr\/wp-content\/uploads\/2025\/06\/Webdo-Tunisie_168377.jpg","contentUrl":"https:\/\/www.webdo.tn\/fr\/wp-content\/uploads\/2025\/06\/Webdo-Tunisie_168377.jpg","width":301,"height":301,"caption":"Webdo"},"image":{"@id":"https:\/\/www.webdo.tn\/fr\/#\/schema\/logo\/image\/"},"sameAs":["https:\/\/www.facebook.com\/webdotn","https:\/\/x.com\/webdo_tn"],"description":"Webdo est un m\u00e9dia num\u00e9rique tunisien fond\u00e9 en 2010, sp\u00e9cialis\u00e9 dans l\u2019actualit\u00e9 nationale et internationale, l\u2019\u00e9conomie, la soci\u00e9t\u00e9 et les analyses politiques. Le site s\u2019adresse \u00e0 un large public francophone et couvre l\u2019information tunisienne en temps r\u00e9el.","email":"redac@webdo.tn","legalName":"YNJ SARL","foundingDate":"2010-09-06","numberOfEmployees":{"@type":"QuantitativeValue","minValue":"11","maxValue":"50"}},{"@type":"Person","@id":"https:\/\/www.webdo.tn\/fr\/#\/schema\/person\/9a9c6118d687c117df8ef3cc36a4d175","name":"webdo.tn","image":{"@type":"ImageObject","inLanguage":"fr-FR","@id":"https:\/\/secure.gravatar.com\/avatar\/7ce1f28c0c3bbac99ff550b85ef8e44a6950c6ee24514fb6a5489e51d06f0298?s=96&d=mm&r=g","url":"https:\/\/secure.gravatar.com\/avatar\/7ce1f28c0c3bbac99ff550b85ef8e44a6950c6ee24514fb6a5489e51d06f0298?s=96&d=mm&r=g","contentUrl":"https:\/\/secure.gravatar.com\/avatar\/7ce1f28c0c3bbac99ff550b85ef8e44a6950c6ee24514fb6a5489e51d06f0298?s=96&d=mm&r=g","caption":"webdo.tn"},"url":"https:\/\/www.webdo.tn\/fr\/actualite\/author\/webdotn\/"}]}},"_links":{"self":[{"href":"https:\/\/www.webdo.tn\/fr\/wp-json\/wp\/v2\/posts\/117063","targetHints":{"allow":["GET"]}}],"collection":[{"href":"https:\/\/www.webdo.tn\/fr\/wp-json\/wp\/v2\/posts"}],"about":[{"href":"https:\/\/www.webdo.tn\/fr\/wp-json\/wp\/v2\/types\/post"}],"author":[{"embeddable":true,"href":"https:\/\/www.webdo.tn\/fr\/wp-json\/wp\/v2\/users\/3222"}],"replies":[{"embeddable":true,"href":"https:\/\/www.webdo.tn\/fr\/wp-json\/wp\/v2\/comments?post=117063"}],"version-history":[{"count":0,"href":"https:\/\/www.webdo.tn\/fr\/wp-json\/wp\/v2\/posts\/117063\/revisions"}],"wp:featuredmedia":[{"embeddable":true,"href":"https:\/\/www.webdo.tn\/fr\/wp-json\/wp\/v2\/media\/376290"}],"wp:attachment":[{"href":"https:\/\/www.webdo.tn\/fr\/wp-json\/wp\/v2\/media?parent=117063"}],"wp:term":[{"taxonomy":"category","embeddable":true,"href":"https:\/\/www.webdo.tn\/fr\/wp-json\/wp\/v2\/categories?post=117063"},{"taxonomy":"post_tag","embeddable":true,"href":"https:\/\/www.webdo.tn\/fr\/wp-json\/wp\/v2\/tags?post=117063"}],"curies":[{"name":"wp","href":"https:\/\/api.w.org\/{rel}","templated":true}]}}