{"id":117047,"date":"2011-03-22T14:07:00","date_gmt":"2011-03-22T14:07:00","guid":{"rendered":"https:\/\/www.webdo.tn\/fr\/actualite\/blog\/cactus-une-schizophrenie-mediatique-qui-pique-et-pique\/185352\/"},"modified":"2025-06-04T20:42:31","modified_gmt":"2025-06-04T20:42:31","slug":"cactus-une-schizophrenie-mediatique-qui-pique-et-pique","status":"publish","type":"post","link":"https:\/\/www.webdo.tn\/fr\/actualite\/culture\/cactus-une-schizophrenie-mediatique-qui-pique-et-pique\/117047\/","title":{"rendered":"Cactus : une schizophr\u00e9nie m\u00e9diatique qui pique et\u2026pique"},"content":{"rendered":"<p>R\u00e9gime de Ben Ali d\u00e9chu dites-vous\u00a0? Oui, c\u2019est certain, mais les l\u00e8che-bottes squattent  toujours le terrain\u2026 D\u2019autant plus que la quasi-totalit\u00e9 des anciens vassaux du dictateur, et pour se racheter, se m\u00e9tamorphosent en de pauvres victimes ou souffre-douleur de l\u2019ancien r\u00e9gime et du clan Trabelsi.<\/p>\n<p>Une \u00abconf\u00e9rence de presse\u00bb, si on peut appeler \u00e7a ainsi, a eu lieu mercredi dernier dans les locaux de la maison de production Cactus.<\/p>\n<p>Longtemps boud\u00e9s par le propri\u00e9taire des lieux, \u00e0 savoir Sami Fehri, les journalistes se sont trouv\u00e9s pris au pi\u00e8ge. En r\u00e9alit\u00e9, la conf\u00e9rence de presse s\u2019est av\u00e9r\u00e9e \u00eatre l&rsquo;enregistrement d&rsquo;une \u00e9mission t\u00e9l\u00e9vis\u00e9e que \u00abMonsieur\u00bb pr\u00e9parait pour sa nouvelle cha\u00eene t\u00e9l\u00e9\u2026 Rien ne nous avait pr\u00e9par\u00e9 \u00e0 cela, et s\u00fbrement pas le fax que nous avons re\u00e7u !<\/p>\n<p>Un one man show tr\u00e8s&#8230; Fehri !<br \/>\nPuisque c&rsquo;est \u00abCactus\u00bb et qu&rsquo;un cactus \u00e7a pique, on peut se demander quelle mouche a piqu\u00e9 Sami Fehri, lui qui a toujours ignor\u00e9 les (vrais) journalistes, pour redescendre sur terre et les convier dans ses locaux. Allait-il faire comme tous ceux qui se pr\u00e9tendent avoir \u00e9t\u00e9 manipul\u00e9s par l\u2019ancien r\u00e9gime\u00a0et se dire accus\u00e9s \u00e0 tort\u00a0? Ou comptait-il annoncer publiquement son mea culpa afin de se faire pardonner\u00a0? La r\u00e9alit\u00e9 \u00e9tait tout autre.<\/p>\n<p>Le propri\u00e9taire de Cactus a donn\u00e9 l&rsquo;impression d&rsquo;\u00eatre dans tous ses \u00e9tats : perturb\u00e9, instable, anxieux ; une image qui n\u2019est pas celle qui correspondait \u00e0 un homme que l\u2019on disait trop s\u00fbr de lui, voire m\u00eame hautain.<\/p>\n<p>Les journalistes ont \u00e9t\u00e9 orient\u00e9s vers les lieux de la conf\u00e9rence, un studio avec des cam\u00e9ras partout, et ont \u00e9t\u00e9 install\u00e9s au premier rang, place d\u2019honneur\u2026 Derri\u00e8re eux, le personnel de Cactus \u00e9tait l\u00e0 o\u00f9 devait se mettre le public. The show must go on. Projecteurs, \u00e9crans g\u00e9ants, mat\u00e9riels ultra sophistiqu\u00e9s, tout \u00e9tait en place\u2026 Pour une simple conf\u00e9rence de presse, rappelons-le\u00a0!<\/p>\n<p>Sami Fehri se lan\u00e7a dans un long et pompeux verbiage. Cours magistral, longue tirade, monologue ou show t\u00e9l\u00e9vis\u00e9\u00a0? On ne savait plus \u00e0 quoi on avait affaire. Il monopolisait la parole, ne tenant pas compte des r\u00e9actions des journalistes qui se demandaient, au fil du temps, la raison de leur pr\u00e9sence. Il a encha\u00een\u00e9 avec un rythme effr\u00e9n\u00e9 et d\u00e9mesur\u00e9 son long discours, alors qu&rsquo;au d\u00e9part, il avait demand\u00e9 aux journalistes comment ils voulaient proc\u00e9der. L&rsquo;objectif de ce long d\u00e9bat, qu\u2019il anima seul, bien \u00e9videmment, \u00e9tait de d\u00e9mentir toutes les accusations faites \u00e0 son encontre, clamer haut et fort son innocence quant aux manigances et privil\u00e8ges dont il b\u00e9n\u00e9ficiait du temps de l\u2019ancien dictateur.<\/p>\n<p>Il se posait lui-m\u00eame les questions auxquelles il r\u00e9pondait. Nous, journalistes, n\u2019\u00e9tions en fait, que des spectateurs face \u00e0 un show \u00abt\u00e9l\u00e9vis\u00e9\u00bb, juste des bibelots dans le d\u00e9cor\u2026<\/p>\n<p>Manipulation m\u00e9diatique et m\u00e9contentement journalistique<br \/>\nDurant 5 heures et demie non-stop, Sami Fehri n\u2019a pas arr\u00eat\u00e9 de p\u00e9rorer, de donner des d\u00e9tails et descriptions \u00e0 la Balzac\u00a0! Et comble de l\u2019ironie, son personnel applaudissait \u00e0 chaque fois que leur boss se justifiait, \u00e0 croire que l\u2019on \u00e9tait encore \u00e0 l\u2019\u00e8re de Ben Ali, et dire que les employ\u00e9s ne sont pas pay\u00e9s depuis deux mois maintenant\u2026<\/p>\n<p>Se rendant compte de la com\u00e9die burlesque dans laquelle ils \u00e9taient \u00e0 la fois spectateurs et com\u00e9diens, quelques-uns parmi nous se sont rebell\u00e9s contre cette \u00abconf\u00e9rence\u00bb dont Sami Fehri a fait un purgatoire malsain et beaucoup se sont indign\u00e9s que ce soit-disant repentant utilise les gens de la plume comme moyen pour arriver \u00e0 ses fins et comme vecteur de sa nouvelle propagande : faire de la pub pour sa nouvelle cha\u00eene.<\/p>\n<p>Ainsi, il a voulu nous manipuler pour faire une \u00e9mission avec nous sans m\u00eame nous avoir demand\u00e9 la permission, et lancer sa nouvelle cha\u00eene t\u00e9l\u00e9 avec des images de cette \u00e9mission tournant en boucle et montrant une trentaine de journalistes tunisiens \u00e0 l&rsquo;image. A-t-il d\u00e9cid\u00e9 cela pour montrer au monde que les journalistes tunisiens le soutiennent ? \u00c7a sera une manipulation machiav\u00e9lique. On se demande aussi d&rsquo;o\u00f9 viennent les fonds pour le lancement de cette nouvelle cha\u00eene, alors que Sami Fehri jouait les pleureuses sur ses comptes gel\u00e9s, et sur le fait qu&rsquo;il \u00e9tait fauch\u00e9\u2026 Pour toute excuse sur l&rsquo;enregistrement \u00e0 l&rsquo;insu des journalistes, le patron de Cactus a continu\u00e9 \u00e0 caqueter en d\u00e9clarant\u00a0: \u00abC\u2019est que je ne suis pas habitu\u00e9 aux conf\u00e9rences de presse. Je ne sais pas comment il faut proc\u00e9der\u00a0!\u00bb.<\/p>\n<p>Aurait-il oubli\u00e9 que certaines valeurs professionnelles et morales ne se vendent point dans les march\u00e9s aux puces\u00a0? Les temps ont chang\u00e9, or, il y en a ceux qui oublient que l\u2019\u00e8re des privil\u00e8ges et des complots est bel et bien r\u00e9volue\u2026<br \/>\nMelek LAKDAR &#8211; Tunis-Hebdo (n\u00b01889, du 21 au 27 mars 2011)<\/p>\n","protected":false},"excerpt":{"rendered":"<p>Cactus : une schizophr\u00e9nie m\u00e9diatique qui pique et\u2026pique <\/p>\n","protected":false},"author":3222,"featured_media":365532,"comment_status":"open","ping_status":"closed","sticky":false,"template":"","format":"standard","meta":{"footnotes":""},"categories":[2594],"tags":[],"class_list":["post-117047","post","type-post","status-publish","format-standard","has-post-thumbnail","hentry","category-culture"],"yoast_head":"<!-- This site is optimized with the Yoast SEO Premium plugin v27.4 (Yoast SEO v27.4) - https:\/\/yoast.com\/product\/yoast-seo-premium-wordpress\/ -->\n<title>Cactus : une schizophr\u00e9nie m\u00e9diatique qui pique et\u2026pique<\/title>\n<meta name=\"description\" content=\"Cactus : une schizophr\u00e9nie m\u00e9diatique qui pique et\u2026pique\" \/>\n<link rel=\"canonical\" href=\"https:\/\/www.webdo.tn\/fr\/actualite\/culture\/cactus-une-schizophrenie-mediatique-qui-pique-et-pique\/117047\/\" \/>\n<meta property=\"og:locale\" content=\"fr_FR\" \/>\n<meta property=\"og:type\" content=\"article\" \/>\n<meta property=\"og:title\" content=\"Cactus : une schizophr\u00e9nie m\u00e9diatique qui pique et\u2026pique\" \/>\n<meta property=\"og:description\" content=\"Cactus : une schizophr\u00e9nie m\u00e9diatique qui pique et\u2026pique\" \/>\n<meta property=\"og:url\" content=\"https:\/\/www.webdo.tn\/fr\/actualite\/culture\/cactus-une-schizophrenie-mediatique-qui-pique-et-pique\/117047\/\" \/>\n<meta property=\"og:site_name\" content=\"webdo\" \/>\n<meta property=\"article:publisher\" content=\"https:\/\/www.facebook.com\/webdotn\" \/>\n<meta property=\"article:published_time\" content=\"2011-03-22T14:07:00+00:00\" \/>\n<meta property=\"article:modified_time\" content=\"2025-06-04T20:42:31+00:00\" \/>\n<meta property=\"og:image\" content=\"https:\/\/www.webdo.tn\/fr\/wp-content\/uploads\/2011\/03\/Sami-Fehri-300x229-1.jpg\" \/>\n\t<meta property=\"og:image:width\" content=\"300\" \/>\n\t<meta property=\"og:image:height\" content=\"229\" \/>\n\t<meta property=\"og:image:type\" content=\"image\/jpeg\" \/>\n<meta name=\"author\" content=\"webdo.tn\" \/>\n<meta name=\"twitter:card\" content=\"summary_large_image\" \/>\n<meta name=\"twitter:creator\" content=\"@webdo_tn\" \/>\n<meta name=\"twitter:site\" content=\"@webdo_tn\" \/>\n<meta name=\"twitter:label1\" content=\"\u00c9crit par\" \/>\n\t<meta name=\"twitter:data1\" content=\"webdo.tn\" \/>\n\t<meta name=\"twitter:label2\" content=\"Dur\u00e9e de lecture estim\u00e9e\" \/>\n\t<meta name=\"twitter:data2\" content=\"4 minutes\" \/>\n<script type=\"application\/ld+json\" class=\"yoast-schema-graph\">{\"@context\":\"https:\\\/\\\/schema.org\",\"@graph\":[{\"@type\":\"NewsArticle\",\"@id\":\"https:\\\/\\\/www.webdo.tn\\\/fr\\\/actualite\\\/culture\\\/cactus-une-schizophrenie-mediatique-qui-pique-et-pique\\\/117047\\\/#article\",\"isPartOf\":{\"@id\":\"https:\\\/\\\/www.webdo.tn\\\/fr\\\/actualite\\\/culture\\\/cactus-une-schizophrenie-mediatique-qui-pique-et-pique\\\/117047\\\/\"},\"author\":{\"name\":\"webdo.tn\",\"@id\":\"https:\\\/\\\/www.webdo.tn\\\/fr\\\/#\\\/schema\\\/person\\\/9a9c6118d687c117df8ef3cc36a4d175\"},\"headline\":\"Cactus : une schizophr\u00e9nie m\u00e9diatique qui pique et\u2026pique\",\"datePublished\":\"2011-03-22T14:07:00+00:00\",\"dateModified\":\"2025-06-04T20:42:31+00:00\",\"mainEntityOfPage\":{\"@id\":\"https:\\\/\\\/www.webdo.tn\\\/fr\\\/actualite\\\/culture\\\/cactus-une-schizophrenie-mediatique-qui-pique-et-pique\\\/117047\\\/\"},\"wordCount\":872,\"commentCount\":0,\"publisher\":{\"@id\":\"https:\\\/\\\/www.webdo.tn\\\/fr\\\/#organization\"},\"image\":{\"@id\":\"https:\\\/\\\/www.webdo.tn\\\/fr\\\/actualite\\\/culture\\\/cactus-une-schizophrenie-mediatique-qui-pique-et-pique\\\/117047\\\/#primaryimage\"},\"thumbnailUrl\":\"https:\\\/\\\/www.webdo.tn\\\/fr\\\/wp-content\\\/uploads\\\/2011\\\/03\\\/Sami-Fehri-300x229-1.jpg\",\"articleSection\":[\"Culture\"],\"inLanguage\":\"fr-FR\"},{\"@type\":\"WebPage\",\"@id\":\"https:\\\/\\\/www.webdo.tn\\\/fr\\\/actualite\\\/culture\\\/cactus-une-schizophrenie-mediatique-qui-pique-et-pique\\\/117047\\\/\",\"url\":\"https:\\\/\\\/www.webdo.tn\\\/fr\\\/actualite\\\/culture\\\/cactus-une-schizophrenie-mediatique-qui-pique-et-pique\\\/117047\\\/\",\"name\":\"Cactus : une schizophr\u00e9nie m\u00e9diatique qui pique et\u2026pique\",\"isPartOf\":{\"@id\":\"https:\\\/\\\/www.webdo.tn\\\/fr\\\/#website\"},\"primaryImageOfPage\":{\"@id\":\"https:\\\/\\\/www.webdo.tn\\\/fr\\\/actualite\\\/culture\\\/cactus-une-schizophrenie-mediatique-qui-pique-et-pique\\\/117047\\\/#primaryimage\"},\"image\":{\"@id\":\"https:\\\/\\\/www.webdo.tn\\\/fr\\\/actualite\\\/culture\\\/cactus-une-schizophrenie-mediatique-qui-pique-et-pique\\\/117047\\\/#primaryimage\"},\"thumbnailUrl\":\"https:\\\/\\\/www.webdo.tn\\\/fr\\\/wp-content\\\/uploads\\\/2011\\\/03\\\/Sami-Fehri-300x229-1.jpg\",\"datePublished\":\"2011-03-22T14:07:00+00:00\",\"dateModified\":\"2025-06-04T20:42:31+00:00\",\"description\":\"Cactus : une schizophr\u00e9nie m\u00e9diatique qui pique et\u2026pique\",\"breadcrumb\":{\"@id\":\"https:\\\/\\\/www.webdo.tn\\\/fr\\\/actualite\\\/culture\\\/cactus-une-schizophrenie-mediatique-qui-pique-et-pique\\\/117047\\\/#breadcrumb\"},\"inLanguage\":\"fr-FR\",\"potentialAction\":[{\"@type\":\"ReadAction\",\"target\":[\"https:\\\/\\\/www.webdo.tn\\\/fr\\\/actualite\\\/culture\\\/cactus-une-schizophrenie-mediatique-qui-pique-et-pique\\\/117047\\\/\"]}]},{\"@type\":\"ImageObject\",\"inLanguage\":\"fr-FR\",\"@id\":\"https:\\\/\\\/www.webdo.tn\\\/fr\\\/actualite\\\/culture\\\/cactus-une-schizophrenie-mediatique-qui-pique-et-pique\\\/117047\\\/#primaryimage\",\"url\":\"https:\\\/\\\/www.webdo.tn\\\/fr\\\/wp-content\\\/uploads\\\/2011\\\/03\\\/Sami-Fehri-300x229-1.jpg\",\"contentUrl\":\"https:\\\/\\\/www.webdo.tn\\\/fr\\\/wp-content\\\/uploads\\\/2011\\\/03\\\/Sami-Fehri-300x229-1.jpg\",\"width\":300,\"height\":229,\"caption\":\"Cactus : une schizophr\u00e9nie m\u00e9diatique qui pique et\u2026pique\"},{\"@type\":\"BreadcrumbList\",\"@id\":\"https:\\\/\\\/www.webdo.tn\\\/fr\\\/actualite\\\/culture\\\/cactus-une-schizophrenie-mediatique-qui-pique-et-pique\\\/117047\\\/#breadcrumb\",\"itemListElement\":[{\"@type\":\"ListItem\",\"position\":1,\"name\":\"Accueil\",\"item\":\"https:\\\/\\\/www.webdo.tn\\\/fr\\\/\"},{\"@type\":\"ListItem\",\"position\":2,\"name\":\"Cactus : une schizophr\u00e9nie m\u00e9diatique qui pique et\u2026pique\"}]},{\"@type\":\"WebSite\",\"@id\":\"https:\\\/\\\/www.webdo.tn\\\/fr\\\/#website\",\"url\":\"https:\\\/\\\/www.webdo.tn\\\/fr\\\/\",\"name\":\"webdo\",\"description\":\"Tunisie - News en Tunisie et \u00e0 l&#039;international sur Webdo.tn\",\"publisher\":{\"@id\":\"https:\\\/\\\/www.webdo.tn\\\/fr\\\/#organization\"},\"potentialAction\":[{\"@type\":\"SearchAction\",\"target\":{\"@type\":\"EntryPoint\",\"urlTemplate\":\"https:\\\/\\\/www.webdo.tn\\\/fr\\\/?s={search_term_string}\"},\"query-input\":{\"@type\":\"PropertyValueSpecification\",\"valueRequired\":true,\"valueName\":\"search_term_string\"}}],\"inLanguage\":\"fr-FR\"},{\"@type\":\"Organization\",\"@id\":\"https:\\\/\\\/www.webdo.tn\\\/fr\\\/#organization\",\"name\":\"Webdo\",\"alternateName\":\"Webdo.tn\",\"url\":\"https:\\\/\\\/www.webdo.tn\\\/fr\\\/\",\"logo\":{\"@type\":\"ImageObject\",\"inLanguage\":\"fr-FR\",\"@id\":\"https:\\\/\\\/www.webdo.tn\\\/fr\\\/#\\\/schema\\\/logo\\\/image\\\/\",\"url\":\"https:\\\/\\\/www.webdo.tn\\\/fr\\\/wp-content\\\/uploads\\\/2025\\\/06\\\/Webdo-Tunisie_168377.jpg\",\"contentUrl\":\"https:\\\/\\\/www.webdo.tn\\\/fr\\\/wp-content\\\/uploads\\\/2025\\\/06\\\/Webdo-Tunisie_168377.jpg\",\"width\":301,\"height\":301,\"caption\":\"Webdo\"},\"image\":{\"@id\":\"https:\\\/\\\/www.webdo.tn\\\/fr\\\/#\\\/schema\\\/logo\\\/image\\\/\"},\"sameAs\":[\"https:\\\/\\\/www.facebook.com\\\/webdotn\",\"https:\\\/\\\/x.com\\\/webdo_tn\"],\"description\":\"Webdo est un m\u00e9dia num\u00e9rique tunisien fond\u00e9 en 2010, sp\u00e9cialis\u00e9 dans l\u2019actualit\u00e9 nationale et internationale, l\u2019\u00e9conomie, la soci\u00e9t\u00e9 et les analyses politiques. Le site s\u2019adresse \u00e0 un large public francophone et couvre l\u2019information tunisienne en temps r\u00e9el.\",\"email\":\"redac@webdo.tn\",\"legalName\":\"YNJ SARL\",\"foundingDate\":\"2010-09-06\",\"numberOfEmployees\":{\"@type\":\"QuantitativeValue\",\"minValue\":\"11\",\"maxValue\":\"50\"}},{\"@type\":\"Person\",\"@id\":\"https:\\\/\\\/www.webdo.tn\\\/fr\\\/#\\\/schema\\\/person\\\/9a9c6118d687c117df8ef3cc36a4d175\",\"name\":\"webdo.tn\",\"image\":{\"@type\":\"ImageObject\",\"inLanguage\":\"fr-FR\",\"@id\":\"https:\\\/\\\/secure.gravatar.com\\\/avatar\\\/7ce1f28c0c3bbac99ff550b85ef8e44a6950c6ee24514fb6a5489e51d06f0298?s=96&d=mm&r=g\",\"url\":\"https:\\\/\\\/secure.gravatar.com\\\/avatar\\\/7ce1f28c0c3bbac99ff550b85ef8e44a6950c6ee24514fb6a5489e51d06f0298?s=96&d=mm&r=g\",\"contentUrl\":\"https:\\\/\\\/secure.gravatar.com\\\/avatar\\\/7ce1f28c0c3bbac99ff550b85ef8e44a6950c6ee24514fb6a5489e51d06f0298?s=96&d=mm&r=g\",\"caption\":\"webdo.tn\"},\"url\":\"https:\\\/\\\/www.webdo.tn\\\/fr\\\/actualite\\\/author\\\/webdotn\\\/\"}]}<\/script>\n<!-- \/ Yoast SEO Premium plugin. -->","yoast_head_json":{"title":"Cactus : une schizophr\u00e9nie m\u00e9diatique qui pique et\u2026pique","description":"Cactus : une schizophr\u00e9nie m\u00e9diatique qui pique et\u2026pique","canonical":"https:\/\/www.webdo.tn\/fr\/actualite\/culture\/cactus-une-schizophrenie-mediatique-qui-pique-et-pique\/117047\/","og_locale":"fr_FR","og_type":"article","og_title":"Cactus : une schizophr\u00e9nie m\u00e9diatique qui pique et\u2026pique","og_description":"Cactus : une schizophr\u00e9nie m\u00e9diatique qui pique et\u2026pique","og_url":"https:\/\/www.webdo.tn\/fr\/actualite\/culture\/cactus-une-schizophrenie-mediatique-qui-pique-et-pique\/117047\/","og_site_name":"webdo","article_publisher":"https:\/\/www.facebook.com\/webdotn","article_published_time":"2011-03-22T14:07:00+00:00","article_modified_time":"2025-06-04T20:42:31+00:00","og_image":[{"width":300,"height":229,"url":"https:\/\/www.webdo.tn\/fr\/wp-content\/uploads\/2011\/03\/Sami-Fehri-300x229-1.jpg","type":"image\/jpeg"}],"author":"webdo.tn","twitter_card":"summary_large_image","twitter_creator":"@webdo_tn","twitter_site":"@webdo_tn","twitter_misc":{"\u00c9crit par":"webdo.tn","Dur\u00e9e de lecture estim\u00e9e":"4 minutes"},"schema":{"@context":"https:\/\/schema.org","@graph":[{"@type":"NewsArticle","@id":"https:\/\/www.webdo.tn\/fr\/actualite\/culture\/cactus-une-schizophrenie-mediatique-qui-pique-et-pique\/117047\/#article","isPartOf":{"@id":"https:\/\/www.webdo.tn\/fr\/actualite\/culture\/cactus-une-schizophrenie-mediatique-qui-pique-et-pique\/117047\/"},"author":{"name":"webdo.tn","@id":"https:\/\/www.webdo.tn\/fr\/#\/schema\/person\/9a9c6118d687c117df8ef3cc36a4d175"},"headline":"Cactus : une schizophr\u00e9nie m\u00e9diatique qui pique et\u2026pique","datePublished":"2011-03-22T14:07:00+00:00","dateModified":"2025-06-04T20:42:31+00:00","mainEntityOfPage":{"@id":"https:\/\/www.webdo.tn\/fr\/actualite\/culture\/cactus-une-schizophrenie-mediatique-qui-pique-et-pique\/117047\/"},"wordCount":872,"commentCount":0,"publisher":{"@id":"https:\/\/www.webdo.tn\/fr\/#organization"},"image":{"@id":"https:\/\/www.webdo.tn\/fr\/actualite\/culture\/cactus-une-schizophrenie-mediatique-qui-pique-et-pique\/117047\/#primaryimage"},"thumbnailUrl":"https:\/\/www.webdo.tn\/fr\/wp-content\/uploads\/2011\/03\/Sami-Fehri-300x229-1.jpg","articleSection":["Culture"],"inLanguage":"fr-FR"},{"@type":"WebPage","@id":"https:\/\/www.webdo.tn\/fr\/actualite\/culture\/cactus-une-schizophrenie-mediatique-qui-pique-et-pique\/117047\/","url":"https:\/\/www.webdo.tn\/fr\/actualite\/culture\/cactus-une-schizophrenie-mediatique-qui-pique-et-pique\/117047\/","name":"Cactus : une schizophr\u00e9nie m\u00e9diatique qui pique et\u2026pique","isPartOf":{"@id":"https:\/\/www.webdo.tn\/fr\/#website"},"primaryImageOfPage":{"@id":"https:\/\/www.webdo.tn\/fr\/actualite\/culture\/cactus-une-schizophrenie-mediatique-qui-pique-et-pique\/117047\/#primaryimage"},"image":{"@id":"https:\/\/www.webdo.tn\/fr\/actualite\/culture\/cactus-une-schizophrenie-mediatique-qui-pique-et-pique\/117047\/#primaryimage"},"thumbnailUrl":"https:\/\/www.webdo.tn\/fr\/wp-content\/uploads\/2011\/03\/Sami-Fehri-300x229-1.jpg","datePublished":"2011-03-22T14:07:00+00:00","dateModified":"2025-06-04T20:42:31+00:00","description":"Cactus : une schizophr\u00e9nie m\u00e9diatique qui pique et\u2026pique","breadcrumb":{"@id":"https:\/\/www.webdo.tn\/fr\/actualite\/culture\/cactus-une-schizophrenie-mediatique-qui-pique-et-pique\/117047\/#breadcrumb"},"inLanguage":"fr-FR","potentialAction":[{"@type":"ReadAction","target":["https:\/\/www.webdo.tn\/fr\/actualite\/culture\/cactus-une-schizophrenie-mediatique-qui-pique-et-pique\/117047\/"]}]},{"@type":"ImageObject","inLanguage":"fr-FR","@id":"https:\/\/www.webdo.tn\/fr\/actualite\/culture\/cactus-une-schizophrenie-mediatique-qui-pique-et-pique\/117047\/#primaryimage","url":"https:\/\/www.webdo.tn\/fr\/wp-content\/uploads\/2011\/03\/Sami-Fehri-300x229-1.jpg","contentUrl":"https:\/\/www.webdo.tn\/fr\/wp-content\/uploads\/2011\/03\/Sami-Fehri-300x229-1.jpg","width":300,"height":229,"caption":"Cactus : une schizophr\u00e9nie m\u00e9diatique qui pique et\u2026pique"},{"@type":"BreadcrumbList","@id":"https:\/\/www.webdo.tn\/fr\/actualite\/culture\/cactus-une-schizophrenie-mediatique-qui-pique-et-pique\/117047\/#breadcrumb","itemListElement":[{"@type":"ListItem","position":1,"name":"Accueil","item":"https:\/\/www.webdo.tn\/fr\/"},{"@type":"ListItem","position":2,"name":"Cactus : une schizophr\u00e9nie m\u00e9diatique qui pique et\u2026pique"}]},{"@type":"WebSite","@id":"https:\/\/www.webdo.tn\/fr\/#website","url":"https:\/\/www.webdo.tn\/fr\/","name":"webdo","description":"Tunisie - News en Tunisie et \u00e0 l&#039;international sur Webdo.tn","publisher":{"@id":"https:\/\/www.webdo.tn\/fr\/#organization"},"potentialAction":[{"@type":"SearchAction","target":{"@type":"EntryPoint","urlTemplate":"https:\/\/www.webdo.tn\/fr\/?s={search_term_string}"},"query-input":{"@type":"PropertyValueSpecification","valueRequired":true,"valueName":"search_term_string"}}],"inLanguage":"fr-FR"},{"@type":"Organization","@id":"https:\/\/www.webdo.tn\/fr\/#organization","name":"Webdo","alternateName":"Webdo.tn","url":"https:\/\/www.webdo.tn\/fr\/","logo":{"@type":"ImageObject","inLanguage":"fr-FR","@id":"https:\/\/www.webdo.tn\/fr\/#\/schema\/logo\/image\/","url":"https:\/\/www.webdo.tn\/fr\/wp-content\/uploads\/2025\/06\/Webdo-Tunisie_168377.jpg","contentUrl":"https:\/\/www.webdo.tn\/fr\/wp-content\/uploads\/2025\/06\/Webdo-Tunisie_168377.jpg","width":301,"height":301,"caption":"Webdo"},"image":{"@id":"https:\/\/www.webdo.tn\/fr\/#\/schema\/logo\/image\/"},"sameAs":["https:\/\/www.facebook.com\/webdotn","https:\/\/x.com\/webdo_tn"],"description":"Webdo est un m\u00e9dia num\u00e9rique tunisien fond\u00e9 en 2010, sp\u00e9cialis\u00e9 dans l\u2019actualit\u00e9 nationale et internationale, l\u2019\u00e9conomie, la soci\u00e9t\u00e9 et les analyses politiques. Le site s\u2019adresse \u00e0 un large public francophone et couvre l\u2019information tunisienne en temps r\u00e9el.","email":"redac@webdo.tn","legalName":"YNJ SARL","foundingDate":"2010-09-06","numberOfEmployees":{"@type":"QuantitativeValue","minValue":"11","maxValue":"50"}},{"@type":"Person","@id":"https:\/\/www.webdo.tn\/fr\/#\/schema\/person\/9a9c6118d687c117df8ef3cc36a4d175","name":"webdo.tn","image":{"@type":"ImageObject","inLanguage":"fr-FR","@id":"https:\/\/secure.gravatar.com\/avatar\/7ce1f28c0c3bbac99ff550b85ef8e44a6950c6ee24514fb6a5489e51d06f0298?s=96&d=mm&r=g","url":"https:\/\/secure.gravatar.com\/avatar\/7ce1f28c0c3bbac99ff550b85ef8e44a6950c6ee24514fb6a5489e51d06f0298?s=96&d=mm&r=g","contentUrl":"https:\/\/secure.gravatar.com\/avatar\/7ce1f28c0c3bbac99ff550b85ef8e44a6950c6ee24514fb6a5489e51d06f0298?s=96&d=mm&r=g","caption":"webdo.tn"},"url":"https:\/\/www.webdo.tn\/fr\/actualite\/author\/webdotn\/"}]}},"_links":{"self":[{"href":"https:\/\/www.webdo.tn\/fr\/wp-json\/wp\/v2\/posts\/117047","targetHints":{"allow":["GET"]}}],"collection":[{"href":"https:\/\/www.webdo.tn\/fr\/wp-json\/wp\/v2\/posts"}],"about":[{"href":"https:\/\/www.webdo.tn\/fr\/wp-json\/wp\/v2\/types\/post"}],"author":[{"embeddable":true,"href":"https:\/\/www.webdo.tn\/fr\/wp-json\/wp\/v2\/users\/3222"}],"replies":[{"embeddable":true,"href":"https:\/\/www.webdo.tn\/fr\/wp-json\/wp\/v2\/comments?post=117047"}],"version-history":[{"count":0,"href":"https:\/\/www.webdo.tn\/fr\/wp-json\/wp\/v2\/posts\/117047\/revisions"}],"wp:featuredmedia":[{"embeddable":true,"href":"https:\/\/www.webdo.tn\/fr\/wp-json\/wp\/v2\/media\/365532"}],"wp:attachment":[{"href":"https:\/\/www.webdo.tn\/fr\/wp-json\/wp\/v2\/media?parent=117047"}],"wp:term":[{"taxonomy":"category","embeddable":true,"href":"https:\/\/www.webdo.tn\/fr\/wp-json\/wp\/v2\/categories?post=117047"},{"taxonomy":"post_tag","embeddable":true,"href":"https:\/\/www.webdo.tn\/fr\/wp-json\/wp\/v2\/tags?post=117047"}],"curies":[{"name":"wp","href":"https:\/\/api.w.org\/{rel}","templated":true}]}}