{"id":117039,"date":"2011-04-28T13:02:00","date_gmt":"2011-04-28T13:02:00","guid":{"rendered":"https:\/\/www.webdo.tn\/fr\/actualite\/blog\/la-palais-de-sidi-bou-said-musee-de-la-revolution\/185344\/"},"modified":"2025-06-04T21:26:14","modified_gmt":"2025-06-04T21:26:14","slug":"la-palais-de-sidi-bou-said-musee-de-la-revolution","status":"publish","type":"post","link":"https:\/\/www.webdo.tn\/fr\/actualite\/culture\/la-palais-de-sidi-bou-said-musee-de-la-revolution\/117039\/","title":{"rendered":"La Palais de Sidi Bou Sa\u00efd, mus\u00e9e de la R\u00e9volution !"},"content":{"rendered":"<p>Un jeune de Sidi Bouzid, chercheur dans le march\u00e9 de l\u2019art, vient de nous proposer l\u2019id\u00e9e de cr\u00e9er un mus\u00e9e de la R\u00e9volution au sein m\u00eame du Palais de Sidi Bou Sa\u00efd (\u00abd\u2019Ali Baba\u00bb).<\/p>\n<p>Le minist\u00e8re de la Culture, selon lui, peut cr\u00e9er une entreprise \u00e0 caract\u00e8re culturel qui s\u2019occupera de la gestion de cet espace. Cette organisation, \u00e0 but non lucratif, peut cr\u00e9er une centaine d\u2019emplois pour les jeunes dipl\u00f4m\u00e9s de l\u2019\u00e9cole des Beaux Arts, d\u2019animation culturelle, d&rsquo;histoire et des sp\u00e9cialit\u00e9s litt\u00e9raires.<\/p>\n<p>Le palais peut constituer un espace culturel multidisciplinaire et un mus\u00e9e de la R\u00e9volution tunisienne au c\u0153ur de la baie de Sidi Bou Sa\u00efd.<\/p>\n<p>Ce jeune cadre ne table pas sur des aides du gouvernement ou un budget consacr\u00e9 \u00e0 la gestion du Palais mais sur les entr\u00e9es au Palais et les services annexes qui peuvent \u00eatre lanc\u00e9s (souvenirs et autres..).<\/p>\n<p>Un projet culturel et une perche tendue au minist\u00e8re de la Culture qui cherche \u00e0 employer les dipl\u00f4m\u00e9s du sup\u00e9rieur dans les disciplines artistiques et litt\u00e9raires. A bon entendeur.<\/p>\n","protected":false},"excerpt":{"rendered":"<p>La Palais de Sidi Bou Sa\u00efd, mus\u00e9e de la R\u00e9volution ! <\/p>\n","protected":false},"author":3222,"featured_media":365883,"comment_status":"open","ping_status":"closed","sticky":false,"template":"","format":"standard","meta":{"footnotes":""},"categories":[2594],"tags":[],"class_list":["post-117039","post","type-post","status-publish","format-standard","has-post-thumbnail","hentry","category-culture"],"yoast_head":"<!-- This site is optimized with the Yoast SEO Premium plugin v27.4 (Yoast SEO v27.4) - https:\/\/yoast.com\/product\/yoast-seo-premium-wordpress\/ -->\n<title>La Palais de Sidi Bou Sa\u00efd, mus\u00e9e de la R\u00e9volution !<\/title>\n<meta name=\"description\" content=\"La Palais de Sidi Bou Sa\u00efd, mus\u00e9e de la R\u00e9volution !\" \/>\n<link rel=\"canonical\" href=\"https:\/\/www.webdo.tn\/fr\/actualite\/culture\/la-palais-de-sidi-bou-said-musee-de-la-revolution\/117039\/\" \/>\n<meta property=\"og:locale\" content=\"fr_FR\" \/>\n<meta property=\"og:type\" content=\"article\" \/>\n<meta property=\"og:title\" content=\"La Palais de Sidi Bou Sa\u00efd, mus\u00e9e de la R\u00e9volution !\" \/>\n<meta property=\"og:description\" content=\"La Palais de Sidi Bou Sa\u00efd, mus\u00e9e de la R\u00e9volution !\" \/>\n<meta property=\"og:url\" content=\"https:\/\/www.webdo.tn\/fr\/actualite\/culture\/la-palais-de-sidi-bou-said-musee-de-la-revolution\/117039\/\" \/>\n<meta property=\"og:site_name\" content=\"webdo\" \/>\n<meta property=\"article:publisher\" content=\"https:\/\/www.facebook.com\/webdotn\" \/>\n<meta property=\"article:published_time\" content=\"2011-04-28T13:02:00+00:00\" \/>\n<meta property=\"article:modified_time\" content=\"2025-06-04T21:26:14+00:00\" \/>\n<meta property=\"og:image\" content=\"https:\/\/www.webdo.tn\/fr\/wp-content\/uploads\/2011\/04\/Palais-de-Ben-Ali-photo-France-Soir-300x213-1.jpg\" \/>\n\t<meta property=\"og:image:width\" content=\"300\" \/>\n\t<meta property=\"og:image:height\" content=\"213\" \/>\n\t<meta property=\"og:image:type\" content=\"image\/jpeg\" \/>\n<meta name=\"author\" content=\"webdo.tn\" \/>\n<meta name=\"twitter:card\" content=\"summary_large_image\" \/>\n<meta name=\"twitter:creator\" content=\"@webdo_tn\" \/>\n<meta name=\"twitter:site\" content=\"@webdo_tn\" \/>\n<meta name=\"twitter:label1\" content=\"\u00c9crit par\" \/>\n\t<meta name=\"twitter:data1\" content=\"webdo.tn\" \/>\n\t<meta name=\"twitter:label2\" content=\"Dur\u00e9e de lecture estim\u00e9e\" \/>\n\t<meta name=\"twitter:data2\" content=\"1 minute\" \/>\n<script type=\"application\/ld+json\" class=\"yoast-schema-graph\">{\"@context\":\"https:\\\/\\\/schema.org\",\"@graph\":[{\"@type\":\"NewsArticle\",\"@id\":\"https:\\\/\\\/www.webdo.tn\\\/fr\\\/actualite\\\/culture\\\/la-palais-de-sidi-bou-said-musee-de-la-revolution\\\/117039\\\/#article\",\"isPartOf\":{\"@id\":\"https:\\\/\\\/www.webdo.tn\\\/fr\\\/actualite\\\/culture\\\/la-palais-de-sidi-bou-said-musee-de-la-revolution\\\/117039\\\/\"},\"author\":{\"name\":\"webdo.tn\",\"@id\":\"https:\\\/\\\/www.webdo.tn\\\/fr\\\/#\\\/schema\\\/person\\\/9a9c6118d687c117df8ef3cc36a4d175\"},\"headline\":\"La Palais de Sidi Bou Sa\u00efd, mus\u00e9e de la R\u00e9volution !\",\"datePublished\":\"2011-04-28T13:02:00+00:00\",\"dateModified\":\"2025-06-04T21:26:14+00:00\",\"mainEntityOfPage\":{\"@id\":\"https:\\\/\\\/www.webdo.tn\\\/fr\\\/actualite\\\/culture\\\/la-palais-de-sidi-bou-said-musee-de-la-revolution\\\/117039\\\/\"},\"wordCount\":216,\"commentCount\":0,\"publisher\":{\"@id\":\"https:\\\/\\\/www.webdo.tn\\\/fr\\\/#organization\"},\"image\":{\"@id\":\"https:\\\/\\\/www.webdo.tn\\\/fr\\\/actualite\\\/culture\\\/la-palais-de-sidi-bou-said-musee-de-la-revolution\\\/117039\\\/#primaryimage\"},\"thumbnailUrl\":\"https:\\\/\\\/www.webdo.tn\\\/fr\\\/wp-content\\\/uploads\\\/2011\\\/04\\\/Palais-de-Ben-Ali-photo-France-Soir-300x213-1.jpg\",\"articleSection\":[\"Culture\"],\"inLanguage\":\"fr-FR\"},{\"@type\":\"WebPage\",\"@id\":\"https:\\\/\\\/www.webdo.tn\\\/fr\\\/actualite\\\/culture\\\/la-palais-de-sidi-bou-said-musee-de-la-revolution\\\/117039\\\/\",\"url\":\"https:\\\/\\\/www.webdo.tn\\\/fr\\\/actualite\\\/culture\\\/la-palais-de-sidi-bou-said-musee-de-la-revolution\\\/117039\\\/\",\"name\":\"La Palais de Sidi Bou Sa\u00efd, mus\u00e9e de la R\u00e9volution !\",\"isPartOf\":{\"@id\":\"https:\\\/\\\/www.webdo.tn\\\/fr\\\/#website\"},\"primaryImageOfPage\":{\"@id\":\"https:\\\/\\\/www.webdo.tn\\\/fr\\\/actualite\\\/culture\\\/la-palais-de-sidi-bou-said-musee-de-la-revolution\\\/117039\\\/#primaryimage\"},\"image\":{\"@id\":\"https:\\\/\\\/www.webdo.tn\\\/fr\\\/actualite\\\/culture\\\/la-palais-de-sidi-bou-said-musee-de-la-revolution\\\/117039\\\/#primaryimage\"},\"thumbnailUrl\":\"https:\\\/\\\/www.webdo.tn\\\/fr\\\/wp-content\\\/uploads\\\/2011\\\/04\\\/Palais-de-Ben-Ali-photo-France-Soir-300x213-1.jpg\",\"datePublished\":\"2011-04-28T13:02:00+00:00\",\"dateModified\":\"2025-06-04T21:26:14+00:00\",\"description\":\"La Palais de Sidi Bou Sa\u00efd, mus\u00e9e de la R\u00e9volution !\",\"breadcrumb\":{\"@id\":\"https:\\\/\\\/www.webdo.tn\\\/fr\\\/actualite\\\/culture\\\/la-palais-de-sidi-bou-said-musee-de-la-revolution\\\/117039\\\/#breadcrumb\"},\"inLanguage\":\"fr-FR\",\"potentialAction\":[{\"@type\":\"ReadAction\",\"target\":[\"https:\\\/\\\/www.webdo.tn\\\/fr\\\/actualite\\\/culture\\\/la-palais-de-sidi-bou-said-musee-de-la-revolution\\\/117039\\\/\"]}]},{\"@type\":\"ImageObject\",\"inLanguage\":\"fr-FR\",\"@id\":\"https:\\\/\\\/www.webdo.tn\\\/fr\\\/actualite\\\/culture\\\/la-palais-de-sidi-bou-said-musee-de-la-revolution\\\/117039\\\/#primaryimage\",\"url\":\"https:\\\/\\\/www.webdo.tn\\\/fr\\\/wp-content\\\/uploads\\\/2011\\\/04\\\/Palais-de-Ben-Ali-photo-France-Soir-300x213-1.jpg\",\"contentUrl\":\"https:\\\/\\\/www.webdo.tn\\\/fr\\\/wp-content\\\/uploads\\\/2011\\\/04\\\/Palais-de-Ben-Ali-photo-France-Soir-300x213-1.jpg\",\"width\":300,\"height\":213,\"caption\":\"La Palais de Sidi Bou Sa\u00efd, mus\u00e9e de la R\u00e9volution !\"},{\"@type\":\"BreadcrumbList\",\"@id\":\"https:\\\/\\\/www.webdo.tn\\\/fr\\\/actualite\\\/culture\\\/la-palais-de-sidi-bou-said-musee-de-la-revolution\\\/117039\\\/#breadcrumb\",\"itemListElement\":[{\"@type\":\"ListItem\",\"position\":1,\"name\":\"Accueil\",\"item\":\"https:\\\/\\\/www.webdo.tn\\\/fr\\\/\"},{\"@type\":\"ListItem\",\"position\":2,\"name\":\"La Palais de Sidi Bou Sa\u00efd, mus\u00e9e de la R\u00e9volution !\"}]},{\"@type\":\"WebSite\",\"@id\":\"https:\\\/\\\/www.webdo.tn\\\/fr\\\/#website\",\"url\":\"https:\\\/\\\/www.webdo.tn\\\/fr\\\/\",\"name\":\"webdo\",\"description\":\"Tunisie - News en Tunisie et \u00e0 l&#039;international sur Webdo.tn\",\"publisher\":{\"@id\":\"https:\\\/\\\/www.webdo.tn\\\/fr\\\/#organization\"},\"potentialAction\":[{\"@type\":\"SearchAction\",\"target\":{\"@type\":\"EntryPoint\",\"urlTemplate\":\"https:\\\/\\\/www.webdo.tn\\\/fr\\\/?s={search_term_string}\"},\"query-input\":{\"@type\":\"PropertyValueSpecification\",\"valueRequired\":true,\"valueName\":\"search_term_string\"}}],\"inLanguage\":\"fr-FR\"},{\"@type\":\"Organization\",\"@id\":\"https:\\\/\\\/www.webdo.tn\\\/fr\\\/#organization\",\"name\":\"Webdo\",\"alternateName\":\"Webdo.tn\",\"url\":\"https:\\\/\\\/www.webdo.tn\\\/fr\\\/\",\"logo\":{\"@type\":\"ImageObject\",\"inLanguage\":\"fr-FR\",\"@id\":\"https:\\\/\\\/www.webdo.tn\\\/fr\\\/#\\\/schema\\\/logo\\\/image\\\/\",\"url\":\"https:\\\/\\\/www.webdo.tn\\\/fr\\\/wp-content\\\/uploads\\\/2025\\\/06\\\/Webdo-Tunisie_168377.jpg\",\"contentUrl\":\"https:\\\/\\\/www.webdo.tn\\\/fr\\\/wp-content\\\/uploads\\\/2025\\\/06\\\/Webdo-Tunisie_168377.jpg\",\"width\":301,\"height\":301,\"caption\":\"Webdo\"},\"image\":{\"@id\":\"https:\\\/\\\/www.webdo.tn\\\/fr\\\/#\\\/schema\\\/logo\\\/image\\\/\"},\"sameAs\":[\"https:\\\/\\\/www.facebook.com\\\/webdotn\",\"https:\\\/\\\/x.com\\\/webdo_tn\"],\"description\":\"Webdo est un m\u00e9dia num\u00e9rique tunisien fond\u00e9 en 2010, sp\u00e9cialis\u00e9 dans l\u2019actualit\u00e9 nationale et internationale, l\u2019\u00e9conomie, la soci\u00e9t\u00e9 et les analyses politiques. Le site s\u2019adresse \u00e0 un large public francophone et couvre l\u2019information tunisienne en temps r\u00e9el.\",\"email\":\"redac@webdo.tn\",\"legalName\":\"YNJ SARL\",\"foundingDate\":\"2010-09-06\",\"numberOfEmployees\":{\"@type\":\"QuantitativeValue\",\"minValue\":\"11\",\"maxValue\":\"50\"}},{\"@type\":\"Person\",\"@id\":\"https:\\\/\\\/www.webdo.tn\\\/fr\\\/#\\\/schema\\\/person\\\/9a9c6118d687c117df8ef3cc36a4d175\",\"name\":\"webdo.tn\",\"image\":{\"@type\":\"ImageObject\",\"inLanguage\":\"fr-FR\",\"@id\":\"https:\\\/\\\/secure.gravatar.com\\\/avatar\\\/7ce1f28c0c3bbac99ff550b85ef8e44a6950c6ee24514fb6a5489e51d06f0298?s=96&d=mm&r=g\",\"url\":\"https:\\\/\\\/secure.gravatar.com\\\/avatar\\\/7ce1f28c0c3bbac99ff550b85ef8e44a6950c6ee24514fb6a5489e51d06f0298?s=96&d=mm&r=g\",\"contentUrl\":\"https:\\\/\\\/secure.gravatar.com\\\/avatar\\\/7ce1f28c0c3bbac99ff550b85ef8e44a6950c6ee24514fb6a5489e51d06f0298?s=96&d=mm&r=g\",\"caption\":\"webdo.tn\"},\"url\":\"https:\\\/\\\/www.webdo.tn\\\/fr\\\/actualite\\\/author\\\/webdotn\\\/\"}]}<\/script>\n<!-- \/ Yoast SEO Premium plugin. -->","yoast_head_json":{"title":"La Palais de Sidi Bou Sa\u00efd, mus\u00e9e de la R\u00e9volution !","description":"La Palais de Sidi Bou Sa\u00efd, mus\u00e9e de la R\u00e9volution !","canonical":"https:\/\/www.webdo.tn\/fr\/actualite\/culture\/la-palais-de-sidi-bou-said-musee-de-la-revolution\/117039\/","og_locale":"fr_FR","og_type":"article","og_title":"La Palais de Sidi Bou Sa\u00efd, mus\u00e9e de la R\u00e9volution !","og_description":"La Palais de Sidi Bou Sa\u00efd, mus\u00e9e de la R\u00e9volution !","og_url":"https:\/\/www.webdo.tn\/fr\/actualite\/culture\/la-palais-de-sidi-bou-said-musee-de-la-revolution\/117039\/","og_site_name":"webdo","article_publisher":"https:\/\/www.facebook.com\/webdotn","article_published_time":"2011-04-28T13:02:00+00:00","article_modified_time":"2025-06-04T21:26:14+00:00","og_image":[{"width":300,"height":213,"url":"https:\/\/www.webdo.tn\/fr\/wp-content\/uploads\/2011\/04\/Palais-de-Ben-Ali-photo-France-Soir-300x213-1.jpg","type":"image\/jpeg"}],"author":"webdo.tn","twitter_card":"summary_large_image","twitter_creator":"@webdo_tn","twitter_site":"@webdo_tn","twitter_misc":{"\u00c9crit par":"webdo.tn","Dur\u00e9e de lecture estim\u00e9e":"1 minute"},"schema":{"@context":"https:\/\/schema.org","@graph":[{"@type":"NewsArticle","@id":"https:\/\/www.webdo.tn\/fr\/actualite\/culture\/la-palais-de-sidi-bou-said-musee-de-la-revolution\/117039\/#article","isPartOf":{"@id":"https:\/\/www.webdo.tn\/fr\/actualite\/culture\/la-palais-de-sidi-bou-said-musee-de-la-revolution\/117039\/"},"author":{"name":"webdo.tn","@id":"https:\/\/www.webdo.tn\/fr\/#\/schema\/person\/9a9c6118d687c117df8ef3cc36a4d175"},"headline":"La Palais de Sidi Bou Sa\u00efd, mus\u00e9e de la R\u00e9volution !","datePublished":"2011-04-28T13:02:00+00:00","dateModified":"2025-06-04T21:26:14+00:00","mainEntityOfPage":{"@id":"https:\/\/www.webdo.tn\/fr\/actualite\/culture\/la-palais-de-sidi-bou-said-musee-de-la-revolution\/117039\/"},"wordCount":216,"commentCount":0,"publisher":{"@id":"https:\/\/www.webdo.tn\/fr\/#organization"},"image":{"@id":"https:\/\/www.webdo.tn\/fr\/actualite\/culture\/la-palais-de-sidi-bou-said-musee-de-la-revolution\/117039\/#primaryimage"},"thumbnailUrl":"https:\/\/www.webdo.tn\/fr\/wp-content\/uploads\/2011\/04\/Palais-de-Ben-Ali-photo-France-Soir-300x213-1.jpg","articleSection":["Culture"],"inLanguage":"fr-FR"},{"@type":"WebPage","@id":"https:\/\/www.webdo.tn\/fr\/actualite\/culture\/la-palais-de-sidi-bou-said-musee-de-la-revolution\/117039\/","url":"https:\/\/www.webdo.tn\/fr\/actualite\/culture\/la-palais-de-sidi-bou-said-musee-de-la-revolution\/117039\/","name":"La Palais de Sidi Bou Sa\u00efd, mus\u00e9e de la R\u00e9volution !","isPartOf":{"@id":"https:\/\/www.webdo.tn\/fr\/#website"},"primaryImageOfPage":{"@id":"https:\/\/www.webdo.tn\/fr\/actualite\/culture\/la-palais-de-sidi-bou-said-musee-de-la-revolution\/117039\/#primaryimage"},"image":{"@id":"https:\/\/www.webdo.tn\/fr\/actualite\/culture\/la-palais-de-sidi-bou-said-musee-de-la-revolution\/117039\/#primaryimage"},"thumbnailUrl":"https:\/\/www.webdo.tn\/fr\/wp-content\/uploads\/2011\/04\/Palais-de-Ben-Ali-photo-France-Soir-300x213-1.jpg","datePublished":"2011-04-28T13:02:00+00:00","dateModified":"2025-06-04T21:26:14+00:00","description":"La Palais de Sidi Bou Sa\u00efd, mus\u00e9e de la R\u00e9volution !","breadcrumb":{"@id":"https:\/\/www.webdo.tn\/fr\/actualite\/culture\/la-palais-de-sidi-bou-said-musee-de-la-revolution\/117039\/#breadcrumb"},"inLanguage":"fr-FR","potentialAction":[{"@type":"ReadAction","target":["https:\/\/www.webdo.tn\/fr\/actualite\/culture\/la-palais-de-sidi-bou-said-musee-de-la-revolution\/117039\/"]}]},{"@type":"ImageObject","inLanguage":"fr-FR","@id":"https:\/\/www.webdo.tn\/fr\/actualite\/culture\/la-palais-de-sidi-bou-said-musee-de-la-revolution\/117039\/#primaryimage","url":"https:\/\/www.webdo.tn\/fr\/wp-content\/uploads\/2011\/04\/Palais-de-Ben-Ali-photo-France-Soir-300x213-1.jpg","contentUrl":"https:\/\/www.webdo.tn\/fr\/wp-content\/uploads\/2011\/04\/Palais-de-Ben-Ali-photo-France-Soir-300x213-1.jpg","width":300,"height":213,"caption":"La Palais de Sidi Bou Sa\u00efd, mus\u00e9e de la R\u00e9volution !"},{"@type":"BreadcrumbList","@id":"https:\/\/www.webdo.tn\/fr\/actualite\/culture\/la-palais-de-sidi-bou-said-musee-de-la-revolution\/117039\/#breadcrumb","itemListElement":[{"@type":"ListItem","position":1,"name":"Accueil","item":"https:\/\/www.webdo.tn\/fr\/"},{"@type":"ListItem","position":2,"name":"La Palais de Sidi Bou Sa\u00efd, mus\u00e9e de la R\u00e9volution !"}]},{"@type":"WebSite","@id":"https:\/\/www.webdo.tn\/fr\/#website","url":"https:\/\/www.webdo.tn\/fr\/","name":"webdo","description":"Tunisie - News en Tunisie et \u00e0 l&#039;international sur Webdo.tn","publisher":{"@id":"https:\/\/www.webdo.tn\/fr\/#organization"},"potentialAction":[{"@type":"SearchAction","target":{"@type":"EntryPoint","urlTemplate":"https:\/\/www.webdo.tn\/fr\/?s={search_term_string}"},"query-input":{"@type":"PropertyValueSpecification","valueRequired":true,"valueName":"search_term_string"}}],"inLanguage":"fr-FR"},{"@type":"Organization","@id":"https:\/\/www.webdo.tn\/fr\/#organization","name":"Webdo","alternateName":"Webdo.tn","url":"https:\/\/www.webdo.tn\/fr\/","logo":{"@type":"ImageObject","inLanguage":"fr-FR","@id":"https:\/\/www.webdo.tn\/fr\/#\/schema\/logo\/image\/","url":"https:\/\/www.webdo.tn\/fr\/wp-content\/uploads\/2025\/06\/Webdo-Tunisie_168377.jpg","contentUrl":"https:\/\/www.webdo.tn\/fr\/wp-content\/uploads\/2025\/06\/Webdo-Tunisie_168377.jpg","width":301,"height":301,"caption":"Webdo"},"image":{"@id":"https:\/\/www.webdo.tn\/fr\/#\/schema\/logo\/image\/"},"sameAs":["https:\/\/www.facebook.com\/webdotn","https:\/\/x.com\/webdo_tn"],"description":"Webdo est un m\u00e9dia num\u00e9rique tunisien fond\u00e9 en 2010, sp\u00e9cialis\u00e9 dans l\u2019actualit\u00e9 nationale et internationale, l\u2019\u00e9conomie, la soci\u00e9t\u00e9 et les analyses politiques. Le site s\u2019adresse \u00e0 un large public francophone et couvre l\u2019information tunisienne en temps r\u00e9el.","email":"redac@webdo.tn","legalName":"YNJ SARL","foundingDate":"2010-09-06","numberOfEmployees":{"@type":"QuantitativeValue","minValue":"11","maxValue":"50"}},{"@type":"Person","@id":"https:\/\/www.webdo.tn\/fr\/#\/schema\/person\/9a9c6118d687c117df8ef3cc36a4d175","name":"webdo.tn","image":{"@type":"ImageObject","inLanguage":"fr-FR","@id":"https:\/\/secure.gravatar.com\/avatar\/7ce1f28c0c3bbac99ff550b85ef8e44a6950c6ee24514fb6a5489e51d06f0298?s=96&d=mm&r=g","url":"https:\/\/secure.gravatar.com\/avatar\/7ce1f28c0c3bbac99ff550b85ef8e44a6950c6ee24514fb6a5489e51d06f0298?s=96&d=mm&r=g","contentUrl":"https:\/\/secure.gravatar.com\/avatar\/7ce1f28c0c3bbac99ff550b85ef8e44a6950c6ee24514fb6a5489e51d06f0298?s=96&d=mm&r=g","caption":"webdo.tn"},"url":"https:\/\/www.webdo.tn\/fr\/actualite\/author\/webdotn\/"}]}},"_links":{"self":[{"href":"https:\/\/www.webdo.tn\/fr\/wp-json\/wp\/v2\/posts\/117039","targetHints":{"allow":["GET"]}}],"collection":[{"href":"https:\/\/www.webdo.tn\/fr\/wp-json\/wp\/v2\/posts"}],"about":[{"href":"https:\/\/www.webdo.tn\/fr\/wp-json\/wp\/v2\/types\/post"}],"author":[{"embeddable":true,"href":"https:\/\/www.webdo.tn\/fr\/wp-json\/wp\/v2\/users\/3222"}],"replies":[{"embeddable":true,"href":"https:\/\/www.webdo.tn\/fr\/wp-json\/wp\/v2\/comments?post=117039"}],"version-history":[{"count":0,"href":"https:\/\/www.webdo.tn\/fr\/wp-json\/wp\/v2\/posts\/117039\/revisions"}],"wp:featuredmedia":[{"embeddable":true,"href":"https:\/\/www.webdo.tn\/fr\/wp-json\/wp\/v2\/media\/365883"}],"wp:attachment":[{"href":"https:\/\/www.webdo.tn\/fr\/wp-json\/wp\/v2\/media?parent=117039"}],"wp:term":[{"taxonomy":"category","embeddable":true,"href":"https:\/\/www.webdo.tn\/fr\/wp-json\/wp\/v2\/categories?post=117039"},{"taxonomy":"post_tag","embeddable":true,"href":"https:\/\/www.webdo.tn\/fr\/wp-json\/wp\/v2\/tags?post=117039"}],"curies":[{"name":"wp","href":"https:\/\/api.w.org\/{rel}","templated":true}]}}