{"id":117038,"date":"2011-05-03T12:12:00","date_gmt":"2011-05-03T12:12:00","guid":{"rendered":"https:\/\/www.webdo.tn\/fr\/actualite\/blog\/place-au-laboratoire-artistique-de-la-revolution\/185343\/"},"modified":"2025-06-04T20:35:13","modified_gmt":"2025-06-04T20:35:13","slug":"place-au-laboratoire-artistique-de-la-revolution","status":"publish","type":"post","link":"https:\/\/www.webdo.tn\/fr\/actualite\/culture\/place-au-laboratoire-artistique-de-la-revolution\/117038\/","title":{"rendered":"Place au Laboratoire Artistique de la R\u00e9volution\u00a0!"},"content":{"rendered":"<p>Dans le cadre des d\u00e9bats initi\u00e9s autour du th\u00e8me \u00ab\u00a0Jeunesse, Culture\u00a0et D\u00e9veloppement\u00a0\u00bb, le Centre culturel international de Hammamet organise une rencontre avec les membres du Laboratoire artistique de la R\u00e9volution (LAR).  Cette rencontre aura lieu dimanche 9 mai \u00e0 11h \u00e0 la Villa S\u00e9bastian.<\/p>\n<p>N\u00e9 au sein de l\u2019Institut des Beaux-Arts de Nabeul, le LAR est une initiative des \u00e9tudiants sp\u00e9cialis\u00e9s en photographie du d\u00e9partement \u00ab\u00a0Art et Communication\u00a0\u00bb de cet \u00e9tablissement universitaire.  Pr\u00e9sents sur tous les fronts, ces \u00e9tudiants ont accompli un important travail documentaire durant les diff\u00e9rentes \u00e9tapes de la r\u00e9volution tunisienne.<\/p>\n<p>C\u2019est ainsi qu\u2019une vaste collection de photographies a vu le jour avec les contributions de six artistes de la nouvelle g\u00e9n\u00e9ration qui sont Chadia Ghanmi, Yosra Ben Hassine, Rakia Ladouli, Malek Marzouk, Wassim Hadhak et Khaled Mechrgui.  Ces artistes, dont la moyenne d\u2019\u00e2ge est de 20 ans, ont donn\u00e9 le jour \u00e0 des \u0153uvres saisissantes et vibrantes qui t\u00e9moignent de la r\u00e9volution tunisienne.<\/p>\n<p>Au-del\u00e0 des \u0153uvres, la d\u00e9marche p\u00e9dagogique et l\u2019encadrement th\u00e9orique de cette initiative ont \u00e9t\u00e9 le fait d\u2019un groupe de jeunes professeurs r\u00e9solument engag\u00e9s dans le d\u00e9veloppement de ce laboratoire artistique de la r\u00e9volution.  Acteurs d\u2019un nouveau contrat p\u00e9dagogique, ces enseignants ont consolid\u00e9 la d\u00e9marche de leurs \u00e9tudiants en appuyant leur travail de reporters sur le terrain \u00e0 la Kasbah ou Ras Jedir pour ne citer que ces exemples.<\/p>\n<p>Ce groupe d\u2019enseignants participera \u00e9galement \u00e0 cette table-ronde qui comprendra aussi les \u00e9clairages th\u00e9oriques et pratiques de Dalel Tangour, Haythem Ben Farhat, Amine Tira, Mounir Bdioui et Safouane Jelloul. Pleinement impliqu\u00e9s dans l\u2019animation du LAR, ces enseignants offrent ainsi une approche alternative dans leur relation p\u00e9dagogique avec les \u00e9tudiants.<\/p>\n<p>Cette table-ronde du 9 mai comprendra deux volets compl\u00e9mentaires.  En premier lieu, le visionnage des \u0153uvres permettra d\u2019analyser l\u2019approche cr\u00e9ative et la tonalit\u00e9 documentaire de la collection de photographies n\u00e9es au sein du LAR.  Ensuite, la d\u00e9marche th\u00e9orique et pratique de cette initiative sera pr\u00e9sent\u00e9e et discut\u00e9e avec le public.<\/p>\n<p>Rappelons que le centre culturel international de Hammamet organise depuis le mois de mars des cycles de d\u00e9bats innovants avec les jeunes cr\u00e9ateurs \u0153uvrant dans l\u2019enceinte \u00e9ducative et le monde associatif.<\/p>\n","protected":false},"excerpt":{"rendered":"<p>Place au Laboratoire Artistique de la R\u00e9volution\u00a0! <\/p>\n","protected":false},"author":3222,"featured_media":365404,"comment_status":"open","ping_status":"closed","sticky":false,"template":"","format":"standard","meta":{"footnotes":""},"categories":[2594],"tags":[],"class_list":["post-117038","post","type-post","status-publish","format-standard","has-post-thumbnail","hentry","category-culture"],"yoast_head":"<!-- This site is optimized with the Yoast SEO Premium plugin v27.4 (Yoast SEO v27.4) - https:\/\/yoast.com\/product\/yoast-seo-premium-wordpress\/ -->\n<title>Place au Laboratoire Artistique de la R\u00e9volution\u00a0!<\/title>\n<meta name=\"description\" content=\"Place au Laboratoire Artistique de la R\u00e9volution\u00a0!\" \/>\n<link rel=\"canonical\" href=\"https:\/\/www.webdo.tn\/fr\/actualite\/culture\/place-au-laboratoire-artistique-de-la-revolution\/117038\/\" \/>\n<meta property=\"og:locale\" content=\"fr_FR\" \/>\n<meta property=\"og:type\" content=\"article\" \/>\n<meta property=\"og:title\" content=\"Place au Laboratoire Artistique de la R\u00e9volution\u00a0!\" \/>\n<meta property=\"og:description\" content=\"Place au Laboratoire Artistique de la R\u00e9volution\u00a0!\" \/>\n<meta property=\"og:url\" content=\"https:\/\/www.webdo.tn\/fr\/actualite\/culture\/place-au-laboratoire-artistique-de-la-revolution\/117038\/\" \/>\n<meta property=\"og:site_name\" content=\"webdo\" \/>\n<meta property=\"article:publisher\" content=\"https:\/\/www.facebook.com\/webdotn\" \/>\n<meta property=\"article:published_time\" content=\"2011-05-03T12:12:00+00:00\" \/>\n<meta property=\"article:modified_time\" content=\"2025-06-04T20:35:13+00:00\" \/>\n<meta property=\"og:image\" content=\"https:\/\/www.webdo.tn\/fr\/wp-content\/uploads\/2011\/05\/Cest-notre-arme-.jpg\" \/>\n\t<meta property=\"og:image:width\" content=\"211\" \/>\n\t<meta property=\"og:image:height\" content=\"316\" \/>\n\t<meta property=\"og:image:type\" content=\"image\/jpeg\" \/>\n<meta name=\"author\" content=\"webdo.tn\" \/>\n<meta name=\"twitter:card\" content=\"summary_large_image\" \/>\n<meta name=\"twitter:creator\" content=\"@webdo_tn\" \/>\n<meta name=\"twitter:site\" content=\"@webdo_tn\" \/>\n<meta name=\"twitter:label1\" content=\"\u00c9crit par\" \/>\n\t<meta name=\"twitter:data1\" content=\"webdo.tn\" \/>\n\t<meta name=\"twitter:label2\" content=\"Dur\u00e9e de lecture estim\u00e9e\" \/>\n\t<meta name=\"twitter:data2\" content=\"2 minutes\" \/>\n<script type=\"application\/ld+json\" class=\"yoast-schema-graph\">{\"@context\":\"https:\\\/\\\/schema.org\",\"@graph\":[{\"@type\":\"NewsArticle\",\"@id\":\"https:\\\/\\\/www.webdo.tn\\\/fr\\\/actualite\\\/culture\\\/place-au-laboratoire-artistique-de-la-revolution\\\/117038\\\/#article\",\"isPartOf\":{\"@id\":\"https:\\\/\\\/www.webdo.tn\\\/fr\\\/actualite\\\/culture\\\/place-au-laboratoire-artistique-de-la-revolution\\\/117038\\\/\"},\"author\":{\"name\":\"webdo.tn\",\"@id\":\"https:\\\/\\\/www.webdo.tn\\\/fr\\\/#\\\/schema\\\/person\\\/9a9c6118d687c117df8ef3cc36a4d175\"},\"headline\":\"Place au Laboratoire Artistique de la R\u00e9volution\u00a0!\",\"datePublished\":\"2011-05-03T12:12:00+00:00\",\"dateModified\":\"2025-06-04T20:35:13+00:00\",\"mainEntityOfPage\":{\"@id\":\"https:\\\/\\\/www.webdo.tn\\\/fr\\\/actualite\\\/culture\\\/place-au-laboratoire-artistique-de-la-revolution\\\/117038\\\/\"},\"wordCount\":405,\"commentCount\":0,\"publisher\":{\"@id\":\"https:\\\/\\\/www.webdo.tn\\\/fr\\\/#organization\"},\"image\":{\"@id\":\"https:\\\/\\\/www.webdo.tn\\\/fr\\\/actualite\\\/culture\\\/place-au-laboratoire-artistique-de-la-revolution\\\/117038\\\/#primaryimage\"},\"thumbnailUrl\":\"https:\\\/\\\/www.webdo.tn\\\/fr\\\/wp-content\\\/uploads\\\/2011\\\/05\\\/Cest-notre-arme-.jpg\",\"articleSection\":[\"Culture\"],\"inLanguage\":\"fr-FR\"},{\"@type\":\"WebPage\",\"@id\":\"https:\\\/\\\/www.webdo.tn\\\/fr\\\/actualite\\\/culture\\\/place-au-laboratoire-artistique-de-la-revolution\\\/117038\\\/\",\"url\":\"https:\\\/\\\/www.webdo.tn\\\/fr\\\/actualite\\\/culture\\\/place-au-laboratoire-artistique-de-la-revolution\\\/117038\\\/\",\"name\":\"Place au Laboratoire Artistique de la R\u00e9volution\u00a0!\",\"isPartOf\":{\"@id\":\"https:\\\/\\\/www.webdo.tn\\\/fr\\\/#website\"},\"primaryImageOfPage\":{\"@id\":\"https:\\\/\\\/www.webdo.tn\\\/fr\\\/actualite\\\/culture\\\/place-au-laboratoire-artistique-de-la-revolution\\\/117038\\\/#primaryimage\"},\"image\":{\"@id\":\"https:\\\/\\\/www.webdo.tn\\\/fr\\\/actualite\\\/culture\\\/place-au-laboratoire-artistique-de-la-revolution\\\/117038\\\/#primaryimage\"},\"thumbnailUrl\":\"https:\\\/\\\/www.webdo.tn\\\/fr\\\/wp-content\\\/uploads\\\/2011\\\/05\\\/Cest-notre-arme-.jpg\",\"datePublished\":\"2011-05-03T12:12:00+00:00\",\"dateModified\":\"2025-06-04T20:35:13+00:00\",\"description\":\"Place au Laboratoire Artistique de la R\u00e9volution\u00a0!\",\"breadcrumb\":{\"@id\":\"https:\\\/\\\/www.webdo.tn\\\/fr\\\/actualite\\\/culture\\\/place-au-laboratoire-artistique-de-la-revolution\\\/117038\\\/#breadcrumb\"},\"inLanguage\":\"fr-FR\",\"potentialAction\":[{\"@type\":\"ReadAction\",\"target\":[\"https:\\\/\\\/www.webdo.tn\\\/fr\\\/actualite\\\/culture\\\/place-au-laboratoire-artistique-de-la-revolution\\\/117038\\\/\"]}]},{\"@type\":\"ImageObject\",\"inLanguage\":\"fr-FR\",\"@id\":\"https:\\\/\\\/www.webdo.tn\\\/fr\\\/actualite\\\/culture\\\/place-au-laboratoire-artistique-de-la-revolution\\\/117038\\\/#primaryimage\",\"url\":\"https:\\\/\\\/www.webdo.tn\\\/fr\\\/wp-content\\\/uploads\\\/2011\\\/05\\\/Cest-notre-arme-.jpg\",\"contentUrl\":\"https:\\\/\\\/www.webdo.tn\\\/fr\\\/wp-content\\\/uploads\\\/2011\\\/05\\\/Cest-notre-arme-.jpg\",\"width\":211,\"height\":316,\"caption\":\"Place au Laboratoire Artistique de la R\u00e9volution\u00a0!\"},{\"@type\":\"BreadcrumbList\",\"@id\":\"https:\\\/\\\/www.webdo.tn\\\/fr\\\/actualite\\\/culture\\\/place-au-laboratoire-artistique-de-la-revolution\\\/117038\\\/#breadcrumb\",\"itemListElement\":[{\"@type\":\"ListItem\",\"position\":1,\"name\":\"Accueil\",\"item\":\"https:\\\/\\\/www.webdo.tn\\\/fr\\\/\"},{\"@type\":\"ListItem\",\"position\":2,\"name\":\"Place au Laboratoire Artistique de la R\u00e9volution\u00a0!\"}]},{\"@type\":\"WebSite\",\"@id\":\"https:\\\/\\\/www.webdo.tn\\\/fr\\\/#website\",\"url\":\"https:\\\/\\\/www.webdo.tn\\\/fr\\\/\",\"name\":\"webdo\",\"description\":\"Tunisie - News en Tunisie et \u00e0 l&#039;international sur Webdo.tn\",\"publisher\":{\"@id\":\"https:\\\/\\\/www.webdo.tn\\\/fr\\\/#organization\"},\"potentialAction\":[{\"@type\":\"SearchAction\",\"target\":{\"@type\":\"EntryPoint\",\"urlTemplate\":\"https:\\\/\\\/www.webdo.tn\\\/fr\\\/?s={search_term_string}\"},\"query-input\":{\"@type\":\"PropertyValueSpecification\",\"valueRequired\":true,\"valueName\":\"search_term_string\"}}],\"inLanguage\":\"fr-FR\"},{\"@type\":\"Organization\",\"@id\":\"https:\\\/\\\/www.webdo.tn\\\/fr\\\/#organization\",\"name\":\"Webdo\",\"alternateName\":\"Webdo.tn\",\"url\":\"https:\\\/\\\/www.webdo.tn\\\/fr\\\/\",\"logo\":{\"@type\":\"ImageObject\",\"inLanguage\":\"fr-FR\",\"@id\":\"https:\\\/\\\/www.webdo.tn\\\/fr\\\/#\\\/schema\\\/logo\\\/image\\\/\",\"url\":\"https:\\\/\\\/www.webdo.tn\\\/fr\\\/wp-content\\\/uploads\\\/2025\\\/06\\\/Webdo-Tunisie_168377.jpg\",\"contentUrl\":\"https:\\\/\\\/www.webdo.tn\\\/fr\\\/wp-content\\\/uploads\\\/2025\\\/06\\\/Webdo-Tunisie_168377.jpg\",\"width\":301,\"height\":301,\"caption\":\"Webdo\"},\"image\":{\"@id\":\"https:\\\/\\\/www.webdo.tn\\\/fr\\\/#\\\/schema\\\/logo\\\/image\\\/\"},\"sameAs\":[\"https:\\\/\\\/www.facebook.com\\\/webdotn\",\"https:\\\/\\\/x.com\\\/webdo_tn\"],\"description\":\"Webdo est un m\u00e9dia num\u00e9rique tunisien fond\u00e9 en 2010, sp\u00e9cialis\u00e9 dans l\u2019actualit\u00e9 nationale et internationale, l\u2019\u00e9conomie, la soci\u00e9t\u00e9 et les analyses politiques. Le site s\u2019adresse \u00e0 un large public francophone et couvre l\u2019information tunisienne en temps r\u00e9el.\",\"email\":\"redac@webdo.tn\",\"legalName\":\"YNJ SARL\",\"foundingDate\":\"2010-09-06\",\"numberOfEmployees\":{\"@type\":\"QuantitativeValue\",\"minValue\":\"11\",\"maxValue\":\"50\"}},{\"@type\":\"Person\",\"@id\":\"https:\\\/\\\/www.webdo.tn\\\/fr\\\/#\\\/schema\\\/person\\\/9a9c6118d687c117df8ef3cc36a4d175\",\"name\":\"webdo.tn\",\"image\":{\"@type\":\"ImageObject\",\"inLanguage\":\"fr-FR\",\"@id\":\"https:\\\/\\\/secure.gravatar.com\\\/avatar\\\/7ce1f28c0c3bbac99ff550b85ef8e44a6950c6ee24514fb6a5489e51d06f0298?s=96&d=mm&r=g\",\"url\":\"https:\\\/\\\/secure.gravatar.com\\\/avatar\\\/7ce1f28c0c3bbac99ff550b85ef8e44a6950c6ee24514fb6a5489e51d06f0298?s=96&d=mm&r=g\",\"contentUrl\":\"https:\\\/\\\/secure.gravatar.com\\\/avatar\\\/7ce1f28c0c3bbac99ff550b85ef8e44a6950c6ee24514fb6a5489e51d06f0298?s=96&d=mm&r=g\",\"caption\":\"webdo.tn\"},\"url\":\"https:\\\/\\\/www.webdo.tn\\\/fr\\\/actualite\\\/author\\\/webdotn\\\/\"}]}<\/script>\n<!-- \/ Yoast SEO Premium plugin. -->","yoast_head_json":{"title":"Place au Laboratoire Artistique de la R\u00e9volution\u00a0!","description":"Place au Laboratoire Artistique de la R\u00e9volution\u00a0!","canonical":"https:\/\/www.webdo.tn\/fr\/actualite\/culture\/place-au-laboratoire-artistique-de-la-revolution\/117038\/","og_locale":"fr_FR","og_type":"article","og_title":"Place au Laboratoire Artistique de la R\u00e9volution\u00a0!","og_description":"Place au Laboratoire Artistique de la R\u00e9volution\u00a0!","og_url":"https:\/\/www.webdo.tn\/fr\/actualite\/culture\/place-au-laboratoire-artistique-de-la-revolution\/117038\/","og_site_name":"webdo","article_publisher":"https:\/\/www.facebook.com\/webdotn","article_published_time":"2011-05-03T12:12:00+00:00","article_modified_time":"2025-06-04T20:35:13+00:00","og_image":[{"width":211,"height":316,"url":"https:\/\/www.webdo.tn\/fr\/wp-content\/uploads\/2011\/05\/Cest-notre-arme-.jpg","type":"image\/jpeg"}],"author":"webdo.tn","twitter_card":"summary_large_image","twitter_creator":"@webdo_tn","twitter_site":"@webdo_tn","twitter_misc":{"\u00c9crit par":"webdo.tn","Dur\u00e9e de lecture estim\u00e9e":"2 minutes"},"schema":{"@context":"https:\/\/schema.org","@graph":[{"@type":"NewsArticle","@id":"https:\/\/www.webdo.tn\/fr\/actualite\/culture\/place-au-laboratoire-artistique-de-la-revolution\/117038\/#article","isPartOf":{"@id":"https:\/\/www.webdo.tn\/fr\/actualite\/culture\/place-au-laboratoire-artistique-de-la-revolution\/117038\/"},"author":{"name":"webdo.tn","@id":"https:\/\/www.webdo.tn\/fr\/#\/schema\/person\/9a9c6118d687c117df8ef3cc36a4d175"},"headline":"Place au Laboratoire Artistique de la R\u00e9volution\u00a0!","datePublished":"2011-05-03T12:12:00+00:00","dateModified":"2025-06-04T20:35:13+00:00","mainEntityOfPage":{"@id":"https:\/\/www.webdo.tn\/fr\/actualite\/culture\/place-au-laboratoire-artistique-de-la-revolution\/117038\/"},"wordCount":405,"commentCount":0,"publisher":{"@id":"https:\/\/www.webdo.tn\/fr\/#organization"},"image":{"@id":"https:\/\/www.webdo.tn\/fr\/actualite\/culture\/place-au-laboratoire-artistique-de-la-revolution\/117038\/#primaryimage"},"thumbnailUrl":"https:\/\/www.webdo.tn\/fr\/wp-content\/uploads\/2011\/05\/Cest-notre-arme-.jpg","articleSection":["Culture"],"inLanguage":"fr-FR"},{"@type":"WebPage","@id":"https:\/\/www.webdo.tn\/fr\/actualite\/culture\/place-au-laboratoire-artistique-de-la-revolution\/117038\/","url":"https:\/\/www.webdo.tn\/fr\/actualite\/culture\/place-au-laboratoire-artistique-de-la-revolution\/117038\/","name":"Place au Laboratoire Artistique de la R\u00e9volution\u00a0!","isPartOf":{"@id":"https:\/\/www.webdo.tn\/fr\/#website"},"primaryImageOfPage":{"@id":"https:\/\/www.webdo.tn\/fr\/actualite\/culture\/place-au-laboratoire-artistique-de-la-revolution\/117038\/#primaryimage"},"image":{"@id":"https:\/\/www.webdo.tn\/fr\/actualite\/culture\/place-au-laboratoire-artistique-de-la-revolution\/117038\/#primaryimage"},"thumbnailUrl":"https:\/\/www.webdo.tn\/fr\/wp-content\/uploads\/2011\/05\/Cest-notre-arme-.jpg","datePublished":"2011-05-03T12:12:00+00:00","dateModified":"2025-06-04T20:35:13+00:00","description":"Place au Laboratoire Artistique de la R\u00e9volution\u00a0!","breadcrumb":{"@id":"https:\/\/www.webdo.tn\/fr\/actualite\/culture\/place-au-laboratoire-artistique-de-la-revolution\/117038\/#breadcrumb"},"inLanguage":"fr-FR","potentialAction":[{"@type":"ReadAction","target":["https:\/\/www.webdo.tn\/fr\/actualite\/culture\/place-au-laboratoire-artistique-de-la-revolution\/117038\/"]}]},{"@type":"ImageObject","inLanguage":"fr-FR","@id":"https:\/\/www.webdo.tn\/fr\/actualite\/culture\/place-au-laboratoire-artistique-de-la-revolution\/117038\/#primaryimage","url":"https:\/\/www.webdo.tn\/fr\/wp-content\/uploads\/2011\/05\/Cest-notre-arme-.jpg","contentUrl":"https:\/\/www.webdo.tn\/fr\/wp-content\/uploads\/2011\/05\/Cest-notre-arme-.jpg","width":211,"height":316,"caption":"Place au Laboratoire Artistique de la R\u00e9volution\u00a0!"},{"@type":"BreadcrumbList","@id":"https:\/\/www.webdo.tn\/fr\/actualite\/culture\/place-au-laboratoire-artistique-de-la-revolution\/117038\/#breadcrumb","itemListElement":[{"@type":"ListItem","position":1,"name":"Accueil","item":"https:\/\/www.webdo.tn\/fr\/"},{"@type":"ListItem","position":2,"name":"Place au Laboratoire Artistique de la R\u00e9volution\u00a0!"}]},{"@type":"WebSite","@id":"https:\/\/www.webdo.tn\/fr\/#website","url":"https:\/\/www.webdo.tn\/fr\/","name":"webdo","description":"Tunisie - News en Tunisie et \u00e0 l&#039;international sur Webdo.tn","publisher":{"@id":"https:\/\/www.webdo.tn\/fr\/#organization"},"potentialAction":[{"@type":"SearchAction","target":{"@type":"EntryPoint","urlTemplate":"https:\/\/www.webdo.tn\/fr\/?s={search_term_string}"},"query-input":{"@type":"PropertyValueSpecification","valueRequired":true,"valueName":"search_term_string"}}],"inLanguage":"fr-FR"},{"@type":"Organization","@id":"https:\/\/www.webdo.tn\/fr\/#organization","name":"Webdo","alternateName":"Webdo.tn","url":"https:\/\/www.webdo.tn\/fr\/","logo":{"@type":"ImageObject","inLanguage":"fr-FR","@id":"https:\/\/www.webdo.tn\/fr\/#\/schema\/logo\/image\/","url":"https:\/\/www.webdo.tn\/fr\/wp-content\/uploads\/2025\/06\/Webdo-Tunisie_168377.jpg","contentUrl":"https:\/\/www.webdo.tn\/fr\/wp-content\/uploads\/2025\/06\/Webdo-Tunisie_168377.jpg","width":301,"height":301,"caption":"Webdo"},"image":{"@id":"https:\/\/www.webdo.tn\/fr\/#\/schema\/logo\/image\/"},"sameAs":["https:\/\/www.facebook.com\/webdotn","https:\/\/x.com\/webdo_tn"],"description":"Webdo est un m\u00e9dia num\u00e9rique tunisien fond\u00e9 en 2010, sp\u00e9cialis\u00e9 dans l\u2019actualit\u00e9 nationale et internationale, l\u2019\u00e9conomie, la soci\u00e9t\u00e9 et les analyses politiques. Le site s\u2019adresse \u00e0 un large public francophone et couvre l\u2019information tunisienne en temps r\u00e9el.","email":"redac@webdo.tn","legalName":"YNJ SARL","foundingDate":"2010-09-06","numberOfEmployees":{"@type":"QuantitativeValue","minValue":"11","maxValue":"50"}},{"@type":"Person","@id":"https:\/\/www.webdo.tn\/fr\/#\/schema\/person\/9a9c6118d687c117df8ef3cc36a4d175","name":"webdo.tn","image":{"@type":"ImageObject","inLanguage":"fr-FR","@id":"https:\/\/secure.gravatar.com\/avatar\/7ce1f28c0c3bbac99ff550b85ef8e44a6950c6ee24514fb6a5489e51d06f0298?s=96&d=mm&r=g","url":"https:\/\/secure.gravatar.com\/avatar\/7ce1f28c0c3bbac99ff550b85ef8e44a6950c6ee24514fb6a5489e51d06f0298?s=96&d=mm&r=g","contentUrl":"https:\/\/secure.gravatar.com\/avatar\/7ce1f28c0c3bbac99ff550b85ef8e44a6950c6ee24514fb6a5489e51d06f0298?s=96&d=mm&r=g","caption":"webdo.tn"},"url":"https:\/\/www.webdo.tn\/fr\/actualite\/author\/webdotn\/"}]}},"_links":{"self":[{"href":"https:\/\/www.webdo.tn\/fr\/wp-json\/wp\/v2\/posts\/117038","targetHints":{"allow":["GET"]}}],"collection":[{"href":"https:\/\/www.webdo.tn\/fr\/wp-json\/wp\/v2\/posts"}],"about":[{"href":"https:\/\/www.webdo.tn\/fr\/wp-json\/wp\/v2\/types\/post"}],"author":[{"embeddable":true,"href":"https:\/\/www.webdo.tn\/fr\/wp-json\/wp\/v2\/users\/3222"}],"replies":[{"embeddable":true,"href":"https:\/\/www.webdo.tn\/fr\/wp-json\/wp\/v2\/comments?post=117038"}],"version-history":[{"count":0,"href":"https:\/\/www.webdo.tn\/fr\/wp-json\/wp\/v2\/posts\/117038\/revisions"}],"wp:featuredmedia":[{"embeddable":true,"href":"https:\/\/www.webdo.tn\/fr\/wp-json\/wp\/v2\/media\/365404"}],"wp:attachment":[{"href":"https:\/\/www.webdo.tn\/fr\/wp-json\/wp\/v2\/media?parent=117038"}],"wp:term":[{"taxonomy":"category","embeddable":true,"href":"https:\/\/www.webdo.tn\/fr\/wp-json\/wp\/v2\/categories?post=117038"},{"taxonomy":"post_tag","embeddable":true,"href":"https:\/\/www.webdo.tn\/fr\/wp-json\/wp\/v2\/tags?post=117038"}],"curies":[{"name":"wp","href":"https:\/\/api.w.org\/{rel}","templated":true}]}}