{"id":117035,"date":"2011-05-10T14:15:00","date_gmt":"2011-05-10T14:15:00","guid":{"rendered":"https:\/\/www.webdo.tn\/fr\/actualite\/blog\/coup-de-grace-pour-les-festivals-dete\/185340\/"},"modified":"2025-06-04T21:27:11","modified_gmt":"2025-06-04T21:27:11","slug":"coup-de-grace-pour-les-festivals-dete","status":"publish","type":"post","link":"https:\/\/www.webdo.tn\/fr\/actualite\/culture\/coup-de-grace-pour-les-festivals-dete\/117035\/","title":{"rendered":"Coup de gr\u00e2ce pour les festivals d\u2019\u00e9t\u00e9\u00a0?"},"content":{"rendered":"<p>Les incidents ayant \u00e9maill\u00e9 la rencontre de football entre le Club Africain et le Hilal du Soudan risquent d\u2019entra\u00eener la suspension pure et simple des festivals d\u2019\u00e9t\u00e9.<\/p>\n<p>En effet, les conditions s\u00e9curitaires \u00e9tant ce qu\u2019elles sont, on voit mal des \u00ab\u00a0stadiers\u00a0\u00bb et des agents de l\u2019ordre assurer des cordons de protection devant des sc\u00e8nes qui risquent d\u2019\u00eatre envahies par le public \u00e0 tout moment.<\/p>\n<p>A moins que les festivals, cette ann\u00e9e, aient lieu \u00e0 huis-clos comme le soulignent avec une pointe d\u2019ironie, plusieurs observateurs.<\/p>\n<p>Sur un autre plan, le minist\u00e8re de la Culture continue \u00e0 pr\u00e9parer cette \u00e9ch\u00e9ance estivale, malgr\u00e9 les conditions pr\u00e9caires ayant entour\u00e9 les rassemblements publics ces derni\u00e8res semaines.<\/p>\n<p>D\u2019un c\u00f4t\u00e9, des \u00e9missaires auraient \u00e9t\u00e9 envoy\u00e9s dans les pays du Machrek pour \u00e9baucher le programme international.  D\u2019autre part, une enveloppe globale de 5 milliards a \u00e9t\u00e9 d\u00e9gag\u00e9e pour ces festivals d\u2019\u00e9t\u00e9 qui, cette ann\u00e9e, devraient privil\u00e9gier les artistes tunisiens et les r\u00e9gions d\u00e9favoris\u00e9es.<\/p>\n<p>Enfin, nos sources au minist\u00e8re de la Culture laissent entendre que M. Ali Louati serait nomm\u00e9 directeur du festival de Carthage et M. Ezzeddine Madani, directeur du festival de Hammamet.<\/p>\n<p>Comme quoi la r\u00e9volution de la jeunesse est une authentique planche de salut pour tous les septuag\u00e9naires, souligne narquois un journaliste culturel de la nouvelle g\u00e9n\u00e9ration.<\/p>\n<p>Reste une question centrale\u00a0: les festivals auront-ils bien lieu\u00a0?  Rien ne permet aujourd\u2019hui de l\u2019affirmer.<\/p>\n","protected":false},"excerpt":{"rendered":"<p>Coup de gr\u00e2ce pour les festivals d\u2019\u00e9t\u00e9\u00a0? <\/p>\n","protected":false},"author":3222,"featured_media":365896,"comment_status":"open","ping_status":"closed","sticky":false,"template":"","format":"standard","meta":{"footnotes":""},"categories":[2594],"tags":[],"class_list":["post-117035","post","type-post","status-publish","format-standard","has-post-thumbnail","hentry","category-culture"],"yoast_head":"<!-- This site is optimized with the Yoast SEO Premium plugin v27.4 (Yoast SEO v27.4) - https:\/\/yoast.com\/product\/yoast-seo-premium-wordpress\/ -->\n<title>Coup de gr\u00e2ce pour les festivals d\u2019\u00e9t\u00e9\u00a0?<\/title>\n<meta name=\"description\" content=\"Coup de gr\u00e2ce pour les festivals d\u2019\u00e9t\u00e9\u00a0?\" \/>\n<link rel=\"canonical\" href=\"https:\/\/www.webdo.tn\/fr\/actualite\/culture\/coup-de-grace-pour-les-festivals-dete\/117035\/\" \/>\n<meta property=\"og:locale\" content=\"fr_FR\" \/>\n<meta property=\"og:type\" content=\"article\" \/>\n<meta property=\"og:title\" content=\"Coup de gr\u00e2ce pour les festivals d\u2019\u00e9t\u00e9\u00a0?\" \/>\n<meta property=\"og:description\" content=\"Coup de gr\u00e2ce pour les festivals d\u2019\u00e9t\u00e9\u00a0?\" \/>\n<meta property=\"og:url\" content=\"https:\/\/www.webdo.tn\/fr\/actualite\/culture\/coup-de-grace-pour-les-festivals-dete\/117035\/\" \/>\n<meta property=\"og:site_name\" content=\"webdo\" \/>\n<meta property=\"article:publisher\" content=\"https:\/\/www.facebook.com\/webdotn\" \/>\n<meta property=\"article:published_time\" content=\"2011-05-10T14:15:00+00:00\" \/>\n<meta property=\"article:modified_time\" content=\"2025-06-04T21:27:11+00:00\" \/>\n<meta property=\"og:image\" content=\"https:\/\/www.webdo.tn\/fr\/wp-content\/uploads\/2011\/05\/Festival-international-de-Carthage.jpg\" \/>\n\t<meta property=\"og:image:width\" content=\"336\" \/>\n\t<meta property=\"og:image:height\" content=\"252\" \/>\n\t<meta property=\"og:image:type\" content=\"image\/jpeg\" \/>\n<meta name=\"author\" content=\"webdo.tn\" \/>\n<meta name=\"twitter:card\" content=\"summary_large_image\" \/>\n<meta name=\"twitter:creator\" content=\"@webdo_tn\" \/>\n<meta name=\"twitter:site\" content=\"@webdo_tn\" \/>\n<meta name=\"twitter:label1\" content=\"\u00c9crit par\" \/>\n\t<meta name=\"twitter:data1\" content=\"webdo.tn\" \/>\n\t<meta name=\"twitter:label2\" content=\"Dur\u00e9e de lecture estim\u00e9e\" \/>\n\t<meta name=\"twitter:data2\" content=\"1 minute\" \/>\n<script type=\"application\/ld+json\" class=\"yoast-schema-graph\">{\"@context\":\"https:\\\/\\\/schema.org\",\"@graph\":[{\"@type\":\"NewsArticle\",\"@id\":\"https:\\\/\\\/www.webdo.tn\\\/fr\\\/actualite\\\/culture\\\/coup-de-grace-pour-les-festivals-dete\\\/117035\\\/#article\",\"isPartOf\":{\"@id\":\"https:\\\/\\\/www.webdo.tn\\\/fr\\\/actualite\\\/culture\\\/coup-de-grace-pour-les-festivals-dete\\\/117035\\\/\"},\"author\":{\"name\":\"webdo.tn\",\"@id\":\"https:\\\/\\\/www.webdo.tn\\\/fr\\\/#\\\/schema\\\/person\\\/9a9c6118d687c117df8ef3cc36a4d175\"},\"headline\":\"Coup de gr\u00e2ce pour les festivals d\u2019\u00e9t\u00e9\u00a0?\",\"datePublished\":\"2011-05-10T14:15:00+00:00\",\"dateModified\":\"2025-06-04T21:27:11+00:00\",\"mainEntityOfPage\":{\"@id\":\"https:\\\/\\\/www.webdo.tn\\\/fr\\\/actualite\\\/culture\\\/coup-de-grace-pour-les-festivals-dete\\\/117035\\\/\"},\"wordCount\":265,\"commentCount\":0,\"publisher\":{\"@id\":\"https:\\\/\\\/www.webdo.tn\\\/fr\\\/#organization\"},\"image\":{\"@id\":\"https:\\\/\\\/www.webdo.tn\\\/fr\\\/actualite\\\/culture\\\/coup-de-grace-pour-les-festivals-dete\\\/117035\\\/#primaryimage\"},\"thumbnailUrl\":\"https:\\\/\\\/www.webdo.tn\\\/fr\\\/wp-content\\\/uploads\\\/2011\\\/05\\\/Festival-international-de-Carthage.jpg\",\"articleSection\":[\"Culture\"],\"inLanguage\":\"fr-FR\"},{\"@type\":\"WebPage\",\"@id\":\"https:\\\/\\\/www.webdo.tn\\\/fr\\\/actualite\\\/culture\\\/coup-de-grace-pour-les-festivals-dete\\\/117035\\\/\",\"url\":\"https:\\\/\\\/www.webdo.tn\\\/fr\\\/actualite\\\/culture\\\/coup-de-grace-pour-les-festivals-dete\\\/117035\\\/\",\"name\":\"Coup de gr\u00e2ce pour les festivals d\u2019\u00e9t\u00e9\u00a0?\",\"isPartOf\":{\"@id\":\"https:\\\/\\\/www.webdo.tn\\\/fr\\\/#website\"},\"primaryImageOfPage\":{\"@id\":\"https:\\\/\\\/www.webdo.tn\\\/fr\\\/actualite\\\/culture\\\/coup-de-grace-pour-les-festivals-dete\\\/117035\\\/#primaryimage\"},\"image\":{\"@id\":\"https:\\\/\\\/www.webdo.tn\\\/fr\\\/actualite\\\/culture\\\/coup-de-grace-pour-les-festivals-dete\\\/117035\\\/#primaryimage\"},\"thumbnailUrl\":\"https:\\\/\\\/www.webdo.tn\\\/fr\\\/wp-content\\\/uploads\\\/2011\\\/05\\\/Festival-international-de-Carthage.jpg\",\"datePublished\":\"2011-05-10T14:15:00+00:00\",\"dateModified\":\"2025-06-04T21:27:11+00:00\",\"description\":\"Coup de gr\u00e2ce pour les festivals d\u2019\u00e9t\u00e9\u00a0?\",\"breadcrumb\":{\"@id\":\"https:\\\/\\\/www.webdo.tn\\\/fr\\\/actualite\\\/culture\\\/coup-de-grace-pour-les-festivals-dete\\\/117035\\\/#breadcrumb\"},\"inLanguage\":\"fr-FR\",\"potentialAction\":[{\"@type\":\"ReadAction\",\"target\":[\"https:\\\/\\\/www.webdo.tn\\\/fr\\\/actualite\\\/culture\\\/coup-de-grace-pour-les-festivals-dete\\\/117035\\\/\"]}]},{\"@type\":\"ImageObject\",\"inLanguage\":\"fr-FR\",\"@id\":\"https:\\\/\\\/www.webdo.tn\\\/fr\\\/actualite\\\/culture\\\/coup-de-grace-pour-les-festivals-dete\\\/117035\\\/#primaryimage\",\"url\":\"https:\\\/\\\/www.webdo.tn\\\/fr\\\/wp-content\\\/uploads\\\/2011\\\/05\\\/Festival-international-de-Carthage.jpg\",\"contentUrl\":\"https:\\\/\\\/www.webdo.tn\\\/fr\\\/wp-content\\\/uploads\\\/2011\\\/05\\\/Festival-international-de-Carthage.jpg\",\"width\":336,\"height\":252,\"caption\":\"Coup de gr\u00e2ce pour les festivals d\u2019\u00e9t\u00e9\u00a0?\"},{\"@type\":\"BreadcrumbList\",\"@id\":\"https:\\\/\\\/www.webdo.tn\\\/fr\\\/actualite\\\/culture\\\/coup-de-grace-pour-les-festivals-dete\\\/117035\\\/#breadcrumb\",\"itemListElement\":[{\"@type\":\"ListItem\",\"position\":1,\"name\":\"Accueil\",\"item\":\"https:\\\/\\\/www.webdo.tn\\\/fr\\\/\"},{\"@type\":\"ListItem\",\"position\":2,\"name\":\"Coup de gr\u00e2ce pour les festivals d\u2019\u00e9t\u00e9\u00a0?\"}]},{\"@type\":\"WebSite\",\"@id\":\"https:\\\/\\\/www.webdo.tn\\\/fr\\\/#website\",\"url\":\"https:\\\/\\\/www.webdo.tn\\\/fr\\\/\",\"name\":\"webdo\",\"description\":\"Tunisie - News en Tunisie et \u00e0 l&#039;international sur Webdo.tn\",\"publisher\":{\"@id\":\"https:\\\/\\\/www.webdo.tn\\\/fr\\\/#organization\"},\"potentialAction\":[{\"@type\":\"SearchAction\",\"target\":{\"@type\":\"EntryPoint\",\"urlTemplate\":\"https:\\\/\\\/www.webdo.tn\\\/fr\\\/?s={search_term_string}\"},\"query-input\":{\"@type\":\"PropertyValueSpecification\",\"valueRequired\":true,\"valueName\":\"search_term_string\"}}],\"inLanguage\":\"fr-FR\"},{\"@type\":\"Organization\",\"@id\":\"https:\\\/\\\/www.webdo.tn\\\/fr\\\/#organization\",\"name\":\"Webdo\",\"alternateName\":\"Webdo.tn\",\"url\":\"https:\\\/\\\/www.webdo.tn\\\/fr\\\/\",\"logo\":{\"@type\":\"ImageObject\",\"inLanguage\":\"fr-FR\",\"@id\":\"https:\\\/\\\/www.webdo.tn\\\/fr\\\/#\\\/schema\\\/logo\\\/image\\\/\",\"url\":\"https:\\\/\\\/www.webdo.tn\\\/fr\\\/wp-content\\\/uploads\\\/2025\\\/06\\\/Webdo-Tunisie_168377.jpg\",\"contentUrl\":\"https:\\\/\\\/www.webdo.tn\\\/fr\\\/wp-content\\\/uploads\\\/2025\\\/06\\\/Webdo-Tunisie_168377.jpg\",\"width\":301,\"height\":301,\"caption\":\"Webdo\"},\"image\":{\"@id\":\"https:\\\/\\\/www.webdo.tn\\\/fr\\\/#\\\/schema\\\/logo\\\/image\\\/\"},\"sameAs\":[\"https:\\\/\\\/www.facebook.com\\\/webdotn\",\"https:\\\/\\\/x.com\\\/webdo_tn\"],\"description\":\"Webdo est un m\u00e9dia num\u00e9rique tunisien fond\u00e9 en 2010, sp\u00e9cialis\u00e9 dans l\u2019actualit\u00e9 nationale et internationale, l\u2019\u00e9conomie, la soci\u00e9t\u00e9 et les analyses politiques. Le site s\u2019adresse \u00e0 un large public francophone et couvre l\u2019information tunisienne en temps r\u00e9el.\",\"email\":\"redac@webdo.tn\",\"legalName\":\"YNJ SARL\",\"foundingDate\":\"2010-09-06\",\"numberOfEmployees\":{\"@type\":\"QuantitativeValue\",\"minValue\":\"11\",\"maxValue\":\"50\"}},{\"@type\":\"Person\",\"@id\":\"https:\\\/\\\/www.webdo.tn\\\/fr\\\/#\\\/schema\\\/person\\\/9a9c6118d687c117df8ef3cc36a4d175\",\"name\":\"webdo.tn\",\"image\":{\"@type\":\"ImageObject\",\"inLanguage\":\"fr-FR\",\"@id\":\"https:\\\/\\\/secure.gravatar.com\\\/avatar\\\/7ce1f28c0c3bbac99ff550b85ef8e44a6950c6ee24514fb6a5489e51d06f0298?s=96&d=mm&r=g\",\"url\":\"https:\\\/\\\/secure.gravatar.com\\\/avatar\\\/7ce1f28c0c3bbac99ff550b85ef8e44a6950c6ee24514fb6a5489e51d06f0298?s=96&d=mm&r=g\",\"contentUrl\":\"https:\\\/\\\/secure.gravatar.com\\\/avatar\\\/7ce1f28c0c3bbac99ff550b85ef8e44a6950c6ee24514fb6a5489e51d06f0298?s=96&d=mm&r=g\",\"caption\":\"webdo.tn\"},\"url\":\"https:\\\/\\\/www.webdo.tn\\\/fr\\\/actualite\\\/author\\\/webdotn\\\/\"}]}<\/script>\n<!-- \/ Yoast SEO Premium plugin. -->","yoast_head_json":{"title":"Coup de gr\u00e2ce pour les festivals d\u2019\u00e9t\u00e9\u00a0?","description":"Coup de gr\u00e2ce pour les festivals d\u2019\u00e9t\u00e9\u00a0?","canonical":"https:\/\/www.webdo.tn\/fr\/actualite\/culture\/coup-de-grace-pour-les-festivals-dete\/117035\/","og_locale":"fr_FR","og_type":"article","og_title":"Coup de gr\u00e2ce pour les festivals d\u2019\u00e9t\u00e9\u00a0?","og_description":"Coup de gr\u00e2ce pour les festivals d\u2019\u00e9t\u00e9\u00a0?","og_url":"https:\/\/www.webdo.tn\/fr\/actualite\/culture\/coup-de-grace-pour-les-festivals-dete\/117035\/","og_site_name":"webdo","article_publisher":"https:\/\/www.facebook.com\/webdotn","article_published_time":"2011-05-10T14:15:00+00:00","article_modified_time":"2025-06-04T21:27:11+00:00","og_image":[{"width":336,"height":252,"url":"https:\/\/www.webdo.tn\/fr\/wp-content\/uploads\/2011\/05\/Festival-international-de-Carthage.jpg","type":"image\/jpeg"}],"author":"webdo.tn","twitter_card":"summary_large_image","twitter_creator":"@webdo_tn","twitter_site":"@webdo_tn","twitter_misc":{"\u00c9crit par":"webdo.tn","Dur\u00e9e de lecture estim\u00e9e":"1 minute"},"schema":{"@context":"https:\/\/schema.org","@graph":[{"@type":"NewsArticle","@id":"https:\/\/www.webdo.tn\/fr\/actualite\/culture\/coup-de-grace-pour-les-festivals-dete\/117035\/#article","isPartOf":{"@id":"https:\/\/www.webdo.tn\/fr\/actualite\/culture\/coup-de-grace-pour-les-festivals-dete\/117035\/"},"author":{"name":"webdo.tn","@id":"https:\/\/www.webdo.tn\/fr\/#\/schema\/person\/9a9c6118d687c117df8ef3cc36a4d175"},"headline":"Coup de gr\u00e2ce pour les festivals d\u2019\u00e9t\u00e9\u00a0?","datePublished":"2011-05-10T14:15:00+00:00","dateModified":"2025-06-04T21:27:11+00:00","mainEntityOfPage":{"@id":"https:\/\/www.webdo.tn\/fr\/actualite\/culture\/coup-de-grace-pour-les-festivals-dete\/117035\/"},"wordCount":265,"commentCount":0,"publisher":{"@id":"https:\/\/www.webdo.tn\/fr\/#organization"},"image":{"@id":"https:\/\/www.webdo.tn\/fr\/actualite\/culture\/coup-de-grace-pour-les-festivals-dete\/117035\/#primaryimage"},"thumbnailUrl":"https:\/\/www.webdo.tn\/fr\/wp-content\/uploads\/2011\/05\/Festival-international-de-Carthage.jpg","articleSection":["Culture"],"inLanguage":"fr-FR"},{"@type":"WebPage","@id":"https:\/\/www.webdo.tn\/fr\/actualite\/culture\/coup-de-grace-pour-les-festivals-dete\/117035\/","url":"https:\/\/www.webdo.tn\/fr\/actualite\/culture\/coup-de-grace-pour-les-festivals-dete\/117035\/","name":"Coup de gr\u00e2ce pour les festivals d\u2019\u00e9t\u00e9\u00a0?","isPartOf":{"@id":"https:\/\/www.webdo.tn\/fr\/#website"},"primaryImageOfPage":{"@id":"https:\/\/www.webdo.tn\/fr\/actualite\/culture\/coup-de-grace-pour-les-festivals-dete\/117035\/#primaryimage"},"image":{"@id":"https:\/\/www.webdo.tn\/fr\/actualite\/culture\/coup-de-grace-pour-les-festivals-dete\/117035\/#primaryimage"},"thumbnailUrl":"https:\/\/www.webdo.tn\/fr\/wp-content\/uploads\/2011\/05\/Festival-international-de-Carthage.jpg","datePublished":"2011-05-10T14:15:00+00:00","dateModified":"2025-06-04T21:27:11+00:00","description":"Coup de gr\u00e2ce pour les festivals d\u2019\u00e9t\u00e9\u00a0?","breadcrumb":{"@id":"https:\/\/www.webdo.tn\/fr\/actualite\/culture\/coup-de-grace-pour-les-festivals-dete\/117035\/#breadcrumb"},"inLanguage":"fr-FR","potentialAction":[{"@type":"ReadAction","target":["https:\/\/www.webdo.tn\/fr\/actualite\/culture\/coup-de-grace-pour-les-festivals-dete\/117035\/"]}]},{"@type":"ImageObject","inLanguage":"fr-FR","@id":"https:\/\/www.webdo.tn\/fr\/actualite\/culture\/coup-de-grace-pour-les-festivals-dete\/117035\/#primaryimage","url":"https:\/\/www.webdo.tn\/fr\/wp-content\/uploads\/2011\/05\/Festival-international-de-Carthage.jpg","contentUrl":"https:\/\/www.webdo.tn\/fr\/wp-content\/uploads\/2011\/05\/Festival-international-de-Carthage.jpg","width":336,"height":252,"caption":"Coup de gr\u00e2ce pour les festivals d\u2019\u00e9t\u00e9\u00a0?"},{"@type":"BreadcrumbList","@id":"https:\/\/www.webdo.tn\/fr\/actualite\/culture\/coup-de-grace-pour-les-festivals-dete\/117035\/#breadcrumb","itemListElement":[{"@type":"ListItem","position":1,"name":"Accueil","item":"https:\/\/www.webdo.tn\/fr\/"},{"@type":"ListItem","position":2,"name":"Coup de gr\u00e2ce pour les festivals d\u2019\u00e9t\u00e9\u00a0?"}]},{"@type":"WebSite","@id":"https:\/\/www.webdo.tn\/fr\/#website","url":"https:\/\/www.webdo.tn\/fr\/","name":"webdo","description":"Tunisie - News en Tunisie et \u00e0 l&#039;international sur Webdo.tn","publisher":{"@id":"https:\/\/www.webdo.tn\/fr\/#organization"},"potentialAction":[{"@type":"SearchAction","target":{"@type":"EntryPoint","urlTemplate":"https:\/\/www.webdo.tn\/fr\/?s={search_term_string}"},"query-input":{"@type":"PropertyValueSpecification","valueRequired":true,"valueName":"search_term_string"}}],"inLanguage":"fr-FR"},{"@type":"Organization","@id":"https:\/\/www.webdo.tn\/fr\/#organization","name":"Webdo","alternateName":"Webdo.tn","url":"https:\/\/www.webdo.tn\/fr\/","logo":{"@type":"ImageObject","inLanguage":"fr-FR","@id":"https:\/\/www.webdo.tn\/fr\/#\/schema\/logo\/image\/","url":"https:\/\/www.webdo.tn\/fr\/wp-content\/uploads\/2025\/06\/Webdo-Tunisie_168377.jpg","contentUrl":"https:\/\/www.webdo.tn\/fr\/wp-content\/uploads\/2025\/06\/Webdo-Tunisie_168377.jpg","width":301,"height":301,"caption":"Webdo"},"image":{"@id":"https:\/\/www.webdo.tn\/fr\/#\/schema\/logo\/image\/"},"sameAs":["https:\/\/www.facebook.com\/webdotn","https:\/\/x.com\/webdo_tn"],"description":"Webdo est un m\u00e9dia num\u00e9rique tunisien fond\u00e9 en 2010, sp\u00e9cialis\u00e9 dans l\u2019actualit\u00e9 nationale et internationale, l\u2019\u00e9conomie, la soci\u00e9t\u00e9 et les analyses politiques. Le site s\u2019adresse \u00e0 un large public francophone et couvre l\u2019information tunisienne en temps r\u00e9el.","email":"redac@webdo.tn","legalName":"YNJ SARL","foundingDate":"2010-09-06","numberOfEmployees":{"@type":"QuantitativeValue","minValue":"11","maxValue":"50"}},{"@type":"Person","@id":"https:\/\/www.webdo.tn\/fr\/#\/schema\/person\/9a9c6118d687c117df8ef3cc36a4d175","name":"webdo.tn","image":{"@type":"ImageObject","inLanguage":"fr-FR","@id":"https:\/\/secure.gravatar.com\/avatar\/7ce1f28c0c3bbac99ff550b85ef8e44a6950c6ee24514fb6a5489e51d06f0298?s=96&d=mm&r=g","url":"https:\/\/secure.gravatar.com\/avatar\/7ce1f28c0c3bbac99ff550b85ef8e44a6950c6ee24514fb6a5489e51d06f0298?s=96&d=mm&r=g","contentUrl":"https:\/\/secure.gravatar.com\/avatar\/7ce1f28c0c3bbac99ff550b85ef8e44a6950c6ee24514fb6a5489e51d06f0298?s=96&d=mm&r=g","caption":"webdo.tn"},"url":"https:\/\/www.webdo.tn\/fr\/actualite\/author\/webdotn\/"}]}},"_links":{"self":[{"href":"https:\/\/www.webdo.tn\/fr\/wp-json\/wp\/v2\/posts\/117035","targetHints":{"allow":["GET"]}}],"collection":[{"href":"https:\/\/www.webdo.tn\/fr\/wp-json\/wp\/v2\/posts"}],"about":[{"href":"https:\/\/www.webdo.tn\/fr\/wp-json\/wp\/v2\/types\/post"}],"author":[{"embeddable":true,"href":"https:\/\/www.webdo.tn\/fr\/wp-json\/wp\/v2\/users\/3222"}],"replies":[{"embeddable":true,"href":"https:\/\/www.webdo.tn\/fr\/wp-json\/wp\/v2\/comments?post=117035"}],"version-history":[{"count":0,"href":"https:\/\/www.webdo.tn\/fr\/wp-json\/wp\/v2\/posts\/117035\/revisions"}],"wp:featuredmedia":[{"embeddable":true,"href":"https:\/\/www.webdo.tn\/fr\/wp-json\/wp\/v2\/media\/365896"}],"wp:attachment":[{"href":"https:\/\/www.webdo.tn\/fr\/wp-json\/wp\/v2\/media?parent=117035"}],"wp:term":[{"taxonomy":"category","embeddable":true,"href":"https:\/\/www.webdo.tn\/fr\/wp-json\/wp\/v2\/categories?post=117035"},{"taxonomy":"post_tag","embeddable":true,"href":"https:\/\/www.webdo.tn\/fr\/wp-json\/wp\/v2\/tags?post=117035"}],"curies":[{"name":"wp","href":"https:\/\/api.w.org\/{rel}","templated":true}]}}