{"id":117024,"date":"2011-09-13T15:53:00","date_gmt":"2011-09-13T15:53:00","guid":{"rendered":"https:\/\/www.webdo.tn\/fr\/actualite\/blog\/opinion-hymne-a-la-liberte-une-variete-lamentable\/185329\/"},"modified":"2025-06-04T19:07:18","modified_gmt":"2025-06-04T19:07:18","slug":"opinion-hymne-a-la-liberte-une-variete-lamentable","status":"publish","type":"post","link":"https:\/\/www.webdo.tn\/fr\/actualite\/culture\/opinion-hymne-a-la-liberte-une-variete-lamentable\/117024\/","title":{"rendered":"Opinion &#8211; Hymne \u00e0 la libert\u00e9 : une vari\u00e9t\u00e9 lamentable"},"content":{"rendered":"<p>Samedi 10 septembre je me suis plant\u00e9e devant mon t\u00e9l\u00e9viseur pour regarder, sur France 3, le m\u00e9ga spectacle annonc\u00e9 comme l\u2019\u00e9v\u00e9nement culturel de l\u2019ann\u00e9e avec le titre pompeux de  \u00abHymne \u00e0 la libert\u00e9\u00bb, enregistr\u00e9 la veille au Th\u00e9\u00e2tre romain de Carthage. Premi\u00e8re tromperie au lieu de l\u2019\u00e9v\u00e9nement annonc\u00e9, nous avons assist\u00e9 \u00e0 une \u00e9mission de vari\u00e9t\u00e9s t\u00e9l\u00e9visuelle fran\u00e7aise de troisi\u00e8me zone avec tous les ingr\u00e9dients : pr\u00e9sentateurs \u00e0 l\u2019humour douteux, play-back, interviews, reportages ins\u00e9r\u00e9s, public \u00e0 la carte&#8230;<\/p>\n<p>Cette op\u00e9ration a co\u00fbt\u00e9 d\u2019apr\u00e8s certains m\u00e9dias 2,5 MD soit 1,2 M d\u2019euros environ et a \u00e9t\u00e9 coproduite par deux soci\u00e9t\u00e9s priv\u00e9es : \u00c9lectron libre du c\u00e9l\u00e8bre groupe Lagard\u00e8re et Froggies Media. Rappelons qu\u2019\u00c9lectron libre \u00e9tait le producteur attitr\u00e9 de Fr\u00e9d\u00e9rique Mitterrand du temps o\u00f9 ce dernier r\u00e9alisait des documentaires pour la t\u00e9l\u00e9vision et que cette soci\u00e9t\u00e9 de production, dont le patron est un fran\u00e7ais d\u2019origine tunisienne Yannis Chebbi, n\u2019a pas laiss\u00e9 les meilleures impressions lors du tournage d\u2019une \u00e9mission similaire (Concert pour la tol\u00e9rance) il y a quelques ann\u00e9es du c\u00f4t\u00e9 de la M\u00e9dina \u00e0 Yasmine Hammamet.<\/p>\n<p>Le contribuable tunisien se posera s\u00fbrement une question : combien cette chakchouka Mitterrand, Haouas et Bach a co\u00fbt\u00e9 \u00e0 l\u2019ONTT, Tunisair, Orange Tunisie et au minist\u00e8re de la Culture ? Dans quel but toutes ces d\u00e9penses en argent, nuit\u00e9es, billets d\u2019avion, voitures de locations et autres ? La solidarit\u00e9 \u00e9tant un argument creux s\u00fbrement, le but est-il la promotion de notre pays ? Mais cette \u00e9mission a \u00e9t\u00e9 diffus\u00e9e \u00e0 23h (heures fran\u00e7aises) ce qui d\u00e9montre l\u2019int\u00e9r\u00eat que suscite le sujet chez nos \u00abpartenaires\u00bb fran\u00e7ais. Alors \u00e0 d\u00e9faut d\u2019int\u00e9r\u00eat il faut peut-\u00eatre s\u2019avouer que l\u2019on a \u00e9t\u00e9 arnaqu\u00e9s ou complaisants parce que pour le m\u00eame prix nous aurions pu organiser deux ou trois grands concerts de grande envergure internationale sur l\u2019avenue Habib Bourguiba \u00e0 Tunis. Ces concerts auraient \u00e9t\u00e9 relay\u00e9 par nos t\u00e9l\u00e9visions publiques ou priv\u00e9es avec \u00e0 la cl\u00e9 un r\u00e9sultat s\u00fbrement de loin plus int\u00e9ressant en mati\u00e8re de visibilit\u00e9, sans attendre que France3 nous en donne l\u2019id\u00e9e, mais bien s\u00fbr si c\u2019\u00e9taient des producteurs tunisiens on aurait cri\u00e9 au scandale, \u00e0 la corruption, aux pots de vin et ainsi de suite ! ! !<\/p>\n<p>France3 zappe Bendir Man<\/p>\n<p>Revenons sur sc\u00e8ne o\u00f9 cette lamentable vari\u00e9t\u00e9 a r\u00e9uni des artistes internationaux ringards et has been avec des artistes tunisiens jouant aux figurants intelligents. On aurait pu inviter d\u2019autres artistes engag\u00e9s dont le discours avant-gardiste est loin d\u2019\u00eatre circonstanciel tels que Le Forestier, Souchon, Bernard Lavilliers. Cela nous aurait \u00e9vit\u00e9 la filiforme \u00e9pouse de BHL jouant aux pr\u00e9cieuses ridicules en se tr\u00e9moussant devant le poster de Guevara : nulle, elle faisait vraiment contraste avec El General. Quant \u00e0 Bendir Man, qui a \u00e9t\u00e9 annonc\u00e9e dans tous les communiqu\u00e9s de presse comme faisant partie de la vari\u00e9t\u00e9, il n\u2019est point pass\u00e9, peut-\u00eatre a-t-on oubli\u00e9 de l\u2019enregistrer, effac\u00e9 du montage final ou peut-\u00eatre que l\u2019artiste tunisien \u00e9tait politiquement incorrect, nos \u00abpartenaires\u00bb nous donnant une belle le\u00e7on de \u00abd\u00e9mocratie\u00bb encore une fois, mais peut \u00eatre aussi que les r\u00f4les ont chang\u00e9s, on verra\u2026<\/p>\n<p>Quant au public, il \u00e9tait tri\u00e9 sur le volet \u00e0 coup d\u2019invitation une pratique \u00abr\u00e9volutionnaire\u00bb dont on a longtemps souffert dans nos festivals et qui revient au galop, mais tout cela n\u2019a pas emp\u00each\u00e9 l\u2019\u00e9clatement d\u2019une bagarre d\u2019apr\u00e8s certains sites internet. Je serais curieuse d\u2019entendre la r\u00e9ponse de certains responsables lorsqu\u2019on fera le parall\u00e8le entre ces pratiques pour l\u2019hymne \u00e0 la libert\u00e9 et d\u2019autres plus anciennes o\u00f9 l\u2019on remplissait le Th\u00e9\u00e2tre romain de Carthage \u00e0 coup de bus lorsque les gradins \u00e9taient vides. Cette op\u00e9ration de France3 n\u2019est pas sans nous rappeler un air de d\u00e9j\u00e0 vu et une autre cha\u00eene de t\u00e9l\u00e9 qui enregistrait ses propres concerts \u00e0 Carthage : la tristement nomm\u00e9e Rotana\u2026<\/p>\n<p>El Che, El General, El Bach<\/p>\n<p>Le dernier mot revient \u00e0 notre ministre de la Culture comme dans la vari\u00e9t\u00e9 : ce monsieur sur le retour, il faudrait lui donner un surnom r\u00e9volutionnaire comme El Che dont le pr\u00e9nom \u00e9tait Ernesto. Cet in\u00e9vitable d\u00e9magogue a pr\u00e9tendu, et on veut bien le croire, qu\u2019il \u00e9tait le premier ministre de la Culture \u00e0 monter sur la sc\u00e8ne de Carthage, et que c\u2019\u00e9tait la premi\u00e8re fois que dix mille spectateurs se trouvaient dans le th\u00e9\u00e2tre, tandis que le pr\u00e9sentateur croyait qu\u2019il y en avait uniquement huit mille. \u00c0 noter que certains spectacles ont drain\u00e9 plus de douze mille personnes par le pass\u00e9. El Bach ayant \u00e9t\u00e9 longtemps absent de la Tunisie ne savait pas que depuis les tragiques \u00e9v\u00e9nements de B\u00e9ja et de Sfax, les jauges \u00e9taient limit\u00e9es \u00e0 quatre-vingts pour cent de leur capacit\u00e9 r\u00e9elle et pourtant Laurent Boyer le savait. A moins que le ministre de la Culture ne se limitait dans son d\u00e9compte \u00e0 l\u2019apr\u00e8s-r\u00e9volution. Et il a raison dans ce cas, car et ne l\u2019oublions pas le Th\u00e9\u00e2tre romain de Carthage a toujours abrit\u00e9 le festival d\u2019\u00e9t\u00e9, sauf cette ann\u00e9e puisque d\u00e9cr\u00e9t\u00e9 impraticable par notre plus grand et \u00e9minent sp\u00e9cialiste en arch\u00e9ologie \u00e0 savoir ma\u00eetre El Bach lui-m\u00eame. Mais peut-\u00eatre que le th\u00e9\u00e2tre a \u00e9t\u00e9 ferm\u00e9 pour restauration exceptionnelle \u00e0 la mesure de l\u2019hymne \u00e0 la libert\u00e9. Cerise sur le g\u00e2teau, le ministre a termin\u00e9 son intervention en remercier longuement la France et Mitterrand. Heureusement qu\u2019il a \u00e9t\u00e9 rattrap\u00e9 in extremis par Abdelli qui remerci\u00e2t la Tunisie, \u00abd\u2019avoir produit une \u00e9mission de t\u00e9l\u00e9 pour la France\u00bb.<\/p>\n<p>Il y a des gens qui ne changent jamais parce qu\u2019ils sont d\u2019un autre temps avec une pens\u00e9e tiers-mondiste, sous-d\u00e9velopp\u00e9e croyant toujours au chat du Bey qui vient chier sur notre toit.<br \/>\nHind Mandy<\/p>\n","protected":false},"excerpt":{"rendered":"<p>Opinion &#8211; Hymne \u00e0 la libert\u00e9 : une vari\u00e9t\u00e9 lamentable <\/p>\n","protected":false},"author":3222,"featured_media":376290,"comment_status":"open","ping_status":"closed","sticky":false,"template":"","format":"standard","meta":{"footnotes":""},"categories":[2594],"tags":[],"class_list":["post-117024","post","type-post","status-publish","format-standard","has-post-thumbnail","hentry","category-culture"],"yoast_head":"<!-- This site is optimized with the Yoast SEO Premium plugin v27.4 (Yoast SEO v27.5) - https:\/\/yoast.com\/product\/yoast-seo-premium-wordpress\/ -->\n<title>Opinion - Hymne \u00e0 la libert\u00e9 : une vari\u00e9t\u00e9 lamentable<\/title>\n<meta name=\"description\" content=\"Opinion - Hymne \u00e0 la libert\u00e9 : une vari\u00e9t\u00e9 lamentable\" \/>\n<link rel=\"canonical\" href=\"https:\/\/www.webdo.tn\/fr\/actualite\/culture\/opinion-hymne-a-la-liberte-une-variete-lamentable\/117024\/\" \/>\n<meta property=\"og:locale\" content=\"fr_FR\" \/>\n<meta property=\"og:type\" content=\"article\" \/>\n<meta property=\"og:title\" content=\"Opinion - Hymne \u00e0 la libert\u00e9 : une vari\u00e9t\u00e9 lamentable\" \/>\n<meta property=\"og:description\" content=\"Opinion - Hymne \u00e0 la libert\u00e9 : une vari\u00e9t\u00e9 lamentable\" \/>\n<meta property=\"og:url\" content=\"https:\/\/www.webdo.tn\/fr\/actualite\/culture\/opinion-hymne-a-la-liberte-une-variete-lamentable\/117024\/\" \/>\n<meta property=\"og:site_name\" content=\"webdo\" \/>\n<meta property=\"article:publisher\" content=\"https:\/\/www.facebook.com\/webdotn\" \/>\n<meta property=\"article:published_time\" content=\"2011-09-13T15:53:00+00:00\" \/>\n<meta property=\"article:modified_time\" content=\"2025-06-04T19:07:18+00:00\" \/>\n<meta name=\"author\" content=\"webdo.tn\" \/>\n<meta name=\"twitter:card\" content=\"summary_large_image\" \/>\n<meta name=\"twitter:creator\" content=\"@webdo_tn\" \/>\n<meta name=\"twitter:site\" content=\"@webdo_tn\" \/>\n<meta name=\"twitter:label1\" content=\"\u00c9crit par\" \/>\n\t<meta name=\"twitter:data1\" content=\"webdo.tn\" \/>\n\t<meta name=\"twitter:label2\" content=\"Dur\u00e9e de lecture estim\u00e9e\" \/>\n\t<meta name=\"twitter:data2\" content=\"5 minutes\" \/>\n<script type=\"application\/ld+json\" class=\"yoast-schema-graph\">{\"@context\":\"https:\\\/\\\/schema.org\",\"@graph\":[{\"@type\":\"NewsArticle\",\"@id\":\"https:\\\/\\\/www.webdo.tn\\\/fr\\\/actualite\\\/culture\\\/opinion-hymne-a-la-liberte-une-variete-lamentable\\\/117024\\\/#article\",\"isPartOf\":{\"@id\":\"https:\\\/\\\/www.webdo.tn\\\/fr\\\/actualite\\\/culture\\\/opinion-hymne-a-la-liberte-une-variete-lamentable\\\/117024\\\/\"},\"author\":{\"name\":\"webdo.tn\",\"@id\":\"https:\\\/\\\/www.webdo.tn\\\/fr\\\/#\\\/schema\\\/person\\\/9a9c6118d687c117df8ef3cc36a4d175\"},\"headline\":\"Opinion &#8211; Hymne \u00e0 la libert\u00e9 : une vari\u00e9t\u00e9 lamentable\",\"datePublished\":\"2011-09-13T15:53:00+00:00\",\"dateModified\":\"2025-06-04T19:07:18+00:00\",\"mainEntityOfPage\":{\"@id\":\"https:\\\/\\\/www.webdo.tn\\\/fr\\\/actualite\\\/culture\\\/opinion-hymne-a-la-liberte-une-variete-lamentable\\\/117024\\\/\"},\"wordCount\":1063,\"commentCount\":0,\"publisher\":{\"@id\":\"https:\\\/\\\/www.webdo.tn\\\/fr\\\/#organization\"},\"image\":{\"@id\":\"https:\\\/\\\/www.webdo.tn\\\/fr\\\/actualite\\\/culture\\\/opinion-hymne-a-la-liberte-une-variete-lamentable\\\/117024\\\/#primaryimage\"},\"thumbnailUrl\":\"https:\\\/\\\/www.webdo.tn\\\/fr\\\/wp-content\\\/uploads\\\/2025\\\/06\\\/FireShot-Capture-1063-webdo_default-53-750x375.jpg-750\u00d7375-www.webdo_.tn_.png\",\"articleSection\":[\"Culture\"],\"inLanguage\":\"fr-FR\"},{\"@type\":\"WebPage\",\"@id\":\"https:\\\/\\\/www.webdo.tn\\\/fr\\\/actualite\\\/culture\\\/opinion-hymne-a-la-liberte-une-variete-lamentable\\\/117024\\\/\",\"url\":\"https:\\\/\\\/www.webdo.tn\\\/fr\\\/actualite\\\/culture\\\/opinion-hymne-a-la-liberte-une-variete-lamentable\\\/117024\\\/\",\"name\":\"Opinion - Hymne \u00e0 la libert\u00e9 : une vari\u00e9t\u00e9 lamentable\",\"isPartOf\":{\"@id\":\"https:\\\/\\\/www.webdo.tn\\\/fr\\\/#website\"},\"primaryImageOfPage\":{\"@id\":\"https:\\\/\\\/www.webdo.tn\\\/fr\\\/actualite\\\/culture\\\/opinion-hymne-a-la-liberte-une-variete-lamentable\\\/117024\\\/#primaryimage\"},\"image\":{\"@id\":\"https:\\\/\\\/www.webdo.tn\\\/fr\\\/actualite\\\/culture\\\/opinion-hymne-a-la-liberte-une-variete-lamentable\\\/117024\\\/#primaryimage\"},\"thumbnailUrl\":\"https:\\\/\\\/www.webdo.tn\\\/fr\\\/wp-content\\\/uploads\\\/2025\\\/06\\\/FireShot-Capture-1063-webdo_default-53-750x375.jpg-750\u00d7375-www.webdo_.tn_.png\",\"datePublished\":\"2011-09-13T15:53:00+00:00\",\"dateModified\":\"2025-06-04T19:07:18+00:00\",\"description\":\"Opinion - Hymne \u00e0 la libert\u00e9 : une vari\u00e9t\u00e9 lamentable\",\"breadcrumb\":{\"@id\":\"https:\\\/\\\/www.webdo.tn\\\/fr\\\/actualite\\\/culture\\\/opinion-hymne-a-la-liberte-une-variete-lamentable\\\/117024\\\/#breadcrumb\"},\"inLanguage\":\"fr-FR\",\"potentialAction\":[{\"@type\":\"ReadAction\",\"target\":[\"https:\\\/\\\/www.webdo.tn\\\/fr\\\/actualite\\\/culture\\\/opinion-hymne-a-la-liberte-une-variete-lamentable\\\/117024\\\/\"]}]},{\"@type\":\"ImageObject\",\"inLanguage\":\"fr-FR\",\"@id\":\"https:\\\/\\\/www.webdo.tn\\\/fr\\\/actualite\\\/culture\\\/opinion-hymne-a-la-liberte-une-variete-lamentable\\\/117024\\\/#primaryimage\",\"url\":\"https:\\\/\\\/www.webdo.tn\\\/fr\\\/wp-content\\\/uploads\\\/2025\\\/06\\\/FireShot-Capture-1063-webdo_default-53-750x375.jpg-750\u00d7375-www.webdo_.tn_.png\",\"contentUrl\":\"https:\\\/\\\/www.webdo.tn\\\/fr\\\/wp-content\\\/uploads\\\/2025\\\/06\\\/FireShot-Capture-1063-webdo_default-53-750x375.jpg-750\u00d7375-www.webdo_.tn_.png\",\"width\":746,\"height\":371},{\"@type\":\"BreadcrumbList\",\"@id\":\"https:\\\/\\\/www.webdo.tn\\\/fr\\\/actualite\\\/culture\\\/opinion-hymne-a-la-liberte-une-variete-lamentable\\\/117024\\\/#breadcrumb\",\"itemListElement\":[{\"@type\":\"ListItem\",\"position\":1,\"name\":\"Accueil\",\"item\":\"https:\\\/\\\/www.webdo.tn\\\/fr\\\/\"},{\"@type\":\"ListItem\",\"position\":2,\"name\":\"Opinion &#8211; Hymne \u00e0 la libert\u00e9 : une vari\u00e9t\u00e9 lamentable\"}]},{\"@type\":\"WebSite\",\"@id\":\"https:\\\/\\\/www.webdo.tn\\\/fr\\\/#website\",\"url\":\"https:\\\/\\\/www.webdo.tn\\\/fr\\\/\",\"name\":\"webdo\",\"description\":\"Tunisie - News en Tunisie et \u00e0 l&#039;international sur Webdo.tn\",\"publisher\":{\"@id\":\"https:\\\/\\\/www.webdo.tn\\\/fr\\\/#organization\"},\"potentialAction\":[{\"@type\":\"SearchAction\",\"target\":{\"@type\":\"EntryPoint\",\"urlTemplate\":\"https:\\\/\\\/www.webdo.tn\\\/fr\\\/?s={search_term_string}\"},\"query-input\":{\"@type\":\"PropertyValueSpecification\",\"valueRequired\":true,\"valueName\":\"search_term_string\"}}],\"inLanguage\":\"fr-FR\"},{\"@type\":\"Organization\",\"@id\":\"https:\\\/\\\/www.webdo.tn\\\/fr\\\/#organization\",\"name\":\"Webdo\",\"alternateName\":\"Webdo.tn\",\"url\":\"https:\\\/\\\/www.webdo.tn\\\/fr\\\/\",\"logo\":{\"@type\":\"ImageObject\",\"inLanguage\":\"fr-FR\",\"@id\":\"https:\\\/\\\/www.webdo.tn\\\/fr\\\/#\\\/schema\\\/logo\\\/image\\\/\",\"url\":\"https:\\\/\\\/www.webdo.tn\\\/fr\\\/wp-content\\\/uploads\\\/2025\\\/06\\\/Webdo-Tunisie_168377.jpg\",\"contentUrl\":\"https:\\\/\\\/www.webdo.tn\\\/fr\\\/wp-content\\\/uploads\\\/2025\\\/06\\\/Webdo-Tunisie_168377.jpg\",\"width\":301,\"height\":301,\"caption\":\"Webdo\"},\"image\":{\"@id\":\"https:\\\/\\\/www.webdo.tn\\\/fr\\\/#\\\/schema\\\/logo\\\/image\\\/\"},\"sameAs\":[\"https:\\\/\\\/www.facebook.com\\\/webdotn\",\"https:\\\/\\\/x.com\\\/webdo_tn\"],\"description\":\"Webdo est un m\u00e9dia num\u00e9rique tunisien fond\u00e9 en 2010, sp\u00e9cialis\u00e9 dans l\u2019actualit\u00e9 nationale et internationale, l\u2019\u00e9conomie, la soci\u00e9t\u00e9 et les analyses politiques. Le site s\u2019adresse \u00e0 un large public francophone et couvre l\u2019information tunisienne en temps r\u00e9el.\",\"email\":\"redac@webdo.tn\",\"legalName\":\"YNJ SARL\",\"foundingDate\":\"2010-09-06\",\"numberOfEmployees\":{\"@type\":\"QuantitativeValue\",\"minValue\":\"11\",\"maxValue\":\"50\"}},{\"@type\":\"Person\",\"@id\":\"https:\\\/\\\/www.webdo.tn\\\/fr\\\/#\\\/schema\\\/person\\\/9a9c6118d687c117df8ef3cc36a4d175\",\"name\":\"webdo.tn\",\"image\":{\"@type\":\"ImageObject\",\"inLanguage\":\"fr-FR\",\"@id\":\"https:\\\/\\\/secure.gravatar.com\\\/avatar\\\/7ce1f28c0c3bbac99ff550b85ef8e44a6950c6ee24514fb6a5489e51d06f0298?s=96&d=mm&r=g\",\"url\":\"https:\\\/\\\/secure.gravatar.com\\\/avatar\\\/7ce1f28c0c3bbac99ff550b85ef8e44a6950c6ee24514fb6a5489e51d06f0298?s=96&d=mm&r=g\",\"contentUrl\":\"https:\\\/\\\/secure.gravatar.com\\\/avatar\\\/7ce1f28c0c3bbac99ff550b85ef8e44a6950c6ee24514fb6a5489e51d06f0298?s=96&d=mm&r=g\",\"caption\":\"webdo.tn\"},\"url\":\"https:\\\/\\\/www.webdo.tn\\\/fr\\\/actualite\\\/author\\\/webdotn\\\/\"}]}<\/script>\n<!-- \/ Yoast SEO Premium plugin. -->","yoast_head_json":{"title":"Opinion - Hymne \u00e0 la libert\u00e9 : une vari\u00e9t\u00e9 lamentable","description":"Opinion - Hymne \u00e0 la libert\u00e9 : une vari\u00e9t\u00e9 lamentable","canonical":"https:\/\/www.webdo.tn\/fr\/actualite\/culture\/opinion-hymne-a-la-liberte-une-variete-lamentable\/117024\/","og_locale":"fr_FR","og_type":"article","og_title":"Opinion - Hymne \u00e0 la libert\u00e9 : une vari\u00e9t\u00e9 lamentable","og_description":"Opinion - Hymne \u00e0 la libert\u00e9 : une vari\u00e9t\u00e9 lamentable","og_url":"https:\/\/www.webdo.tn\/fr\/actualite\/culture\/opinion-hymne-a-la-liberte-une-variete-lamentable\/117024\/","og_site_name":"webdo","article_publisher":"https:\/\/www.facebook.com\/webdotn","article_published_time":"2011-09-13T15:53:00+00:00","article_modified_time":"2025-06-04T19:07:18+00:00","author":"webdo.tn","twitter_card":"summary_large_image","twitter_creator":"@webdo_tn","twitter_site":"@webdo_tn","twitter_misc":{"\u00c9crit par":"webdo.tn","Dur\u00e9e de lecture estim\u00e9e":"5 minutes"},"schema":{"@context":"https:\/\/schema.org","@graph":[{"@type":"NewsArticle","@id":"https:\/\/www.webdo.tn\/fr\/actualite\/culture\/opinion-hymne-a-la-liberte-une-variete-lamentable\/117024\/#article","isPartOf":{"@id":"https:\/\/www.webdo.tn\/fr\/actualite\/culture\/opinion-hymne-a-la-liberte-une-variete-lamentable\/117024\/"},"author":{"name":"webdo.tn","@id":"https:\/\/www.webdo.tn\/fr\/#\/schema\/person\/9a9c6118d687c117df8ef3cc36a4d175"},"headline":"Opinion &#8211; Hymne \u00e0 la libert\u00e9 : une vari\u00e9t\u00e9 lamentable","datePublished":"2011-09-13T15:53:00+00:00","dateModified":"2025-06-04T19:07:18+00:00","mainEntityOfPage":{"@id":"https:\/\/www.webdo.tn\/fr\/actualite\/culture\/opinion-hymne-a-la-liberte-une-variete-lamentable\/117024\/"},"wordCount":1063,"commentCount":0,"publisher":{"@id":"https:\/\/www.webdo.tn\/fr\/#organization"},"image":{"@id":"https:\/\/www.webdo.tn\/fr\/actualite\/culture\/opinion-hymne-a-la-liberte-une-variete-lamentable\/117024\/#primaryimage"},"thumbnailUrl":"https:\/\/www.webdo.tn\/fr\/wp-content\/uploads\/2025\/06\/FireShot-Capture-1063-webdo_default-53-750x375.jpg-750\u00d7375-www.webdo_.tn_.png","articleSection":["Culture"],"inLanguage":"fr-FR"},{"@type":"WebPage","@id":"https:\/\/www.webdo.tn\/fr\/actualite\/culture\/opinion-hymne-a-la-liberte-une-variete-lamentable\/117024\/","url":"https:\/\/www.webdo.tn\/fr\/actualite\/culture\/opinion-hymne-a-la-liberte-une-variete-lamentable\/117024\/","name":"Opinion - Hymne \u00e0 la libert\u00e9 : une vari\u00e9t\u00e9 lamentable","isPartOf":{"@id":"https:\/\/www.webdo.tn\/fr\/#website"},"primaryImageOfPage":{"@id":"https:\/\/www.webdo.tn\/fr\/actualite\/culture\/opinion-hymne-a-la-liberte-une-variete-lamentable\/117024\/#primaryimage"},"image":{"@id":"https:\/\/www.webdo.tn\/fr\/actualite\/culture\/opinion-hymne-a-la-liberte-une-variete-lamentable\/117024\/#primaryimage"},"thumbnailUrl":"https:\/\/www.webdo.tn\/fr\/wp-content\/uploads\/2025\/06\/FireShot-Capture-1063-webdo_default-53-750x375.jpg-750\u00d7375-www.webdo_.tn_.png","datePublished":"2011-09-13T15:53:00+00:00","dateModified":"2025-06-04T19:07:18+00:00","description":"Opinion - Hymne \u00e0 la libert\u00e9 : une vari\u00e9t\u00e9 lamentable","breadcrumb":{"@id":"https:\/\/www.webdo.tn\/fr\/actualite\/culture\/opinion-hymne-a-la-liberte-une-variete-lamentable\/117024\/#breadcrumb"},"inLanguage":"fr-FR","potentialAction":[{"@type":"ReadAction","target":["https:\/\/www.webdo.tn\/fr\/actualite\/culture\/opinion-hymne-a-la-liberte-une-variete-lamentable\/117024\/"]}]},{"@type":"ImageObject","inLanguage":"fr-FR","@id":"https:\/\/www.webdo.tn\/fr\/actualite\/culture\/opinion-hymne-a-la-liberte-une-variete-lamentable\/117024\/#primaryimage","url":"https:\/\/www.webdo.tn\/fr\/wp-content\/uploads\/2025\/06\/FireShot-Capture-1063-webdo_default-53-750x375.jpg-750\u00d7375-www.webdo_.tn_.png","contentUrl":"https:\/\/www.webdo.tn\/fr\/wp-content\/uploads\/2025\/06\/FireShot-Capture-1063-webdo_default-53-750x375.jpg-750\u00d7375-www.webdo_.tn_.png","width":746,"height":371},{"@type":"BreadcrumbList","@id":"https:\/\/www.webdo.tn\/fr\/actualite\/culture\/opinion-hymne-a-la-liberte-une-variete-lamentable\/117024\/#breadcrumb","itemListElement":[{"@type":"ListItem","position":1,"name":"Accueil","item":"https:\/\/www.webdo.tn\/fr\/"},{"@type":"ListItem","position":2,"name":"Opinion &#8211; Hymne \u00e0 la libert\u00e9 : une vari\u00e9t\u00e9 lamentable"}]},{"@type":"WebSite","@id":"https:\/\/www.webdo.tn\/fr\/#website","url":"https:\/\/www.webdo.tn\/fr\/","name":"webdo","description":"Tunisie - News en Tunisie et \u00e0 l&#039;international sur Webdo.tn","publisher":{"@id":"https:\/\/www.webdo.tn\/fr\/#organization"},"potentialAction":[{"@type":"SearchAction","target":{"@type":"EntryPoint","urlTemplate":"https:\/\/www.webdo.tn\/fr\/?s={search_term_string}"},"query-input":{"@type":"PropertyValueSpecification","valueRequired":true,"valueName":"search_term_string"}}],"inLanguage":"fr-FR"},{"@type":"Organization","@id":"https:\/\/www.webdo.tn\/fr\/#organization","name":"Webdo","alternateName":"Webdo.tn","url":"https:\/\/www.webdo.tn\/fr\/","logo":{"@type":"ImageObject","inLanguage":"fr-FR","@id":"https:\/\/www.webdo.tn\/fr\/#\/schema\/logo\/image\/","url":"https:\/\/www.webdo.tn\/fr\/wp-content\/uploads\/2025\/06\/Webdo-Tunisie_168377.jpg","contentUrl":"https:\/\/www.webdo.tn\/fr\/wp-content\/uploads\/2025\/06\/Webdo-Tunisie_168377.jpg","width":301,"height":301,"caption":"Webdo"},"image":{"@id":"https:\/\/www.webdo.tn\/fr\/#\/schema\/logo\/image\/"},"sameAs":["https:\/\/www.facebook.com\/webdotn","https:\/\/x.com\/webdo_tn"],"description":"Webdo est un m\u00e9dia num\u00e9rique tunisien fond\u00e9 en 2010, sp\u00e9cialis\u00e9 dans l\u2019actualit\u00e9 nationale et internationale, l\u2019\u00e9conomie, la soci\u00e9t\u00e9 et les analyses politiques. Le site s\u2019adresse \u00e0 un large public francophone et couvre l\u2019information tunisienne en temps r\u00e9el.","email":"redac@webdo.tn","legalName":"YNJ SARL","foundingDate":"2010-09-06","numberOfEmployees":{"@type":"QuantitativeValue","minValue":"11","maxValue":"50"}},{"@type":"Person","@id":"https:\/\/www.webdo.tn\/fr\/#\/schema\/person\/9a9c6118d687c117df8ef3cc36a4d175","name":"webdo.tn","image":{"@type":"ImageObject","inLanguage":"fr-FR","@id":"https:\/\/secure.gravatar.com\/avatar\/7ce1f28c0c3bbac99ff550b85ef8e44a6950c6ee24514fb6a5489e51d06f0298?s=96&d=mm&r=g","url":"https:\/\/secure.gravatar.com\/avatar\/7ce1f28c0c3bbac99ff550b85ef8e44a6950c6ee24514fb6a5489e51d06f0298?s=96&d=mm&r=g","contentUrl":"https:\/\/secure.gravatar.com\/avatar\/7ce1f28c0c3bbac99ff550b85ef8e44a6950c6ee24514fb6a5489e51d06f0298?s=96&d=mm&r=g","caption":"webdo.tn"},"url":"https:\/\/www.webdo.tn\/fr\/actualite\/author\/webdotn\/"}]}},"_links":{"self":[{"href":"https:\/\/www.webdo.tn\/fr\/wp-json\/wp\/v2\/posts\/117024","targetHints":{"allow":["GET"]}}],"collection":[{"href":"https:\/\/www.webdo.tn\/fr\/wp-json\/wp\/v2\/posts"}],"about":[{"href":"https:\/\/www.webdo.tn\/fr\/wp-json\/wp\/v2\/types\/post"}],"author":[{"embeddable":true,"href":"https:\/\/www.webdo.tn\/fr\/wp-json\/wp\/v2\/users\/3222"}],"replies":[{"embeddable":true,"href":"https:\/\/www.webdo.tn\/fr\/wp-json\/wp\/v2\/comments?post=117024"}],"version-history":[{"count":0,"href":"https:\/\/www.webdo.tn\/fr\/wp-json\/wp\/v2\/posts\/117024\/revisions"}],"wp:featuredmedia":[{"embeddable":true,"href":"https:\/\/www.webdo.tn\/fr\/wp-json\/wp\/v2\/media\/376290"}],"wp:attachment":[{"href":"https:\/\/www.webdo.tn\/fr\/wp-json\/wp\/v2\/media?parent=117024"}],"wp:term":[{"taxonomy":"category","embeddable":true,"href":"https:\/\/www.webdo.tn\/fr\/wp-json\/wp\/v2\/categories?post=117024"},{"taxonomy":"post_tag","embeddable":true,"href":"https:\/\/www.webdo.tn\/fr\/wp-json\/wp\/v2\/tags?post=117024"}],"curies":[{"name":"wp","href":"https:\/\/api.w.org\/{rel}","templated":true}]}}