{"id":117022,"date":"2011-10-02T16:58:00","date_gmt":"2011-10-02T16:58:00","guid":{"rendered":"https:\/\/www.webdo.tn\/fr\/actualite\/blog\/opinion-nadia-el-fani-recompensee-par-le-comite-laicite-republique-un-geste-moins-artistique-que-politique\/117022\/"},"modified":"2011-10-02T16:58:00","modified_gmt":"2011-10-02T16:58:00","slug":"opinion-nadia-el-fani-recompensee-par-le-comite-laicite-republique-un-geste-moins-artistique-que-politique","status":"publish","type":"post","link":"https:\/\/www.webdo.tn\/fr\/actualite\/culture\/opinion-nadia-el-fani-recompensee-par-le-comite-laicite-republique-un-geste-moins-artistique-que-politique\/117022\/","title":{"rendered":"Opinion &#8211; Nadia El Fani r\u00e9compens\u00e9e par le Comit\u00e9 La\u00efcit\u00e9 R\u00e9publique : un geste moins artistique que politique"},"content":{"rendered":"<p>Mis \u00e0 part le milieu cin\u00e9matographique, peu de gens connaissaient Nadia El Fani avant le 14 janvier 2011. C\u2019est son film documentaire \u00ab Ni Allah Ni ma\u00eetre \u00bb diffus\u00e9 \u00e0 la faveur de l\u2019euphorie post r\u00e9volutionnaire qui la sort de l\u2019anonymat. Si le film ne suscita aucune r\u00e9action lors de sa projection dans le cadre de \u00ab Doc \u00e0 Tunis \u00bb en avril dernier, quelques semaines plus tard sa programmation \u00e0 la salle de cin\u00e9ma Africart d\u00e9clencha des actes de violence men\u00e9s par un groupe de salafistes scandalis\u00e9s par un film qui constitue, \u00e0 leurs yeux, une atteinte \u00e0 la foi musulmane. Une pol\u00e9mique s\u2019en est suivie sur la libert\u00e9 de cr\u00e9ation.<\/p>\n<p>Les avis divergent entre ceux qui soutiennent la cr\u00e9ativit\u00e9 artistique au nom de la la\u00efcit\u00e9 et la libert\u00e9 d\u2019expression, et ceux qui sans \u00eatre extr\u00e9mistes estiment ce genre de film \u00e9minemment provocateur et d\u00e9pourvu de tout int\u00e9r\u00eat.<\/p>\n<p>Conscient vraisemblablement de son caract\u00e8re pol\u00e9mique susceptible d\u2019\u00e9corner la sensibilit\u00e9 des croyants, Nadia El Fani rebaptise son film. C\u2019est donc sous le nouveau titre \u00ab La\u00efcit\u00e9 inch\u2019Allah \u00bb que la cin\u00e9aste propose son documentaire, r\u00e9cemment r\u00e9compens\u00e9 en France par le Comit\u00e9 La\u00efcit\u00e9 R\u00e9publique.<\/p>\n<p>Quand bien m\u00eame ce prix international se veut un soutien \u00e0 \u00ab la la\u00efcit\u00e9 qui n\u2019est pas contradictoire avec la religion \u00bb, aux dires de Patrick Kessel, pr\u00e9sident de la Ligue en question, il est besoin de rappeler que le film de Nadia El Fani constitue au fond une prise de position personnelle non sur la la\u00efcit\u00e9, mais plut\u00f4t sur son droit \u00e0 exprimer son ath\u00e9isme. La nuance est de taille. En effet, le documentaire de la cin\u00e9aste tunisienne, tourn\u00e9 en plein de mois de ramadan pr\u00e9c\u00e9dant la R\u00e9volution, \u00e9voque le th\u00e8me de la libert\u00e9 de ne pas observer le je\u00fbne. Sans rentrer dans les d\u00e9tails, quelques aspects du film sont de nature \u00e0 \u00e9gratigner la fibre religieuse. Nadia El Fani a beau souligner son intention de ne pas vouloir stigmatiser l\u2019islam, toujours est-il que sa volont\u00e9 de revendiquer son ath\u00e9isme s\u2019apparente \u00e0 une sorte de pros\u00e9lytisme. Le pros\u00e9lytisme n\u2019est jamais de bon aloi. Tout se passe comme si on pouvait mettre sur un pied d\u2019\u00e9galit\u00e9 la profession de foi religieuse et l\u2019ath\u00e9isme dans un pays majoritairement musulman.<\/p>\n<p>S\u2019il ne faut en aucun cas cautionner la violence et les menaces de ceux qui sont hostiles \u00e0 Nadia El Fani, force est de pr\u00e9ciser le risque inutile pris par la cin\u00e9aste pour traiter un sujet on ne peut plus sensible et d\u00e9licat. Dans certains pays occidentaux o\u00f9 la d\u00e9mocratie et la la\u00efcit\u00e9 sont une tradition, de tels sujets font tr\u00e8s souvent l\u2019objet de controverses, que dire par cons\u00e9quent d\u2019une Tunisie fra\u00eechement initi\u00e9e \u00e0 la libert\u00e9 d\u2019expression et qui n\u2019est nullement habitu\u00e9e aux d\u00e9bats d\u2019id\u00e9es et encore moins \u00e0 celui inh\u00e9rent \u00e0 la religion.<\/p>\n<p>Il n\u2019est nullement question de d\u00e9nier \u00e0 Nadia El Fani la libert\u00e9 de cr\u00e9er, mais seulement de se demander si son travail rel\u00e8ve d\u2019une \u0153uvre d\u2019art. Rien n\u2019est moins s\u00fbr. Car la cr\u00e9ation artistique c\u2019est moins l\u2019expression prosa\u00efque et crue de la r\u00e9alit\u00e9 qu\u2019une mani\u00e8re subtile de traiter de l\u2019ordre \u00e9tabli.<\/p>\n<p>Car faut-il rappeler en d\u00e9finitive que le prix qui vient r\u00e9compenser le film de Nadia El Fani n\u2019est pas d\u00e9cern\u00e9e par ses pairs, mais par une instance \u00e0 vocation politique. L\u00e0 est toute la symbolique de la r\u00e9compense.<\/p>\n","protected":false},"excerpt":{"rendered":"<p>Opinion &#8211; Nadia El Fani r\u00e9compens\u00e9e par le Comit\u00e9 La\u00efcit\u00e9 R\u00e9publique : un geste moins artistique que politique <\/p>\n","protected":false},"author":3222,"featured_media":376290,"comment_status":"open","ping_status":"closed","sticky":false,"template":"","format":"standard","meta":{"footnotes":""},"categories":[2594],"tags":[],"class_list":["post-117022","post","type-post","status-publish","format-standard","has-post-thumbnail","hentry","category-culture"],"yoast_head":"<!-- This site is optimized with the Yoast SEO Premium plugin v27.4 (Yoast SEO v27.5) - https:\/\/yoast.com\/product\/yoast-seo-premium-wordpress\/ -->\n<title>Opinion - Nadia El Fani r\u00e9compens\u00e9e par le Comit\u00e9 La\u00efcit\u00e9 R\u00e9publique : un geste moins artistique que politique<\/title>\n<meta name=\"description\" content=\"Opinion - Nadia El Fani r\u00e9compens\u00e9e par le Comit\u00e9 La\u00efcit\u00e9 R\u00e9publique : un geste moins artistique que politique\" \/>\n<link rel=\"canonical\" href=\"https:\/\/www.webdo.tn\/fr\/actualite\/culture\/opinion-nadia-el-fani-recompensee-par-le-comite-laicite-republique-un-geste-moins-artistique-que-politique\/117022\/\" \/>\n<meta property=\"og:locale\" content=\"fr_FR\" \/>\n<meta property=\"og:type\" content=\"article\" \/>\n<meta property=\"og:title\" content=\"Opinion - Nadia El Fani r\u00e9compens\u00e9e par le Comit\u00e9 La\u00efcit\u00e9 R\u00e9publique : un geste moins artistique que politique\" \/>\n<meta property=\"og:description\" content=\"Opinion - Nadia El Fani r\u00e9compens\u00e9e par le Comit\u00e9 La\u00efcit\u00e9 R\u00e9publique : un geste moins artistique que politique\" \/>\n<meta property=\"og:url\" content=\"https:\/\/www.webdo.tn\/fr\/actualite\/culture\/opinion-nadia-el-fani-recompensee-par-le-comite-laicite-republique-un-geste-moins-artistique-que-politique\/117022\/\" \/>\n<meta property=\"og:site_name\" content=\"webdo\" \/>\n<meta property=\"article:publisher\" content=\"https:\/\/www.facebook.com\/webdotn\" \/>\n<meta property=\"article:published_time\" content=\"2011-10-02T16:58:00+00:00\" \/>\n<meta name=\"author\" content=\"webdo.tn\" \/>\n<meta name=\"twitter:card\" content=\"summary_large_image\" \/>\n<meta name=\"twitter:creator\" content=\"@webdo_tn\" \/>\n<meta name=\"twitter:site\" content=\"@webdo_tn\" \/>\n<meta name=\"twitter:label1\" content=\"\u00c9crit par\" \/>\n\t<meta name=\"twitter:data1\" content=\"webdo.tn\" \/>\n\t<meta name=\"twitter:label2\" content=\"Dur\u00e9e de lecture estim\u00e9e\" \/>\n\t<meta name=\"twitter:data2\" content=\"3 minutes\" \/>\n<script type=\"application\/ld+json\" class=\"yoast-schema-graph\">{\"@context\":\"https:\\\/\\\/schema.org\",\"@graph\":[{\"@type\":\"NewsArticle\",\"@id\":\"https:\\\/\\\/www.webdo.tn\\\/fr\\\/actualite\\\/culture\\\/opinion-nadia-el-fani-recompensee-par-le-comite-laicite-republique-un-geste-moins-artistique-que-politique\\\/117022\\\/#article\",\"isPartOf\":{\"@id\":\"https:\\\/\\\/www.webdo.tn\\\/fr\\\/actualite\\\/culture\\\/opinion-nadia-el-fani-recompensee-par-le-comite-laicite-republique-un-geste-moins-artistique-que-politique\\\/117022\\\/\"},\"author\":{\"name\":\"webdo.tn\",\"@id\":\"https:\\\/\\\/www.webdo.tn\\\/fr\\\/#\\\/schema\\\/person\\\/9a9c6118d687c117df8ef3cc36a4d175\"},\"headline\":\"Opinion &#8211; Nadia El Fani r\u00e9compens\u00e9e par le Comit\u00e9 La\u00efcit\u00e9 R\u00e9publique : un geste moins artistique que politique\",\"datePublished\":\"2011-10-02T16:58:00+00:00\",\"mainEntityOfPage\":{\"@id\":\"https:\\\/\\\/www.webdo.tn\\\/fr\\\/actualite\\\/culture\\\/opinion-nadia-el-fani-recompensee-par-le-comite-laicite-republique-un-geste-moins-artistique-que-politique\\\/117022\\\/\"},\"wordCount\":644,\"commentCount\":0,\"publisher\":{\"@id\":\"https:\\\/\\\/www.webdo.tn\\\/fr\\\/#organization\"},\"image\":{\"@id\":\"https:\\\/\\\/www.webdo.tn\\\/fr\\\/actualite\\\/culture\\\/opinion-nadia-el-fani-recompensee-par-le-comite-laicite-republique-un-geste-moins-artistique-que-politique\\\/117022\\\/#primaryimage\"},\"thumbnailUrl\":\"https:\\\/\\\/www.webdo.tn\\\/fr\\\/wp-content\\\/uploads\\\/2025\\\/06\\\/FireShot-Capture-1063-webdo_default-53-750x375.jpg-750\u00d7375-www.webdo_.tn_.png\",\"articleSection\":[\"Culture\"],\"inLanguage\":\"fr-FR\"},{\"@type\":\"WebPage\",\"@id\":\"https:\\\/\\\/www.webdo.tn\\\/fr\\\/actualite\\\/culture\\\/opinion-nadia-el-fani-recompensee-par-le-comite-laicite-republique-un-geste-moins-artistique-que-politique\\\/117022\\\/\",\"url\":\"https:\\\/\\\/www.webdo.tn\\\/fr\\\/actualite\\\/culture\\\/opinion-nadia-el-fani-recompensee-par-le-comite-laicite-republique-un-geste-moins-artistique-que-politique\\\/117022\\\/\",\"name\":\"Opinion - Nadia El Fani r\u00e9compens\u00e9e par le Comit\u00e9 La\u00efcit\u00e9 R\u00e9publique : un geste moins artistique que politique\",\"isPartOf\":{\"@id\":\"https:\\\/\\\/www.webdo.tn\\\/fr\\\/#website\"},\"primaryImageOfPage\":{\"@id\":\"https:\\\/\\\/www.webdo.tn\\\/fr\\\/actualite\\\/culture\\\/opinion-nadia-el-fani-recompensee-par-le-comite-laicite-republique-un-geste-moins-artistique-que-politique\\\/117022\\\/#primaryimage\"},\"image\":{\"@id\":\"https:\\\/\\\/www.webdo.tn\\\/fr\\\/actualite\\\/culture\\\/opinion-nadia-el-fani-recompensee-par-le-comite-laicite-republique-un-geste-moins-artistique-que-politique\\\/117022\\\/#primaryimage\"},\"thumbnailUrl\":\"https:\\\/\\\/www.webdo.tn\\\/fr\\\/wp-content\\\/uploads\\\/2025\\\/06\\\/FireShot-Capture-1063-webdo_default-53-750x375.jpg-750\u00d7375-www.webdo_.tn_.png\",\"datePublished\":\"2011-10-02T16:58:00+00:00\",\"description\":\"Opinion - Nadia El Fani r\u00e9compens\u00e9e par le Comit\u00e9 La\u00efcit\u00e9 R\u00e9publique : un geste moins artistique que politique\",\"breadcrumb\":{\"@id\":\"https:\\\/\\\/www.webdo.tn\\\/fr\\\/actualite\\\/culture\\\/opinion-nadia-el-fani-recompensee-par-le-comite-laicite-republique-un-geste-moins-artistique-que-politique\\\/117022\\\/#breadcrumb\"},\"inLanguage\":\"fr-FR\",\"potentialAction\":[{\"@type\":\"ReadAction\",\"target\":[\"https:\\\/\\\/www.webdo.tn\\\/fr\\\/actualite\\\/culture\\\/opinion-nadia-el-fani-recompensee-par-le-comite-laicite-republique-un-geste-moins-artistique-que-politique\\\/117022\\\/\"]}]},{\"@type\":\"ImageObject\",\"inLanguage\":\"fr-FR\",\"@id\":\"https:\\\/\\\/www.webdo.tn\\\/fr\\\/actualite\\\/culture\\\/opinion-nadia-el-fani-recompensee-par-le-comite-laicite-republique-un-geste-moins-artistique-que-politique\\\/117022\\\/#primaryimage\",\"url\":\"https:\\\/\\\/www.webdo.tn\\\/fr\\\/wp-content\\\/uploads\\\/2025\\\/06\\\/FireShot-Capture-1063-webdo_default-53-750x375.jpg-750\u00d7375-www.webdo_.tn_.png\",\"contentUrl\":\"https:\\\/\\\/www.webdo.tn\\\/fr\\\/wp-content\\\/uploads\\\/2025\\\/06\\\/FireShot-Capture-1063-webdo_default-53-750x375.jpg-750\u00d7375-www.webdo_.tn_.png\",\"width\":746,\"height\":371},{\"@type\":\"BreadcrumbList\",\"@id\":\"https:\\\/\\\/www.webdo.tn\\\/fr\\\/actualite\\\/culture\\\/opinion-nadia-el-fani-recompensee-par-le-comite-laicite-republique-un-geste-moins-artistique-que-politique\\\/117022\\\/#breadcrumb\",\"itemListElement\":[{\"@type\":\"ListItem\",\"position\":1,\"name\":\"Accueil\",\"item\":\"https:\\\/\\\/www.webdo.tn\\\/fr\\\/\"},{\"@type\":\"ListItem\",\"position\":2,\"name\":\"Opinion &#8211; Nadia El Fani r\u00e9compens\u00e9e par le Comit\u00e9 La\u00efcit\u00e9 R\u00e9publique : un geste moins artistique que politique\"}]},{\"@type\":\"WebSite\",\"@id\":\"https:\\\/\\\/www.webdo.tn\\\/fr\\\/#website\",\"url\":\"https:\\\/\\\/www.webdo.tn\\\/fr\\\/\",\"name\":\"webdo\",\"description\":\"Tunisie - News en Tunisie et \u00e0 l&#039;international sur Webdo.tn\",\"publisher\":{\"@id\":\"https:\\\/\\\/www.webdo.tn\\\/fr\\\/#organization\"},\"potentialAction\":[{\"@type\":\"SearchAction\",\"target\":{\"@type\":\"EntryPoint\",\"urlTemplate\":\"https:\\\/\\\/www.webdo.tn\\\/fr\\\/?s={search_term_string}\"},\"query-input\":{\"@type\":\"PropertyValueSpecification\",\"valueRequired\":true,\"valueName\":\"search_term_string\"}}],\"inLanguage\":\"fr-FR\"},{\"@type\":\"Organization\",\"@id\":\"https:\\\/\\\/www.webdo.tn\\\/fr\\\/#organization\",\"name\":\"Webdo\",\"alternateName\":\"Webdo.tn\",\"url\":\"https:\\\/\\\/www.webdo.tn\\\/fr\\\/\",\"logo\":{\"@type\":\"ImageObject\",\"inLanguage\":\"fr-FR\",\"@id\":\"https:\\\/\\\/www.webdo.tn\\\/fr\\\/#\\\/schema\\\/logo\\\/image\\\/\",\"url\":\"https:\\\/\\\/www.webdo.tn\\\/fr\\\/wp-content\\\/uploads\\\/2025\\\/06\\\/Webdo-Tunisie_168377.jpg\",\"contentUrl\":\"https:\\\/\\\/www.webdo.tn\\\/fr\\\/wp-content\\\/uploads\\\/2025\\\/06\\\/Webdo-Tunisie_168377.jpg\",\"width\":301,\"height\":301,\"caption\":\"Webdo\"},\"image\":{\"@id\":\"https:\\\/\\\/www.webdo.tn\\\/fr\\\/#\\\/schema\\\/logo\\\/image\\\/\"},\"sameAs\":[\"https:\\\/\\\/www.facebook.com\\\/webdotn\",\"https:\\\/\\\/x.com\\\/webdo_tn\"],\"description\":\"Webdo est un m\u00e9dia num\u00e9rique tunisien fond\u00e9 en 2010, sp\u00e9cialis\u00e9 dans l\u2019actualit\u00e9 nationale et internationale, l\u2019\u00e9conomie, la soci\u00e9t\u00e9 et les analyses politiques. Le site s\u2019adresse \u00e0 un large public francophone et couvre l\u2019information tunisienne en temps r\u00e9el.\",\"email\":\"redac@webdo.tn\",\"legalName\":\"YNJ SARL\",\"foundingDate\":\"2010-09-06\",\"numberOfEmployees\":{\"@type\":\"QuantitativeValue\",\"minValue\":\"11\",\"maxValue\":\"50\"}},{\"@type\":\"Person\",\"@id\":\"https:\\\/\\\/www.webdo.tn\\\/fr\\\/#\\\/schema\\\/person\\\/9a9c6118d687c117df8ef3cc36a4d175\",\"name\":\"webdo.tn\",\"image\":{\"@type\":\"ImageObject\",\"inLanguage\":\"fr-FR\",\"@id\":\"https:\\\/\\\/secure.gravatar.com\\\/avatar\\\/7ce1f28c0c3bbac99ff550b85ef8e44a6950c6ee24514fb6a5489e51d06f0298?s=96&d=mm&r=g\",\"url\":\"https:\\\/\\\/secure.gravatar.com\\\/avatar\\\/7ce1f28c0c3bbac99ff550b85ef8e44a6950c6ee24514fb6a5489e51d06f0298?s=96&d=mm&r=g\",\"contentUrl\":\"https:\\\/\\\/secure.gravatar.com\\\/avatar\\\/7ce1f28c0c3bbac99ff550b85ef8e44a6950c6ee24514fb6a5489e51d06f0298?s=96&d=mm&r=g\",\"caption\":\"webdo.tn\"},\"url\":\"https:\\\/\\\/www.webdo.tn\\\/fr\\\/actualite\\\/author\\\/webdotn\\\/\"}]}<\/script>\n<!-- \/ Yoast SEO Premium plugin. -->","yoast_head_json":{"title":"Opinion - Nadia El Fani r\u00e9compens\u00e9e par le Comit\u00e9 La\u00efcit\u00e9 R\u00e9publique : un geste moins artistique que politique","description":"Opinion - Nadia El Fani r\u00e9compens\u00e9e par le Comit\u00e9 La\u00efcit\u00e9 R\u00e9publique : un geste moins artistique que politique","canonical":"https:\/\/www.webdo.tn\/fr\/actualite\/culture\/opinion-nadia-el-fani-recompensee-par-le-comite-laicite-republique-un-geste-moins-artistique-que-politique\/117022\/","og_locale":"fr_FR","og_type":"article","og_title":"Opinion - Nadia El Fani r\u00e9compens\u00e9e par le Comit\u00e9 La\u00efcit\u00e9 R\u00e9publique : un geste moins artistique que politique","og_description":"Opinion - Nadia El Fani r\u00e9compens\u00e9e par le Comit\u00e9 La\u00efcit\u00e9 R\u00e9publique : un geste moins artistique que politique","og_url":"https:\/\/www.webdo.tn\/fr\/actualite\/culture\/opinion-nadia-el-fani-recompensee-par-le-comite-laicite-republique-un-geste-moins-artistique-que-politique\/117022\/","og_site_name":"webdo","article_publisher":"https:\/\/www.facebook.com\/webdotn","article_published_time":"2011-10-02T16:58:00+00:00","author":"webdo.tn","twitter_card":"summary_large_image","twitter_creator":"@webdo_tn","twitter_site":"@webdo_tn","twitter_misc":{"\u00c9crit par":"webdo.tn","Dur\u00e9e de lecture estim\u00e9e":"3 minutes"},"schema":{"@context":"https:\/\/schema.org","@graph":[{"@type":"NewsArticle","@id":"https:\/\/www.webdo.tn\/fr\/actualite\/culture\/opinion-nadia-el-fani-recompensee-par-le-comite-laicite-republique-un-geste-moins-artistique-que-politique\/117022\/#article","isPartOf":{"@id":"https:\/\/www.webdo.tn\/fr\/actualite\/culture\/opinion-nadia-el-fani-recompensee-par-le-comite-laicite-republique-un-geste-moins-artistique-que-politique\/117022\/"},"author":{"name":"webdo.tn","@id":"https:\/\/www.webdo.tn\/fr\/#\/schema\/person\/9a9c6118d687c117df8ef3cc36a4d175"},"headline":"Opinion &#8211; Nadia El Fani r\u00e9compens\u00e9e par le Comit\u00e9 La\u00efcit\u00e9 R\u00e9publique : un geste moins artistique que politique","datePublished":"2011-10-02T16:58:00+00:00","mainEntityOfPage":{"@id":"https:\/\/www.webdo.tn\/fr\/actualite\/culture\/opinion-nadia-el-fani-recompensee-par-le-comite-laicite-republique-un-geste-moins-artistique-que-politique\/117022\/"},"wordCount":644,"commentCount":0,"publisher":{"@id":"https:\/\/www.webdo.tn\/fr\/#organization"},"image":{"@id":"https:\/\/www.webdo.tn\/fr\/actualite\/culture\/opinion-nadia-el-fani-recompensee-par-le-comite-laicite-republique-un-geste-moins-artistique-que-politique\/117022\/#primaryimage"},"thumbnailUrl":"https:\/\/www.webdo.tn\/fr\/wp-content\/uploads\/2025\/06\/FireShot-Capture-1063-webdo_default-53-750x375.jpg-750\u00d7375-www.webdo_.tn_.png","articleSection":["Culture"],"inLanguage":"fr-FR"},{"@type":"WebPage","@id":"https:\/\/www.webdo.tn\/fr\/actualite\/culture\/opinion-nadia-el-fani-recompensee-par-le-comite-laicite-republique-un-geste-moins-artistique-que-politique\/117022\/","url":"https:\/\/www.webdo.tn\/fr\/actualite\/culture\/opinion-nadia-el-fani-recompensee-par-le-comite-laicite-republique-un-geste-moins-artistique-que-politique\/117022\/","name":"Opinion - Nadia El Fani r\u00e9compens\u00e9e par le Comit\u00e9 La\u00efcit\u00e9 R\u00e9publique : un geste moins artistique que politique","isPartOf":{"@id":"https:\/\/www.webdo.tn\/fr\/#website"},"primaryImageOfPage":{"@id":"https:\/\/www.webdo.tn\/fr\/actualite\/culture\/opinion-nadia-el-fani-recompensee-par-le-comite-laicite-republique-un-geste-moins-artistique-que-politique\/117022\/#primaryimage"},"image":{"@id":"https:\/\/www.webdo.tn\/fr\/actualite\/culture\/opinion-nadia-el-fani-recompensee-par-le-comite-laicite-republique-un-geste-moins-artistique-que-politique\/117022\/#primaryimage"},"thumbnailUrl":"https:\/\/www.webdo.tn\/fr\/wp-content\/uploads\/2025\/06\/FireShot-Capture-1063-webdo_default-53-750x375.jpg-750\u00d7375-www.webdo_.tn_.png","datePublished":"2011-10-02T16:58:00+00:00","description":"Opinion - Nadia El Fani r\u00e9compens\u00e9e par le Comit\u00e9 La\u00efcit\u00e9 R\u00e9publique : un geste moins artistique que politique","breadcrumb":{"@id":"https:\/\/www.webdo.tn\/fr\/actualite\/culture\/opinion-nadia-el-fani-recompensee-par-le-comite-laicite-republique-un-geste-moins-artistique-que-politique\/117022\/#breadcrumb"},"inLanguage":"fr-FR","potentialAction":[{"@type":"ReadAction","target":["https:\/\/www.webdo.tn\/fr\/actualite\/culture\/opinion-nadia-el-fani-recompensee-par-le-comite-laicite-republique-un-geste-moins-artistique-que-politique\/117022\/"]}]},{"@type":"ImageObject","inLanguage":"fr-FR","@id":"https:\/\/www.webdo.tn\/fr\/actualite\/culture\/opinion-nadia-el-fani-recompensee-par-le-comite-laicite-republique-un-geste-moins-artistique-que-politique\/117022\/#primaryimage","url":"https:\/\/www.webdo.tn\/fr\/wp-content\/uploads\/2025\/06\/FireShot-Capture-1063-webdo_default-53-750x375.jpg-750\u00d7375-www.webdo_.tn_.png","contentUrl":"https:\/\/www.webdo.tn\/fr\/wp-content\/uploads\/2025\/06\/FireShot-Capture-1063-webdo_default-53-750x375.jpg-750\u00d7375-www.webdo_.tn_.png","width":746,"height":371},{"@type":"BreadcrumbList","@id":"https:\/\/www.webdo.tn\/fr\/actualite\/culture\/opinion-nadia-el-fani-recompensee-par-le-comite-laicite-republique-un-geste-moins-artistique-que-politique\/117022\/#breadcrumb","itemListElement":[{"@type":"ListItem","position":1,"name":"Accueil","item":"https:\/\/www.webdo.tn\/fr\/"},{"@type":"ListItem","position":2,"name":"Opinion &#8211; Nadia El Fani r\u00e9compens\u00e9e par le Comit\u00e9 La\u00efcit\u00e9 R\u00e9publique : un geste moins artistique que politique"}]},{"@type":"WebSite","@id":"https:\/\/www.webdo.tn\/fr\/#website","url":"https:\/\/www.webdo.tn\/fr\/","name":"webdo","description":"Tunisie - News en Tunisie et \u00e0 l&#039;international sur Webdo.tn","publisher":{"@id":"https:\/\/www.webdo.tn\/fr\/#organization"},"potentialAction":[{"@type":"SearchAction","target":{"@type":"EntryPoint","urlTemplate":"https:\/\/www.webdo.tn\/fr\/?s={search_term_string}"},"query-input":{"@type":"PropertyValueSpecification","valueRequired":true,"valueName":"search_term_string"}}],"inLanguage":"fr-FR"},{"@type":"Organization","@id":"https:\/\/www.webdo.tn\/fr\/#organization","name":"Webdo","alternateName":"Webdo.tn","url":"https:\/\/www.webdo.tn\/fr\/","logo":{"@type":"ImageObject","inLanguage":"fr-FR","@id":"https:\/\/www.webdo.tn\/fr\/#\/schema\/logo\/image\/","url":"https:\/\/www.webdo.tn\/fr\/wp-content\/uploads\/2025\/06\/Webdo-Tunisie_168377.jpg","contentUrl":"https:\/\/www.webdo.tn\/fr\/wp-content\/uploads\/2025\/06\/Webdo-Tunisie_168377.jpg","width":301,"height":301,"caption":"Webdo"},"image":{"@id":"https:\/\/www.webdo.tn\/fr\/#\/schema\/logo\/image\/"},"sameAs":["https:\/\/www.facebook.com\/webdotn","https:\/\/x.com\/webdo_tn"],"description":"Webdo est un m\u00e9dia num\u00e9rique tunisien fond\u00e9 en 2010, sp\u00e9cialis\u00e9 dans l\u2019actualit\u00e9 nationale et internationale, l\u2019\u00e9conomie, la soci\u00e9t\u00e9 et les analyses politiques. Le site s\u2019adresse \u00e0 un large public francophone et couvre l\u2019information tunisienne en temps r\u00e9el.","email":"redac@webdo.tn","legalName":"YNJ SARL","foundingDate":"2010-09-06","numberOfEmployees":{"@type":"QuantitativeValue","minValue":"11","maxValue":"50"}},{"@type":"Person","@id":"https:\/\/www.webdo.tn\/fr\/#\/schema\/person\/9a9c6118d687c117df8ef3cc36a4d175","name":"webdo.tn","image":{"@type":"ImageObject","inLanguage":"fr-FR","@id":"https:\/\/secure.gravatar.com\/avatar\/7ce1f28c0c3bbac99ff550b85ef8e44a6950c6ee24514fb6a5489e51d06f0298?s=96&d=mm&r=g","url":"https:\/\/secure.gravatar.com\/avatar\/7ce1f28c0c3bbac99ff550b85ef8e44a6950c6ee24514fb6a5489e51d06f0298?s=96&d=mm&r=g","contentUrl":"https:\/\/secure.gravatar.com\/avatar\/7ce1f28c0c3bbac99ff550b85ef8e44a6950c6ee24514fb6a5489e51d06f0298?s=96&d=mm&r=g","caption":"webdo.tn"},"url":"https:\/\/www.webdo.tn\/fr\/actualite\/author\/webdotn\/"}]}},"_links":{"self":[{"href":"https:\/\/www.webdo.tn\/fr\/wp-json\/wp\/v2\/posts\/117022","targetHints":{"allow":["GET"]}}],"collection":[{"href":"https:\/\/www.webdo.tn\/fr\/wp-json\/wp\/v2\/posts"}],"about":[{"href":"https:\/\/www.webdo.tn\/fr\/wp-json\/wp\/v2\/types\/post"}],"author":[{"embeddable":true,"href":"https:\/\/www.webdo.tn\/fr\/wp-json\/wp\/v2\/users\/3222"}],"replies":[{"embeddable":true,"href":"https:\/\/www.webdo.tn\/fr\/wp-json\/wp\/v2\/comments?post=117022"}],"version-history":[{"count":0,"href":"https:\/\/www.webdo.tn\/fr\/wp-json\/wp\/v2\/posts\/117022\/revisions"}],"wp:featuredmedia":[{"embeddable":true,"href":"https:\/\/www.webdo.tn\/fr\/wp-json\/wp\/v2\/media\/376290"}],"wp:attachment":[{"href":"https:\/\/www.webdo.tn\/fr\/wp-json\/wp\/v2\/media?parent=117022"}],"wp:term":[{"taxonomy":"category","embeddable":true,"href":"https:\/\/www.webdo.tn\/fr\/wp-json\/wp\/v2\/categories?post=117022"},{"taxonomy":"post_tag","embeddable":true,"href":"https:\/\/www.webdo.tn\/fr\/wp-json\/wp\/v2\/tags?post=117022"}],"curies":[{"name":"wp","href":"https:\/\/api.w.org\/{rel}","templated":true}]}}