{"id":117016,"date":"2011-11-15T13:06:00","date_gmt":"2011-11-15T12:06:00","guid":{"rendered":"https:\/\/www.webdo.tn\/fr\/actualite\/culture\/journees-du-cinema-europeen-huit-villes-participent-a-cette-edition\/117016"},"modified":"2011-11-15T13:06:00","modified_gmt":"2011-11-15T12:06:00","slug":"journees-du-cinema-europeen-huit-villes-participent-a-cette-edition","status":"publish","type":"post","link":"https:\/\/www.webdo.tn\/fr\/actualite\/culture\/journees-du-cinema-europeen-huit-villes-participent-a-cette-edition\/117016\/","title":{"rendered":"Journ\u00e9es du cin\u00e9ma europ\u00e9en : huit villes participent \u00e0 cette \u00e9dition"},"content":{"rendered":"<p>Les journ\u00e9es du cin\u00e9ma europ\u00e9en (JCE) d\u00e9marrent le 19 novembre a Tunis avec la projection du film \u00ab\u00a0Danton\u00a0\u00bb de A. Wajda. Ce film franco-polonais sera projet\u00e9 au Colisee de Tunis et ouvrira un cycle qui se poursuivra jusqu&rsquo;au 7 d\u00e9cembre.<\/p>\n<p>Le cin\u00e9aste polonais A. Wajda fera d&rsquo;ailleurs l&rsquo;objet d&rsquo;un hommage particulier puisque plusieurs de ses films seront pr\u00e9sent\u00e9s. Citons par exemple les 2 classiques que sont \u00ab\u00a0L&rsquo;homme de fer\u00a0\u00bb et \u00ab\u00a0L&rsquo;homme de marbre\u00a0\u00bb. Plusieurs pays europ\u00e9ens participent \u00e0 ces journ\u00e9es dont le programme comprend \u00e9galement plusieurs films tunisiens.<\/p>\n<p>Cette \u00e9dition des JCE sera en outre accueillie par plusieurs villes tunisiennes. Au nombre de huit,ces villes sont Gabes,Gafsa,Sbeitla,Kairouan,Sousse,Monastir,Sfax et Tunis. De plus,les JCE seront l&rsquo;occasion d&rsquo;une s\u00e9rie de rencontres entre des professionnels tunisiens et europ\u00e9ens dans le domaine du cin\u00e9ma. Quatre colloques seront ainsi organis\u00e9s \u00e0 cet effet.<\/p>\n<p>Soulignons en conclusion que les JCE sont une initiative de la Delegation de l&rsquo;Union europ\u00e9enne en Tunisie associ\u00e9e pour l&rsquo;occasion \u00e0 plusieurs partenaires.<\/p>\n<p>Vous pouvez consulter le programme des films\u00a0fran\u00e7ais\u00a0des JCE 2011 sur le site institutfrancais-tunisie.com<\/p>\n","protected":false},"excerpt":{"rendered":"<p>Les journ\u00e9es du cin\u00e9ma europ\u00e9en (JCE) d\u00e9marrent le 19 novembre a Tunis avec la projection du film \u00ab\u00a0Danton\u00a0\u00bb de A. Wajda. Ce film franco-polonais sera pr<\/p>\n","protected":false},"author":3222,"featured_media":374621,"comment_status":"open","ping_status":"open","sticky":false,"template":"","format":"standard","meta":{"footnotes":""},"categories":[2594],"tags":[],"class_list":["post-117016","post","type-post","status-publish","format-standard","has-post-thumbnail","hentry","category-culture"],"yoast_head":"<!-- This site is optimized with the Yoast SEO Premium plugin v27.5 (Yoast SEO v27.5) - https:\/\/yoast.com\/product\/yoast-seo-premium-wordpress\/ -->\n<title>Journ\u00e9es du cin\u00e9ma europ\u00e9en : huit villes participent \u00e0 cette \u00e9dition<\/title>\n<meta name=\"description\" content=\"Journ\u00e9es du cin\u00e9ma europ\u00e9en : huit villes participent \u00e0 cette \u00e9dition\" \/>\n<link rel=\"canonical\" href=\"https:\/\/www.webdo.tn\/fr\/actualite\/culture\/journees-du-cinema-europeen-huit-villes-participent-a-cette-edition\/117016\/\" \/>\n<meta property=\"og:locale\" content=\"fr_FR\" \/>\n<meta property=\"og:type\" content=\"article\" \/>\n<meta property=\"og:title\" content=\"Journ\u00e9es du cin\u00e9ma europ\u00e9en : huit villes participent \u00e0 cette \u00e9dition\" \/>\n<meta property=\"og:description\" content=\"Journ\u00e9es du cin\u00e9ma europ\u00e9en : huit villes participent \u00e0 cette \u00e9dition\" \/>\n<meta property=\"og:url\" content=\"https:\/\/www.webdo.tn\/fr\/actualite\/culture\/journees-du-cinema-europeen-huit-villes-participent-a-cette-edition\/117016\/\" \/>\n<meta property=\"og:site_name\" content=\"webdo\" \/>\n<meta property=\"article:publisher\" content=\"https:\/\/www.facebook.com\/webdotn\" \/>\n<meta property=\"article:published_time\" content=\"2011-11-15T12:06:00+00:00\" \/>\n<meta name=\"author\" content=\"webdo.tn\" \/>\n<meta name=\"twitter:card\" content=\"summary_large_image\" \/>\n<meta name=\"twitter:creator\" content=\"@webdo_tn\" \/>\n<meta name=\"twitter:site\" content=\"@webdo_tn\" \/>\n<meta name=\"twitter:label1\" content=\"\u00c9crit par\" \/>\n\t<meta name=\"twitter:data1\" content=\"webdo.tn\" \/>\n\t<meta name=\"twitter:label2\" content=\"Dur\u00e9e de lecture estim\u00e9e\" \/>\n\t<meta name=\"twitter:data2\" content=\"1 minute\" \/>\n<script type=\"application\/ld+json\" class=\"yoast-schema-graph\">{\"@context\":\"https:\\\/\\\/schema.org\",\"@graph\":[{\"@type\":\"NewsArticle\",\"@id\":\"https:\\\/\\\/www.webdo.tn\\\/fr\\\/actualite\\\/culture\\\/journees-du-cinema-europeen-huit-villes-participent-a-cette-edition\\\/117016\\\/#article\",\"isPartOf\":{\"@id\":\"https:\\\/\\\/www.webdo.tn\\\/fr\\\/actualite\\\/culture\\\/journees-du-cinema-europeen-huit-villes-participent-a-cette-edition\\\/117016\\\/\"},\"author\":{\"name\":\"webdo.tn\",\"@id\":\"https:\\\/\\\/www.webdo.tn\\\/fr\\\/#\\\/schema\\\/person\\\/9a9c6118d687c117df8ef3cc36a4d175\"},\"headline\":\"Journ\u00e9es du cin\u00e9ma europ\u00e9en : huit villes participent \u00e0 cette \u00e9dition\",\"datePublished\":\"2011-11-15T12:06:00+00:00\",\"mainEntityOfPage\":{\"@id\":\"https:\\\/\\\/www.webdo.tn\\\/fr\\\/actualite\\\/culture\\\/journees-du-cinema-europeen-huit-villes-participent-a-cette-edition\\\/117016\\\/\"},\"wordCount\":216,\"commentCount\":0,\"publisher\":{\"@id\":\"https:\\\/\\\/www.webdo.tn\\\/fr\\\/#organization\"},\"image\":{\"@id\":\"https:\\\/\\\/www.webdo.tn\\\/fr\\\/actualite\\\/culture\\\/journees-du-cinema-europeen-huit-villes-participent-a-cette-edition\\\/117016\\\/#primaryimage\"},\"thumbnailUrl\":\"https:\\\/\\\/www.webdo.tn\\\/fr\\\/wp-content\\\/uploads\\\/2025\\\/06\\\/JCE-2011_117016.jpg\",\"articleSection\":[\"Culture\"],\"inLanguage\":\"fr-FR\"},{\"@type\":\"WebPage\",\"@id\":\"https:\\\/\\\/www.webdo.tn\\\/fr\\\/actualite\\\/culture\\\/journees-du-cinema-europeen-huit-villes-participent-a-cette-edition\\\/117016\\\/\",\"url\":\"https:\\\/\\\/www.webdo.tn\\\/fr\\\/actualite\\\/culture\\\/journees-du-cinema-europeen-huit-villes-participent-a-cette-edition\\\/117016\\\/\",\"name\":\"Journ\u00e9es du cin\u00e9ma europ\u00e9en : huit villes participent \u00e0 cette \u00e9dition\",\"isPartOf\":{\"@id\":\"https:\\\/\\\/www.webdo.tn\\\/fr\\\/#website\"},\"primaryImageOfPage\":{\"@id\":\"https:\\\/\\\/www.webdo.tn\\\/fr\\\/actualite\\\/culture\\\/journees-du-cinema-europeen-huit-villes-participent-a-cette-edition\\\/117016\\\/#primaryimage\"},\"image\":{\"@id\":\"https:\\\/\\\/www.webdo.tn\\\/fr\\\/actualite\\\/culture\\\/journees-du-cinema-europeen-huit-villes-participent-a-cette-edition\\\/117016\\\/#primaryimage\"},\"thumbnailUrl\":\"https:\\\/\\\/www.webdo.tn\\\/fr\\\/wp-content\\\/uploads\\\/2025\\\/06\\\/JCE-2011_117016.jpg\",\"datePublished\":\"2011-11-15T12:06:00+00:00\",\"description\":\"Journ\u00e9es du cin\u00e9ma europ\u00e9en : huit villes participent \u00e0 cette \u00e9dition\",\"breadcrumb\":{\"@id\":\"https:\\\/\\\/www.webdo.tn\\\/fr\\\/actualite\\\/culture\\\/journees-du-cinema-europeen-huit-villes-participent-a-cette-edition\\\/117016\\\/#breadcrumb\"},\"inLanguage\":\"fr-FR\",\"potentialAction\":[{\"@type\":\"ReadAction\",\"target\":[\"https:\\\/\\\/www.webdo.tn\\\/fr\\\/actualite\\\/culture\\\/journees-du-cinema-europeen-huit-villes-participent-a-cette-edition\\\/117016\\\/\"]}]},{\"@type\":\"ImageObject\",\"inLanguage\":\"fr-FR\",\"@id\":\"https:\\\/\\\/www.webdo.tn\\\/fr\\\/actualite\\\/culture\\\/journees-du-cinema-europeen-huit-villes-participent-a-cette-edition\\\/117016\\\/#primaryimage\",\"url\":\"https:\\\/\\\/www.webdo.tn\\\/fr\\\/wp-content\\\/uploads\\\/2025\\\/06\\\/JCE-2011_117016.jpg\",\"contentUrl\":\"https:\\\/\\\/www.webdo.tn\\\/fr\\\/wp-content\\\/uploads\\\/2025\\\/06\\\/JCE-2011_117016.jpg\",\"width\":180,\"height\":251,\"caption\":\"Journ\u00e9es du cin\u00e9ma europ\u00e9en : huit villes participent \u00e0 cette \u00e9dition\"},{\"@type\":\"BreadcrumbList\",\"@id\":\"https:\\\/\\\/www.webdo.tn\\\/fr\\\/actualite\\\/culture\\\/journees-du-cinema-europeen-huit-villes-participent-a-cette-edition\\\/117016\\\/#breadcrumb\",\"itemListElement\":[{\"@type\":\"ListItem\",\"position\":1,\"name\":\"Accueil\",\"item\":\"https:\\\/\\\/www.webdo.tn\\\/fr\\\/\"},{\"@type\":\"ListItem\",\"position\":2,\"name\":\"Journ\u00e9es du cin\u00e9ma europ\u00e9en : huit villes participent \u00e0 cette \u00e9dition\"}]},{\"@type\":\"WebSite\",\"@id\":\"https:\\\/\\\/www.webdo.tn\\\/fr\\\/#website\",\"url\":\"https:\\\/\\\/www.webdo.tn\\\/fr\\\/\",\"name\":\"webdo\",\"description\":\"Tunisie - News en Tunisie et \u00e0 l&#039;international sur Webdo.tn\",\"publisher\":{\"@id\":\"https:\\\/\\\/www.webdo.tn\\\/fr\\\/#organization\"},\"potentialAction\":[{\"@type\":\"SearchAction\",\"target\":{\"@type\":\"EntryPoint\",\"urlTemplate\":\"https:\\\/\\\/www.webdo.tn\\\/fr\\\/?s={search_term_string}\"},\"query-input\":{\"@type\":\"PropertyValueSpecification\",\"valueRequired\":true,\"valueName\":\"search_term_string\"}}],\"inLanguage\":\"fr-FR\"},{\"@type\":\"Organization\",\"@id\":\"https:\\\/\\\/www.webdo.tn\\\/fr\\\/#organization\",\"name\":\"Webdo\",\"alternateName\":\"Webdo.tn\",\"url\":\"https:\\\/\\\/www.webdo.tn\\\/fr\\\/\",\"logo\":{\"@type\":\"ImageObject\",\"inLanguage\":\"fr-FR\",\"@id\":\"https:\\\/\\\/www.webdo.tn\\\/fr\\\/#\\\/schema\\\/logo\\\/image\\\/\",\"url\":\"https:\\\/\\\/www.webdo.tn\\\/fr\\\/wp-content\\\/uploads\\\/2025\\\/06\\\/Webdo-Tunisie_168377.jpg\",\"contentUrl\":\"https:\\\/\\\/www.webdo.tn\\\/fr\\\/wp-content\\\/uploads\\\/2025\\\/06\\\/Webdo-Tunisie_168377.jpg\",\"width\":301,\"height\":301,\"caption\":\"Webdo\"},\"image\":{\"@id\":\"https:\\\/\\\/www.webdo.tn\\\/fr\\\/#\\\/schema\\\/logo\\\/image\\\/\"},\"sameAs\":[\"https:\\\/\\\/www.facebook.com\\\/webdotn\",\"https:\\\/\\\/x.com\\\/webdo_tn\"],\"description\":\"Webdo est un m\u00e9dia num\u00e9rique tunisien fond\u00e9 en 2010, sp\u00e9cialis\u00e9 dans l\u2019actualit\u00e9 nationale et internationale, l\u2019\u00e9conomie, la soci\u00e9t\u00e9 et les analyses politiques. Le site s\u2019adresse \u00e0 un large public francophone et couvre l\u2019information tunisienne en temps r\u00e9el.\",\"email\":\"redac@webdo.tn\",\"legalName\":\"YNJ SARL\",\"foundingDate\":\"2010-09-06\",\"numberOfEmployees\":{\"@type\":\"QuantitativeValue\",\"minValue\":\"11\",\"maxValue\":\"50\"}},{\"@type\":\"Person\",\"@id\":\"https:\\\/\\\/www.webdo.tn\\\/fr\\\/#\\\/schema\\\/person\\\/9a9c6118d687c117df8ef3cc36a4d175\",\"name\":\"webdo.tn\",\"image\":{\"@type\":\"ImageObject\",\"inLanguage\":\"fr-FR\",\"@id\":\"https:\\\/\\\/secure.gravatar.com\\\/avatar\\\/7ce1f28c0c3bbac99ff550b85ef8e44a6950c6ee24514fb6a5489e51d06f0298?s=96&d=mm&r=g\",\"url\":\"https:\\\/\\\/secure.gravatar.com\\\/avatar\\\/7ce1f28c0c3bbac99ff550b85ef8e44a6950c6ee24514fb6a5489e51d06f0298?s=96&d=mm&r=g\",\"contentUrl\":\"https:\\\/\\\/secure.gravatar.com\\\/avatar\\\/7ce1f28c0c3bbac99ff550b85ef8e44a6950c6ee24514fb6a5489e51d06f0298?s=96&d=mm&r=g\",\"caption\":\"webdo.tn\"},\"url\":\"https:\\\/\\\/www.webdo.tn\\\/fr\\\/actualite\\\/author\\\/webdotn\\\/\"}]}<\/script>\n<!-- \/ Yoast SEO Premium plugin. -->","yoast_head_json":{"title":"Journ\u00e9es du cin\u00e9ma europ\u00e9en : huit villes participent \u00e0 cette \u00e9dition","description":"Journ\u00e9es du cin\u00e9ma europ\u00e9en : huit villes participent \u00e0 cette \u00e9dition","canonical":"https:\/\/www.webdo.tn\/fr\/actualite\/culture\/journees-du-cinema-europeen-huit-villes-participent-a-cette-edition\/117016\/","og_locale":"fr_FR","og_type":"article","og_title":"Journ\u00e9es du cin\u00e9ma europ\u00e9en : huit villes participent \u00e0 cette \u00e9dition","og_description":"Journ\u00e9es du cin\u00e9ma europ\u00e9en : huit villes participent \u00e0 cette \u00e9dition","og_url":"https:\/\/www.webdo.tn\/fr\/actualite\/culture\/journees-du-cinema-europeen-huit-villes-participent-a-cette-edition\/117016\/","og_site_name":"webdo","article_publisher":"https:\/\/www.facebook.com\/webdotn","article_published_time":"2011-11-15T12:06:00+00:00","author":"webdo.tn","twitter_card":"summary_large_image","twitter_creator":"@webdo_tn","twitter_site":"@webdo_tn","twitter_misc":{"\u00c9crit par":"webdo.tn","Dur\u00e9e de lecture estim\u00e9e":"1 minute"},"schema":{"@context":"https:\/\/schema.org","@graph":[{"@type":"NewsArticle","@id":"https:\/\/www.webdo.tn\/fr\/actualite\/culture\/journees-du-cinema-europeen-huit-villes-participent-a-cette-edition\/117016\/#article","isPartOf":{"@id":"https:\/\/www.webdo.tn\/fr\/actualite\/culture\/journees-du-cinema-europeen-huit-villes-participent-a-cette-edition\/117016\/"},"author":{"name":"webdo.tn","@id":"https:\/\/www.webdo.tn\/fr\/#\/schema\/person\/9a9c6118d687c117df8ef3cc36a4d175"},"headline":"Journ\u00e9es du cin\u00e9ma europ\u00e9en : huit villes participent \u00e0 cette \u00e9dition","datePublished":"2011-11-15T12:06:00+00:00","mainEntityOfPage":{"@id":"https:\/\/www.webdo.tn\/fr\/actualite\/culture\/journees-du-cinema-europeen-huit-villes-participent-a-cette-edition\/117016\/"},"wordCount":216,"commentCount":0,"publisher":{"@id":"https:\/\/www.webdo.tn\/fr\/#organization"},"image":{"@id":"https:\/\/www.webdo.tn\/fr\/actualite\/culture\/journees-du-cinema-europeen-huit-villes-participent-a-cette-edition\/117016\/#primaryimage"},"thumbnailUrl":"https:\/\/www.webdo.tn\/fr\/wp-content\/uploads\/2025\/06\/JCE-2011_117016.jpg","articleSection":["Culture"],"inLanguage":"fr-FR"},{"@type":"WebPage","@id":"https:\/\/www.webdo.tn\/fr\/actualite\/culture\/journees-du-cinema-europeen-huit-villes-participent-a-cette-edition\/117016\/","url":"https:\/\/www.webdo.tn\/fr\/actualite\/culture\/journees-du-cinema-europeen-huit-villes-participent-a-cette-edition\/117016\/","name":"Journ\u00e9es du cin\u00e9ma europ\u00e9en : huit villes participent \u00e0 cette \u00e9dition","isPartOf":{"@id":"https:\/\/www.webdo.tn\/fr\/#website"},"primaryImageOfPage":{"@id":"https:\/\/www.webdo.tn\/fr\/actualite\/culture\/journees-du-cinema-europeen-huit-villes-participent-a-cette-edition\/117016\/#primaryimage"},"image":{"@id":"https:\/\/www.webdo.tn\/fr\/actualite\/culture\/journees-du-cinema-europeen-huit-villes-participent-a-cette-edition\/117016\/#primaryimage"},"thumbnailUrl":"https:\/\/www.webdo.tn\/fr\/wp-content\/uploads\/2025\/06\/JCE-2011_117016.jpg","datePublished":"2011-11-15T12:06:00+00:00","description":"Journ\u00e9es du cin\u00e9ma europ\u00e9en : huit villes participent \u00e0 cette \u00e9dition","breadcrumb":{"@id":"https:\/\/www.webdo.tn\/fr\/actualite\/culture\/journees-du-cinema-europeen-huit-villes-participent-a-cette-edition\/117016\/#breadcrumb"},"inLanguage":"fr-FR","potentialAction":[{"@type":"ReadAction","target":["https:\/\/www.webdo.tn\/fr\/actualite\/culture\/journees-du-cinema-europeen-huit-villes-participent-a-cette-edition\/117016\/"]}]},{"@type":"ImageObject","inLanguage":"fr-FR","@id":"https:\/\/www.webdo.tn\/fr\/actualite\/culture\/journees-du-cinema-europeen-huit-villes-participent-a-cette-edition\/117016\/#primaryimage","url":"https:\/\/www.webdo.tn\/fr\/wp-content\/uploads\/2025\/06\/JCE-2011_117016.jpg","contentUrl":"https:\/\/www.webdo.tn\/fr\/wp-content\/uploads\/2025\/06\/JCE-2011_117016.jpg","width":180,"height":251,"caption":"Journ\u00e9es du cin\u00e9ma europ\u00e9en : huit villes participent \u00e0 cette \u00e9dition"},{"@type":"BreadcrumbList","@id":"https:\/\/www.webdo.tn\/fr\/actualite\/culture\/journees-du-cinema-europeen-huit-villes-participent-a-cette-edition\/117016\/#breadcrumb","itemListElement":[{"@type":"ListItem","position":1,"name":"Accueil","item":"https:\/\/www.webdo.tn\/fr\/"},{"@type":"ListItem","position":2,"name":"Journ\u00e9es du cin\u00e9ma europ\u00e9en : huit villes participent \u00e0 cette \u00e9dition"}]},{"@type":"WebSite","@id":"https:\/\/www.webdo.tn\/fr\/#website","url":"https:\/\/www.webdo.tn\/fr\/","name":"webdo","description":"Tunisie - News en Tunisie et \u00e0 l&#039;international sur Webdo.tn","publisher":{"@id":"https:\/\/www.webdo.tn\/fr\/#organization"},"potentialAction":[{"@type":"SearchAction","target":{"@type":"EntryPoint","urlTemplate":"https:\/\/www.webdo.tn\/fr\/?s={search_term_string}"},"query-input":{"@type":"PropertyValueSpecification","valueRequired":true,"valueName":"search_term_string"}}],"inLanguage":"fr-FR"},{"@type":"Organization","@id":"https:\/\/www.webdo.tn\/fr\/#organization","name":"Webdo","alternateName":"Webdo.tn","url":"https:\/\/www.webdo.tn\/fr\/","logo":{"@type":"ImageObject","inLanguage":"fr-FR","@id":"https:\/\/www.webdo.tn\/fr\/#\/schema\/logo\/image\/","url":"https:\/\/www.webdo.tn\/fr\/wp-content\/uploads\/2025\/06\/Webdo-Tunisie_168377.jpg","contentUrl":"https:\/\/www.webdo.tn\/fr\/wp-content\/uploads\/2025\/06\/Webdo-Tunisie_168377.jpg","width":301,"height":301,"caption":"Webdo"},"image":{"@id":"https:\/\/www.webdo.tn\/fr\/#\/schema\/logo\/image\/"},"sameAs":["https:\/\/www.facebook.com\/webdotn","https:\/\/x.com\/webdo_tn"],"description":"Webdo est un m\u00e9dia num\u00e9rique tunisien fond\u00e9 en 2010, sp\u00e9cialis\u00e9 dans l\u2019actualit\u00e9 nationale et internationale, l\u2019\u00e9conomie, la soci\u00e9t\u00e9 et les analyses politiques. Le site s\u2019adresse \u00e0 un large public francophone et couvre l\u2019information tunisienne en temps r\u00e9el.","email":"redac@webdo.tn","legalName":"YNJ SARL","foundingDate":"2010-09-06","numberOfEmployees":{"@type":"QuantitativeValue","minValue":"11","maxValue":"50"}},{"@type":"Person","@id":"https:\/\/www.webdo.tn\/fr\/#\/schema\/person\/9a9c6118d687c117df8ef3cc36a4d175","name":"webdo.tn","image":{"@type":"ImageObject","inLanguage":"fr-FR","@id":"https:\/\/secure.gravatar.com\/avatar\/7ce1f28c0c3bbac99ff550b85ef8e44a6950c6ee24514fb6a5489e51d06f0298?s=96&d=mm&r=g","url":"https:\/\/secure.gravatar.com\/avatar\/7ce1f28c0c3bbac99ff550b85ef8e44a6950c6ee24514fb6a5489e51d06f0298?s=96&d=mm&r=g","contentUrl":"https:\/\/secure.gravatar.com\/avatar\/7ce1f28c0c3bbac99ff550b85ef8e44a6950c6ee24514fb6a5489e51d06f0298?s=96&d=mm&r=g","caption":"webdo.tn"},"url":"https:\/\/www.webdo.tn\/fr\/actualite\/author\/webdotn\/"}]}},"_links":{"self":[{"href":"https:\/\/www.webdo.tn\/fr\/wp-json\/wp\/v2\/posts\/117016","targetHints":{"allow":["GET"]}}],"collection":[{"href":"https:\/\/www.webdo.tn\/fr\/wp-json\/wp\/v2\/posts"}],"about":[{"href":"https:\/\/www.webdo.tn\/fr\/wp-json\/wp\/v2\/types\/post"}],"author":[{"embeddable":true,"href":"https:\/\/www.webdo.tn\/fr\/wp-json\/wp\/v2\/users\/3222"}],"replies":[{"embeddable":true,"href":"https:\/\/www.webdo.tn\/fr\/wp-json\/wp\/v2\/comments?post=117016"}],"version-history":[{"count":0,"href":"https:\/\/www.webdo.tn\/fr\/wp-json\/wp\/v2\/posts\/117016\/revisions"}],"wp:featuredmedia":[{"embeddable":true,"href":"https:\/\/www.webdo.tn\/fr\/wp-json\/wp\/v2\/media\/374621"}],"wp:attachment":[{"href":"https:\/\/www.webdo.tn\/fr\/wp-json\/wp\/v2\/media?parent=117016"}],"wp:term":[{"taxonomy":"category","embeddable":true,"href":"https:\/\/www.webdo.tn\/fr\/wp-json\/wp\/v2\/categories?post=117016"},{"taxonomy":"post_tag","embeddable":true,"href":"https:\/\/www.webdo.tn\/fr\/wp-json\/wp\/v2\/tags?post=117016"}],"curies":[{"name":"wp","href":"https:\/\/api.w.org\/{rel}","templated":true}]}}