{"id":117012,"date":"2012-02-11T19:27:00","date_gmt":"2012-02-11T19:27:00","guid":{"rendered":"https:\/\/www.webdo.tn\/fr\/blog\/la-bibliotheque-de-l-ibla-fait-peau-neuve\/185317\/"},"modified":"2025-05-22T13:12:28","modified_gmt":"2025-05-22T13:12:28","slug":"la-bibliotheque-de-l-ibla-fait-peau-neuve","status":"publish","type":"post","link":"https:\/\/www.webdo.tn\/fr\/actualite\/culture\/la-bibliotheque-de-l-ibla-fait-peau-neuve\/117012\/","title":{"rendered":"La biblioth\u00e8que de l\u2019IBLA fait peau neuve"},"content":{"rendered":"<p>L\u2019incendie de la biblioth\u00e8que de l\u2019Institut des Belles Lettres arabes (IBLA) n\u2019est d\u00e9sormais plus qu\u2019un mauvais souvenir. En effet, l\u2019inauguration de la nouvelle biblioth\u00e8que, un outil tr\u00e8s important pour les chercheurs universitaires, est pr\u00e9vue pour le mois d\u2019octobre 2012.<\/p>\n<p>Cette importante r\u00e9novation d\u2019une biblioth\u00e8que partiellement incendi\u00e9e vient d\u2019\u00eatre redynamis\u00e9e par les soins de Mehdi Mabrouk, ministre de la Culture qui vient de mobiliser les services comp\u00e9tents de l\u2019Institut national du patrimoine.<\/p>\n<p>Fond\u00e9e et anim\u00e9e par les P\u00e8res blancs, la biblioth\u00e8que de l\u2019IBLA se trouve \u00e0 la rue Jemaa el Haoua et elle est fr\u00e9quent\u00e9e par de nombreux chercheurs universitaires qui y trouvent des documents rares et des milliers de r\u00e9f\u00e9rences.<\/p>\n<p>Apr\u00e8s un incendie en 2010 lors duquel un p\u00e8re blanc a perdu la vie, des milliers de documents ont \u00e9t\u00e9 perdus.<\/p>\n<p>Les animateurs de la biblioth\u00e8que, notamment le P\u00e8re Jean Fontaine, continuent avec le soutien de nombreux donateurs et partenaires \u00e0 reconstituer le fonds et \u00e9quiper d\u2019outils modernes les salles de consultation.<\/p>\n<p>Parmi ces partenaires, citons les minist\u00e8res de la Culture tunisien et fran\u00e7ais, l\u2019Institut du monde arabe ainsi que de nombreux autres donateurs.<\/p>\n<p>A sa r\u00e9ouverture, la biblioth\u00e8que de l\u2019IBLA sera \u00e9quip\u00e9e avec un nouveau serveur, un kilom\u00e8tre de rayonnages et un nouvel index. Elle ob\u00e9ira en outre aux derni\u00e8res normes en mati\u00e8re de s\u00e9curit\u00e9 des lieux publics.<\/p>\n<p>Un incendie avait d\u00e9truit le 5 janvier 2010 une partie de la biblioth\u00e8que. Le p\u00e8re Gian Battista Maffi avait perdu la vie durant le sinistre.<\/p>\n<p>14.000 livres et p\u00e9riodiques avaient \u00e9t\u00e9 d\u00e9truits, mais sont aujourd\u2019hui en voie de remplacement.<\/p>\n<p>Pour m\u00e9moire, L\u2019IBLA a \u00e9t\u00e9 fond\u00e9 en 1926 et le premier num\u00e9ro de la revue qui porte ce nom date de 1937. En outre, la congr\u00e9gation des P\u00e8res blancs est pr\u00e9sente en Tunisie depuis 1875.<\/p>\n","protected":false},"excerpt":{"rendered":"<p>La biblioth\u00e8que de l\u2019IBLA fait peau neuve <\/p>\n","protected":false},"author":3222,"featured_media":333770,"comment_status":"open","ping_status":"closed","sticky":false,"template":"","format":"standard","meta":{"footnotes":""},"categories":[2594],"tags":[],"class_list":["post-117012","post","type-post","status-publish","format-standard","has-post-thumbnail","hentry","category-culture"],"yoast_head":"<!-- This site is optimized with the Yoast SEO Premium plugin v27.5 (Yoast SEO v27.5) - https:\/\/yoast.com\/product\/yoast-seo-premium-wordpress\/ -->\n<title>La biblioth\u00e8que de l\u2019IBLA fait peau neuve<\/title>\n<meta name=\"description\" content=\"La biblioth\u00e8que de l\u2019IBLA fait peau neuve\" \/>\n<link rel=\"canonical\" href=\"https:\/\/www.webdo.tn\/fr\/actualite\/culture\/la-bibliotheque-de-l-ibla-fait-peau-neuve\/117012\/\" \/>\n<meta property=\"og:locale\" content=\"fr_FR\" \/>\n<meta property=\"og:type\" content=\"article\" \/>\n<meta property=\"og:title\" content=\"La biblioth\u00e8que de l\u2019IBLA fait peau neuve\" \/>\n<meta property=\"og:description\" content=\"La biblioth\u00e8que de l\u2019IBLA fait peau neuve\" \/>\n<meta property=\"og:url\" content=\"https:\/\/www.webdo.tn\/fr\/actualite\/culture\/la-bibliotheque-de-l-ibla-fait-peau-neuve\/117012\/\" \/>\n<meta property=\"og:site_name\" content=\"webdo\" \/>\n<meta property=\"article:publisher\" content=\"https:\/\/www.facebook.com\/webdotn\" \/>\n<meta property=\"article:published_time\" content=\"2012-02-11T19:27:00+00:00\" \/>\n<meta property=\"article:modified_time\" content=\"2025-05-22T13:12:28+00:00\" \/>\n<meta property=\"og:image\" content=\"https:\/\/www.webdo.tn\/fr\/wp-content\/uploads\/2012\/02\/Institut-IBLA.jpg\" \/>\n\t<meta property=\"og:image:width\" content=\"215\" \/>\n\t<meta property=\"og:image:height\" content=\"300\" \/>\n\t<meta property=\"og:image:type\" content=\"image\/jpeg\" \/>\n<meta name=\"author\" content=\"webdo.tn\" \/>\n<meta name=\"twitter:card\" content=\"summary_large_image\" \/>\n<meta name=\"twitter:creator\" content=\"@webdo_tn\" \/>\n<meta name=\"twitter:site\" content=\"@webdo_tn\" \/>\n<meta name=\"twitter:label1\" content=\"\u00c9crit par\" \/>\n\t<meta name=\"twitter:data1\" content=\"webdo.tn\" \/>\n\t<meta name=\"twitter:label2\" content=\"Dur\u00e9e de lecture estim\u00e9e\" \/>\n\t<meta name=\"twitter:data2\" content=\"2 minutes\" \/>\n<script type=\"application\/ld+json\" class=\"yoast-schema-graph\">{\"@context\":\"https:\\\/\\\/schema.org\",\"@graph\":[{\"@type\":\"NewsArticle\",\"@id\":\"https:\\\/\\\/www.webdo.tn\\\/fr\\\/actualite\\\/culture\\\/la-bibliotheque-de-l-ibla-fait-peau-neuve\\\/117012\\\/#article\",\"isPartOf\":{\"@id\":\"https:\\\/\\\/www.webdo.tn\\\/fr\\\/actualite\\\/culture\\\/la-bibliotheque-de-l-ibla-fait-peau-neuve\\\/117012\\\/\"},\"author\":{\"name\":\"webdo.tn\",\"@id\":\"https:\\\/\\\/www.webdo.tn\\\/fr\\\/#\\\/schema\\\/person\\\/9a9c6118d687c117df8ef3cc36a4d175\"},\"headline\":\"La biblioth\u00e8que de l\u2019IBLA fait peau neuve\",\"datePublished\":\"2012-02-11T19:27:00+00:00\",\"dateModified\":\"2025-05-22T13:12:28+00:00\",\"mainEntityOfPage\":{\"@id\":\"https:\\\/\\\/www.webdo.tn\\\/fr\\\/actualite\\\/culture\\\/la-bibliotheque-de-l-ibla-fait-peau-neuve\\\/117012\\\/\"},\"wordCount\":349,\"commentCount\":0,\"publisher\":{\"@id\":\"https:\\\/\\\/www.webdo.tn\\\/fr\\\/#organization\"},\"image\":{\"@id\":\"https:\\\/\\\/www.webdo.tn\\\/fr\\\/actualite\\\/culture\\\/la-bibliotheque-de-l-ibla-fait-peau-neuve\\\/117012\\\/#primaryimage\"},\"thumbnailUrl\":\"https:\\\/\\\/www.webdo.tn\\\/fr\\\/wp-content\\\/uploads\\\/2012\\\/02\\\/Institut-IBLA.jpg\",\"articleSection\":[\"Culture\"],\"inLanguage\":\"fr-FR\"},{\"@type\":\"WebPage\",\"@id\":\"https:\\\/\\\/www.webdo.tn\\\/fr\\\/actualite\\\/culture\\\/la-bibliotheque-de-l-ibla-fait-peau-neuve\\\/117012\\\/\",\"url\":\"https:\\\/\\\/www.webdo.tn\\\/fr\\\/actualite\\\/culture\\\/la-bibliotheque-de-l-ibla-fait-peau-neuve\\\/117012\\\/\",\"name\":\"La biblioth\u00e8que de l\u2019IBLA fait peau neuve\",\"isPartOf\":{\"@id\":\"https:\\\/\\\/www.webdo.tn\\\/fr\\\/#website\"},\"primaryImageOfPage\":{\"@id\":\"https:\\\/\\\/www.webdo.tn\\\/fr\\\/actualite\\\/culture\\\/la-bibliotheque-de-l-ibla-fait-peau-neuve\\\/117012\\\/#primaryimage\"},\"image\":{\"@id\":\"https:\\\/\\\/www.webdo.tn\\\/fr\\\/actualite\\\/culture\\\/la-bibliotheque-de-l-ibla-fait-peau-neuve\\\/117012\\\/#primaryimage\"},\"thumbnailUrl\":\"https:\\\/\\\/www.webdo.tn\\\/fr\\\/wp-content\\\/uploads\\\/2012\\\/02\\\/Institut-IBLA.jpg\",\"datePublished\":\"2012-02-11T19:27:00+00:00\",\"dateModified\":\"2025-05-22T13:12:28+00:00\",\"description\":\"La biblioth\u00e8que de l\u2019IBLA fait peau neuve\",\"breadcrumb\":{\"@id\":\"https:\\\/\\\/www.webdo.tn\\\/fr\\\/actualite\\\/culture\\\/la-bibliotheque-de-l-ibla-fait-peau-neuve\\\/117012\\\/#breadcrumb\"},\"inLanguage\":\"fr-FR\",\"potentialAction\":[{\"@type\":\"ReadAction\",\"target\":[\"https:\\\/\\\/www.webdo.tn\\\/fr\\\/actualite\\\/culture\\\/la-bibliotheque-de-l-ibla-fait-peau-neuve\\\/117012\\\/\"]}]},{\"@type\":\"ImageObject\",\"inLanguage\":\"fr-FR\",\"@id\":\"https:\\\/\\\/www.webdo.tn\\\/fr\\\/actualite\\\/culture\\\/la-bibliotheque-de-l-ibla-fait-peau-neuve\\\/117012\\\/#primaryimage\",\"url\":\"https:\\\/\\\/www.webdo.tn\\\/fr\\\/wp-content\\\/uploads\\\/2012\\\/02\\\/Institut-IBLA.jpg\",\"contentUrl\":\"https:\\\/\\\/www.webdo.tn\\\/fr\\\/wp-content\\\/uploads\\\/2012\\\/02\\\/Institut-IBLA.jpg\",\"width\":215,\"height\":300,\"caption\":\"La biblioth\u00e8que de l\u2019IBLA fait peau neuve\"},{\"@type\":\"BreadcrumbList\",\"@id\":\"https:\\\/\\\/www.webdo.tn\\\/fr\\\/actualite\\\/culture\\\/la-bibliotheque-de-l-ibla-fait-peau-neuve\\\/117012\\\/#breadcrumb\",\"itemListElement\":[{\"@type\":\"ListItem\",\"position\":1,\"name\":\"Accueil\",\"item\":\"https:\\\/\\\/www.webdo.tn\\\/fr\\\/\"},{\"@type\":\"ListItem\",\"position\":2,\"name\":\"La biblioth\u00e8que de l\u2019IBLA fait peau neuve\"}]},{\"@type\":\"WebSite\",\"@id\":\"https:\\\/\\\/www.webdo.tn\\\/fr\\\/#website\",\"url\":\"https:\\\/\\\/www.webdo.tn\\\/fr\\\/\",\"name\":\"webdo\",\"description\":\"Tunisie - News en Tunisie et \u00e0 l&#039;international sur Webdo.tn\",\"publisher\":{\"@id\":\"https:\\\/\\\/www.webdo.tn\\\/fr\\\/#organization\"},\"potentialAction\":[{\"@type\":\"SearchAction\",\"target\":{\"@type\":\"EntryPoint\",\"urlTemplate\":\"https:\\\/\\\/www.webdo.tn\\\/fr\\\/?s={search_term_string}\"},\"query-input\":{\"@type\":\"PropertyValueSpecification\",\"valueRequired\":true,\"valueName\":\"search_term_string\"}}],\"inLanguage\":\"fr-FR\"},{\"@type\":\"Organization\",\"@id\":\"https:\\\/\\\/www.webdo.tn\\\/fr\\\/#organization\",\"name\":\"Webdo\",\"alternateName\":\"Webdo.tn\",\"url\":\"https:\\\/\\\/www.webdo.tn\\\/fr\\\/\",\"logo\":{\"@type\":\"ImageObject\",\"inLanguage\":\"fr-FR\",\"@id\":\"https:\\\/\\\/www.webdo.tn\\\/fr\\\/#\\\/schema\\\/logo\\\/image\\\/\",\"url\":\"https:\\\/\\\/www.webdo.tn\\\/fr\\\/wp-content\\\/uploads\\\/2025\\\/06\\\/Webdo-Tunisie_168377.jpg\",\"contentUrl\":\"https:\\\/\\\/www.webdo.tn\\\/fr\\\/wp-content\\\/uploads\\\/2025\\\/06\\\/Webdo-Tunisie_168377.jpg\",\"width\":301,\"height\":301,\"caption\":\"Webdo\"},\"image\":{\"@id\":\"https:\\\/\\\/www.webdo.tn\\\/fr\\\/#\\\/schema\\\/logo\\\/image\\\/\"},\"sameAs\":[\"https:\\\/\\\/www.facebook.com\\\/webdotn\",\"https:\\\/\\\/x.com\\\/webdo_tn\"],\"description\":\"Webdo est un m\u00e9dia num\u00e9rique tunisien fond\u00e9 en 2010, sp\u00e9cialis\u00e9 dans l\u2019actualit\u00e9 nationale et internationale, l\u2019\u00e9conomie, la soci\u00e9t\u00e9 et les analyses politiques. Le site s\u2019adresse \u00e0 un large public francophone et couvre l\u2019information tunisienne en temps r\u00e9el.\",\"email\":\"redac@webdo.tn\",\"legalName\":\"YNJ SARL\",\"foundingDate\":\"2010-09-06\",\"numberOfEmployees\":{\"@type\":\"QuantitativeValue\",\"minValue\":\"11\",\"maxValue\":\"50\"}},{\"@type\":\"Person\",\"@id\":\"https:\\\/\\\/www.webdo.tn\\\/fr\\\/#\\\/schema\\\/person\\\/9a9c6118d687c117df8ef3cc36a4d175\",\"name\":\"webdo.tn\",\"image\":{\"@type\":\"ImageObject\",\"inLanguage\":\"fr-FR\",\"@id\":\"https:\\\/\\\/secure.gravatar.com\\\/avatar\\\/7ce1f28c0c3bbac99ff550b85ef8e44a6950c6ee24514fb6a5489e51d06f0298?s=96&d=mm&r=g\",\"url\":\"https:\\\/\\\/secure.gravatar.com\\\/avatar\\\/7ce1f28c0c3bbac99ff550b85ef8e44a6950c6ee24514fb6a5489e51d06f0298?s=96&d=mm&r=g\",\"contentUrl\":\"https:\\\/\\\/secure.gravatar.com\\\/avatar\\\/7ce1f28c0c3bbac99ff550b85ef8e44a6950c6ee24514fb6a5489e51d06f0298?s=96&d=mm&r=g\",\"caption\":\"webdo.tn\"},\"url\":\"https:\\\/\\\/www.webdo.tn\\\/fr\\\/actualite\\\/author\\\/webdotn\\\/\"}]}<\/script>\n<!-- \/ Yoast SEO Premium plugin. -->","yoast_head_json":{"title":"La biblioth\u00e8que de l\u2019IBLA fait peau neuve","description":"La biblioth\u00e8que de l\u2019IBLA fait peau neuve","canonical":"https:\/\/www.webdo.tn\/fr\/actualite\/culture\/la-bibliotheque-de-l-ibla-fait-peau-neuve\/117012\/","og_locale":"fr_FR","og_type":"article","og_title":"La biblioth\u00e8que de l\u2019IBLA fait peau neuve","og_description":"La biblioth\u00e8que de l\u2019IBLA fait peau neuve","og_url":"https:\/\/www.webdo.tn\/fr\/actualite\/culture\/la-bibliotheque-de-l-ibla-fait-peau-neuve\/117012\/","og_site_name":"webdo","article_publisher":"https:\/\/www.facebook.com\/webdotn","article_published_time":"2012-02-11T19:27:00+00:00","article_modified_time":"2025-05-22T13:12:28+00:00","og_image":[{"width":215,"height":300,"url":"https:\/\/www.webdo.tn\/fr\/wp-content\/uploads\/2012\/02\/Institut-IBLA.jpg","type":"image\/jpeg"}],"author":"webdo.tn","twitter_card":"summary_large_image","twitter_creator":"@webdo_tn","twitter_site":"@webdo_tn","twitter_misc":{"\u00c9crit par":"webdo.tn","Dur\u00e9e de lecture estim\u00e9e":"2 minutes"},"schema":{"@context":"https:\/\/schema.org","@graph":[{"@type":"NewsArticle","@id":"https:\/\/www.webdo.tn\/fr\/actualite\/culture\/la-bibliotheque-de-l-ibla-fait-peau-neuve\/117012\/#article","isPartOf":{"@id":"https:\/\/www.webdo.tn\/fr\/actualite\/culture\/la-bibliotheque-de-l-ibla-fait-peau-neuve\/117012\/"},"author":{"name":"webdo.tn","@id":"https:\/\/www.webdo.tn\/fr\/#\/schema\/person\/9a9c6118d687c117df8ef3cc36a4d175"},"headline":"La biblioth\u00e8que de l\u2019IBLA fait peau neuve","datePublished":"2012-02-11T19:27:00+00:00","dateModified":"2025-05-22T13:12:28+00:00","mainEntityOfPage":{"@id":"https:\/\/www.webdo.tn\/fr\/actualite\/culture\/la-bibliotheque-de-l-ibla-fait-peau-neuve\/117012\/"},"wordCount":349,"commentCount":0,"publisher":{"@id":"https:\/\/www.webdo.tn\/fr\/#organization"},"image":{"@id":"https:\/\/www.webdo.tn\/fr\/actualite\/culture\/la-bibliotheque-de-l-ibla-fait-peau-neuve\/117012\/#primaryimage"},"thumbnailUrl":"https:\/\/www.webdo.tn\/fr\/wp-content\/uploads\/2012\/02\/Institut-IBLA.jpg","articleSection":["Culture"],"inLanguage":"fr-FR"},{"@type":"WebPage","@id":"https:\/\/www.webdo.tn\/fr\/actualite\/culture\/la-bibliotheque-de-l-ibla-fait-peau-neuve\/117012\/","url":"https:\/\/www.webdo.tn\/fr\/actualite\/culture\/la-bibliotheque-de-l-ibla-fait-peau-neuve\/117012\/","name":"La biblioth\u00e8que de l\u2019IBLA fait peau neuve","isPartOf":{"@id":"https:\/\/www.webdo.tn\/fr\/#website"},"primaryImageOfPage":{"@id":"https:\/\/www.webdo.tn\/fr\/actualite\/culture\/la-bibliotheque-de-l-ibla-fait-peau-neuve\/117012\/#primaryimage"},"image":{"@id":"https:\/\/www.webdo.tn\/fr\/actualite\/culture\/la-bibliotheque-de-l-ibla-fait-peau-neuve\/117012\/#primaryimage"},"thumbnailUrl":"https:\/\/www.webdo.tn\/fr\/wp-content\/uploads\/2012\/02\/Institut-IBLA.jpg","datePublished":"2012-02-11T19:27:00+00:00","dateModified":"2025-05-22T13:12:28+00:00","description":"La biblioth\u00e8que de l\u2019IBLA fait peau neuve","breadcrumb":{"@id":"https:\/\/www.webdo.tn\/fr\/actualite\/culture\/la-bibliotheque-de-l-ibla-fait-peau-neuve\/117012\/#breadcrumb"},"inLanguage":"fr-FR","potentialAction":[{"@type":"ReadAction","target":["https:\/\/www.webdo.tn\/fr\/actualite\/culture\/la-bibliotheque-de-l-ibla-fait-peau-neuve\/117012\/"]}]},{"@type":"ImageObject","inLanguage":"fr-FR","@id":"https:\/\/www.webdo.tn\/fr\/actualite\/culture\/la-bibliotheque-de-l-ibla-fait-peau-neuve\/117012\/#primaryimage","url":"https:\/\/www.webdo.tn\/fr\/wp-content\/uploads\/2012\/02\/Institut-IBLA.jpg","contentUrl":"https:\/\/www.webdo.tn\/fr\/wp-content\/uploads\/2012\/02\/Institut-IBLA.jpg","width":215,"height":300,"caption":"La biblioth\u00e8que de l\u2019IBLA fait peau neuve"},{"@type":"BreadcrumbList","@id":"https:\/\/www.webdo.tn\/fr\/actualite\/culture\/la-bibliotheque-de-l-ibla-fait-peau-neuve\/117012\/#breadcrumb","itemListElement":[{"@type":"ListItem","position":1,"name":"Accueil","item":"https:\/\/www.webdo.tn\/fr\/"},{"@type":"ListItem","position":2,"name":"La biblioth\u00e8que de l\u2019IBLA fait peau neuve"}]},{"@type":"WebSite","@id":"https:\/\/www.webdo.tn\/fr\/#website","url":"https:\/\/www.webdo.tn\/fr\/","name":"webdo","description":"Tunisie - News en Tunisie et \u00e0 l&#039;international sur Webdo.tn","publisher":{"@id":"https:\/\/www.webdo.tn\/fr\/#organization"},"potentialAction":[{"@type":"SearchAction","target":{"@type":"EntryPoint","urlTemplate":"https:\/\/www.webdo.tn\/fr\/?s={search_term_string}"},"query-input":{"@type":"PropertyValueSpecification","valueRequired":true,"valueName":"search_term_string"}}],"inLanguage":"fr-FR"},{"@type":"Organization","@id":"https:\/\/www.webdo.tn\/fr\/#organization","name":"Webdo","alternateName":"Webdo.tn","url":"https:\/\/www.webdo.tn\/fr\/","logo":{"@type":"ImageObject","inLanguage":"fr-FR","@id":"https:\/\/www.webdo.tn\/fr\/#\/schema\/logo\/image\/","url":"https:\/\/www.webdo.tn\/fr\/wp-content\/uploads\/2025\/06\/Webdo-Tunisie_168377.jpg","contentUrl":"https:\/\/www.webdo.tn\/fr\/wp-content\/uploads\/2025\/06\/Webdo-Tunisie_168377.jpg","width":301,"height":301,"caption":"Webdo"},"image":{"@id":"https:\/\/www.webdo.tn\/fr\/#\/schema\/logo\/image\/"},"sameAs":["https:\/\/www.facebook.com\/webdotn","https:\/\/x.com\/webdo_tn"],"description":"Webdo est un m\u00e9dia num\u00e9rique tunisien fond\u00e9 en 2010, sp\u00e9cialis\u00e9 dans l\u2019actualit\u00e9 nationale et internationale, l\u2019\u00e9conomie, la soci\u00e9t\u00e9 et les analyses politiques. Le site s\u2019adresse \u00e0 un large public francophone et couvre l\u2019information tunisienne en temps r\u00e9el.","email":"redac@webdo.tn","legalName":"YNJ SARL","foundingDate":"2010-09-06","numberOfEmployees":{"@type":"QuantitativeValue","minValue":"11","maxValue":"50"}},{"@type":"Person","@id":"https:\/\/www.webdo.tn\/fr\/#\/schema\/person\/9a9c6118d687c117df8ef3cc36a4d175","name":"webdo.tn","image":{"@type":"ImageObject","inLanguage":"fr-FR","@id":"https:\/\/secure.gravatar.com\/avatar\/7ce1f28c0c3bbac99ff550b85ef8e44a6950c6ee24514fb6a5489e51d06f0298?s=96&d=mm&r=g","url":"https:\/\/secure.gravatar.com\/avatar\/7ce1f28c0c3bbac99ff550b85ef8e44a6950c6ee24514fb6a5489e51d06f0298?s=96&d=mm&r=g","contentUrl":"https:\/\/secure.gravatar.com\/avatar\/7ce1f28c0c3bbac99ff550b85ef8e44a6950c6ee24514fb6a5489e51d06f0298?s=96&d=mm&r=g","caption":"webdo.tn"},"url":"https:\/\/www.webdo.tn\/fr\/actualite\/author\/webdotn\/"}]}},"_links":{"self":[{"href":"https:\/\/www.webdo.tn\/fr\/wp-json\/wp\/v2\/posts\/117012","targetHints":{"allow":["GET"]}}],"collection":[{"href":"https:\/\/www.webdo.tn\/fr\/wp-json\/wp\/v2\/posts"}],"about":[{"href":"https:\/\/www.webdo.tn\/fr\/wp-json\/wp\/v2\/types\/post"}],"author":[{"embeddable":true,"href":"https:\/\/www.webdo.tn\/fr\/wp-json\/wp\/v2\/users\/3222"}],"replies":[{"embeddable":true,"href":"https:\/\/www.webdo.tn\/fr\/wp-json\/wp\/v2\/comments?post=117012"}],"version-history":[{"count":0,"href":"https:\/\/www.webdo.tn\/fr\/wp-json\/wp\/v2\/posts\/117012\/revisions"}],"wp:featuredmedia":[{"embeddable":true,"href":"https:\/\/www.webdo.tn\/fr\/wp-json\/wp\/v2\/media\/333770"}],"wp:attachment":[{"href":"https:\/\/www.webdo.tn\/fr\/wp-json\/wp\/v2\/media?parent=117012"}],"wp:term":[{"taxonomy":"category","embeddable":true,"href":"https:\/\/www.webdo.tn\/fr\/wp-json\/wp\/v2\/categories?post=117012"},{"taxonomy":"post_tag","embeddable":true,"href":"https:\/\/www.webdo.tn\/fr\/wp-json\/wp\/v2\/tags?post=117012"}],"curies":[{"name":"wp","href":"https:\/\/api.w.org\/{rel}","templated":true}]}}