{"id":117007,"date":"2012-02-21T12:51:00","date_gmt":"2012-02-21T11:51:00","guid":{"rendered":"https:\/\/www.webdo.tn\/fr\/actualite\/culture\/les-spectacles-tunisiens-se-font-bonnes-actions\/117007"},"modified":"2025-06-04T19:00:38","modified_gmt":"2025-06-04T19:00:38","slug":"les-spectacles-tunisiens-se-font-bonnes-actions-2","status":"publish","type":"post","link":"https:\/\/www.webdo.tn\/fr\/actualite\/culture\/les-spectacles-tunisiens-se-font-bonnes-actions-2\/117007\/","title":{"rendered":"Les spectacles tunisiens se font bonnes actions"},"content":{"rendered":"<p>Depuis le r\u00e9veil tunisien, on ne compte plus les spectacles qui versent une partie ou la totalit\u00e9 des b\u00e9n\u00e9fices d\u2019une de leurs repr\u00e9sentations \u00e0 une cause noble.<br \/>\nUn an apr\u00e8s la r\u00e9volution, cette solidarit\u00e9 continue.<br \/>\nAinsi, la pi\u00e8ce de Moez Toumi \u00abLavage \u00e0 sec\u00bb sera donn\u00e9e demain, mercredi 22 f\u00e9vrier, \u00e0 19h30 au Th\u00e9\u00e2tre municipal de Tunis. Les b\u00e9n\u00e9fices de cette repr\u00e9sentation seront vers\u00e9s \u00e0 l&rsquo;association des enfants handicap\u00e9s pour financer des op\u00e9rations.<br \/>\nMais cette solidarit\u00e9 n\u2019est pas uniquement intra-muros puisque, le dimanche 11 mars \u00e0 l\u2019Espace Reuilly de Paris, Lotfi Abdelli devrait pr\u00e9senter son one-man-show \u00abMade in Tunisia 100 % Halal\u00bb au profit de l&rsquo;action solidaire \u00ab Pour un sourire d&rsquo;\u00e9colier \u00bb, devant venir en aide aux \u00e9coliers tunisiens les plus d\u00e9munis. Mais avant la repr\u00e9sentation, les pr\u00e9sents pourront parcourir une exposition photo, intitul\u00e9e \u00ab Pr\u00e8s des yeux, plus pr\u00e8s du c\u0153ur \u00bb.<\/p>\n","protected":false},"excerpt":{"rendered":"<p>Les spectacles tunisiens se font bonnes actions <\/p>\n","protected":false},"author":3222,"featured_media":374493,"comment_status":"open","ping_status":"open","sticky":false,"template":"","format":"standard","meta":{"footnotes":""},"categories":[2594],"tags":[],"class_list":["post-117007","post","type-post","status-publish","format-standard","has-post-thumbnail","hentry","category-culture"],"yoast_head":"<!-- This site is optimized with the Yoast SEO Premium plugin v27.5 (Yoast SEO v27.5) - https:\/\/yoast.com\/product\/yoast-seo-premium-wordpress\/ -->\n<title>Les spectacles tunisiens se font bonnes actions<\/title>\n<meta name=\"description\" content=\"Les spectacles tunisiens se font bonnes actions\" \/>\n<link rel=\"canonical\" href=\"https:\/\/www.webdo.tn\/fr\/actualite\/culture\/les-spectacles-tunisiens-se-font-bonnes-actions-2\/117007\/\" \/>\n<meta property=\"og:locale\" content=\"fr_FR\" \/>\n<meta property=\"og:type\" content=\"article\" \/>\n<meta property=\"og:title\" content=\"Les spectacles tunisiens se font bonnes actions\" \/>\n<meta property=\"og:description\" content=\"Les spectacles tunisiens se font bonnes actions\" \/>\n<meta property=\"og:url\" content=\"https:\/\/www.webdo.tn\/fr\/actualite\/culture\/les-spectacles-tunisiens-se-font-bonnes-actions-2\/117007\/\" \/>\n<meta property=\"og:site_name\" content=\"webdo\" \/>\n<meta property=\"article:publisher\" content=\"https:\/\/www.facebook.com\/webdotn\" \/>\n<meta property=\"article:published_time\" content=\"2012-02-21T11:51:00+00:00\" \/>\n<meta property=\"article:modified_time\" content=\"2025-06-04T19:00:38+00:00\" \/>\n<meta name=\"author\" content=\"webdo.tn\" \/>\n<meta name=\"twitter:card\" content=\"summary_large_image\" \/>\n<meta name=\"twitter:creator\" content=\"@webdo_tn\" \/>\n<meta name=\"twitter:site\" content=\"@webdo_tn\" \/>\n<meta name=\"twitter:label1\" content=\"\u00c9crit par\" \/>\n\t<meta name=\"twitter:data1\" content=\"webdo.tn\" \/>\n\t<meta name=\"twitter:label2\" content=\"Dur\u00e9e de lecture estim\u00e9e\" \/>\n\t<meta name=\"twitter:data2\" content=\"1 minute\" \/>\n<script type=\"application\/ld+json\" class=\"yoast-schema-graph\">{\"@context\":\"https:\\\/\\\/schema.org\",\"@graph\":[{\"@type\":\"NewsArticle\",\"@id\":\"https:\\\/\\\/www.webdo.tn\\\/fr\\\/actualite\\\/culture\\\/les-spectacles-tunisiens-se-font-bonnes-actions-2\\\/117007\\\/#article\",\"isPartOf\":{\"@id\":\"https:\\\/\\\/www.webdo.tn\\\/fr\\\/actualite\\\/culture\\\/les-spectacles-tunisiens-se-font-bonnes-actions-2\\\/117007\\\/\"},\"author\":{\"name\":\"webdo.tn\",\"@id\":\"https:\\\/\\\/www.webdo.tn\\\/fr\\\/#\\\/schema\\\/person\\\/9a9c6118d687c117df8ef3cc36a4d175\"},\"headline\":\"Les spectacles tunisiens se font bonnes actions\",\"datePublished\":\"2012-02-21T11:51:00+00:00\",\"dateModified\":\"2025-06-04T19:00:38+00:00\",\"mainEntityOfPage\":{\"@id\":\"https:\\\/\\\/www.webdo.tn\\\/fr\\\/actualite\\\/culture\\\/les-spectacles-tunisiens-se-font-bonnes-actions-2\\\/117007\\\/\"},\"wordCount\":168,\"commentCount\":0,\"publisher\":{\"@id\":\"https:\\\/\\\/www.webdo.tn\\\/fr\\\/#organization\"},\"image\":{\"@id\":\"https:\\\/\\\/www.webdo.tn\\\/fr\\\/actualite\\\/culture\\\/les-spectacles-tunisiens-se-font-bonnes-actions-2\\\/117007\\\/#primaryimage\"},\"thumbnailUrl\":\"https:\\\/\\\/www.webdo.tn\\\/fr\\\/wp-content\\\/uploads\\\/2025\\\/06\\\/Theatre-municipal-de-la-ville-de-Tunis-photo-Wikipedia-Jean-Pierre-Dalbera_117007.jpg\",\"articleSection\":[\"Culture\"],\"inLanguage\":\"fr-FR\"},{\"@type\":\"WebPage\",\"@id\":\"https:\\\/\\\/www.webdo.tn\\\/fr\\\/actualite\\\/culture\\\/les-spectacles-tunisiens-se-font-bonnes-actions-2\\\/117007\\\/\",\"url\":\"https:\\\/\\\/www.webdo.tn\\\/fr\\\/actualite\\\/culture\\\/les-spectacles-tunisiens-se-font-bonnes-actions-2\\\/117007\\\/\",\"name\":\"Les spectacles tunisiens se font bonnes actions\",\"isPartOf\":{\"@id\":\"https:\\\/\\\/www.webdo.tn\\\/fr\\\/#website\"},\"primaryImageOfPage\":{\"@id\":\"https:\\\/\\\/www.webdo.tn\\\/fr\\\/actualite\\\/culture\\\/les-spectacles-tunisiens-se-font-bonnes-actions-2\\\/117007\\\/#primaryimage\"},\"image\":{\"@id\":\"https:\\\/\\\/www.webdo.tn\\\/fr\\\/actualite\\\/culture\\\/les-spectacles-tunisiens-se-font-bonnes-actions-2\\\/117007\\\/#primaryimage\"},\"thumbnailUrl\":\"https:\\\/\\\/www.webdo.tn\\\/fr\\\/wp-content\\\/uploads\\\/2025\\\/06\\\/Theatre-municipal-de-la-ville-de-Tunis-photo-Wikipedia-Jean-Pierre-Dalbera_117007.jpg\",\"datePublished\":\"2012-02-21T11:51:00+00:00\",\"dateModified\":\"2025-06-04T19:00:38+00:00\",\"description\":\"Les spectacles tunisiens se font bonnes actions\",\"breadcrumb\":{\"@id\":\"https:\\\/\\\/www.webdo.tn\\\/fr\\\/actualite\\\/culture\\\/les-spectacles-tunisiens-se-font-bonnes-actions-2\\\/117007\\\/#breadcrumb\"},\"inLanguage\":\"fr-FR\",\"potentialAction\":[{\"@type\":\"ReadAction\",\"target\":[\"https:\\\/\\\/www.webdo.tn\\\/fr\\\/actualite\\\/culture\\\/les-spectacles-tunisiens-se-font-bonnes-actions-2\\\/117007\\\/\"]}]},{\"@type\":\"ImageObject\",\"inLanguage\":\"fr-FR\",\"@id\":\"https:\\\/\\\/www.webdo.tn\\\/fr\\\/actualite\\\/culture\\\/les-spectacles-tunisiens-se-font-bonnes-actions-2\\\/117007\\\/#primaryimage\",\"url\":\"https:\\\/\\\/www.webdo.tn\\\/fr\\\/wp-content\\\/uploads\\\/2025\\\/06\\\/Theatre-municipal-de-la-ville-de-Tunis-photo-Wikipedia-Jean-Pierre-Dalbera_117007.jpg\",\"contentUrl\":\"https:\\\/\\\/www.webdo.tn\\\/fr\\\/wp-content\\\/uploads\\\/2025\\\/06\\\/Theatre-municipal-de-la-ville-de-Tunis-photo-Wikipedia-Jean-Pierre-Dalbera_117007.jpg\",\"width\":253,\"height\":240,\"caption\":\"Les spectacles tunisiens se font bonnes actions\"},{\"@type\":\"BreadcrumbList\",\"@id\":\"https:\\\/\\\/www.webdo.tn\\\/fr\\\/actualite\\\/culture\\\/les-spectacles-tunisiens-se-font-bonnes-actions-2\\\/117007\\\/#breadcrumb\",\"itemListElement\":[{\"@type\":\"ListItem\",\"position\":1,\"name\":\"Accueil\",\"item\":\"https:\\\/\\\/www.webdo.tn\\\/fr\\\/\"},{\"@type\":\"ListItem\",\"position\":2,\"name\":\"Les spectacles tunisiens se font bonnes actions\"}]},{\"@type\":\"WebSite\",\"@id\":\"https:\\\/\\\/www.webdo.tn\\\/fr\\\/#website\",\"url\":\"https:\\\/\\\/www.webdo.tn\\\/fr\\\/\",\"name\":\"webdo\",\"description\":\"Tunisie - News en Tunisie et \u00e0 l&#039;international sur Webdo.tn\",\"publisher\":{\"@id\":\"https:\\\/\\\/www.webdo.tn\\\/fr\\\/#organization\"},\"potentialAction\":[{\"@type\":\"SearchAction\",\"target\":{\"@type\":\"EntryPoint\",\"urlTemplate\":\"https:\\\/\\\/www.webdo.tn\\\/fr\\\/?s={search_term_string}\"},\"query-input\":{\"@type\":\"PropertyValueSpecification\",\"valueRequired\":true,\"valueName\":\"search_term_string\"}}],\"inLanguage\":\"fr-FR\"},{\"@type\":\"Organization\",\"@id\":\"https:\\\/\\\/www.webdo.tn\\\/fr\\\/#organization\",\"name\":\"Webdo\",\"alternateName\":\"Webdo.tn\",\"url\":\"https:\\\/\\\/www.webdo.tn\\\/fr\\\/\",\"logo\":{\"@type\":\"ImageObject\",\"inLanguage\":\"fr-FR\",\"@id\":\"https:\\\/\\\/www.webdo.tn\\\/fr\\\/#\\\/schema\\\/logo\\\/image\\\/\",\"url\":\"https:\\\/\\\/www.webdo.tn\\\/fr\\\/wp-content\\\/uploads\\\/2025\\\/06\\\/Webdo-Tunisie_168377.jpg\",\"contentUrl\":\"https:\\\/\\\/www.webdo.tn\\\/fr\\\/wp-content\\\/uploads\\\/2025\\\/06\\\/Webdo-Tunisie_168377.jpg\",\"width\":301,\"height\":301,\"caption\":\"Webdo\"},\"image\":{\"@id\":\"https:\\\/\\\/www.webdo.tn\\\/fr\\\/#\\\/schema\\\/logo\\\/image\\\/\"},\"sameAs\":[\"https:\\\/\\\/www.facebook.com\\\/webdotn\",\"https:\\\/\\\/x.com\\\/webdo_tn\"],\"description\":\"Webdo est un m\u00e9dia num\u00e9rique tunisien fond\u00e9 en 2010, sp\u00e9cialis\u00e9 dans l\u2019actualit\u00e9 nationale et internationale, l\u2019\u00e9conomie, la soci\u00e9t\u00e9 et les analyses politiques. Le site s\u2019adresse \u00e0 un large public francophone et couvre l\u2019information tunisienne en temps r\u00e9el.\",\"email\":\"redac@webdo.tn\",\"legalName\":\"YNJ SARL\",\"foundingDate\":\"2010-09-06\",\"numberOfEmployees\":{\"@type\":\"QuantitativeValue\",\"minValue\":\"11\",\"maxValue\":\"50\"}},{\"@type\":\"Person\",\"@id\":\"https:\\\/\\\/www.webdo.tn\\\/fr\\\/#\\\/schema\\\/person\\\/9a9c6118d687c117df8ef3cc36a4d175\",\"name\":\"webdo.tn\",\"image\":{\"@type\":\"ImageObject\",\"inLanguage\":\"fr-FR\",\"@id\":\"https:\\\/\\\/secure.gravatar.com\\\/avatar\\\/7ce1f28c0c3bbac99ff550b85ef8e44a6950c6ee24514fb6a5489e51d06f0298?s=96&d=mm&r=g\",\"url\":\"https:\\\/\\\/secure.gravatar.com\\\/avatar\\\/7ce1f28c0c3bbac99ff550b85ef8e44a6950c6ee24514fb6a5489e51d06f0298?s=96&d=mm&r=g\",\"contentUrl\":\"https:\\\/\\\/secure.gravatar.com\\\/avatar\\\/7ce1f28c0c3bbac99ff550b85ef8e44a6950c6ee24514fb6a5489e51d06f0298?s=96&d=mm&r=g\",\"caption\":\"webdo.tn\"},\"url\":\"https:\\\/\\\/www.webdo.tn\\\/fr\\\/actualite\\\/author\\\/webdotn\\\/\"}]}<\/script>\n<!-- \/ Yoast SEO Premium plugin. -->","yoast_head_json":{"title":"Les spectacles tunisiens se font bonnes actions","description":"Les spectacles tunisiens se font bonnes actions","canonical":"https:\/\/www.webdo.tn\/fr\/actualite\/culture\/les-spectacles-tunisiens-se-font-bonnes-actions-2\/117007\/","og_locale":"fr_FR","og_type":"article","og_title":"Les spectacles tunisiens se font bonnes actions","og_description":"Les spectacles tunisiens se font bonnes actions","og_url":"https:\/\/www.webdo.tn\/fr\/actualite\/culture\/les-spectacles-tunisiens-se-font-bonnes-actions-2\/117007\/","og_site_name":"webdo","article_publisher":"https:\/\/www.facebook.com\/webdotn","article_published_time":"2012-02-21T11:51:00+00:00","article_modified_time":"2025-06-04T19:00:38+00:00","author":"webdo.tn","twitter_card":"summary_large_image","twitter_creator":"@webdo_tn","twitter_site":"@webdo_tn","twitter_misc":{"\u00c9crit par":"webdo.tn","Dur\u00e9e de lecture estim\u00e9e":"1 minute"},"schema":{"@context":"https:\/\/schema.org","@graph":[{"@type":"NewsArticle","@id":"https:\/\/www.webdo.tn\/fr\/actualite\/culture\/les-spectacles-tunisiens-se-font-bonnes-actions-2\/117007\/#article","isPartOf":{"@id":"https:\/\/www.webdo.tn\/fr\/actualite\/culture\/les-spectacles-tunisiens-se-font-bonnes-actions-2\/117007\/"},"author":{"name":"webdo.tn","@id":"https:\/\/www.webdo.tn\/fr\/#\/schema\/person\/9a9c6118d687c117df8ef3cc36a4d175"},"headline":"Les spectacles tunisiens se font bonnes actions","datePublished":"2012-02-21T11:51:00+00:00","dateModified":"2025-06-04T19:00:38+00:00","mainEntityOfPage":{"@id":"https:\/\/www.webdo.tn\/fr\/actualite\/culture\/les-spectacles-tunisiens-se-font-bonnes-actions-2\/117007\/"},"wordCount":168,"commentCount":0,"publisher":{"@id":"https:\/\/www.webdo.tn\/fr\/#organization"},"image":{"@id":"https:\/\/www.webdo.tn\/fr\/actualite\/culture\/les-spectacles-tunisiens-se-font-bonnes-actions-2\/117007\/#primaryimage"},"thumbnailUrl":"https:\/\/www.webdo.tn\/fr\/wp-content\/uploads\/2025\/06\/Theatre-municipal-de-la-ville-de-Tunis-photo-Wikipedia-Jean-Pierre-Dalbera_117007.jpg","articleSection":["Culture"],"inLanguage":"fr-FR"},{"@type":"WebPage","@id":"https:\/\/www.webdo.tn\/fr\/actualite\/culture\/les-spectacles-tunisiens-se-font-bonnes-actions-2\/117007\/","url":"https:\/\/www.webdo.tn\/fr\/actualite\/culture\/les-spectacles-tunisiens-se-font-bonnes-actions-2\/117007\/","name":"Les spectacles tunisiens se font bonnes actions","isPartOf":{"@id":"https:\/\/www.webdo.tn\/fr\/#website"},"primaryImageOfPage":{"@id":"https:\/\/www.webdo.tn\/fr\/actualite\/culture\/les-spectacles-tunisiens-se-font-bonnes-actions-2\/117007\/#primaryimage"},"image":{"@id":"https:\/\/www.webdo.tn\/fr\/actualite\/culture\/les-spectacles-tunisiens-se-font-bonnes-actions-2\/117007\/#primaryimage"},"thumbnailUrl":"https:\/\/www.webdo.tn\/fr\/wp-content\/uploads\/2025\/06\/Theatre-municipal-de-la-ville-de-Tunis-photo-Wikipedia-Jean-Pierre-Dalbera_117007.jpg","datePublished":"2012-02-21T11:51:00+00:00","dateModified":"2025-06-04T19:00:38+00:00","description":"Les spectacles tunisiens se font bonnes actions","breadcrumb":{"@id":"https:\/\/www.webdo.tn\/fr\/actualite\/culture\/les-spectacles-tunisiens-se-font-bonnes-actions-2\/117007\/#breadcrumb"},"inLanguage":"fr-FR","potentialAction":[{"@type":"ReadAction","target":["https:\/\/www.webdo.tn\/fr\/actualite\/culture\/les-spectacles-tunisiens-se-font-bonnes-actions-2\/117007\/"]}]},{"@type":"ImageObject","inLanguage":"fr-FR","@id":"https:\/\/www.webdo.tn\/fr\/actualite\/culture\/les-spectacles-tunisiens-se-font-bonnes-actions-2\/117007\/#primaryimage","url":"https:\/\/www.webdo.tn\/fr\/wp-content\/uploads\/2025\/06\/Theatre-municipal-de-la-ville-de-Tunis-photo-Wikipedia-Jean-Pierre-Dalbera_117007.jpg","contentUrl":"https:\/\/www.webdo.tn\/fr\/wp-content\/uploads\/2025\/06\/Theatre-municipal-de-la-ville-de-Tunis-photo-Wikipedia-Jean-Pierre-Dalbera_117007.jpg","width":253,"height":240,"caption":"Les spectacles tunisiens se font bonnes actions"},{"@type":"BreadcrumbList","@id":"https:\/\/www.webdo.tn\/fr\/actualite\/culture\/les-spectacles-tunisiens-se-font-bonnes-actions-2\/117007\/#breadcrumb","itemListElement":[{"@type":"ListItem","position":1,"name":"Accueil","item":"https:\/\/www.webdo.tn\/fr\/"},{"@type":"ListItem","position":2,"name":"Les spectacles tunisiens se font bonnes actions"}]},{"@type":"WebSite","@id":"https:\/\/www.webdo.tn\/fr\/#website","url":"https:\/\/www.webdo.tn\/fr\/","name":"webdo","description":"Tunisie - News en Tunisie et \u00e0 l&#039;international sur Webdo.tn","publisher":{"@id":"https:\/\/www.webdo.tn\/fr\/#organization"},"potentialAction":[{"@type":"SearchAction","target":{"@type":"EntryPoint","urlTemplate":"https:\/\/www.webdo.tn\/fr\/?s={search_term_string}"},"query-input":{"@type":"PropertyValueSpecification","valueRequired":true,"valueName":"search_term_string"}}],"inLanguage":"fr-FR"},{"@type":"Organization","@id":"https:\/\/www.webdo.tn\/fr\/#organization","name":"Webdo","alternateName":"Webdo.tn","url":"https:\/\/www.webdo.tn\/fr\/","logo":{"@type":"ImageObject","inLanguage":"fr-FR","@id":"https:\/\/www.webdo.tn\/fr\/#\/schema\/logo\/image\/","url":"https:\/\/www.webdo.tn\/fr\/wp-content\/uploads\/2025\/06\/Webdo-Tunisie_168377.jpg","contentUrl":"https:\/\/www.webdo.tn\/fr\/wp-content\/uploads\/2025\/06\/Webdo-Tunisie_168377.jpg","width":301,"height":301,"caption":"Webdo"},"image":{"@id":"https:\/\/www.webdo.tn\/fr\/#\/schema\/logo\/image\/"},"sameAs":["https:\/\/www.facebook.com\/webdotn","https:\/\/x.com\/webdo_tn"],"description":"Webdo est un m\u00e9dia num\u00e9rique tunisien fond\u00e9 en 2010, sp\u00e9cialis\u00e9 dans l\u2019actualit\u00e9 nationale et internationale, l\u2019\u00e9conomie, la soci\u00e9t\u00e9 et les analyses politiques. Le site s\u2019adresse \u00e0 un large public francophone et couvre l\u2019information tunisienne en temps r\u00e9el.","email":"redac@webdo.tn","legalName":"YNJ SARL","foundingDate":"2010-09-06","numberOfEmployees":{"@type":"QuantitativeValue","minValue":"11","maxValue":"50"}},{"@type":"Person","@id":"https:\/\/www.webdo.tn\/fr\/#\/schema\/person\/9a9c6118d687c117df8ef3cc36a4d175","name":"webdo.tn","image":{"@type":"ImageObject","inLanguage":"fr-FR","@id":"https:\/\/secure.gravatar.com\/avatar\/7ce1f28c0c3bbac99ff550b85ef8e44a6950c6ee24514fb6a5489e51d06f0298?s=96&d=mm&r=g","url":"https:\/\/secure.gravatar.com\/avatar\/7ce1f28c0c3bbac99ff550b85ef8e44a6950c6ee24514fb6a5489e51d06f0298?s=96&d=mm&r=g","contentUrl":"https:\/\/secure.gravatar.com\/avatar\/7ce1f28c0c3bbac99ff550b85ef8e44a6950c6ee24514fb6a5489e51d06f0298?s=96&d=mm&r=g","caption":"webdo.tn"},"url":"https:\/\/www.webdo.tn\/fr\/actualite\/author\/webdotn\/"}]}},"_links":{"self":[{"href":"https:\/\/www.webdo.tn\/fr\/wp-json\/wp\/v2\/posts\/117007","targetHints":{"allow":["GET"]}}],"collection":[{"href":"https:\/\/www.webdo.tn\/fr\/wp-json\/wp\/v2\/posts"}],"about":[{"href":"https:\/\/www.webdo.tn\/fr\/wp-json\/wp\/v2\/types\/post"}],"author":[{"embeddable":true,"href":"https:\/\/www.webdo.tn\/fr\/wp-json\/wp\/v2\/users\/3222"}],"replies":[{"embeddable":true,"href":"https:\/\/www.webdo.tn\/fr\/wp-json\/wp\/v2\/comments?post=117007"}],"version-history":[{"count":0,"href":"https:\/\/www.webdo.tn\/fr\/wp-json\/wp\/v2\/posts\/117007\/revisions"}],"wp:featuredmedia":[{"embeddable":true,"href":"https:\/\/www.webdo.tn\/fr\/wp-json\/wp\/v2\/media\/374493"}],"wp:attachment":[{"href":"https:\/\/www.webdo.tn\/fr\/wp-json\/wp\/v2\/media?parent=117007"}],"wp:term":[{"taxonomy":"category","embeddable":true,"href":"https:\/\/www.webdo.tn\/fr\/wp-json\/wp\/v2\/categories?post=117007"},{"taxonomy":"post_tag","embeddable":true,"href":"https:\/\/www.webdo.tn\/fr\/wp-json\/wp\/v2\/tags?post=117007"}],"curies":[{"name":"wp","href":"https:\/\/api.w.org\/{rel}","templated":true}]}}