{"id":117006,"date":"2012-02-24T10:31:00","date_gmt":"2012-02-24T09:31:00","guid":{"rendered":"https:\/\/www.webdo.tn\/fr\/actualite\/culture\/la-tunisie-vote-l-emouvant-documentaire-de-hichem-ben-ammar\/117006"},"modified":"2025-06-04T19:00:09","modified_gmt":"2025-06-04T19:00:09","slug":"la-tunisie-vote-l-emouvant-documentaire-de-hichem-ben-ammar-2","status":"publish","type":"post","link":"https:\/\/www.webdo.tn\/fr\/actualite\/culture\/la-tunisie-vote-l-emouvant-documentaire-de-hichem-ben-ammar-2\/117006\/","title":{"rendered":"\u00ab La Tunisie vote \u00bb, l\u2019\u00e9mouvant documentaire de Hichem Ben Ammar"},"content":{"rendered":"<p>Le plus chevronn\u00e9 des r\u00e9alisateurs documentaristes, qui a su donner ses lettres de noblesse au film documentaire, a pr\u00e9sent\u00e9 hier au \u00ab Mondial \u00bb son dernier opus. Apr\u00e8s \u00ab Rais Labhar \u00bb, \u00ab J\u2019en ai vu des \u00e9toiles \u00bb et \u00ab Un conte de faits \u00bb qui ont tous connu un franc succ\u00e8s, Hichem ben Ammar signe avec \u00ab La Tunisie vote \u00bb un remarquable documentaire sur la journ\u00e9e historique du 23 octobre 2011. Date ind\u00e9niablement historique, cette journ\u00e9e particuli\u00e8re a \u00e9t\u00e9 marqu\u00e9e par un enthousiasme des citoyens appel\u00e9s pour la premi\u00e8re fois \u00e0 \u00e9lire d\u00e9mocratiquement l\u2019Assembl\u00e9e nationale constituante. D\u00e8s le lever d\u2019un soleil automnal doux, l\u2019auteur s\u2019attelle \u00e0 parcourir les bureaux de vote aussi bien dans les grandes villes que dans les coins les plus recul\u00e9s du pays. Des propos recueillis dans les files d\u2019attente ou \u00e0 la sortie des bureaux, c\u2019est toujours le m\u00eame bonheur qui se d\u00e9gage des visages des \u00e9lecteurs et des \u00e9lectrices, le tout dans une ambiance ostensiblement bon enfant.<\/p>\n<p>Dans les paroles des jeunes et moins jeunes, hommes et femmes s\u2019entend quasiment toujours l\u2019espoir que le 23 octobre constitue le point de d\u00e9part d\u2019une Tunisie nouvelle anim\u00e9e par les sentiments de civisme t de citoyennet\u00e9. Les plans rapproch\u00e9s auxquels recourt Hichem Ben Ammar laissent transpara\u00eetre comme une sorte d\u2019empathie avec les personnes interrog\u00e9es. Comme dans ces pr\u00e9c\u00e9dents documentaires, le souci esth\u00e9tique n\u2019est jamais n\u00e9glig\u00e9. Il conf\u00e8re m\u00eame au film une dimension qui le hisse \u00e0 une \u0153uvre d\u2019art tant il est vrai que l\u2019\u00e9motion \u00e0 la fois citoyenne et po\u00e9tique innerve le travail durant toute sa dur\u00e9e. On n\u2019occultera pas la bande-son, judicieusement choisie, qui en \u00e9pousant parfaitement la solennit\u00e9 de l\u2019\u00e9v\u00e9nement lui donne une subtile harmonie.<\/p>\n","protected":false},"excerpt":{"rendered":"<p>\u00ab La Tunisie vote \u00bb, l\u2019\u00e9mouvant documentaire de Hichem Ben Ammar <\/p>\n","protected":false},"author":3222,"featured_media":374684,"comment_status":"open","ping_status":"open","sticky":false,"template":"","format":"standard","meta":{"footnotes":""},"categories":[2594],"tags":[],"class_list":["post-117006","post","type-post","status-publish","format-standard","has-post-thumbnail","hentry","category-culture"],"yoast_head":"<!-- This site is optimized with the Yoast SEO Premium plugin v27.5 (Yoast SEO v27.5) - https:\/\/yoast.com\/product\/yoast-seo-premium-wordpress\/ -->\n<title>\u00ab La Tunisie vote \u00bb, l\u2019\u00e9mouvant documentaire de Hichem Ben Ammar<\/title>\n<meta name=\"description\" content=\"\u00ab La Tunisie vote \u00bb, l\u2019\u00e9mouvant documentaire de Hichem Ben Ammar\" \/>\n<link rel=\"canonical\" href=\"https:\/\/www.webdo.tn\/fr\/actualite\/culture\/la-tunisie-vote-l-emouvant-documentaire-de-hichem-ben-ammar-2\/117006\/\" \/>\n<meta property=\"og:locale\" content=\"fr_FR\" \/>\n<meta property=\"og:type\" content=\"article\" \/>\n<meta property=\"og:title\" content=\"\u00ab La Tunisie vote \u00bb, l\u2019\u00e9mouvant documentaire de Hichem Ben Ammar\" \/>\n<meta property=\"og:description\" content=\"\u00ab La Tunisie vote \u00bb, l\u2019\u00e9mouvant documentaire de Hichem Ben Ammar\" \/>\n<meta property=\"og:url\" content=\"https:\/\/www.webdo.tn\/fr\/actualite\/culture\/la-tunisie-vote-l-emouvant-documentaire-de-hichem-ben-ammar-2\/117006\/\" \/>\n<meta property=\"og:site_name\" content=\"webdo\" \/>\n<meta property=\"article:publisher\" content=\"https:\/\/www.facebook.com\/webdotn\" \/>\n<meta property=\"article:published_time\" content=\"2012-02-24T09:31:00+00:00\" \/>\n<meta property=\"article:modified_time\" content=\"2025-06-04T19:00:09+00:00\" \/>\n<meta name=\"author\" content=\"webdo.tn\" \/>\n<meta name=\"twitter:card\" content=\"summary_large_image\" \/>\n<meta name=\"twitter:creator\" content=\"@webdo_tn\" \/>\n<meta name=\"twitter:site\" content=\"@webdo_tn\" \/>\n<meta name=\"twitter:label1\" content=\"\u00c9crit par\" \/>\n\t<meta name=\"twitter:data1\" content=\"webdo.tn\" \/>\n\t<meta name=\"twitter:label2\" content=\"Dur\u00e9e de lecture estim\u00e9e\" \/>\n\t<meta name=\"twitter:data2\" content=\"2 minutes\" \/>\n<script type=\"application\/ld+json\" class=\"yoast-schema-graph\">{\"@context\":\"https:\\\/\\\/schema.org\",\"@graph\":[{\"@type\":\"NewsArticle\",\"@id\":\"https:\\\/\\\/www.webdo.tn\\\/fr\\\/actualite\\\/culture\\\/la-tunisie-vote-l-emouvant-documentaire-de-hichem-ben-ammar-2\\\/117006\\\/#article\",\"isPartOf\":{\"@id\":\"https:\\\/\\\/www.webdo.tn\\\/fr\\\/actualite\\\/culture\\\/la-tunisie-vote-l-emouvant-documentaire-de-hichem-ben-ammar-2\\\/117006\\\/\"},\"author\":{\"name\":\"webdo.tn\",\"@id\":\"https:\\\/\\\/www.webdo.tn\\\/fr\\\/#\\\/schema\\\/person\\\/9a9c6118d687c117df8ef3cc36a4d175\"},\"headline\":\"\u00ab La Tunisie vote \u00bb, l\u2019\u00e9mouvant documentaire de Hichem Ben Ammar\",\"datePublished\":\"2012-02-24T09:31:00+00:00\",\"dateModified\":\"2025-06-04T19:00:09+00:00\",\"mainEntityOfPage\":{\"@id\":\"https:\\\/\\\/www.webdo.tn\\\/fr\\\/actualite\\\/culture\\\/la-tunisie-vote-l-emouvant-documentaire-de-hichem-ben-ammar-2\\\/117006\\\/\"},\"wordCount\":322,\"commentCount\":0,\"publisher\":{\"@id\":\"https:\\\/\\\/www.webdo.tn\\\/fr\\\/#organization\"},\"image\":{\"@id\":\"https:\\\/\\\/www.webdo.tn\\\/fr\\\/actualite\\\/culture\\\/la-tunisie-vote-l-emouvant-documentaire-de-hichem-ben-ammar-2\\\/117006\\\/#primaryimage\"},\"thumbnailUrl\":\"https:\\\/\\\/www.webdo.tn\\\/fr\\\/wp-content\\\/uploads\\\/2025\\\/06\\\/Hichem-Ben-Ammar-photo-uncontedefaits.wordpress.com__117006.jpg\",\"articleSection\":[\"Culture\"],\"inLanguage\":\"fr-FR\"},{\"@type\":\"WebPage\",\"@id\":\"https:\\\/\\\/www.webdo.tn\\\/fr\\\/actualite\\\/culture\\\/la-tunisie-vote-l-emouvant-documentaire-de-hichem-ben-ammar-2\\\/117006\\\/\",\"url\":\"https:\\\/\\\/www.webdo.tn\\\/fr\\\/actualite\\\/culture\\\/la-tunisie-vote-l-emouvant-documentaire-de-hichem-ben-ammar-2\\\/117006\\\/\",\"name\":\"\u00ab La Tunisie vote \u00bb, l\u2019\u00e9mouvant documentaire de Hichem Ben Ammar\",\"isPartOf\":{\"@id\":\"https:\\\/\\\/www.webdo.tn\\\/fr\\\/#website\"},\"primaryImageOfPage\":{\"@id\":\"https:\\\/\\\/www.webdo.tn\\\/fr\\\/actualite\\\/culture\\\/la-tunisie-vote-l-emouvant-documentaire-de-hichem-ben-ammar-2\\\/117006\\\/#primaryimage\"},\"image\":{\"@id\":\"https:\\\/\\\/www.webdo.tn\\\/fr\\\/actualite\\\/culture\\\/la-tunisie-vote-l-emouvant-documentaire-de-hichem-ben-ammar-2\\\/117006\\\/#primaryimage\"},\"thumbnailUrl\":\"https:\\\/\\\/www.webdo.tn\\\/fr\\\/wp-content\\\/uploads\\\/2025\\\/06\\\/Hichem-Ben-Ammar-photo-uncontedefaits.wordpress.com__117006.jpg\",\"datePublished\":\"2012-02-24T09:31:00+00:00\",\"dateModified\":\"2025-06-04T19:00:09+00:00\",\"description\":\"\u00ab La Tunisie vote \u00bb, l\u2019\u00e9mouvant documentaire de Hichem Ben Ammar\",\"breadcrumb\":{\"@id\":\"https:\\\/\\\/www.webdo.tn\\\/fr\\\/actualite\\\/culture\\\/la-tunisie-vote-l-emouvant-documentaire-de-hichem-ben-ammar-2\\\/117006\\\/#breadcrumb\"},\"inLanguage\":\"fr-FR\",\"potentialAction\":[{\"@type\":\"ReadAction\",\"target\":[\"https:\\\/\\\/www.webdo.tn\\\/fr\\\/actualite\\\/culture\\\/la-tunisie-vote-l-emouvant-documentaire-de-hichem-ben-ammar-2\\\/117006\\\/\"]}]},{\"@type\":\"ImageObject\",\"inLanguage\":\"fr-FR\",\"@id\":\"https:\\\/\\\/www.webdo.tn\\\/fr\\\/actualite\\\/culture\\\/la-tunisie-vote-l-emouvant-documentaire-de-hichem-ben-ammar-2\\\/117006\\\/#primaryimage\",\"url\":\"https:\\\/\\\/www.webdo.tn\\\/fr\\\/wp-content\\\/uploads\\\/2025\\\/06\\\/Hichem-Ben-Ammar-photo-uncontedefaits.wordpress.com__117006.jpg\",\"contentUrl\":\"https:\\\/\\\/www.webdo.tn\\\/fr\\\/wp-content\\\/uploads\\\/2025\\\/06\\\/Hichem-Ben-Ammar-photo-uncontedefaits.wordpress.com__117006.jpg\",\"width\":300,\"height\":200,\"caption\":\"\u00ab La Tunisie vote \u00bb, l\u2019\u00e9mouvant documentaire de Hichem Ben Ammar\"},{\"@type\":\"BreadcrumbList\",\"@id\":\"https:\\\/\\\/www.webdo.tn\\\/fr\\\/actualite\\\/culture\\\/la-tunisie-vote-l-emouvant-documentaire-de-hichem-ben-ammar-2\\\/117006\\\/#breadcrumb\",\"itemListElement\":[{\"@type\":\"ListItem\",\"position\":1,\"name\":\"Accueil\",\"item\":\"https:\\\/\\\/www.webdo.tn\\\/fr\\\/\"},{\"@type\":\"ListItem\",\"position\":2,\"name\":\"\u00ab La Tunisie vote \u00bb, l\u2019\u00e9mouvant documentaire de Hichem Ben Ammar\"}]},{\"@type\":\"WebSite\",\"@id\":\"https:\\\/\\\/www.webdo.tn\\\/fr\\\/#website\",\"url\":\"https:\\\/\\\/www.webdo.tn\\\/fr\\\/\",\"name\":\"webdo\",\"description\":\"Tunisie - News en Tunisie et \u00e0 l&#039;international sur Webdo.tn\",\"publisher\":{\"@id\":\"https:\\\/\\\/www.webdo.tn\\\/fr\\\/#organization\"},\"potentialAction\":[{\"@type\":\"SearchAction\",\"target\":{\"@type\":\"EntryPoint\",\"urlTemplate\":\"https:\\\/\\\/www.webdo.tn\\\/fr\\\/?s={search_term_string}\"},\"query-input\":{\"@type\":\"PropertyValueSpecification\",\"valueRequired\":true,\"valueName\":\"search_term_string\"}}],\"inLanguage\":\"fr-FR\"},{\"@type\":\"Organization\",\"@id\":\"https:\\\/\\\/www.webdo.tn\\\/fr\\\/#organization\",\"name\":\"Webdo\",\"alternateName\":\"Webdo.tn\",\"url\":\"https:\\\/\\\/www.webdo.tn\\\/fr\\\/\",\"logo\":{\"@type\":\"ImageObject\",\"inLanguage\":\"fr-FR\",\"@id\":\"https:\\\/\\\/www.webdo.tn\\\/fr\\\/#\\\/schema\\\/logo\\\/image\\\/\",\"url\":\"https:\\\/\\\/www.webdo.tn\\\/fr\\\/wp-content\\\/uploads\\\/2025\\\/06\\\/Webdo-Tunisie_168377.jpg\",\"contentUrl\":\"https:\\\/\\\/www.webdo.tn\\\/fr\\\/wp-content\\\/uploads\\\/2025\\\/06\\\/Webdo-Tunisie_168377.jpg\",\"width\":301,\"height\":301,\"caption\":\"Webdo\"},\"image\":{\"@id\":\"https:\\\/\\\/www.webdo.tn\\\/fr\\\/#\\\/schema\\\/logo\\\/image\\\/\"},\"sameAs\":[\"https:\\\/\\\/www.facebook.com\\\/webdotn\",\"https:\\\/\\\/x.com\\\/webdo_tn\"],\"description\":\"Webdo est un m\u00e9dia num\u00e9rique tunisien fond\u00e9 en 2010, sp\u00e9cialis\u00e9 dans l\u2019actualit\u00e9 nationale et internationale, l\u2019\u00e9conomie, la soci\u00e9t\u00e9 et les analyses politiques. Le site s\u2019adresse \u00e0 un large public francophone et couvre l\u2019information tunisienne en temps r\u00e9el.\",\"email\":\"redac@webdo.tn\",\"legalName\":\"YNJ SARL\",\"foundingDate\":\"2010-09-06\",\"numberOfEmployees\":{\"@type\":\"QuantitativeValue\",\"minValue\":\"11\",\"maxValue\":\"50\"}},{\"@type\":\"Person\",\"@id\":\"https:\\\/\\\/www.webdo.tn\\\/fr\\\/#\\\/schema\\\/person\\\/9a9c6118d687c117df8ef3cc36a4d175\",\"name\":\"webdo.tn\",\"image\":{\"@type\":\"ImageObject\",\"inLanguage\":\"fr-FR\",\"@id\":\"https:\\\/\\\/secure.gravatar.com\\\/avatar\\\/7ce1f28c0c3bbac99ff550b85ef8e44a6950c6ee24514fb6a5489e51d06f0298?s=96&d=mm&r=g\",\"url\":\"https:\\\/\\\/secure.gravatar.com\\\/avatar\\\/7ce1f28c0c3bbac99ff550b85ef8e44a6950c6ee24514fb6a5489e51d06f0298?s=96&d=mm&r=g\",\"contentUrl\":\"https:\\\/\\\/secure.gravatar.com\\\/avatar\\\/7ce1f28c0c3bbac99ff550b85ef8e44a6950c6ee24514fb6a5489e51d06f0298?s=96&d=mm&r=g\",\"caption\":\"webdo.tn\"},\"url\":\"https:\\\/\\\/www.webdo.tn\\\/fr\\\/actualite\\\/author\\\/webdotn\\\/\"}]}<\/script>\n<!-- \/ Yoast SEO Premium plugin. -->","yoast_head_json":{"title":"\u00ab La Tunisie vote \u00bb, l\u2019\u00e9mouvant documentaire de Hichem Ben Ammar","description":"\u00ab La Tunisie vote \u00bb, l\u2019\u00e9mouvant documentaire de Hichem Ben Ammar","canonical":"https:\/\/www.webdo.tn\/fr\/actualite\/culture\/la-tunisie-vote-l-emouvant-documentaire-de-hichem-ben-ammar-2\/117006\/","og_locale":"fr_FR","og_type":"article","og_title":"\u00ab La Tunisie vote \u00bb, l\u2019\u00e9mouvant documentaire de Hichem Ben Ammar","og_description":"\u00ab La Tunisie vote \u00bb, l\u2019\u00e9mouvant documentaire de Hichem Ben Ammar","og_url":"https:\/\/www.webdo.tn\/fr\/actualite\/culture\/la-tunisie-vote-l-emouvant-documentaire-de-hichem-ben-ammar-2\/117006\/","og_site_name":"webdo","article_publisher":"https:\/\/www.facebook.com\/webdotn","article_published_time":"2012-02-24T09:31:00+00:00","article_modified_time":"2025-06-04T19:00:09+00:00","author":"webdo.tn","twitter_card":"summary_large_image","twitter_creator":"@webdo_tn","twitter_site":"@webdo_tn","twitter_misc":{"\u00c9crit par":"webdo.tn","Dur\u00e9e de lecture estim\u00e9e":"2 minutes"},"schema":{"@context":"https:\/\/schema.org","@graph":[{"@type":"NewsArticle","@id":"https:\/\/www.webdo.tn\/fr\/actualite\/culture\/la-tunisie-vote-l-emouvant-documentaire-de-hichem-ben-ammar-2\/117006\/#article","isPartOf":{"@id":"https:\/\/www.webdo.tn\/fr\/actualite\/culture\/la-tunisie-vote-l-emouvant-documentaire-de-hichem-ben-ammar-2\/117006\/"},"author":{"name":"webdo.tn","@id":"https:\/\/www.webdo.tn\/fr\/#\/schema\/person\/9a9c6118d687c117df8ef3cc36a4d175"},"headline":"\u00ab La Tunisie vote \u00bb, l\u2019\u00e9mouvant documentaire de Hichem Ben Ammar","datePublished":"2012-02-24T09:31:00+00:00","dateModified":"2025-06-04T19:00:09+00:00","mainEntityOfPage":{"@id":"https:\/\/www.webdo.tn\/fr\/actualite\/culture\/la-tunisie-vote-l-emouvant-documentaire-de-hichem-ben-ammar-2\/117006\/"},"wordCount":322,"commentCount":0,"publisher":{"@id":"https:\/\/www.webdo.tn\/fr\/#organization"},"image":{"@id":"https:\/\/www.webdo.tn\/fr\/actualite\/culture\/la-tunisie-vote-l-emouvant-documentaire-de-hichem-ben-ammar-2\/117006\/#primaryimage"},"thumbnailUrl":"https:\/\/www.webdo.tn\/fr\/wp-content\/uploads\/2025\/06\/Hichem-Ben-Ammar-photo-uncontedefaits.wordpress.com__117006.jpg","articleSection":["Culture"],"inLanguage":"fr-FR"},{"@type":"WebPage","@id":"https:\/\/www.webdo.tn\/fr\/actualite\/culture\/la-tunisie-vote-l-emouvant-documentaire-de-hichem-ben-ammar-2\/117006\/","url":"https:\/\/www.webdo.tn\/fr\/actualite\/culture\/la-tunisie-vote-l-emouvant-documentaire-de-hichem-ben-ammar-2\/117006\/","name":"\u00ab La Tunisie vote \u00bb, l\u2019\u00e9mouvant documentaire de Hichem Ben Ammar","isPartOf":{"@id":"https:\/\/www.webdo.tn\/fr\/#website"},"primaryImageOfPage":{"@id":"https:\/\/www.webdo.tn\/fr\/actualite\/culture\/la-tunisie-vote-l-emouvant-documentaire-de-hichem-ben-ammar-2\/117006\/#primaryimage"},"image":{"@id":"https:\/\/www.webdo.tn\/fr\/actualite\/culture\/la-tunisie-vote-l-emouvant-documentaire-de-hichem-ben-ammar-2\/117006\/#primaryimage"},"thumbnailUrl":"https:\/\/www.webdo.tn\/fr\/wp-content\/uploads\/2025\/06\/Hichem-Ben-Ammar-photo-uncontedefaits.wordpress.com__117006.jpg","datePublished":"2012-02-24T09:31:00+00:00","dateModified":"2025-06-04T19:00:09+00:00","description":"\u00ab La Tunisie vote \u00bb, l\u2019\u00e9mouvant documentaire de Hichem Ben Ammar","breadcrumb":{"@id":"https:\/\/www.webdo.tn\/fr\/actualite\/culture\/la-tunisie-vote-l-emouvant-documentaire-de-hichem-ben-ammar-2\/117006\/#breadcrumb"},"inLanguage":"fr-FR","potentialAction":[{"@type":"ReadAction","target":["https:\/\/www.webdo.tn\/fr\/actualite\/culture\/la-tunisie-vote-l-emouvant-documentaire-de-hichem-ben-ammar-2\/117006\/"]}]},{"@type":"ImageObject","inLanguage":"fr-FR","@id":"https:\/\/www.webdo.tn\/fr\/actualite\/culture\/la-tunisie-vote-l-emouvant-documentaire-de-hichem-ben-ammar-2\/117006\/#primaryimage","url":"https:\/\/www.webdo.tn\/fr\/wp-content\/uploads\/2025\/06\/Hichem-Ben-Ammar-photo-uncontedefaits.wordpress.com__117006.jpg","contentUrl":"https:\/\/www.webdo.tn\/fr\/wp-content\/uploads\/2025\/06\/Hichem-Ben-Ammar-photo-uncontedefaits.wordpress.com__117006.jpg","width":300,"height":200,"caption":"\u00ab La Tunisie vote \u00bb, l\u2019\u00e9mouvant documentaire de Hichem Ben Ammar"},{"@type":"BreadcrumbList","@id":"https:\/\/www.webdo.tn\/fr\/actualite\/culture\/la-tunisie-vote-l-emouvant-documentaire-de-hichem-ben-ammar-2\/117006\/#breadcrumb","itemListElement":[{"@type":"ListItem","position":1,"name":"Accueil","item":"https:\/\/www.webdo.tn\/fr\/"},{"@type":"ListItem","position":2,"name":"\u00ab La Tunisie vote \u00bb, l\u2019\u00e9mouvant documentaire de Hichem Ben Ammar"}]},{"@type":"WebSite","@id":"https:\/\/www.webdo.tn\/fr\/#website","url":"https:\/\/www.webdo.tn\/fr\/","name":"webdo","description":"Tunisie - News en Tunisie et \u00e0 l&#039;international sur Webdo.tn","publisher":{"@id":"https:\/\/www.webdo.tn\/fr\/#organization"},"potentialAction":[{"@type":"SearchAction","target":{"@type":"EntryPoint","urlTemplate":"https:\/\/www.webdo.tn\/fr\/?s={search_term_string}"},"query-input":{"@type":"PropertyValueSpecification","valueRequired":true,"valueName":"search_term_string"}}],"inLanguage":"fr-FR"},{"@type":"Organization","@id":"https:\/\/www.webdo.tn\/fr\/#organization","name":"Webdo","alternateName":"Webdo.tn","url":"https:\/\/www.webdo.tn\/fr\/","logo":{"@type":"ImageObject","inLanguage":"fr-FR","@id":"https:\/\/www.webdo.tn\/fr\/#\/schema\/logo\/image\/","url":"https:\/\/www.webdo.tn\/fr\/wp-content\/uploads\/2025\/06\/Webdo-Tunisie_168377.jpg","contentUrl":"https:\/\/www.webdo.tn\/fr\/wp-content\/uploads\/2025\/06\/Webdo-Tunisie_168377.jpg","width":301,"height":301,"caption":"Webdo"},"image":{"@id":"https:\/\/www.webdo.tn\/fr\/#\/schema\/logo\/image\/"},"sameAs":["https:\/\/www.facebook.com\/webdotn","https:\/\/x.com\/webdo_tn"],"description":"Webdo est un m\u00e9dia num\u00e9rique tunisien fond\u00e9 en 2010, sp\u00e9cialis\u00e9 dans l\u2019actualit\u00e9 nationale et internationale, l\u2019\u00e9conomie, la soci\u00e9t\u00e9 et les analyses politiques. Le site s\u2019adresse \u00e0 un large public francophone et couvre l\u2019information tunisienne en temps r\u00e9el.","email":"redac@webdo.tn","legalName":"YNJ SARL","foundingDate":"2010-09-06","numberOfEmployees":{"@type":"QuantitativeValue","minValue":"11","maxValue":"50"}},{"@type":"Person","@id":"https:\/\/www.webdo.tn\/fr\/#\/schema\/person\/9a9c6118d687c117df8ef3cc36a4d175","name":"webdo.tn","image":{"@type":"ImageObject","inLanguage":"fr-FR","@id":"https:\/\/secure.gravatar.com\/avatar\/7ce1f28c0c3bbac99ff550b85ef8e44a6950c6ee24514fb6a5489e51d06f0298?s=96&d=mm&r=g","url":"https:\/\/secure.gravatar.com\/avatar\/7ce1f28c0c3bbac99ff550b85ef8e44a6950c6ee24514fb6a5489e51d06f0298?s=96&d=mm&r=g","contentUrl":"https:\/\/secure.gravatar.com\/avatar\/7ce1f28c0c3bbac99ff550b85ef8e44a6950c6ee24514fb6a5489e51d06f0298?s=96&d=mm&r=g","caption":"webdo.tn"},"url":"https:\/\/www.webdo.tn\/fr\/actualite\/author\/webdotn\/"}]}},"_links":{"self":[{"href":"https:\/\/www.webdo.tn\/fr\/wp-json\/wp\/v2\/posts\/117006","targetHints":{"allow":["GET"]}}],"collection":[{"href":"https:\/\/www.webdo.tn\/fr\/wp-json\/wp\/v2\/posts"}],"about":[{"href":"https:\/\/www.webdo.tn\/fr\/wp-json\/wp\/v2\/types\/post"}],"author":[{"embeddable":true,"href":"https:\/\/www.webdo.tn\/fr\/wp-json\/wp\/v2\/users\/3222"}],"replies":[{"embeddable":true,"href":"https:\/\/www.webdo.tn\/fr\/wp-json\/wp\/v2\/comments?post=117006"}],"version-history":[{"count":0,"href":"https:\/\/www.webdo.tn\/fr\/wp-json\/wp\/v2\/posts\/117006\/revisions"}],"wp:featuredmedia":[{"embeddable":true,"href":"https:\/\/www.webdo.tn\/fr\/wp-json\/wp\/v2\/media\/374684"}],"wp:attachment":[{"href":"https:\/\/www.webdo.tn\/fr\/wp-json\/wp\/v2\/media?parent=117006"}],"wp:term":[{"taxonomy":"category","embeddable":true,"href":"https:\/\/www.webdo.tn\/fr\/wp-json\/wp\/v2\/categories?post=117006"},{"taxonomy":"post_tag","embeddable":true,"href":"https:\/\/www.webdo.tn\/fr\/wp-json\/wp\/v2\/tags?post=117006"}],"curies":[{"name":"wp","href":"https:\/\/api.w.org\/{rel}","templated":true}]}}