{"id":117005,"date":"2012-02-27T15:31:00","date_gmt":"2012-02-27T14:31:00","guid":{"rendered":"https:\/\/www.webdo.tn\/fr\/actualite\/culture\/opinion-ceci-nest-pas-une-critique-theatrale\/117005"},"modified":"2025-06-04T18:59:40","modified_gmt":"2025-06-04T18:59:40","slug":"opinion-ceci-nest-pas-une-critique-theatrale","status":"publish","type":"post","link":"https:\/\/www.webdo.tn\/fr\/actualite\/culture\/opinion-ceci-nest-pas-une-critique-theatrale\/117005\/","title":{"rendered":"Opinion &#8211; Ceci n&rsquo;est pas une critique th\u00e9\u00e2trale"},"content":{"rendered":"<p>Parce que je ne peux absolument pas \u00eatre objective quand il s&rsquo;agit de Bourguiba, ceci n&rsquo;est pas une critique th\u00e9\u00e2trale !!<\/p>\n<p>Je suis all\u00e9e voir la pi\u00e8ce de Raja Farhat, \u00ab\u00a0Bourguiba, derni\u00e8re prison\u00a0\u00bb, une pi\u00e8ce o\u00f9 j&rsquo;ai pleur\u00e9 du d\u00e9but \u00e0 la fin !!<\/p>\n<p>J&rsquo;ai pleur\u00e9 tout ce que Bourguiba avait construit et qui est en train de tomber en ruine actuellement !!<\/p>\n<p>J&rsquo;ai pleur\u00e9 les acquis que nous sommes en passe de perdre, j&rsquo;ai pleur\u00e9 ce bateau nomm\u00e9 Tunisie qui est \u00e0 la d\u00e9rive et que nous voyons sombrer de jour en jour !!<\/p>\n<p>La pi\u00e8ce en elle-m\u00eame est un monologue o\u00f9 Raja Farhat, avec une mimique et une gestuelle excellentes, de l&rsquo;humour et une critique mordante, fait revivre Bourguiba pour trois heures de temps !!<\/p>\n<p>Bourguiba nous parle de son parcours,de ses positions, de sa vie et de son combat. Mais aussi de ses faiblesses, de ses amours, de ses erreurs, et de ses d\u00e9ceptions.<\/p>\n<p>Une grande place est consacr\u00e9e aux r\u00e9f\u00e9rences religieuses qui ont permis \u00e0 Bourguiba et \u00e0 ses \u00ab\u00a0camarades\u00a0\u00bb de mettre en place des lois avant-gardistes comme l&rsquo;abolition de la polygamie.<\/p>\n<p>On ne peut qu&rsquo;aimer davantage cet homme et admirer son intelligence et son \u00e9rudition, et l&rsquo;\u00e9norme importance qu&rsquo;il accordait au savoir et \u00e0 la culture, et on ne peut s&#8217;emp\u00eacher de le comparer aux dirigeants politiques qui lui ont succ\u00e9d\u00e9 et dont la m\u00e9diocrit\u00e9 est la principale caract\u00e9ristique !!<\/p>\n<p>Ces paroles d&rsquo;outre-tombe nous interpellent sur l&rsquo;avenir de ce pays, c&rsquo;est comme si ce Bourguiba ressuscit\u00e9 le temps d&rsquo;une pi\u00e8ce de th\u00e9\u00e2tre mettait entre nos mains une lourde responsabilit\u00e9, celle de ne pas laisser d\u00e9truite l&rsquo;oeuvre de sa vie et dilapider son h\u00e9ritage !!<\/p>\n<p>La salle \u00e9tait comble, on avait m\u00eame rajout\u00e9 des chaises \u00e0 l&rsquo;arri\u00e8re, et le public d\u00e9j\u00e0 conquis a applaudi \u00e0 maintes reprises !!<\/p>\n<p>Cette pi\u00e8ce anthologique devrait \u00eatre jou\u00e9e partout en Tunisie. Les parents doivent emmener leurs enfants la voir, c&rsquo;est un pan tr\u00e8s important de l&rsquo;histoire de la Tunisie qu&rsquo;on essaye de salir et de fausser et qu&rsquo;il faut sauvegarder. Raja Farhat, en r\u00e9incarnant Bourguiba, a fait son \u00ab\u00a0devoir de r\u00e9miniscence \u00ab\u00a0. Reste \u00e0 nous autres, citoyens tunisiens impr\u00e9gn\u00e9s des valeurs de la r\u00e9publique et de l&rsquo;\u00e9tat de droit, \u00e0 le faire !!<\/p>\n","protected":false},"excerpt":{"rendered":"<p>Opinion &#8211; Ceci n&rsquo;est pas une critique th\u00e9\u00e2trale <\/p>\n","protected":false},"author":3222,"featured_media":374491,"comment_status":"open","ping_status":"open","sticky":false,"template":"","format":"standard","meta":{"footnotes":""},"categories":[2594],"tags":[],"class_list":["post-117005","post","type-post","status-publish","format-standard","has-post-thumbnail","hentry","category-culture"],"yoast_head":"<!-- This site is optimized with the Yoast SEO Premium plugin v27.5 (Yoast SEO v27.5) - https:\/\/yoast.com\/product\/yoast-seo-premium-wordpress\/ -->\n<title>Opinion - Ceci n&#039;est pas une critique th\u00e9\u00e2trale<\/title>\n<meta name=\"description\" content=\"Opinion - Ceci n&#039;est pas une critique th\u00e9\u00e2trale\" \/>\n<link rel=\"canonical\" href=\"https:\/\/www.webdo.tn\/fr\/actualite\/culture\/opinion-ceci-nest-pas-une-critique-theatrale\/117005\/\" \/>\n<meta property=\"og:locale\" content=\"fr_FR\" \/>\n<meta property=\"og:type\" content=\"article\" \/>\n<meta property=\"og:title\" content=\"Opinion - Ceci n&#039;est pas une critique th\u00e9\u00e2trale\" \/>\n<meta property=\"og:description\" content=\"Opinion - Ceci n&#039;est pas une critique th\u00e9\u00e2trale\" \/>\n<meta property=\"og:url\" content=\"https:\/\/www.webdo.tn\/fr\/actualite\/culture\/opinion-ceci-nest-pas-une-critique-theatrale\/117005\/\" \/>\n<meta property=\"og:site_name\" content=\"webdo\" \/>\n<meta property=\"article:publisher\" content=\"https:\/\/www.facebook.com\/webdotn\" \/>\n<meta property=\"article:published_time\" content=\"2012-02-27T14:31:00+00:00\" \/>\n<meta property=\"article:modified_time\" content=\"2025-06-04T18:59:40+00:00\" \/>\n<meta name=\"author\" content=\"webdo.tn\" \/>\n<meta name=\"twitter:card\" content=\"summary_large_image\" \/>\n<meta name=\"twitter:creator\" content=\"@webdo_tn\" \/>\n<meta name=\"twitter:site\" content=\"@webdo_tn\" \/>\n<meta name=\"twitter:label1\" content=\"\u00c9crit par\" \/>\n\t<meta name=\"twitter:data1\" content=\"webdo.tn\" \/>\n\t<meta name=\"twitter:label2\" content=\"Dur\u00e9e de lecture estim\u00e9e\" \/>\n\t<meta name=\"twitter:data2\" content=\"2 minutes\" \/>\n<script type=\"application\/ld+json\" class=\"yoast-schema-graph\">{\"@context\":\"https:\\\/\\\/schema.org\",\"@graph\":[{\"@type\":\"NewsArticle\",\"@id\":\"https:\\\/\\\/www.webdo.tn\\\/fr\\\/actualite\\\/culture\\\/opinion-ceci-nest-pas-une-critique-theatrale\\\/117005\\\/#article\",\"isPartOf\":{\"@id\":\"https:\\\/\\\/www.webdo.tn\\\/fr\\\/actualite\\\/culture\\\/opinion-ceci-nest-pas-une-critique-theatrale\\\/117005\\\/\"},\"author\":{\"name\":\"webdo.tn\",\"@id\":\"https:\\\/\\\/www.webdo.tn\\\/fr\\\/#\\\/schema\\\/person\\\/9a9c6118d687c117df8ef3cc36a4d175\"},\"headline\":\"Opinion &#8211; Ceci n&rsquo;est pas une critique th\u00e9\u00e2trale\",\"datePublished\":\"2012-02-27T14:31:00+00:00\",\"dateModified\":\"2025-06-04T18:59:40+00:00\",\"mainEntityOfPage\":{\"@id\":\"https:\\\/\\\/www.webdo.tn\\\/fr\\\/actualite\\\/culture\\\/opinion-ceci-nest-pas-une-critique-theatrale\\\/117005\\\/\"},\"wordCount\":420,\"commentCount\":0,\"publisher\":{\"@id\":\"https:\\\/\\\/www.webdo.tn\\\/fr\\\/#organization\"},\"image\":{\"@id\":\"https:\\\/\\\/www.webdo.tn\\\/fr\\\/actualite\\\/culture\\\/opinion-ceci-nest-pas-une-critique-theatrale\\\/117005\\\/#primaryimage\"},\"thumbnailUrl\":\"https:\\\/\\\/www.webdo.tn\\\/fr\\\/wp-content\\\/uploads\\\/2025\\\/06\\\/La-piece-Bourguiba-derniere-prison_117005.jpg\",\"articleSection\":[\"Culture\"],\"inLanguage\":\"fr-FR\"},{\"@type\":\"WebPage\",\"@id\":\"https:\\\/\\\/www.webdo.tn\\\/fr\\\/actualite\\\/culture\\\/opinion-ceci-nest-pas-une-critique-theatrale\\\/117005\\\/\",\"url\":\"https:\\\/\\\/www.webdo.tn\\\/fr\\\/actualite\\\/culture\\\/opinion-ceci-nest-pas-une-critique-theatrale\\\/117005\\\/\",\"name\":\"Opinion - Ceci n'est pas une critique th\u00e9\u00e2trale\",\"isPartOf\":{\"@id\":\"https:\\\/\\\/www.webdo.tn\\\/fr\\\/#website\"},\"primaryImageOfPage\":{\"@id\":\"https:\\\/\\\/www.webdo.tn\\\/fr\\\/actualite\\\/culture\\\/opinion-ceci-nest-pas-une-critique-theatrale\\\/117005\\\/#primaryimage\"},\"image\":{\"@id\":\"https:\\\/\\\/www.webdo.tn\\\/fr\\\/actualite\\\/culture\\\/opinion-ceci-nest-pas-une-critique-theatrale\\\/117005\\\/#primaryimage\"},\"thumbnailUrl\":\"https:\\\/\\\/www.webdo.tn\\\/fr\\\/wp-content\\\/uploads\\\/2025\\\/06\\\/La-piece-Bourguiba-derniere-prison_117005.jpg\",\"datePublished\":\"2012-02-27T14:31:00+00:00\",\"dateModified\":\"2025-06-04T18:59:40+00:00\",\"description\":\"Opinion - Ceci n'est pas une critique th\u00e9\u00e2trale\",\"breadcrumb\":{\"@id\":\"https:\\\/\\\/www.webdo.tn\\\/fr\\\/actualite\\\/culture\\\/opinion-ceci-nest-pas-une-critique-theatrale\\\/117005\\\/#breadcrumb\"},\"inLanguage\":\"fr-FR\",\"potentialAction\":[{\"@type\":\"ReadAction\",\"target\":[\"https:\\\/\\\/www.webdo.tn\\\/fr\\\/actualite\\\/culture\\\/opinion-ceci-nest-pas-une-critique-theatrale\\\/117005\\\/\"]}]},{\"@type\":\"ImageObject\",\"inLanguage\":\"fr-FR\",\"@id\":\"https:\\\/\\\/www.webdo.tn\\\/fr\\\/actualite\\\/culture\\\/opinion-ceci-nest-pas-une-critique-theatrale\\\/117005\\\/#primaryimage\",\"url\":\"https:\\\/\\\/www.webdo.tn\\\/fr\\\/wp-content\\\/uploads\\\/2025\\\/06\\\/La-piece-Bourguiba-derniere-prison_117005.jpg\",\"contentUrl\":\"https:\\\/\\\/www.webdo.tn\\\/fr\\\/wp-content\\\/uploads\\\/2025\\\/06\\\/La-piece-Bourguiba-derniere-prison_117005.jpg\",\"width\":288,\"height\":198,\"caption\":\"Opinion - Ceci n'est pas une critique th\u00e9\u00e2trale\"},{\"@type\":\"BreadcrumbList\",\"@id\":\"https:\\\/\\\/www.webdo.tn\\\/fr\\\/actualite\\\/culture\\\/opinion-ceci-nest-pas-une-critique-theatrale\\\/117005\\\/#breadcrumb\",\"itemListElement\":[{\"@type\":\"ListItem\",\"position\":1,\"name\":\"Accueil\",\"item\":\"https:\\\/\\\/www.webdo.tn\\\/fr\\\/\"},{\"@type\":\"ListItem\",\"position\":2,\"name\":\"Opinion &#8211; Ceci n&rsquo;est pas une critique th\u00e9\u00e2trale\"}]},{\"@type\":\"WebSite\",\"@id\":\"https:\\\/\\\/www.webdo.tn\\\/fr\\\/#website\",\"url\":\"https:\\\/\\\/www.webdo.tn\\\/fr\\\/\",\"name\":\"webdo\",\"description\":\"Tunisie - News en Tunisie et \u00e0 l&#039;international sur Webdo.tn\",\"publisher\":{\"@id\":\"https:\\\/\\\/www.webdo.tn\\\/fr\\\/#organization\"},\"potentialAction\":[{\"@type\":\"SearchAction\",\"target\":{\"@type\":\"EntryPoint\",\"urlTemplate\":\"https:\\\/\\\/www.webdo.tn\\\/fr\\\/?s={search_term_string}\"},\"query-input\":{\"@type\":\"PropertyValueSpecification\",\"valueRequired\":true,\"valueName\":\"search_term_string\"}}],\"inLanguage\":\"fr-FR\"},{\"@type\":\"Organization\",\"@id\":\"https:\\\/\\\/www.webdo.tn\\\/fr\\\/#organization\",\"name\":\"Webdo\",\"alternateName\":\"Webdo.tn\",\"url\":\"https:\\\/\\\/www.webdo.tn\\\/fr\\\/\",\"logo\":{\"@type\":\"ImageObject\",\"inLanguage\":\"fr-FR\",\"@id\":\"https:\\\/\\\/www.webdo.tn\\\/fr\\\/#\\\/schema\\\/logo\\\/image\\\/\",\"url\":\"https:\\\/\\\/www.webdo.tn\\\/fr\\\/wp-content\\\/uploads\\\/2025\\\/06\\\/Webdo-Tunisie_168377.jpg\",\"contentUrl\":\"https:\\\/\\\/www.webdo.tn\\\/fr\\\/wp-content\\\/uploads\\\/2025\\\/06\\\/Webdo-Tunisie_168377.jpg\",\"width\":301,\"height\":301,\"caption\":\"Webdo\"},\"image\":{\"@id\":\"https:\\\/\\\/www.webdo.tn\\\/fr\\\/#\\\/schema\\\/logo\\\/image\\\/\"},\"sameAs\":[\"https:\\\/\\\/www.facebook.com\\\/webdotn\",\"https:\\\/\\\/x.com\\\/webdo_tn\"],\"description\":\"Webdo est un m\u00e9dia num\u00e9rique tunisien fond\u00e9 en 2010, sp\u00e9cialis\u00e9 dans l\u2019actualit\u00e9 nationale et internationale, l\u2019\u00e9conomie, la soci\u00e9t\u00e9 et les analyses politiques. Le site s\u2019adresse \u00e0 un large public francophone et couvre l\u2019information tunisienne en temps r\u00e9el.\",\"email\":\"redac@webdo.tn\",\"legalName\":\"YNJ SARL\",\"foundingDate\":\"2010-09-06\",\"numberOfEmployees\":{\"@type\":\"QuantitativeValue\",\"minValue\":\"11\",\"maxValue\":\"50\"}},{\"@type\":\"Person\",\"@id\":\"https:\\\/\\\/www.webdo.tn\\\/fr\\\/#\\\/schema\\\/person\\\/9a9c6118d687c117df8ef3cc36a4d175\",\"name\":\"webdo.tn\",\"image\":{\"@type\":\"ImageObject\",\"inLanguage\":\"fr-FR\",\"@id\":\"https:\\\/\\\/secure.gravatar.com\\\/avatar\\\/7ce1f28c0c3bbac99ff550b85ef8e44a6950c6ee24514fb6a5489e51d06f0298?s=96&d=mm&r=g\",\"url\":\"https:\\\/\\\/secure.gravatar.com\\\/avatar\\\/7ce1f28c0c3bbac99ff550b85ef8e44a6950c6ee24514fb6a5489e51d06f0298?s=96&d=mm&r=g\",\"contentUrl\":\"https:\\\/\\\/secure.gravatar.com\\\/avatar\\\/7ce1f28c0c3bbac99ff550b85ef8e44a6950c6ee24514fb6a5489e51d06f0298?s=96&d=mm&r=g\",\"caption\":\"webdo.tn\"},\"url\":\"https:\\\/\\\/www.webdo.tn\\\/fr\\\/actualite\\\/author\\\/webdotn\\\/\"}]}<\/script>\n<!-- \/ Yoast SEO Premium plugin. -->","yoast_head_json":{"title":"Opinion - Ceci n'est pas une critique th\u00e9\u00e2trale","description":"Opinion - Ceci n'est pas une critique th\u00e9\u00e2trale","canonical":"https:\/\/www.webdo.tn\/fr\/actualite\/culture\/opinion-ceci-nest-pas-une-critique-theatrale\/117005\/","og_locale":"fr_FR","og_type":"article","og_title":"Opinion - Ceci n'est pas une critique th\u00e9\u00e2trale","og_description":"Opinion - Ceci n'est pas une critique th\u00e9\u00e2trale","og_url":"https:\/\/www.webdo.tn\/fr\/actualite\/culture\/opinion-ceci-nest-pas-une-critique-theatrale\/117005\/","og_site_name":"webdo","article_publisher":"https:\/\/www.facebook.com\/webdotn","article_published_time":"2012-02-27T14:31:00+00:00","article_modified_time":"2025-06-04T18:59:40+00:00","author":"webdo.tn","twitter_card":"summary_large_image","twitter_creator":"@webdo_tn","twitter_site":"@webdo_tn","twitter_misc":{"\u00c9crit par":"webdo.tn","Dur\u00e9e de lecture estim\u00e9e":"2 minutes"},"schema":{"@context":"https:\/\/schema.org","@graph":[{"@type":"NewsArticle","@id":"https:\/\/www.webdo.tn\/fr\/actualite\/culture\/opinion-ceci-nest-pas-une-critique-theatrale\/117005\/#article","isPartOf":{"@id":"https:\/\/www.webdo.tn\/fr\/actualite\/culture\/opinion-ceci-nest-pas-une-critique-theatrale\/117005\/"},"author":{"name":"webdo.tn","@id":"https:\/\/www.webdo.tn\/fr\/#\/schema\/person\/9a9c6118d687c117df8ef3cc36a4d175"},"headline":"Opinion &#8211; Ceci n&rsquo;est pas une critique th\u00e9\u00e2trale","datePublished":"2012-02-27T14:31:00+00:00","dateModified":"2025-06-04T18:59:40+00:00","mainEntityOfPage":{"@id":"https:\/\/www.webdo.tn\/fr\/actualite\/culture\/opinion-ceci-nest-pas-une-critique-theatrale\/117005\/"},"wordCount":420,"commentCount":0,"publisher":{"@id":"https:\/\/www.webdo.tn\/fr\/#organization"},"image":{"@id":"https:\/\/www.webdo.tn\/fr\/actualite\/culture\/opinion-ceci-nest-pas-une-critique-theatrale\/117005\/#primaryimage"},"thumbnailUrl":"https:\/\/www.webdo.tn\/fr\/wp-content\/uploads\/2025\/06\/La-piece-Bourguiba-derniere-prison_117005.jpg","articleSection":["Culture"],"inLanguage":"fr-FR"},{"@type":"WebPage","@id":"https:\/\/www.webdo.tn\/fr\/actualite\/culture\/opinion-ceci-nest-pas-une-critique-theatrale\/117005\/","url":"https:\/\/www.webdo.tn\/fr\/actualite\/culture\/opinion-ceci-nest-pas-une-critique-theatrale\/117005\/","name":"Opinion - Ceci n'est pas une critique th\u00e9\u00e2trale","isPartOf":{"@id":"https:\/\/www.webdo.tn\/fr\/#website"},"primaryImageOfPage":{"@id":"https:\/\/www.webdo.tn\/fr\/actualite\/culture\/opinion-ceci-nest-pas-une-critique-theatrale\/117005\/#primaryimage"},"image":{"@id":"https:\/\/www.webdo.tn\/fr\/actualite\/culture\/opinion-ceci-nest-pas-une-critique-theatrale\/117005\/#primaryimage"},"thumbnailUrl":"https:\/\/www.webdo.tn\/fr\/wp-content\/uploads\/2025\/06\/La-piece-Bourguiba-derniere-prison_117005.jpg","datePublished":"2012-02-27T14:31:00+00:00","dateModified":"2025-06-04T18:59:40+00:00","description":"Opinion - Ceci n'est pas une critique th\u00e9\u00e2trale","breadcrumb":{"@id":"https:\/\/www.webdo.tn\/fr\/actualite\/culture\/opinion-ceci-nest-pas-une-critique-theatrale\/117005\/#breadcrumb"},"inLanguage":"fr-FR","potentialAction":[{"@type":"ReadAction","target":["https:\/\/www.webdo.tn\/fr\/actualite\/culture\/opinion-ceci-nest-pas-une-critique-theatrale\/117005\/"]}]},{"@type":"ImageObject","inLanguage":"fr-FR","@id":"https:\/\/www.webdo.tn\/fr\/actualite\/culture\/opinion-ceci-nest-pas-une-critique-theatrale\/117005\/#primaryimage","url":"https:\/\/www.webdo.tn\/fr\/wp-content\/uploads\/2025\/06\/La-piece-Bourguiba-derniere-prison_117005.jpg","contentUrl":"https:\/\/www.webdo.tn\/fr\/wp-content\/uploads\/2025\/06\/La-piece-Bourguiba-derniere-prison_117005.jpg","width":288,"height":198,"caption":"Opinion - Ceci n'est pas une critique th\u00e9\u00e2trale"},{"@type":"BreadcrumbList","@id":"https:\/\/www.webdo.tn\/fr\/actualite\/culture\/opinion-ceci-nest-pas-une-critique-theatrale\/117005\/#breadcrumb","itemListElement":[{"@type":"ListItem","position":1,"name":"Accueil","item":"https:\/\/www.webdo.tn\/fr\/"},{"@type":"ListItem","position":2,"name":"Opinion &#8211; Ceci n&rsquo;est pas une critique th\u00e9\u00e2trale"}]},{"@type":"WebSite","@id":"https:\/\/www.webdo.tn\/fr\/#website","url":"https:\/\/www.webdo.tn\/fr\/","name":"webdo","description":"Tunisie - News en Tunisie et \u00e0 l&#039;international sur Webdo.tn","publisher":{"@id":"https:\/\/www.webdo.tn\/fr\/#organization"},"potentialAction":[{"@type":"SearchAction","target":{"@type":"EntryPoint","urlTemplate":"https:\/\/www.webdo.tn\/fr\/?s={search_term_string}"},"query-input":{"@type":"PropertyValueSpecification","valueRequired":true,"valueName":"search_term_string"}}],"inLanguage":"fr-FR"},{"@type":"Organization","@id":"https:\/\/www.webdo.tn\/fr\/#organization","name":"Webdo","alternateName":"Webdo.tn","url":"https:\/\/www.webdo.tn\/fr\/","logo":{"@type":"ImageObject","inLanguage":"fr-FR","@id":"https:\/\/www.webdo.tn\/fr\/#\/schema\/logo\/image\/","url":"https:\/\/www.webdo.tn\/fr\/wp-content\/uploads\/2025\/06\/Webdo-Tunisie_168377.jpg","contentUrl":"https:\/\/www.webdo.tn\/fr\/wp-content\/uploads\/2025\/06\/Webdo-Tunisie_168377.jpg","width":301,"height":301,"caption":"Webdo"},"image":{"@id":"https:\/\/www.webdo.tn\/fr\/#\/schema\/logo\/image\/"},"sameAs":["https:\/\/www.facebook.com\/webdotn","https:\/\/x.com\/webdo_tn"],"description":"Webdo est un m\u00e9dia num\u00e9rique tunisien fond\u00e9 en 2010, sp\u00e9cialis\u00e9 dans l\u2019actualit\u00e9 nationale et internationale, l\u2019\u00e9conomie, la soci\u00e9t\u00e9 et les analyses politiques. Le site s\u2019adresse \u00e0 un large public francophone et couvre l\u2019information tunisienne en temps r\u00e9el.","email":"redac@webdo.tn","legalName":"YNJ SARL","foundingDate":"2010-09-06","numberOfEmployees":{"@type":"QuantitativeValue","minValue":"11","maxValue":"50"}},{"@type":"Person","@id":"https:\/\/www.webdo.tn\/fr\/#\/schema\/person\/9a9c6118d687c117df8ef3cc36a4d175","name":"webdo.tn","image":{"@type":"ImageObject","inLanguage":"fr-FR","@id":"https:\/\/secure.gravatar.com\/avatar\/7ce1f28c0c3bbac99ff550b85ef8e44a6950c6ee24514fb6a5489e51d06f0298?s=96&d=mm&r=g","url":"https:\/\/secure.gravatar.com\/avatar\/7ce1f28c0c3bbac99ff550b85ef8e44a6950c6ee24514fb6a5489e51d06f0298?s=96&d=mm&r=g","contentUrl":"https:\/\/secure.gravatar.com\/avatar\/7ce1f28c0c3bbac99ff550b85ef8e44a6950c6ee24514fb6a5489e51d06f0298?s=96&d=mm&r=g","caption":"webdo.tn"},"url":"https:\/\/www.webdo.tn\/fr\/actualite\/author\/webdotn\/"}]}},"_links":{"self":[{"href":"https:\/\/www.webdo.tn\/fr\/wp-json\/wp\/v2\/posts\/117005","targetHints":{"allow":["GET"]}}],"collection":[{"href":"https:\/\/www.webdo.tn\/fr\/wp-json\/wp\/v2\/posts"}],"about":[{"href":"https:\/\/www.webdo.tn\/fr\/wp-json\/wp\/v2\/types\/post"}],"author":[{"embeddable":true,"href":"https:\/\/www.webdo.tn\/fr\/wp-json\/wp\/v2\/users\/3222"}],"replies":[{"embeddable":true,"href":"https:\/\/www.webdo.tn\/fr\/wp-json\/wp\/v2\/comments?post=117005"}],"version-history":[{"count":0,"href":"https:\/\/www.webdo.tn\/fr\/wp-json\/wp\/v2\/posts\/117005\/revisions"}],"wp:featuredmedia":[{"embeddable":true,"href":"https:\/\/www.webdo.tn\/fr\/wp-json\/wp\/v2\/media\/374491"}],"wp:attachment":[{"href":"https:\/\/www.webdo.tn\/fr\/wp-json\/wp\/v2\/media?parent=117005"}],"wp:term":[{"taxonomy":"category","embeddable":true,"href":"https:\/\/www.webdo.tn\/fr\/wp-json\/wp\/v2\/categories?post=117005"},{"taxonomy":"post_tag","embeddable":true,"href":"https:\/\/www.webdo.tn\/fr\/wp-json\/wp\/v2\/tags?post=117005"}],"curies":[{"name":"wp","href":"https:\/\/api.w.org\/{rel}","templated":true}]}}