{"id":116992,"date":"2012-05-16T18:10:00","date_gmt":"2012-05-16T16:10:00","guid":{"rendered":"https:\/\/www.webdo.tn\/fr\/actualite\/culture\/rencontre-culturelle-avec-hatem-bourial-la-tulipe-et-le-jasmin\/116992"},"modified":"2025-06-04T18:56:54","modified_gmt":"2025-06-04T18:56:54","slug":"rencontre-culturelle-avec-hatem-bourial-la-tulipe-et-le-jasmin","status":"publish","type":"post","link":"https:\/\/www.webdo.tn\/fr\/actualite\/culture\/rencontre-culturelle-avec-hatem-bourial-la-tulipe-et-le-jasmin\/116992\/","title":{"rendered":"Rencontre culturelle avec Hatem Bourial\u00a0: \u00ab La Tulipe et le Jasmin\u00a0\u00bb"},"content":{"rendered":"<p>Dans le cadre du mois de la Hollande, l\u2019Ambassade du Royaume des Pays-Bas en Tunisie organise une rencontre culturelle consacr\u00e9e \u00e0 la pr\u00e9sentation du livre La Tulipe et le Jasmin de M. Hatem Bourial, le mardi 22 mai 2012 \u00e0 19h \u00e0 l\u2019Espace Sophonisbe de Carthage.<\/p>\n<p>L\u2019\u00e9v\u00e9nement aura lieu en pr\u00e9sence de Monsieur Willem Weijland, directeur du Mus\u00e9e des Antiquit\u00e9s de Leyde aux Pays-Bas et du professeur Ruurd Halbertsma, conservateur au m\u00eame mus\u00e9e et auteur d\u2019un livre sur Jean-Emile Humbert.<\/p>\n<p>S\u2019appuyant sur les travaux d\u2019historiens n\u00e9erlandais et tunisiens, La Tulipe et le Jasmin tente de reconstituer la toile de fond des relations diplomatiques et culturelles entre la Tunisie et les Pays-Bas depuis le dix-septi\u00e8me si\u00e8cle.<\/p>\n<p>Au fil des pages, l\u2019auteur nous m\u00e8ne \u00e0 la rencontre de surprenants corsaires barbaresques, de savants n\u00e9erlandais et leurs descriptions de la R\u00e9gence de Tunis, de peintres et de graveurs dessinant leurs estampes hollandaises de la Tunisie.<\/p>\n<p>Dans sa lanc\u00e9e, l\u2019auteur nous invite \u00e0 d\u00e9couvrir la saga des premiers consuls de La Haye \u00e0 Tunis, l\u2019am\u00e9nagement du port de La Goulette par des ing\u00e9nieurs hollandais sous le r\u00e8gne de Hamouda Pacha, les d\u00e9couvertes arch\u00e9ologiques de  Jean-Emile Humbert ainsi qu\u2019une noria de vaisseaux et navires en M\u00e9diterran\u00e9e.<\/p>\n<p>Enfin, La Tulipe et le Jasmin revient sur le voyage de Kh\u00e9reddine \u00e0 La Haye en 1867 et nous invite \u00e0 feuilleter les \u0153uvres tunisiennes de grands \u00e9crivains des Pays-Bas, \u00e0 l\u2019image de Louis Couperus ou Cees Nooteboom.<\/p>\n<p>La Tulipe et le Jasmin est ainsi un livre qui, pour la premi\u00e8re fois, r\u00e9unit dans le m\u00eame ouvrage des informations dispers\u00e9es et difficilement accessibles. La pr\u00e9sentation du livre sera suivie d\u2019un d\u00e9bat.<\/p>\n","protected":false},"excerpt":{"rendered":"<p>Rencontre culturelle avec Hatem Bourial\u00a0: \u00ab La Tulipe et le Jasmin\u00a0\u00bb <\/p>\n","protected":false},"author":3222,"featured_media":374736,"comment_status":"open","ping_status":"open","sticky":false,"template":"","format":"standard","meta":{"footnotes":""},"categories":[2594],"tags":[],"class_list":["post-116992","post","type-post","status-publish","format-standard","has-post-thumbnail","hentry","category-culture"],"yoast_head":"<!-- This site is optimized with the Yoast SEO Premium plugin v27.5 (Yoast SEO v27.5) - https:\/\/yoast.com\/product\/yoast-seo-premium-wordpress\/ -->\n<title>Rencontre culturelle avec Hatem Bourial\u00a0: \u00ab La Tulipe et le Jasmin\u00a0\u00bb<\/title>\n<meta name=\"description\" content=\"Rencontre culturelle avec Hatem Bourial\u00a0: \u00ab La Tulipe et le Jasmin\u00a0\u00bb\" \/>\n<link rel=\"canonical\" href=\"https:\/\/www.webdo.tn\/fr\/actualite\/culture\/rencontre-culturelle-avec-hatem-bourial-la-tulipe-et-le-jasmin\/116992\/\" \/>\n<meta property=\"og:locale\" content=\"fr_FR\" \/>\n<meta property=\"og:type\" content=\"article\" \/>\n<meta property=\"og:title\" content=\"Rencontre culturelle avec Hatem Bourial\u00a0: \u00ab La Tulipe et le Jasmin\u00a0\u00bb\" \/>\n<meta property=\"og:description\" content=\"Rencontre culturelle avec Hatem Bourial\u00a0: \u00ab La Tulipe et le Jasmin\u00a0\u00bb\" \/>\n<meta property=\"og:url\" content=\"https:\/\/www.webdo.tn\/fr\/actualite\/culture\/rencontre-culturelle-avec-hatem-bourial-la-tulipe-et-le-jasmin\/116992\/\" \/>\n<meta property=\"og:site_name\" content=\"webdo\" \/>\n<meta property=\"article:publisher\" content=\"https:\/\/www.facebook.com\/webdotn\" \/>\n<meta property=\"article:published_time\" content=\"2012-05-16T16:10:00+00:00\" \/>\n<meta property=\"article:modified_time\" content=\"2025-06-04T18:56:54+00:00\" \/>\n<meta name=\"author\" content=\"webdo.tn\" \/>\n<meta name=\"twitter:card\" content=\"summary_large_image\" \/>\n<meta name=\"twitter:creator\" content=\"@webdo_tn\" \/>\n<meta name=\"twitter:site\" content=\"@webdo_tn\" \/>\n<meta name=\"twitter:label1\" content=\"\u00c9crit par\" \/>\n\t<meta name=\"twitter:data1\" content=\"webdo.tn\" \/>\n\t<meta name=\"twitter:label2\" content=\"Dur\u00e9e de lecture estim\u00e9e\" \/>\n\t<meta name=\"twitter:data2\" content=\"2 minutes\" \/>\n<script type=\"application\/ld+json\" class=\"yoast-schema-graph\">{\"@context\":\"https:\\\/\\\/schema.org\",\"@graph\":[{\"@type\":\"NewsArticle\",\"@id\":\"https:\\\/\\\/www.webdo.tn\\\/fr\\\/actualite\\\/culture\\\/rencontre-culturelle-avec-hatem-bourial-la-tulipe-et-le-jasmin\\\/116992\\\/#article\",\"isPartOf\":{\"@id\":\"https:\\\/\\\/www.webdo.tn\\\/fr\\\/actualite\\\/culture\\\/rencontre-culturelle-avec-hatem-bourial-la-tulipe-et-le-jasmin\\\/116992\\\/\"},\"author\":{\"name\":\"webdo.tn\",\"@id\":\"https:\\\/\\\/www.webdo.tn\\\/fr\\\/#\\\/schema\\\/person\\\/9a9c6118d687c117df8ef3cc36a4d175\"},\"headline\":\"Rencontre culturelle avec Hatem Bourial\u00a0: \u00ab La Tulipe et le Jasmin\u00a0\u00bb\",\"datePublished\":\"2012-05-16T16:10:00+00:00\",\"dateModified\":\"2025-06-04T18:56:54+00:00\",\"mainEntityOfPage\":{\"@id\":\"https:\\\/\\\/www.webdo.tn\\\/fr\\\/actualite\\\/culture\\\/rencontre-culturelle-avec-hatem-bourial-la-tulipe-et-le-jasmin\\\/116992\\\/\"},\"wordCount\":312,\"commentCount\":0,\"publisher\":{\"@id\":\"https:\\\/\\\/www.webdo.tn\\\/fr\\\/#organization\"},\"image\":{\"@id\":\"https:\\\/\\\/www.webdo.tn\\\/fr\\\/actualite\\\/culture\\\/rencontre-culturelle-avec-hatem-bourial-la-tulipe-et-le-jasmin\\\/116992\\\/#primaryimage\"},\"thumbnailUrl\":\"https:\\\/\\\/www.webdo.tn\\\/fr\\\/wp-content\\\/uploads\\\/2025\\\/06\\\/Hatem-Bourial_116992.jpg\",\"articleSection\":[\"Culture\"],\"inLanguage\":\"fr-FR\"},{\"@type\":\"WebPage\",\"@id\":\"https:\\\/\\\/www.webdo.tn\\\/fr\\\/actualite\\\/culture\\\/rencontre-culturelle-avec-hatem-bourial-la-tulipe-et-le-jasmin\\\/116992\\\/\",\"url\":\"https:\\\/\\\/www.webdo.tn\\\/fr\\\/actualite\\\/culture\\\/rencontre-culturelle-avec-hatem-bourial-la-tulipe-et-le-jasmin\\\/116992\\\/\",\"name\":\"Rencontre culturelle avec Hatem Bourial\u00a0: \u00ab La Tulipe et le Jasmin\u00a0\u00bb\",\"isPartOf\":{\"@id\":\"https:\\\/\\\/www.webdo.tn\\\/fr\\\/#website\"},\"primaryImageOfPage\":{\"@id\":\"https:\\\/\\\/www.webdo.tn\\\/fr\\\/actualite\\\/culture\\\/rencontre-culturelle-avec-hatem-bourial-la-tulipe-et-le-jasmin\\\/116992\\\/#primaryimage\"},\"image\":{\"@id\":\"https:\\\/\\\/www.webdo.tn\\\/fr\\\/actualite\\\/culture\\\/rencontre-culturelle-avec-hatem-bourial-la-tulipe-et-le-jasmin\\\/116992\\\/#primaryimage\"},\"thumbnailUrl\":\"https:\\\/\\\/www.webdo.tn\\\/fr\\\/wp-content\\\/uploads\\\/2025\\\/06\\\/Hatem-Bourial_116992.jpg\",\"datePublished\":\"2012-05-16T16:10:00+00:00\",\"dateModified\":\"2025-06-04T18:56:54+00:00\",\"description\":\"Rencontre culturelle avec Hatem Bourial\u00a0: \u00ab La Tulipe et le Jasmin\u00a0\u00bb\",\"breadcrumb\":{\"@id\":\"https:\\\/\\\/www.webdo.tn\\\/fr\\\/actualite\\\/culture\\\/rencontre-culturelle-avec-hatem-bourial-la-tulipe-et-le-jasmin\\\/116992\\\/#breadcrumb\"},\"inLanguage\":\"fr-FR\",\"potentialAction\":[{\"@type\":\"ReadAction\",\"target\":[\"https:\\\/\\\/www.webdo.tn\\\/fr\\\/actualite\\\/culture\\\/rencontre-culturelle-avec-hatem-bourial-la-tulipe-et-le-jasmin\\\/116992\\\/\"]}]},{\"@type\":\"ImageObject\",\"inLanguage\":\"fr-FR\",\"@id\":\"https:\\\/\\\/www.webdo.tn\\\/fr\\\/actualite\\\/culture\\\/rencontre-culturelle-avec-hatem-bourial-la-tulipe-et-le-jasmin\\\/116992\\\/#primaryimage\",\"url\":\"https:\\\/\\\/www.webdo.tn\\\/fr\\\/wp-content\\\/uploads\\\/2025\\\/06\\\/Hatem-Bourial_116992.jpg\",\"contentUrl\":\"https:\\\/\\\/www.webdo.tn\\\/fr\\\/wp-content\\\/uploads\\\/2025\\\/06\\\/Hatem-Bourial_116992.jpg\",\"width\":216,\"height\":216,\"caption\":\"Rencontre culturelle avec Hatem Bourial\u00a0: \u00ab La Tulipe et le Jasmin\u00a0\u00bb\"},{\"@type\":\"BreadcrumbList\",\"@id\":\"https:\\\/\\\/www.webdo.tn\\\/fr\\\/actualite\\\/culture\\\/rencontre-culturelle-avec-hatem-bourial-la-tulipe-et-le-jasmin\\\/116992\\\/#breadcrumb\",\"itemListElement\":[{\"@type\":\"ListItem\",\"position\":1,\"name\":\"Accueil\",\"item\":\"https:\\\/\\\/www.webdo.tn\\\/fr\\\/\"},{\"@type\":\"ListItem\",\"position\":2,\"name\":\"Rencontre culturelle avec Hatem Bourial\u00a0: \u00ab La Tulipe et le Jasmin\u00a0\u00bb\"}]},{\"@type\":\"WebSite\",\"@id\":\"https:\\\/\\\/www.webdo.tn\\\/fr\\\/#website\",\"url\":\"https:\\\/\\\/www.webdo.tn\\\/fr\\\/\",\"name\":\"webdo\",\"description\":\"Tunisie - News en Tunisie et \u00e0 l&#039;international sur Webdo.tn\",\"publisher\":{\"@id\":\"https:\\\/\\\/www.webdo.tn\\\/fr\\\/#organization\"},\"potentialAction\":[{\"@type\":\"SearchAction\",\"target\":{\"@type\":\"EntryPoint\",\"urlTemplate\":\"https:\\\/\\\/www.webdo.tn\\\/fr\\\/?s={search_term_string}\"},\"query-input\":{\"@type\":\"PropertyValueSpecification\",\"valueRequired\":true,\"valueName\":\"search_term_string\"}}],\"inLanguage\":\"fr-FR\"},{\"@type\":\"Organization\",\"@id\":\"https:\\\/\\\/www.webdo.tn\\\/fr\\\/#organization\",\"name\":\"Webdo\",\"alternateName\":\"Webdo.tn\",\"url\":\"https:\\\/\\\/www.webdo.tn\\\/fr\\\/\",\"logo\":{\"@type\":\"ImageObject\",\"inLanguage\":\"fr-FR\",\"@id\":\"https:\\\/\\\/www.webdo.tn\\\/fr\\\/#\\\/schema\\\/logo\\\/image\\\/\",\"url\":\"https:\\\/\\\/www.webdo.tn\\\/fr\\\/wp-content\\\/uploads\\\/2025\\\/06\\\/Webdo-Tunisie_168377.jpg\",\"contentUrl\":\"https:\\\/\\\/www.webdo.tn\\\/fr\\\/wp-content\\\/uploads\\\/2025\\\/06\\\/Webdo-Tunisie_168377.jpg\",\"width\":301,\"height\":301,\"caption\":\"Webdo\"},\"image\":{\"@id\":\"https:\\\/\\\/www.webdo.tn\\\/fr\\\/#\\\/schema\\\/logo\\\/image\\\/\"},\"sameAs\":[\"https:\\\/\\\/www.facebook.com\\\/webdotn\",\"https:\\\/\\\/x.com\\\/webdo_tn\"],\"description\":\"Webdo est un m\u00e9dia num\u00e9rique tunisien fond\u00e9 en 2010, sp\u00e9cialis\u00e9 dans l\u2019actualit\u00e9 nationale et internationale, l\u2019\u00e9conomie, la soci\u00e9t\u00e9 et les analyses politiques. Le site s\u2019adresse \u00e0 un large public francophone et couvre l\u2019information tunisienne en temps r\u00e9el.\",\"email\":\"redac@webdo.tn\",\"legalName\":\"YNJ SARL\",\"foundingDate\":\"2010-09-06\",\"numberOfEmployees\":{\"@type\":\"QuantitativeValue\",\"minValue\":\"11\",\"maxValue\":\"50\"}},{\"@type\":\"Person\",\"@id\":\"https:\\\/\\\/www.webdo.tn\\\/fr\\\/#\\\/schema\\\/person\\\/9a9c6118d687c117df8ef3cc36a4d175\",\"name\":\"webdo.tn\",\"image\":{\"@type\":\"ImageObject\",\"inLanguage\":\"fr-FR\",\"@id\":\"https:\\\/\\\/secure.gravatar.com\\\/avatar\\\/7ce1f28c0c3bbac99ff550b85ef8e44a6950c6ee24514fb6a5489e51d06f0298?s=96&d=mm&r=g\",\"url\":\"https:\\\/\\\/secure.gravatar.com\\\/avatar\\\/7ce1f28c0c3bbac99ff550b85ef8e44a6950c6ee24514fb6a5489e51d06f0298?s=96&d=mm&r=g\",\"contentUrl\":\"https:\\\/\\\/secure.gravatar.com\\\/avatar\\\/7ce1f28c0c3bbac99ff550b85ef8e44a6950c6ee24514fb6a5489e51d06f0298?s=96&d=mm&r=g\",\"caption\":\"webdo.tn\"},\"url\":\"https:\\\/\\\/www.webdo.tn\\\/fr\\\/actualite\\\/author\\\/webdotn\\\/\"}]}<\/script>\n<!-- \/ Yoast SEO Premium plugin. -->","yoast_head_json":{"title":"Rencontre culturelle avec Hatem Bourial\u00a0: \u00ab La Tulipe et le Jasmin\u00a0\u00bb","description":"Rencontre culturelle avec Hatem Bourial\u00a0: \u00ab La Tulipe et le Jasmin\u00a0\u00bb","canonical":"https:\/\/www.webdo.tn\/fr\/actualite\/culture\/rencontre-culturelle-avec-hatem-bourial-la-tulipe-et-le-jasmin\/116992\/","og_locale":"fr_FR","og_type":"article","og_title":"Rencontre culturelle avec Hatem Bourial\u00a0: \u00ab La Tulipe et le Jasmin\u00a0\u00bb","og_description":"Rencontre culturelle avec Hatem Bourial\u00a0: \u00ab La Tulipe et le Jasmin\u00a0\u00bb","og_url":"https:\/\/www.webdo.tn\/fr\/actualite\/culture\/rencontre-culturelle-avec-hatem-bourial-la-tulipe-et-le-jasmin\/116992\/","og_site_name":"webdo","article_publisher":"https:\/\/www.facebook.com\/webdotn","article_published_time":"2012-05-16T16:10:00+00:00","article_modified_time":"2025-06-04T18:56:54+00:00","author":"webdo.tn","twitter_card":"summary_large_image","twitter_creator":"@webdo_tn","twitter_site":"@webdo_tn","twitter_misc":{"\u00c9crit par":"webdo.tn","Dur\u00e9e de lecture estim\u00e9e":"2 minutes"},"schema":{"@context":"https:\/\/schema.org","@graph":[{"@type":"NewsArticle","@id":"https:\/\/www.webdo.tn\/fr\/actualite\/culture\/rencontre-culturelle-avec-hatem-bourial-la-tulipe-et-le-jasmin\/116992\/#article","isPartOf":{"@id":"https:\/\/www.webdo.tn\/fr\/actualite\/culture\/rencontre-culturelle-avec-hatem-bourial-la-tulipe-et-le-jasmin\/116992\/"},"author":{"name":"webdo.tn","@id":"https:\/\/www.webdo.tn\/fr\/#\/schema\/person\/9a9c6118d687c117df8ef3cc36a4d175"},"headline":"Rencontre culturelle avec Hatem Bourial\u00a0: \u00ab La Tulipe et le Jasmin\u00a0\u00bb","datePublished":"2012-05-16T16:10:00+00:00","dateModified":"2025-06-04T18:56:54+00:00","mainEntityOfPage":{"@id":"https:\/\/www.webdo.tn\/fr\/actualite\/culture\/rencontre-culturelle-avec-hatem-bourial-la-tulipe-et-le-jasmin\/116992\/"},"wordCount":312,"commentCount":0,"publisher":{"@id":"https:\/\/www.webdo.tn\/fr\/#organization"},"image":{"@id":"https:\/\/www.webdo.tn\/fr\/actualite\/culture\/rencontre-culturelle-avec-hatem-bourial-la-tulipe-et-le-jasmin\/116992\/#primaryimage"},"thumbnailUrl":"https:\/\/www.webdo.tn\/fr\/wp-content\/uploads\/2025\/06\/Hatem-Bourial_116992.jpg","articleSection":["Culture"],"inLanguage":"fr-FR"},{"@type":"WebPage","@id":"https:\/\/www.webdo.tn\/fr\/actualite\/culture\/rencontre-culturelle-avec-hatem-bourial-la-tulipe-et-le-jasmin\/116992\/","url":"https:\/\/www.webdo.tn\/fr\/actualite\/culture\/rencontre-culturelle-avec-hatem-bourial-la-tulipe-et-le-jasmin\/116992\/","name":"Rencontre culturelle avec Hatem Bourial\u00a0: \u00ab La Tulipe et le Jasmin\u00a0\u00bb","isPartOf":{"@id":"https:\/\/www.webdo.tn\/fr\/#website"},"primaryImageOfPage":{"@id":"https:\/\/www.webdo.tn\/fr\/actualite\/culture\/rencontre-culturelle-avec-hatem-bourial-la-tulipe-et-le-jasmin\/116992\/#primaryimage"},"image":{"@id":"https:\/\/www.webdo.tn\/fr\/actualite\/culture\/rencontre-culturelle-avec-hatem-bourial-la-tulipe-et-le-jasmin\/116992\/#primaryimage"},"thumbnailUrl":"https:\/\/www.webdo.tn\/fr\/wp-content\/uploads\/2025\/06\/Hatem-Bourial_116992.jpg","datePublished":"2012-05-16T16:10:00+00:00","dateModified":"2025-06-04T18:56:54+00:00","description":"Rencontre culturelle avec Hatem Bourial\u00a0: \u00ab La Tulipe et le Jasmin\u00a0\u00bb","breadcrumb":{"@id":"https:\/\/www.webdo.tn\/fr\/actualite\/culture\/rencontre-culturelle-avec-hatem-bourial-la-tulipe-et-le-jasmin\/116992\/#breadcrumb"},"inLanguage":"fr-FR","potentialAction":[{"@type":"ReadAction","target":["https:\/\/www.webdo.tn\/fr\/actualite\/culture\/rencontre-culturelle-avec-hatem-bourial-la-tulipe-et-le-jasmin\/116992\/"]}]},{"@type":"ImageObject","inLanguage":"fr-FR","@id":"https:\/\/www.webdo.tn\/fr\/actualite\/culture\/rencontre-culturelle-avec-hatem-bourial-la-tulipe-et-le-jasmin\/116992\/#primaryimage","url":"https:\/\/www.webdo.tn\/fr\/wp-content\/uploads\/2025\/06\/Hatem-Bourial_116992.jpg","contentUrl":"https:\/\/www.webdo.tn\/fr\/wp-content\/uploads\/2025\/06\/Hatem-Bourial_116992.jpg","width":216,"height":216,"caption":"Rencontre culturelle avec Hatem Bourial\u00a0: \u00ab La Tulipe et le Jasmin\u00a0\u00bb"},{"@type":"BreadcrumbList","@id":"https:\/\/www.webdo.tn\/fr\/actualite\/culture\/rencontre-culturelle-avec-hatem-bourial-la-tulipe-et-le-jasmin\/116992\/#breadcrumb","itemListElement":[{"@type":"ListItem","position":1,"name":"Accueil","item":"https:\/\/www.webdo.tn\/fr\/"},{"@type":"ListItem","position":2,"name":"Rencontre culturelle avec Hatem Bourial\u00a0: \u00ab La Tulipe et le Jasmin\u00a0\u00bb"}]},{"@type":"WebSite","@id":"https:\/\/www.webdo.tn\/fr\/#website","url":"https:\/\/www.webdo.tn\/fr\/","name":"webdo","description":"Tunisie - News en Tunisie et \u00e0 l&#039;international sur Webdo.tn","publisher":{"@id":"https:\/\/www.webdo.tn\/fr\/#organization"},"potentialAction":[{"@type":"SearchAction","target":{"@type":"EntryPoint","urlTemplate":"https:\/\/www.webdo.tn\/fr\/?s={search_term_string}"},"query-input":{"@type":"PropertyValueSpecification","valueRequired":true,"valueName":"search_term_string"}}],"inLanguage":"fr-FR"},{"@type":"Organization","@id":"https:\/\/www.webdo.tn\/fr\/#organization","name":"Webdo","alternateName":"Webdo.tn","url":"https:\/\/www.webdo.tn\/fr\/","logo":{"@type":"ImageObject","inLanguage":"fr-FR","@id":"https:\/\/www.webdo.tn\/fr\/#\/schema\/logo\/image\/","url":"https:\/\/www.webdo.tn\/fr\/wp-content\/uploads\/2025\/06\/Webdo-Tunisie_168377.jpg","contentUrl":"https:\/\/www.webdo.tn\/fr\/wp-content\/uploads\/2025\/06\/Webdo-Tunisie_168377.jpg","width":301,"height":301,"caption":"Webdo"},"image":{"@id":"https:\/\/www.webdo.tn\/fr\/#\/schema\/logo\/image\/"},"sameAs":["https:\/\/www.facebook.com\/webdotn","https:\/\/x.com\/webdo_tn"],"description":"Webdo est un m\u00e9dia num\u00e9rique tunisien fond\u00e9 en 2010, sp\u00e9cialis\u00e9 dans l\u2019actualit\u00e9 nationale et internationale, l\u2019\u00e9conomie, la soci\u00e9t\u00e9 et les analyses politiques. Le site s\u2019adresse \u00e0 un large public francophone et couvre l\u2019information tunisienne en temps r\u00e9el.","email":"redac@webdo.tn","legalName":"YNJ SARL","foundingDate":"2010-09-06","numberOfEmployees":{"@type":"QuantitativeValue","minValue":"11","maxValue":"50"}},{"@type":"Person","@id":"https:\/\/www.webdo.tn\/fr\/#\/schema\/person\/9a9c6118d687c117df8ef3cc36a4d175","name":"webdo.tn","image":{"@type":"ImageObject","inLanguage":"fr-FR","@id":"https:\/\/secure.gravatar.com\/avatar\/7ce1f28c0c3bbac99ff550b85ef8e44a6950c6ee24514fb6a5489e51d06f0298?s=96&d=mm&r=g","url":"https:\/\/secure.gravatar.com\/avatar\/7ce1f28c0c3bbac99ff550b85ef8e44a6950c6ee24514fb6a5489e51d06f0298?s=96&d=mm&r=g","contentUrl":"https:\/\/secure.gravatar.com\/avatar\/7ce1f28c0c3bbac99ff550b85ef8e44a6950c6ee24514fb6a5489e51d06f0298?s=96&d=mm&r=g","caption":"webdo.tn"},"url":"https:\/\/www.webdo.tn\/fr\/actualite\/author\/webdotn\/"}]}},"_links":{"self":[{"href":"https:\/\/www.webdo.tn\/fr\/wp-json\/wp\/v2\/posts\/116992","targetHints":{"allow":["GET"]}}],"collection":[{"href":"https:\/\/www.webdo.tn\/fr\/wp-json\/wp\/v2\/posts"}],"about":[{"href":"https:\/\/www.webdo.tn\/fr\/wp-json\/wp\/v2\/types\/post"}],"author":[{"embeddable":true,"href":"https:\/\/www.webdo.tn\/fr\/wp-json\/wp\/v2\/users\/3222"}],"replies":[{"embeddable":true,"href":"https:\/\/www.webdo.tn\/fr\/wp-json\/wp\/v2\/comments?post=116992"}],"version-history":[{"count":0,"href":"https:\/\/www.webdo.tn\/fr\/wp-json\/wp\/v2\/posts\/116992\/revisions"}],"wp:featuredmedia":[{"embeddable":true,"href":"https:\/\/www.webdo.tn\/fr\/wp-json\/wp\/v2\/media\/374736"}],"wp:attachment":[{"href":"https:\/\/www.webdo.tn\/fr\/wp-json\/wp\/v2\/media?parent=116992"}],"wp:term":[{"taxonomy":"category","embeddable":true,"href":"https:\/\/www.webdo.tn\/fr\/wp-json\/wp\/v2\/categories?post=116992"},{"taxonomy":"post_tag","embeddable":true,"href":"https:\/\/www.webdo.tn\/fr\/wp-json\/wp\/v2\/tags?post=116992"}],"curies":[{"name":"wp","href":"https:\/\/api.w.org\/{rel}","templated":true}]}}