{"id":116743,"date":"2018-08-22T09:49:00","date_gmt":"2018-08-22T09:49:00","guid":{"rendered":"https:\/\/www.webdo.tn\/fr\/blog\/des-films-primes-dans-des-festivals-prestigieux-seront-au-festival-du-film-del-gouna\/116743\/"},"modified":"2025-05-18T23:33:35","modified_gmt":"2025-05-18T23:33:35","slug":"des-films-primes-dans-des-festivals-prestigieux-seront-au-festival-du-film-del-gouna","status":"publish","type":"post","link":"https:\/\/www.webdo.tn\/fr\/actualite\/culture\/des-films-primes-dans-des-festivals-prestigieux-seront-au-festival-du-film-del-gouna\/116743\/","title":{"rendered":"Des films prim\u00e9s dans des festivals prestigieux seront au Festival du Film d\u2019El Gouna"},"content":{"rendered":"<div class=\"single-body entry-content typography-copy\" itemprop=\"articleBody\">\n<p style=\"font-weight: bold; text-align: justify\">\n<div class=\"coprs\" style=\"text-align: center\"><\/div>\n<div class=\"coprs\" style=\"text-align: justify\">\n<p>\u00a0<\/p>\n<p>Dans environ quatre semaines sera donn\u00e9 le coup d\u2019envoi de la deuxi\u00e8me \u00e9dition du <a href=\"http:\/\/www.webdo.tn\/2017\/09\/21\/demain-debute-festival-film-del-gouna-gff\/\">Festival du Film d\u2019El Gouna<\/a> (GFF) qui se d\u00e9roulera du 20 au 28 septembre 2018.<\/p>\n<p>Selon un communiqu\u00e9 publi\u00e9 par la direction du festival, un grand nombre de films s\u00e9lectionn\u00e9s pour cette \u00e9dition ont \u00e9t\u00e9 salu\u00e9s et r\u00e9compens\u00e9s dans des festivals prestigieux, tels que le Festival de Cannes ou la Berlinale. Ce qui a d\u2019ailleurs \u00e9t\u00e9 confirm\u00e9 par Intishal Al Timimi, directeur du GFF, qui a d\u00e9clar\u00e9: \u00ab\u00a0<em>La deuxi\u00e8me \u00e9dition du festival pr\u00e9sentera un certain nombre de films qui ont d\u00e9j\u00e0 r\u00e9ussi dans les festivals de cin\u00e9ma les plus importants du monde. Le Festival du Film d\u2019El Gouna a des ambitions illimit\u00e9es et la capacit\u00e9 de les r\u00e9aliser. Nous avons mis la barre tr\u00e8s haut dans notre \u00e9dition inaugurale et nous travaillons dur pour la relever d&rsquo;un cran ou deux cette ann\u00e9e\u00a0\u00bb<\/em>. Le directeur artistique du festival, Amir Rams\u00e8s, a \u00e9galement affirm\u00e9: <em>\u00ab\u00a0La s\u00e9lection des films pour la 2\u00e8me \u00e9dition du Festival du Film d\u2019El Gouna a pour objectif de pr\u00e9senter le meilleur des films r\u00e9cents. Nous aspirons \u00e0 cr\u00e9er un programme de qualit\u00e9 qui plaira \u00e0 nos invit\u00e9s internationaux et aux cin\u00e9philes \u00e9gyptiens\u00a0\u00bb.<\/em><\/p>\n<p>C\u2019est ainsi que la s\u00e9lection de 2018 comprend six films prim\u00e9s au Festival de Cannes et 5 films prim\u00e9s aux festivals de Berlin, de Rotterdam et de Sundance\u00a0:<\/p>\n<p>&#8211; <em>Une affaire de famille<\/em>\u00a0(<em>Shoplifters\u00a0), (2018)<\/em> du Japonais Hirokazu Kore-eda, laur\u00e9at de la Palme d\u2019Or de la 71\u00e8me \u00e9dition du Festival de Cannes sera l\u2019un des temps forts du programme du GFF cette ann\u00e9e. <em>Une affaire de famille<\/em> est la tendre histoire d&rsquo;une famille pauvre qui parvient \u00e0 joindre les deux bouts en ex\u00e9cutant de petites arnaques. Bien que cette famille arrive \u00e0 peine \u00e0 survivre, elle d\u00e9cide d\u2019accueillir une enfant sans abri trouv\u00e9e dans la rue. Le film, qui met en vedette Lily Franky et Kirin Kiki, a re\u00e7u un accueil chaleureux de la part des critiques, des professionnels et du grand public.<\/p>\n<div class=\"jeg_video_container jeg_video_content\"><iframe title=\"Shoplifters new clip official from Cannes \u2013 1\/2 (Manbiki Kazoku \/ Une Affaire de Famille)\" width=\"500\" height=\"281\" src=\"https:\/\/www.youtube.com\/embed\/_wwpKeqLgl8?start=74&#038;feature=oembed\" frameborder=\"0\" allow=\"accelerometer; autoplay; clipboard-write; encrypted-media; gyroscope; picture-in-picture; web-share\" referrerpolicy=\"strict-origin-when-cross-origin\" allowfullscreen><\/iframe><\/div>\n<p> \u00a0<\/p>\n<p>&#8211; <em>Cold War (2018)<\/em>, de Pawel Pawlikowski, laur\u00e9at du Prix du meilleur r\u00e9alisateur \u00e0 Cannes. Ce film raconte la guerre froide dans les ann\u00e9es 1950 en Pologne, \u00e0 Berlin, en Yougoslavie et \u00e0 Paris \u00e0 travers la relation tumultueuse entre le pianiste Wiktor (Tomasz Kot) et la danseuse-chanteuse Zula (Joanna Kulig), deux Polonais qui font la navette entre les deux cot\u00e9s du rideau de fer.<\/p>\n<div class=\"jeg_video_container jeg_video_content\"><iframe title=\"COLD WAR (Zimna Wojna) de Pawel Pawlikowski - trailer (Polonia)\" width=\"500\" height=\"281\" src=\"https:\/\/www.youtube.com\/embed\/Q3KKepCmcPE?feature=oembed\" frameborder=\"0\" allow=\"accelerometer; autoplay; clipboard-write; encrypted-media; gyroscope; picture-in-picture; web-share\" referrerpolicy=\"strict-origin-when-cross-origin\" allowfullscreen><\/iframe><\/div>\n<p> \u00a0<\/p>\n<p>&#8211; Le drame italien <em>Dogman (2018)<\/em> de Matteo Garrone, dont l\u2019acteur principal, Marcello Fonte, a remport\u00e9 le Prix de meilleure interpr\u00e9tation masculine au Festival de Cannes. Le film raconte l&rsquo;histoire de Marcello, toiletteur pour chiens discret et appr\u00e9ci\u00e9 de tous, qui voit revenir de prison son ami Simoncino, un ancien boxeur accro \u00e0 la coca\u00efne qui, tr\u00e8s vite, rackette et brutalise le quartier. D\u2019abord confiant, Marcello se laisse entra\u00eener malgr\u00e9 lui dans une spirale criminelle. Il fait alors l\u2019apprentissage de la trahison et de l\u2019abandon, avant d\u2019imaginer une vengeance f\u00e9roce&#8230;<\/p>\n<div class=\"jeg_video_container jeg_video_content\"><iframe title=\"Dogman de Matteo Garrone - bande annonce\" width=\"500\" height=\"281\" src=\"https:\/\/www.youtube.com\/embed\/d4QbhHhZYiw?feature=oembed\" frameborder=\"0\" allow=\"accelerometer; autoplay; clipboard-write; encrypted-media; gyroscope; picture-in-picture; web-share\" referrerpolicy=\"strict-origin-when-cross-origin\" allowfullscreen><\/iframe><\/div>\n<p> \u00a0<\/p>\n<p>\u00a0&#8211; Vainqueur du Prix du meilleur sc\u00e9nario au Festival de Cannes, <em>Happy as Lazzaro (2018)<\/em> r\u00e9alis\u00e9 par Alice Rohrwacher raconte l&rsquo;histoire de Lazzaro, un jeune paysan si bon qu&rsquo;il est souvent pris pour simple d\u2019esprit. Il scelle un lien d&rsquo;amiti\u00e9 avec un noble, ne sachant pas que cette amiti\u00e9 qui changera sa vie l&rsquo;am\u00e8nera dans un voyage inattendu.<\/p>\n<div class=\"jeg_video_container jeg_video_content\"><iframe title=\"Happy as Lazzaro (2018) | Trailer | Adriano Tardiolo | Agnese Graziani | Alba Rohrwacher\" width=\"500\" height=\"281\" src=\"https:\/\/www.youtube.com\/embed\/hNqLXid6WPI?feature=oembed\" frameborder=\"0\" allow=\"accelerometer; autoplay; clipboard-write; encrypted-media; gyroscope; picture-in-picture; web-share\" referrerpolicy=\"strict-origin-when-cross-origin\" allowfullscreen><\/iframe><\/div>\n<p> \u00a0<\/p>\n<p>&#8211; <em>Samouni Road (2018)<\/em> de Stefano Savona, laur\u00e9at du Prix du documentaire Golden Eye au Festival de Cannes. Le documentaire combine action en direct, superbe animation selon la technique du scratchboard et recr\u00e9e des images de drones pour capturer la vie d&rsquo;une famille d&rsquo;agriculteurs avant, pendant et apr\u00e8s l&rsquo;invasion isra\u00e9lienne de 2009 qui a fait 29 morts et des terres d\u00e9vast\u00e9es.<\/p>\n<p>https:\/\/www.youtube.com\/watch?v=nvXCUzRHvMg \u00a0<\/p>\n<p>&#8211; <em>All These Creatures (2018)<\/em> de Charles Williams, laur\u00e9at de la Palme d\u2019Or du court m\u00e9trage au Festival de Cannes, fera partie du programme de courts m\u00e9trages du festival. Il raconte l&rsquo;histoire d&rsquo;un gar\u00e7on de 13 ans qui tente de d\u00e9m\u00ealer ses souvenirs d&rsquo;une \u00e9pid\u00e9mie myst\u00e9rieuse, l&rsquo;effondrement de son p\u00e8re et des petites cr\u00e9atures \u00e0 l\u2019int\u00e9rieur de nous tous.<\/p>\n<p>https:\/\/www.youtube.com\/watch?v=RmRMuu11AUw \u00a0<\/p>\n<p>&#8211;\u00a0<em>Mug (2018)<\/em>, laur\u00e9at de l\u2019Ours d&rsquo;Argent-Grand Prix du jury \u00e0 Berlin est l\u2019un des films dont on a le plus parl\u00e9 pendant la Berlinale. Le film parle d&rsquo;un jeune homme qui souffre d&rsquo;une difformit\u00e9 faciale apr\u00e8s un accident de travail. \u00a0Il subit une op\u00e9ration de reconstruction faciale et retourne chez lui. Mais plus personne ne le reconnait et il devient comme un \u00e9tranger&#8230; Le film r\u00e9v\u00e8le la faible profondeur et l\u2019hypocrisie des habitants de sa ville. Le film est dirig\u00e9 et \u00e9crit par Ma\u0142gorzata Szumowska, cin\u00e9aste polonaise prim\u00e9e \u00e0 maintes reprises.<\/p>\n<p>https:\/\/www.youtube.com\/watch?v=ScnoylYV-VQ \u00a0<\/p>\n<p>&#8211; <em>Les h\u00e9riti\u00e8res (Las Herederas) (2018),<\/em> r\u00e9alis\u00e9 par Marcelo Martinessi et laur\u00e9at de l&rsquo;Ours d&rsquo;Argent de la meilleure actrice pour Ana Brun, du Prix Alfred Bauer et du Prix FIPRESCI \u00e0 la Berlinale 2018. Le film raconte l&rsquo;histoire de Chela et Chiquita, toutes deux issues de familles riches et qui ont v\u00e9cu ensemble et ont d\u00e9pens\u00e9 leurs h\u00e9ritage. Lorsque leurs dettes ont conduit Chiquita \u00e0 \u00eatre emprisonn\u00e9e pour fraude, Chela commence \u00e0 sortir de sa coquille et \u00e0 s&rsquo;engager dans le monde, se lan\u00e7ant dans sa propre r\u00e9volution personnelle et intime.<\/p>\n<p>https:\/\/www.youtube.com\/watch?v=IEslbI7Q7d4 \u00a0<\/p>\n<p>&#8211; <em>Winter Flies (2018)<\/em>, r\u00e9alis\u00e9 par Olmo Omerzu, laur\u00e9at du Prix de meilleure mise en sc\u00e8ne au Festival de Karlovy Vary, \u00a0est un road movie int\u00e9ressant sur le lien insaisissable de l&rsquo;enfance, de l&rsquo;amiti\u00e9 et du d\u00e9sir irr\u00e9pressible de vivre quelque chose, m\u00eame si on ne sait pas exactement quoi.<\/p>\n<p>https:\/\/www.youtube.com\/watch?v=1LR-LPDY0Mw \u00a0<\/p>\n<p>&#8211; Du Festival du Film de Sundance et du Festival\u00a0International du Film de Rotterdam\u00a0arrive le chef-d&rsquo;\u0153uvre danois <em>The Guilty (2018),<\/em> \u00e9crit et r\u00e9alis\u00e9 par Gustav M\u00f6ller. Ce film raconte l&rsquo;histoire de l&rsquo;ancien policier Asger Holm, qui r\u00e9pond \u00e0 un appel d&rsquo;urgence d&rsquo;une femme enlev\u00e9e. Avec le t\u00e9l\u00e9phone comme unique outil, Asger entre dans une course contre la montre pour sauver la femme en danger. Mais bient\u00f4t il se rend compte qu&rsquo;il a affaire \u00e0 un crime beaucoup plus important qu&rsquo;il ne le pensait au d\u00e9part.<\/p>\n<p>https:\/\/www.youtube.com\/watch?v=psgeqFRwss4 \u00a0<\/p>\n<p>&#8211; GFF est fier d&rsquo;annoncer que le laur\u00e9at du Prix du meilleur film documentaire au Festival du Film de Sundance, <em>Of Fathers and Sons (2017)<\/em>, r\u00e9alis\u00e9 par le r\u00e9alisateur syrien bas\u00e9 \u00e0 Berlin, Talal Derki, sera \u00e9galement au programme de cette ann\u00e9e. Le film offre un aper\u00e7u rare de ce que signifie grandir avec un p\u00e8re dont le seul r\u00eave est d\u2019\u00e9tablir un califat islamique.<\/p>\n<div class=\"jeg_video_container jeg_video_content\"><iframe title=\"Of Fathers and Sons \/ Talal Derki 2017 \/ Germany, Syria, Lebanon\" width=\"500\" height=\"281\" src=\"https:\/\/www.youtube.com\/embed\/pV-DIUVrm7M?feature=oembed\" frameborder=\"0\" allow=\"accelerometer; autoplay; clipboard-write; encrypted-media; gyroscope; picture-in-picture; web-share\" referrerpolicy=\"strict-origin-when-cross-origin\" allowfullscreen><\/iframe><\/div>\n<p>Tr\u00e8s tr\u00e8s belle s\u00e9lection. Des films tr\u00e8s int\u00e9ressants \u00e0 d\u00e9couvrir ou \u00e0 revoir donc lors de cette deuxi\u00e8me \u00e9dition du Festival du Film d&rsquo;El Gouna.<\/p>\n<p><strong>Ne\u00efla Driss<\/strong><\/p>\n<p>\u00a0 <strong><em>Lire sur le m\u00eame sujet:<\/em><\/strong><\/p>\n<ul>\n<li><a href=\"http:\/\/www.webdo.tn\/2017\/09\/21\/demain-debute-festival-film-del-gouna-gff\/\" rel=\"bookmark\" title=\"Demain d\u00e9bute le Festival du Film d\u2019El Gouna (GFF)\">Demain d\u00e9bute le Festival du Film d\u2019El Gouna (GFF)<\/a><\/li>\n<li><a href=\"http:\/\/www.webdo.tn\/2017\/09\/23\/festival-film-del-gouna-ceremonie-douverture\/\" rel=\"bookmark\" title=\"Festival du Film d\u2019El Gouna \u2013 C\u00e9r\u00e9monie d\u2019ouverture\">Festival du Film d\u2019El Gouna \u2013 C\u00e9r\u00e9monie d\u2019ouverture<\/a><\/li>\n<li><a href=\"http:\/\/www.webdo.tn\/2017\/09\/25\/festival-film-del-gouna-linsulte\/\" rel=\"bookmark\" title=\"Festival du film d\u2019El Gouna \u2013 L\u2019insulte\">Festival du film d\u2019El Gouna \u2013 L\u2019insulte<\/a><\/li>\n<li><a href=\"http:\/\/www.webdo.tn\/2017\/09\/26\/breathe-grace-a-amour-a-vecu\/\" rel=\"bookmark\" title=\"Breathe \u2013 Gr\u00e2ce \u00e0 son amour, il a v\u00e9cu !\">Breathe \u2013 Gr\u00e2ce \u00e0 son amour, il a v\u00e9cu !<\/a><\/li>\n<li><a href=\"http:\/\/www.webdo.tn\/2017\/09\/27\/linfluence-de-linternet-cinema\/\" rel=\"bookmark\" title=\"Quelle est l\u2019influence de l\u2019Internet sur le cin\u00e9ma\u00a0?\">Quelle est l\u2019influence de l\u2019Internet sur le cin\u00e9ma\u00a0?<\/a><\/li>\n<li><a href=\"http:\/\/www.webdo.tn\/2017\/09\/29\/festival-film-del-gouna-arabes-limaginaire-etrangers\/\" rel=\"bookmark\" title=\"Festival du Film d\u2019El Gouna : Les Arabes dans l\u2019imaginaire des \u00e9trangers\">Festival du Film d\u2019El Gouna : Les Arabes dans l\u2019imaginaire des \u00e9trangers<\/a><\/li>\n<li><a href=\"http:\/\/www.webdo.tn\/2017\/12\/13\/3-daqat-chanson-succes-fulgurant\/\" rel=\"bookmark\" title=\"3 Daqat : une chanson au succ\u00e8s fulgurant\u00a0!\">3 Daqat : une chanson au succ\u00e8s fulguran<\/a><\/li>\n<li><a href=\"http:\/\/www.webdo.tn\/2017\/10\/11\/ceremonie-de-remise-prix-cinema-arabe-se-deroulera-a-el-gouna\/\" rel=\"bookmark\" title=\"La c\u00e9r\u00e9monie de remise des Prix du Cin\u00e9ma Arabe se d\u00e9roulera \u00e0 El Gouna\">La c\u00e9r\u00e9monie de remise des Prix du Cin\u00e9ma Arabe se d\u00e9roulera \u00e0 El Gouna<\/a><\/li>\n<\/ul><\/div>\n<div class=\"coprs\" style=\"text-align: center\"><\/div><\/div>\n","protected":false},"excerpt":{"rendered":"<p>Des films prim\u00e9s dans des festivals prestigieux seront au Festival du Film d\u2019El Gouna<\/p>\n","protected":false},"author":3164,"featured_media":298302,"comment_status":"open","ping_status":"closed","sticky":false,"template":"","format":"standard","meta":{"footnotes":""},"categories":[2594],"tags":[11301,2626,6648,2628,3258],"class_list":["post-116743","post","type-post","status-publish","format-standard","has-post-thumbnail","hentry","category-culture","tag-el-gouna-2018","tag-cinema","tag-el-gouna","tag-festival","tag-festival-du-film-del-gouna"],"yoast_head":"<!-- This site is optimized with the Yoast SEO Premium plugin v27.4 (Yoast SEO v27.5) - https:\/\/yoast.com\/product\/yoast-seo-premium-wordpress\/ -->\n<title>Des films prim\u00e9s dans des festivals prestigieux seront au Festival du Film d\u2019El Gouna<\/title>\n<meta name=\"description\" content=\"Des films prim\u00e9s dans des festivals prestigieux seront au Festival du Film d\u2019El Gouna\" \/>\n<link rel=\"canonical\" href=\"https:\/\/www.webdo.tn\/fr\/actualite\/culture\/des-films-primes-dans-des-festivals-prestigieux-seront-au-festival-du-film-del-gouna\/116743\/\" \/>\n<meta property=\"og:locale\" content=\"fr_FR\" \/>\n<meta property=\"og:type\" content=\"article\" \/>\n<meta property=\"og:title\" content=\"Des films prim\u00e9s dans des festivals prestigieux seront au Festival du Film d\u2019El Gouna\" \/>\n<meta property=\"og:description\" content=\"Des films prim\u00e9s dans des festivals prestigieux seront au Festival du Film d\u2019El Gouna\" \/>\n<meta property=\"og:url\" content=\"https:\/\/www.webdo.tn\/fr\/actualite\/culture\/des-films-primes-dans-des-festivals-prestigieux-seront-au-festival-du-film-del-gouna\/116743\/\" \/>\n<meta property=\"og:site_name\" content=\"webdo\" \/>\n<meta property=\"article:publisher\" content=\"https:\/\/www.facebook.com\/webdotn\" \/>\n<meta property=\"article:author\" content=\"https:\/\/www.facebook.com\/massir.destiniii\/\" \/>\n<meta property=\"article:published_time\" content=\"2018-08-22T09:49:00+00:00\" \/>\n<meta property=\"article:modified_time\" content=\"2025-05-18T23:33:35+00:00\" \/>\n<meta property=\"og:image\" content=\"https:\/\/www.webdo.tn\/fr\/wp-content\/uploads\/2018\/08\/El-Gouna.jpg\" \/>\n\t<meta property=\"og:image:width\" content=\"815\" \/>\n\t<meta property=\"og:image:height\" content=\"351\" \/>\n\t<meta property=\"og:image:type\" content=\"image\/jpeg\" \/>\n<meta name=\"author\" content=\"Ne\u00efla DRISS\" \/>\n<meta name=\"twitter:card\" content=\"summary_large_image\" \/>\n<meta name=\"twitter:creator\" content=\"@https:\/\/x.com\/MassirDestin\" \/>\n<meta name=\"twitter:site\" content=\"@webdo_tn\" \/>\n<meta name=\"twitter:label1\" content=\"\u00c9crit par\" \/>\n\t<meta name=\"twitter:data1\" content=\"Ne\u00efla DRISS\" \/>\n\t<meta name=\"twitter:label2\" content=\"Dur\u00e9e de lecture estim\u00e9e\" \/>\n\t<meta name=\"twitter:data2\" content=\"7 minutes\" \/>\n<script type=\"application\/ld+json\" class=\"yoast-schema-graph\">{\"@context\":\"https:\\\/\\\/schema.org\",\"@graph\":[{\"@type\":\"NewsArticle\",\"@id\":\"https:\\\/\\\/www.webdo.tn\\\/fr\\\/actualite\\\/culture\\\/des-films-primes-dans-des-festivals-prestigieux-seront-au-festival-du-film-del-gouna\\\/116743\\\/#article\",\"isPartOf\":{\"@id\":\"https:\\\/\\\/www.webdo.tn\\\/fr\\\/actualite\\\/culture\\\/des-films-primes-dans-des-festivals-prestigieux-seront-au-festival-du-film-del-gouna\\\/116743\\\/\"},\"author\":{\"name\":\"Ne\u00efla DRISS\",\"@id\":\"https:\\\/\\\/www.webdo.tn\\\/fr\\\/#\\\/schema\\\/person\\\/60d5ba619ed3f58783b0dc82b7dada80\"},\"headline\":\"Des films prim\u00e9s dans des festivals prestigieux seront au Festival du Film d\u2019El Gouna\",\"datePublished\":\"2018-08-22T09:49:00+00:00\",\"dateModified\":\"2025-05-18T23:33:35+00:00\",\"mainEntityOfPage\":{\"@id\":\"https:\\\/\\\/www.webdo.tn\\\/fr\\\/actualite\\\/culture\\\/des-films-primes-dans-des-festivals-prestigieux-seront-au-festival-du-film-del-gouna\\\/116743\\\/\"},\"wordCount\":1402,\"commentCount\":0,\"publisher\":{\"@id\":\"https:\\\/\\\/www.webdo.tn\\\/fr\\\/#organization\"},\"image\":{\"@id\":\"https:\\\/\\\/www.webdo.tn\\\/fr\\\/actualite\\\/culture\\\/des-films-primes-dans-des-festivals-prestigieux-seront-au-festival-du-film-del-gouna\\\/116743\\\/#primaryimage\"},\"thumbnailUrl\":\"https:\\\/\\\/www.webdo.tn\\\/fr\\\/wp-content\\\/uploads\\\/2018\\\/08\\\/El-Gouna.jpg\",\"keywords\":[\"'El Gouna 2018']\",\"Cin\u00e9ma\",\"El Gouna\",\"Festival\",\"Festival du Film d'El Gouna\"],\"articleSection\":[\"Culture\"],\"inLanguage\":\"fr-FR\"},{\"@type\":\"WebPage\",\"@id\":\"https:\\\/\\\/www.webdo.tn\\\/fr\\\/actualite\\\/culture\\\/des-films-primes-dans-des-festivals-prestigieux-seront-au-festival-du-film-del-gouna\\\/116743\\\/\",\"url\":\"https:\\\/\\\/www.webdo.tn\\\/fr\\\/actualite\\\/culture\\\/des-films-primes-dans-des-festivals-prestigieux-seront-au-festival-du-film-del-gouna\\\/116743\\\/\",\"name\":\"Des films prim\u00e9s dans des festivals prestigieux seront au Festival du Film d\u2019El Gouna\",\"isPartOf\":{\"@id\":\"https:\\\/\\\/www.webdo.tn\\\/fr\\\/#website\"},\"primaryImageOfPage\":{\"@id\":\"https:\\\/\\\/www.webdo.tn\\\/fr\\\/actualite\\\/culture\\\/des-films-primes-dans-des-festivals-prestigieux-seront-au-festival-du-film-del-gouna\\\/116743\\\/#primaryimage\"},\"image\":{\"@id\":\"https:\\\/\\\/www.webdo.tn\\\/fr\\\/actualite\\\/culture\\\/des-films-primes-dans-des-festivals-prestigieux-seront-au-festival-du-film-del-gouna\\\/116743\\\/#primaryimage\"},\"thumbnailUrl\":\"https:\\\/\\\/www.webdo.tn\\\/fr\\\/wp-content\\\/uploads\\\/2018\\\/08\\\/El-Gouna.jpg\",\"datePublished\":\"2018-08-22T09:49:00+00:00\",\"dateModified\":\"2025-05-18T23:33:35+00:00\",\"description\":\"Des films prim\u00e9s dans des festivals prestigieux seront au Festival du Film d\u2019El Gouna\",\"breadcrumb\":{\"@id\":\"https:\\\/\\\/www.webdo.tn\\\/fr\\\/actualite\\\/culture\\\/des-films-primes-dans-des-festivals-prestigieux-seront-au-festival-du-film-del-gouna\\\/116743\\\/#breadcrumb\"},\"inLanguage\":\"fr-FR\",\"potentialAction\":[{\"@type\":\"ReadAction\",\"target\":[\"https:\\\/\\\/www.webdo.tn\\\/fr\\\/actualite\\\/culture\\\/des-films-primes-dans-des-festivals-prestigieux-seront-au-festival-du-film-del-gouna\\\/116743\\\/\"]}]},{\"@type\":\"ImageObject\",\"inLanguage\":\"fr-FR\",\"@id\":\"https:\\\/\\\/www.webdo.tn\\\/fr\\\/actualite\\\/culture\\\/des-films-primes-dans-des-festivals-prestigieux-seront-au-festival-du-film-del-gouna\\\/116743\\\/#primaryimage\",\"url\":\"https:\\\/\\\/www.webdo.tn\\\/fr\\\/wp-content\\\/uploads\\\/2018\\\/08\\\/El-Gouna.jpg\",\"contentUrl\":\"https:\\\/\\\/www.webdo.tn\\\/fr\\\/wp-content\\\/uploads\\\/2018\\\/08\\\/El-Gouna.jpg\",\"width\":815,\"height\":351,\"caption\":\"Des films prim\u00e9s dans des festivals prestigieux seront au Festival du Film d\u2019El Gouna\"},{\"@type\":\"BreadcrumbList\",\"@id\":\"https:\\\/\\\/www.webdo.tn\\\/fr\\\/actualite\\\/culture\\\/des-films-primes-dans-des-festivals-prestigieux-seront-au-festival-du-film-del-gouna\\\/116743\\\/#breadcrumb\",\"itemListElement\":[{\"@type\":\"ListItem\",\"position\":1,\"name\":\"Accueil\",\"item\":\"https:\\\/\\\/www.webdo.tn\\\/fr\\\/\"},{\"@type\":\"ListItem\",\"position\":2,\"name\":\"Des films prim\u00e9s dans des festivals prestigieux seront au Festival du Film d\u2019El Gouna\"}]},{\"@type\":\"WebSite\",\"@id\":\"https:\\\/\\\/www.webdo.tn\\\/fr\\\/#website\",\"url\":\"https:\\\/\\\/www.webdo.tn\\\/fr\\\/\",\"name\":\"webdo\",\"description\":\"Tunisie - News en Tunisie et \u00e0 l&#039;international sur Webdo.tn\",\"publisher\":{\"@id\":\"https:\\\/\\\/www.webdo.tn\\\/fr\\\/#organization\"},\"potentialAction\":[{\"@type\":\"SearchAction\",\"target\":{\"@type\":\"EntryPoint\",\"urlTemplate\":\"https:\\\/\\\/www.webdo.tn\\\/fr\\\/?s={search_term_string}\"},\"query-input\":{\"@type\":\"PropertyValueSpecification\",\"valueRequired\":true,\"valueName\":\"search_term_string\"}}],\"inLanguage\":\"fr-FR\"},{\"@type\":\"Organization\",\"@id\":\"https:\\\/\\\/www.webdo.tn\\\/fr\\\/#organization\",\"name\":\"Webdo\",\"alternateName\":\"Webdo.tn\",\"url\":\"https:\\\/\\\/www.webdo.tn\\\/fr\\\/\",\"logo\":{\"@type\":\"ImageObject\",\"inLanguage\":\"fr-FR\",\"@id\":\"https:\\\/\\\/www.webdo.tn\\\/fr\\\/#\\\/schema\\\/logo\\\/image\\\/\",\"url\":\"https:\\\/\\\/www.webdo.tn\\\/fr\\\/wp-content\\\/uploads\\\/2025\\\/06\\\/Webdo-Tunisie_168377.jpg\",\"contentUrl\":\"https:\\\/\\\/www.webdo.tn\\\/fr\\\/wp-content\\\/uploads\\\/2025\\\/06\\\/Webdo-Tunisie_168377.jpg\",\"width\":301,\"height\":301,\"caption\":\"Webdo\"},\"image\":{\"@id\":\"https:\\\/\\\/www.webdo.tn\\\/fr\\\/#\\\/schema\\\/logo\\\/image\\\/\"},\"sameAs\":[\"https:\\\/\\\/www.facebook.com\\\/webdotn\",\"https:\\\/\\\/x.com\\\/webdo_tn\"],\"description\":\"Webdo est un m\u00e9dia num\u00e9rique tunisien fond\u00e9 en 2010, sp\u00e9cialis\u00e9 dans l\u2019actualit\u00e9 nationale et internationale, l\u2019\u00e9conomie, la soci\u00e9t\u00e9 et les analyses politiques. Le site s\u2019adresse \u00e0 un large public francophone et couvre l\u2019information tunisienne en temps r\u00e9el.\",\"email\":\"redac@webdo.tn\",\"legalName\":\"YNJ SARL\",\"foundingDate\":\"2010-09-06\",\"numberOfEmployees\":{\"@type\":\"QuantitativeValue\",\"minValue\":\"11\",\"maxValue\":\"50\"}},{\"@type\":\"Person\",\"@id\":\"https:\\\/\\\/www.webdo.tn\\\/fr\\\/#\\\/schema\\\/person\\\/60d5ba619ed3f58783b0dc82b7dada80\",\"name\":\"Ne\u00efla DRISS\",\"image\":{\"@type\":\"ImageObject\",\"inLanguage\":\"fr-FR\",\"@id\":\"https:\\\/\\\/www.webdo.tn\\\/fr\\\/wp-content\\\/uploads\\\/2026\\\/04\\\/neila-driss_avatar-96x96.jpg\",\"url\":\"https:\\\/\\\/www.webdo.tn\\\/fr\\\/wp-content\\\/uploads\\\/2026\\\/04\\\/neila-driss_avatar-96x96.jpg\",\"contentUrl\":\"https:\\\/\\\/www.webdo.tn\\\/fr\\\/wp-content\\\/uploads\\\/2026\\\/04\\\/neila-driss_avatar-96x96.jpg\",\"caption\":\"Ne\u00efla DRISS\"},\"description\":\"Ne\u00efla Driss est juriste, journaliste culturelle et critique de cin\u00e9ma tunisienne. Titulaire d\u2019un DEA en droit priv\u00e9 de l\u2019Universit\u00e9 Paris II et d\u2019un DESS de l\u2019IHEC Carthage, elle d\u00e9bute sa carri\u00e8re comme juriste sp\u00e9cialis\u00e9e en gestion de patrimoine immobilier. Elle s\u2019oriente ensuite vers l\u2019\u00e9criture en ligne, o\u00f9 elle se distingue d\u00e8s 2006 aux Tunisia Blog Awards, avant de se consacrer au journalisme culturel, avec une sp\u00e9cialisation dans la critique cin\u00e9matographique. Elle couvre r\u00e9guli\u00e8rement les grands festivals internationaux, notamment le Festival de Cannes, les Journ\u00e9es Cin\u00e9matographiques de Carthage et le Festival du film du Caire. Membre de l\u2019ATPCC et de la FIPRESCI, elle participe \u00e0 des jurys et initiatives internationales de critique. Depuis 2024, elle est \u00e9lectrice internationale aux Golden Globes. Facebook : https:\\\/\\\/www.facebook.com\\\/massir.destiniii\\\/ X : https:\\\/\\\/x.com\\\/MassirDestin\",\"sameAs\":[\"https:\\\/\\\/www.facebook.com\\\/massir.destiniii\\\/\",\"https:\\\/\\\/www.instagram.com\\\/neila.driss\\\/?hl=fr\",\"https:\\\/\\\/www.linkedin.com\\\/in\\\/neila-driss-22606a80\\\/\",\"https:\\\/\\\/x.com\\\/https:\\\/\\\/x.com\\\/MassirDestin\"],\"knowsAbout\":[\"Cin\u00e9ma international\",\"critique cin\u00e9matographique\",\"festivals de cin\u00e9ma\",\"journalisme culturel\"],\"knowsLanguage\":[\"Fran\u00e7ais\",\"Arabe\",\"Anglais\"],\"jobTitle\":\"Journaliste culturelle et critique de cin\u00e9ma\",\"worksFor\":\"Webdo\",\"url\":\"https:\\\/\\\/www.webdo.tn\\\/fr\\\/actualite\\\/author\\\/neila-driss\\\/\"}]}<\/script>\n<!-- \/ Yoast SEO Premium plugin. -->","yoast_head_json":{"title":"Des films prim\u00e9s dans des festivals prestigieux seront au Festival du Film d\u2019El Gouna","description":"Des films prim\u00e9s dans des festivals prestigieux seront au Festival du Film d\u2019El Gouna","canonical":"https:\/\/www.webdo.tn\/fr\/actualite\/culture\/des-films-primes-dans-des-festivals-prestigieux-seront-au-festival-du-film-del-gouna\/116743\/","og_locale":"fr_FR","og_type":"article","og_title":"Des films prim\u00e9s dans des festivals prestigieux seront au Festival du Film d\u2019El Gouna","og_description":"Des films prim\u00e9s dans des festivals prestigieux seront au Festival du Film d\u2019El Gouna","og_url":"https:\/\/www.webdo.tn\/fr\/actualite\/culture\/des-films-primes-dans-des-festivals-prestigieux-seront-au-festival-du-film-del-gouna\/116743\/","og_site_name":"webdo","article_publisher":"https:\/\/www.facebook.com\/webdotn","article_author":"https:\/\/www.facebook.com\/massir.destiniii\/","article_published_time":"2018-08-22T09:49:00+00:00","article_modified_time":"2025-05-18T23:33:35+00:00","og_image":[{"width":815,"height":351,"url":"https:\/\/www.webdo.tn\/fr\/wp-content\/uploads\/2018\/08\/El-Gouna.jpg","type":"image\/jpeg"}],"author":"Ne\u00efla DRISS","twitter_card":"summary_large_image","twitter_creator":"@https:\/\/x.com\/MassirDestin","twitter_site":"@webdo_tn","twitter_misc":{"\u00c9crit par":"Ne\u00efla DRISS","Dur\u00e9e de lecture estim\u00e9e":"7 minutes"},"schema":{"@context":"https:\/\/schema.org","@graph":[{"@type":"NewsArticle","@id":"https:\/\/www.webdo.tn\/fr\/actualite\/culture\/des-films-primes-dans-des-festivals-prestigieux-seront-au-festival-du-film-del-gouna\/116743\/#article","isPartOf":{"@id":"https:\/\/www.webdo.tn\/fr\/actualite\/culture\/des-films-primes-dans-des-festivals-prestigieux-seront-au-festival-du-film-del-gouna\/116743\/"},"author":{"name":"Ne\u00efla DRISS","@id":"https:\/\/www.webdo.tn\/fr\/#\/schema\/person\/60d5ba619ed3f58783b0dc82b7dada80"},"headline":"Des films prim\u00e9s dans des festivals prestigieux seront au Festival du Film d\u2019El Gouna","datePublished":"2018-08-22T09:49:00+00:00","dateModified":"2025-05-18T23:33:35+00:00","mainEntityOfPage":{"@id":"https:\/\/www.webdo.tn\/fr\/actualite\/culture\/des-films-primes-dans-des-festivals-prestigieux-seront-au-festival-du-film-del-gouna\/116743\/"},"wordCount":1402,"commentCount":0,"publisher":{"@id":"https:\/\/www.webdo.tn\/fr\/#organization"},"image":{"@id":"https:\/\/www.webdo.tn\/fr\/actualite\/culture\/des-films-primes-dans-des-festivals-prestigieux-seront-au-festival-du-film-del-gouna\/116743\/#primaryimage"},"thumbnailUrl":"https:\/\/www.webdo.tn\/fr\/wp-content\/uploads\/2018\/08\/El-Gouna.jpg","keywords":["'El Gouna 2018']","Cin\u00e9ma","El Gouna","Festival","Festival du Film d'El Gouna"],"articleSection":["Culture"],"inLanguage":"fr-FR"},{"@type":"WebPage","@id":"https:\/\/www.webdo.tn\/fr\/actualite\/culture\/des-films-primes-dans-des-festivals-prestigieux-seront-au-festival-du-film-del-gouna\/116743\/","url":"https:\/\/www.webdo.tn\/fr\/actualite\/culture\/des-films-primes-dans-des-festivals-prestigieux-seront-au-festival-du-film-del-gouna\/116743\/","name":"Des films prim\u00e9s dans des festivals prestigieux seront au Festival du Film d\u2019El Gouna","isPartOf":{"@id":"https:\/\/www.webdo.tn\/fr\/#website"},"primaryImageOfPage":{"@id":"https:\/\/www.webdo.tn\/fr\/actualite\/culture\/des-films-primes-dans-des-festivals-prestigieux-seront-au-festival-du-film-del-gouna\/116743\/#primaryimage"},"image":{"@id":"https:\/\/www.webdo.tn\/fr\/actualite\/culture\/des-films-primes-dans-des-festivals-prestigieux-seront-au-festival-du-film-del-gouna\/116743\/#primaryimage"},"thumbnailUrl":"https:\/\/www.webdo.tn\/fr\/wp-content\/uploads\/2018\/08\/El-Gouna.jpg","datePublished":"2018-08-22T09:49:00+00:00","dateModified":"2025-05-18T23:33:35+00:00","description":"Des films prim\u00e9s dans des festivals prestigieux seront au Festival du Film d\u2019El Gouna","breadcrumb":{"@id":"https:\/\/www.webdo.tn\/fr\/actualite\/culture\/des-films-primes-dans-des-festivals-prestigieux-seront-au-festival-du-film-del-gouna\/116743\/#breadcrumb"},"inLanguage":"fr-FR","potentialAction":[{"@type":"ReadAction","target":["https:\/\/www.webdo.tn\/fr\/actualite\/culture\/des-films-primes-dans-des-festivals-prestigieux-seront-au-festival-du-film-del-gouna\/116743\/"]}]},{"@type":"ImageObject","inLanguage":"fr-FR","@id":"https:\/\/www.webdo.tn\/fr\/actualite\/culture\/des-films-primes-dans-des-festivals-prestigieux-seront-au-festival-du-film-del-gouna\/116743\/#primaryimage","url":"https:\/\/www.webdo.tn\/fr\/wp-content\/uploads\/2018\/08\/El-Gouna.jpg","contentUrl":"https:\/\/www.webdo.tn\/fr\/wp-content\/uploads\/2018\/08\/El-Gouna.jpg","width":815,"height":351,"caption":"Des films prim\u00e9s dans des festivals prestigieux seront au Festival du Film d\u2019El Gouna"},{"@type":"BreadcrumbList","@id":"https:\/\/www.webdo.tn\/fr\/actualite\/culture\/des-films-primes-dans-des-festivals-prestigieux-seront-au-festival-du-film-del-gouna\/116743\/#breadcrumb","itemListElement":[{"@type":"ListItem","position":1,"name":"Accueil","item":"https:\/\/www.webdo.tn\/fr\/"},{"@type":"ListItem","position":2,"name":"Des films prim\u00e9s dans des festivals prestigieux seront au Festival du Film d\u2019El Gouna"}]},{"@type":"WebSite","@id":"https:\/\/www.webdo.tn\/fr\/#website","url":"https:\/\/www.webdo.tn\/fr\/","name":"webdo","description":"Tunisie - News en Tunisie et \u00e0 l&#039;international sur Webdo.tn","publisher":{"@id":"https:\/\/www.webdo.tn\/fr\/#organization"},"potentialAction":[{"@type":"SearchAction","target":{"@type":"EntryPoint","urlTemplate":"https:\/\/www.webdo.tn\/fr\/?s={search_term_string}"},"query-input":{"@type":"PropertyValueSpecification","valueRequired":true,"valueName":"search_term_string"}}],"inLanguage":"fr-FR"},{"@type":"Organization","@id":"https:\/\/www.webdo.tn\/fr\/#organization","name":"Webdo","alternateName":"Webdo.tn","url":"https:\/\/www.webdo.tn\/fr\/","logo":{"@type":"ImageObject","inLanguage":"fr-FR","@id":"https:\/\/www.webdo.tn\/fr\/#\/schema\/logo\/image\/","url":"https:\/\/www.webdo.tn\/fr\/wp-content\/uploads\/2025\/06\/Webdo-Tunisie_168377.jpg","contentUrl":"https:\/\/www.webdo.tn\/fr\/wp-content\/uploads\/2025\/06\/Webdo-Tunisie_168377.jpg","width":301,"height":301,"caption":"Webdo"},"image":{"@id":"https:\/\/www.webdo.tn\/fr\/#\/schema\/logo\/image\/"},"sameAs":["https:\/\/www.facebook.com\/webdotn","https:\/\/x.com\/webdo_tn"],"description":"Webdo est un m\u00e9dia num\u00e9rique tunisien fond\u00e9 en 2010, sp\u00e9cialis\u00e9 dans l\u2019actualit\u00e9 nationale et internationale, l\u2019\u00e9conomie, la soci\u00e9t\u00e9 et les analyses politiques. Le site s\u2019adresse \u00e0 un large public francophone et couvre l\u2019information tunisienne en temps r\u00e9el.","email":"redac@webdo.tn","legalName":"YNJ SARL","foundingDate":"2010-09-06","numberOfEmployees":{"@type":"QuantitativeValue","minValue":"11","maxValue":"50"}},{"@type":"Person","@id":"https:\/\/www.webdo.tn\/fr\/#\/schema\/person\/60d5ba619ed3f58783b0dc82b7dada80","name":"Ne\u00efla DRISS","image":{"@type":"ImageObject","inLanguage":"fr-FR","@id":"https:\/\/www.webdo.tn\/fr\/wp-content\/uploads\/2026\/04\/neila-driss_avatar-96x96.jpg","url":"https:\/\/www.webdo.tn\/fr\/wp-content\/uploads\/2026\/04\/neila-driss_avatar-96x96.jpg","contentUrl":"https:\/\/www.webdo.tn\/fr\/wp-content\/uploads\/2026\/04\/neila-driss_avatar-96x96.jpg","caption":"Ne\u00efla DRISS"},"description":"Ne\u00efla Driss est juriste, journaliste culturelle et critique de cin\u00e9ma tunisienne. Titulaire d\u2019un DEA en droit priv\u00e9 de l\u2019Universit\u00e9 Paris II et d\u2019un DESS de l\u2019IHEC Carthage, elle d\u00e9bute sa carri\u00e8re comme juriste sp\u00e9cialis\u00e9e en gestion de patrimoine immobilier. Elle s\u2019oriente ensuite vers l\u2019\u00e9criture en ligne, o\u00f9 elle se distingue d\u00e8s 2006 aux Tunisia Blog Awards, avant de se consacrer au journalisme culturel, avec une sp\u00e9cialisation dans la critique cin\u00e9matographique. Elle couvre r\u00e9guli\u00e8rement les grands festivals internationaux, notamment le Festival de Cannes, les Journ\u00e9es Cin\u00e9matographiques de Carthage et le Festival du film du Caire. Membre de l\u2019ATPCC et de la FIPRESCI, elle participe \u00e0 des jurys et initiatives internationales de critique. Depuis 2024, elle est \u00e9lectrice internationale aux Golden Globes. Facebook : https:\/\/www.facebook.com\/massir.destiniii\/ X : https:\/\/x.com\/MassirDestin","sameAs":["https:\/\/www.facebook.com\/massir.destiniii\/","https:\/\/www.instagram.com\/neila.driss\/?hl=fr","https:\/\/www.linkedin.com\/in\/neila-driss-22606a80\/","https:\/\/x.com\/https:\/\/x.com\/MassirDestin"],"knowsAbout":["Cin\u00e9ma international","critique cin\u00e9matographique","festivals de cin\u00e9ma","journalisme culturel"],"knowsLanguage":["Fran\u00e7ais","Arabe","Anglais"],"jobTitle":"Journaliste culturelle et critique de cin\u00e9ma","worksFor":"Webdo","url":"https:\/\/www.webdo.tn\/fr\/actualite\/author\/neila-driss\/"}]}},"_links":{"self":[{"href":"https:\/\/www.webdo.tn\/fr\/wp-json\/wp\/v2\/posts\/116743","targetHints":{"allow":["GET"]}}],"collection":[{"href":"https:\/\/www.webdo.tn\/fr\/wp-json\/wp\/v2\/posts"}],"about":[{"href":"https:\/\/www.webdo.tn\/fr\/wp-json\/wp\/v2\/types\/post"}],"author":[{"embeddable":true,"href":"https:\/\/www.webdo.tn\/fr\/wp-json\/wp\/v2\/users\/3164"}],"replies":[{"embeddable":true,"href":"https:\/\/www.webdo.tn\/fr\/wp-json\/wp\/v2\/comments?post=116743"}],"version-history":[{"count":0,"href":"https:\/\/www.webdo.tn\/fr\/wp-json\/wp\/v2\/posts\/116743\/revisions"}],"wp:featuredmedia":[{"embeddable":true,"href":"https:\/\/www.webdo.tn\/fr\/wp-json\/wp\/v2\/media\/298302"}],"wp:attachment":[{"href":"https:\/\/www.webdo.tn\/fr\/wp-json\/wp\/v2\/media?parent=116743"}],"wp:term":[{"taxonomy":"category","embeddable":true,"href":"https:\/\/www.webdo.tn\/fr\/wp-json\/wp\/v2\/categories?post=116743"},{"taxonomy":"post_tag","embeddable":true,"href":"https:\/\/www.webdo.tn\/fr\/wp-json\/wp\/v2\/tags?post=116743"}],"curies":[{"name":"wp","href":"https:\/\/api.w.org\/{rel}","templated":true}]}}