{"id":116731,"date":"2018-11-22T08:36:00","date_gmt":"2018-11-22T08:36:00","guid":{"rendered":"https:\/\/www.webdo.tn\/fr\/blog\/le-festival-international-du-film-du-caire-celebre-ses-40-editions\/116731\/"},"modified":"2025-05-19T14:35:39","modified_gmt":"2025-05-19T14:35:39","slug":"le-festival-international-du-film-du-caire-celebre-ses-40-editions","status":"publish","type":"post","link":"https:\/\/www.webdo.tn\/fr\/actualite\/culture\/le-festival-international-du-film-du-caire-celebre-ses-40-editions\/116731\/","title":{"rendered":"Le Festival International du Film du Caire c\u00e9l\u00e8bre ses 40 \u00e9ditions."},"content":{"rendered":"<div class=\"single-body entry-content typography-copy\" itemprop=\"articleBody\">\n<p style=\"font-weight: bold; text-align: justify\">\n<div class=\"coprs\" style=\"text-align: center\"><\/div>\n<div class=\"coprs\" style=\"text-align: justify\">\n\t\t\t\t\t\t\t\t\t\u00a0 \u00a0<\/p>\n<p><img decoding=\"async\" alt=\"\" height=\"225\" src=\"http:\/\/www.webdo.tn\/wp-content\/uploads\/2017\/11\/logo.png\" width=\"101\"><\/p>\n<p>Du 20 au 29 novembre 2018, le Festival International du Film du Caire (CIFF), avec \u00e0 sa t\u00eate le sc\u00e9nariste et producteur Mohamed Hefzy, le plus jeune pr\u00e9sident de son histoire, f\u00eate ses 40 \u00e9ditions.<\/p>\n<p>Fond\u00e9 en 1976, le CIFF, malgr\u00e9 tous les obstacles et d\u00e9fis qui ont jalonn\u00e9 son existence, est le seul festival du Moyen Orient \u00e0 avoir atteint un tel nombre d\u2019\u00e9ditions, bien que le festival ne s\u2019est pas tenu en 2011 et 2013, pour cause de r\u00e9volution.<\/p>\n<p>A cette occasion, une exposition consacr\u00e9e aux 40 \u00e9ditions du festival et inaugur\u00e9e par Mme Ines Abdel-Dayem, la Ministre de la Culture \u00e9gyptienne,\u00a0 M. Mohamed Hefzy, le pr\u00e9sident du CIFF, M. Khaled Abdel Jalil, le pr\u00e9sident du Centre National du Film, Mme Magda Wassef, la pr\u00e9c\u00e9dente pr\u00e9sidente du festival, les acteurs \u00e9gyptiens Hussein Fahmy (qui, comme indiqu\u00e9 ci-dessous, a \u00e9t\u00e9 pr\u00e9sident du CIFF de 1998 \u00e0 2001), Mostapha Fahmy et Lebleba et d\u2019autres personnalit\u00e9s du monde du cin\u00e9ma \u00e9gyptien, a retrac\u00e9 les \u00e9tapes les plus importantes des 42 ann\u00e9es d\u2019\u00e2ge du festival et son impact sur le plan artistique, culturel et social.<\/p>\n<p>Cette exposition comprend, entre autres, les affiches des 40 \u00e9ditions, de la premi\u00e8re \u00e0 la derni\u00e8re, des centaines de photographies, surtout des invit\u00e9s (dont par exemple Sophia Loren et Richard Gere) et des laur\u00e9ats des diverses comp\u00e9titions, les catalogues et programmes des pr\u00e9c\u00e9dentes \u00e9ditions, quelques affiches des films programm\u00e9s (dont <em>Pretty Woman<\/em> de Garry Marshall, <em>Hiroshima mon amour<\/em> d\u2019Alain Resnais, <em>Immeuble Yacoubian<\/em> de Marwan Hamed, <em>Asmaa<\/em> de Amr Salama\u2026), des photos des professionnels honor\u00e9s pendant les 40 \u00e9ditions (dont Youssef Chahine, Mohamed Abdelwaheb, Faten Hamama, Omar Sharif\u2026), des photos des divers membres du comit\u00e9 d\u2019organisation du festival, les photos des neufs pr\u00e9sidents du festival, des exemplaires de correspondances, des livres \u00e9dit\u00e9s par le festival et quelques troph\u00e9es\u2026<\/p>\n<p>\u00a0<\/p>\n<p><img decoding=\"async\" alt=\"Affiches\" height=\"449\" src=\"http:\/\/www.webdo.tn\/wp-content\/uploads\/2019\/08\/Expo-40--1024x768.jpg\" width=\"599\"><br \/>\n<em>CIFF 2018 &#8211; Affiches des 40 \u00e9ditions du festival<\/em><\/p>\n<p>\u00a0<\/p>\n<p><img decoding=\"async\" alt=\"\" height=\"670\" src=\"http:\/\/www.webdo.tn\/wp-content\/uploads\/2019\/08\/Expo-40-Correspondances-768x1024.jpg\" width=\"502\"><br \/>\n<em>CIFF 2018 &#8211; Correspondance des diverses \u00e9ditions du CIFF<\/em>\u00a0<\/p>\n<p>\u00a0<\/p>\n<p><img decoding=\"async\" alt=\"\" height=\"750\" src=\"http:\/\/www.webdo.tn\/wp-content\/uploads\/2019\/08\/Expo-40-Hommages.jpg\" width=\"1000\"> <em>CIFF 2018 &#8211; Les hommages&#8230;<\/em><\/p>\n<p>\u00a0<\/p>\n<p><img decoding=\"async\" alt=\"CIFF 2018 - Diverses photos par \u00e9dition.\" height=\"805\" src=\"http:\/\/www.webdo.tn\/wp-content\/uploads\/2019\/08\/Expo-40-Photos--768x1024.jpg\" width=\"604\"><br \/>\n<em>CIFF 2018 &#8211; Diverses photos par \u00e9dition<\/em><\/p>\n<p>\u00a0<\/p>\n<p><img decoding=\"async\" alt=\"CIFF 2018 - Les Troph\u00e9es au fil des ann\u00e9es...\" height=\"576\" src=\"http:\/\/www.webdo.tn\/wp-content\/uploads\/2019\/08\/Expo-40-Troph%C3%A9es.jpg\" width=\"768\"><br \/>\n<em>CIFF 2018 &#8211; Les Troph\u00e9es au fil des ann\u00e9es&#8230;<\/em><\/p>\n<p>\u00a0<\/p>\n<p><img decoding=\"async\" alt=\"\" height=\"525\" src=\"http:\/\/www.webdo.tn\/wp-content\/uploads\/2019\/08\/Expo-40-Institutions-1-1024x768.jpg\" width=\"700\"><br \/>\n<em>CIFF 2018 &#8211; Le Festival du Caire, une institution&#8230;<\/em><\/p>\n<p>\u00a0<\/p>\n<p><img decoding=\"async\" alt=\"\" height=\"525\" src=\"http:\/\/www.webdo.tn\/wp-content\/uploads\/2019\/08\/Expo-40-Invit%C3%A9s-1-1024x768.jpg\" width=\"700\"><br \/>\n<em>CIFF 2018 &#8211; Quelques invit\u00e9s c\u00e9l\u00e8bres&#8230;<\/em><\/p>\n<p>\u00a0<\/p>\n<p><img decoding=\"async\" alt=\"\" height=\"525\" src=\"http:\/\/www.webdo.tn\/wp-content\/uploads\/2019\/08\/Expo-40-Publications-1-1024x768.jpg\" width=\"700\"><br \/>\n<em>CIFF 2018 &#8211; Les publications du festival au fil des 40 \u00e9ditions&#8230;.<\/em><\/p>\n<p>\u00a0<\/p>\n<p>Par ailleurs, une installation photos et vid\u00e9os a essay\u00e9 de faire le parall\u00e8le entre les diverses \u00e9ditions du festival, l\u2019histoire du cin\u00e9ma \u00e9gyptien et les diff\u00e9rents \u00e9v\u00e9nements qui ont jalonn\u00e9 l\u2019histoire contemporaine de l\u2019Egypte, comme par exemple le d\u00e9c\u00e8s de l\u2019artiste Abdel Halim Hafez ou le nass\u00e9risme.<\/p>\n<p>Une carte interactive permet de connaitre les films prim\u00e9s au CIFF par pays\u00a0: lorsqu\u2019on clique sur un pays, apparait une liste des films de ce pays prim\u00e9s au festival, comme par exemple le film tunisien <em>Tunis by night,<\/em> r\u00e9alis\u00e9 par Elyes Baccar et qui a remport\u00e9 en 2017 le prix du meilleur acteur pour Raouf Ben Amor.<\/p>\n<p>\u00a0<\/p>\n<p><img decoding=\"async\" alt=\"\" height=\"451\" src=\"http:\/\/www.webdo.tn\/wp-content\/uploads\/2019\/08\/Expo-40-Carte-interactive.jpg\" width=\"601\"><br \/>\n<em>CIFF 2018 &#8211; Carte interactive<\/em><\/p>\n<p>\u00a0<\/p>\n<p>Par ailleurs, le CIFF a fait \u00e9diter un livre, \u00e9crit par le jeune chercheur en histoire Moheb Jamil. Cet ouvrage couvre l&rsquo;histoire du festival \u00e0 travers ses 39 \u00e9ditions pr\u00e9c\u00e9dentes et met en lumi\u00e8re les \u00e9v\u00e9nements les plus importants du festival, qui dure depuis 42 ans, et dont l&rsquo;histoire est li\u00e9e \u00e0 celle du cin\u00e9ma en \u00c9gypte et dans la r\u00e9gion arabe.<\/p>\n<p>Le livre, publi\u00e9 en partie en anglais et en partie en arabe, raconte le festival \u00e9dition par \u00e9dition. Pour chaque \u00e9dition, il \u00e9num\u00e8re les noms des responsables de l\u2019organisation et membres des divers comit\u00e9s, les films s\u00e9lectionn\u00e9s et enfin le palmar\u00e8s. Il donne \u00e9galement parfois un aper\u00e7u sur les retomb\u00e9es sur la presse ou raconte des anecdotes particuli\u00e8res.<\/p>\n<p>Dans la partie en langue arabe, on trouve en plus, une liste de tous les professionnels du cin\u00e9ma, arabes ou autres, auxquels le CIFF a rendu hommage durant ces 42 ans, parmi eux, \u00e0\u00a0 titre d\u2019exemple, Charlie Chaplin et Claudia Cardinale en 1989, Salma Hayek en 2009, Richard Gere en 2010 ou Adrien Brody en 2017.<\/p>\n<p>On trouve \u00e9galement une liste de tous les livres \u00e9dit\u00e9s par le festival de 1991 \u00e0 2017 et une biographie de tous les pr\u00e9sidents du festival\u00a0: Kamel Malekh (1976 -1983), Kamal El Sheikh (1984), \u00a0Saad Eddine Wahba (1985 \u2013 1997), Hussein Fahmy (1998 &#8211; 2001), Sherif el Shoobashi (2002 \u2013 2005), Ezzat Abo Ouf (2005 \u2013 2012), Samir Farid (2014) et Magda Wassef (2015 &#8211; 2017).<\/p>\n<p>\u00a0<\/p>\n<p><img decoding=\"async\" alt=\"\" height=\"512\" src=\"http:\/\/www.webdo.tn\/wp-content\/uploads\/2019\/08\/Livre-CIFF-1024x749.jpg\" width=\"700\"><br \/>\n<em>CIFF 2018 &#8211; Le livre consacr\u00e9 aux 40 \u00e9ditions du festival<\/em><\/p>\n<p>\u00a0<\/p>\n<p>Aussi bien l\u2019exposition que le livre \u00e9taient d\u2019excellentes initiatives, qu\u2019on aura aim\u00e9 voir r\u00e9alis\u00e9es lors du 50eme anniversaire des JCC qui a eu lieu en novembre 2016.<\/p>\n<p>En ce qui concerne le livre, il aurait \u00e9t\u00e9 pr\u00e9f\u00e9rable qu\u2019il soit un peu plus analytique et qu\u2019il ne se limite pas \u00e0 \u00e9num\u00e9rer des noms, des titres et des r\u00e9compenses, mais il reste quand m\u00eame un document important, qui donne beaucoup d\u2019informations concernant les 40 \u00e9ditions du festival.<\/p>\n<p>Par contre l\u2019exposition \u00e9tait tr\u00e8s int\u00e9ressante et m\u00eame touchante. Elle nous plonge dans l\u2019ambiance du festival des quarante derni\u00e8res ann\u00e9es, elle permet de voir et revoir les artistes, les films, de constater l\u2019\u00e9volution du festival\u2026. et surtout elle contribue \u00e0 perp\u00e9tuer la m\u00e9moire du festival.<\/p>\n<p>Est-ce que les JCC ont de telles archives\u00a0? Ce festival poss\u00e8de-t-il tous les catalogues des \u00e9ditions pass\u00e9es\u00a0? Garde-t-il les anciennes correspondances\u00a0? Et toutes les affiches de ces pr\u00e9c\u00e9dentes \u00e9ditions\u00a0? Rien n\u2019est moins s\u00fbr, mais il serait temps de penser \u00e0 rassembler toutes ces archives et souvenirs, et de penser peut-\u00eatre \u00e0 organiser une belle exposition pour le 60eme anniversaire\u00a0!<\/p>\n<p>\u00a0<\/p>\n<p><strong>Ne\u00efla Driss<\/strong><\/p>\n<p>\u00a0 <em>Lire sur le m\u00eame sujet:<\/em><\/p>\n<ul>\n<li><a href=\"http:\/\/www.webdo.tn\/2018\/10\/29\/dhafer-el-abidine-et-aicha-ben-ahmed-membres-de-jury-au-festival-international-du-film-du-caire\/\" rel=\"bookmark\" title=\"Dhafer El Abidine et Aicha Ben Ahmed, membres du jury au Festival International du Film du Caire\">Dhafer El Abidine et Aicha Ben Ahmed, membres du jury au Festival International du Film du Caire<\/a><\/li>\n<li><a href=\"http:\/\/www.webdo.tn\/2018\/11\/20\/le-festival-international-du-film-du-caire-fete-sa-40eme-edition\/\" rel=\"bookmark\" title=\"Le Festival International du Film du Caire f\u00eate sa 40\u00e8me \u00e9dition\">Le Festival International du Film du Caire f\u00eate sa 40\u00e8me \u00e9dition<\/a><\/li>\n<li><a href=\"http:\/\/www.webdo.tn\/2018\/11\/26\/le-film-tunisien-dachra-au-festival-international-du-film-du-caire\/\" rel=\"bookmark\" title=\"Le film tunisien \u00ab\u00a0Dachra\u00a0\u00bb au Festival International du Film du Caire\">Le film tunisien \u00ab\u00a0Dachra\u00a0\u00bb au Festival International du Film du Caire<\/a><\/li>\n<li><a href=\"http:\/\/www.webdo.tn\/2018\/11\/30\/deux-films-tunisiens-primes-au-festival-international-du-film-du-caire\/\" rel=\"bookmark\" title=\"Deux films tunisiens prim\u00e9s au Festival International du Film du Caire\">Deux films tunisiens prim\u00e9s au Festival International du Film du Caire<\/a><\/li>\n<li><a href=\"http:\/\/www.webdo.tn\/2018\/12\/06\/la-realite-virtuelle-pourrait-elle-devenir-lavenir-du-cinema\/\" rel=\"bookmark\" title=\"La r\u00e9alit\u00e9 virtuelle pourrait-elle devenir l\u2019avenir du cin\u00e9ma\u00a0?\">La r\u00e9alit\u00e9 virtuelle pourrait-elle devenir l\u2019avenir du cin\u00e9ma\u00a0?<\/a><\/li>\n<li><a href=\"http:\/\/www.webdo.tn\/2018\/12\/17\/daniel-ziskind-le-mec-qui-promeut-le-cinema-arabe\/\" rel=\"bookmark\" title=\"Daniel Ziskind, \u00ab\u00a0le mec qui promeut le cin\u00e9ma arabe\u00a0\u00bb\">Daniel Ziskind, \u00ab\u00a0le mec qui promeut le cin\u00e9ma arabe\u00a0\u00bb\u00a0\u00a0\u00a0<\/a><\/li>\n<li><a href=\"http:\/\/www.webdo.tn\/2018\/12\/20\/dhafer-labidine-une-fierte-pour-la-tunisie\/\" rel=\"bookmark\" title=\"Dhafer L\u2019Abidine, une fiert\u00e9 pour la Tunisie\">Dhafer L\u2019Abidine, une fiert\u00e9 pour la Tunisie<\/a><\/li>\n<li><a href=\"http:\/\/www.webdo.tn\/2017\/04\/19\/aicha-ben-ahmed-jeune-actrice-tunisienne-a-conquete-de-legypte\/\" rel=\"bookmark\" title=\"Aicha Ben Ahmed, une jeune actrice tunisienne \u00e0 la conqu\u00eate de l\u2019Egypte\">Aicha Ben Ahmed, une jeune actrice tunisienne \u00e0 la conqu\u00eate de l\u2019Egypte<\/a><\/li>\n<\/ul><\/div>\n<div class=\"coprs\" style=\"text-align: center\"><\/div><\/div>\n","protected":false},"excerpt":{"rendered":"<p>Le Festival International du Film du Caire c\u00e9l\u00e8bre ses 40 \u00e9ditions.<\/p>\n","protected":false},"author":3164,"featured_media":297205,"comment_status":"open","ping_status":"closed","sticky":false,"template":"","format":"standard","meta":{"footnotes":""},"categories":[2594],"tags":[11298,3257,2626,2641,3255],"class_list":["post-116731","post","type-post","status-publish","format-standard","has-post-thumbnail","hentry","category-culture","tag-ciff-40","tag-ciff","tag-cinema","tag-exposition","tag-festival-international-du-film-du-caire"],"yoast_head":"<!-- This site is optimized with the Yoast SEO Premium plugin v27.4 (Yoast SEO v27.4) - https:\/\/yoast.com\/product\/yoast-seo-premium-wordpress\/ -->\n<title>Le Festival International du Film du Caire c\u00e9l\u00e8bre ses 40 \u00e9ditions.<\/title>\n<meta name=\"description\" content=\"Le Festival International du Film du Caire c\u00e9l\u00e8bre ses 40 \u00e9ditions.\" \/>\n<link rel=\"canonical\" href=\"https:\/\/www.webdo.tn\/fr\/actualite\/culture\/le-festival-international-du-film-du-caire-celebre-ses-40-editions\/116731\/\" \/>\n<meta property=\"og:locale\" content=\"fr_FR\" \/>\n<meta property=\"og:type\" content=\"article\" \/>\n<meta property=\"og:title\" content=\"Le Festival International du Film du Caire c\u00e9l\u00e8bre ses 40 \u00e9ditions.\" \/>\n<meta property=\"og:description\" content=\"Le Festival International du Film du Caire c\u00e9l\u00e8bre ses 40 \u00e9ditions.\" \/>\n<meta property=\"og:url\" content=\"https:\/\/www.webdo.tn\/fr\/actualite\/culture\/le-festival-international-du-film-du-caire-celebre-ses-40-editions\/116731\/\" \/>\n<meta property=\"og:site_name\" content=\"webdo\" \/>\n<meta property=\"article:publisher\" content=\"https:\/\/www.facebook.com\/webdotn\" \/>\n<meta property=\"article:author\" content=\"https:\/\/www.facebook.com\/massir.destiniii\/\" \/>\n<meta property=\"article:published_time\" content=\"2018-11-22T08:36:00+00:00\" \/>\n<meta property=\"article:modified_time\" content=\"2025-05-19T14:35:39+00:00\" \/>\n<meta property=\"og:image\" content=\"https:\/\/www.webdo.tn\/fr\/wp-content\/uploads\/2018\/11\/Expo-40-Inauguration-.jpg\" \/>\n\t<meta property=\"og:image:width\" content=\"1000\" \/>\n\t<meta property=\"og:image:height\" content=\"750\" \/>\n\t<meta property=\"og:image:type\" content=\"image\/jpeg\" \/>\n<meta name=\"author\" content=\"Ne\u00efla DRISS\" \/>\n<meta name=\"twitter:card\" content=\"summary_large_image\" \/>\n<meta name=\"twitter:creator\" content=\"@https:\/\/x.com\/MassirDestin\" \/>\n<meta name=\"twitter:site\" content=\"@webdo_tn\" \/>\n<meta name=\"twitter:label1\" content=\"\u00c9crit par\" \/>\n\t<meta name=\"twitter:data1\" content=\"Ne\u00efla DRISS\" \/>\n\t<meta name=\"twitter:label2\" content=\"Dur\u00e9e de lecture estim\u00e9e\" \/>\n\t<meta name=\"twitter:data2\" content=\"5 minutes\" \/>\n<script type=\"application\/ld+json\" class=\"yoast-schema-graph\">{\"@context\":\"https:\\\/\\\/schema.org\",\"@graph\":[{\"@type\":\"NewsArticle\",\"@id\":\"https:\\\/\\\/www.webdo.tn\\\/fr\\\/actualite\\\/culture\\\/le-festival-international-du-film-du-caire-celebre-ses-40-editions\\\/116731\\\/#article\",\"isPartOf\":{\"@id\":\"https:\\\/\\\/www.webdo.tn\\\/fr\\\/actualite\\\/culture\\\/le-festival-international-du-film-du-caire-celebre-ses-40-editions\\\/116731\\\/\"},\"author\":{\"name\":\"Ne\u00efla DRISS\",\"@id\":\"https:\\\/\\\/www.webdo.tn\\\/fr\\\/#\\\/schema\\\/person\\\/60d5ba619ed3f58783b0dc82b7dada80\"},\"headline\":\"Le Festival International du Film du Caire c\u00e9l\u00e8bre ses 40 \u00e9ditions.\",\"datePublished\":\"2018-11-22T08:36:00+00:00\",\"dateModified\":\"2025-05-19T14:35:39+00:00\",\"mainEntityOfPage\":{\"@id\":\"https:\\\/\\\/www.webdo.tn\\\/fr\\\/actualite\\\/culture\\\/le-festival-international-du-film-du-caire-celebre-ses-40-editions\\\/116731\\\/\"},\"wordCount\":1065,\"commentCount\":0,\"publisher\":{\"@id\":\"https:\\\/\\\/www.webdo.tn\\\/fr\\\/#organization\"},\"image\":{\"@id\":\"https:\\\/\\\/www.webdo.tn\\\/fr\\\/actualite\\\/culture\\\/le-festival-international-du-film-du-caire-celebre-ses-40-editions\\\/116731\\\/#primaryimage\"},\"thumbnailUrl\":\"https:\\\/\\\/www.webdo.tn\\\/fr\\\/wp-content\\\/uploads\\\/2018\\\/11\\\/Expo-40-Inauguration-.jpg\",\"keywords\":[\"'CIFF 40'\",\"CIFF\",\"Cin\u00e9ma\",\"exposition\",\"Festival International du Film du Caire\"],\"articleSection\":[\"Culture\"],\"inLanguage\":\"fr-FR\"},{\"@type\":\"WebPage\",\"@id\":\"https:\\\/\\\/www.webdo.tn\\\/fr\\\/actualite\\\/culture\\\/le-festival-international-du-film-du-caire-celebre-ses-40-editions\\\/116731\\\/\",\"url\":\"https:\\\/\\\/www.webdo.tn\\\/fr\\\/actualite\\\/culture\\\/le-festival-international-du-film-du-caire-celebre-ses-40-editions\\\/116731\\\/\",\"name\":\"Le Festival International du Film du Caire c\u00e9l\u00e8bre ses 40 \u00e9ditions.\",\"isPartOf\":{\"@id\":\"https:\\\/\\\/www.webdo.tn\\\/fr\\\/#website\"},\"primaryImageOfPage\":{\"@id\":\"https:\\\/\\\/www.webdo.tn\\\/fr\\\/actualite\\\/culture\\\/le-festival-international-du-film-du-caire-celebre-ses-40-editions\\\/116731\\\/#primaryimage\"},\"image\":{\"@id\":\"https:\\\/\\\/www.webdo.tn\\\/fr\\\/actualite\\\/culture\\\/le-festival-international-du-film-du-caire-celebre-ses-40-editions\\\/116731\\\/#primaryimage\"},\"thumbnailUrl\":\"https:\\\/\\\/www.webdo.tn\\\/fr\\\/wp-content\\\/uploads\\\/2018\\\/11\\\/Expo-40-Inauguration-.jpg\",\"datePublished\":\"2018-11-22T08:36:00+00:00\",\"dateModified\":\"2025-05-19T14:35:39+00:00\",\"description\":\"Le Festival International du Film du Caire c\u00e9l\u00e8bre ses 40 \u00e9ditions.\",\"breadcrumb\":{\"@id\":\"https:\\\/\\\/www.webdo.tn\\\/fr\\\/actualite\\\/culture\\\/le-festival-international-du-film-du-caire-celebre-ses-40-editions\\\/116731\\\/#breadcrumb\"},\"inLanguage\":\"fr-FR\",\"potentialAction\":[{\"@type\":\"ReadAction\",\"target\":[\"https:\\\/\\\/www.webdo.tn\\\/fr\\\/actualite\\\/culture\\\/le-festival-international-du-film-du-caire-celebre-ses-40-editions\\\/116731\\\/\"]}]},{\"@type\":\"ImageObject\",\"inLanguage\":\"fr-FR\",\"@id\":\"https:\\\/\\\/www.webdo.tn\\\/fr\\\/actualite\\\/culture\\\/le-festival-international-du-film-du-caire-celebre-ses-40-editions\\\/116731\\\/#primaryimage\",\"url\":\"https:\\\/\\\/www.webdo.tn\\\/fr\\\/wp-content\\\/uploads\\\/2018\\\/11\\\/Expo-40-Inauguration-.jpg\",\"contentUrl\":\"https:\\\/\\\/www.webdo.tn\\\/fr\\\/wp-content\\\/uploads\\\/2018\\\/11\\\/Expo-40-Inauguration-.jpg\",\"width\":1000,\"height\":750,\"caption\":\"Le Festival International du Film du Caire c\u00e9l\u00e8bre ses 40 \u00e9ditions.\"},{\"@type\":\"BreadcrumbList\",\"@id\":\"https:\\\/\\\/www.webdo.tn\\\/fr\\\/actualite\\\/culture\\\/le-festival-international-du-film-du-caire-celebre-ses-40-editions\\\/116731\\\/#breadcrumb\",\"itemListElement\":[{\"@type\":\"ListItem\",\"position\":1,\"name\":\"Accueil\",\"item\":\"https:\\\/\\\/www.webdo.tn\\\/fr\\\/\"},{\"@type\":\"ListItem\",\"position\":2,\"name\":\"Le Festival International du Film du Caire c\u00e9l\u00e8bre ses 40 \u00e9ditions.\"}]},{\"@type\":\"WebSite\",\"@id\":\"https:\\\/\\\/www.webdo.tn\\\/fr\\\/#website\",\"url\":\"https:\\\/\\\/www.webdo.tn\\\/fr\\\/\",\"name\":\"webdo\",\"description\":\"Tunisie - News en Tunisie et \u00e0 l&#039;international sur Webdo.tn\",\"publisher\":{\"@id\":\"https:\\\/\\\/www.webdo.tn\\\/fr\\\/#organization\"},\"potentialAction\":[{\"@type\":\"SearchAction\",\"target\":{\"@type\":\"EntryPoint\",\"urlTemplate\":\"https:\\\/\\\/www.webdo.tn\\\/fr\\\/?s={search_term_string}\"},\"query-input\":{\"@type\":\"PropertyValueSpecification\",\"valueRequired\":true,\"valueName\":\"search_term_string\"}}],\"inLanguage\":\"fr-FR\"},{\"@type\":\"Organization\",\"@id\":\"https:\\\/\\\/www.webdo.tn\\\/fr\\\/#organization\",\"name\":\"Webdo\",\"alternateName\":\"Webdo.tn\",\"url\":\"https:\\\/\\\/www.webdo.tn\\\/fr\\\/\",\"logo\":{\"@type\":\"ImageObject\",\"inLanguage\":\"fr-FR\",\"@id\":\"https:\\\/\\\/www.webdo.tn\\\/fr\\\/#\\\/schema\\\/logo\\\/image\\\/\",\"url\":\"https:\\\/\\\/www.webdo.tn\\\/fr\\\/wp-content\\\/uploads\\\/2025\\\/06\\\/Webdo-Tunisie_168377.jpg\",\"contentUrl\":\"https:\\\/\\\/www.webdo.tn\\\/fr\\\/wp-content\\\/uploads\\\/2025\\\/06\\\/Webdo-Tunisie_168377.jpg\",\"width\":301,\"height\":301,\"caption\":\"Webdo\"},\"image\":{\"@id\":\"https:\\\/\\\/www.webdo.tn\\\/fr\\\/#\\\/schema\\\/logo\\\/image\\\/\"},\"sameAs\":[\"https:\\\/\\\/www.facebook.com\\\/webdotn\",\"https:\\\/\\\/x.com\\\/webdo_tn\"],\"description\":\"Webdo est un m\u00e9dia num\u00e9rique tunisien fond\u00e9 en 2010, sp\u00e9cialis\u00e9 dans l\u2019actualit\u00e9 nationale et internationale, l\u2019\u00e9conomie, la soci\u00e9t\u00e9 et les analyses politiques. Le site s\u2019adresse \u00e0 un large public francophone et couvre l\u2019information tunisienne en temps r\u00e9el.\",\"email\":\"redac@webdo.tn\",\"legalName\":\"YNJ SARL\",\"foundingDate\":\"2010-09-06\",\"numberOfEmployees\":{\"@type\":\"QuantitativeValue\",\"minValue\":\"11\",\"maxValue\":\"50\"}},{\"@type\":\"Person\",\"@id\":\"https:\\\/\\\/www.webdo.tn\\\/fr\\\/#\\\/schema\\\/person\\\/60d5ba619ed3f58783b0dc82b7dada80\",\"name\":\"Ne\u00efla DRISS\",\"image\":{\"@type\":\"ImageObject\",\"inLanguage\":\"fr-FR\",\"@id\":\"https:\\\/\\\/www.webdo.tn\\\/fr\\\/wp-content\\\/uploads\\\/2026\\\/04\\\/neila-driss_avatar-96x96.jpg\",\"url\":\"https:\\\/\\\/www.webdo.tn\\\/fr\\\/wp-content\\\/uploads\\\/2026\\\/04\\\/neila-driss_avatar-96x96.jpg\",\"contentUrl\":\"https:\\\/\\\/www.webdo.tn\\\/fr\\\/wp-content\\\/uploads\\\/2026\\\/04\\\/neila-driss_avatar-96x96.jpg\",\"caption\":\"Ne\u00efla DRISS\"},\"description\":\"Ne\u00efla Driss est juriste, journaliste culturelle et critique de cin\u00e9ma tunisienne. Titulaire d\u2019un DEA en droit priv\u00e9 de l\u2019Universit\u00e9 Paris II et d\u2019un DESS de l\u2019IHEC Carthage, elle d\u00e9bute sa carri\u00e8re comme juriste sp\u00e9cialis\u00e9e en gestion de patrimoine immobilier. Elle s\u2019oriente ensuite vers l\u2019\u00e9criture en ligne, o\u00f9 elle se distingue d\u00e8s 2006 aux Tunisia Blog Awards, avant de se consacrer au journalisme culturel, avec une sp\u00e9cialisation dans la critique cin\u00e9matographique. Elle couvre r\u00e9guli\u00e8rement les grands festivals internationaux, notamment le Festival de Cannes, les Journ\u00e9es Cin\u00e9matographiques de Carthage et le Festival du film du Caire. Membre de l\u2019ATPCC et de la FIPRESCI, elle participe \u00e0 des jurys et initiatives internationales de critique. Depuis 2024, elle est \u00e9lectrice internationale aux Golden Globes. Facebook : https:\\\/\\\/www.facebook.com\\\/massir.destiniii\\\/ X : https:\\\/\\\/x.com\\\/MassirDestin\",\"sameAs\":[\"https:\\\/\\\/www.facebook.com\\\/massir.destiniii\\\/\",\"https:\\\/\\\/www.instagram.com\\\/neila.driss\\\/?hl=fr\",\"https:\\\/\\\/www.linkedin.com\\\/in\\\/neila-driss-22606a80\\\/\",\"https:\\\/\\\/x.com\\\/https:\\\/\\\/x.com\\\/MassirDestin\"],\"knowsAbout\":[\"Cin\u00e9ma international\",\"critique cin\u00e9matographique\",\"festivals de cin\u00e9ma\",\"journalisme culturel\"],\"knowsLanguage\":[\"Fran\u00e7ais\",\"Arabe\",\"Anglais\"],\"jobTitle\":\"Journaliste culturelle et critique de cin\u00e9ma\",\"worksFor\":\"Webdo\",\"url\":\"https:\\\/\\\/www.webdo.tn\\\/fr\\\/actualite\\\/author\\\/neila-driss\\\/\"}]}<\/script>\n<!-- \/ Yoast SEO Premium plugin. -->","yoast_head_json":{"title":"Le Festival International du Film du Caire c\u00e9l\u00e8bre ses 40 \u00e9ditions.","description":"Le Festival International du Film du Caire c\u00e9l\u00e8bre ses 40 \u00e9ditions.","canonical":"https:\/\/www.webdo.tn\/fr\/actualite\/culture\/le-festival-international-du-film-du-caire-celebre-ses-40-editions\/116731\/","og_locale":"fr_FR","og_type":"article","og_title":"Le Festival International du Film du Caire c\u00e9l\u00e8bre ses 40 \u00e9ditions.","og_description":"Le Festival International du Film du Caire c\u00e9l\u00e8bre ses 40 \u00e9ditions.","og_url":"https:\/\/www.webdo.tn\/fr\/actualite\/culture\/le-festival-international-du-film-du-caire-celebre-ses-40-editions\/116731\/","og_site_name":"webdo","article_publisher":"https:\/\/www.facebook.com\/webdotn","article_author":"https:\/\/www.facebook.com\/massir.destiniii\/","article_published_time":"2018-11-22T08:36:00+00:00","article_modified_time":"2025-05-19T14:35:39+00:00","og_image":[{"width":1000,"height":750,"url":"https:\/\/www.webdo.tn\/fr\/wp-content\/uploads\/2018\/11\/Expo-40-Inauguration-.jpg","type":"image\/jpeg"}],"author":"Ne\u00efla DRISS","twitter_card":"summary_large_image","twitter_creator":"@https:\/\/x.com\/MassirDestin","twitter_site":"@webdo_tn","twitter_misc":{"\u00c9crit par":"Ne\u00efla DRISS","Dur\u00e9e de lecture estim\u00e9e":"5 minutes"},"schema":{"@context":"https:\/\/schema.org","@graph":[{"@type":"NewsArticle","@id":"https:\/\/www.webdo.tn\/fr\/actualite\/culture\/le-festival-international-du-film-du-caire-celebre-ses-40-editions\/116731\/#article","isPartOf":{"@id":"https:\/\/www.webdo.tn\/fr\/actualite\/culture\/le-festival-international-du-film-du-caire-celebre-ses-40-editions\/116731\/"},"author":{"name":"Ne\u00efla DRISS","@id":"https:\/\/www.webdo.tn\/fr\/#\/schema\/person\/60d5ba619ed3f58783b0dc82b7dada80"},"headline":"Le Festival International du Film du Caire c\u00e9l\u00e8bre ses 40 \u00e9ditions.","datePublished":"2018-11-22T08:36:00+00:00","dateModified":"2025-05-19T14:35:39+00:00","mainEntityOfPage":{"@id":"https:\/\/www.webdo.tn\/fr\/actualite\/culture\/le-festival-international-du-film-du-caire-celebre-ses-40-editions\/116731\/"},"wordCount":1065,"commentCount":0,"publisher":{"@id":"https:\/\/www.webdo.tn\/fr\/#organization"},"image":{"@id":"https:\/\/www.webdo.tn\/fr\/actualite\/culture\/le-festival-international-du-film-du-caire-celebre-ses-40-editions\/116731\/#primaryimage"},"thumbnailUrl":"https:\/\/www.webdo.tn\/fr\/wp-content\/uploads\/2018\/11\/Expo-40-Inauguration-.jpg","keywords":["'CIFF 40'","CIFF","Cin\u00e9ma","exposition","Festival International du Film du Caire"],"articleSection":["Culture"],"inLanguage":"fr-FR"},{"@type":"WebPage","@id":"https:\/\/www.webdo.tn\/fr\/actualite\/culture\/le-festival-international-du-film-du-caire-celebre-ses-40-editions\/116731\/","url":"https:\/\/www.webdo.tn\/fr\/actualite\/culture\/le-festival-international-du-film-du-caire-celebre-ses-40-editions\/116731\/","name":"Le Festival International du Film du Caire c\u00e9l\u00e8bre ses 40 \u00e9ditions.","isPartOf":{"@id":"https:\/\/www.webdo.tn\/fr\/#website"},"primaryImageOfPage":{"@id":"https:\/\/www.webdo.tn\/fr\/actualite\/culture\/le-festival-international-du-film-du-caire-celebre-ses-40-editions\/116731\/#primaryimage"},"image":{"@id":"https:\/\/www.webdo.tn\/fr\/actualite\/culture\/le-festival-international-du-film-du-caire-celebre-ses-40-editions\/116731\/#primaryimage"},"thumbnailUrl":"https:\/\/www.webdo.tn\/fr\/wp-content\/uploads\/2018\/11\/Expo-40-Inauguration-.jpg","datePublished":"2018-11-22T08:36:00+00:00","dateModified":"2025-05-19T14:35:39+00:00","description":"Le Festival International du Film du Caire c\u00e9l\u00e8bre ses 40 \u00e9ditions.","breadcrumb":{"@id":"https:\/\/www.webdo.tn\/fr\/actualite\/culture\/le-festival-international-du-film-du-caire-celebre-ses-40-editions\/116731\/#breadcrumb"},"inLanguage":"fr-FR","potentialAction":[{"@type":"ReadAction","target":["https:\/\/www.webdo.tn\/fr\/actualite\/culture\/le-festival-international-du-film-du-caire-celebre-ses-40-editions\/116731\/"]}]},{"@type":"ImageObject","inLanguage":"fr-FR","@id":"https:\/\/www.webdo.tn\/fr\/actualite\/culture\/le-festival-international-du-film-du-caire-celebre-ses-40-editions\/116731\/#primaryimage","url":"https:\/\/www.webdo.tn\/fr\/wp-content\/uploads\/2018\/11\/Expo-40-Inauguration-.jpg","contentUrl":"https:\/\/www.webdo.tn\/fr\/wp-content\/uploads\/2018\/11\/Expo-40-Inauguration-.jpg","width":1000,"height":750,"caption":"Le Festival International du Film du Caire c\u00e9l\u00e8bre ses 40 \u00e9ditions."},{"@type":"BreadcrumbList","@id":"https:\/\/www.webdo.tn\/fr\/actualite\/culture\/le-festival-international-du-film-du-caire-celebre-ses-40-editions\/116731\/#breadcrumb","itemListElement":[{"@type":"ListItem","position":1,"name":"Accueil","item":"https:\/\/www.webdo.tn\/fr\/"},{"@type":"ListItem","position":2,"name":"Le Festival International du Film du Caire c\u00e9l\u00e8bre ses 40 \u00e9ditions."}]},{"@type":"WebSite","@id":"https:\/\/www.webdo.tn\/fr\/#website","url":"https:\/\/www.webdo.tn\/fr\/","name":"webdo","description":"Tunisie - News en Tunisie et \u00e0 l&#039;international sur Webdo.tn","publisher":{"@id":"https:\/\/www.webdo.tn\/fr\/#organization"},"potentialAction":[{"@type":"SearchAction","target":{"@type":"EntryPoint","urlTemplate":"https:\/\/www.webdo.tn\/fr\/?s={search_term_string}"},"query-input":{"@type":"PropertyValueSpecification","valueRequired":true,"valueName":"search_term_string"}}],"inLanguage":"fr-FR"},{"@type":"Organization","@id":"https:\/\/www.webdo.tn\/fr\/#organization","name":"Webdo","alternateName":"Webdo.tn","url":"https:\/\/www.webdo.tn\/fr\/","logo":{"@type":"ImageObject","inLanguage":"fr-FR","@id":"https:\/\/www.webdo.tn\/fr\/#\/schema\/logo\/image\/","url":"https:\/\/www.webdo.tn\/fr\/wp-content\/uploads\/2025\/06\/Webdo-Tunisie_168377.jpg","contentUrl":"https:\/\/www.webdo.tn\/fr\/wp-content\/uploads\/2025\/06\/Webdo-Tunisie_168377.jpg","width":301,"height":301,"caption":"Webdo"},"image":{"@id":"https:\/\/www.webdo.tn\/fr\/#\/schema\/logo\/image\/"},"sameAs":["https:\/\/www.facebook.com\/webdotn","https:\/\/x.com\/webdo_tn"],"description":"Webdo est un m\u00e9dia num\u00e9rique tunisien fond\u00e9 en 2010, sp\u00e9cialis\u00e9 dans l\u2019actualit\u00e9 nationale et internationale, l\u2019\u00e9conomie, la soci\u00e9t\u00e9 et les analyses politiques. Le site s\u2019adresse \u00e0 un large public francophone et couvre l\u2019information tunisienne en temps r\u00e9el.","email":"redac@webdo.tn","legalName":"YNJ SARL","foundingDate":"2010-09-06","numberOfEmployees":{"@type":"QuantitativeValue","minValue":"11","maxValue":"50"}},{"@type":"Person","@id":"https:\/\/www.webdo.tn\/fr\/#\/schema\/person\/60d5ba619ed3f58783b0dc82b7dada80","name":"Ne\u00efla DRISS","image":{"@type":"ImageObject","inLanguage":"fr-FR","@id":"https:\/\/www.webdo.tn\/fr\/wp-content\/uploads\/2026\/04\/neila-driss_avatar-96x96.jpg","url":"https:\/\/www.webdo.tn\/fr\/wp-content\/uploads\/2026\/04\/neila-driss_avatar-96x96.jpg","contentUrl":"https:\/\/www.webdo.tn\/fr\/wp-content\/uploads\/2026\/04\/neila-driss_avatar-96x96.jpg","caption":"Ne\u00efla DRISS"},"description":"Ne\u00efla Driss est juriste, journaliste culturelle et critique de cin\u00e9ma tunisienne. Titulaire d\u2019un DEA en droit priv\u00e9 de l\u2019Universit\u00e9 Paris II et d\u2019un DESS de l\u2019IHEC Carthage, elle d\u00e9bute sa carri\u00e8re comme juriste sp\u00e9cialis\u00e9e en gestion de patrimoine immobilier. Elle s\u2019oriente ensuite vers l\u2019\u00e9criture en ligne, o\u00f9 elle se distingue d\u00e8s 2006 aux Tunisia Blog Awards, avant de se consacrer au journalisme culturel, avec une sp\u00e9cialisation dans la critique cin\u00e9matographique. Elle couvre r\u00e9guli\u00e8rement les grands festivals internationaux, notamment le Festival de Cannes, les Journ\u00e9es Cin\u00e9matographiques de Carthage et le Festival du film du Caire. Membre de l\u2019ATPCC et de la FIPRESCI, elle participe \u00e0 des jurys et initiatives internationales de critique. Depuis 2024, elle est \u00e9lectrice internationale aux Golden Globes. Facebook : https:\/\/www.facebook.com\/massir.destiniii\/ X : https:\/\/x.com\/MassirDestin","sameAs":["https:\/\/www.facebook.com\/massir.destiniii\/","https:\/\/www.instagram.com\/neila.driss\/?hl=fr","https:\/\/www.linkedin.com\/in\/neila-driss-22606a80\/","https:\/\/x.com\/https:\/\/x.com\/MassirDestin"],"knowsAbout":["Cin\u00e9ma international","critique cin\u00e9matographique","festivals de cin\u00e9ma","journalisme culturel"],"knowsLanguage":["Fran\u00e7ais","Arabe","Anglais"],"jobTitle":"Journaliste culturelle et critique de cin\u00e9ma","worksFor":"Webdo","url":"https:\/\/www.webdo.tn\/fr\/actualite\/author\/neila-driss\/"}]}},"_links":{"self":[{"href":"https:\/\/www.webdo.tn\/fr\/wp-json\/wp\/v2\/posts\/116731","targetHints":{"allow":["GET"]}}],"collection":[{"href":"https:\/\/www.webdo.tn\/fr\/wp-json\/wp\/v2\/posts"}],"about":[{"href":"https:\/\/www.webdo.tn\/fr\/wp-json\/wp\/v2\/types\/post"}],"author":[{"embeddable":true,"href":"https:\/\/www.webdo.tn\/fr\/wp-json\/wp\/v2\/users\/3164"}],"replies":[{"embeddable":true,"href":"https:\/\/www.webdo.tn\/fr\/wp-json\/wp\/v2\/comments?post=116731"}],"version-history":[{"count":0,"href":"https:\/\/www.webdo.tn\/fr\/wp-json\/wp\/v2\/posts\/116731\/revisions"}],"wp:featuredmedia":[{"embeddable":true,"href":"https:\/\/www.webdo.tn\/fr\/wp-json\/wp\/v2\/media\/297205"}],"wp:attachment":[{"href":"https:\/\/www.webdo.tn\/fr\/wp-json\/wp\/v2\/media?parent=116731"}],"wp:term":[{"taxonomy":"category","embeddable":true,"href":"https:\/\/www.webdo.tn\/fr\/wp-json\/wp\/v2\/categories?post=116731"},{"taxonomy":"post_tag","embeddable":true,"href":"https:\/\/www.webdo.tn\/fr\/wp-json\/wp\/v2\/tags?post=116731"}],"curies":[{"name":"wp","href":"https:\/\/api.w.org\/{rel}","templated":true}]}}