{"id":116725,"date":"2019-02-20T17:07:00","date_gmt":"2019-02-20T17:07:00","guid":{"rendered":"https:\/\/www.webdo.tn\/fr\/blog\/des-films-nommes-aux-oscars-2019-actuellement-au-cinema-a-tunis\/116725\/"},"modified":"2025-05-18T23:03:54","modified_gmt":"2025-05-18T23:03:54","slug":"des-films-nommes-aux-oscars-2019-actuellement-au-cinema-a-tunis","status":"publish","type":"post","link":"https:\/\/www.webdo.tn\/fr\/actualite\/culture\/des-films-nommes-aux-oscars-2019-actuellement-au-cinema-a-tunis\/116725\/","title":{"rendered":"Des films nomm\u00e9s aux Oscars 2019 actuellement au cin\u00e9ma \u00e0 Tunis"},"content":{"rendered":"<div class=\"single-body entry-content typography-copy\" itemprop=\"articleBody\">\n<p style=\"font-weight: bold; text-align: justify\">\n<div class=\"coprs\" style=\"text-align: center\"><\/div>\n<div class=\"coprs\" style=\"text-align: justify\">\n<p>Le 24 F\u00e9vrier 2019 aura lieu l\u2019\u00e9v\u00e9nement cin\u00e9ma le plus important de l&rsquo;ann\u00e9e: la c\u00e9r\u00e9monie de remise des oscars.<\/p>\n<p>En Tunisie, nous avons la chance d&rsquo;avoir vu, ou de pouvoir voir ou revoir plusieurs des films nomm\u00e9s dans diverses cat\u00e9gories. En effet, quelques uns de ces films ont soit \u00e9t\u00e9 d\u00e9j\u00e0 programm\u00e9s, soit sont actuellement projet\u00e9s dans plusieurs de nos salles de cin\u00e9ma.<\/p>\n<p>Si vous ne les avez pas encore vus, allez-y. Voici les films qui nomm\u00e9s que vous pouvez voir dans plusieurs salles tunisiennes:<\/p>\n<p><strong>&#8211; <em>The Favourite<\/em> de Yorgos Lanthimos<\/strong>, le film aux 10 nominations: Meilleur film, Meilleur r\u00e9alisateur, Meilleure actrice (Olivia Colman), Meilleure actrice dans un second r\u00f4le (Emma Stone), Meilleure actrice dans un second r\u00f4le (Rachel Weisz), Meilleur sc\u00e9nario original, Meilleure photographie,\u00a0 Meilleure cr\u00e9ation de costumes,\u00a0 Meilleurs d\u00e9cors et Meilleur montage.<\/p>\n<p>Synopsis: <em>D\u00e9but du XVIII\u00e8me si\u00e8cle. L\u2019Angleterre et la France sont en guerre. Toutefois, \u00e0 la cour, la mode est aux courses de canards et \u00e0 la d\u00e9gustation d\u2019ananas. La reine Anne, \u00e0 la sant\u00e9 fragile et au caract\u00e8re instable, occupe le tr\u00f4ne tandis que son amie Lady Sarah gouverne le pays \u00e0 sa place. Lorsqu\u2019une nouvelle servante, Abigail Hill, arrive \u00e0 la cour, Lady Sarah la prend sous son aile, pensant qu\u2019elle pourrait \u00eatre une alli\u00e9e. Abigail va y voir l\u2019opportunit\u00e9 de renouer avec ses racines aristocratiques. Alors que les enjeux politiques de la guerre absorbent Sarah, Abigail quant \u00e0 elle parvient \u00e0 gagner la confiance de la reine et devient sa nouvelle confidente. Cette amiti\u00e9 naissante donne \u00e0 la jeune femme l\u2019occasion de satisfaire ses ambitions, et elle ne laissera ni homme, ni femme, ni politique, ni m\u00eame un lapin se mettre en travers de son chemin.<\/em><\/p>\n<p><img decoding=\"async\" alt=\"\" height=\"735\" src=\"http:\/\/www.webdo.tn\/wp-content\/uploads\/2019\/02\/The-Favourite.jpg\" width=\"500\"><\/p>\n<p><strong>&#8211;<em> Vice<\/em> de Adam McKay<\/strong>, nomm\u00e9 dans 8 cat\u00e9gories: Meilleur film, Meilleur r\u00e9alisateur, Meilleur acteur\u00a0(Christian Bale), Meilleur acteur dans un second r\u00f4le (San Rockwell), Meilleure actrice dans un second r\u00f4le (Amy Adams), Meilleur sc\u00e9nario original, Meilleur montage, Meilleurs maquillages et coiffures.<\/p>\n<p>Synopsis: <em>Fin connaisseur des arcanes de la politique am\u00e9ricaine, Dick Cheney a r\u00e9ussi, sans faire de bruit, \u00e0 se faire \u00e9lire vice-pr\u00e9sident aux c\u00f4t\u00e9s de George W. Bush. Devenu l&rsquo;homme le plus puissant du pays, il a largement contribu\u00e9 \u00e0 imposer un nouvel ordre mondial dont on sent encore les cons\u00e9quences aujourd&rsquo;hui\u2026<\/em><\/p>\n<p><strong>&#8211; <em>Green Book, sur les routes du sud<\/em> de Peter Farrelly,<\/strong>\u00a05 nominations:\u00a0Meilleur film, Meilleur acteur (Viggo Mortensen), Meilleur acteur dans un second r\u00f4le (Mahershala Ali), Meilleur sc\u00e9nario original et Meilleur montage.<\/p>\n<p>Synopsis: <em>En 1962, alors que r\u00e8gne la s\u00e9gr\u00e9gation, Tony Lip, un videur italo-am\u00e9ricain du Bronx, est engag\u00e9 pour conduire et prot\u00e9ger le Dr Don Shirley, un pianiste noir de renomm\u00e9e mondiale, lors d\u2019une tourn\u00e9e de concerts. Durant leur p\u00e9riple de Manhattan jusqu\u2019au Sud profond, ils s\u2019appuient sur le Green Book pour d\u00e9nicher les \u00e9tablissements accueillant les personnes de couleur, o\u00f9 l\u2019on ne refusera pas de servir Shirley et o\u00f9 il ne sera ni humili\u00e9 ni maltrait\u00e9.<\/em><\/p>\n<p><em>Dans un pays o\u00f9 le mouvement des droits civiques commence \u00e0 se faire entendre, les deux hommes vont \u00eatre confront\u00e9s au pire de l\u2019\u00e2me humaine, dont ils se gu\u00e9rissent gr\u00e2ce \u00e0 leur g\u00e9n\u00e9rosit\u00e9 et leur humour. Ensemble, ils vont devoir d\u00e9passer leurs pr\u00e9jug\u00e9s, oublier ce qu\u2019ils consid\u00e9raient comme des diff\u00e9rences insurmontables, pour d\u00e9couvrir leur humanit\u00e9 commune.<\/em><\/p>\n<p>\u00a0 <span>&#8211; <strong><em>Ralph breaks the Internet<\/em> de <\/strong><\/span><span><strong>Mike Epps<\/strong>, nomm\u00e9 pour l&rsquo;oscar du Meilleur film d&rsquo;animation.<\/span><\/p>\n<p>Synopsis: <em>Ralph quitte l\u2019univers des jeux d\u2019arcade pour s\u2019aventurer dans le monde sans limite d\u2019Internet. La Toile va-t-elle r\u00e9sister \u00e0 son l\u00e9gendaire talent de d\u00e9molisseur ? Ralph et son amie Vanellope von Schweetz vont prendre tous les risques en s\u2019aventurant dans l\u2019\u00e9trange univers d\u2019Internet \u00e0 la recherche d\u2019une pi\u00e8ce de rechange pour r\u00e9parer la borne de Sugar Rush, le jeu vid\u00e9o dans lequel vit Vanellope. Rapidement d\u00e9pass\u00e9s par le monde qui les entoure, ils vont devoir demander de l\u2019aide aux habitants d\u2019Internet, les Netizens, afin de trouver leur chemin, et notamment \u00e0 Yesss, l\u2019algorithme principal, le c\u0153ur et l\u2019\u00e2me du site cr\u00e9ateur de tendances BuzzzTube\u2026<\/em><\/p>\n<p><strong><em>-Shoplifters &#8211; Une affaire de famille<\/em> de Hirokazu Koreeda,<\/strong>\u00a0 Palme d&rsquo;Or au Festival de Cannes 2018, ce film est nomm\u00e9 dans la cat\u00e9gorie Meilleur film en langue \u00e9trang\u00e8re (Japon).<\/p>\n<p>Synopsis <em>Au retour d\u2019une nouvelle exp\u00e9dition de vol \u00e0 l\u2019\u00e9talage, Osamu et son fils recueillent dans la rue une petite fille qui semble livr\u00e9e \u00e0 elle-m\u00eame. D\u2019abord r\u00e9ticente \u00e0 l\u2019id\u00e9e d\u2019abriter l\u2019enfant pour la nuit, la femme d\u2019Osamu accepte de s\u2019occuper d\u2019elle lorsqu\u2018elle comprend que ses parents la maltraitent. En d\u00e9pit de leur pauvret\u00e9, survivant de petites rapines qui compl\u00e8tent leurs maigres salaires, les membres de cette famille semblent vivre heureux \u2013 jusqu\u2019\u00e0 ce qu\u2019un incident r\u00e9v\u00e8le brutalement leurs plus terribles secrets\u2026<\/em><\/p>\n<p>&#8211;\u00a0<strong><em>Capharna\u00fcm<\/em> de Nadine Labaki<\/strong>, Prix du Jury au Festival de Cannes 2018, ce film est nomm\u00e9 pour l&rsquo;oscar du meilleur film en langue \u00e9trang\u00e8re (Liban).<\/p>\n<p>Synopsis<em> \u00c0 l&rsquo;int\u00e9rieur d&rsquo;un tribunal, Zain, un gar\u00e7on de 12 ans, est pr\u00e9sent\u00e9 devant le juge. \u00c0 la question : \u00ab\u00a0Pourquoi attaquez-vous vos parents en justice?\u00a0\u00bb, Zain lui r\u00e9pond: \u00ab\u00a0Pour m&rsquo;avoir donn\u00e9 la vie!\u00a0\u00bb. Capharna\u00fcm retrace l&rsquo;incroyable parcours de cet enfant en qu\u00eate d&rsquo;identit\u00e9 et qui se rebelle contre la vie qu&rsquo;on cherche \u00e0 lui imposer. <\/em><\/p>\n<p>\u00a0 \u00a0 <img decoding=\"async\" alt=\"\" height=\"324\" src=\"http:\/\/www.webdo.tn\/wp-content\/uploads\/2019\/01\/Oscars-2019.jpg\" width=\"576\"> \u00a0<\/p>\n<p>A l&rsquo;occasion de cette c\u00e9r\u00e9monie de remise des oscars, le cin\u00e9ma Path\u00e9 Tunis City a d\u00e9cid\u00e9 d&rsquo;organiser un \u00e9v\u00e9nement sp\u00e9cial : du 20 au 26 f\u00e9vrier 2019, en plus de la programmation habituelle, certains films nomm\u00e9s aux Oscars seront programm\u00e9s en une projection unique:<\/p>\n<h4>Mercredi 20 F\u00e9vrier:<\/h4>\n<p>&#8211; A 19h45: <strong><em>Black Panther<\/em> de\u00a0 Ryan Coogler<\/strong>,\u00a0 7 nominations: Meilleur film, Meilleure cr\u00e9ation de costumes,\u00a0 Meilleure musique de film, Meilleurs d\u00e9cors, Meilleur montage de son, Meilleur mixage de son et Meilleure chanson originale (\u201cAll the Stars\u201d).<\/p>\n<p>Synopsis <em>Apr\u00e8s les \u00e9v\u00e9nements qui se sont d\u00e9roul\u00e9s dans Captain America : Civil War, T\u2019Challa revient chez lui prendre sa place sur le tr\u00f4ne du Wakanda, une nation africaine technologiquement tr\u00e8s avanc\u00e9e. Mais lorsqu\u2019un vieil ennemi resurgit, le courage de T\u2019Challa est mis \u00e0 rude \u00e9preuve, aussi bien en tant que souverain qu\u2019en tant que Black Panther. Il se retrouve entra\u00een\u00e9 dans un conflit qui menace non seulement le destin du Wakanda, mais celui du monde entier\u2026<\/em><\/p>\n<p>&#8211; A 21h45 : <strong><em>A quite place<\/em> de John Krasinski<\/strong> est nomm\u00e9 pour l&rsquo;oscar du Meilleur montage son.<\/p>\n<p>Synopsis <em>Une famille tente de survivre sous la menace de myst\u00e9rieuses cr\u00e9atures qui attaquent au moindre bruit. S\u2019ils vous entendent, il est d\u00e9j\u00e0 trop tard.<\/em><\/p>\n<h4>Jeudi 21 F\u00e9vrier:<\/h4>\n<p>&#8211; A 19h45 : <strong><em>A star is born<\/em> de Bradley Coope<\/strong>r, nomm\u00e9 dans 8 cat\u00e9gories: Meilleur film, Meilleur acteur\u00a0(Bradley Cooper), Meilleure actrice (Lady Gaga), Meilleur acteur dans un second r\u00f4le (Sam Elliot), Meilleur sc\u00e9nario adapt\u00e9,\u00a0 Meilleure photographie, Meilleur mixage de son et Meilleure chanson originale (\u201cShallow\u201d).<\/p>\n<p>Synopsis <em>Star de country un peu oubli\u00e9e, Jackson Maine d\u00e9couvre Ally, une jeune chanteuse tr\u00e8s prometteuse. Tandis qu&rsquo;ils tombent follement amoureux l&rsquo;un de l&rsquo;autre, Jack propulse Ally sur le devant de la sc\u00e8ne et fait d&rsquo;elle une artiste adul\u00e9e par le public. Bient\u00f4t \u00e9clips\u00e9 par le succ\u00e8s de la jeune femme, il vit de plus en plus de mal son propre d\u00e9clin\u2026<\/em><\/p>\n<p>&#8211; A 21h45 : le film polonais<strong><em> Cold War<\/em> de\u00a0Pawel Pawlikowski<\/strong>\u00a0qui a 3 nominations: Meilleur r\u00e9alisateur,\u00a0 Meilleure photographie et Meilleur film en langue \u00e9trang\u00e8re (Pologne).<\/p>\n<p>Synopsis: <em>Pendant la guerre froide, entre la Pologne stalinienne et le Paris boh\u00e8me des ann\u00e9es 1950, un musicien \u00e9pris de libert\u00e9 et une jeune chanteuse passionn\u00e9e vivent un amour impossible dans une \u00e9poque impossible.<\/em><\/p>\n<p><img decoding=\"async\" alt=\"Affiche du film Cold war\" height=\"650\" src=\"http:\/\/www.webdo.tn\/wp-content\/uploads\/2019\/01\/Cold-war.jpg\" width=\"432\"><br \/>\nAffiche du film Cold war<\/p>\n<h4>Vendredi 22 F\u00e9vrier :<\/h4>\n<p>&#8211; A 19h45 : le magnifique <strong><em>Bohemian Rhapsody<\/em> de Bryan Singer, <\/strong>nomm\u00e9 dans 5 cat\u00e9gories: Meilleur film, Meilleur acteur (Rami Malek),\u00a0 Meilleur montage, Meilleur mixage son et Meilleur montage son.<\/p>\n<p>Une surprise vient d&rsquo;ailleurs d\u2019\u00eatre d\u00e9voil\u00e9e: Queen va jouer en direct pendant la c\u00e9r\u00e9monie, avec la voix du chanteur\u00a0Adam Lambert pour remplacer Freddie Mercury.<\/p>\n<p>Synopsis:<em> Bohemian Rhapsody retrace le destin extraordinaire du groupe Queen et de leur chanteur embl\u00e9matique Freddie Mercury, qui a d\u00e9fi\u00e9 les st\u00e9r\u00e9otypes, bris\u00e9 les conventions et r\u00e9volutionn\u00e9 la musique. Du succ\u00e8s fulgurant de Freddie Mercury \u00e0 ses exc\u00e8s, risquant la quasi-implosion du groupe, jusqu\u2019\u00e0 son retour triomphal sur sc\u00e8ne lors du concert Live Aid, alors qu\u2019il \u00e9tait frapp\u00e9 par la maladie, d\u00e9couvrez la vie exceptionnelle d\u2019un homme qui continue d\u2019inspirer les outsiders, les r\u00eaveurs et tous ceux qui aiment la musique.<\/em><\/p>\n<p><img decoding=\"async\" alt=\"Affiche du film Bohemian Rhapsody\" height=\"720\" src=\"http:\/\/www.webdo.tn\/wp-content\/uploads\/2019\/01\/Bohamian.jpg\" width=\"487\"><br \/>\nAffiche du film Bohemian Rhapsody[\/caption]<\/p>\n<p>&#8211; A 21h45 : <strong><em>Shoplifters &#8211; Une affaire de famille<\/em> de Hirokazu Koreeda.<\/strong><\/p>\n<h4>Samedi 23 F\u00e9vrier:<\/h4>\n<p>&#8211; A 16h15 : le film d&rsquo;animation <strong><em>Spider-man: Into the spider-verse<\/em> de Theodore Melfi<\/strong>, nomm\u00e9 pour l&rsquo;oscar du Meilleur film d&rsquo;animation.<\/p>\n<p>Synopsis <em>Spider-Man : New Generation suit les aventures de Miles Morales, un adolescent afro-am\u00e9ricain et portoricain qui vit \u00e0 Brooklyn et s\u2019efforce de s\u2019int\u00e9grer dans son nouveau coll\u00e8ge \u00e0 Manhattan. Mais la vie de Miles se complique quand il se fait mordre par une araign\u00e9e radioactive et se d\u00e9couvre des super-pouvoirs : il est d\u00e9sormais capable d\u2019empoisonner ses adversaires, de se camoufler, de coller litt\u00e9ralement aux murs et aux plafonds ; son ou\u00efe est d\u00e9multipli\u00e9e&#8230; Dans le m\u00eame temps, le plus redoutable cerveau criminel de la ville, le Ca\u00efd, a mis au point un acc\u00e9l\u00e9rateur de particules nucl\u00e9aires capable d\u2019ouvrir un portail sur d\u2019autres univers. Son invention va provoquer l\u2019arriv\u00e9e de plusieurs autres versions de Spider-Man dans le monde de Miles, dont un Peter Parker plus \u00e2g\u00e9, Spider-Gwen, Spider-Man Noir, Spider-Cochon et Peni Parker, venue d\u2019un dessin anim\u00e9 japonais.<\/em><\/p>\n<p>&#8211; A 19h45\u00a0<strong>&#8211; <em>Green Book, sur les routes du sud<\/em> de Peter Farrelly<\/strong><\/p>\n<p>&#8211; A 21h45 &#8211;\u00a0<strong><em>Capharnaum<\/em> de Nadine Labaki.<\/strong><\/p>\n<p>\u00a0<img decoding=\"async\" alt=\"Affiche du film Capharna\u00fcm\" height=\"700\" src=\"http:\/\/www.webdo.tn\/wp-content\/uploads\/2019\/01\/Capharnaum.jpg\" width=\"526\"><br \/>\nAffiche du film Capharna\u00fcm<\/p>\n<h4>Dimanche 24 f\u00e9vrier :<\/h4>\n<p>&#8211; A 16h15 : <strong><em>Mary Poppins, the return<\/em> de Rob Marshall<\/strong>, 4 nominations: Meilleure cr\u00e9ation de costumes, Meilleurs d\u00e9cors,\u00a0Meilleure musique de film et Meilleure chanson originale (\u201cThe Place Where Lost Things Go\u201d).<\/p>\n<p>Synopsis: <em>Michael Banks travaille \u00e0 la banque o\u00f9 son p\u00e8re \u00e9tait employ\u00e9, et il vit toujours au 17 all\u00e9e des Cerisiers avec ses trois enfants, Annabel, Georgie et John, et leur gouvernante Ellen. Comme sa m\u00e8re avant elle, Jane Banks se bat pour les droits des ouvriers et apporte son aide \u00e0 la famille de Michael. Lorsque la famille subit une perte tragique, Mary Poppins r\u00e9appara\u00eet magiquement dans la vie de la famille. Avec l\u2019aide de Jack, l\u2019allumeur de r\u00e9verb\u00e8res toujours optimiste, Mary va tout faire pour que la joie et l\u2019\u00e9merveillement reviennent dans leur existence\u2026 Elle leur fera aussi d\u00e9couvrir de tout nouveaux personnages plein de fantaisie, dont sa cousine, l\u2019excentrique Topsy.<\/em><\/p>\n<p>&#8211; A 19h45 : <strong><em>BlacKkKlansman &#8211; J&rsquo;ai infiltr\u00e9 le Ku Klux Klan<\/em> de Spike Lee<\/strong> qui a 6 nominations: Meilleur film,\u00a0 Meilleur r\u00e9alisateur, Meilleur acteur dans un second r\u00f4le\u00a0(Adam Driver), Meilleur scanario d&rsquo;adaptation, Meilleur montage et Meilleure musique de film.<\/p>\n<p>Synopsis: <em>Au d\u00e9but des ann\u00e9es 70, au plus fort de la lutte pour les droits civiques, plusieurs \u00e9meutes raciales \u00e9clatent dans les grandes villes des \u00c9tats-Unis. Ron Stallworth devient le premier officier Noir am\u00e9ricain du Colorado Springs Police Department, mais son arriv\u00e9e est accueillie avec scepticisme, voire avec une franche hostilit\u00e9, par les agents les moins grad\u00e9s du commissariat. Prenant son courage \u00e0 deux mains, Stallworth va tenter de faire bouger les lignes et, peut-\u00eatre, de laisser une trace dans l&rsquo;histoire. Il se fixe alors une mission des plus p\u00e9rilleuses : infiltrer le Ku Klux Klan pour en d\u00e9noncer les exactions.<\/em><\/p>\n<p><em>En se faisant passer pour un extr\u00e9miste, Stallworth contacte le groupuscule : il ne tarde pas \u00e0 se voir convier d&rsquo;en int\u00e9grer la garde rapproch\u00e9e. Il entretient m\u00eame un rapport privil\u00e9gi\u00e9 avec le \u00ab\u00a0Grand Wizard\u00a0\u00bb du Klan, David Duke, enchant\u00e9 par l&rsquo;engagement de Ron en faveur d&rsquo;une Am\u00e9rique blanche. Tandis que l&rsquo;enqu\u00eate progresse et devient de plus en plus complexe, Flip Zimmerman, coll\u00e8gue de Stallworth, se fait passer pour Ron lors des rendez-vous avec les membres du groupe supr\u00e9maciste et apprend ainsi qu&rsquo;une op\u00e9ration meurtri\u00e8re se pr\u00e9pare. Ensemble, Stallworth et Zimmerman font \u00e9quipe pour neutraliser le Klan dont le v\u00e9ritable objectif est d&rsquo;aseptiser son discours ultra-violent pour s\u00e9duire ainsi le plus grand nombre.<\/em><\/p>\n<p>A 21h45 : <strong><em>First man<\/em> de \u00a0Damien Chazelle<\/strong>\u00a0 qui a 4 nominations: Meilleurs d\u00e9cors, Meilleur mixage son,\u00a0\u00a0Meilleur montage son et Meilleurs effets visuels.<\/p>\n<p>Synopsis: <em>Pilote jug\u00e9 \u00ab un peu distrait \u00bb par ses sup\u00e9rieurs en 1961, Neil Armstrong sera, le 21 juillet 1969, le premier homme \u00e0 marcher sur la lune. Durant huit ans, il subit un entra\u00eenement de plus en plus difficile, assumant courageusement tous les risques d\u2019un voyage vers l\u2019inconnu total. Meurtri par des \u00e9preuves personnelles qui laissent des traces ind\u00e9l\u00e9biles, Armstrong tente d\u2019\u00eatre un mari aimant aupr\u00e8s d\u2019une femme qui l\u2019avait \u00e9pous\u00e9 en esp\u00e9rant une vie normale.<\/em><\/p>\n<p>]<img decoding=\"async\" alt=\"\" height=\"720\" src=\"http:\/\/www.webdo.tn\/wp-content\/uploads\/2019\/02\/First-man-1.jpg\" width=\"531\"><br \/>\nA<em>ffiche du film First Man<\/em><\/p>\n<p>\u00a0<\/p>\n<p>Lundi 25 et Mardi 26 f\u00e9vrier 2019, quatre des films prim\u00e9s seront reprogramm\u00e9s \u00e0 19h45 et \u00e0 21h45.<\/p>\n<p>Il est \u00e0 noter que pour la premi\u00e8re ann\u00e9e, Dora Bouchoucha, nouveau membre de l&rsquo;Acad\u00e9mie des arts et des sciences du cin\u00e9ma a eu le privil\u00e8ge de voter pour \u00e9lire le meilleur film dans les cat\u00e9gories Meilleur film documentaire et Meilleur film.<\/p>\n<p>La liste de tous les films nomm\u00e9s dans toutes les cat\u00e9gories se trouve <a href=\"http:\/\/www.webdo.tn\/2019\/01\/22\/oscars-2019-deux-films-arabes-nommes\/\">ici.<\/a> Bons films!<\/p>\n<p><strong>Ne\u00efla Driss<\/strong><\/p>\n<p><em>Lire sur le m\u00eame sujet:<\/em><\/p>\n<ul>\n<li><a href=\"http:\/\/www.webdo.tn\/2019\/01\/23\/de-tres-beaux-films-primes-actuellement-dans-nos-salles-de-cinema-tunisiennes\/\" rel=\"bookmark\" title=\"De tr\u00e8s beaux films prim\u00e9s, actuellement dans nos salles de cin\u00e9ma tunisiennes.\">De tr\u00e8s beaux films prim\u00e9s, actuellement dans nos salles de cin\u00e9ma tunisiennes.<\/a><\/li>\n<li><a href=\"http:\/\/www.webdo.tn\/2019\/01\/22\/oscars-2019-deux-films-arabes-nommes\/\" rel=\"bookmark\" title=\"Oscars 2019 \u2013 Deux films arabes nomm\u00e9s\">Oscars 2019 \u2013 Deux films arabes nomm\u00e9s<\/a><\/li>\n<\/ul>\n<p>\u00a0\n\t\t\t\t\t\t\t\t<\/p><\/div>\n<div class=\"coprs\" style=\"text-align: center\"><\/div><\/div>\n","protected":false},"excerpt":{"rendered":"<p>Des films nomm\u00e9s aux Oscars 2019 actuellement au cin\u00e9ma \u00e0 Tunis<\/p>\n","protected":false},"author":3164,"featured_media":302584,"comment_status":"open","ping_status":"closed","sticky":false,"template":"","format":"standard","meta":{"footnotes":""},"categories":[2594],"tags":[11312,2626,2655,3823],"class_list":["post-116725","post","type-post","status-publish","format-standard","has-post-thumbnail","hentry","category-culture","tag-oscars-2019","tag-cinema","tag-film","tag-oscars"],"yoast_head":"<!-- This site is optimized with the Yoast SEO Premium plugin v27.4 (Yoast SEO v27.4) - https:\/\/yoast.com\/product\/yoast-seo-premium-wordpress\/ -->\n<title>Des films nomm\u00e9s aux Oscars 2019 actuellement au cin\u00e9ma \u00e0 Tunis<\/title>\n<meta name=\"description\" content=\"Des films nomm\u00e9s aux Oscars 2019 actuellement au cin\u00e9ma \u00e0 Tunis\" \/>\n<link rel=\"canonical\" href=\"https:\/\/www.webdo.tn\/fr\/actualite\/culture\/des-films-nommes-aux-oscars-2019-actuellement-au-cinema-a-tunis\/116725\/\" \/>\n<meta property=\"og:locale\" content=\"fr_FR\" \/>\n<meta property=\"og:type\" content=\"article\" \/>\n<meta property=\"og:title\" content=\"Des films nomm\u00e9s aux Oscars 2019 actuellement au cin\u00e9ma \u00e0 Tunis\" \/>\n<meta property=\"og:description\" content=\"Des films nomm\u00e9s aux Oscars 2019 actuellement au cin\u00e9ma \u00e0 Tunis\" \/>\n<meta property=\"og:url\" content=\"https:\/\/www.webdo.tn\/fr\/actualite\/culture\/des-films-nommes-aux-oscars-2019-actuellement-au-cinema-a-tunis\/116725\/\" \/>\n<meta property=\"og:site_name\" content=\"webdo\" \/>\n<meta property=\"article:publisher\" content=\"https:\/\/www.facebook.com\/webdotn\" \/>\n<meta property=\"article:author\" content=\"https:\/\/www.facebook.com\/massir.destiniii\/\" \/>\n<meta property=\"article:published_time\" content=\"2019-02-20T17:07:00+00:00\" \/>\n<meta property=\"article:modified_time\" content=\"2025-05-18T23:03:54+00:00\" \/>\n<meta property=\"og:image\" content=\"https:\/\/www.webdo.tn\/fr\/wp-content\/uploads\/2019\/02\/Oscars-2019-nommes.jpg\" \/>\n\t<meta property=\"og:image:width\" content=\"800\" \/>\n\t<meta property=\"og:image:height\" content=\"400\" \/>\n\t<meta property=\"og:image:type\" content=\"image\/jpeg\" \/>\n<meta name=\"author\" content=\"Ne\u00efla DRISS\" \/>\n<meta name=\"twitter:card\" content=\"summary_large_image\" \/>\n<meta name=\"twitter:creator\" content=\"@https:\/\/x.com\/MassirDestin\" \/>\n<meta name=\"twitter:site\" content=\"@webdo_tn\" \/>\n<meta name=\"twitter:label1\" content=\"\u00c9crit par\" \/>\n\t<meta name=\"twitter:data1\" content=\"Ne\u00efla DRISS\" \/>\n\t<meta name=\"twitter:label2\" content=\"Dur\u00e9e de lecture estim\u00e9e\" \/>\n\t<meta name=\"twitter:data2\" content=\"12 minutes\" \/>\n<script type=\"application\/ld+json\" class=\"yoast-schema-graph\">{\"@context\":\"https:\\\/\\\/schema.org\",\"@graph\":[{\"@type\":\"NewsArticle\",\"@id\":\"https:\\\/\\\/www.webdo.tn\\\/fr\\\/actualite\\\/culture\\\/des-films-nommes-aux-oscars-2019-actuellement-au-cinema-a-tunis\\\/116725\\\/#article\",\"isPartOf\":{\"@id\":\"https:\\\/\\\/www.webdo.tn\\\/fr\\\/actualite\\\/culture\\\/des-films-nommes-aux-oscars-2019-actuellement-au-cinema-a-tunis\\\/116725\\\/\"},\"author\":{\"name\":\"Ne\u00efla DRISS\",\"@id\":\"https:\\\/\\\/www.webdo.tn\\\/fr\\\/#\\\/schema\\\/person\\\/60d5ba619ed3f58783b0dc82b7dada80\"},\"headline\":\"Des films nomm\u00e9s aux Oscars 2019 actuellement au cin\u00e9ma \u00e0 Tunis\",\"datePublished\":\"2019-02-20T17:07:00+00:00\",\"dateModified\":\"2025-05-18T23:03:54+00:00\",\"mainEntityOfPage\":{\"@id\":\"https:\\\/\\\/www.webdo.tn\\\/fr\\\/actualite\\\/culture\\\/des-films-nommes-aux-oscars-2019-actuellement-au-cinema-a-tunis\\\/116725\\\/\"},\"wordCount\":2435,\"commentCount\":0,\"publisher\":{\"@id\":\"https:\\\/\\\/www.webdo.tn\\\/fr\\\/#organization\"},\"image\":{\"@id\":\"https:\\\/\\\/www.webdo.tn\\\/fr\\\/actualite\\\/culture\\\/des-films-nommes-aux-oscars-2019-actuellement-au-cinema-a-tunis\\\/116725\\\/#primaryimage\"},\"thumbnailUrl\":\"https:\\\/\\\/www.webdo.tn\\\/fr\\\/wp-content\\\/uploads\\\/2019\\\/02\\\/Oscars-2019-nommes.jpg\",\"keywords\":[\"'Oscars 2019']\",\"Cin\u00e9ma\",\"Film\",\"Oscars\"],\"articleSection\":[\"Culture\"],\"inLanguage\":\"fr-FR\"},{\"@type\":\"WebPage\",\"@id\":\"https:\\\/\\\/www.webdo.tn\\\/fr\\\/actualite\\\/culture\\\/des-films-nommes-aux-oscars-2019-actuellement-au-cinema-a-tunis\\\/116725\\\/\",\"url\":\"https:\\\/\\\/www.webdo.tn\\\/fr\\\/actualite\\\/culture\\\/des-films-nommes-aux-oscars-2019-actuellement-au-cinema-a-tunis\\\/116725\\\/\",\"name\":\"Des films nomm\u00e9s aux Oscars 2019 actuellement au cin\u00e9ma \u00e0 Tunis\",\"isPartOf\":{\"@id\":\"https:\\\/\\\/www.webdo.tn\\\/fr\\\/#website\"},\"primaryImageOfPage\":{\"@id\":\"https:\\\/\\\/www.webdo.tn\\\/fr\\\/actualite\\\/culture\\\/des-films-nommes-aux-oscars-2019-actuellement-au-cinema-a-tunis\\\/116725\\\/#primaryimage\"},\"image\":{\"@id\":\"https:\\\/\\\/www.webdo.tn\\\/fr\\\/actualite\\\/culture\\\/des-films-nommes-aux-oscars-2019-actuellement-au-cinema-a-tunis\\\/116725\\\/#primaryimage\"},\"thumbnailUrl\":\"https:\\\/\\\/www.webdo.tn\\\/fr\\\/wp-content\\\/uploads\\\/2019\\\/02\\\/Oscars-2019-nommes.jpg\",\"datePublished\":\"2019-02-20T17:07:00+00:00\",\"dateModified\":\"2025-05-18T23:03:54+00:00\",\"description\":\"Des films nomm\u00e9s aux Oscars 2019 actuellement au cin\u00e9ma \u00e0 Tunis\",\"breadcrumb\":{\"@id\":\"https:\\\/\\\/www.webdo.tn\\\/fr\\\/actualite\\\/culture\\\/des-films-nommes-aux-oscars-2019-actuellement-au-cinema-a-tunis\\\/116725\\\/#breadcrumb\"},\"inLanguage\":\"fr-FR\",\"potentialAction\":[{\"@type\":\"ReadAction\",\"target\":[\"https:\\\/\\\/www.webdo.tn\\\/fr\\\/actualite\\\/culture\\\/des-films-nommes-aux-oscars-2019-actuellement-au-cinema-a-tunis\\\/116725\\\/\"]}]},{\"@type\":\"ImageObject\",\"inLanguage\":\"fr-FR\",\"@id\":\"https:\\\/\\\/www.webdo.tn\\\/fr\\\/actualite\\\/culture\\\/des-films-nommes-aux-oscars-2019-actuellement-au-cinema-a-tunis\\\/116725\\\/#primaryimage\",\"url\":\"https:\\\/\\\/www.webdo.tn\\\/fr\\\/wp-content\\\/uploads\\\/2019\\\/02\\\/Oscars-2019-nommes.jpg\",\"contentUrl\":\"https:\\\/\\\/www.webdo.tn\\\/fr\\\/wp-content\\\/uploads\\\/2019\\\/02\\\/Oscars-2019-nommes.jpg\",\"width\":800,\"height\":400,\"caption\":\"Des films nomm\u00e9s aux Oscars 2019 actuellement au cin\u00e9ma \u00e0 Tunis\"},{\"@type\":\"BreadcrumbList\",\"@id\":\"https:\\\/\\\/www.webdo.tn\\\/fr\\\/actualite\\\/culture\\\/des-films-nommes-aux-oscars-2019-actuellement-au-cinema-a-tunis\\\/116725\\\/#breadcrumb\",\"itemListElement\":[{\"@type\":\"ListItem\",\"position\":1,\"name\":\"Accueil\",\"item\":\"https:\\\/\\\/www.webdo.tn\\\/fr\\\/\"},{\"@type\":\"ListItem\",\"position\":2,\"name\":\"Des films nomm\u00e9s aux Oscars 2019 actuellement au cin\u00e9ma \u00e0 Tunis\"}]},{\"@type\":\"WebSite\",\"@id\":\"https:\\\/\\\/www.webdo.tn\\\/fr\\\/#website\",\"url\":\"https:\\\/\\\/www.webdo.tn\\\/fr\\\/\",\"name\":\"webdo\",\"description\":\"Tunisie - News en Tunisie et \u00e0 l&#039;international sur Webdo.tn\",\"publisher\":{\"@id\":\"https:\\\/\\\/www.webdo.tn\\\/fr\\\/#organization\"},\"potentialAction\":[{\"@type\":\"SearchAction\",\"target\":{\"@type\":\"EntryPoint\",\"urlTemplate\":\"https:\\\/\\\/www.webdo.tn\\\/fr\\\/?s={search_term_string}\"},\"query-input\":{\"@type\":\"PropertyValueSpecification\",\"valueRequired\":true,\"valueName\":\"search_term_string\"}}],\"inLanguage\":\"fr-FR\"},{\"@type\":\"Organization\",\"@id\":\"https:\\\/\\\/www.webdo.tn\\\/fr\\\/#organization\",\"name\":\"Webdo\",\"alternateName\":\"Webdo.tn\",\"url\":\"https:\\\/\\\/www.webdo.tn\\\/fr\\\/\",\"logo\":{\"@type\":\"ImageObject\",\"inLanguage\":\"fr-FR\",\"@id\":\"https:\\\/\\\/www.webdo.tn\\\/fr\\\/#\\\/schema\\\/logo\\\/image\\\/\",\"url\":\"https:\\\/\\\/www.webdo.tn\\\/fr\\\/wp-content\\\/uploads\\\/2025\\\/06\\\/Webdo-Tunisie_168377.jpg\",\"contentUrl\":\"https:\\\/\\\/www.webdo.tn\\\/fr\\\/wp-content\\\/uploads\\\/2025\\\/06\\\/Webdo-Tunisie_168377.jpg\",\"width\":301,\"height\":301,\"caption\":\"Webdo\"},\"image\":{\"@id\":\"https:\\\/\\\/www.webdo.tn\\\/fr\\\/#\\\/schema\\\/logo\\\/image\\\/\"},\"sameAs\":[\"https:\\\/\\\/www.facebook.com\\\/webdotn\",\"https:\\\/\\\/x.com\\\/webdo_tn\"],\"description\":\"Webdo est un m\u00e9dia num\u00e9rique tunisien fond\u00e9 en 2010, sp\u00e9cialis\u00e9 dans l\u2019actualit\u00e9 nationale et internationale, l\u2019\u00e9conomie, la soci\u00e9t\u00e9 et les analyses politiques. Le site s\u2019adresse \u00e0 un large public francophone et couvre l\u2019information tunisienne en temps r\u00e9el.\",\"email\":\"redac@webdo.tn\",\"legalName\":\"YNJ SARL\",\"foundingDate\":\"2010-09-06\",\"numberOfEmployees\":{\"@type\":\"QuantitativeValue\",\"minValue\":\"11\",\"maxValue\":\"50\"}},{\"@type\":\"Person\",\"@id\":\"https:\\\/\\\/www.webdo.tn\\\/fr\\\/#\\\/schema\\\/person\\\/60d5ba619ed3f58783b0dc82b7dada80\",\"name\":\"Ne\u00efla DRISS\",\"image\":{\"@type\":\"ImageObject\",\"inLanguage\":\"fr-FR\",\"@id\":\"https:\\\/\\\/www.webdo.tn\\\/fr\\\/wp-content\\\/uploads\\\/2026\\\/04\\\/neila-driss_avatar-96x96.jpg\",\"url\":\"https:\\\/\\\/www.webdo.tn\\\/fr\\\/wp-content\\\/uploads\\\/2026\\\/04\\\/neila-driss_avatar-96x96.jpg\",\"contentUrl\":\"https:\\\/\\\/www.webdo.tn\\\/fr\\\/wp-content\\\/uploads\\\/2026\\\/04\\\/neila-driss_avatar-96x96.jpg\",\"caption\":\"Ne\u00efla DRISS\"},\"description\":\"Ne\u00efla Driss est juriste, journaliste culturelle et critique de cin\u00e9ma tunisienne. Titulaire d\u2019un DEA en droit priv\u00e9 de l\u2019Universit\u00e9 Paris II et d\u2019un DESS de l\u2019IHEC Carthage, elle d\u00e9bute sa carri\u00e8re comme juriste sp\u00e9cialis\u00e9e en gestion de patrimoine immobilier. Elle s\u2019oriente ensuite vers l\u2019\u00e9criture en ligne, o\u00f9 elle se distingue d\u00e8s 2006 aux Tunisia Blog Awards, avant de se consacrer au journalisme culturel, avec une sp\u00e9cialisation dans la critique cin\u00e9matographique. Elle couvre r\u00e9guli\u00e8rement les grands festivals internationaux, notamment le Festival de Cannes, les Journ\u00e9es Cin\u00e9matographiques de Carthage et le Festival du film du Caire. Membre de l\u2019ATPCC et de la FIPRESCI, elle participe \u00e0 des jurys et initiatives internationales de critique. Depuis 2024, elle est \u00e9lectrice internationale aux Golden Globes. Facebook : https:\\\/\\\/www.facebook.com\\\/massir.destiniii\\\/ X : https:\\\/\\\/x.com\\\/MassirDestin\",\"sameAs\":[\"https:\\\/\\\/www.facebook.com\\\/massir.destiniii\\\/\",\"https:\\\/\\\/www.instagram.com\\\/neila.driss\\\/?hl=fr\",\"https:\\\/\\\/www.linkedin.com\\\/in\\\/neila-driss-22606a80\\\/\",\"https:\\\/\\\/x.com\\\/https:\\\/\\\/x.com\\\/MassirDestin\"],\"knowsAbout\":[\"Cin\u00e9ma international\",\"critique cin\u00e9matographique\",\"festivals de cin\u00e9ma\",\"journalisme culturel\"],\"knowsLanguage\":[\"Fran\u00e7ais\",\"Arabe\",\"Anglais\"],\"jobTitle\":\"Journaliste culturelle et critique de cin\u00e9ma\",\"worksFor\":\"Webdo\",\"url\":\"https:\\\/\\\/www.webdo.tn\\\/fr\\\/actualite\\\/author\\\/neila-driss\\\/\"}]}<\/script>\n<!-- \/ Yoast SEO Premium plugin. -->","yoast_head_json":{"title":"Des films nomm\u00e9s aux Oscars 2019 actuellement au cin\u00e9ma \u00e0 Tunis","description":"Des films nomm\u00e9s aux Oscars 2019 actuellement au cin\u00e9ma \u00e0 Tunis","canonical":"https:\/\/www.webdo.tn\/fr\/actualite\/culture\/des-films-nommes-aux-oscars-2019-actuellement-au-cinema-a-tunis\/116725\/","og_locale":"fr_FR","og_type":"article","og_title":"Des films nomm\u00e9s aux Oscars 2019 actuellement au cin\u00e9ma \u00e0 Tunis","og_description":"Des films nomm\u00e9s aux Oscars 2019 actuellement au cin\u00e9ma \u00e0 Tunis","og_url":"https:\/\/www.webdo.tn\/fr\/actualite\/culture\/des-films-nommes-aux-oscars-2019-actuellement-au-cinema-a-tunis\/116725\/","og_site_name":"webdo","article_publisher":"https:\/\/www.facebook.com\/webdotn","article_author":"https:\/\/www.facebook.com\/massir.destiniii\/","article_published_time":"2019-02-20T17:07:00+00:00","article_modified_time":"2025-05-18T23:03:54+00:00","og_image":[{"width":800,"height":400,"url":"https:\/\/www.webdo.tn\/fr\/wp-content\/uploads\/2019\/02\/Oscars-2019-nommes.jpg","type":"image\/jpeg"}],"author":"Ne\u00efla DRISS","twitter_card":"summary_large_image","twitter_creator":"@https:\/\/x.com\/MassirDestin","twitter_site":"@webdo_tn","twitter_misc":{"\u00c9crit par":"Ne\u00efla DRISS","Dur\u00e9e de lecture estim\u00e9e":"12 minutes"},"schema":{"@context":"https:\/\/schema.org","@graph":[{"@type":"NewsArticle","@id":"https:\/\/www.webdo.tn\/fr\/actualite\/culture\/des-films-nommes-aux-oscars-2019-actuellement-au-cinema-a-tunis\/116725\/#article","isPartOf":{"@id":"https:\/\/www.webdo.tn\/fr\/actualite\/culture\/des-films-nommes-aux-oscars-2019-actuellement-au-cinema-a-tunis\/116725\/"},"author":{"name":"Ne\u00efla DRISS","@id":"https:\/\/www.webdo.tn\/fr\/#\/schema\/person\/60d5ba619ed3f58783b0dc82b7dada80"},"headline":"Des films nomm\u00e9s aux Oscars 2019 actuellement au cin\u00e9ma \u00e0 Tunis","datePublished":"2019-02-20T17:07:00+00:00","dateModified":"2025-05-18T23:03:54+00:00","mainEntityOfPage":{"@id":"https:\/\/www.webdo.tn\/fr\/actualite\/culture\/des-films-nommes-aux-oscars-2019-actuellement-au-cinema-a-tunis\/116725\/"},"wordCount":2435,"commentCount":0,"publisher":{"@id":"https:\/\/www.webdo.tn\/fr\/#organization"},"image":{"@id":"https:\/\/www.webdo.tn\/fr\/actualite\/culture\/des-films-nommes-aux-oscars-2019-actuellement-au-cinema-a-tunis\/116725\/#primaryimage"},"thumbnailUrl":"https:\/\/www.webdo.tn\/fr\/wp-content\/uploads\/2019\/02\/Oscars-2019-nommes.jpg","keywords":["'Oscars 2019']","Cin\u00e9ma","Film","Oscars"],"articleSection":["Culture"],"inLanguage":"fr-FR"},{"@type":"WebPage","@id":"https:\/\/www.webdo.tn\/fr\/actualite\/culture\/des-films-nommes-aux-oscars-2019-actuellement-au-cinema-a-tunis\/116725\/","url":"https:\/\/www.webdo.tn\/fr\/actualite\/culture\/des-films-nommes-aux-oscars-2019-actuellement-au-cinema-a-tunis\/116725\/","name":"Des films nomm\u00e9s aux Oscars 2019 actuellement au cin\u00e9ma \u00e0 Tunis","isPartOf":{"@id":"https:\/\/www.webdo.tn\/fr\/#website"},"primaryImageOfPage":{"@id":"https:\/\/www.webdo.tn\/fr\/actualite\/culture\/des-films-nommes-aux-oscars-2019-actuellement-au-cinema-a-tunis\/116725\/#primaryimage"},"image":{"@id":"https:\/\/www.webdo.tn\/fr\/actualite\/culture\/des-films-nommes-aux-oscars-2019-actuellement-au-cinema-a-tunis\/116725\/#primaryimage"},"thumbnailUrl":"https:\/\/www.webdo.tn\/fr\/wp-content\/uploads\/2019\/02\/Oscars-2019-nommes.jpg","datePublished":"2019-02-20T17:07:00+00:00","dateModified":"2025-05-18T23:03:54+00:00","description":"Des films nomm\u00e9s aux Oscars 2019 actuellement au cin\u00e9ma \u00e0 Tunis","breadcrumb":{"@id":"https:\/\/www.webdo.tn\/fr\/actualite\/culture\/des-films-nommes-aux-oscars-2019-actuellement-au-cinema-a-tunis\/116725\/#breadcrumb"},"inLanguage":"fr-FR","potentialAction":[{"@type":"ReadAction","target":["https:\/\/www.webdo.tn\/fr\/actualite\/culture\/des-films-nommes-aux-oscars-2019-actuellement-au-cinema-a-tunis\/116725\/"]}]},{"@type":"ImageObject","inLanguage":"fr-FR","@id":"https:\/\/www.webdo.tn\/fr\/actualite\/culture\/des-films-nommes-aux-oscars-2019-actuellement-au-cinema-a-tunis\/116725\/#primaryimage","url":"https:\/\/www.webdo.tn\/fr\/wp-content\/uploads\/2019\/02\/Oscars-2019-nommes.jpg","contentUrl":"https:\/\/www.webdo.tn\/fr\/wp-content\/uploads\/2019\/02\/Oscars-2019-nommes.jpg","width":800,"height":400,"caption":"Des films nomm\u00e9s aux Oscars 2019 actuellement au cin\u00e9ma \u00e0 Tunis"},{"@type":"BreadcrumbList","@id":"https:\/\/www.webdo.tn\/fr\/actualite\/culture\/des-films-nommes-aux-oscars-2019-actuellement-au-cinema-a-tunis\/116725\/#breadcrumb","itemListElement":[{"@type":"ListItem","position":1,"name":"Accueil","item":"https:\/\/www.webdo.tn\/fr\/"},{"@type":"ListItem","position":2,"name":"Des films nomm\u00e9s aux Oscars 2019 actuellement au cin\u00e9ma \u00e0 Tunis"}]},{"@type":"WebSite","@id":"https:\/\/www.webdo.tn\/fr\/#website","url":"https:\/\/www.webdo.tn\/fr\/","name":"webdo","description":"Tunisie - News en Tunisie et \u00e0 l&#039;international sur Webdo.tn","publisher":{"@id":"https:\/\/www.webdo.tn\/fr\/#organization"},"potentialAction":[{"@type":"SearchAction","target":{"@type":"EntryPoint","urlTemplate":"https:\/\/www.webdo.tn\/fr\/?s={search_term_string}"},"query-input":{"@type":"PropertyValueSpecification","valueRequired":true,"valueName":"search_term_string"}}],"inLanguage":"fr-FR"},{"@type":"Organization","@id":"https:\/\/www.webdo.tn\/fr\/#organization","name":"Webdo","alternateName":"Webdo.tn","url":"https:\/\/www.webdo.tn\/fr\/","logo":{"@type":"ImageObject","inLanguage":"fr-FR","@id":"https:\/\/www.webdo.tn\/fr\/#\/schema\/logo\/image\/","url":"https:\/\/www.webdo.tn\/fr\/wp-content\/uploads\/2025\/06\/Webdo-Tunisie_168377.jpg","contentUrl":"https:\/\/www.webdo.tn\/fr\/wp-content\/uploads\/2025\/06\/Webdo-Tunisie_168377.jpg","width":301,"height":301,"caption":"Webdo"},"image":{"@id":"https:\/\/www.webdo.tn\/fr\/#\/schema\/logo\/image\/"},"sameAs":["https:\/\/www.facebook.com\/webdotn","https:\/\/x.com\/webdo_tn"],"description":"Webdo est un m\u00e9dia num\u00e9rique tunisien fond\u00e9 en 2010, sp\u00e9cialis\u00e9 dans l\u2019actualit\u00e9 nationale et internationale, l\u2019\u00e9conomie, la soci\u00e9t\u00e9 et les analyses politiques. Le site s\u2019adresse \u00e0 un large public francophone et couvre l\u2019information tunisienne en temps r\u00e9el.","email":"redac@webdo.tn","legalName":"YNJ SARL","foundingDate":"2010-09-06","numberOfEmployees":{"@type":"QuantitativeValue","minValue":"11","maxValue":"50"}},{"@type":"Person","@id":"https:\/\/www.webdo.tn\/fr\/#\/schema\/person\/60d5ba619ed3f58783b0dc82b7dada80","name":"Ne\u00efla DRISS","image":{"@type":"ImageObject","inLanguage":"fr-FR","@id":"https:\/\/www.webdo.tn\/fr\/wp-content\/uploads\/2026\/04\/neila-driss_avatar-96x96.jpg","url":"https:\/\/www.webdo.tn\/fr\/wp-content\/uploads\/2026\/04\/neila-driss_avatar-96x96.jpg","contentUrl":"https:\/\/www.webdo.tn\/fr\/wp-content\/uploads\/2026\/04\/neila-driss_avatar-96x96.jpg","caption":"Ne\u00efla DRISS"},"description":"Ne\u00efla Driss est juriste, journaliste culturelle et critique de cin\u00e9ma tunisienne. Titulaire d\u2019un DEA en droit priv\u00e9 de l\u2019Universit\u00e9 Paris II et d\u2019un DESS de l\u2019IHEC Carthage, elle d\u00e9bute sa carri\u00e8re comme juriste sp\u00e9cialis\u00e9e en gestion de patrimoine immobilier. Elle s\u2019oriente ensuite vers l\u2019\u00e9criture en ligne, o\u00f9 elle se distingue d\u00e8s 2006 aux Tunisia Blog Awards, avant de se consacrer au journalisme culturel, avec une sp\u00e9cialisation dans la critique cin\u00e9matographique. Elle couvre r\u00e9guli\u00e8rement les grands festivals internationaux, notamment le Festival de Cannes, les Journ\u00e9es Cin\u00e9matographiques de Carthage et le Festival du film du Caire. Membre de l\u2019ATPCC et de la FIPRESCI, elle participe \u00e0 des jurys et initiatives internationales de critique. Depuis 2024, elle est \u00e9lectrice internationale aux Golden Globes. Facebook : https:\/\/www.facebook.com\/massir.destiniii\/ X : https:\/\/x.com\/MassirDestin","sameAs":["https:\/\/www.facebook.com\/massir.destiniii\/","https:\/\/www.instagram.com\/neila.driss\/?hl=fr","https:\/\/www.linkedin.com\/in\/neila-driss-22606a80\/","https:\/\/x.com\/https:\/\/x.com\/MassirDestin"],"knowsAbout":["Cin\u00e9ma international","critique cin\u00e9matographique","festivals de cin\u00e9ma","journalisme culturel"],"knowsLanguage":["Fran\u00e7ais","Arabe","Anglais"],"jobTitle":"Journaliste culturelle et critique de cin\u00e9ma","worksFor":"Webdo","url":"https:\/\/www.webdo.tn\/fr\/actualite\/author\/neila-driss\/"}]}},"_links":{"self":[{"href":"https:\/\/www.webdo.tn\/fr\/wp-json\/wp\/v2\/posts\/116725","targetHints":{"allow":["GET"]}}],"collection":[{"href":"https:\/\/www.webdo.tn\/fr\/wp-json\/wp\/v2\/posts"}],"about":[{"href":"https:\/\/www.webdo.tn\/fr\/wp-json\/wp\/v2\/types\/post"}],"author":[{"embeddable":true,"href":"https:\/\/www.webdo.tn\/fr\/wp-json\/wp\/v2\/users\/3164"}],"replies":[{"embeddable":true,"href":"https:\/\/www.webdo.tn\/fr\/wp-json\/wp\/v2\/comments?post=116725"}],"version-history":[{"count":0,"href":"https:\/\/www.webdo.tn\/fr\/wp-json\/wp\/v2\/posts\/116725\/revisions"}],"wp:featuredmedia":[{"embeddable":true,"href":"https:\/\/www.webdo.tn\/fr\/wp-json\/wp\/v2\/media\/302584"}],"wp:attachment":[{"href":"https:\/\/www.webdo.tn\/fr\/wp-json\/wp\/v2\/media?parent=116725"}],"wp:term":[{"taxonomy":"category","embeddable":true,"href":"https:\/\/www.webdo.tn\/fr\/wp-json\/wp\/v2\/categories?post=116725"},{"taxonomy":"post_tag","embeddable":true,"href":"https:\/\/www.webdo.tn\/fr\/wp-json\/wp\/v2\/tags?post=116725"}],"curies":[{"name":"wp","href":"https:\/\/api.w.org\/{rel}","templated":true}]}}