{"id":116698,"date":"2019-09-28T20:33:00","date_gmt":"2019-09-28T20:33:00","guid":{"rendered":"https:\/\/www.webdo.tn\/fr\/blog\/hend-sabry-remporte-letoile-de-la-meilleure-actrice-au-festival-du-film-del-gouna\/116698\/"},"modified":"2019-09-28T20:33:00","modified_gmt":"2019-09-28T20:33:00","slug":"hend-sabry-remporte-letoile-de-la-meilleure-actrice-au-festival-du-film-del-gouna","status":"publish","type":"post","link":"https:\/\/www.webdo.tn\/fr\/actualite\/culture\/hend-sabry-remporte-letoile-de-la-meilleure-actrice-au-festival-du-film-del-gouna\/116698\/","title":{"rendered":"Hend Sabry remporte l&rsquo;Etoile de la Meilleure actrice au Festival du Film d&rsquo;El Gouna"},"content":{"rendered":"<div class=\"single-body entry-content typography-copy\" itemprop=\"articleBody\">\n<p style=\"font-weight: bold; text-align: justify\">\n<div class=\"coprs\" style=\"text-align: center\"><\/div>\n<div class=\"coprs\" style=\"text-align: justify\">\n\t\t\t\t\t\t\t\t\t\u00a0 \u00a0<\/p>\n<p><a href=\"http:\/\/www.webdo.tn\/2019\/09\/19\/gff-2019-un-festival-de-lhumanite-qui-allie-cinema-et-tourisme\/\">La troisi\u00e8me \u00e9dition du Festival du Film d\u2019El Gouna (GFF)<\/a> s\u2019est achev\u00e9e hier soir apr\u00e8s neuf jours de films, panels, discussions, exposition et concert, par une belle c\u00e9r\u00e9monie de cl\u00f4ture.<\/p>\n<p>C\u2019est le chanteur Abu qui avait inaugur\u00e9 cette c\u00e9r\u00e9monie. <a href=\"http:\/\/www.webdo.tn\/2017\/12\/13\/3-daqat-chanson-succes-fulgurant\/\">Abu est le compositeur et le chanteur de la c\u00e9l\u00e8bre \u00ab 3 Da9et\u00a0\u00bb, qui \u00e9tait devenu l\u2019hymne du GFF en 2017.<\/a><\/p>\n<p>Un hommage a \u00e9t\u00e9 rendu \u00e0 Mohamed Henedi pour l&rsquo;ensemble de sa carri\u00e8re, mais surtout pour avoir \u00e9t\u00e9 parmi les premiers acteurs comiques du cin\u00e9ma \u00e9gyptien et pour avoir ouvert la voix \u00e0 d&rsquo;autres acteurs comiques apr\u00e8s lui.<\/p>\n<p>Le palmar\u00e8s a ensuite \u00e9t\u00e9 annonc\u00e9. Il ne r\u00e9servait pas beaucoup de surprises, surtout en ce qui concerne <a href=\"http:\/\/www.webdo.tn\/2019\/05\/21\/cannes-2019-adam-de-maryam-touzani-lhistoire-dune-belle-rencontre\/\">le tr\u00e8s beau film marocain <em>Adam<\/em> de Maryam Touzani<\/a>, qui a donc remport\u00e9 l\u2019Etoile de Bronze long m\u00e9trage de fiction, m\u00eame s\u2019il m\u00e9ritait bien mieux, le film documentaire <em>Parler d\u2019arbres (Talking about trees)<\/em> de Suhaib Gasmelbarix qui lors de sa projection a enchant\u00e9 tous les spectateurs et qui a remport\u00e9 l\u2019Etoile d\u2019Or, long m\u00e9trage documentaire, et surtout le film soudanais <em>Tu mourras \u00e0 vingt ans<\/em> d&rsquo;Amjad Abu Alala qui a remport\u00e9 l\u2019Etoile d\u2019Or long m\u00e9trage fiction, bien que le film souffre de quelques longueurs.<\/p>\n<p>Quant au prix de la meilleure actrice, il a \u00e9t\u00e9 attribu\u00e9 \u00e0 <a href=\"http:\/\/www.webdo.tn\/2017\/05\/18\/prix-dexcellence-faten-hamama-hend-sabry\/\">Hend Sabry<\/a> pour son r\u00f4le dans <a href=\"http:\/\/www.webdo.tn\/2019\/09\/27\/le-film-tunisien-noura-reve-au-festival-du-film-del-gouna\/\">le film tunisien <em>Noura r\u00eave<\/em> r\u00e9alis\u00e9 par Hinde Boujemaa.<\/a>\u00a0<\/p>\n<p>\u00a0<\/p>\n<p><img decoding=\"async\" alt=\"\" height=\"667\" src=\"http:\/\/www.webdo.tn\/wp-content\/uploads\/2019\/09\/BAZ_15-1.jpg\" width=\"1000\"> <em>Hend Sabry \u00e9lue, re\u00e7oit l\u2019\u00c9toile de Meilleure actrice.<\/em><\/p>\n<p>\u00a0<\/p>\n<p>Hend Sabry a prononc\u00e9 un petit discours tr\u00e8s \u00e9mouvant, dans lequel elle a rappel\u00e9 que c\u2019est lors de la premi\u00e8re \u00e9dition du GFF en 2017, que Hinde Boujemaa lui avait propos\u00e9 de jouer ce r\u00f4le. Elle l\u2019a \u00e9galement remerci\u00e9e en soulignant le fait que les gens s\u2019imaginent que les grandes stars ont la possibilit\u00e9 de choisir leurs r\u00f4les, or qu\u2019en r\u00e9alit\u00e9, cette c\u00e9l\u00e9brit\u00e9 fait peur aux r\u00e9alisateurs de films ind\u00e9pendants, et Hinde n\u2019a pas eu peur. Hend Sabry a \u00e9galement remerci\u00e9 son mari qui a toujours \u00e9t\u00e9 \u00e0 ses cot\u00e9s et l\u2019a toujours encourag\u00e9e, sa m\u00e8re qui s\u2019occupe de ses filles et lui permet ainsi de travailler et de faire des films, ses producteurs et amis.<\/p>\n<p>\u00a0<\/p>\n<p><iframe allowfullscreen=\"true\" frameborder=\"0\" height=\"476\" scrolling=\"no\" src=\"https:\/\/www.facebook.com\/plugins\/video.php?height=476&amp;href=https%3A%2F%2Fwww.facebook.com%2Fmassir.destiniii%2Fvideos%2F2281972288579806%2F&amp;show_text=false&amp;width=267&amp;t=0\" width=\"267\"><\/iframe><\/p>\n<p>\u00a0<\/p>\n<h4>\u00a0<\/h4>\n<h4><span><strong>Le Palmar\u00e8s de la III\u00e8me \u00e9dition du Festival du Film d&rsquo;El Gouna:<\/strong><\/span><\/h4>\n<h4><strong>Comp\u00e9tition longs m\u00e9trages fiction\u00a0:<\/strong><\/h4>\n<ul>\n<li><strong>L\u2019Etoile d\u2019Or<\/strong> (troph\u00e9e, certificat et 50 000 USD) pour le film soudanais <em>Tu mourras \u00e0 vingt ans<\/em> d&rsquo;Amjad Abu Alala.<\/li>\n<li><strong>L\u2019Etoile d\u2019Argent<\/strong> (troph\u00e9e, certificat et 25 000 USD) pour film <em>Corpus Christi<\/em> de Jan Komasa.<\/li>\n<li><strong>L\u2019\u00c9toile de bronze<\/strong> (troph\u00e9e, certificat et 15 000 USD) pour film <em>Adam<\/em> par Maryam Touzani.<\/li>\n<li><strong>L\u2019Etoile du meilleur long m\u00e9trage de fiction arabe<\/strong> (troph\u00e9e, certificat et 20 000 USD) pour <em>Papicha<\/em> de Mounia Meddour.<\/li>\n<li><strong>L\u2019Etoile du meilleur acteur<\/strong> (troph\u00e9e, certificat) va \u00e0 Bartosz Bielenia, pour son r\u00f4le dans le film <em>Corpus Christi.<\/em><\/li>\n<li><strong>L\u2019Etoile de la meilleure actrice<\/strong> (troph\u00e9e, certificat) va \u00e0 Hend Sabry, pour son r\u00f4le dans le film <em>Noura r\u00eave.<\/em><\/li>\n<\/ul>\n<h4>Comp\u00e9tition longs m\u00e9trages documentaires :<\/h4>\n<ul>\n<li><strong>L\u2019Etoile d\u2019Or<\/strong> (troph\u00e9e, certificat et 30 000 USD) pour le documentaire <em>Parler d&rsquo;arbres<\/em> de Suhaib Gasmelbari.<\/li>\n<li><strong>L\u2019Etoile d\u2019Argent<\/strong> (troph\u00e9e, certificat et 15 000 USD) pour le documentaire <em>143 rue du Sahara<\/em> de Hassen Ferhani.<\/li>\n<li><strong>L\u2019Etoile de Bronze<\/strong> (Troph\u00e9e, certificat et 7 500 USD) pour le documentaire <em>Kaboul, la ville au vent<\/em> de Aboozar Amini.<\/li>\n<li><strong>L\u2019Etoile du meilleur film documentaire arabe<\/strong> (troph\u00e9e, certificat et 10 000 USD) va \u00e0 <em>Ibrahim: Un destin \u00e0 d\u00e9finir<\/em> par Lina Alabed.<\/li>\n<\/ul>\n<p>\u00a0<\/p>\n<h4>Comp\u00e9tition courts m\u00e9trages\u00a0:<\/h4>\n<ul>\n<li><strong>L\u2019Etoile d\u2019Or<\/strong> (troph\u00e9e, certificat et 15 000 USD) pour le court m\u00e9trage <em>Examen<\/em> de Sonia K. Haddad.<\/li>\n<li><strong>L\u2019Etoile d\u2019Argent<\/strong> (troph\u00e9e, certificat et 7 500 USD) pour le court m\u00e9trage <em>Ome<\/em> de Wassim Geagea.<\/li>\n<li><strong>L\u2019Etoile de Bronze<\/strong> (troph\u00e9e, certificat et 4 000 USD) pour le court m\u00e9trage <em>Chair<\/em> de Camila Kater.<\/li>\n<li><strong>L\u2019Etoile du meilleur court m\u00e9trage arabe<\/strong> (troph\u00e9e, certificat et 5 000 dollars US) pour<em> Abandonne le fant\u00f4me<\/em> de Zain Duraie.<\/li>\n<li><strong>Mention sp\u00e9ciale du jury<\/strong> pour le court m\u00e9trage <em>16 d\u00e9cembre<\/em> par \u00c1lvaro Gago D\u00edaz.<\/li>\n<\/ul>\n<p><strong>Le Prix \u200b\u200bdu public \u00ab\u00a0Cin\u00e9ma pour l&rsquo;Humanit\u00e9\u00a0\u00bb<\/strong> (troph\u00e9e, certificat et 20 000 USD) pour le film <em>Les mis\u00e9rables<\/em> de Ladj Ly.<\/p>\n<p><strong>Le Prix \u200b\u200bNETPAC du meilleur film asiatique<\/strong> pour le documentaire <em>Kaboul, la ville au vent<\/em> par Aboozar Amini.<\/p>\n<p><strong>Le Prix \u200b\u200bFIPRESCI<\/strong> pour le long m\u00e9trage fiction <em>1982<\/em> de Oualid Mouaness.<\/p>\n<p>La c\u00e9r\u00e9monie de cl\u00f4ture s&rsquo;est achev\u00e9e par la projection du clip de la chanson officielle de l\u2019\u00e9dition III du GFF, auquel ont pris part plusieurs invit\u00e9s du festival.<\/p>\n<p><iframe allowfullscreen=\"\" frameborder=\"0\" height=\"315\" src=\"https:\/\/www.youtube.com\/embed\/yiCrJ7Y_dxI?si=d7XgfnAKaJ_xMbnz\" title=\"YouTube video player\" width=\"560\"><\/iframe>\u00a0<\/p>\n<p>\u00a0<\/p>\n<p><strong>Neila Driss<\/strong><\/p>\n<p>\u00a0 \u00a0 \u00a0 \u00a0 \u00a0 \u00a0\n\t\t\t\t\t\t\t\t<\/p><\/div>\n<div class=\"coprs\" style=\"text-align: center\"><\/div><\/div>\n","protected":false},"excerpt":{"rendered":"<p>Hend Sabry remporte l&rsquo;Etoile de la Meilleure actrice au Festival du Film d&rsquo;El Gouna<\/p>\n","protected":false},"author":3164,"featured_media":293482,"comment_status":"open","ping_status":"closed","sticky":false,"template":"","format":"standard","meta":{"footnotes":""},"categories":[2594],"tags":[11289,4724,6648,3258,6592,4973],"class_list":["post-116698","post","type-post","status-publish","format-standard","has-post-thumbnail","hentry","category-culture","tag-el-gouna-2019","tag-actrice","tag-el-gouna","tag-festival-du-film-del-gouna","tag-hend-sabry","tag-palmares"],"yoast_head":"<!-- This site is optimized with the Yoast SEO Premium plugin v27.4 (Yoast SEO v27.4) - https:\/\/yoast.com\/product\/yoast-seo-premium-wordpress\/ -->\n<title>Hend Sabry remporte l&#039;Etoile de la Meilleure actrice au Festival du Film d&#039;El Gouna<\/title>\n<meta name=\"description\" content=\"Hend Sabry remporte l&#039;Etoile de la Meilleure actrice au Festival du Film d&#039;El Gouna\" \/>\n<link rel=\"canonical\" href=\"https:\/\/www.webdo.tn\/fr\/actualite\/culture\/hend-sabry-remporte-letoile-de-la-meilleure-actrice-au-festival-du-film-del-gouna\/116698\/\" \/>\n<meta property=\"og:locale\" content=\"fr_FR\" \/>\n<meta property=\"og:type\" content=\"article\" \/>\n<meta property=\"og:title\" content=\"Hend Sabry remporte l&#039;Etoile de la Meilleure actrice au Festival du Film d&#039;El Gouna\" \/>\n<meta property=\"og:description\" content=\"Hend Sabry remporte l&#039;Etoile de la Meilleure actrice au Festival du Film d&#039;El Gouna\" \/>\n<meta property=\"og:url\" content=\"https:\/\/www.webdo.tn\/fr\/actualite\/culture\/hend-sabry-remporte-letoile-de-la-meilleure-actrice-au-festival-du-film-del-gouna\/116698\/\" \/>\n<meta property=\"og:site_name\" content=\"webdo\" \/>\n<meta property=\"article:publisher\" content=\"https:\/\/www.facebook.com\/webdotn\" \/>\n<meta property=\"article:author\" content=\"https:\/\/www.facebook.com\/massir.destiniii\/\" \/>\n<meta property=\"article:published_time\" content=\"2019-09-28T20:33:00+00:00\" \/>\n<meta property=\"og:image\" content=\"https:\/\/www.webdo.tn\/fr\/wp-content\/uploads\/2019\/09\/b23c186d2e2f73d005aa38fac95e8e06.jpeg\" \/>\n\t<meta property=\"og:image:width\" content=\"750\" \/>\n\t<meta property=\"og:image:height\" content=\"400\" \/>\n\t<meta property=\"og:image:type\" content=\"image\/jpeg\" \/>\n<meta name=\"author\" content=\"Ne\u00efla DRISS\" \/>\n<meta name=\"twitter:card\" content=\"summary_large_image\" \/>\n<meta name=\"twitter:creator\" content=\"@https:\/\/x.com\/MassirDestin\" \/>\n<meta name=\"twitter:site\" content=\"@webdo_tn\" \/>\n<meta name=\"twitter:label1\" content=\"\u00c9crit par\" \/>\n\t<meta name=\"twitter:data1\" content=\"Ne\u00efla DRISS\" \/>\n\t<meta name=\"twitter:label2\" content=\"Dur\u00e9e de lecture estim\u00e9e\" \/>\n\t<meta name=\"twitter:data2\" content=\"4 minutes\" \/>\n<script type=\"application\/ld+json\" class=\"yoast-schema-graph\">{\"@context\":\"https:\\\/\\\/schema.org\",\"@graph\":[{\"@type\":\"NewsArticle\",\"@id\":\"https:\\\/\\\/www.webdo.tn\\\/fr\\\/actualite\\\/culture\\\/hend-sabry-remporte-letoile-de-la-meilleure-actrice-au-festival-du-film-del-gouna\\\/116698\\\/#article\",\"isPartOf\":{\"@id\":\"https:\\\/\\\/www.webdo.tn\\\/fr\\\/actualite\\\/culture\\\/hend-sabry-remporte-letoile-de-la-meilleure-actrice-au-festival-du-film-del-gouna\\\/116698\\\/\"},\"author\":{\"name\":\"Ne\u00efla DRISS\",\"@id\":\"https:\\\/\\\/www.webdo.tn\\\/fr\\\/#\\\/schema\\\/person\\\/60d5ba619ed3f58783b0dc82b7dada80\"},\"headline\":\"Hend Sabry remporte l&rsquo;Etoile de la Meilleure actrice au Festival du Film d&rsquo;El Gouna\",\"datePublished\":\"2019-09-28T20:33:00+00:00\",\"mainEntityOfPage\":{\"@id\":\"https:\\\/\\\/www.webdo.tn\\\/fr\\\/actualite\\\/culture\\\/hend-sabry-remporte-letoile-de-la-meilleure-actrice-au-festival-du-film-del-gouna\\\/116698\\\/\"},\"wordCount\":826,\"commentCount\":0,\"publisher\":{\"@id\":\"https:\\\/\\\/www.webdo.tn\\\/fr\\\/#organization\"},\"image\":{\"@id\":\"https:\\\/\\\/www.webdo.tn\\\/fr\\\/actualite\\\/culture\\\/hend-sabry-remporte-letoile-de-la-meilleure-actrice-au-festival-du-film-del-gouna\\\/116698\\\/#primaryimage\"},\"thumbnailUrl\":\"https:\\\/\\\/www.webdo.tn\\\/fr\\\/wp-content\\\/uploads\\\/2019\\\/09\\\/b23c186d2e2f73d005aa38fac95e8e06.jpeg\",\"keywords\":[\"'El Gouna 2019'\",\"actrice\",\"El Gouna\",\"Festival du Film d'El Gouna\",\"Hend Sabry\",\"Palmar\u00e8s\"],\"articleSection\":[\"Culture\"],\"inLanguage\":\"fr-FR\"},{\"@type\":\"WebPage\",\"@id\":\"https:\\\/\\\/www.webdo.tn\\\/fr\\\/actualite\\\/culture\\\/hend-sabry-remporte-letoile-de-la-meilleure-actrice-au-festival-du-film-del-gouna\\\/116698\\\/\",\"url\":\"https:\\\/\\\/www.webdo.tn\\\/fr\\\/actualite\\\/culture\\\/hend-sabry-remporte-letoile-de-la-meilleure-actrice-au-festival-du-film-del-gouna\\\/116698\\\/\",\"name\":\"Hend Sabry remporte l'Etoile de la Meilleure actrice au Festival du Film d'El Gouna\",\"isPartOf\":{\"@id\":\"https:\\\/\\\/www.webdo.tn\\\/fr\\\/#website\"},\"primaryImageOfPage\":{\"@id\":\"https:\\\/\\\/www.webdo.tn\\\/fr\\\/actualite\\\/culture\\\/hend-sabry-remporte-letoile-de-la-meilleure-actrice-au-festival-du-film-del-gouna\\\/116698\\\/#primaryimage\"},\"image\":{\"@id\":\"https:\\\/\\\/www.webdo.tn\\\/fr\\\/actualite\\\/culture\\\/hend-sabry-remporte-letoile-de-la-meilleure-actrice-au-festival-du-film-del-gouna\\\/116698\\\/#primaryimage\"},\"thumbnailUrl\":\"https:\\\/\\\/www.webdo.tn\\\/fr\\\/wp-content\\\/uploads\\\/2019\\\/09\\\/b23c186d2e2f73d005aa38fac95e8e06.jpeg\",\"datePublished\":\"2019-09-28T20:33:00+00:00\",\"description\":\"Hend Sabry remporte l'Etoile de la Meilleure actrice au Festival du Film d'El Gouna\",\"breadcrumb\":{\"@id\":\"https:\\\/\\\/www.webdo.tn\\\/fr\\\/actualite\\\/culture\\\/hend-sabry-remporte-letoile-de-la-meilleure-actrice-au-festival-du-film-del-gouna\\\/116698\\\/#breadcrumb\"},\"inLanguage\":\"fr-FR\",\"potentialAction\":[{\"@type\":\"ReadAction\",\"target\":[\"https:\\\/\\\/www.webdo.tn\\\/fr\\\/actualite\\\/culture\\\/hend-sabry-remporte-letoile-de-la-meilleure-actrice-au-festival-du-film-del-gouna\\\/116698\\\/\"]}]},{\"@type\":\"ImageObject\",\"inLanguage\":\"fr-FR\",\"@id\":\"https:\\\/\\\/www.webdo.tn\\\/fr\\\/actualite\\\/culture\\\/hend-sabry-remporte-letoile-de-la-meilleure-actrice-au-festival-du-film-del-gouna\\\/116698\\\/#primaryimage\",\"url\":\"https:\\\/\\\/www.webdo.tn\\\/fr\\\/wp-content\\\/uploads\\\/2019\\\/09\\\/b23c186d2e2f73d005aa38fac95e8e06.jpeg\",\"contentUrl\":\"https:\\\/\\\/www.webdo.tn\\\/fr\\\/wp-content\\\/uploads\\\/2019\\\/09\\\/b23c186d2e2f73d005aa38fac95e8e06.jpeg\",\"width\":750,\"height\":400,\"caption\":\"Hend Sabry remporte l'Etoile de la Meilleure actrice au Festival du Film d'El Gouna\"},{\"@type\":\"BreadcrumbList\",\"@id\":\"https:\\\/\\\/www.webdo.tn\\\/fr\\\/actualite\\\/culture\\\/hend-sabry-remporte-letoile-de-la-meilleure-actrice-au-festival-du-film-del-gouna\\\/116698\\\/#breadcrumb\",\"itemListElement\":[{\"@type\":\"ListItem\",\"position\":1,\"name\":\"Accueil\",\"item\":\"https:\\\/\\\/www.webdo.tn\\\/fr\\\/\"},{\"@type\":\"ListItem\",\"position\":2,\"name\":\"Hend Sabry remporte l&rsquo;Etoile de la Meilleure actrice au Festival du Film d&rsquo;El Gouna\"}]},{\"@type\":\"WebSite\",\"@id\":\"https:\\\/\\\/www.webdo.tn\\\/fr\\\/#website\",\"url\":\"https:\\\/\\\/www.webdo.tn\\\/fr\\\/\",\"name\":\"webdo\",\"description\":\"Tunisie - News en Tunisie et \u00e0 l&#039;international sur Webdo.tn\",\"publisher\":{\"@id\":\"https:\\\/\\\/www.webdo.tn\\\/fr\\\/#organization\"},\"potentialAction\":[{\"@type\":\"SearchAction\",\"target\":{\"@type\":\"EntryPoint\",\"urlTemplate\":\"https:\\\/\\\/www.webdo.tn\\\/fr\\\/?s={search_term_string}\"},\"query-input\":{\"@type\":\"PropertyValueSpecification\",\"valueRequired\":true,\"valueName\":\"search_term_string\"}}],\"inLanguage\":\"fr-FR\"},{\"@type\":\"Organization\",\"@id\":\"https:\\\/\\\/www.webdo.tn\\\/fr\\\/#organization\",\"name\":\"Webdo\",\"alternateName\":\"Webdo.tn\",\"url\":\"https:\\\/\\\/www.webdo.tn\\\/fr\\\/\",\"logo\":{\"@type\":\"ImageObject\",\"inLanguage\":\"fr-FR\",\"@id\":\"https:\\\/\\\/www.webdo.tn\\\/fr\\\/#\\\/schema\\\/logo\\\/image\\\/\",\"url\":\"https:\\\/\\\/www.webdo.tn\\\/fr\\\/wp-content\\\/uploads\\\/2025\\\/06\\\/Webdo-Tunisie_168377.jpg\",\"contentUrl\":\"https:\\\/\\\/www.webdo.tn\\\/fr\\\/wp-content\\\/uploads\\\/2025\\\/06\\\/Webdo-Tunisie_168377.jpg\",\"width\":301,\"height\":301,\"caption\":\"Webdo\"},\"image\":{\"@id\":\"https:\\\/\\\/www.webdo.tn\\\/fr\\\/#\\\/schema\\\/logo\\\/image\\\/\"},\"sameAs\":[\"https:\\\/\\\/www.facebook.com\\\/webdotn\",\"https:\\\/\\\/x.com\\\/webdo_tn\"],\"description\":\"Webdo est un m\u00e9dia num\u00e9rique tunisien fond\u00e9 en 2010, sp\u00e9cialis\u00e9 dans l\u2019actualit\u00e9 nationale et internationale, l\u2019\u00e9conomie, la soci\u00e9t\u00e9 et les analyses politiques. Le site s\u2019adresse \u00e0 un large public francophone et couvre l\u2019information tunisienne en temps r\u00e9el.\",\"email\":\"redac@webdo.tn\",\"legalName\":\"YNJ SARL\",\"foundingDate\":\"2010-09-06\",\"numberOfEmployees\":{\"@type\":\"QuantitativeValue\",\"minValue\":\"11\",\"maxValue\":\"50\"}},{\"@type\":\"Person\",\"@id\":\"https:\\\/\\\/www.webdo.tn\\\/fr\\\/#\\\/schema\\\/person\\\/60d5ba619ed3f58783b0dc82b7dada80\",\"name\":\"Ne\u00efla DRISS\",\"image\":{\"@type\":\"ImageObject\",\"inLanguage\":\"fr-FR\",\"@id\":\"https:\\\/\\\/www.webdo.tn\\\/fr\\\/wp-content\\\/uploads\\\/2026\\\/04\\\/neila-driss_avatar-96x96.jpg\",\"url\":\"https:\\\/\\\/www.webdo.tn\\\/fr\\\/wp-content\\\/uploads\\\/2026\\\/04\\\/neila-driss_avatar-96x96.jpg\",\"contentUrl\":\"https:\\\/\\\/www.webdo.tn\\\/fr\\\/wp-content\\\/uploads\\\/2026\\\/04\\\/neila-driss_avatar-96x96.jpg\",\"caption\":\"Ne\u00efla DRISS\"},\"description\":\"Ne\u00efla Driss est juriste, journaliste culturelle et critique de cin\u00e9ma tunisienne. Titulaire d\u2019un DEA en droit priv\u00e9 de l\u2019Universit\u00e9 Paris II et d\u2019un DESS de l\u2019IHEC Carthage, elle d\u00e9bute sa carri\u00e8re comme juriste sp\u00e9cialis\u00e9e en gestion de patrimoine immobilier. Elle s\u2019oriente ensuite vers l\u2019\u00e9criture en ligne, o\u00f9 elle se distingue d\u00e8s 2006 aux Tunisia Blog Awards, avant de se consacrer au journalisme culturel, avec une sp\u00e9cialisation dans la critique cin\u00e9matographique. Elle couvre r\u00e9guli\u00e8rement les grands festivals internationaux, notamment le Festival de Cannes, les Journ\u00e9es Cin\u00e9matographiques de Carthage et le Festival du film du Caire. Membre de l\u2019ATPCC et de la FIPRESCI, elle participe \u00e0 des jurys et initiatives internationales de critique. Depuis 2024, elle est \u00e9lectrice internationale aux Golden Globes. Facebook : https:\\\/\\\/www.facebook.com\\\/massir.destiniii\\\/ X : https:\\\/\\\/x.com\\\/MassirDestin\",\"sameAs\":[\"https:\\\/\\\/www.facebook.com\\\/massir.destiniii\\\/\",\"https:\\\/\\\/www.instagram.com\\\/neila.driss\\\/?hl=fr\",\"https:\\\/\\\/www.linkedin.com\\\/in\\\/neila-driss-22606a80\\\/\",\"https:\\\/\\\/x.com\\\/https:\\\/\\\/x.com\\\/MassirDestin\"],\"knowsAbout\":[\"Cin\u00e9ma international\",\"critique cin\u00e9matographique\",\"festivals de cin\u00e9ma\",\"journalisme culturel\"],\"knowsLanguage\":[\"Fran\u00e7ais\",\"Arabe\",\"Anglais\"],\"jobTitle\":\"Journaliste culturelle et critique de cin\u00e9ma\",\"worksFor\":\"Webdo\",\"url\":\"https:\\\/\\\/www.webdo.tn\\\/fr\\\/actualite\\\/author\\\/neila-driss\\\/\"}]}<\/script>\n<!-- \/ Yoast SEO Premium plugin. -->","yoast_head_json":{"title":"Hend Sabry remporte l'Etoile de la Meilleure actrice au Festival du Film d'El Gouna","description":"Hend Sabry remporte l'Etoile de la Meilleure actrice au Festival du Film d'El Gouna","canonical":"https:\/\/www.webdo.tn\/fr\/actualite\/culture\/hend-sabry-remporte-letoile-de-la-meilleure-actrice-au-festival-du-film-del-gouna\/116698\/","og_locale":"fr_FR","og_type":"article","og_title":"Hend Sabry remporte l'Etoile de la Meilleure actrice au Festival du Film d'El Gouna","og_description":"Hend Sabry remporte l'Etoile de la Meilleure actrice au Festival du Film d'El Gouna","og_url":"https:\/\/www.webdo.tn\/fr\/actualite\/culture\/hend-sabry-remporte-letoile-de-la-meilleure-actrice-au-festival-du-film-del-gouna\/116698\/","og_site_name":"webdo","article_publisher":"https:\/\/www.facebook.com\/webdotn","article_author":"https:\/\/www.facebook.com\/massir.destiniii\/","article_published_time":"2019-09-28T20:33:00+00:00","og_image":[{"width":750,"height":400,"url":"https:\/\/www.webdo.tn\/fr\/wp-content\/uploads\/2019\/09\/b23c186d2e2f73d005aa38fac95e8e06.jpeg","type":"image\/jpeg"}],"author":"Ne\u00efla DRISS","twitter_card":"summary_large_image","twitter_creator":"@https:\/\/x.com\/MassirDestin","twitter_site":"@webdo_tn","twitter_misc":{"\u00c9crit par":"Ne\u00efla DRISS","Dur\u00e9e de lecture estim\u00e9e":"4 minutes"},"schema":{"@context":"https:\/\/schema.org","@graph":[{"@type":"NewsArticle","@id":"https:\/\/www.webdo.tn\/fr\/actualite\/culture\/hend-sabry-remporte-letoile-de-la-meilleure-actrice-au-festival-du-film-del-gouna\/116698\/#article","isPartOf":{"@id":"https:\/\/www.webdo.tn\/fr\/actualite\/culture\/hend-sabry-remporte-letoile-de-la-meilleure-actrice-au-festival-du-film-del-gouna\/116698\/"},"author":{"name":"Ne\u00efla DRISS","@id":"https:\/\/www.webdo.tn\/fr\/#\/schema\/person\/60d5ba619ed3f58783b0dc82b7dada80"},"headline":"Hend Sabry remporte l&rsquo;Etoile de la Meilleure actrice au Festival du Film d&rsquo;El Gouna","datePublished":"2019-09-28T20:33:00+00:00","mainEntityOfPage":{"@id":"https:\/\/www.webdo.tn\/fr\/actualite\/culture\/hend-sabry-remporte-letoile-de-la-meilleure-actrice-au-festival-du-film-del-gouna\/116698\/"},"wordCount":826,"commentCount":0,"publisher":{"@id":"https:\/\/www.webdo.tn\/fr\/#organization"},"image":{"@id":"https:\/\/www.webdo.tn\/fr\/actualite\/culture\/hend-sabry-remporte-letoile-de-la-meilleure-actrice-au-festival-du-film-del-gouna\/116698\/#primaryimage"},"thumbnailUrl":"https:\/\/www.webdo.tn\/fr\/wp-content\/uploads\/2019\/09\/b23c186d2e2f73d005aa38fac95e8e06.jpeg","keywords":["'El Gouna 2019'","actrice","El Gouna","Festival du Film d'El Gouna","Hend Sabry","Palmar\u00e8s"],"articleSection":["Culture"],"inLanguage":"fr-FR"},{"@type":"WebPage","@id":"https:\/\/www.webdo.tn\/fr\/actualite\/culture\/hend-sabry-remporte-letoile-de-la-meilleure-actrice-au-festival-du-film-del-gouna\/116698\/","url":"https:\/\/www.webdo.tn\/fr\/actualite\/culture\/hend-sabry-remporte-letoile-de-la-meilleure-actrice-au-festival-du-film-del-gouna\/116698\/","name":"Hend Sabry remporte l'Etoile de la Meilleure actrice au Festival du Film d'El Gouna","isPartOf":{"@id":"https:\/\/www.webdo.tn\/fr\/#website"},"primaryImageOfPage":{"@id":"https:\/\/www.webdo.tn\/fr\/actualite\/culture\/hend-sabry-remporte-letoile-de-la-meilleure-actrice-au-festival-du-film-del-gouna\/116698\/#primaryimage"},"image":{"@id":"https:\/\/www.webdo.tn\/fr\/actualite\/culture\/hend-sabry-remporte-letoile-de-la-meilleure-actrice-au-festival-du-film-del-gouna\/116698\/#primaryimage"},"thumbnailUrl":"https:\/\/www.webdo.tn\/fr\/wp-content\/uploads\/2019\/09\/b23c186d2e2f73d005aa38fac95e8e06.jpeg","datePublished":"2019-09-28T20:33:00+00:00","description":"Hend Sabry remporte l'Etoile de la Meilleure actrice au Festival du Film d'El Gouna","breadcrumb":{"@id":"https:\/\/www.webdo.tn\/fr\/actualite\/culture\/hend-sabry-remporte-letoile-de-la-meilleure-actrice-au-festival-du-film-del-gouna\/116698\/#breadcrumb"},"inLanguage":"fr-FR","potentialAction":[{"@type":"ReadAction","target":["https:\/\/www.webdo.tn\/fr\/actualite\/culture\/hend-sabry-remporte-letoile-de-la-meilleure-actrice-au-festival-du-film-del-gouna\/116698\/"]}]},{"@type":"ImageObject","inLanguage":"fr-FR","@id":"https:\/\/www.webdo.tn\/fr\/actualite\/culture\/hend-sabry-remporte-letoile-de-la-meilleure-actrice-au-festival-du-film-del-gouna\/116698\/#primaryimage","url":"https:\/\/www.webdo.tn\/fr\/wp-content\/uploads\/2019\/09\/b23c186d2e2f73d005aa38fac95e8e06.jpeg","contentUrl":"https:\/\/www.webdo.tn\/fr\/wp-content\/uploads\/2019\/09\/b23c186d2e2f73d005aa38fac95e8e06.jpeg","width":750,"height":400,"caption":"Hend Sabry remporte l'Etoile de la Meilleure actrice au Festival du Film d'El Gouna"},{"@type":"BreadcrumbList","@id":"https:\/\/www.webdo.tn\/fr\/actualite\/culture\/hend-sabry-remporte-letoile-de-la-meilleure-actrice-au-festival-du-film-del-gouna\/116698\/#breadcrumb","itemListElement":[{"@type":"ListItem","position":1,"name":"Accueil","item":"https:\/\/www.webdo.tn\/fr\/"},{"@type":"ListItem","position":2,"name":"Hend Sabry remporte l&rsquo;Etoile de la Meilleure actrice au Festival du Film d&rsquo;El Gouna"}]},{"@type":"WebSite","@id":"https:\/\/www.webdo.tn\/fr\/#website","url":"https:\/\/www.webdo.tn\/fr\/","name":"webdo","description":"Tunisie - News en Tunisie et \u00e0 l&#039;international sur Webdo.tn","publisher":{"@id":"https:\/\/www.webdo.tn\/fr\/#organization"},"potentialAction":[{"@type":"SearchAction","target":{"@type":"EntryPoint","urlTemplate":"https:\/\/www.webdo.tn\/fr\/?s={search_term_string}"},"query-input":{"@type":"PropertyValueSpecification","valueRequired":true,"valueName":"search_term_string"}}],"inLanguage":"fr-FR"},{"@type":"Organization","@id":"https:\/\/www.webdo.tn\/fr\/#organization","name":"Webdo","alternateName":"Webdo.tn","url":"https:\/\/www.webdo.tn\/fr\/","logo":{"@type":"ImageObject","inLanguage":"fr-FR","@id":"https:\/\/www.webdo.tn\/fr\/#\/schema\/logo\/image\/","url":"https:\/\/www.webdo.tn\/fr\/wp-content\/uploads\/2025\/06\/Webdo-Tunisie_168377.jpg","contentUrl":"https:\/\/www.webdo.tn\/fr\/wp-content\/uploads\/2025\/06\/Webdo-Tunisie_168377.jpg","width":301,"height":301,"caption":"Webdo"},"image":{"@id":"https:\/\/www.webdo.tn\/fr\/#\/schema\/logo\/image\/"},"sameAs":["https:\/\/www.facebook.com\/webdotn","https:\/\/x.com\/webdo_tn"],"description":"Webdo est un m\u00e9dia num\u00e9rique tunisien fond\u00e9 en 2010, sp\u00e9cialis\u00e9 dans l\u2019actualit\u00e9 nationale et internationale, l\u2019\u00e9conomie, la soci\u00e9t\u00e9 et les analyses politiques. Le site s\u2019adresse \u00e0 un large public francophone et couvre l\u2019information tunisienne en temps r\u00e9el.","email":"redac@webdo.tn","legalName":"YNJ SARL","foundingDate":"2010-09-06","numberOfEmployees":{"@type":"QuantitativeValue","minValue":"11","maxValue":"50"}},{"@type":"Person","@id":"https:\/\/www.webdo.tn\/fr\/#\/schema\/person\/60d5ba619ed3f58783b0dc82b7dada80","name":"Ne\u00efla DRISS","image":{"@type":"ImageObject","inLanguage":"fr-FR","@id":"https:\/\/www.webdo.tn\/fr\/wp-content\/uploads\/2026\/04\/neila-driss_avatar-96x96.jpg","url":"https:\/\/www.webdo.tn\/fr\/wp-content\/uploads\/2026\/04\/neila-driss_avatar-96x96.jpg","contentUrl":"https:\/\/www.webdo.tn\/fr\/wp-content\/uploads\/2026\/04\/neila-driss_avatar-96x96.jpg","caption":"Ne\u00efla DRISS"},"description":"Ne\u00efla Driss est juriste, journaliste culturelle et critique de cin\u00e9ma tunisienne. Titulaire d\u2019un DEA en droit priv\u00e9 de l\u2019Universit\u00e9 Paris II et d\u2019un DESS de l\u2019IHEC Carthage, elle d\u00e9bute sa carri\u00e8re comme juriste sp\u00e9cialis\u00e9e en gestion de patrimoine immobilier. Elle s\u2019oriente ensuite vers l\u2019\u00e9criture en ligne, o\u00f9 elle se distingue d\u00e8s 2006 aux Tunisia Blog Awards, avant de se consacrer au journalisme culturel, avec une sp\u00e9cialisation dans la critique cin\u00e9matographique. Elle couvre r\u00e9guli\u00e8rement les grands festivals internationaux, notamment le Festival de Cannes, les Journ\u00e9es Cin\u00e9matographiques de Carthage et le Festival du film du Caire. Membre de l\u2019ATPCC et de la FIPRESCI, elle participe \u00e0 des jurys et initiatives internationales de critique. Depuis 2024, elle est \u00e9lectrice internationale aux Golden Globes. Facebook : https:\/\/www.facebook.com\/massir.destiniii\/ X : https:\/\/x.com\/MassirDestin","sameAs":["https:\/\/www.facebook.com\/massir.destiniii\/","https:\/\/www.instagram.com\/neila.driss\/?hl=fr","https:\/\/www.linkedin.com\/in\/neila-driss-22606a80\/","https:\/\/x.com\/https:\/\/x.com\/MassirDestin"],"knowsAbout":["Cin\u00e9ma international","critique cin\u00e9matographique","festivals de cin\u00e9ma","journalisme culturel"],"knowsLanguage":["Fran\u00e7ais","Arabe","Anglais"],"jobTitle":"Journaliste culturelle et critique de cin\u00e9ma","worksFor":"Webdo","url":"https:\/\/www.webdo.tn\/fr\/actualite\/author\/neila-driss\/"}]}},"_links":{"self":[{"href":"https:\/\/www.webdo.tn\/fr\/wp-json\/wp\/v2\/posts\/116698","targetHints":{"allow":["GET"]}}],"collection":[{"href":"https:\/\/www.webdo.tn\/fr\/wp-json\/wp\/v2\/posts"}],"about":[{"href":"https:\/\/www.webdo.tn\/fr\/wp-json\/wp\/v2\/types\/post"}],"author":[{"embeddable":true,"href":"https:\/\/www.webdo.tn\/fr\/wp-json\/wp\/v2\/users\/3164"}],"replies":[{"embeddable":true,"href":"https:\/\/www.webdo.tn\/fr\/wp-json\/wp\/v2\/comments?post=116698"}],"version-history":[{"count":0,"href":"https:\/\/www.webdo.tn\/fr\/wp-json\/wp\/v2\/posts\/116698\/revisions"}],"wp:featuredmedia":[{"embeddable":true,"href":"https:\/\/www.webdo.tn\/fr\/wp-json\/wp\/v2\/media\/293482"}],"wp:attachment":[{"href":"https:\/\/www.webdo.tn\/fr\/wp-json\/wp\/v2\/media?parent=116698"}],"wp:term":[{"taxonomy":"category","embeddable":true,"href":"https:\/\/www.webdo.tn\/fr\/wp-json\/wp\/v2\/categories?post=116698"},{"taxonomy":"post_tag","embeddable":true,"href":"https:\/\/www.webdo.tn\/fr\/wp-json\/wp\/v2\/tags?post=116698"}],"curies":[{"name":"wp","href":"https:\/\/api.w.org\/{rel}","templated":true}]}}