{"id":116679,"date":"2019-11-27T08:39:00","date_gmt":"2019-11-27T08:39:00","guid":{"rendered":"https:\/\/www.webdo.tn\/fr\/blog\/cairo-je-taime\/116679\/"},"modified":"2019-11-27T08:39:00","modified_gmt":"2019-11-27T08:39:00","slug":"cairo-je-taime","status":"publish","type":"post","link":"https:\/\/www.webdo.tn\/fr\/actualite\/culture\/cairo-je-taime\/116679\/","title":{"rendered":"Cairo Je t&rsquo;aime !"},"content":{"rendered":"<div class=\"single-body entry-content typography-copy\" itemprop=\"articleBody\">\n<p style=\"font-weight: bold; text-align: justify\">\n<div class=\"coprs\" style=\"text-align: center\"><\/div>\n<div class=\"coprs\" style=\"text-align: justify\">\n<p><img decoding=\"async\" alt=\"\" height=\"225\" src=\"http:\/\/www.webdo.tn\/wp-content\/uploads\/2017\/11\/logo.png\" width=\"101\"><\/p>\n<p>Lorsque j\u2019\u00e9tais toute petite, je regardais tous les films \u00e9gyptiens qui passaient \u00e0 la t\u00e9l\u00e9vision. J&rsquo;avais rit avec Adel Imam, j&rsquo;avais pleur\u00e9 avec Faten Hamama, j&rsquo;avais chant\u00e9 avec Abdelhalim Hafez, j&rsquo;avais jalous\u00e9 la sympathie de Souad Hosni, j&rsquo;avais trembl\u00e9 devant Si Sayed (Yahya Chahine dans la trilogie de Naguib Mahfouz), j&rsquo;avais connu mes premiers sentiments amoureux avec Roshdy Abadha&#8230;<\/p>\n<p>Ensuite, adolescente, ma m\u00e8re, elle-m\u00eame passionn\u00e9e de films \u00e9gyptiens, m&#8217;emmenait au cin\u00e9ma avec elle pour voir ses idoles. C&rsquo;est ainsi que nous avions vu des dizaines et des dizaines de films des ann\u00e9es 1970\/80, \u00a0et plus particuli\u00e8rement ceux de Nadia Il Gendi, Najla Fethi, Mahmoud Yassine&#8230;<\/p>\n<p>Adulte, j\u2019ai continu\u00e9 \u00e0 aller voir tous ces films \u00e9gyptiens.<\/p>\n<p>Comme un grand nombre de jeunes de ma g\u00e9n\u00e9ration, j&rsquo;ai donc grandi en r\u00eavant de l&rsquo;\u00c9gypte. Lorsque j&rsquo;avais eu 22 ans, mes parents m&rsquo;avaient enfin offert ce voyage au pays du cin\u00e9ma arabe.<\/p>\n<p>Arriv\u00e9e sur place, j&rsquo;avais eu l&rsquo;impression d&rsquo;int\u00e9grer un film. En fait, je vivais au sein d&rsquo;un film. Les gens parlaient comme dans un film. Les quartiers et les rues \u00e9taient comme dans les films et m\u2019\u00e9taient tous tr\u00e8s familiers, je connaissais depuis toujours Zamalek, El Maadi, Garden City, El Gamaleya\u2026.<\/p>\n<p><img decoding=\"async\" alt=\"Cairo Je t'aime\" height=\"554\" src=\"http:\/\/www.webdo.tn\/wp-content\/uploads\/2019\/11\/IMG_3831.jpg\" width=\"554\"><br \/>\n<em>Mausol\u00e9e d&rsquo;El Hussein<\/em><\/p>\n<p>En plus j&rsquo;avais l&rsquo;impression \u00e0 chaque visite que j&rsquo;accomplissais, de vivre quelque chose que j&rsquo;avais d\u00e9j\u00e0 vu dans un film: \u00e0 \u00ab\u00a0Sidna Il Hussein\u00a0\u00bb je m\u2019\u00e9tais rappel\u00e9e de la c\u00e9l\u00e8bre visite de \u00ab\u00a0Sitt Amina\u00a0\u00bb \u00e0 ce m\u00eame mausol\u00e9e dans le film <em>Impasse des deux palais<\/em> (1964) adapt\u00e9 du livre de Naguib Mahfouz\u00a0; et quelle \u00e9motion en passant devant le salon de th\u00e9 Groppi (actuellement en travaux de restauration) dans lequel se donnaient tous les rendez vous des films en noir et blanc ou devant le Palais de Justice o\u00f9 de tr\u00e8s nombreux films ont \u00e9t\u00e9 tourn\u00e9s\u2026<\/p>\n<p><img decoding=\"async\" alt=\"Cairo je t'aime\" height=\"552\" src=\"http:\/\/www.webdo.tn\/wp-content\/uploads\/2019\/11\/Groppi.jpg\" width=\"555\"><br \/>\n<em>Le salon de th\u00e9 Groppi<\/em><\/p>\n<p>Cela avait d\u2019ailleurs \u00e9t\u00e9 pareil \u00e0 Alexandrie. La c\u00e9l\u00e8bre plage que l\u2019on voit dans plusieurs films en noir et blanc, avec ses petits bungalows au bord de la mer, ou le parc du Palais Royal o\u00f9 Shadia et Abdelhalim Hafez se d\u00e9claraient leur amour\u2026..<\/p>\n<p>Dans chaque endroit, j&rsquo;avais des souvenirs&#8230;. et bien s\u00fbr je prenais des photos dans tous ces endroits.<\/p>\n<p>Lors de mes voyages d&rsquo;apr\u00e8s, cette impression de vivre dans un film s&rsquo;est un peu estomp\u00e9e. Je m\u2019\u00e9tais habitu\u00e9e au fait que tous les \u00e9gyptiens parlent comme dans un film (il est \u00e9vident bien s\u00fbr que les \u00e9gyptiens dans la vraie vie, parlent en \u00e9gyptien comme ils parlent dans leurs films!). Mais cette joie et ce bonheur de se trouver dans un endroit \u00ab\u00a0mythique\u00a0\u00bb restent toujours vivaces.<\/p>\n<p>Se retrouver dans le c\u00e9l\u00e8bre caf\u00e9 et bar <em>El Horreya<\/em>, o\u00f9 Hend Sabry et Mahmoud Hemeda se rencontraient dans le film <em>Malik wa kitaba<\/em> (2006), ou d\u00eener au Club Grec o\u00f9 Adel Imam allait \u00e9couter Yosra jouer du piano et chanter dans <em>Immeuble Yacoubian<\/em> (2006), ou se promener dans les rues de H\u00e9liopolis o\u00f9 Ghada Adel \u00e9tait tomb\u00e9e amoureuse de Khaled Abol Naga dans <em>Fi Shoqet Masr Al Gedeeda<\/em> (2007)\u2026<\/p>\n<p>Cette magie s&rsquo;est renouvel\u00e9e la semaine derni\u00e8re lors de ma participation au colloque international \u00ab\u00a0Cin\u00e9ma et litt\u00e9rature en \u00c9gypte\u00a0\u00bb organis\u00e9 par l&rsquo;universit\u00e9 du Caire.<\/p>\n<p>Me retrouver devant ce b\u00e2timent de l&rsquo;universit\u00e9, \u00e0 la coupole si c\u00e9l\u00e8bre, ou des dizaines et des dizaines de films ont \u00e9t\u00e9 tourn\u00e9s, ou presque tous les acteurs \u00e9gyptiens ont fait leurs \u00e9tudes dans plusieurs films, comme Souad Hosni dans <em>Khalli belek min zouzou<\/em> (1972), ou Nelly Karim dans <em>Bent ismaha Zaat<\/em> (2013) ou m\u00eame Mohamed Emam dans l\u2019<em>Immeuble Yacoubian<\/em> (2006)&#8230;<\/p>\n<p>On se rend compte ainsi \u00e0 quel point le cin\u00e9ma peut promouvoir un pays, sa culture et son histoire. Rien ne peut \u00e9galer le cin\u00e9ma dans ce domaine, m\u00eame pas la litt\u00e9rature. Un livre peut donner envie de conna\u00eetre un pays et le visiter, mais je pense qu&rsquo;une image qui s&rsquo;imprime dans nos m\u00e9moires peut \u00eatre encore plus efficace ou impressionnante.<\/p>\n<p>Le Festival International du Film du Caire (CIFF), voulant pr\u00e9server la m\u00e9moire du cin\u00e9ma \u00e9gyptien, a utilis\u00e9 des technologies nouvelles pour nous faire vivre et revivre ces exp\u00e9riences. C&rsquo;est ainsi que pour cette 41eme \u00e9dition, une exposition <em>Cairo, je t&rsquo;aime<\/em> \u00e0 \u00e9t\u00e9 organis\u00e9e.<\/p>\n<p><img decoding=\"async\" alt=\"Cairo Je t'aime\" height=\"461\" src=\"http:\/\/www.webdo.tn\/wp-content\/uploads\/2019\/11\/Cairo-je-taime-01-1024x682.jpg\" width=\"692\"><br \/>\n<em>La Ministre de la Culture et le Pr\u00e9sident du CIFF inaugurent l&rsquo;exposition Cairo Je t&rsquo;aime<\/em><\/p>\n<p><img decoding=\"async\" alt=\"Cairo Je t'aime\" height=\"448\" src=\"http:\/\/www.webdo.tn\/wp-content\/uploads\/2019\/11\/Cairo-Je-taime-02.jpg\" width=\"672\"> <em>I<br \/>\nnauguration de l&rsquo;exposition Cairo Je t&rsquo;aime<\/em><\/p>\n<p>Inaugur\u00e9e par\u00a0par Ines Abdel Dayem, Ministre de la Culture, Mohamed Hefzy, Pr\u00e9sident du CIFF, les actrices Elham Chahine et Lebleba et plusieurs autres professionnels du cin\u00e9ma, <em>Cairo je t&rsquo;aime<\/em> permet de se promener \u00e0 la Place Talaat Harb, o\u00f9 la statue anim\u00e9e de ce dernier raconte les d\u00e9buts du cin\u00e9ma \u00e9gyptien et ses liens avec la ville du Caire, de passer devant la fa\u00e7ade de Groppi, de voir un film au cin\u00e9ma Miami\u2026<\/p>\n<p><img decoding=\"async\" alt=\"Cairo Je t'aime\" height=\"906\" src=\"http:\/\/www.webdo.tn\/wp-content\/uploads\/2019\/11\/Cairo-je-taime-768x1024.jpg\" width=\"680\"><br \/>\n<em>Cairo Je t&rsquo;aime &#8211; La statue de Talaat Harb raconte les d\u00e9but du cin\u00e9ma \u00e9gyptien&#8230;<\/em><\/p>\n<p>Certaines photos expos\u00e9es superposent des sc\u00e8nes de films sur des endroits du Caire o\u00f9 on \u00e9t\u00e9 tourn\u00e9s des films.<\/p>\n<p><img decoding=\"async\" alt=\"Cairo je t'aime\" height=\"750\" src=\"http:\/\/www.webdo.tn\/wp-content\/uploads\/2019\/11\/Cairo-je-taime-00.jpg\" width=\"1000\"> <em>Superposition des deux photos: Shadia et Salah Qabeel dans la rue Moez Eddine dans le film Zo2a2 El Madaq.<\/em><\/p>\n<p>Parall\u00e8lement \u00e0 cette exposition, une application sur t\u00e9l\u00e9phone mobile <a href=\"http:\/\/ciffvr.com\/\">(\u00e0 t\u00e9l\u00e9charger ici<\/a>) permet de se promener dans les rues du Caire et de d\u00e9couvrir les quartiers dans lesquels des films ont \u00e9t\u00e9 tourn\u00e9s.<\/p>\n<p>Que de beaux souvenirs et de que belles \u00e9motions!\u00a0 \u00a0<\/p>\n<p><img decoding=\"async\" alt=\"Application Cairo je t'aime\" height=\"443\" src=\"http:\/\/www.webdo.tn\/wp-content\/uploads\/2019\/11\/Cairo-je-taime-application-734x1024.jpg\" width=\"318\"><br \/>\n<em>Application Cairo Je t&rsquo;aime.<\/em><\/p>\n<p><iframe allowfullscreen=\"true\" frameborder=\"0\" height=\"314\" scrolling=\"no\" src=\"https:\/\/www.facebook.com\/plugins\/video.php?height=314&amp;href=https%3A%2F%2Fwww.facebook.com%2FAlmalLife%2Fvideos%2F504426783496599%2F&amp;show_text=false&amp;width=560&amp;t=0\" width=\"560\"><\/iframe><\/p>\n<p>\u00a0<\/p>\n<p>\u00a0<\/p>\n<p><strong>Ne\u00efla Driss<\/strong><\/p>\n<p>\u00a0 <em>Lire sur le m\u00eame sujet:<\/em><\/p>\n<ul>\n<li><a href=\"http:\/\/www.webdo.tn\/2019\/11\/19\/la-41eme-session-du-festival-international-du-film-du-caire-dediee-a-youssef-cherif-rizkallah\/\" rel=\"bookmark\" title=\"La 41\u00e8me session du Festival International du Film du Caire d\u00e9di\u00e9e \u00e0 Youssef Cherif Rizkallah\">La 41\u00e8me session du Festival International du Film du Caire d\u00e9di\u00e9e \u00e0 Youssef Cherif Rizkallah<\/a><\/li>\n<li><a href=\"http:\/\/www.webdo.tn\/2019\/11\/20\/cinq-films-tunisiens-au-festival-international-du-film-du-caire\/\" rel=\"bookmark\" title=\"Cinq films tunisiens au Festival International du Film du Caire\">Cinq films tunisiens au Festival International du Film du Caire<\/a><\/li>\n<li><a href=\"http:\/\/www.webdo.tn\/2019\/11\/23\/ouverture-du-festival-international-du-film-du-caire\/\" rel=\"bookmark\" title=\"Ouverture du Festival International du Film du Caire\">Ouverture du Festival International du Film du Caire<\/a><\/li>\n<li><a href=\"http:\/\/www.webdo.tn\/2019\/11\/26\/prix-du-meilleur-film-de-la-critique-arabe-pour-le-film-dieu-existe-son-nom-est-petrunya\/\" rel=\"bookmark\" title=\"Prix du Meilleur film de la critique arabe pour le film \u00ab\u00a0Dieu existe, son nom est Petrunya\u00a0\u00bb\">Prix du Meilleur film de la critique arabe pour le film \u00ab\u00a0Dieu existe, son nom est Petrunya\u00a0\u00bb<\/a><\/li>\n<li><a href=\"http:\/\/www.webdo.tn\/2019\/11\/29\/un-fils-de-mehdi-barsaoui-enchante-le-public-du-festival-international-du-caire\/\" rel=\"bookmark\" title=\"\u00ab\u00a0Un fils\u00a0\u00bb de Mehdi Barsaoui enchante le public du Festival International du Film du Caire\">\u00ab\u00a0Un fils\u00a0\u00bb de Mehdi Barsaoui enchante le public du Festival International du Film du Caire<\/a><\/li>\n<li><a href=\"http:\/\/www.webdo.tn\/2019\/12\/01\/le-cinema-tunisien-grand-vainqueur-du-festival-international-du-film-du-caire\/\" rel=\"bookmark\" title=\"Le cin\u00e9ma tunisien grand vainqueur du Festival International du Film du Caire\">Le cin\u00e9ma tunisien grand vainqueur du Festival International du Film du Caire<\/a><\/li>\n<li><a href=\"http:\/\/www.webdo.tn\/2019\/12\/03\/un-fils-de-mehdi-barsaoui-triplement-recompense-au-festival-international-du-film-du-caire\/\" rel=\"bookmark\" title=\"\u00ab\u00a0Un fils\u00a0\u00bb de Mehdi Barsaoui, triplement r\u00e9compens\u00e9 au Festival International du Film du Caire\">\u00ab\u00a0Un fils\u00a0\u00bb de Mehdi Barsaoui, triplement r\u00e9compens\u00e9 au Festival International du Film du Caire<\/a><\/li>\n<li><a href=\"http:\/\/www.webdo.tn\/2019\/12\/08\/le-festival-international-du-film-du-caire-premier-festival-arabe-a-signer-la-charte-du-collectif-50-50\/\" rel=\"bookmark\" title=\"Le Festival International du Film du Caire, premier festival arabe \u00e0 signer la charte du collectif 50\/50.\">Le Festival International du Film du Caire, premier festival arabe \u00e0 signer la charte du collectif 50\/50.<\/a><\/li>\n<li><a href=\"http:\/\/www.webdo.tn\/2019\/12\/09\/des-spectateurs-de-plus-en-plus-nombreux-pour-le-festival-international-du-film-du-caire\/\" rel=\"bookmark\" title=\"Des spectateurs de plus en plus nombreux pour le Festival International du Film du Caire\">Des spectateurs de plus en plus nombreux pour le Festival International du Film du Caire<\/a><\/li>\n<li><a href=\"http:\/\/www.webdo.tn\/2019\/12\/23\/mohamed-hefzy-dans-la-liste-variety-500\/\" rel=\"bookmark\" title=\"Mohamed Hefzy dans la liste Variety 500\">Mohamed Hefzy dans la liste Variety 500<\/a><\/li>\n<li><a href=\"http:\/\/www.webdo.tn\/2020\/01\/07\/najla-ben-abdallah-un-film-qui-sait-toucher-le-public-peut-changer-les-mentalites-et-les-lois\/\" rel=\"bookmark\" title=\"Najla Ben Abdallah\u00a0: un film qui sait toucher le public peut changer les mentalit\u00e9s et les lois\">Najla Ben Abdallah\u00a0: un film qui sait toucher le public peut changer les mentalit\u00e9s et les lois<\/a><\/li>\n<\/ul><\/div>\n<div class=\"coprs\" style=\"text-align: center\"><\/div><\/div>\n","protected":false},"excerpt":{"rendered":"<p>Cairo Je t&rsquo;aime !<\/p>\n","protected":false},"author":3164,"featured_media":292692,"comment_status":"open","ping_status":"closed","sticky":false,"template":"","format":"standard","meta":{"footnotes":""},"categories":[2594],"tags":[3257,9107,2626,2641,3255],"class_list":["post-116679","post","type-post","status-publish","format-standard","has-post-thumbnail","hentry","category-culture","tag-ciff","tag-ciff-2019","tag-cinema","tag-exposition","tag-festival-international-du-film-du-caire"],"yoast_head":"<!-- This site is optimized with the Yoast SEO Premium plugin v27.4 (Yoast SEO v27.4) - https:\/\/yoast.com\/product\/yoast-seo-premium-wordpress\/ -->\n<title>Cairo Je t&#039;aime !<\/title>\n<meta name=\"description\" content=\"Cairo Je t&#039;aime !\" \/>\n<link rel=\"canonical\" href=\"https:\/\/www.webdo.tn\/fr\/actualite\/culture\/cairo-je-taime\/116679\/\" \/>\n<meta property=\"og:locale\" content=\"fr_FR\" \/>\n<meta property=\"og:type\" content=\"article\" \/>\n<meta property=\"og:title\" content=\"Cairo Je t&#039;aime !\" \/>\n<meta property=\"og:description\" content=\"Cairo Je t&#039;aime !\" \/>\n<meta property=\"og:url\" content=\"https:\/\/www.webdo.tn\/fr\/actualite\/culture\/cairo-je-taime\/116679\/\" \/>\n<meta property=\"og:site_name\" content=\"webdo\" \/>\n<meta property=\"article:publisher\" content=\"https:\/\/www.facebook.com\/webdotn\" \/>\n<meta property=\"article:author\" content=\"https:\/\/www.facebook.com\/massir.destiniii\/\" \/>\n<meta property=\"article:published_time\" content=\"2019-11-27T08:39:00+00:00\" \/>\n<meta property=\"og:image\" content=\"https:\/\/www.webdo.tn\/fr\/wp-content\/uploads\/2019\/11\/1ad8a7ad81eff965174f17db2c02fc56.jpeg\" \/>\n\t<meta property=\"og:image:width\" content=\"750\" \/>\n\t<meta property=\"og:image:height\" content=\"400\" \/>\n\t<meta property=\"og:image:type\" content=\"image\/jpeg\" \/>\n<meta name=\"author\" content=\"Ne\u00efla DRISS\" \/>\n<meta name=\"twitter:card\" content=\"summary_large_image\" \/>\n<meta name=\"twitter:creator\" content=\"@https:\/\/x.com\/MassirDestin\" \/>\n<meta name=\"twitter:site\" content=\"@webdo_tn\" \/>\n<meta name=\"twitter:label1\" content=\"\u00c9crit par\" \/>\n\t<meta name=\"twitter:data1\" content=\"Ne\u00efla DRISS\" \/>\n\t<meta name=\"twitter:label2\" content=\"Dur\u00e9e de lecture estim\u00e9e\" \/>\n\t<meta name=\"twitter:data2\" content=\"6 minutes\" \/>\n<script type=\"application\/ld+json\" class=\"yoast-schema-graph\">{\"@context\":\"https:\\\/\\\/schema.org\",\"@graph\":[{\"@type\":\"NewsArticle\",\"@id\":\"https:\\\/\\\/www.webdo.tn\\\/fr\\\/actualite\\\/culture\\\/cairo-je-taime\\\/116679\\\/#article\",\"isPartOf\":{\"@id\":\"https:\\\/\\\/www.webdo.tn\\\/fr\\\/actualite\\\/culture\\\/cairo-je-taime\\\/116679\\\/\"},\"author\":{\"name\":\"Ne\u00efla DRISS\",\"@id\":\"https:\\\/\\\/www.webdo.tn\\\/fr\\\/#\\\/schema\\\/person\\\/60d5ba619ed3f58783b0dc82b7dada80\"},\"headline\":\"Cairo Je t&rsquo;aime !\",\"datePublished\":\"2019-11-27T08:39:00+00:00\",\"mainEntityOfPage\":{\"@id\":\"https:\\\/\\\/www.webdo.tn\\\/fr\\\/actualite\\\/culture\\\/cairo-je-taime\\\/116679\\\/\"},\"wordCount\":1149,\"commentCount\":0,\"publisher\":{\"@id\":\"https:\\\/\\\/www.webdo.tn\\\/fr\\\/#organization\"},\"image\":{\"@id\":\"https:\\\/\\\/www.webdo.tn\\\/fr\\\/actualite\\\/culture\\\/cairo-je-taime\\\/116679\\\/#primaryimage\"},\"thumbnailUrl\":\"https:\\\/\\\/www.webdo.tn\\\/fr\\\/wp-content\\\/uploads\\\/2019\\\/11\\\/1ad8a7ad81eff965174f17db2c02fc56.jpeg\",\"keywords\":[\"CIFF\",\"CIFF 2019\",\"Cin\u00e9ma\",\"exposition\",\"Festival International du Film du Caire\"],\"articleSection\":[\"Culture\"],\"inLanguage\":\"fr-FR\"},{\"@type\":\"WebPage\",\"@id\":\"https:\\\/\\\/www.webdo.tn\\\/fr\\\/actualite\\\/culture\\\/cairo-je-taime\\\/116679\\\/\",\"url\":\"https:\\\/\\\/www.webdo.tn\\\/fr\\\/actualite\\\/culture\\\/cairo-je-taime\\\/116679\\\/\",\"name\":\"Cairo Je t'aime !\",\"isPartOf\":{\"@id\":\"https:\\\/\\\/www.webdo.tn\\\/fr\\\/#website\"},\"primaryImageOfPage\":{\"@id\":\"https:\\\/\\\/www.webdo.tn\\\/fr\\\/actualite\\\/culture\\\/cairo-je-taime\\\/116679\\\/#primaryimage\"},\"image\":{\"@id\":\"https:\\\/\\\/www.webdo.tn\\\/fr\\\/actualite\\\/culture\\\/cairo-je-taime\\\/116679\\\/#primaryimage\"},\"thumbnailUrl\":\"https:\\\/\\\/www.webdo.tn\\\/fr\\\/wp-content\\\/uploads\\\/2019\\\/11\\\/1ad8a7ad81eff965174f17db2c02fc56.jpeg\",\"datePublished\":\"2019-11-27T08:39:00+00:00\",\"description\":\"Cairo Je t'aime !\",\"breadcrumb\":{\"@id\":\"https:\\\/\\\/www.webdo.tn\\\/fr\\\/actualite\\\/culture\\\/cairo-je-taime\\\/116679\\\/#breadcrumb\"},\"inLanguage\":\"fr-FR\",\"potentialAction\":[{\"@type\":\"ReadAction\",\"target\":[\"https:\\\/\\\/www.webdo.tn\\\/fr\\\/actualite\\\/culture\\\/cairo-je-taime\\\/116679\\\/\"]}]},{\"@type\":\"ImageObject\",\"inLanguage\":\"fr-FR\",\"@id\":\"https:\\\/\\\/www.webdo.tn\\\/fr\\\/actualite\\\/culture\\\/cairo-je-taime\\\/116679\\\/#primaryimage\",\"url\":\"https:\\\/\\\/www.webdo.tn\\\/fr\\\/wp-content\\\/uploads\\\/2019\\\/11\\\/1ad8a7ad81eff965174f17db2c02fc56.jpeg\",\"contentUrl\":\"https:\\\/\\\/www.webdo.tn\\\/fr\\\/wp-content\\\/uploads\\\/2019\\\/11\\\/1ad8a7ad81eff965174f17db2c02fc56.jpeg\",\"width\":750,\"height\":400,\"caption\":\"Cairo Je t'aime !\"},{\"@type\":\"BreadcrumbList\",\"@id\":\"https:\\\/\\\/www.webdo.tn\\\/fr\\\/actualite\\\/culture\\\/cairo-je-taime\\\/116679\\\/#breadcrumb\",\"itemListElement\":[{\"@type\":\"ListItem\",\"position\":1,\"name\":\"Accueil\",\"item\":\"https:\\\/\\\/www.webdo.tn\\\/fr\\\/\"},{\"@type\":\"ListItem\",\"position\":2,\"name\":\"Cairo Je t&rsquo;aime !\"}]},{\"@type\":\"WebSite\",\"@id\":\"https:\\\/\\\/www.webdo.tn\\\/fr\\\/#website\",\"url\":\"https:\\\/\\\/www.webdo.tn\\\/fr\\\/\",\"name\":\"webdo\",\"description\":\"Tunisie - News en Tunisie et \u00e0 l&#039;international sur Webdo.tn\",\"publisher\":{\"@id\":\"https:\\\/\\\/www.webdo.tn\\\/fr\\\/#organization\"},\"potentialAction\":[{\"@type\":\"SearchAction\",\"target\":{\"@type\":\"EntryPoint\",\"urlTemplate\":\"https:\\\/\\\/www.webdo.tn\\\/fr\\\/?s={search_term_string}\"},\"query-input\":{\"@type\":\"PropertyValueSpecification\",\"valueRequired\":true,\"valueName\":\"search_term_string\"}}],\"inLanguage\":\"fr-FR\"},{\"@type\":\"Organization\",\"@id\":\"https:\\\/\\\/www.webdo.tn\\\/fr\\\/#organization\",\"name\":\"Webdo\",\"alternateName\":\"Webdo.tn\",\"url\":\"https:\\\/\\\/www.webdo.tn\\\/fr\\\/\",\"logo\":{\"@type\":\"ImageObject\",\"inLanguage\":\"fr-FR\",\"@id\":\"https:\\\/\\\/www.webdo.tn\\\/fr\\\/#\\\/schema\\\/logo\\\/image\\\/\",\"url\":\"https:\\\/\\\/www.webdo.tn\\\/fr\\\/wp-content\\\/uploads\\\/2025\\\/06\\\/Webdo-Tunisie_168377.jpg\",\"contentUrl\":\"https:\\\/\\\/www.webdo.tn\\\/fr\\\/wp-content\\\/uploads\\\/2025\\\/06\\\/Webdo-Tunisie_168377.jpg\",\"width\":301,\"height\":301,\"caption\":\"Webdo\"},\"image\":{\"@id\":\"https:\\\/\\\/www.webdo.tn\\\/fr\\\/#\\\/schema\\\/logo\\\/image\\\/\"},\"sameAs\":[\"https:\\\/\\\/www.facebook.com\\\/webdotn\",\"https:\\\/\\\/x.com\\\/webdo_tn\"],\"description\":\"Webdo est un m\u00e9dia num\u00e9rique tunisien fond\u00e9 en 2010, sp\u00e9cialis\u00e9 dans l\u2019actualit\u00e9 nationale et internationale, l\u2019\u00e9conomie, la soci\u00e9t\u00e9 et les analyses politiques. Le site s\u2019adresse \u00e0 un large public francophone et couvre l\u2019information tunisienne en temps r\u00e9el.\",\"email\":\"redac@webdo.tn\",\"legalName\":\"YNJ SARL\",\"foundingDate\":\"2010-09-06\",\"numberOfEmployees\":{\"@type\":\"QuantitativeValue\",\"minValue\":\"11\",\"maxValue\":\"50\"}},{\"@type\":\"Person\",\"@id\":\"https:\\\/\\\/www.webdo.tn\\\/fr\\\/#\\\/schema\\\/person\\\/60d5ba619ed3f58783b0dc82b7dada80\",\"name\":\"Ne\u00efla DRISS\",\"image\":{\"@type\":\"ImageObject\",\"inLanguage\":\"fr-FR\",\"@id\":\"https:\\\/\\\/www.webdo.tn\\\/fr\\\/wp-content\\\/uploads\\\/2026\\\/04\\\/neila-driss_avatar-96x96.jpg\",\"url\":\"https:\\\/\\\/www.webdo.tn\\\/fr\\\/wp-content\\\/uploads\\\/2026\\\/04\\\/neila-driss_avatar-96x96.jpg\",\"contentUrl\":\"https:\\\/\\\/www.webdo.tn\\\/fr\\\/wp-content\\\/uploads\\\/2026\\\/04\\\/neila-driss_avatar-96x96.jpg\",\"caption\":\"Ne\u00efla DRISS\"},\"description\":\"Ne\u00efla Driss est juriste, journaliste culturelle et critique de cin\u00e9ma tunisienne. Titulaire d\u2019un DEA en droit priv\u00e9 de l\u2019Universit\u00e9 Paris II et d\u2019un DESS de l\u2019IHEC Carthage, elle d\u00e9bute sa carri\u00e8re comme juriste sp\u00e9cialis\u00e9e en gestion de patrimoine immobilier. Elle s\u2019oriente ensuite vers l\u2019\u00e9criture en ligne, o\u00f9 elle se distingue d\u00e8s 2006 aux Tunisia Blog Awards, avant de se consacrer au journalisme culturel, avec une sp\u00e9cialisation dans la critique cin\u00e9matographique. Elle couvre r\u00e9guli\u00e8rement les grands festivals internationaux, notamment le Festival de Cannes, les Journ\u00e9es Cin\u00e9matographiques de Carthage et le Festival du film du Caire. Membre de l\u2019ATPCC et de la FIPRESCI, elle participe \u00e0 des jurys et initiatives internationales de critique. Depuis 2024, elle est \u00e9lectrice internationale aux Golden Globes. Facebook : https:\\\/\\\/www.facebook.com\\\/massir.destiniii\\\/ X : https:\\\/\\\/x.com\\\/MassirDestin\",\"sameAs\":[\"https:\\\/\\\/www.facebook.com\\\/massir.destiniii\\\/\",\"https:\\\/\\\/www.instagram.com\\\/neila.driss\\\/?hl=fr\",\"https:\\\/\\\/www.linkedin.com\\\/in\\\/neila-driss-22606a80\\\/\",\"https:\\\/\\\/x.com\\\/https:\\\/\\\/x.com\\\/MassirDestin\"],\"knowsAbout\":[\"Cin\u00e9ma international\",\"critique cin\u00e9matographique\",\"festivals de cin\u00e9ma\",\"journalisme culturel\"],\"knowsLanguage\":[\"Fran\u00e7ais\",\"Arabe\",\"Anglais\"],\"jobTitle\":\"Journaliste culturelle et critique de cin\u00e9ma\",\"worksFor\":\"Webdo\",\"url\":\"https:\\\/\\\/www.webdo.tn\\\/fr\\\/actualite\\\/author\\\/neila-driss\\\/\"}]}<\/script>\n<!-- \/ Yoast SEO Premium plugin. -->","yoast_head_json":{"title":"Cairo Je t'aime !","description":"Cairo Je t'aime !","canonical":"https:\/\/www.webdo.tn\/fr\/actualite\/culture\/cairo-je-taime\/116679\/","og_locale":"fr_FR","og_type":"article","og_title":"Cairo Je t'aime !","og_description":"Cairo Je t'aime !","og_url":"https:\/\/www.webdo.tn\/fr\/actualite\/culture\/cairo-je-taime\/116679\/","og_site_name":"webdo","article_publisher":"https:\/\/www.facebook.com\/webdotn","article_author":"https:\/\/www.facebook.com\/massir.destiniii\/","article_published_time":"2019-11-27T08:39:00+00:00","og_image":[{"width":750,"height":400,"url":"https:\/\/www.webdo.tn\/fr\/wp-content\/uploads\/2019\/11\/1ad8a7ad81eff965174f17db2c02fc56.jpeg","type":"image\/jpeg"}],"author":"Ne\u00efla DRISS","twitter_card":"summary_large_image","twitter_creator":"@https:\/\/x.com\/MassirDestin","twitter_site":"@webdo_tn","twitter_misc":{"\u00c9crit par":"Ne\u00efla DRISS","Dur\u00e9e de lecture estim\u00e9e":"6 minutes"},"schema":{"@context":"https:\/\/schema.org","@graph":[{"@type":"NewsArticle","@id":"https:\/\/www.webdo.tn\/fr\/actualite\/culture\/cairo-je-taime\/116679\/#article","isPartOf":{"@id":"https:\/\/www.webdo.tn\/fr\/actualite\/culture\/cairo-je-taime\/116679\/"},"author":{"name":"Ne\u00efla DRISS","@id":"https:\/\/www.webdo.tn\/fr\/#\/schema\/person\/60d5ba619ed3f58783b0dc82b7dada80"},"headline":"Cairo Je t&rsquo;aime !","datePublished":"2019-11-27T08:39:00+00:00","mainEntityOfPage":{"@id":"https:\/\/www.webdo.tn\/fr\/actualite\/culture\/cairo-je-taime\/116679\/"},"wordCount":1149,"commentCount":0,"publisher":{"@id":"https:\/\/www.webdo.tn\/fr\/#organization"},"image":{"@id":"https:\/\/www.webdo.tn\/fr\/actualite\/culture\/cairo-je-taime\/116679\/#primaryimage"},"thumbnailUrl":"https:\/\/www.webdo.tn\/fr\/wp-content\/uploads\/2019\/11\/1ad8a7ad81eff965174f17db2c02fc56.jpeg","keywords":["CIFF","CIFF 2019","Cin\u00e9ma","exposition","Festival International du Film du Caire"],"articleSection":["Culture"],"inLanguage":"fr-FR"},{"@type":"WebPage","@id":"https:\/\/www.webdo.tn\/fr\/actualite\/culture\/cairo-je-taime\/116679\/","url":"https:\/\/www.webdo.tn\/fr\/actualite\/culture\/cairo-je-taime\/116679\/","name":"Cairo Je t'aime !","isPartOf":{"@id":"https:\/\/www.webdo.tn\/fr\/#website"},"primaryImageOfPage":{"@id":"https:\/\/www.webdo.tn\/fr\/actualite\/culture\/cairo-je-taime\/116679\/#primaryimage"},"image":{"@id":"https:\/\/www.webdo.tn\/fr\/actualite\/culture\/cairo-je-taime\/116679\/#primaryimage"},"thumbnailUrl":"https:\/\/www.webdo.tn\/fr\/wp-content\/uploads\/2019\/11\/1ad8a7ad81eff965174f17db2c02fc56.jpeg","datePublished":"2019-11-27T08:39:00+00:00","description":"Cairo Je t'aime !","breadcrumb":{"@id":"https:\/\/www.webdo.tn\/fr\/actualite\/culture\/cairo-je-taime\/116679\/#breadcrumb"},"inLanguage":"fr-FR","potentialAction":[{"@type":"ReadAction","target":["https:\/\/www.webdo.tn\/fr\/actualite\/culture\/cairo-je-taime\/116679\/"]}]},{"@type":"ImageObject","inLanguage":"fr-FR","@id":"https:\/\/www.webdo.tn\/fr\/actualite\/culture\/cairo-je-taime\/116679\/#primaryimage","url":"https:\/\/www.webdo.tn\/fr\/wp-content\/uploads\/2019\/11\/1ad8a7ad81eff965174f17db2c02fc56.jpeg","contentUrl":"https:\/\/www.webdo.tn\/fr\/wp-content\/uploads\/2019\/11\/1ad8a7ad81eff965174f17db2c02fc56.jpeg","width":750,"height":400,"caption":"Cairo Je t'aime !"},{"@type":"BreadcrumbList","@id":"https:\/\/www.webdo.tn\/fr\/actualite\/culture\/cairo-je-taime\/116679\/#breadcrumb","itemListElement":[{"@type":"ListItem","position":1,"name":"Accueil","item":"https:\/\/www.webdo.tn\/fr\/"},{"@type":"ListItem","position":2,"name":"Cairo Je t&rsquo;aime !"}]},{"@type":"WebSite","@id":"https:\/\/www.webdo.tn\/fr\/#website","url":"https:\/\/www.webdo.tn\/fr\/","name":"webdo","description":"Tunisie - News en Tunisie et \u00e0 l&#039;international sur Webdo.tn","publisher":{"@id":"https:\/\/www.webdo.tn\/fr\/#organization"},"potentialAction":[{"@type":"SearchAction","target":{"@type":"EntryPoint","urlTemplate":"https:\/\/www.webdo.tn\/fr\/?s={search_term_string}"},"query-input":{"@type":"PropertyValueSpecification","valueRequired":true,"valueName":"search_term_string"}}],"inLanguage":"fr-FR"},{"@type":"Organization","@id":"https:\/\/www.webdo.tn\/fr\/#organization","name":"Webdo","alternateName":"Webdo.tn","url":"https:\/\/www.webdo.tn\/fr\/","logo":{"@type":"ImageObject","inLanguage":"fr-FR","@id":"https:\/\/www.webdo.tn\/fr\/#\/schema\/logo\/image\/","url":"https:\/\/www.webdo.tn\/fr\/wp-content\/uploads\/2025\/06\/Webdo-Tunisie_168377.jpg","contentUrl":"https:\/\/www.webdo.tn\/fr\/wp-content\/uploads\/2025\/06\/Webdo-Tunisie_168377.jpg","width":301,"height":301,"caption":"Webdo"},"image":{"@id":"https:\/\/www.webdo.tn\/fr\/#\/schema\/logo\/image\/"},"sameAs":["https:\/\/www.facebook.com\/webdotn","https:\/\/x.com\/webdo_tn"],"description":"Webdo est un m\u00e9dia num\u00e9rique tunisien fond\u00e9 en 2010, sp\u00e9cialis\u00e9 dans l\u2019actualit\u00e9 nationale et internationale, l\u2019\u00e9conomie, la soci\u00e9t\u00e9 et les analyses politiques. Le site s\u2019adresse \u00e0 un large public francophone et couvre l\u2019information tunisienne en temps r\u00e9el.","email":"redac@webdo.tn","legalName":"YNJ SARL","foundingDate":"2010-09-06","numberOfEmployees":{"@type":"QuantitativeValue","minValue":"11","maxValue":"50"}},{"@type":"Person","@id":"https:\/\/www.webdo.tn\/fr\/#\/schema\/person\/60d5ba619ed3f58783b0dc82b7dada80","name":"Ne\u00efla DRISS","image":{"@type":"ImageObject","inLanguage":"fr-FR","@id":"https:\/\/www.webdo.tn\/fr\/wp-content\/uploads\/2026\/04\/neila-driss_avatar-96x96.jpg","url":"https:\/\/www.webdo.tn\/fr\/wp-content\/uploads\/2026\/04\/neila-driss_avatar-96x96.jpg","contentUrl":"https:\/\/www.webdo.tn\/fr\/wp-content\/uploads\/2026\/04\/neila-driss_avatar-96x96.jpg","caption":"Ne\u00efla DRISS"},"description":"Ne\u00efla Driss est juriste, journaliste culturelle et critique de cin\u00e9ma tunisienne. Titulaire d\u2019un DEA en droit priv\u00e9 de l\u2019Universit\u00e9 Paris II et d\u2019un DESS de l\u2019IHEC Carthage, elle d\u00e9bute sa carri\u00e8re comme juriste sp\u00e9cialis\u00e9e en gestion de patrimoine immobilier. Elle s\u2019oriente ensuite vers l\u2019\u00e9criture en ligne, o\u00f9 elle se distingue d\u00e8s 2006 aux Tunisia Blog Awards, avant de se consacrer au journalisme culturel, avec une sp\u00e9cialisation dans la critique cin\u00e9matographique. Elle couvre r\u00e9guli\u00e8rement les grands festivals internationaux, notamment le Festival de Cannes, les Journ\u00e9es Cin\u00e9matographiques de Carthage et le Festival du film du Caire. Membre de l\u2019ATPCC et de la FIPRESCI, elle participe \u00e0 des jurys et initiatives internationales de critique. Depuis 2024, elle est \u00e9lectrice internationale aux Golden Globes. Facebook : https:\/\/www.facebook.com\/massir.destiniii\/ X : https:\/\/x.com\/MassirDestin","sameAs":["https:\/\/www.facebook.com\/massir.destiniii\/","https:\/\/www.instagram.com\/neila.driss\/?hl=fr","https:\/\/www.linkedin.com\/in\/neila-driss-22606a80\/","https:\/\/x.com\/https:\/\/x.com\/MassirDestin"],"knowsAbout":["Cin\u00e9ma international","critique cin\u00e9matographique","festivals de cin\u00e9ma","journalisme culturel"],"knowsLanguage":["Fran\u00e7ais","Arabe","Anglais"],"jobTitle":"Journaliste culturelle et critique de cin\u00e9ma","worksFor":"Webdo","url":"https:\/\/www.webdo.tn\/fr\/actualite\/author\/neila-driss\/"}]}},"_links":{"self":[{"href":"https:\/\/www.webdo.tn\/fr\/wp-json\/wp\/v2\/posts\/116679","targetHints":{"allow":["GET"]}}],"collection":[{"href":"https:\/\/www.webdo.tn\/fr\/wp-json\/wp\/v2\/posts"}],"about":[{"href":"https:\/\/www.webdo.tn\/fr\/wp-json\/wp\/v2\/types\/post"}],"author":[{"embeddable":true,"href":"https:\/\/www.webdo.tn\/fr\/wp-json\/wp\/v2\/users\/3164"}],"replies":[{"embeddable":true,"href":"https:\/\/www.webdo.tn\/fr\/wp-json\/wp\/v2\/comments?post=116679"}],"version-history":[{"count":0,"href":"https:\/\/www.webdo.tn\/fr\/wp-json\/wp\/v2\/posts\/116679\/revisions"}],"wp:featuredmedia":[{"embeddable":true,"href":"https:\/\/www.webdo.tn\/fr\/wp-json\/wp\/v2\/media\/292692"}],"wp:attachment":[{"href":"https:\/\/www.webdo.tn\/fr\/wp-json\/wp\/v2\/media?parent=116679"}],"wp:term":[{"taxonomy":"category","embeddable":true,"href":"https:\/\/www.webdo.tn\/fr\/wp-json\/wp\/v2\/categories?post=116679"},{"taxonomy":"post_tag","embeddable":true,"href":"https:\/\/www.webdo.tn\/fr\/wp-json\/wp\/v2\/tags?post=116679"}],"curies":[{"name":"wp","href":"https:\/\/api.w.org\/{rel}","templated":true}]}}