{"id":116614,"date":"2022-05-09T09:04:00","date_gmt":"2022-05-09T09:04:00","guid":{"rendered":"https:\/\/www.webdo.tn\/fr\/blog\/cannes-2022-affiches-et-synopsis-des-longs-metrages-en-competition-officielle\/116614\/"},"modified":"2025-05-17T20:49:01","modified_gmt":"2025-05-17T20:49:01","slug":"cannes-2022-affiches-et-synopsis-des-longs-metrages-en-competition-officielle","status":"publish","type":"post","link":"https:\/\/www.webdo.tn\/fr\/actualite\/culture\/cannes-2022-affiches-et-synopsis-des-longs-metrages-en-competition-officielle\/116614\/","title":{"rendered":"Cannes 2022 &#8211; Affiches et synopsis des longs m\u00e9trages en comp\u00e9tition officielle"},"content":{"rendered":"<div class=\"single-body entry-content typography-copy\" itemprop=\"articleBody\">\n<p style=\"font-weight: bold; text-align: justify\">\n<div class=\"coprs\" style=\"text-align: center\"><\/div>\n<div class=\"coprs\" style=\"text-align: justify\">\n<p>\u00a0<\/p>\n<p><img decoding=\"async\" alt=\"Cannes 2022\" height=\"563\" src=\"https:\/\/www.webdo.tn\/wp-content\/uploads\/2022\/04\/CANNES-2022-SIGNATURE-Violet.jpg\" width=\"150\"><\/p>\n<p>Plus que quelques jours et d\u00e9butera l&rsquo;\u00e9v\u00e8nement annuel le plus attendu par tous les cin\u00e9philes du monde: le festival de Cannes, dont la 75\u00e8me \u00e9dition se d\u00e9roulera du 17 au 28 mai 2022.<\/p>\n<p>Les films s\u00e9lectionn\u00e9s par le festival de Cannes sont pour la grande majorit\u00e9 d&rsquo;entre eux, ceux qui feront le plus parler d&rsquo;eux pendant au moins une ann\u00e9e, et qui seront parmi ceux qui seront les plus c\u00e9l\u00e9br\u00e9s et les plus prim\u00e9s de part le monde.<\/p>\n<p><a href=\"https:\/\/www.webdo.tn\/2022\/04\/14\/cannes-2022-une-premiere-partie-de-la-selection-officielle-annoncee\/\">Une premi\u00e8re partie de la s\u00e9lection officielle avait \u00e9t\u00e9 annonc\u00e9e lors d&rsquo;une conf\u00e9rence de presse en date du 14 avril<\/a>, et compl\u00e9t\u00e9e les jours suivants.<\/p>\n<p>Pour cette \u00e9dition, qui s&rsquo;ouvrira avec le film en hors comp\u00e9tition \u00ab\u00a0Coupez! de Michel HAZANAVICIUS, <a href=\"https:\/\/www.webdo.tn\/2022\/04\/26\/cannes-2022-vincent-lindo-presidera-le-jury-longs-metrages\/\">les membres du jury longs m\u00e9trages, pr\u00e9sid\u00e9 par l&rsquo;acteur fran\u00e7ais Vincent Lindon<\/a>, devront choisir les laur\u00e9ats parmi 21 films en comp\u00e9tition, pr\u00e9sent\u00e9s ci-dessous en d\u00e9tails.<\/p>\n<p>Cette ann\u00e9e encore, seulement 5 r\u00e9alisatrices. Une de plus qu&rsquo;en 2021, mais c&rsquo;est encore tr\u00e8s loin de la parit\u00e9, malgr\u00e9 les diverses promesses d&rsquo;encourager les films faits par des femmes.<\/p>\n<h2><span><strong>Le film d&rsquo;ouverture:\u00a0<\/strong><\/span><\/h2>\n<p><strong><em>COUPEZ !<\/em> de\u00a0Michel Hazanavicius<\/strong>, avec\u00a0Matilda Lutz,\u00a0B\u00e9r\u00e9nice Bejo et Romain Duris (France).<\/p>\n<div class=\"titlebar\">\n<p>SYNOPSIS Un tournage de film de zombies dans un b\u00e2timent d\u00e9saffect\u00e9. Entre techniciens blas\u00e9s et acteurs pas vraiment concern\u00e9s, seul le r\u00e9alisateur semble investi de l\u2019\u00e9nergie n\u00e9cessaire pour donner vie \u00e0 un \u00e9ni\u00e8me film d&rsquo;horreur \u00e0 petit budget. L\u2019irruption d\u2019authentiques morts-vivants va perturber le tournage\u2026<\/p>\n<\/div>\n<h2><span><strong>Les films en comp\u00e9tition:<\/strong><\/span><\/h2>\n<ul>\n<li>\n<h4><strong>HOLY SPIDER:<\/strong><\/h4>\n<\/li>\n<\/ul>\n<p><img decoding=\"async\" alt=\"Cannes 2022 S\u00e9lection\" height=\"688\" src=\"https:\/\/www.webdo.tn\/wp-content\/uploads\/2022\/05\/Selection-1-Holy-Spider-819x1024.jpg\" width=\"550\"><br \/>\nCannes 2022 &#8211; Holy Spider de Ali ABBASI<\/p>\n<p>\u00a0<\/p>\n<p><strong><em>HOLY SPIDER (LES NUITS DE MASHHAD)<\/em> du r\u00e9alisateur et sc\u00e9nariste iranien Ali Abbasi<\/strong>, avec\u00a0Mehdi Bajestani,\u00a0Zar Amir Ebrahimi et Nima Akbarpour (Danemark, Allemagne, Su\u00e8de, France &#8211; Tournage en Jordanie).<\/p>\n<div class=\"meta-body-actor meta-body-item\">\n<div class=\"titlebar\">\n<p>SYNOPSIS: Iran 2001, une journaliste de T\u00e9h\u00e9ran plonge dans les faubourgs les plus mal fam\u00e9s de la ville sainte de Mashhad pour enqu\u00eater sur une s\u00e9rie de f\u00e9minicides. Elle va s\u2019apercevoir rapidement que les autorit\u00e9s locales ne sont pas press\u00e9es de voir l\u2019affaire r\u00e9solue. Ces crimes seraient l\u2019\u0153uvre d\u2019un seul homme, qui pr\u00e9tend purifier la ville de ses p\u00e9ch\u00e9s, en s\u2019attaquant la nuit aux prostitu\u00e9es.<\/p>\n<ul>\n<li>\n<h4><strong>LES AMANDIERS:<\/strong><\/h4>\n<\/li>\n<\/ul>\n<\/div>\n<\/div>\n<p><img decoding=\"async\" alt=\"cannes 2022 S\u00e9lection\" height=\"688\" src=\"https:\/\/www.webdo.tn\/wp-content\/uploads\/2022\/05\/Selection-2-Les-amandiers-819x1024.jpg\" width=\"550\"><br \/>\nCannes 2022 &#8211; Les amandiers de Valeria BRUNI TEDESCHI<\/p>\n<p><strong><em>LES AMANDIERS<\/em> de\u00a0Valeria Bruni Tedeschi<\/strong>, avec\u00a0Louis Garrel,\u00a0Micha Lescot et\u00a0Nadia Tereszkiewicz (France).<\/p>\n<div>\n<div class=\"titlebar\">\n<p>SYNOPSIS: Fin des ann\u00e9es 80, Stella, Etienne, Ad\u00e8le et toute la troupe ont vingt ans. Ils passent le concours d\u2019entr\u00e9e de la c\u00e9l\u00e8bre \u00e9cole cr\u00e9\u00e9e par Patrice Ch\u00e9reau et Pierre Romans au th\u00e9\u00e2tre des Amandiers de Nanterre. Lanc\u00e9s \u00e0 pleine vitesse dans la vie, la passion, le jeu, l\u2019amour, ensemble ils vont vivre le tournant de leur vie mais aussi leurs premi\u00e8res grandes trag\u00e9dies.<\/p>\n<ul>\n<li>\n<h4><strong>LES CRIMES DU FUTUR:<\/strong><\/h4>\n<\/li>\n<\/ul>\n<\/div>\n<\/div>\n<p><img decoding=\"async\" alt=\"cannes 2022 S\u00e9lection\" height=\"747\" src=\"https:\/\/www.webdo.tn\/wp-content\/uploads\/2022\/05\/Selection-3-Les-crimes-du-futur-754x1024.jpg\" width=\"550\"><br \/>\nCannes 2022 &#8211; Les crimes du futur, r\u00e9alis\u00e9 par David CRONENBERG<\/p>\n<p><strong><em>LES CRIMES DU FUTUR<\/em> de\u00a0David Cronenberg<\/strong>, avec\u00a0Viggo Mortensen,\u00a0L\u00e9a Seydoux,\u00a0Kristen Stewart (Gr\u00e8ce,\u00a0Canada).<\/p>\n<div>\n<div class=\"content-txt\">SYNOPSIS: Alors que l\u2019esp\u00e8ce humaine s\u2019adapte \u00e0 un environnement de synth\u00e8se, le corps humain est l\u2019objet de transformations et de mutations nouvelles. Avec la complicit\u00e9 de sa partenaire Caprice, Saul Tenser, c\u00e9l\u00e8bre artiste performer, met en sc\u00e8ne la m\u00e9tamorphose de ses organes dans des spectacles d\u2019avant-garde. Timlin, une enqu\u00eatrice du Bureau du Registre National des Organes, suit de pr\u00e8s leurs pratiques. C\u2019est alors qu\u2019un groupe myst\u00e9rieux se manifeste : ils veulent profiter de la notori\u00e9t\u00e9 de Saul pour r\u00e9v\u00e9ler au monde la prochaine \u00e9tape de l\u2019\u00e9volution humaine\u2026<\/p>\n<ul>\n<li>\n<h4><strong>TORI ET LOKITA<\/strong><\/h4>\n<\/li>\n<\/ul>\n<\/div>\n<\/div>\n<p><img decoding=\"async\" alt=\"Cannes 2022 S\u00e9lection\" height=\"550\" src=\"https:\/\/www.webdo.tn\/wp-content\/uploads\/2022\/05\/Selection-4-Tori-et-Lokita.jpg\" width=\"550\"><br \/>\nCannes 2022 &#8211; Tori et Lokita de Jean-Pierre et Luc DARDENNE<\/p>\n<p><strong><em>TORI ET LOKITA<\/em> de\u00a0Luc Dardenne et\u00a0Jean-Pierre Dardenne<\/strong>, avec\u00a0Pablo Schils,\u00a0Joely Mbundu et\u00a0Claire Bodson (France,\u00a0Belgique).<\/p>\n<div>SYNOPSIS:<\/div>\n<div>\n<div class=\"titlebar\">\n<p>Aujourd\u2019hui en Belgique, un jeune gar\u00e7on et une adolescente venus seuls d\u2019Afrique opposent leur invincible amiti\u00e9 aux difficiles conditions de leur exil.<\/p>\n<ul>\n<li>\n<h4><strong>STARS AT NOON:<\/strong><\/h4>\n<\/li>\n<\/ul>\n<\/div>\n<\/div>\n<p><img decoding=\"async\" alt=\"Cannes 2022 S\u00e9lection\" height=\"688\" src=\"https:\/\/www.webdo.tn\/wp-content\/uploads\/2022\/05\/Selection-5-Stars-at-noon-819x1024.jpg\" width=\"550\"><br \/>\nCannes 2022 &#8211; Stars at noon de Claire DENIS<\/p>\n<p><strong><em>STARS AT NOON<\/em> de\u00a0Claire Denis<\/strong>, avec\u00a0Margaret Qualley,\u00a0Joe Alwyn et\u00a0Danny Ramirez (USA).<\/p>\n<div>SYNOPSIS: Une jeune journaliste am\u00e9ricaine en d\u00e9tresse bloqu\u00e9e sans passeport dans le Nicaragua d\u2019aujourd\u2019hui en pleine p\u00e9riode \u00e9lectorale rencontre dans un bar d\u2019h\u00f4tel un voyageur anglais. Il lui semble \u00eatre l\u2019homme r\u00eav\u00e9 pour l\u2019aider \u00e0 fuir le pays. Elle r\u00e9alise trop tard qu\u2019au contraire, elle entre \u00e0 ses c\u00f4t\u00e9s dans un monde plus trouble, plus dangereux.<\/div>\n<ul>\n<li>\n<h4><strong>FR\u00c8RE ET SOEUR:<\/strong><\/h4>\n<\/li>\n<\/ul>\n<p><img decoding=\"async\" alt=\"Cannes 2022 S\u00e9lection\" height=\"748\" src=\"https:\/\/www.webdo.tn\/wp-content\/uploads\/2022\/05\/Selection-6-frere-et-soeur.jpg\" width=\"550\"><br \/>\nCannes 2022 &#8211; Fr\u00e8re et soeur de Arnaud DESPLECHIN<\/p>\n<p><strong><em>FR\u00c8RE ET SOEUR<\/em> de\u00a0Arnaud Desplechin<\/strong>, avec\u00a0Marion Cotillard,\u00a0Melvil Poupaud et\u00a0Patrick Timsit (France).<\/p>\n<div>\n<div class=\"content-txt\">SYNOPSIS: Un fr\u00e8re et une s\u0153ur \u00e0 l\u2019or\u00e9e de la cinquantaine\u2026 Alice est actrice, Louis fut professeur et po\u00e8te. Alice hait son fr\u00e8re depuis plus de vingt ans. Ils ne se sont pas vus depuis tout ce temps \u2013 quand Louis croisait la s\u0153ur par hasard dans la rue, celle-ci ne le saluait pas et fuyait\u2026 Le fr\u00e8re et la s\u0153ur vont \u00eatre amen\u00e9s \u00e0 se revoir lors du d\u00e9c\u00e8s de leurs parents.<\/p>\n<ul>\n<li>\n<h4><strong>CLOSE:<\/strong><\/h4>\n<\/li>\n<\/ul>\n<p><img decoding=\"async\" alt=\"Cannes 2022 S\u00e9lection\" height=\"646\" src=\"https:\/\/www.webdo.tn\/wp-content\/uploads\/2022\/05\/Selection-7-Close.jpg\" width=\"550\"><br \/>\nCannes 2022 &#8211; Close de Lukas DHONT[\/caption]<\/p>\n<h4>\u00a0<\/h4>\n<\/div>\n<\/div>\n<p><strong><em>CLOSE<\/em> de\u00a0Lukas Dhont<\/strong>, avec\u00a0Eden Dambrine,\u00a0Igor Van Dessel et\u00a0Emilie Dequenne (Pays Bas, France,\u00a0Belgique).<\/p>\n<div>SYNOPSIS:<\/div>\n<div>\n<div class=\"content-txt\">L\u00e9o et R\u00e9mi, 13 ans, sont amis depuis toujours. Jusqu&rsquo;\u00e0 ce qu&rsquo;un \u00e9v\u00e9nement impensable les s\u00e9pare. L\u00e9o se rapproche alors de Sophie, la m\u00e8re de R\u00e9mi, pour essayer de comprendre\u2026<\/p>\n<ul>\n<li>\n<h4><strong>ARMAGEDDON TIME:<\/strong><\/h4>\n<\/li>\n<\/ul>\n<\/div>\n<\/div>\n<p><img decoding=\"async\" alt=\"Cannes 2022 S\u00e9lection\" height=\"719\" src=\"https:\/\/www.webdo.tn\/wp-content\/uploads\/2022\/05\/Selection-8-Armageddon-Time.jpg\" width=\"550\"><br \/>\nCannes 2022 &#8211; Armageddon Time de James GRAY<\/p>\n<p><strong><em>ARMAGEDDON TIME<\/em> de James Gray<\/strong>, avec\u00a0Anne Hathaway,\u00a0Anthony Hopkins et Jeremy Strong (USA).<\/p>\n<div>\n<div class=\"titlebar\">\n<p>SYNOPSIS: Milieu des ann\u00e9es 1980, le quartier du Queens \u00e0 New York est sous l&rsquo;h\u00e9g\u00e9monie du promoteur immobilier Fred Trump, p\u00e8re de Donald Trump, le futur pr\u00e9sident des Etats-Unis. Un adolescent \u00e9tudie au sein du lyc\u00e9e de Kew-Forest School dont le p\u00e8re Trump si\u00e8ge au conseil d&rsquo;administration de l&rsquo;\u00e9cole et dont Donald Trump est un ancien \u00e9l\u00e8ve.<\/p>\n<ul>\n<li>\n<h4><strong>BROKER (LES BONNES \u00c9TOILES):<\/strong><\/h4>\n<\/li>\n<\/ul>\n<\/div>\n<p><img decoding=\"async\" alt=\"Cannes 2022 - S\u00e9lection\" height=\"688\" src=\"https:\/\/www.webdo.tn\/wp-content\/uploads\/2022\/05\/Selection-9-Broker-819x1024.jpg\" width=\"550\"><br \/>\nCannes 2022 &#8211; Broker de KORE-EDA Hirokazu<\/p>\n<p><strong><em>BROKER (LES BONNES \u00c9TOILES)<\/em> de Hirokazu Kore-eda<\/strong>, avec\u00a0Song Kang-Ho,\u00a0Doona Bae,\u00a0Dong-won Gang (Japon, Cor\u00e9e du Sud).<\/p>\n<div>\n<div class=\"content-txt\">Synopsis: Des bo\u00eetes sont mises \u00e0 la disposition de parents souhaitant abandonner en toute discr\u00e9tion leurs b\u00e9b\u00e9s.<\/p>\n<ul>\n<li>\n<h4><strong>NOSTALGIA:<\/strong><\/h4>\n<\/li>\n<\/ul>\n<\/div>\n<\/div>\n<p><img decoding=\"async\" alt=\"Cannes 2022 S\u00e9lection\" height=\"786\" src=\"https:\/\/www.webdo.tn\/wp-content\/uploads\/2022\/05\/Selection-10-Nostalgia.jpg\" width=\"550\"><br \/>\nCannes 2022 &#8211; Nostalgia de Mario MARTONE<\/p>\n<p><strong><em>NOSTALGIA<\/em> de\u00a0Mario Martone<\/strong>, avec\u00a0Pierfrancesco Favino,\u00a0Sofia Essa\u00efdi et\u00a0Tommaso Ragno (France,\u00a0Italie).<\/p>\n<div>SYNOPSIS:<\/div>\n<div>\n<div class=\"content-txt\">Apr\u00e8s 40 ans d&rsquo;absence, Felice retourne dans sa ville natale : Naples. Il red\u00e9couvre les lieux, les codes de la ville et un pass\u00e9 qui le ronge.<\/p>\n<ul>\n<li>\n<h4><strong>R.M.N.:<\/strong><\/h4>\n<\/li>\n<\/ul>\n<\/div>\n<\/div>\n<p><img decoding=\"async\" alt=\"Cannes 2022 Un Certain regard\" height=\"420\" src=\"https:\/\/www.webdo.tn\/wp-content\/uploads\/2022\/05\/Selection-11-RMN-Cristian-Mungiu-1.jpg\" width=\"551\"><br \/>\nCannes 2022 &#8211; RMN de Cristian MUNGIU<\/p>\n<p><strong><em>R.M.N.<\/em> de Cristian Mungiu<\/strong>, avec\u00a0Marin Grigore,\u00a0Judith State et\u00a0Andras Hathazi (Belgique,\u00a0France,\u00a0Roumanie).<\/p>\n<div class=\"meta-body-actor meta-body-item\">\n<div class=\"titlebar\">\n<p>SYNOPSIS: Quelques jours avant No\u00ebl, Matthias est de retour dans son village natal, multiethnique, de Transylvanie, apr\u00e8s avoir quitt\u00e9 son emploi en Allemagne. Il s\u2019inqui\u00e8te pour son fils, Rudi, qui grandit sans lui, pour son p\u00e8re, Otto, rest\u00e9 seul et il souhaite revoir Csilla, son ex-petite amie. Il tente de s&rsquo;impliquer davantage dans l&rsquo;\u00e9ducation du gar\u00e7on qui est rest\u00e9 trop longtemps \u00e0 la charge de sa m\u00e8re, Ana, et veut l\u2019aider \u00e0 surpasser ses angoisses irrationnelles. Quand l\u2019usine que Csilla dirige d\u00e9cide de recruter des employ\u00e9s \u00e9trangers, la paix de la petite communaut\u00e9 est troubl\u00e9e, les angoisses gagnent aussi les adultes. Les frustrations, les conflits et les passions refont surface, brisant le semblant de paix dans la communaut\u00e9.<\/p>\n<ul>\n<li>\n<h4><strong>TRIANGLE OF SADNESS:<\/strong><\/h4>\n<\/li>\n<\/ul>\n<p><img decoding=\"async\" alt=\"Cannes 2022 - s\u00e9lection\" height=\"550\" src=\"https:\/\/www.webdo.tn\/wp-content\/uploads\/2022\/05\/Selection-12-Triangle-of-sadness-1024x1024.jpg\" width=\"550\"><br \/>\nCannes 2022 &#8211; Triangle of sadness de Ruben \u00d6STLUND<\/p>\n<h4>\u00a0<\/h4>\n<p><strong><em>TRIANGLE OF SADNESS<\/em> de\u00a0Ruben \u00d6stlund<\/strong>, avec\u00a0Harris Dickinson,\u00a0Charlbi Dean Kriek,\u00a0Woody Harrelson (Gr\u00e8ce,\u00a0USA, Royaume Uni, France, Su\u00e8de).<\/p>\n<div>\n<div class=\"titlebar\">\n<p>SYNOPSIS: Apr\u00e8s la Fashion Week, Carl et Yaya, couple de mannequins et influenceurs, sont invit\u00e9s sur un yacht pour une croisi\u00e8re de luxe. Tandis que l\u2019\u00e9quipage est aux petits soins avec les vacanciers, le capitaine refuse de sortir de sa cabine alors que le fameux d\u00eener de gala approche. Les \u00e9v\u00e9nements prennent une tournure inattendue et les rapports de force s&rsquo;inversent lorsqu&rsquo;une temp\u00eate se l\u00e8ve et met en danger le confort des passagers.<\/p>\n<ul>\n<li>\n<h4><strong>HAEOJIL GYEOLSIM (Decision to leave):<\/strong><\/h4>\n<\/li>\n<\/ul>\n<\/div>\n<p><img decoding=\"async\" alt=\"Cannes 2022 S\u00e9lection \" height=\"550\" src=\"https:\/\/www.webdo.tn\/wp-content\/uploads\/2022\/05\/Selection-13-Decision-to-leave.jpg\" width=\"550\"><br \/>\nCannes 2022 &#8211; Haeojil Gyeolsim (Decision to leave) de PARK Chan-Wook<\/p>\n<p><strong><em>HAEOJIL GYEOLSIM (Decision to leave)<\/em> de\u00a0Chan-Wook Park<\/strong>, avec\u00a0Tang Wei,\u00a0Go Kyung-pyo et\u00a0Park Hae-il (Cor\u00e9e du Sud).<\/p>\n<div>SYNOPSIS:<\/div>\n<div>\n<div class=\"titlebar\">\n<p>Hae-Joon, d\u00e9tective chevronn\u00e9, enqu\u00eate sur la mort suspecte d\u2019un homme survenue au sommet d\u2019une montagne. Bient\u00f4t, il commence \u00e0 soup\u00e7onner Sore, la femme du d\u00e9funt, tout en \u00e9tant d\u00e9stabilis\u00e9 par son attirance pour elle.<\/p>\n<ul>\n<li>\n<h4><strong>SHOWING UP:<\/strong><\/h4>\n<\/li>\n<\/ul>\n<\/div>\n<p><img decoding=\"async\" alt=\"Cannes 2022 S\u00e9lection\" height=\"368\" src=\"https:\/\/www.webdo.tn\/wp-content\/uploads\/2022\/05\/Selection-14-showing-up-1024x683.jpg\" width=\"551\"><br \/>\nCannes 2022 &#8211; Showing Up de Kelly REICHARDT<\/p>\n<p><strong><em>SHOWING UP<\/em> de\u00a0Kelly Reichardt<\/strong>, avec\u00a0Michelle Williams,\u00a0Hong Chau et\u00a0Judd Hirsch (USA).<\/p>\n<div>SYNOPSIS:<\/div>\n<div>\n<div class=\"titlebar\">\n<p>Avant le vernissage de son exposition, le quotidien d&rsquo;une artiste et son rapport aux autres, le chaos de sa vie va devenir sa source d&rsquo;inspiration&#8230;<\/p>\n<ul>\n<li>\n<h4><strong>LEILA&rsquo;S BROTHERS:<\/strong><\/h4>\n<\/li>\n<\/ul>\n<\/div>\n<p><img decoding=\"async\" alt=\"Cannes 2022 S\u00e9lection\" height=\"619\" src=\"https:\/\/www.webdo.tn\/wp-content\/uploads\/2022\/05\/Selection-15-Leilas-Brothers.jpg\" width=\"550\"><br \/>\nCannes 2022 &#8211; Leila&rsquo;s brothers de Saeed ROUSTAEE<\/p>\n<p><strong><em>LEILA&rsquo;S BROTHERS<\/em> de\u00a0Saeed Roustaee<\/strong>, avec\u00a0Navid Mohammadzadeh,\u00a0Taraneh Alidoosti et\u00a0Saeed Poursamimi (Iran).<\/p>\n<ul>\n<li>\n<h4><strong>BOY FROM HEAVEN<\/strong><\/h4>\n<\/li>\n<\/ul>\n<p><img decoding=\"async\" alt=\"Cannes 2022 S\u00e9lection\" height=\"309\" src=\"https:\/\/www.webdo.tn\/wp-content\/uploads\/2022\/05\/selection-16-Boy-of-Heaven-1024x576.jpg\" width=\"549\"><br \/>\nCannes 2022 &#8211; Boy from Heaven de Tarik SALEH<\/p>\n<p><strong><em>BOY FROM HEAVEN<\/em> de\u00a0Tarik Saleh<\/strong>, avec\u00a0Tawfeek Barhom,\u00a0Fares Fares et\u00a0Mohammad Bakri (Su\u00e8de).<\/p>\n<div>SYNOPSIS:<\/div>\n<div>Adam, simple fils de p\u00eacheur, int\u00e8gre la prestigieuse universit\u00e9 Al-Azhar du Caire, \u00e9picentre du pouvoir de l&rsquo;Islam sunnite. Le jour de la rentr\u00e9e, le Grand Imam \u00e0 la t\u00eate de l&rsquo;institution meurt soudainement. Adam se retrouve alors, \u00e0 son insu, au c\u0153ur d&rsquo;une lutte de pouvoir implacable entre les \u00e9lites religieuse et politique du pays.<\/p>\n<ul>\n<li>\n<h4><strong>MADAME TCHA\u00cfKOVSKI:<\/strong><\/h4>\n<\/li>\n<\/ul>\n<p><img decoding=\"async\" alt=\"Cannes 2022 S\u00e9lection\" height=\"552\" src=\"https:\/\/www.webdo.tn\/wp-content\/uploads\/2022\/05\/Selection-17-Madame-Tachaikovski-1021x1024.jpg\" width=\"550\"><br \/>\nCannes 2022 &#8211; Zhena Chaikovskogo (Madame Tcha\u00efkovski) de Kirill SEREBRENNIKOV<\/p>\n<p><em><strong>ZHENA CHAIKOVSKOGO (Madame Tcha\u00efkovski)<\/strong><\/em> <strong>de Kirill SEREBRENNIKOV,<\/strong> avec Odin Lund Biron,\u00a0Alyona Mikhailova,\u00a0Ekaterina Ermishina (Suisse,\u00a0France,\u00a0Russie). SYNOPSIS: Russie, 19\u00e8me si\u00e8cle. Antonina Miliukova, jeune femme ais\u00e9e et brillante, \u00e9pouse le compositeur Piotr Tcha\u00efkovski. Mais l\u2019amour qu\u2019elle lui porte tourne \u00e0 l\u2019obsession et la jeune femme est violemment rejet\u00e9e. Consum\u00e9e par ses sentiments, Antonina accepte de tout endurer pour rester aupr\u00e8s de lui.<\/p>\n<ul>\n<li>\n<h4><strong>PACIFICTION (TOURMENT SUR LES \u00ceLES):<\/strong><\/h4>\n<\/li>\n<\/ul>\n<\/div>\n<\/div>\n<\/div>\n<p><img decoding=\"async\" alt=\"Cannes 2022 S\u00e9lection\" height=\"289\" src=\"https:\/\/www.webdo.tn\/wp-content\/uploads\/2022\/05\/Selection-18-PACIFICTION-%E2%80%93-TOURMENT-SUR-LES-ILES-1024x538.jpg\" width=\"550\"><br \/>\nCannes 2022 &#8211; Pacifiction de Albert SERRA<\/p>\n<p><em><strong>PACIFICTION (TOURMENT SUR LES \u00ceLES)<\/strong><\/em><strong> d&rsquo;Albert SERRA<\/strong>, avec Beno\u00eet Magimel, Pahoa Mahagafanau et Matahi Pambrun (France, Allemagne,\u00a0Portugal, Espagne). SYNOPSIS: Sur l\u2019\u00eele de Tahiti, en Polyn\u00e9sie fran\u00e7aise, le Haut-Commissaire de la R\u00e9publique De Roller, repr\u00e9sentant de l\u2019\u00c9tat Fran\u00e7ais, est un homme de calcul aux mani\u00e8res parfaites. Dans les r\u00e9ceptions officielles comme les \u00e9tablissements interlopes, il prend constamment le pouls d\u2019une population locale d\u2019o\u00f9 la col\u00e8re peut \u00e9merger \u00e0 tout moment. D\u2019autant plus qu\u2019une rumeur se fait insistante : on aurait aper\u00e7u un sous-marin dont la pr\u00e9sence fantomatique annoncerait une reprise des essais nucl\u00e9aires fran\u00e7ais.<\/p>\n<ul>\n<li>\n<h4><strong>UN PETIT FR\u00c8RE:<\/strong><\/h4>\n<\/li>\n<\/ul>\n<\/div>\n<\/div>\n<p><img decoding=\"async\" alt=\"Cannes 2022 S\u00e9lection\" height=\"688\" src=\"https:\/\/www.webdo.tn\/wp-content\/uploads\/2022\/05\/Selection-19-Un-petit-frere.jpg\" width=\"550\"><br \/>\nCannes 2022 &#8211; Un petit fr\u00e8re de L\u00e9onor SERRAILLE<\/p>\n<p><em><strong>UN PETIT FR\u00c8RE<\/strong><\/em><strong> de L\u00e9onor Serraille<\/strong>, avec Annabelle Lengronne,\u00a0Ahmed Sylla,\u00a0St\u00e9phane Bak (France). SYNOPSIS: A la fin des ann\u00e9es 1980, Rose, d\u2019origine ivoirienne, arrive en France et emm\u00e9nage en banlieue parisienne avec ses deux fils, Ernest et Jean. De cette installation jusqu\u2019\u00e0 nos jours, le portrait d&rsquo;une famille ordinaire.<\/p>\n<ul>\n<li>\n<h4><strong>EO (HI-HAN):<\/strong><\/h4>\n<\/li>\n<\/ul>\n<\/div>\n<\/div>\n<p><img decoding=\"async\" alt=\"Cannes 2022 S\u00e9lection\" height=\"776\" src=\"https:\/\/www.webdo.tn\/wp-content\/uploads\/2022\/05\/Selection-20-Hi-Han.jpg\" width=\"550\"><br \/>\nCannes 2022 &#8211; Hi-Han de Jerzy SKOLIMOWSKI<\/p>\n<p><em><strong>EO (HI-HAN)<\/strong><\/em> <strong>de Jerzy Skolimowski<\/strong>, avec\u00a0Sandra Drzymalska,\u00a0Lorenzo Zurzolo et Mateusz Kosciukiewicz (Royaume Uni, Pologne).<\/p>\n<p>SYNOPSIS: Le monde est un lieu myst\u00e9rieux, surtout vu \u00e0 travers les yeux d&rsquo;un animal. Sur son chemin, EO, un \u00e2ne gris aux yeux m\u00e9lancoliques, rencontre des gens bien et d&rsquo;autres mauvais, fait l&rsquo;exp\u00e9rience de la joie et de la peine, et la roue de la fortune transforme tour \u00e0 tour sa chance en d\u00e9sastre et son d\u00e9sespoir en bonheur inattendu. Mais jamais, \u00e0 aucun instant, il ne perd son innocence.<\/p>\n<ul>\n<li>\n<h4><strong>LE OTTO MONTAGNE (LES HUITS MONTAGNES):<\/strong><\/h4>\n<\/li>\n<\/ul>\n<p><img decoding=\"async\" alt=\"Cannes 2022 s\u00e9lection\" height=\"550\" src=\"https:\/\/www.webdo.tn\/wp-content\/uploads\/2022\/05\/Selection-21-THE-EIGHT-MOUNTAINS-LE-OTTO-MONTAGNE-1024x1024.jpg\" width=\"550\"><br \/>\nCannes 2022 &#8211; Le otto montagne de Charlotte VANDERMEERSCH et Felix VAN GROENINGEN<\/p>\n<p><strong><em>LE OTTO MONTAGNE (LES HUITS MONTAGNES)<\/em> de Charlotte VANDERMEERSCH et Felix VAN GROENINGEN<\/strong>, avec Alessandro Borghi,\u00a0Luca Marinelli et\u00a0Filippo Timi (France, Belgique, Italie).<\/p>\n<p>SYNOPSIS: Pietro est un gar\u00e7on de la ville, Bruno est le dernier enfant \u00e0 vivre dans un village oubli\u00e9 du Val d\u2019Aoste. Ils se lient d\u2019amiti\u00e9 dans ce coin cach\u00e9 des Alpes qui leur tient lieu de royaume. La vie les \u00e9loigne sans pouvoir les s\u00e9parer compl\u00e8tement. Alors que Bruno reste fid\u00e8le \u00e0 sa montagne, Pietro parcourt le monde. Cette travers\u00e9e leur fera conna\u00eetre l\u2019amour et la perte, leurs origines et leurs destin\u00e9es, mais surtout une amiti\u00e9 \u00e0 la vie \u00e0 la mort.<\/p>\n<p><a href=\"https:\/\/www.webdo.tn\/2022\/05\/10\/cannes-2022-synopsis-et-affiches-des-films-de-la-selection-un-certain-regard\/\">La liste des films de la s\u00e9lection Un Certain Regard suivra dans un autre article.<\/a><\/p>\n<p><strong>Ne\u00efla Driss<\/strong><\/p>\n<p><em>Lire sur le m\u00eame sujet:<\/em><\/p>\n<ul>\n<li><em><a href=\"https:\/\/www.webdo.tn\/2022\/04\/06\/elvis-de-baz-luhrmann-en-avant-premiere-au-75e-festival-de-cannes\/\">\u00ab Elvis \u00bb de Baz Luhrmann en avant-premi\u00e8re au 75e Festival de Cannes\u00a0<\/a><\/em><\/li>\n<li><em><a href=\"https:\/\/www.webdo.tn\/2022\/04\/14\/cannes-2022-une-premiere-partie-de-la-selection-officielle-annoncee\/\" rel=\"bookmark\" title=\"Cannes 2022 \u2013 Une premi\u00e8re partie de la s\u00e9lection officielle annonc\u00e9e.\">Cannes 2022 \u2013 Une premi\u00e8re partie de la s\u00e9lection officielle annonc\u00e9e.<\/a>\u00a0<\/em><\/li>\n<li><em><a href=\"https:\/\/www.webdo.tn\/2022\/04\/18\/cannes-2022-kaouther-ben-hania-presidente-du-jury-de-la-semaine-de-la-critique\/\">Cannes 2022 : Kaouther Ben Hania, Pr\u00e9sidente du Jury de la semaine de la Critique\u00a0<\/a>\u00a0 \u00a0\u00a0<\/em><\/li>\n<li><em><a href=\"https:\/\/www.webdo.tn\/2022\/04\/19\/cannes-2022-une-affiche-hommage-au-the-truman-show-de-peter-weir\/\">Cannes 2022 \u2013 Une affiche hommage au \u00ab\u00a0The Truman Show\u00a0\u00bb de Peter Weir\u00a0\u00a0\u00a0<\/a><\/em><\/li>\n<li><em><a href=\"https:\/\/www.webdo.tn\/2022\/04\/21\/Cannes%202022%20%E2%80%93%20Deux%20films%20tunisiens%20%C3%A0%20la%20Quinzaine%20des%20R%C3%A9alisateurs.\">Cannes 2022 \u2013 Deux film<\/a><a href=\"https:\/\/www.webdo.tn\/2022\/04\/21\/Cannes%202022%20%E2%80%93%20Deux%20films%20tunisiens%20%C3%A0%20la%20Quinzaine%20des%20R%C3%A9alisateurs.\">s tunisiens \u00e0 la Quinzaine des R\u00e9alisateurs.<\/a><\/em><\/li>\n<li><em><a href=\"https:\/\/www.webdo.tn\/2022\/04\/22\/cannes-2022-le-film-tunisien-harka-en-competition-dans-la-section-un-certain-regard\/\">Cannes 2022 \u2013 Le film tunisien \u00ab\u00a0Harka\u00a0\u00bb en comp\u00e9tition dans la section Un Certain Regard\u00a0<\/a><\/em><\/li>\n<li><em><a href=\"https:\/\/www.webdo.tn\/2022\/04\/26\/cannes-2022-vincent-lindo-presidera-le-jury-longs-metrages\/\" rel=\"bookmark\" title=\"Cannes 2022 \u2013 Vincent Lindo pr\u00e9sidera le Jury longs m\u00e9trages.\">Cannes 2022 \u2013 Vincent Lindo pr\u00e9sidera le Jury longs m\u00e9trages.<\/a><\/em><\/li>\n<\/ul><\/div>\n<div class=\"coprs\" style=\"text-align: center\"><\/div><\/div>\n","protected":false},"excerpt":{"rendered":"<p>Cannes 2022 &#8211; Affiches et synopsis des longs m\u00e9trages en comp\u00e9tition officielle<\/p>\n","protected":false},"author":3164,"featured_media":276210,"comment_status":"open","ping_status":"closed","sticky":false,"template":"","format":"standard","meta":{"footnotes":""},"categories":[2594],"tags":[3460,9071,2626,2628,2627,2655],"class_list":["post-116614","post","type-post","status-publish","format-standard","has-post-thumbnail","hentry","category-culture","tag-cannes","tag-cannes-2022","tag-cinema","tag-festival","tag-festival-de-cannes","tag-film"],"yoast_head":"<!-- This site is optimized with the Yoast SEO Premium plugin v27.4 (Yoast SEO v27.4) - https:\/\/yoast.com\/product\/yoast-seo-premium-wordpress\/ -->\n<title>Cannes 2022 - Affiches et synopsis des longs m\u00e9trages en comp\u00e9tition officielle<\/title>\n<meta name=\"description\" content=\"Cannes 2022 - Affiches et synopsis des longs m\u00e9trages en comp\u00e9tition officielle\" \/>\n<link rel=\"canonical\" href=\"https:\/\/www.webdo.tn\/fr\/actualite\/culture\/cannes-2022-affiches-et-synopsis-des-longs-metrages-en-competition-officielle\/116614\/\" \/>\n<meta property=\"og:locale\" content=\"fr_FR\" \/>\n<meta property=\"og:type\" content=\"article\" \/>\n<meta property=\"og:title\" content=\"Cannes 2022 - Affiches et synopsis des longs m\u00e9trages en comp\u00e9tition officielle\" \/>\n<meta property=\"og:description\" content=\"Cannes 2022 - Affiches et synopsis des longs m\u00e9trages en comp\u00e9tition officielle\" \/>\n<meta property=\"og:url\" content=\"https:\/\/www.webdo.tn\/fr\/actualite\/culture\/cannes-2022-affiches-et-synopsis-des-longs-metrages-en-competition-officielle\/116614\/\" \/>\n<meta property=\"og:site_name\" content=\"webdo\" \/>\n<meta property=\"article:publisher\" content=\"https:\/\/www.facebook.com\/webdotn\" \/>\n<meta property=\"article:author\" content=\"https:\/\/www.facebook.com\/massir.destiniii\/\" \/>\n<meta property=\"article:published_time\" content=\"2022-05-09T09:04:00+00:00\" \/>\n<meta property=\"article:modified_time\" content=\"2025-05-17T20:49:01+00:00\" \/>\n<meta property=\"og:image\" content=\"https:\/\/www.webdo.tn\/fr\/wp-content\/uploads\/2022\/05\/Jury-Cannes-2022-J-1024x690-1.jpg\" \/>\n\t<meta property=\"og:image:width\" content=\"1024\" \/>\n\t<meta property=\"og:image:height\" content=\"690\" \/>\n\t<meta property=\"og:image:type\" content=\"image\/jpeg\" \/>\n<meta name=\"author\" content=\"Ne\u00efla DRISS\" \/>\n<meta name=\"twitter:card\" content=\"summary_large_image\" \/>\n<meta name=\"twitter:creator\" content=\"@https:\/\/x.com\/MassirDestin\" \/>\n<meta name=\"twitter:site\" content=\"@webdo_tn\" \/>\n<meta name=\"twitter:label1\" content=\"\u00c9crit par\" \/>\n\t<meta name=\"twitter:data1\" content=\"Ne\u00efla DRISS\" \/>\n\t<meta name=\"twitter:label2\" content=\"Dur\u00e9e de lecture estim\u00e9e\" \/>\n\t<meta name=\"twitter:data2\" content=\"11 minutes\" \/>\n<script type=\"application\/ld+json\" class=\"yoast-schema-graph\">{\"@context\":\"https:\\\/\\\/schema.org\",\"@graph\":[{\"@type\":\"NewsArticle\",\"@id\":\"https:\\\/\\\/www.webdo.tn\\\/fr\\\/actualite\\\/culture\\\/cannes-2022-affiches-et-synopsis-des-longs-metrages-en-competition-officielle\\\/116614\\\/#article\",\"isPartOf\":{\"@id\":\"https:\\\/\\\/www.webdo.tn\\\/fr\\\/actualite\\\/culture\\\/cannes-2022-affiches-et-synopsis-des-longs-metrages-en-competition-officielle\\\/116614\\\/\"},\"author\":{\"name\":\"Ne\u00efla DRISS\",\"@id\":\"https:\\\/\\\/www.webdo.tn\\\/fr\\\/#\\\/schema\\\/person\\\/60d5ba619ed3f58783b0dc82b7dada80\"},\"headline\":\"Cannes 2022 &#8211; Affiches et synopsis des longs m\u00e9trages en comp\u00e9tition officielle\",\"datePublished\":\"2022-05-09T09:04:00+00:00\",\"dateModified\":\"2025-05-17T20:49:01+00:00\",\"mainEntityOfPage\":{\"@id\":\"https:\\\/\\\/www.webdo.tn\\\/fr\\\/actualite\\\/culture\\\/cannes-2022-affiches-et-synopsis-des-longs-metrages-en-competition-officielle\\\/116614\\\/\"},\"wordCount\":2305,\"commentCount\":0,\"publisher\":{\"@id\":\"https:\\\/\\\/www.webdo.tn\\\/fr\\\/#organization\"},\"image\":{\"@id\":\"https:\\\/\\\/www.webdo.tn\\\/fr\\\/actualite\\\/culture\\\/cannes-2022-affiches-et-synopsis-des-longs-metrages-en-competition-officielle\\\/116614\\\/#primaryimage\"},\"thumbnailUrl\":\"https:\\\/\\\/www.webdo.tn\\\/fr\\\/wp-content\\\/uploads\\\/2022\\\/05\\\/Jury-Cannes-2022-J-1024x690-1.jpg\",\"keywords\":[\"cannes\",\"Cannes 2022\",\"Cin\u00e9ma\",\"Festival\",\"Festival de Cannes\",\"Film\"],\"articleSection\":[\"Culture\"],\"inLanguage\":\"fr-FR\"},{\"@type\":\"WebPage\",\"@id\":\"https:\\\/\\\/www.webdo.tn\\\/fr\\\/actualite\\\/culture\\\/cannes-2022-affiches-et-synopsis-des-longs-metrages-en-competition-officielle\\\/116614\\\/\",\"url\":\"https:\\\/\\\/www.webdo.tn\\\/fr\\\/actualite\\\/culture\\\/cannes-2022-affiches-et-synopsis-des-longs-metrages-en-competition-officielle\\\/116614\\\/\",\"name\":\"Cannes 2022 - Affiches et synopsis des longs m\u00e9trages en comp\u00e9tition officielle\",\"isPartOf\":{\"@id\":\"https:\\\/\\\/www.webdo.tn\\\/fr\\\/#website\"},\"primaryImageOfPage\":{\"@id\":\"https:\\\/\\\/www.webdo.tn\\\/fr\\\/actualite\\\/culture\\\/cannes-2022-affiches-et-synopsis-des-longs-metrages-en-competition-officielle\\\/116614\\\/#primaryimage\"},\"image\":{\"@id\":\"https:\\\/\\\/www.webdo.tn\\\/fr\\\/actualite\\\/culture\\\/cannes-2022-affiches-et-synopsis-des-longs-metrages-en-competition-officielle\\\/116614\\\/#primaryimage\"},\"thumbnailUrl\":\"https:\\\/\\\/www.webdo.tn\\\/fr\\\/wp-content\\\/uploads\\\/2022\\\/05\\\/Jury-Cannes-2022-J-1024x690-1.jpg\",\"datePublished\":\"2022-05-09T09:04:00+00:00\",\"dateModified\":\"2025-05-17T20:49:01+00:00\",\"description\":\"Cannes 2022 - Affiches et synopsis des longs m\u00e9trages en comp\u00e9tition officielle\",\"breadcrumb\":{\"@id\":\"https:\\\/\\\/www.webdo.tn\\\/fr\\\/actualite\\\/culture\\\/cannes-2022-affiches-et-synopsis-des-longs-metrages-en-competition-officielle\\\/116614\\\/#breadcrumb\"},\"inLanguage\":\"fr-FR\",\"potentialAction\":[{\"@type\":\"ReadAction\",\"target\":[\"https:\\\/\\\/www.webdo.tn\\\/fr\\\/actualite\\\/culture\\\/cannes-2022-affiches-et-synopsis-des-longs-metrages-en-competition-officielle\\\/116614\\\/\"]}]},{\"@type\":\"ImageObject\",\"inLanguage\":\"fr-FR\",\"@id\":\"https:\\\/\\\/www.webdo.tn\\\/fr\\\/actualite\\\/culture\\\/cannes-2022-affiches-et-synopsis-des-longs-metrages-en-competition-officielle\\\/116614\\\/#primaryimage\",\"url\":\"https:\\\/\\\/www.webdo.tn\\\/fr\\\/wp-content\\\/uploads\\\/2022\\\/05\\\/Jury-Cannes-2022-J-1024x690-1.jpg\",\"contentUrl\":\"https:\\\/\\\/www.webdo.tn\\\/fr\\\/wp-content\\\/uploads\\\/2022\\\/05\\\/Jury-Cannes-2022-J-1024x690-1.jpg\",\"width\":1024,\"height\":690,\"caption\":\"Cannes 2022 - Affiches et synopsis des longs m\u00e9trages en comp\u00e9tition officielle\"},{\"@type\":\"BreadcrumbList\",\"@id\":\"https:\\\/\\\/www.webdo.tn\\\/fr\\\/actualite\\\/culture\\\/cannes-2022-affiches-et-synopsis-des-longs-metrages-en-competition-officielle\\\/116614\\\/#breadcrumb\",\"itemListElement\":[{\"@type\":\"ListItem\",\"position\":1,\"name\":\"Accueil\",\"item\":\"https:\\\/\\\/www.webdo.tn\\\/fr\\\/\"},{\"@type\":\"ListItem\",\"position\":2,\"name\":\"Cannes 2022 &#8211; Affiches et synopsis des longs m\u00e9trages en comp\u00e9tition officielle\"}]},{\"@type\":\"WebSite\",\"@id\":\"https:\\\/\\\/www.webdo.tn\\\/fr\\\/#website\",\"url\":\"https:\\\/\\\/www.webdo.tn\\\/fr\\\/\",\"name\":\"webdo\",\"description\":\"Tunisie - News en Tunisie et \u00e0 l&#039;international sur Webdo.tn\",\"publisher\":{\"@id\":\"https:\\\/\\\/www.webdo.tn\\\/fr\\\/#organization\"},\"potentialAction\":[{\"@type\":\"SearchAction\",\"target\":{\"@type\":\"EntryPoint\",\"urlTemplate\":\"https:\\\/\\\/www.webdo.tn\\\/fr\\\/?s={search_term_string}\"},\"query-input\":{\"@type\":\"PropertyValueSpecification\",\"valueRequired\":true,\"valueName\":\"search_term_string\"}}],\"inLanguage\":\"fr-FR\"},{\"@type\":\"Organization\",\"@id\":\"https:\\\/\\\/www.webdo.tn\\\/fr\\\/#organization\",\"name\":\"Webdo\",\"alternateName\":\"Webdo.tn\",\"url\":\"https:\\\/\\\/www.webdo.tn\\\/fr\\\/\",\"logo\":{\"@type\":\"ImageObject\",\"inLanguage\":\"fr-FR\",\"@id\":\"https:\\\/\\\/www.webdo.tn\\\/fr\\\/#\\\/schema\\\/logo\\\/image\\\/\",\"url\":\"https:\\\/\\\/www.webdo.tn\\\/fr\\\/wp-content\\\/uploads\\\/2025\\\/06\\\/Webdo-Tunisie_168377.jpg\",\"contentUrl\":\"https:\\\/\\\/www.webdo.tn\\\/fr\\\/wp-content\\\/uploads\\\/2025\\\/06\\\/Webdo-Tunisie_168377.jpg\",\"width\":301,\"height\":301,\"caption\":\"Webdo\"},\"image\":{\"@id\":\"https:\\\/\\\/www.webdo.tn\\\/fr\\\/#\\\/schema\\\/logo\\\/image\\\/\"},\"sameAs\":[\"https:\\\/\\\/www.facebook.com\\\/webdotn\",\"https:\\\/\\\/x.com\\\/webdo_tn\"],\"description\":\"Webdo est un m\u00e9dia num\u00e9rique tunisien fond\u00e9 en 2010, sp\u00e9cialis\u00e9 dans l\u2019actualit\u00e9 nationale et internationale, l\u2019\u00e9conomie, la soci\u00e9t\u00e9 et les analyses politiques. Le site s\u2019adresse \u00e0 un large public francophone et couvre l\u2019information tunisienne en temps r\u00e9el.\",\"email\":\"redac@webdo.tn\",\"legalName\":\"YNJ SARL\",\"foundingDate\":\"2010-09-06\",\"numberOfEmployees\":{\"@type\":\"QuantitativeValue\",\"minValue\":\"11\",\"maxValue\":\"50\"}},{\"@type\":\"Person\",\"@id\":\"https:\\\/\\\/www.webdo.tn\\\/fr\\\/#\\\/schema\\\/person\\\/60d5ba619ed3f58783b0dc82b7dada80\",\"name\":\"Ne\u00efla DRISS\",\"image\":{\"@type\":\"ImageObject\",\"inLanguage\":\"fr-FR\",\"@id\":\"https:\\\/\\\/www.webdo.tn\\\/fr\\\/wp-content\\\/uploads\\\/2026\\\/04\\\/neila-driss_avatar-96x96.jpg\",\"url\":\"https:\\\/\\\/www.webdo.tn\\\/fr\\\/wp-content\\\/uploads\\\/2026\\\/04\\\/neila-driss_avatar-96x96.jpg\",\"contentUrl\":\"https:\\\/\\\/www.webdo.tn\\\/fr\\\/wp-content\\\/uploads\\\/2026\\\/04\\\/neila-driss_avatar-96x96.jpg\",\"caption\":\"Ne\u00efla DRISS\"},\"description\":\"Ne\u00efla Driss est juriste, journaliste culturelle et critique de cin\u00e9ma tunisienne. Titulaire d\u2019un DEA en droit priv\u00e9 de l\u2019Universit\u00e9 Paris II et d\u2019un DESS de l\u2019IHEC Carthage, elle d\u00e9bute sa carri\u00e8re comme juriste sp\u00e9cialis\u00e9e en gestion de patrimoine immobilier. Elle s\u2019oriente ensuite vers l\u2019\u00e9criture en ligne, o\u00f9 elle se distingue d\u00e8s 2006 aux Tunisia Blog Awards, avant de se consacrer au journalisme culturel, avec une sp\u00e9cialisation dans la critique cin\u00e9matographique. Elle couvre r\u00e9guli\u00e8rement les grands festivals internationaux, notamment le Festival de Cannes, les Journ\u00e9es Cin\u00e9matographiques de Carthage et le Festival du film du Caire. Membre de l\u2019ATPCC et de la FIPRESCI, elle participe \u00e0 des jurys et initiatives internationales de critique. Depuis 2024, elle est \u00e9lectrice internationale aux Golden Globes. Facebook : https:\\\/\\\/www.facebook.com\\\/massir.destiniii\\\/ X : https:\\\/\\\/x.com\\\/MassirDestin\",\"sameAs\":[\"https:\\\/\\\/www.facebook.com\\\/massir.destiniii\\\/\",\"https:\\\/\\\/www.instagram.com\\\/neila.driss\\\/?hl=fr\",\"https:\\\/\\\/www.linkedin.com\\\/in\\\/neila-driss-22606a80\\\/\",\"https:\\\/\\\/x.com\\\/https:\\\/\\\/x.com\\\/MassirDestin\"],\"knowsAbout\":[\"Cin\u00e9ma international\",\"critique cin\u00e9matographique\",\"festivals de cin\u00e9ma\",\"journalisme culturel\"],\"knowsLanguage\":[\"Fran\u00e7ais\",\"Arabe\",\"Anglais\"],\"jobTitle\":\"Journaliste culturelle et critique de cin\u00e9ma\",\"worksFor\":\"Webdo\",\"url\":\"https:\\\/\\\/www.webdo.tn\\\/fr\\\/actualite\\\/author\\\/neila-driss\\\/\"}]}<\/script>\n<!-- \/ Yoast SEO Premium plugin. -->","yoast_head_json":{"title":"Cannes 2022 - Affiches et synopsis des longs m\u00e9trages en comp\u00e9tition officielle","description":"Cannes 2022 - Affiches et synopsis des longs m\u00e9trages en comp\u00e9tition officielle","canonical":"https:\/\/www.webdo.tn\/fr\/actualite\/culture\/cannes-2022-affiches-et-synopsis-des-longs-metrages-en-competition-officielle\/116614\/","og_locale":"fr_FR","og_type":"article","og_title":"Cannes 2022 - Affiches et synopsis des longs m\u00e9trages en comp\u00e9tition officielle","og_description":"Cannes 2022 - Affiches et synopsis des longs m\u00e9trages en comp\u00e9tition officielle","og_url":"https:\/\/www.webdo.tn\/fr\/actualite\/culture\/cannes-2022-affiches-et-synopsis-des-longs-metrages-en-competition-officielle\/116614\/","og_site_name":"webdo","article_publisher":"https:\/\/www.facebook.com\/webdotn","article_author":"https:\/\/www.facebook.com\/massir.destiniii\/","article_published_time":"2022-05-09T09:04:00+00:00","article_modified_time":"2025-05-17T20:49:01+00:00","og_image":[{"width":1024,"height":690,"url":"https:\/\/www.webdo.tn\/fr\/wp-content\/uploads\/2022\/05\/Jury-Cannes-2022-J-1024x690-1.jpg","type":"image\/jpeg"}],"author":"Ne\u00efla DRISS","twitter_card":"summary_large_image","twitter_creator":"@https:\/\/x.com\/MassirDestin","twitter_site":"@webdo_tn","twitter_misc":{"\u00c9crit par":"Ne\u00efla DRISS","Dur\u00e9e de lecture estim\u00e9e":"11 minutes"},"schema":{"@context":"https:\/\/schema.org","@graph":[{"@type":"NewsArticle","@id":"https:\/\/www.webdo.tn\/fr\/actualite\/culture\/cannes-2022-affiches-et-synopsis-des-longs-metrages-en-competition-officielle\/116614\/#article","isPartOf":{"@id":"https:\/\/www.webdo.tn\/fr\/actualite\/culture\/cannes-2022-affiches-et-synopsis-des-longs-metrages-en-competition-officielle\/116614\/"},"author":{"name":"Ne\u00efla DRISS","@id":"https:\/\/www.webdo.tn\/fr\/#\/schema\/person\/60d5ba619ed3f58783b0dc82b7dada80"},"headline":"Cannes 2022 &#8211; Affiches et synopsis des longs m\u00e9trages en comp\u00e9tition officielle","datePublished":"2022-05-09T09:04:00+00:00","dateModified":"2025-05-17T20:49:01+00:00","mainEntityOfPage":{"@id":"https:\/\/www.webdo.tn\/fr\/actualite\/culture\/cannes-2022-affiches-et-synopsis-des-longs-metrages-en-competition-officielle\/116614\/"},"wordCount":2305,"commentCount":0,"publisher":{"@id":"https:\/\/www.webdo.tn\/fr\/#organization"},"image":{"@id":"https:\/\/www.webdo.tn\/fr\/actualite\/culture\/cannes-2022-affiches-et-synopsis-des-longs-metrages-en-competition-officielle\/116614\/#primaryimage"},"thumbnailUrl":"https:\/\/www.webdo.tn\/fr\/wp-content\/uploads\/2022\/05\/Jury-Cannes-2022-J-1024x690-1.jpg","keywords":["cannes","Cannes 2022","Cin\u00e9ma","Festival","Festival de Cannes","Film"],"articleSection":["Culture"],"inLanguage":"fr-FR"},{"@type":"WebPage","@id":"https:\/\/www.webdo.tn\/fr\/actualite\/culture\/cannes-2022-affiches-et-synopsis-des-longs-metrages-en-competition-officielle\/116614\/","url":"https:\/\/www.webdo.tn\/fr\/actualite\/culture\/cannes-2022-affiches-et-synopsis-des-longs-metrages-en-competition-officielle\/116614\/","name":"Cannes 2022 - Affiches et synopsis des longs m\u00e9trages en comp\u00e9tition officielle","isPartOf":{"@id":"https:\/\/www.webdo.tn\/fr\/#website"},"primaryImageOfPage":{"@id":"https:\/\/www.webdo.tn\/fr\/actualite\/culture\/cannes-2022-affiches-et-synopsis-des-longs-metrages-en-competition-officielle\/116614\/#primaryimage"},"image":{"@id":"https:\/\/www.webdo.tn\/fr\/actualite\/culture\/cannes-2022-affiches-et-synopsis-des-longs-metrages-en-competition-officielle\/116614\/#primaryimage"},"thumbnailUrl":"https:\/\/www.webdo.tn\/fr\/wp-content\/uploads\/2022\/05\/Jury-Cannes-2022-J-1024x690-1.jpg","datePublished":"2022-05-09T09:04:00+00:00","dateModified":"2025-05-17T20:49:01+00:00","description":"Cannes 2022 - Affiches et synopsis des longs m\u00e9trages en comp\u00e9tition officielle","breadcrumb":{"@id":"https:\/\/www.webdo.tn\/fr\/actualite\/culture\/cannes-2022-affiches-et-synopsis-des-longs-metrages-en-competition-officielle\/116614\/#breadcrumb"},"inLanguage":"fr-FR","potentialAction":[{"@type":"ReadAction","target":["https:\/\/www.webdo.tn\/fr\/actualite\/culture\/cannes-2022-affiches-et-synopsis-des-longs-metrages-en-competition-officielle\/116614\/"]}]},{"@type":"ImageObject","inLanguage":"fr-FR","@id":"https:\/\/www.webdo.tn\/fr\/actualite\/culture\/cannes-2022-affiches-et-synopsis-des-longs-metrages-en-competition-officielle\/116614\/#primaryimage","url":"https:\/\/www.webdo.tn\/fr\/wp-content\/uploads\/2022\/05\/Jury-Cannes-2022-J-1024x690-1.jpg","contentUrl":"https:\/\/www.webdo.tn\/fr\/wp-content\/uploads\/2022\/05\/Jury-Cannes-2022-J-1024x690-1.jpg","width":1024,"height":690,"caption":"Cannes 2022 - Affiches et synopsis des longs m\u00e9trages en comp\u00e9tition officielle"},{"@type":"BreadcrumbList","@id":"https:\/\/www.webdo.tn\/fr\/actualite\/culture\/cannes-2022-affiches-et-synopsis-des-longs-metrages-en-competition-officielle\/116614\/#breadcrumb","itemListElement":[{"@type":"ListItem","position":1,"name":"Accueil","item":"https:\/\/www.webdo.tn\/fr\/"},{"@type":"ListItem","position":2,"name":"Cannes 2022 &#8211; Affiches et synopsis des longs m\u00e9trages en comp\u00e9tition officielle"}]},{"@type":"WebSite","@id":"https:\/\/www.webdo.tn\/fr\/#website","url":"https:\/\/www.webdo.tn\/fr\/","name":"webdo","description":"Tunisie - News en Tunisie et \u00e0 l&#039;international sur Webdo.tn","publisher":{"@id":"https:\/\/www.webdo.tn\/fr\/#organization"},"potentialAction":[{"@type":"SearchAction","target":{"@type":"EntryPoint","urlTemplate":"https:\/\/www.webdo.tn\/fr\/?s={search_term_string}"},"query-input":{"@type":"PropertyValueSpecification","valueRequired":true,"valueName":"search_term_string"}}],"inLanguage":"fr-FR"},{"@type":"Organization","@id":"https:\/\/www.webdo.tn\/fr\/#organization","name":"Webdo","alternateName":"Webdo.tn","url":"https:\/\/www.webdo.tn\/fr\/","logo":{"@type":"ImageObject","inLanguage":"fr-FR","@id":"https:\/\/www.webdo.tn\/fr\/#\/schema\/logo\/image\/","url":"https:\/\/www.webdo.tn\/fr\/wp-content\/uploads\/2025\/06\/Webdo-Tunisie_168377.jpg","contentUrl":"https:\/\/www.webdo.tn\/fr\/wp-content\/uploads\/2025\/06\/Webdo-Tunisie_168377.jpg","width":301,"height":301,"caption":"Webdo"},"image":{"@id":"https:\/\/www.webdo.tn\/fr\/#\/schema\/logo\/image\/"},"sameAs":["https:\/\/www.facebook.com\/webdotn","https:\/\/x.com\/webdo_tn"],"description":"Webdo est un m\u00e9dia num\u00e9rique tunisien fond\u00e9 en 2010, sp\u00e9cialis\u00e9 dans l\u2019actualit\u00e9 nationale et internationale, l\u2019\u00e9conomie, la soci\u00e9t\u00e9 et les analyses politiques. Le site s\u2019adresse \u00e0 un large public francophone et couvre l\u2019information tunisienne en temps r\u00e9el.","email":"redac@webdo.tn","legalName":"YNJ SARL","foundingDate":"2010-09-06","numberOfEmployees":{"@type":"QuantitativeValue","minValue":"11","maxValue":"50"}},{"@type":"Person","@id":"https:\/\/www.webdo.tn\/fr\/#\/schema\/person\/60d5ba619ed3f58783b0dc82b7dada80","name":"Ne\u00efla DRISS","image":{"@type":"ImageObject","inLanguage":"fr-FR","@id":"https:\/\/www.webdo.tn\/fr\/wp-content\/uploads\/2026\/04\/neila-driss_avatar-96x96.jpg","url":"https:\/\/www.webdo.tn\/fr\/wp-content\/uploads\/2026\/04\/neila-driss_avatar-96x96.jpg","contentUrl":"https:\/\/www.webdo.tn\/fr\/wp-content\/uploads\/2026\/04\/neila-driss_avatar-96x96.jpg","caption":"Ne\u00efla DRISS"},"description":"Ne\u00efla Driss est juriste, journaliste culturelle et critique de cin\u00e9ma tunisienne. Titulaire d\u2019un DEA en droit priv\u00e9 de l\u2019Universit\u00e9 Paris II et d\u2019un DESS de l\u2019IHEC Carthage, elle d\u00e9bute sa carri\u00e8re comme juriste sp\u00e9cialis\u00e9e en gestion de patrimoine immobilier. Elle s\u2019oriente ensuite vers l\u2019\u00e9criture en ligne, o\u00f9 elle se distingue d\u00e8s 2006 aux Tunisia Blog Awards, avant de se consacrer au journalisme culturel, avec une sp\u00e9cialisation dans la critique cin\u00e9matographique. Elle couvre r\u00e9guli\u00e8rement les grands festivals internationaux, notamment le Festival de Cannes, les Journ\u00e9es Cin\u00e9matographiques de Carthage et le Festival du film du Caire. Membre de l\u2019ATPCC et de la FIPRESCI, elle participe \u00e0 des jurys et initiatives internationales de critique. Depuis 2024, elle est \u00e9lectrice internationale aux Golden Globes. Facebook : https:\/\/www.facebook.com\/massir.destiniii\/ X : https:\/\/x.com\/MassirDestin","sameAs":["https:\/\/www.facebook.com\/massir.destiniii\/","https:\/\/www.instagram.com\/neila.driss\/?hl=fr","https:\/\/www.linkedin.com\/in\/neila-driss-22606a80\/","https:\/\/x.com\/https:\/\/x.com\/MassirDestin"],"knowsAbout":["Cin\u00e9ma international","critique cin\u00e9matographique","festivals de cin\u00e9ma","journalisme culturel"],"knowsLanguage":["Fran\u00e7ais","Arabe","Anglais"],"jobTitle":"Journaliste culturelle et critique de cin\u00e9ma","worksFor":"Webdo","url":"https:\/\/www.webdo.tn\/fr\/actualite\/author\/neila-driss\/"}]}},"_links":{"self":[{"href":"https:\/\/www.webdo.tn\/fr\/wp-json\/wp\/v2\/posts\/116614","targetHints":{"allow":["GET"]}}],"collection":[{"href":"https:\/\/www.webdo.tn\/fr\/wp-json\/wp\/v2\/posts"}],"about":[{"href":"https:\/\/www.webdo.tn\/fr\/wp-json\/wp\/v2\/types\/post"}],"author":[{"embeddable":true,"href":"https:\/\/www.webdo.tn\/fr\/wp-json\/wp\/v2\/users\/3164"}],"replies":[{"embeddable":true,"href":"https:\/\/www.webdo.tn\/fr\/wp-json\/wp\/v2\/comments?post=116614"}],"version-history":[{"count":0,"href":"https:\/\/www.webdo.tn\/fr\/wp-json\/wp\/v2\/posts\/116614\/revisions"}],"wp:featuredmedia":[{"embeddable":true,"href":"https:\/\/www.webdo.tn\/fr\/wp-json\/wp\/v2\/media\/276210"}],"wp:attachment":[{"href":"https:\/\/www.webdo.tn\/fr\/wp-json\/wp\/v2\/media?parent=116614"}],"wp:term":[{"taxonomy":"category","embeddable":true,"href":"https:\/\/www.webdo.tn\/fr\/wp-json\/wp\/v2\/categories?post=116614"},{"taxonomy":"post_tag","embeddable":true,"href":"https:\/\/www.webdo.tn\/fr\/wp-json\/wp\/v2\/tags?post=116614"}],"curies":[{"name":"wp","href":"https:\/\/api.w.org\/{rel}","templated":true}]}}