{"id":116612,"date":"2022-05-10T20:29:00","date_gmt":"2022-05-10T20:29:00","guid":{"rendered":"https:\/\/www.webdo.tn\/fr\/actualite\/blog\/cannes-2022-une-palme-dor-sertie-de-diamants-a-loccasion-du-75eme-anniversaire\/116612\/"},"modified":"2025-05-22T12:00:40","modified_gmt":"2025-05-22T12:00:40","slug":"cannes-2022-une-palme-dor-sertie-de-diamants-a-loccasion-du-75eme-anniversaire","status":"publish","type":"post","link":"https:\/\/www.webdo.tn\/fr\/actualite\/culture\/cannes-2022-une-palme-dor-sertie-de-diamants-a-loccasion-du-75eme-anniversaire\/116612\/","title":{"rendered":"Cannes 2022 &#8211; Une Palme d\u2019Or sertie de diamants \u00e0 l\u2019occasion du 75\u00e8me anniversaire"},"content":{"rendered":"<div class=\"single-body entry-content typography-copy\" itemprop=\"articleBody\">\n<p style=\"font-weight: bold; text-align: justify\">\n<div class=\"coprs\" style=\"text-align: center\"><\/div>\n<div class=\"coprs\" style=\"text-align: justify\">\n<h5><strong>Une Palme d&rsquo;Or unique sertie de diamants pour c\u00e9l\u00e9brer le 75\u00e8me anniversaire du Festival:<\/strong><\/h5>\n<p><strong><img decoding=\"async\" alt=\"Cannes 2022\" height=\"424\" src=\"https:\/\/www.webdo.tn\/wp-content\/uploads\/2022\/05\/CANNES-2022-SIGNATURE-Saumon.jpg\" width=\"113\"><\/strong><\/p>\n<p>\u00a0<\/p>\n<p>\u00a0<\/p>\n<p>\u00a0<\/p>\n<p>\u00a0<\/p>\n<p>\u00a0<\/p>\n<p>\u00a0<\/p>\n<p>\u00a0<\/p>\n<p>\u00a0<\/p>\n<p>\u00a0<\/p>\n<p>\u00a0<\/p>\n<p>\u00a0<\/p>\n<p>\u00a0<\/p>\n<p>\u00a0<\/p>\n<p>Alors que la 75e \u00e9dition du Festival de Cannes s\u2019ouvrira le 17 mai prochain, <a href=\"https:\/\/www.chopard.fr\/palme-d-or\">la Maison Chopard<\/a> c\u00e9l\u00e9brera cet anniversaire en cr\u00e9ant une Palme d\u2019Or unique, annonce le joaillier suisse dans un communiqu\u00e9. Le fameux troph\u00e9e, fabriqu\u00e9 depuis 25 ans par Chopard, sera dot\u00e9 de deux folioles serties de diamants et d\u00e9pos\u00e9 sur un socle de quartz rose.<\/p>\n<p>\u00ab\u00a0<em>Sur l\u2019une des folioles, 75 diamants incrust\u00e9s symboliseront le jubil\u00e9 du Festival, tandis que sur l\u2019autre, 25 diamants immortaliseront le quart de si\u00e8cle du partenariat avec Chopard : une double c\u00e9l\u00e9bration \u00e0 l\u2019unisson<\/em>\u00ab\u00a0, explique la c\u00e9l\u00e8bre maison.<\/p>\n<p>La Palme, en or \u00e9thique certifi\u00e9 Fairmined jaune 18 carats, sera par ailleurs fix\u00e9e non pas sur un coussin de cristal de roche comme de tradition, mais sur un socle en quartz rose.<\/p>\n<p>\u00ab\u00a0<em>Dans la mythologie grecque, cette gemme rose poudr\u00e9, d\u00e9licatement nervur\u00e9e, serait n\u00e9e des mains m\u00eames d\u2019Aphrodite, d\u00e9esse de la beaut\u00e9 et de l\u2019amour<\/em>\u00ab\u00a0, explique le joaillier. \u00ab\u00a0<em>Le quartz, issu du mot grec &lsquo;krustallos&rsquo; qui signifie &lsquo;glace&rsquo;, serait la glace des dieux. Le quartz rose a \u00e9t\u00e9 choisi pour symboliser l\u2019amour inconditionnel qui unit le Festival au cin\u00e9ma et Chopard et le Festival depuis 1997<\/em>.\u00a0\u00bb<\/p>\n<h4><strong>Pourquoi et depuis quand une Palme d\u2019Or au Festival de Cannes\u00a0?<\/strong><\/h4>\n<p>Contrairement \u00e0 ce qu\u2019on l\u2019on aurait pu croire, la Palme d\u2019Or est bien plus jeune que le festival lui-m\u00eame. En effet, de 1946, date de la cr\u00e9ation du festival, \u00e0 1954, les laur\u00e9ats recevaient un dipl\u00f4me \u00ab\u00a0Grand Prix du Festival International du Film\u00a0\u00bb et une \u0153uvre d\u2019art d\u2019un artiste contemporain, diff\u00e9rent chaque ann\u00e9e.<\/p>\n<p>En 1954, les organisateurs du festival, souhaitant personnaliser le troph\u00e9e et donner encore plus d\u2019\u00e9clat \u00e0 cet \u00e9v\u00e8nement cin\u00e9matographique de plus en plus important, chargent plusieurs joailliers de concevoir un nouveau troph\u00e9e, ayant pour motif une palme, pour rappeler la palme, qui existe sur le blason de la ville de Cannes depuis l\u2019an 990.<\/p>\n<p><img decoding=\"async\" alt=\"\" height=\"200\" src=\"https:\/\/www.webdo.tn\/wp-content\/uploads\/2022\/05\/CANNES_ARMOIRIES.jpg\" width=\"410\"><\/p>\n<p>Armoiries de la ville de Cannes<\/p>\n<p>\u00a0<\/p>\n<p><img decoding=\"async\" alt=\"\" height=\"515\" src=\"https:\/\/www.webdo.tn\/wp-content\/uploads\/2022\/05\/Cannes-armoiries.jpg\" width=\"437\"><\/p>\n<p>Armoiries de la Ville de Cannes<\/p>\n<p>\u00a0<\/p>\n<p>C\u2019est la cr\u00e9atrice de bijoux Lucienne Lazon, qui dessinera la premi\u00e8re Palme d\u2019Or du festival de Cannes. Sa feuille de palmier repose sur un socle en terre cuite r\u00e9alis\u00e9 par le sculpteur fran\u00e7ais Gabriel-S\u00e9bastien Simonet, dit\u00a0S\u00e9bastien.<\/p>\n<p>]<img decoding=\"async\" alt=\"\" height=\"496\" src=\"https:\/\/www.webdo.tn\/wp-content\/uploads\/2022\/05\/Ancienne-Palme-dor-socle-arrondi.jpg\" width=\"602\"><\/p>\n<p>L&rsquo;ancienne Palme d&rsquo;Or sur un socle arrondi, en terre cuite.<\/p>\n<p>La premi\u00e8re Palme d\u2019Or de l\u2019histoire sera donn\u00e9e en 1955 au r\u00e9alisateur am\u00e9ricain Delbert Mann pour son film <em>Marty<\/em>.<\/p>\n<p>Par la suite, ne faisant pas l\u2019unanimit\u00e9, et par manque de moyens financiers, de 1964 \u00e0 1974, la palme est abandonn\u00e9e, et le conseil d&rsquo;administration revient au \u00ab Grand Prix du festival \u00bb avec la formule dipl\u00f4me-\u0153uvre d&rsquo;art.<\/p>\n<p>Ce n\u2019est qu\u2019\u00e0 partir de 1975, que la Palme d\u2019Or reviendra d\u2019une fa\u00e7on d\u00e9finitive, et deviendra m\u00eame le logo du festival \u00e0 partir des ann\u00e9es 1980.<\/p>\n<p><img decoding=\"async\" alt=\"\" height=\"200\" src=\"https:\/\/www.webdo.tn\/wp-content\/uploads\/2022\/05\/CANNES_FESTIVAL-DRAPEAU.jpg\" width=\"410\"><\/p>\n<p>Logo du festival de Cannes avec une palme<\/p>\n<p>Au cours des ann\u00e9es, la Palme d\u2019Or \u00e9voluera. Au d\u00e9but des ann\u00e9es 80, la forme arrondie du socle qui supporte la Palme se transforme progressivement pour devenir pyramidale en 1984 et en 1992, il deviendra en cristal. La m\u00eame ann\u00e9e, la palme elle-m\u00eame sera aussi modernis\u00e9e.<\/p>\n<p><img decoding=\"async\" alt=\"Palme d'Or\" height=\"337\" src=\"https:\/\/www.webdo.tn\/wp-content\/uploads\/2022\/05\/Palme-socle-pyramidal.jpg\" width=\"599\"><\/p>\n<p>La Palme d&rsquo;Or de 1979.<\/p>\n<p>\u00a0<\/p>\n<p><img decoding=\"async\" alt=\"Palme d'Or\" height=\"413\" src=\"https:\/\/www.webdo.tn\/wp-content\/uploads\/2022\/05\/Palme-dor-pyramidale-2.jpg\" width=\"600\"><\/p>\n<p>Deux Palmes d&rsquo;Or avec un socle pyramidal.<\/p>\n<p>Ce n\u2019est que depuis 1997 qu\u2019elle a \u00e9t\u00e9 redessin\u00e9e par Caroline Gruosi-Scheufele, pr\u00e9sidente de la joaillerie suisse Chopard, qui depuis cette date, a l&rsquo;exclusivit\u00e9 de sa r\u00e9alisation, et qui l\u2019offre chaque ann\u00e9e au festival dans le cadre d\u2019un partenariat officiel.<\/p>\n<p><img decoding=\"async\" alt=\"Palme d'or\" height=\"420\" src=\"https:\/\/www.webdo.tn\/wp-content\/uploads\/2022\/05\/Palme-or-actuelle.jpg\" width=\"630\"><\/p>\n<p>La Palme d&rsquo;or actuelle.<\/p>\n<p>\u00a0<\/p>\n<p>A partir de 2000, deux versions miniatures, dites \u00ab mini-palmes \u00bb sont donn\u00e9es pour les prix d\u2019interpr\u00e9tation et \u00e0 partir de 2018, ces mini-palmes sont donn\u00e9es \u00e9galement \u00e0 tous les prix d\u00e9cern\u00e9s aux laur\u00e9ats de la comp\u00e9tition officielle longs m\u00e9trages.<\/p>\n<p><img decoding=\"async\" alt=\"Palme d'Or\" height=\"338\" src=\"https:\/\/www.webdo.tn\/wp-content\/uploads\/2022\/05\/la-palme-dor-et-deux-mini-palmes-1024x576.jpg\" width=\"600\"><\/p>\n<p>La Palme d&rsquo;Or et deux mini-palmes.<\/p>\n<p>En 2017, pour le 70\u00e8me anniversaire du Festival, la pr\u00e9cieuse r\u00e9compense sera en plus sertie de diamants. \u00ab<em>\u00a0Les 118 grammes d&rsquo;or pur de cette palme d&rsquo;exception seront parsem\u00e9s de 167 diamants pour un poids de 0,694 carat, tels des poussi\u00e8res d&rsquo;\u00e9toiles sur le feuillage et la tige<\/em> \u00bb, avait pr\u00e9cis\u00e9 la maison de joaillerie Chopard.<\/p>\n<p><img decoding=\"async\" alt=\"Palme d'Or\" height=\"521\" src=\"https:\/\/www.webdo.tn\/wp-content\/uploads\/2022\/05\/chopard-palme-dor-2017-parsemee-de-diamants.jpg\" width=\"600\"><\/p>\n<p>La Palme d&rsquo;Or de 2017, parsem\u00e9e de diamants pour c\u00e9l\u00e9brer le 70\u00e8me anniversaire du festival.<\/p>\n<p>\u00a0<\/p>\n<p>Con\u00e7ue par une femme, modernis\u00e9e ensuite par une autre femme, la Palme d\u2019Or n\u2019a pourtant \u00e9t\u00e9 d\u00e9cern\u00e9e aux femmes que deux fois\u00a0ou plus pr\u00e9cis\u00e9ment une fois et demi : en 1993 \u00e0 Jane Campion pour le film <em>La le\u00e7on de piano<\/em>, en la partageant avec le cin\u00e9aste chinois\u00a0Chen Kaige\u00a0qui l&rsquo;a obtenue pour\u00a0<em>Adieu ma concubine<\/em> et en 2021 \u00e0\u00a0<a href=\"https:\/\/www.webdo.tn\/2021\/07\/18\/cannes-2021-cloture-dune-edition-historique\/\">Julia Ducournau\u00a0pour\u00a0<em>Titane<\/em>.<\/a><\/p>\n<h4><strong>Processus de fabrication de la Palme d&rsquo;Or:<\/strong><\/h4>\n<p>D\u2019une valeur d\u2019environ 20\u00a0000 euros, la palme, dont la base de la tige a la forme d\u2019un c\u0153ur pour rappeler que \u00ab\u00a0<em>Chopard aime le cin\u00e9ma<\/em> \u00bb p\u00e8se 118 grammes d&rsquo;or jaune et mesure 13,5 centim\u00e8tres de long pour 9 centim\u00e8tres de large. Elle est travaill\u00e9e \u00e0 partir d&rsquo;un lingot d&rsquo;or de 18 carats (75 % d&rsquo;or et 25 % d&rsquo;alliage de cuivre et d&rsquo;argent), coul\u00e9 \u00e0 760\u00b0 dans un moule en pl\u00e2tre o\u00f9 a \u00e9t\u00e9 pr\u00e9alablement plac\u00e9e une copie en cire qui fond sous l&rsquo;effet de la chaleur mais laisse son empreinte. La palme est ensuite lim\u00e9e, cisel\u00e9e et polie puis fix\u00e9e avec sa tige l\u00e9g\u00e8rement courb\u00e9e et ses 19 folioles sculpt\u00e9es sur un coussin en cristal d&rsquo;un kilogramme, taill\u00e9 en diamant. Pour 2022, le cristal est remplac\u00e9 par un quartz rose. Le troph\u00e9e est alors plac\u00e9 dans un \u00e9crin en maroquin bleu. Pas moins de 40 heures de travail sont n\u00e9cessaires \u00e0 cinq artisans de la maison Chopard pour fa\u00e7onner \u00e0 la main le tr\u00e9sor le plus convoit\u00e9 du festival.<\/p>\n<p>Ci-dessous quelques photos pour illustrer quelques \u00e9tapes de la fabrication de la Palme d\u2019Or (Photos Chopard):<\/p>\n<p><img decoding=\"async\" alt=\"palme d'Or\" height=\"731\" src=\"https:\/\/www.webdo.tn\/wp-content\/uploads\/2022\/05\/Croquis-Palme-dOr-2022-incrustee-de-diamants-Chopard.jpg\" width=\"599\"><\/p>\n<p>Croquis de la Palme d&rsquo;Or de 2022<\/p>\n<p><img decoding=\"async\" alt=\"Palme d'or\" height=\"1304\" src=\"https:\/\/www.webdo.tn\/wp-content\/uploads\/2022\/05\/2.-Wax-Palme-in-caoutchouc-mold.jpg-682x1024.jpg\" width=\"869\"><\/p>\n<p>Fabrication de la Palme en cire.<\/p>\n<p>\u00a0<\/p>\n<p>\u00a0<\/p>\n<p><img decoding=\"async\" alt=\"Palme d'or\" height=\"1331\" src=\"https:\/\/www.webdo.tn\/wp-content\/uploads\/2022\/05\/3.-Fixing-the-wax-Palme-in-the-plaster-mold-682x1024.jpg\" width=\"887\"><\/p>\n<p>Fixation de la palme \u00e0 cire dans le moule en pl\u00e2tre.<\/p>\n<p>\u00a0<\/p>\n<p><img decoding=\"async\" alt=\"\" height=\"1200\" src=\"\/assets\/uploads\/images\/\/Neila\/Chopard%20Or%20slider_palme_01.jpeg\" width=\"931\"><\/p>\n<p>Versement de l&rsquo;or Fairmined dans le moule\u00a0<\/p>\n<p>\u00a0<\/p>\n<p><img decoding=\"async\" alt=\"\" height=\"1279\" src=\"\/assets\/uploads\/images\/\/Neila\/10_%20The%20Palme%20after%20heating%202.jpeg\" width=\"853\"><\/p>\n<p>La palme apr\u00e8s chauffage<\/p>\n<p>\u00a0<\/p>\n<p><img decoding=\"async\" alt=\"\" height=\"1337\" src=\"\/assets\/uploads\/images\/\/Neila\/15_%20Reworking%20the%20shape%20of%20the%20Palme.jpeg\" width=\"891\"><\/p>\n<p>Retravailler la forme de la palme.<\/p>\n<p>\u00a0<\/p>\n<p><img decoding=\"async\" alt=\"\" height=\"1066\" src=\"\/assets\/uploads\/images\/\/Neila\/21_%20Flame%20polishing.jpeg\" width=\"1600\"><\/p>\n<p>La Palme d&rsquo;Or avant le polissage.<\/p>\n<p>\u00a0<\/p>\n<p><img decoding=\"async\" alt=\"\" height=\"1200\" src=\"\/assets\/uploads\/images\/\/Neila\/27_%20Diamond%20setting.jpeg\" width=\"800\"><\/p>\n<p>Sertissage de diamants sur la Palme d&rsquo;Or 2022.<\/p>\n<p>\u00a0<\/p>\n<p><img decoding=\"async\" alt=\"\" height=\"1200\" src=\"\/assets\/uploads\/images\/\/Neila\/30_%20Fixing%20the%20Palme%20on%20its%20pink%20quartz%20base.jpeg\" width=\"800\"><\/p>\n<p>Fixation de la Palme d&rsquo;Or 2022 sur son socle.<\/p>\n<p>\u00a0<\/p>\n<p>Qui sera l&rsquo;heureux ou heureuse \u00e9lu qui remportera cette belle Palme d&rsquo;Or unique? La r\u00e9ponse le 28 mai 2022!<\/p>\n<p><strong>Ne\u00efla Driss<\/strong><\/p>\n<p><em>Lire sur le m\u00eame sujet:<\/em><\/p>\n<ul>\n<li><em><a href=\"https:\/\/www.webdo.tn\/2022\/04\/06\/elvis-de-baz-luhrmann-en-avant-premiere-au-75e-festival-de-cannes\/\">\u00ab Elvis \u00bb de Baz Luhrmann en avant-premi\u00e8re au 75e Festival de Cannes\u00a0<\/a><\/em><\/li>\n<li><em><a href=\"https:\/\/www.webdo.tn\/2022\/04\/14\/cannes-2022-une-premiere-partie-de-la-selection-officielle-annoncee\/\" rel=\"bookmark\" title=\"Cannes 2022 \u2013 Une premi\u00e8re partie de la s\u00e9lection officielle annonc\u00e9e.\">Cannes 2022 \u2013 Une premi\u00e8re partie de la s\u00e9lection officielle annonc\u00e9e.<\/a>\u00a0<\/em><\/li>\n<li><em><a href=\"https:\/\/www.webdo.tn\/2022\/04\/18\/cannes-2022-kaouther-ben-hania-presidente-du-jury-de-la-semaine-de-la-critique\/\">Cannes 2022 : Kaouther Ben Hania, Pr\u00e9sidente du Jury de la semaine de la Critique\u00a0<\/a>\u00a0 \u00a0\u00a0<\/em><\/li>\n<li><em><a href=\"https:\/\/www.webdo.tn\/2022\/04\/19\/cannes-2022-une-affiche-hommage-au-the-truman-show-de-peter-weir\/\">Cannes 2022 \u2013 Une affiche hommage au \u00ab\u00a0The Truman Show\u00a0\u00bb de Peter Weir\u00a0\u00a0\u00a0<\/a><\/em><\/li>\n<li><em><a href=\"https:\/\/www.webdo.tn\/2022\/04\/21\/Cannes%202022%20%E2%80%93%20Deux%20films%20tunisiens%20%C3%A0%20la%20Quinzaine%20des%20R%C3%A9alisateurs.\">Cannes 2022 \u2013 Deux film<\/a><a href=\"https:\/\/www.webdo.tn\/2022\/04\/21\/Cannes%202022%20%E2%80%93%20Deux%20films%20tunisiens%20%C3%A0%20la%20Quinzaine%20des%20R%C3%A9alisateurs.\">s tunisiens \u00e0 la Quinzaine des R\u00e9alisateurs.<\/a><\/em><\/li>\n<li><em><a href=\"https:\/\/www.webdo.tn\/2022\/04\/22\/cannes-2022-le-film-tunisien-harka-en-competition-dans-la-section-un-certain-regard\/\">Cannes 2022 \u2013 Le film tunisien \u00ab\u00a0Harka\u00a0\u00bb en comp\u00e9tition dans la section Un Certain Regard\u00a0<\/a><\/em><\/li>\n<li><em><a href=\"https:\/\/www.webdo.tn\/2022\/04\/26\/cannes-2022-vincent-lindo-presidera-le-jury-longs-metrages\/\" rel=\"bookmark\" title=\"Cannes 2022 \u2013 Vincent Lindo pr\u00e9sidera le Jury longs m\u00e9trages.\">Cannes 2022 \u2013 Vincent Lindo pr\u00e9sidera le Jury longs m\u00e9trages.<\/a><\/em><\/li>\n<li><em><a href=\"https:\/\/www.webdo.tn\/2022\/05\/09\/cannes-2022-affiches-et-synopsis-des-longs-metrages-en-competition-officielle\/\">Cannes 2022 \u2013 Affiches et synopsis des longs m\u00e9trages en comp\u00e9tition officielle\u00a0\u00a0<\/a> <\/em><\/li>\n<li><em><a href=\"https:\/\/www.webdo.tn\/2022\/05\/10\/cannes-2022-synopsis-et-affiches-des-films-de-la-selection-un-certain-regard\/\">Cannes 2022 \u2013 Synopsis et affiches des films de la s\u00e9lection \u00ab Un Certain Regard\u00bb<\/a><\/em><\/li>\n<\/ul><\/div>\n<div class=\"coprs\" style=\"text-align: center\"><\/div><\/div>\n","protected":false},"excerpt":{"rendered":"<p>Cannes 2022 &#8211; Une Palme d\u2019Or sertie de diamants \u00e0 l\u2019occasion du 75\u00e8me anniversaire<\/p>\n","protected":false},"author":3164,"featured_media":349533,"comment_status":"open","ping_status":"closed","sticky":false,"template":"","format":"standard","meta":{"footnotes":""},"categories":[2594],"tags":[3460,9071,2627,3413,8576],"class_list":["post-116612","post","type-post","status-publish","format-standard","has-post-thumbnail","hentry","category-culture","tag-cannes","tag-cannes-2022","tag-festival-de-cannes","tag-palme-dor","tag-trophee"],"yoast_head":"<!-- This site is optimized with the Yoast SEO Premium plugin v27.5 (Yoast SEO v27.5) - https:\/\/yoast.com\/product\/yoast-seo-premium-wordpress\/ -->\n<title>Cannes 2022 - Une Palme d\u2019Or sertie de diamants \u00e0 l\u2019occasion du 75\u00e8me anniversaire<\/title>\n<meta name=\"description\" content=\"Cannes 2022 - Une Palme d\u2019Or sertie de diamants \u00e0 l\u2019occasion du 75\u00e8me anniversaire\" \/>\n<link rel=\"canonical\" href=\"https:\/\/www.webdo.tn\/fr\/actualite\/culture\/cannes-2022-une-palme-dor-sertie-de-diamants-a-loccasion-du-75eme-anniversaire\/116612\/\" \/>\n<meta property=\"og:locale\" content=\"fr_FR\" \/>\n<meta property=\"og:type\" content=\"article\" \/>\n<meta property=\"og:title\" content=\"Cannes 2022 - Une Palme d\u2019Or sertie de diamants \u00e0 l\u2019occasion du 75\u00e8me anniversaire\" \/>\n<meta property=\"og:description\" content=\"Cannes 2022 - Une Palme d\u2019Or sertie de diamants \u00e0 l\u2019occasion du 75\u00e8me anniversaire\" \/>\n<meta property=\"og:url\" content=\"https:\/\/www.webdo.tn\/fr\/actualite\/culture\/cannes-2022-une-palme-dor-sertie-de-diamants-a-loccasion-du-75eme-anniversaire\/116612\/\" \/>\n<meta property=\"og:site_name\" content=\"webdo\" \/>\n<meta property=\"article:publisher\" content=\"https:\/\/www.facebook.com\/webdotn\" \/>\n<meta property=\"article:author\" content=\"https:\/\/www.facebook.com\/massir.destiniii\/\" \/>\n<meta property=\"article:published_time\" content=\"2022-05-10T20:29:00+00:00\" \/>\n<meta property=\"article:modified_time\" content=\"2025-05-22T12:00:40+00:00\" \/>\n<meta property=\"og:image\" content=\"https:\/\/www.webdo.tn\/fr\/wp-content\/uploads\/2022\/05\/cannes-2022-chopard-Palme-dor-1.jpg\" \/>\n\t<meta property=\"og:image:width\" content=\"1000\" \/>\n\t<meta property=\"og:image:height\" content=\"750\" \/>\n\t<meta property=\"og:image:type\" content=\"image\/jpeg\" \/>\n<meta name=\"author\" content=\"Ne\u00efla DRISS\" \/>\n<meta name=\"twitter:card\" content=\"summary_large_image\" \/>\n<meta name=\"twitter:creator\" content=\"@https:\/\/x.com\/MassirDestin\" \/>\n<meta name=\"twitter:site\" content=\"@webdo_tn\" \/>\n<meta name=\"twitter:label1\" content=\"\u00c9crit par\" \/>\n\t<meta name=\"twitter:data1\" content=\"Ne\u00efla DRISS\" \/>\n\t<meta name=\"twitter:label2\" content=\"Dur\u00e9e de lecture estim\u00e9e\" \/>\n\t<meta name=\"twitter:data2\" content=\"6 minutes\" \/>\n<script type=\"application\/ld+json\" class=\"yoast-schema-graph\">{\"@context\":\"https:\\\/\\\/schema.org\",\"@graph\":[{\"@type\":\"NewsArticle\",\"@id\":\"https:\\\/\\\/www.webdo.tn\\\/fr\\\/actualite\\\/culture\\\/cannes-2022-une-palme-dor-sertie-de-diamants-a-loccasion-du-75eme-anniversaire\\\/116612\\\/#article\",\"isPartOf\":{\"@id\":\"https:\\\/\\\/www.webdo.tn\\\/fr\\\/actualite\\\/culture\\\/cannes-2022-une-palme-dor-sertie-de-diamants-a-loccasion-du-75eme-anniversaire\\\/116612\\\/\"},\"author\":{\"name\":\"Ne\u00efla DRISS\",\"@id\":\"https:\\\/\\\/www.webdo.tn\\\/fr\\\/#\\\/schema\\\/person\\\/60d5ba619ed3f58783b0dc82b7dada80\"},\"headline\":\"Cannes 2022 &#8211; Une Palme d\u2019Or sertie de diamants \u00e0 l\u2019occasion du 75\u00e8me anniversaire\",\"datePublished\":\"2022-05-10T20:29:00+00:00\",\"dateModified\":\"2025-05-22T12:00:40+00:00\",\"mainEntityOfPage\":{\"@id\":\"https:\\\/\\\/www.webdo.tn\\\/fr\\\/actualite\\\/culture\\\/cannes-2022-une-palme-dor-sertie-de-diamants-a-loccasion-du-75eme-anniversaire\\\/116612\\\/\"},\"wordCount\":1268,\"commentCount\":0,\"publisher\":{\"@id\":\"https:\\\/\\\/www.webdo.tn\\\/fr\\\/#organization\"},\"image\":{\"@id\":\"https:\\\/\\\/www.webdo.tn\\\/fr\\\/actualite\\\/culture\\\/cannes-2022-une-palme-dor-sertie-de-diamants-a-loccasion-du-75eme-anniversaire\\\/116612\\\/#primaryimage\"},\"thumbnailUrl\":\"https:\\\/\\\/www.webdo.tn\\\/fr\\\/wp-content\\\/uploads\\\/2022\\\/05\\\/cannes-2022-chopard-Palme-dor-1.jpg\",\"keywords\":[\"cannes\",\"Cannes 2022\",\"Festival de Cannes\",\"Palme d'Or\",\"troph\u00e9e\"],\"articleSection\":[\"Culture\"],\"inLanguage\":\"fr-FR\"},{\"@type\":\"WebPage\",\"@id\":\"https:\\\/\\\/www.webdo.tn\\\/fr\\\/actualite\\\/culture\\\/cannes-2022-une-palme-dor-sertie-de-diamants-a-loccasion-du-75eme-anniversaire\\\/116612\\\/\",\"url\":\"https:\\\/\\\/www.webdo.tn\\\/fr\\\/actualite\\\/culture\\\/cannes-2022-une-palme-dor-sertie-de-diamants-a-loccasion-du-75eme-anniversaire\\\/116612\\\/\",\"name\":\"Cannes 2022 - Une Palme d\u2019Or sertie de diamants \u00e0 l\u2019occasion du 75\u00e8me anniversaire\",\"isPartOf\":{\"@id\":\"https:\\\/\\\/www.webdo.tn\\\/fr\\\/#website\"},\"primaryImageOfPage\":{\"@id\":\"https:\\\/\\\/www.webdo.tn\\\/fr\\\/actualite\\\/culture\\\/cannes-2022-une-palme-dor-sertie-de-diamants-a-loccasion-du-75eme-anniversaire\\\/116612\\\/#primaryimage\"},\"image\":{\"@id\":\"https:\\\/\\\/www.webdo.tn\\\/fr\\\/actualite\\\/culture\\\/cannes-2022-une-palme-dor-sertie-de-diamants-a-loccasion-du-75eme-anniversaire\\\/116612\\\/#primaryimage\"},\"thumbnailUrl\":\"https:\\\/\\\/www.webdo.tn\\\/fr\\\/wp-content\\\/uploads\\\/2022\\\/05\\\/cannes-2022-chopard-Palme-dor-1.jpg\",\"datePublished\":\"2022-05-10T20:29:00+00:00\",\"dateModified\":\"2025-05-22T12:00:40+00:00\",\"description\":\"Cannes 2022 - Une Palme d\u2019Or sertie de diamants \u00e0 l\u2019occasion du 75\u00e8me anniversaire\",\"breadcrumb\":{\"@id\":\"https:\\\/\\\/www.webdo.tn\\\/fr\\\/actualite\\\/culture\\\/cannes-2022-une-palme-dor-sertie-de-diamants-a-loccasion-du-75eme-anniversaire\\\/116612\\\/#breadcrumb\"},\"inLanguage\":\"fr-FR\",\"potentialAction\":[{\"@type\":\"ReadAction\",\"target\":[\"https:\\\/\\\/www.webdo.tn\\\/fr\\\/actualite\\\/culture\\\/cannes-2022-une-palme-dor-sertie-de-diamants-a-loccasion-du-75eme-anniversaire\\\/116612\\\/\"]}]},{\"@type\":\"ImageObject\",\"inLanguage\":\"fr-FR\",\"@id\":\"https:\\\/\\\/www.webdo.tn\\\/fr\\\/actualite\\\/culture\\\/cannes-2022-une-palme-dor-sertie-de-diamants-a-loccasion-du-75eme-anniversaire\\\/116612\\\/#primaryimage\",\"url\":\"https:\\\/\\\/www.webdo.tn\\\/fr\\\/wp-content\\\/uploads\\\/2022\\\/05\\\/cannes-2022-chopard-Palme-dor-1.jpg\",\"contentUrl\":\"https:\\\/\\\/www.webdo.tn\\\/fr\\\/wp-content\\\/uploads\\\/2022\\\/05\\\/cannes-2022-chopard-Palme-dor-1.jpg\",\"width\":1000,\"height\":750,\"caption\":\"Cannes 2022 - Une Palme d\u2019Or sertie de diamants \u00e0 l\u2019occasion du 75\u00e8me anniversaire\"},{\"@type\":\"BreadcrumbList\",\"@id\":\"https:\\\/\\\/www.webdo.tn\\\/fr\\\/actualite\\\/culture\\\/cannes-2022-une-palme-dor-sertie-de-diamants-a-loccasion-du-75eme-anniversaire\\\/116612\\\/#breadcrumb\",\"itemListElement\":[{\"@type\":\"ListItem\",\"position\":1,\"name\":\"Accueil\",\"item\":\"https:\\\/\\\/www.webdo.tn\\\/fr\\\/\"},{\"@type\":\"ListItem\",\"position\":2,\"name\":\"Cannes 2022 &#8211; Une Palme d\u2019Or sertie de diamants \u00e0 l\u2019occasion du 75\u00e8me anniversaire\"}]},{\"@type\":\"WebSite\",\"@id\":\"https:\\\/\\\/www.webdo.tn\\\/fr\\\/#website\",\"url\":\"https:\\\/\\\/www.webdo.tn\\\/fr\\\/\",\"name\":\"webdo\",\"description\":\"Tunisie - News en Tunisie et \u00e0 l&#039;international sur Webdo.tn\",\"publisher\":{\"@id\":\"https:\\\/\\\/www.webdo.tn\\\/fr\\\/#organization\"},\"potentialAction\":[{\"@type\":\"SearchAction\",\"target\":{\"@type\":\"EntryPoint\",\"urlTemplate\":\"https:\\\/\\\/www.webdo.tn\\\/fr\\\/?s={search_term_string}\"},\"query-input\":{\"@type\":\"PropertyValueSpecification\",\"valueRequired\":true,\"valueName\":\"search_term_string\"}}],\"inLanguage\":\"fr-FR\"},{\"@type\":\"Organization\",\"@id\":\"https:\\\/\\\/www.webdo.tn\\\/fr\\\/#organization\",\"name\":\"Webdo\",\"alternateName\":\"Webdo.tn\",\"url\":\"https:\\\/\\\/www.webdo.tn\\\/fr\\\/\",\"logo\":{\"@type\":\"ImageObject\",\"inLanguage\":\"fr-FR\",\"@id\":\"https:\\\/\\\/www.webdo.tn\\\/fr\\\/#\\\/schema\\\/logo\\\/image\\\/\",\"url\":\"https:\\\/\\\/www.webdo.tn\\\/fr\\\/wp-content\\\/uploads\\\/2025\\\/06\\\/Webdo-Tunisie_168377.jpg\",\"contentUrl\":\"https:\\\/\\\/www.webdo.tn\\\/fr\\\/wp-content\\\/uploads\\\/2025\\\/06\\\/Webdo-Tunisie_168377.jpg\",\"width\":301,\"height\":301,\"caption\":\"Webdo\"},\"image\":{\"@id\":\"https:\\\/\\\/www.webdo.tn\\\/fr\\\/#\\\/schema\\\/logo\\\/image\\\/\"},\"sameAs\":[\"https:\\\/\\\/www.facebook.com\\\/webdotn\",\"https:\\\/\\\/x.com\\\/webdo_tn\"],\"description\":\"Webdo est un m\u00e9dia num\u00e9rique tunisien fond\u00e9 en 2010, sp\u00e9cialis\u00e9 dans l\u2019actualit\u00e9 nationale et internationale, l\u2019\u00e9conomie, la soci\u00e9t\u00e9 et les analyses politiques. Le site s\u2019adresse \u00e0 un large public francophone et couvre l\u2019information tunisienne en temps r\u00e9el.\",\"email\":\"redac@webdo.tn\",\"legalName\":\"YNJ SARL\",\"foundingDate\":\"2010-09-06\",\"numberOfEmployees\":{\"@type\":\"QuantitativeValue\",\"minValue\":\"11\",\"maxValue\":\"50\"}},{\"@type\":\"Person\",\"@id\":\"https:\\\/\\\/www.webdo.tn\\\/fr\\\/#\\\/schema\\\/person\\\/60d5ba619ed3f58783b0dc82b7dada80\",\"name\":\"Ne\u00efla DRISS\",\"image\":{\"@type\":\"ImageObject\",\"inLanguage\":\"fr-FR\",\"@id\":\"https:\\\/\\\/www.webdo.tn\\\/fr\\\/wp-content\\\/uploads\\\/2026\\\/04\\\/neila-driss_avatar-96x96.jpg\",\"url\":\"https:\\\/\\\/www.webdo.tn\\\/fr\\\/wp-content\\\/uploads\\\/2026\\\/04\\\/neila-driss_avatar-96x96.jpg\",\"contentUrl\":\"https:\\\/\\\/www.webdo.tn\\\/fr\\\/wp-content\\\/uploads\\\/2026\\\/04\\\/neila-driss_avatar-96x96.jpg\",\"caption\":\"Ne\u00efla DRISS\"},\"description\":\"Ne\u00efla Driss est juriste, journaliste culturelle et critique de cin\u00e9ma tunisienne. Titulaire d\u2019un DEA en droit priv\u00e9 de l\u2019Universit\u00e9 Paris II et d\u2019un DESS de l\u2019IHEC Carthage, elle d\u00e9bute sa carri\u00e8re comme juriste sp\u00e9cialis\u00e9e en gestion de patrimoine immobilier. Elle s\u2019oriente ensuite vers l\u2019\u00e9criture en ligne, o\u00f9 elle se distingue d\u00e8s 2006 aux Tunisia Blog Awards, avant de se consacrer au journalisme culturel, avec une sp\u00e9cialisation dans la critique cin\u00e9matographique. Elle couvre r\u00e9guli\u00e8rement les grands festivals internationaux, notamment le Festival de Cannes, les Journ\u00e9es Cin\u00e9matographiques de Carthage et le Festival du film du Caire. Membre de l\u2019ATPCC et de la FIPRESCI, elle participe \u00e0 des jurys et initiatives internationales de critique. Depuis 2024, elle est \u00e9lectrice internationale aux Golden Globes. Facebook : https:\\\/\\\/www.facebook.com\\\/massir.destiniii\\\/ X : https:\\\/\\\/x.com\\\/MassirDestin\",\"sameAs\":[\"https:\\\/\\\/www.facebook.com\\\/massir.destiniii\\\/\",\"https:\\\/\\\/www.instagram.com\\\/neila.driss\\\/?hl=fr\",\"https:\\\/\\\/www.linkedin.com\\\/in\\\/neila-driss-22606a80\\\/\",\"https:\\\/\\\/x.com\\\/https:\\\/\\\/x.com\\\/MassirDestin\"],\"knowsAbout\":[\"Cin\u00e9ma international\",\"critique cin\u00e9matographique\",\"festivals de cin\u00e9ma\",\"journalisme culturel\"],\"knowsLanguage\":[\"Fran\u00e7ais\",\"Arabe\",\"Anglais\"],\"jobTitle\":\"Journaliste culturelle et critique de cin\u00e9ma\",\"worksFor\":\"Webdo\",\"url\":\"https:\\\/\\\/www.webdo.tn\\\/fr\\\/actualite\\\/author\\\/neila-driss\\\/\"}]}<\/script>\n<!-- \/ Yoast SEO Premium plugin. -->","yoast_head_json":{"title":"Cannes 2022 - Une Palme d\u2019Or sertie de diamants \u00e0 l\u2019occasion du 75\u00e8me anniversaire","description":"Cannes 2022 - Une Palme d\u2019Or sertie de diamants \u00e0 l\u2019occasion du 75\u00e8me anniversaire","canonical":"https:\/\/www.webdo.tn\/fr\/actualite\/culture\/cannes-2022-une-palme-dor-sertie-de-diamants-a-loccasion-du-75eme-anniversaire\/116612\/","og_locale":"fr_FR","og_type":"article","og_title":"Cannes 2022 - Une Palme d\u2019Or sertie de diamants \u00e0 l\u2019occasion du 75\u00e8me anniversaire","og_description":"Cannes 2022 - Une Palme d\u2019Or sertie de diamants \u00e0 l\u2019occasion du 75\u00e8me anniversaire","og_url":"https:\/\/www.webdo.tn\/fr\/actualite\/culture\/cannes-2022-une-palme-dor-sertie-de-diamants-a-loccasion-du-75eme-anniversaire\/116612\/","og_site_name":"webdo","article_publisher":"https:\/\/www.facebook.com\/webdotn","article_author":"https:\/\/www.facebook.com\/massir.destiniii\/","article_published_time":"2022-05-10T20:29:00+00:00","article_modified_time":"2025-05-22T12:00:40+00:00","og_image":[{"width":1000,"height":750,"url":"https:\/\/www.webdo.tn\/fr\/wp-content\/uploads\/2022\/05\/cannes-2022-chopard-Palme-dor-1.jpg","type":"image\/jpeg"}],"author":"Ne\u00efla DRISS","twitter_card":"summary_large_image","twitter_creator":"@https:\/\/x.com\/MassirDestin","twitter_site":"@webdo_tn","twitter_misc":{"\u00c9crit par":"Ne\u00efla DRISS","Dur\u00e9e de lecture estim\u00e9e":"6 minutes"},"schema":{"@context":"https:\/\/schema.org","@graph":[{"@type":"NewsArticle","@id":"https:\/\/www.webdo.tn\/fr\/actualite\/culture\/cannes-2022-une-palme-dor-sertie-de-diamants-a-loccasion-du-75eme-anniversaire\/116612\/#article","isPartOf":{"@id":"https:\/\/www.webdo.tn\/fr\/actualite\/culture\/cannes-2022-une-palme-dor-sertie-de-diamants-a-loccasion-du-75eme-anniversaire\/116612\/"},"author":{"name":"Ne\u00efla DRISS","@id":"https:\/\/www.webdo.tn\/fr\/#\/schema\/person\/60d5ba619ed3f58783b0dc82b7dada80"},"headline":"Cannes 2022 &#8211; Une Palme d\u2019Or sertie de diamants \u00e0 l\u2019occasion du 75\u00e8me anniversaire","datePublished":"2022-05-10T20:29:00+00:00","dateModified":"2025-05-22T12:00:40+00:00","mainEntityOfPage":{"@id":"https:\/\/www.webdo.tn\/fr\/actualite\/culture\/cannes-2022-une-palme-dor-sertie-de-diamants-a-loccasion-du-75eme-anniversaire\/116612\/"},"wordCount":1268,"commentCount":0,"publisher":{"@id":"https:\/\/www.webdo.tn\/fr\/#organization"},"image":{"@id":"https:\/\/www.webdo.tn\/fr\/actualite\/culture\/cannes-2022-une-palme-dor-sertie-de-diamants-a-loccasion-du-75eme-anniversaire\/116612\/#primaryimage"},"thumbnailUrl":"https:\/\/www.webdo.tn\/fr\/wp-content\/uploads\/2022\/05\/cannes-2022-chopard-Palme-dor-1.jpg","keywords":["cannes","Cannes 2022","Festival de Cannes","Palme d'Or","troph\u00e9e"],"articleSection":["Culture"],"inLanguage":"fr-FR"},{"@type":"WebPage","@id":"https:\/\/www.webdo.tn\/fr\/actualite\/culture\/cannes-2022-une-palme-dor-sertie-de-diamants-a-loccasion-du-75eme-anniversaire\/116612\/","url":"https:\/\/www.webdo.tn\/fr\/actualite\/culture\/cannes-2022-une-palme-dor-sertie-de-diamants-a-loccasion-du-75eme-anniversaire\/116612\/","name":"Cannes 2022 - Une Palme d\u2019Or sertie de diamants \u00e0 l\u2019occasion du 75\u00e8me anniversaire","isPartOf":{"@id":"https:\/\/www.webdo.tn\/fr\/#website"},"primaryImageOfPage":{"@id":"https:\/\/www.webdo.tn\/fr\/actualite\/culture\/cannes-2022-une-palme-dor-sertie-de-diamants-a-loccasion-du-75eme-anniversaire\/116612\/#primaryimage"},"image":{"@id":"https:\/\/www.webdo.tn\/fr\/actualite\/culture\/cannes-2022-une-palme-dor-sertie-de-diamants-a-loccasion-du-75eme-anniversaire\/116612\/#primaryimage"},"thumbnailUrl":"https:\/\/www.webdo.tn\/fr\/wp-content\/uploads\/2022\/05\/cannes-2022-chopard-Palme-dor-1.jpg","datePublished":"2022-05-10T20:29:00+00:00","dateModified":"2025-05-22T12:00:40+00:00","description":"Cannes 2022 - Une Palme d\u2019Or sertie de diamants \u00e0 l\u2019occasion du 75\u00e8me anniversaire","breadcrumb":{"@id":"https:\/\/www.webdo.tn\/fr\/actualite\/culture\/cannes-2022-une-palme-dor-sertie-de-diamants-a-loccasion-du-75eme-anniversaire\/116612\/#breadcrumb"},"inLanguage":"fr-FR","potentialAction":[{"@type":"ReadAction","target":["https:\/\/www.webdo.tn\/fr\/actualite\/culture\/cannes-2022-une-palme-dor-sertie-de-diamants-a-loccasion-du-75eme-anniversaire\/116612\/"]}]},{"@type":"ImageObject","inLanguage":"fr-FR","@id":"https:\/\/www.webdo.tn\/fr\/actualite\/culture\/cannes-2022-une-palme-dor-sertie-de-diamants-a-loccasion-du-75eme-anniversaire\/116612\/#primaryimage","url":"https:\/\/www.webdo.tn\/fr\/wp-content\/uploads\/2022\/05\/cannes-2022-chopard-Palme-dor-1.jpg","contentUrl":"https:\/\/www.webdo.tn\/fr\/wp-content\/uploads\/2022\/05\/cannes-2022-chopard-Palme-dor-1.jpg","width":1000,"height":750,"caption":"Cannes 2022 - Une Palme d\u2019Or sertie de diamants \u00e0 l\u2019occasion du 75\u00e8me anniversaire"},{"@type":"BreadcrumbList","@id":"https:\/\/www.webdo.tn\/fr\/actualite\/culture\/cannes-2022-une-palme-dor-sertie-de-diamants-a-loccasion-du-75eme-anniversaire\/116612\/#breadcrumb","itemListElement":[{"@type":"ListItem","position":1,"name":"Accueil","item":"https:\/\/www.webdo.tn\/fr\/"},{"@type":"ListItem","position":2,"name":"Cannes 2022 &#8211; Une Palme d\u2019Or sertie de diamants \u00e0 l\u2019occasion du 75\u00e8me anniversaire"}]},{"@type":"WebSite","@id":"https:\/\/www.webdo.tn\/fr\/#website","url":"https:\/\/www.webdo.tn\/fr\/","name":"webdo","description":"Tunisie - News en Tunisie et \u00e0 l&#039;international sur Webdo.tn","publisher":{"@id":"https:\/\/www.webdo.tn\/fr\/#organization"},"potentialAction":[{"@type":"SearchAction","target":{"@type":"EntryPoint","urlTemplate":"https:\/\/www.webdo.tn\/fr\/?s={search_term_string}"},"query-input":{"@type":"PropertyValueSpecification","valueRequired":true,"valueName":"search_term_string"}}],"inLanguage":"fr-FR"},{"@type":"Organization","@id":"https:\/\/www.webdo.tn\/fr\/#organization","name":"Webdo","alternateName":"Webdo.tn","url":"https:\/\/www.webdo.tn\/fr\/","logo":{"@type":"ImageObject","inLanguage":"fr-FR","@id":"https:\/\/www.webdo.tn\/fr\/#\/schema\/logo\/image\/","url":"https:\/\/www.webdo.tn\/fr\/wp-content\/uploads\/2025\/06\/Webdo-Tunisie_168377.jpg","contentUrl":"https:\/\/www.webdo.tn\/fr\/wp-content\/uploads\/2025\/06\/Webdo-Tunisie_168377.jpg","width":301,"height":301,"caption":"Webdo"},"image":{"@id":"https:\/\/www.webdo.tn\/fr\/#\/schema\/logo\/image\/"},"sameAs":["https:\/\/www.facebook.com\/webdotn","https:\/\/x.com\/webdo_tn"],"description":"Webdo est un m\u00e9dia num\u00e9rique tunisien fond\u00e9 en 2010, sp\u00e9cialis\u00e9 dans l\u2019actualit\u00e9 nationale et internationale, l\u2019\u00e9conomie, la soci\u00e9t\u00e9 et les analyses politiques. Le site s\u2019adresse \u00e0 un large public francophone et couvre l\u2019information tunisienne en temps r\u00e9el.","email":"redac@webdo.tn","legalName":"YNJ SARL","foundingDate":"2010-09-06","numberOfEmployees":{"@type":"QuantitativeValue","minValue":"11","maxValue":"50"}},{"@type":"Person","@id":"https:\/\/www.webdo.tn\/fr\/#\/schema\/person\/60d5ba619ed3f58783b0dc82b7dada80","name":"Ne\u00efla DRISS","image":{"@type":"ImageObject","inLanguage":"fr-FR","@id":"https:\/\/www.webdo.tn\/fr\/wp-content\/uploads\/2026\/04\/neila-driss_avatar-96x96.jpg","url":"https:\/\/www.webdo.tn\/fr\/wp-content\/uploads\/2026\/04\/neila-driss_avatar-96x96.jpg","contentUrl":"https:\/\/www.webdo.tn\/fr\/wp-content\/uploads\/2026\/04\/neila-driss_avatar-96x96.jpg","caption":"Ne\u00efla DRISS"},"description":"Ne\u00efla Driss est juriste, journaliste culturelle et critique de cin\u00e9ma tunisienne. Titulaire d\u2019un DEA en droit priv\u00e9 de l\u2019Universit\u00e9 Paris II et d\u2019un DESS de l\u2019IHEC Carthage, elle d\u00e9bute sa carri\u00e8re comme juriste sp\u00e9cialis\u00e9e en gestion de patrimoine immobilier. Elle s\u2019oriente ensuite vers l\u2019\u00e9criture en ligne, o\u00f9 elle se distingue d\u00e8s 2006 aux Tunisia Blog Awards, avant de se consacrer au journalisme culturel, avec une sp\u00e9cialisation dans la critique cin\u00e9matographique. Elle couvre r\u00e9guli\u00e8rement les grands festivals internationaux, notamment le Festival de Cannes, les Journ\u00e9es Cin\u00e9matographiques de Carthage et le Festival du film du Caire. Membre de l\u2019ATPCC et de la FIPRESCI, elle participe \u00e0 des jurys et initiatives internationales de critique. Depuis 2024, elle est \u00e9lectrice internationale aux Golden Globes. Facebook : https:\/\/www.facebook.com\/massir.destiniii\/ X : https:\/\/x.com\/MassirDestin","sameAs":["https:\/\/www.facebook.com\/massir.destiniii\/","https:\/\/www.instagram.com\/neila.driss\/?hl=fr","https:\/\/www.linkedin.com\/in\/neila-driss-22606a80\/","https:\/\/x.com\/https:\/\/x.com\/MassirDestin"],"knowsAbout":["Cin\u00e9ma international","critique cin\u00e9matographique","festivals de cin\u00e9ma","journalisme culturel"],"knowsLanguage":["Fran\u00e7ais","Arabe","Anglais"],"jobTitle":"Journaliste culturelle et critique de cin\u00e9ma","worksFor":"Webdo","url":"https:\/\/www.webdo.tn\/fr\/actualite\/author\/neila-driss\/"}]}},"_links":{"self":[{"href":"https:\/\/www.webdo.tn\/fr\/wp-json\/wp\/v2\/posts\/116612","targetHints":{"allow":["GET"]}}],"collection":[{"href":"https:\/\/www.webdo.tn\/fr\/wp-json\/wp\/v2\/posts"}],"about":[{"href":"https:\/\/www.webdo.tn\/fr\/wp-json\/wp\/v2\/types\/post"}],"author":[{"embeddable":true,"href":"https:\/\/www.webdo.tn\/fr\/wp-json\/wp\/v2\/users\/3164"}],"replies":[{"embeddable":true,"href":"https:\/\/www.webdo.tn\/fr\/wp-json\/wp\/v2\/comments?post=116612"}],"version-history":[{"count":0,"href":"https:\/\/www.webdo.tn\/fr\/wp-json\/wp\/v2\/posts\/116612\/revisions"}],"wp:featuredmedia":[{"embeddable":true,"href":"https:\/\/www.webdo.tn\/fr\/wp-json\/wp\/v2\/media\/349533"}],"wp:attachment":[{"href":"https:\/\/www.webdo.tn\/fr\/wp-json\/wp\/v2\/media?parent=116612"}],"wp:term":[{"taxonomy":"category","embeddable":true,"href":"https:\/\/www.webdo.tn\/fr\/wp-json\/wp\/v2\/categories?post=116612"},{"taxonomy":"post_tag","embeddable":true,"href":"https:\/\/www.webdo.tn\/fr\/wp-json\/wp\/v2\/tags?post=116612"}],"curies":[{"name":"wp","href":"https:\/\/api.w.org\/{rel}","templated":true}]}}