{"id":116593,"date":"2022-10-03T11:03:00","date_gmt":"2022-10-03T11:03:00","guid":{"rendered":"https:\/\/www.webdo.tn\/fr\/actualite\/blog\/le-film-egyptien-19b-selectionne-pour-la-competition-internationale-du-44e-festival-international-du-film-du-caire-2\/116593\/"},"modified":"2025-05-22T11:48:23","modified_gmt":"2025-05-22T11:48:23","slug":"le-film-egyptien-19b-selectionne-pour-la-competition-internationale-du-44e-festival-international-du-film-du-caire-2","status":"publish","type":"post","link":"https:\/\/www.webdo.tn\/fr\/actualite\/culture\/le-film-egyptien-19b-selectionne-pour-la-competition-internationale-du-44e-festival-international-du-film-du-caire-2\/116593\/","title":{"rendered":"\u00ab\u00a019B\u00a0\u00bb s\u00e9lectionn\u00e9 pour le 44e Festival International du Film du Caire"},"content":{"rendered":"<div class=\"single-body entry-content typography-copy\" itemprop=\"articleBody\">\n<p style=\"font-weight: bold; text-align: justify\">\n<div class=\"coprs\" style=\"text-align: center\"><\/div>\n<div class=\"coprs\" style=\"text-align: justify\">\n<p>\u00a0<\/p>\n<p>Le film \u00e9gyptien <strong><em>19B<\/em><\/strong> du r\u00e9alisateur Ahmad Abdalla a \u00e9t\u00e9 s\u00e9lectionn\u00e9 pour \u00eatre projet\u00e9, en premi\u00e8re mondiale, dans le cadre de la comp\u00e9tition internationale de la prochaine \u00e9dition du Festival International du Film du Caire (CIFF) qui se d\u00e9roulera du 13 au 22 novembre 2022.<\/p>\n<p><em>19B<\/em> est \u00e9crit et r\u00e9alis\u00e9 par Ahmad Abdalla, avec dans les principaux r\u00f4les Sayed Ragab, Ahmed Khaled Saleh, Nahed El Sebai et Fadwa Abed. En outre le film est produit par Film Clinic et verra donc le retour de <a href=\"https:\/\/www.webdo.tn\/2017\/02\/08\/mohamed-hefzy-dingenieur-metallurgie-medecin-cinema-arabe\/\">Mohamed Hefzy<\/a> au festival du Caire, mais en tant que producteur, apr\u00e8s en avoir \u00e9t\u00e9 le pr\u00e9sident pendant 4 ann\u00e9es cons\u00e9cutives.<\/p>\n<p>Dans ce film plein de suspense, les \u00e9v\u00e9nements suivent le gardien d\u2019une propri\u00e9t\u00e9 qui m\u00e8ne une vie recluse dans la villa abandonn\u00e9e qu&rsquo;il garde, et dont une confrontation avec une personne qui habite dans la rue en face l&rsquo;obligera \u00e0 changer compl\u00e8tement son style de vie.<\/p>\n<p><em>B19<\/em> est le 6<sup>\u00e8me<\/sup> long m\u00e9trage de fiction d\u2019Ahmad Abdalla, qui depuis son premier film <em>H\u00e9liopolis<\/em> (2009) innove et \u00e9tonne \u00e0 chaque fois par des films diff\u00e9rents. Son 2<sup>\u00e8me<\/sup> long m\u00e9trage de fiction <em>Microphone<\/em> (2010) a marqu\u00e9 un tournant dans l\u2019histoire du cin\u00e9ma ind\u00e9pendant \u00e9gyptien, certains m\u00eame disant qu\u2019il s\u2019agit en r\u00e9alit\u00e9 du premier film r\u00e9ellement ind\u00e9pendant du cin\u00e9ma \u00e9gyptien, et qu\u2019il avait en quelque sorte \u00e9galement annonc\u00e9 la r\u00e9volution \u00e9gyptienne.<em> Microphone<\/em> avait d\u2019ailleurs remport\u00e9 le Tanit d\u2019Or aux JCC 2010.<\/p>\n<p><em>D\u00e9cor<\/em> (2014), son 3<sup>\u00e8me<\/sup> long m\u00e9trage de fiction, avait \u00e9galement \u00e9t\u00e9 s\u00e9lectionn\u00e9 \u00e0 la comp\u00e9tition officielle des JCC 2014. Un film tourn\u00e9 en noir et blanc, \u00e0 la fois hommage \u00e0 l\u2019\u00e2ge d\u2019or du cin\u00e9ma \u00e9gyptien, et une r\u00e9flexion sur la crise de la quarantaine et les choix de vie \u00e0 faire.<\/p>\n<p><em>Exterior\/Night<\/em> (2018), son avant dernier film, qui avait \u00e9t\u00e9 pr\u00e9sent\u00e9 en premi\u00e8re mondiale au CIFF et y avait remport\u00e9 le Prix de meilleur interpr\u00e9tation masculine pour Sherif El Desouky, avait ensuite \u00e9t\u00e9 s\u00e9lectionn\u00e9 dans plusieurs autres festivals de cin\u00e9ma et y a r\u00e9colt\u00e9 quelques prix.<\/p>\n<p><img decoding=\"async\" alt=\"CIFF 44 19B\" height=\"995\" src=\"https:\/\/www.webdo.tn\/wp-content\/uploads\/2022\/10\/19-B-Affiche-716x1024.jpg\" width=\"696\"> l&rsquo;affiche du film 19B, r\u00e9alis\u00e9 par Ahmad Abdalla.\u00a0<\/p>\n<p>Commentant cette s\u00e9lection, <a href=\"https:\/\/www.webdo.tn\/2022\/03\/16\/lacteur-hussein-fahmy-president-de-la-44eme-edition-du-festival-international-du-film-du-caire\/\">Hussein Fahmy, pr\u00e9sident du Festival International du Film du Caire<\/a>, a d\u00e9clar\u00e9 : \u00ab <em>Le film a \u00e9t\u00e9 ador\u00e9 par les programmateurs du festival, ce qui nous a donn\u00e9 envie de l&rsquo;inclure dans la liste des films en comp\u00e9tition internationale. Nous attendons avec impatience la projection du film car nous sommes convaincus qu&rsquo;il sera bien accueilli par le public et les critiques de cin\u00e9ma<\/em>\u00a0\u00bb.<\/p>\n<p><a href=\"https:\/\/www.webdo.tn\/2022\/03\/29\/le-realisateur-amir-ramses-nomme-directeur-du-44e-festival-international-du-film-du-caire\/\">Amir Rams\u00e8s, directeur du Festival International du Film du Caire<\/a>, a comment\u00e9 : \u00ab<em> Le r\u00e9alisateur du film, Ahmad Abdalla, est surtout connu pour ses titres qui ont toujours remport\u00e9 un succ\u00e8s sans pr\u00e9c\u00e9dent dans les festivals internationaux et r\u00e9gionaux, gagnant \u00e0 chaque fois des r\u00e9compenses internationales<\/em>\u00a0\u00bb.<\/p>\n<p>Il a en outre remarqu\u00e9 que les films d&rsquo;Ahmad Abdalla ont quasiment toujours fait partie de la programmation cin\u00e9matographique du CIFF : \u00ab <em>Microphone, H\u00e9liopolis et D\u00e9cor ont d\u00e9j\u00e0 \u00e9t\u00e9 projet\u00e9s au Festival international du film du Caire. Sa derni\u00e8re victoire a \u00e9t\u00e9 marqu\u00e9e par Exterior\/Night qui a re\u00e7u le prix du meilleur acteur lors de l&rsquo;\u00e9dition du festival en 2018<\/em>\u00bb.<\/p>\n<p>Le Festival international du film du Caire est l&rsquo;un des plus anciens festivals de cin\u00e9ma du monde arabe et d&rsquo;Afrique et le seul festival de la r\u00e9gion \u00e0 \u00eatre accr\u00e9dit\u00e9 en tant que festival (A) par (FIAPF) &#8211; la F\u00e9d\u00e9ration internationale des producteurs de films.<\/p>\n<p><strong>Ne\u00efla Driss<\/strong><\/p>\n<\/p><\/div>\n<div class=\"coprs\" style=\"text-align: center\"><\/div><\/div>\n","protected":false},"excerpt":{"rendered":"<p> 19B  s\u00e9lectionn\u00e9 pour le 44e Festival International du Film du Caire<\/p>\n","protected":false},"author":3164,"featured_media":348801,"comment_status":"open","ping_status":"closed","sticky":false,"template":"","format":"standard","meta":{"footnotes":""},"categories":[2594],"tags":[],"class_list":["post-116593","post","type-post","status-publish","format-standard","has-post-thumbnail","hentry","category-culture"],"yoast_head":"<!-- This site is optimized with the Yoast SEO Premium plugin v27.5 (Yoast SEO v27.5) - https:\/\/yoast.com\/product\/yoast-seo-premium-wordpress\/ -->\n<title>19B s\u00e9lectionn\u00e9 pour le 44e Festival International du Film du Caire<\/title>\n<meta name=\"description\" content=\"19B s\u00e9lectionn\u00e9 pour le 44e Festival International du Film du Caire\" \/>\n<link rel=\"canonical\" href=\"https:\/\/www.webdo.tn\/fr\/actualite\/culture\/le-film-egyptien-19b-selectionne-pour-la-competition-internationale-du-44e-festival-international-du-film-du-caire-2\/116593\/\" \/>\n<meta property=\"og:locale\" content=\"fr_FR\" \/>\n<meta property=\"og:type\" content=\"article\" \/>\n<meta property=\"og:title\" content=\"&quot;19B&quot; s\u00e9lectionn\u00e9 pour le 44e Festival International du Film du Caire\" \/>\n<meta property=\"og:description\" content=\"19B s\u00e9lectionn\u00e9 pour le 44e Festival International du Film du Caire\" \/>\n<meta property=\"og:url\" content=\"https:\/\/www.webdo.tn\/fr\/actualite\/culture\/le-film-egyptien-19b-selectionne-pour-la-competition-internationale-du-44e-festival-international-du-film-du-caire-2\/116593\/\" \/>\n<meta property=\"og:site_name\" content=\"webdo\" \/>\n<meta property=\"article:publisher\" content=\"https:\/\/www.facebook.com\/webdotn\" \/>\n<meta property=\"article:author\" content=\"https:\/\/www.facebook.com\/massir.destiniii\/\" \/>\n<meta property=\"article:published_time\" content=\"2022-10-03T11:03:00+00:00\" \/>\n<meta property=\"article:modified_time\" content=\"2025-05-22T11:48:23+00:00\" \/>\n<meta property=\"og:image\" content=\"https:\/\/www.webdo.tn\/fr\/wp-content\/uploads\/2022\/10\/19-B-Affiche-selection-1024x1024-1.jpg\" \/>\n\t<meta property=\"og:image:width\" content=\"1024\" \/>\n\t<meta property=\"og:image:height\" content=\"1024\" \/>\n\t<meta property=\"og:image:type\" content=\"image\/jpeg\" \/>\n<meta name=\"author\" content=\"Ne\u00efla DRISS\" \/>\n<meta name=\"twitter:card\" content=\"summary_large_image\" \/>\n<meta name=\"twitter:creator\" content=\"@https:\/\/x.com\/MassirDestin\" \/>\n<meta name=\"twitter:site\" content=\"@webdo_tn\" \/>\n<meta name=\"twitter:label1\" content=\"\u00c9crit par\" \/>\n\t<meta name=\"twitter:data1\" content=\"Ne\u00efla DRISS\" \/>\n\t<meta name=\"twitter:label2\" content=\"Dur\u00e9e de lecture estim\u00e9e\" \/>\n\t<meta name=\"twitter:data2\" content=\"3 minutes\" \/>\n<script type=\"application\/ld+json\" class=\"yoast-schema-graph\">{\"@context\":\"https:\\\/\\\/schema.org\",\"@graph\":[{\"@type\":\"NewsArticle\",\"@id\":\"https:\\\/\\\/www.webdo.tn\\\/fr\\\/actualite\\\/culture\\\/le-film-egyptien-19b-selectionne-pour-la-competition-internationale-du-44e-festival-international-du-film-du-caire-2\\\/116593\\\/#article\",\"isPartOf\":{\"@id\":\"https:\\\/\\\/www.webdo.tn\\\/fr\\\/actualite\\\/culture\\\/le-film-egyptien-19b-selectionne-pour-la-competition-internationale-du-44e-festival-international-du-film-du-caire-2\\\/116593\\\/\"},\"author\":{\"name\":\"Ne\u00efla DRISS\",\"@id\":\"https:\\\/\\\/www.webdo.tn\\\/fr\\\/#\\\/schema\\\/person\\\/60d5ba619ed3f58783b0dc82b7dada80\"},\"headline\":\"\u00ab\u00a019B\u00a0\u00bb s\u00e9lectionn\u00e9 pour le 44e Festival International du Film du Caire\",\"datePublished\":\"2022-10-03T11:03:00+00:00\",\"dateModified\":\"2025-05-22T11:48:23+00:00\",\"mainEntityOfPage\":{\"@id\":\"https:\\\/\\\/www.webdo.tn\\\/fr\\\/actualite\\\/culture\\\/le-film-egyptien-19b-selectionne-pour-la-competition-internationale-du-44e-festival-international-du-film-du-caire-2\\\/116593\\\/\"},\"wordCount\":634,\"commentCount\":0,\"publisher\":{\"@id\":\"https:\\\/\\\/www.webdo.tn\\\/fr\\\/#organization\"},\"image\":{\"@id\":\"https:\\\/\\\/www.webdo.tn\\\/fr\\\/actualite\\\/culture\\\/le-film-egyptien-19b-selectionne-pour-la-competition-internationale-du-44e-festival-international-du-film-du-caire-2\\\/116593\\\/#primaryimage\"},\"thumbnailUrl\":\"https:\\\/\\\/www.webdo.tn\\\/fr\\\/wp-content\\\/uploads\\\/2022\\\/10\\\/19-B-Affiche-selection-1024x1024-1.jpg\",\"articleSection\":[\"Culture\"],\"inLanguage\":\"fr-FR\"},{\"@type\":\"WebPage\",\"@id\":\"https:\\\/\\\/www.webdo.tn\\\/fr\\\/actualite\\\/culture\\\/le-film-egyptien-19b-selectionne-pour-la-competition-internationale-du-44e-festival-international-du-film-du-caire-2\\\/116593\\\/\",\"url\":\"https:\\\/\\\/www.webdo.tn\\\/fr\\\/actualite\\\/culture\\\/le-film-egyptien-19b-selectionne-pour-la-competition-internationale-du-44e-festival-international-du-film-du-caire-2\\\/116593\\\/\",\"name\":\"19B s\u00e9lectionn\u00e9 pour le 44e Festival International du Film du Caire\",\"isPartOf\":{\"@id\":\"https:\\\/\\\/www.webdo.tn\\\/fr\\\/#website\"},\"primaryImageOfPage\":{\"@id\":\"https:\\\/\\\/www.webdo.tn\\\/fr\\\/actualite\\\/culture\\\/le-film-egyptien-19b-selectionne-pour-la-competition-internationale-du-44e-festival-international-du-film-du-caire-2\\\/116593\\\/#primaryimage\"},\"image\":{\"@id\":\"https:\\\/\\\/www.webdo.tn\\\/fr\\\/actualite\\\/culture\\\/le-film-egyptien-19b-selectionne-pour-la-competition-internationale-du-44e-festival-international-du-film-du-caire-2\\\/116593\\\/#primaryimage\"},\"thumbnailUrl\":\"https:\\\/\\\/www.webdo.tn\\\/fr\\\/wp-content\\\/uploads\\\/2022\\\/10\\\/19-B-Affiche-selection-1024x1024-1.jpg\",\"datePublished\":\"2022-10-03T11:03:00+00:00\",\"dateModified\":\"2025-05-22T11:48:23+00:00\",\"description\":\"19B s\u00e9lectionn\u00e9 pour le 44e Festival International du Film du Caire\",\"breadcrumb\":{\"@id\":\"https:\\\/\\\/www.webdo.tn\\\/fr\\\/actualite\\\/culture\\\/le-film-egyptien-19b-selectionne-pour-la-competition-internationale-du-44e-festival-international-du-film-du-caire-2\\\/116593\\\/#breadcrumb\"},\"inLanguage\":\"fr-FR\",\"potentialAction\":[{\"@type\":\"ReadAction\",\"target\":[\"https:\\\/\\\/www.webdo.tn\\\/fr\\\/actualite\\\/culture\\\/le-film-egyptien-19b-selectionne-pour-la-competition-internationale-du-44e-festival-international-du-film-du-caire-2\\\/116593\\\/\"]}]},{\"@type\":\"ImageObject\",\"inLanguage\":\"fr-FR\",\"@id\":\"https:\\\/\\\/www.webdo.tn\\\/fr\\\/actualite\\\/culture\\\/le-film-egyptien-19b-selectionne-pour-la-competition-internationale-du-44e-festival-international-du-film-du-caire-2\\\/116593\\\/#primaryimage\",\"url\":\"https:\\\/\\\/www.webdo.tn\\\/fr\\\/wp-content\\\/uploads\\\/2022\\\/10\\\/19-B-Affiche-selection-1024x1024-1.jpg\",\"contentUrl\":\"https:\\\/\\\/www.webdo.tn\\\/fr\\\/wp-content\\\/uploads\\\/2022\\\/10\\\/19-B-Affiche-selection-1024x1024-1.jpg\",\"width\":1024,\"height\":1024,\"caption\":\"\\\"19B\\\" s\u00e9lectionn\u00e9 pour le 44e Festival International du Film du Caire\"},{\"@type\":\"BreadcrumbList\",\"@id\":\"https:\\\/\\\/www.webdo.tn\\\/fr\\\/actualite\\\/culture\\\/le-film-egyptien-19b-selectionne-pour-la-competition-internationale-du-44e-festival-international-du-film-du-caire-2\\\/116593\\\/#breadcrumb\",\"itemListElement\":[{\"@type\":\"ListItem\",\"position\":1,\"name\":\"Accueil\",\"item\":\"https:\\\/\\\/www.webdo.tn\\\/fr\\\/\"},{\"@type\":\"ListItem\",\"position\":2,\"name\":\"\u00ab\u00a019B\u00a0\u00bb s\u00e9lectionn\u00e9 pour le 44e Festival International du Film du Caire\"}]},{\"@type\":\"WebSite\",\"@id\":\"https:\\\/\\\/www.webdo.tn\\\/fr\\\/#website\",\"url\":\"https:\\\/\\\/www.webdo.tn\\\/fr\\\/\",\"name\":\"webdo\",\"description\":\"Tunisie - News en Tunisie et \u00e0 l&#039;international sur Webdo.tn\",\"publisher\":{\"@id\":\"https:\\\/\\\/www.webdo.tn\\\/fr\\\/#organization\"},\"potentialAction\":[{\"@type\":\"SearchAction\",\"target\":{\"@type\":\"EntryPoint\",\"urlTemplate\":\"https:\\\/\\\/www.webdo.tn\\\/fr\\\/?s={search_term_string}\"},\"query-input\":{\"@type\":\"PropertyValueSpecification\",\"valueRequired\":true,\"valueName\":\"search_term_string\"}}],\"inLanguage\":\"fr-FR\"},{\"@type\":\"Organization\",\"@id\":\"https:\\\/\\\/www.webdo.tn\\\/fr\\\/#organization\",\"name\":\"Webdo\",\"alternateName\":\"Webdo.tn\",\"url\":\"https:\\\/\\\/www.webdo.tn\\\/fr\\\/\",\"logo\":{\"@type\":\"ImageObject\",\"inLanguage\":\"fr-FR\",\"@id\":\"https:\\\/\\\/www.webdo.tn\\\/fr\\\/#\\\/schema\\\/logo\\\/image\\\/\",\"url\":\"https:\\\/\\\/www.webdo.tn\\\/fr\\\/wp-content\\\/uploads\\\/2025\\\/06\\\/Webdo-Tunisie_168377.jpg\",\"contentUrl\":\"https:\\\/\\\/www.webdo.tn\\\/fr\\\/wp-content\\\/uploads\\\/2025\\\/06\\\/Webdo-Tunisie_168377.jpg\",\"width\":301,\"height\":301,\"caption\":\"Webdo\"},\"image\":{\"@id\":\"https:\\\/\\\/www.webdo.tn\\\/fr\\\/#\\\/schema\\\/logo\\\/image\\\/\"},\"sameAs\":[\"https:\\\/\\\/www.facebook.com\\\/webdotn\",\"https:\\\/\\\/x.com\\\/webdo_tn\"],\"description\":\"Webdo est un m\u00e9dia num\u00e9rique tunisien fond\u00e9 en 2010, sp\u00e9cialis\u00e9 dans l\u2019actualit\u00e9 nationale et internationale, l\u2019\u00e9conomie, la soci\u00e9t\u00e9 et les analyses politiques. Le site s\u2019adresse \u00e0 un large public francophone et couvre l\u2019information tunisienne en temps r\u00e9el.\",\"email\":\"redac@webdo.tn\",\"legalName\":\"YNJ SARL\",\"foundingDate\":\"2010-09-06\",\"numberOfEmployees\":{\"@type\":\"QuantitativeValue\",\"minValue\":\"11\",\"maxValue\":\"50\"}},{\"@type\":\"Person\",\"@id\":\"https:\\\/\\\/www.webdo.tn\\\/fr\\\/#\\\/schema\\\/person\\\/60d5ba619ed3f58783b0dc82b7dada80\",\"name\":\"Ne\u00efla DRISS\",\"image\":{\"@type\":\"ImageObject\",\"inLanguage\":\"fr-FR\",\"@id\":\"https:\\\/\\\/www.webdo.tn\\\/fr\\\/wp-content\\\/uploads\\\/2026\\\/04\\\/neila-driss_avatar-96x96.jpg\",\"url\":\"https:\\\/\\\/www.webdo.tn\\\/fr\\\/wp-content\\\/uploads\\\/2026\\\/04\\\/neila-driss_avatar-96x96.jpg\",\"contentUrl\":\"https:\\\/\\\/www.webdo.tn\\\/fr\\\/wp-content\\\/uploads\\\/2026\\\/04\\\/neila-driss_avatar-96x96.jpg\",\"caption\":\"Ne\u00efla DRISS\"},\"description\":\"Ne\u00efla Driss est juriste, journaliste culturelle et critique de cin\u00e9ma tunisienne. Titulaire d\u2019un DEA en droit priv\u00e9 de l\u2019Universit\u00e9 Paris II et d\u2019un DESS de l\u2019IHEC Carthage, elle d\u00e9bute sa carri\u00e8re comme juriste sp\u00e9cialis\u00e9e en gestion de patrimoine immobilier. Elle s\u2019oriente ensuite vers l\u2019\u00e9criture en ligne, o\u00f9 elle se distingue d\u00e8s 2006 aux Tunisia Blog Awards, avant de se consacrer au journalisme culturel, avec une sp\u00e9cialisation dans la critique cin\u00e9matographique. Elle couvre r\u00e9guli\u00e8rement les grands festivals internationaux, notamment le Festival de Cannes, les Journ\u00e9es Cin\u00e9matographiques de Carthage et le Festival du film du Caire. Membre de l\u2019ATPCC et de la FIPRESCI, elle participe \u00e0 des jurys et initiatives internationales de critique. Depuis 2024, elle est \u00e9lectrice internationale aux Golden Globes. Facebook : https:\\\/\\\/www.facebook.com\\\/massir.destiniii\\\/ X : https:\\\/\\\/x.com\\\/MassirDestin\",\"sameAs\":[\"https:\\\/\\\/www.facebook.com\\\/massir.destiniii\\\/\",\"https:\\\/\\\/www.instagram.com\\\/neila.driss\\\/?hl=fr\",\"https:\\\/\\\/www.linkedin.com\\\/in\\\/neila-driss-22606a80\\\/\",\"https:\\\/\\\/x.com\\\/https:\\\/\\\/x.com\\\/MassirDestin\"],\"knowsAbout\":[\"Cin\u00e9ma international\",\"critique cin\u00e9matographique\",\"festivals de cin\u00e9ma\",\"journalisme culturel\"],\"knowsLanguage\":[\"Fran\u00e7ais\",\"Arabe\",\"Anglais\"],\"jobTitle\":\"Journaliste culturelle et critique de cin\u00e9ma\",\"worksFor\":\"Webdo\",\"url\":\"https:\\\/\\\/www.webdo.tn\\\/fr\\\/actualite\\\/author\\\/neila-driss\\\/\"}]}<\/script>\n<!-- \/ Yoast SEO Premium plugin. -->","yoast_head_json":{"title":"19B s\u00e9lectionn\u00e9 pour le 44e Festival International du Film du Caire","description":"19B s\u00e9lectionn\u00e9 pour le 44e Festival International du Film du Caire","canonical":"https:\/\/www.webdo.tn\/fr\/actualite\/culture\/le-film-egyptien-19b-selectionne-pour-la-competition-internationale-du-44e-festival-international-du-film-du-caire-2\/116593\/","og_locale":"fr_FR","og_type":"article","og_title":"\"19B\" s\u00e9lectionn\u00e9 pour le 44e Festival International du Film du Caire","og_description":"19B s\u00e9lectionn\u00e9 pour le 44e Festival International du Film du Caire","og_url":"https:\/\/www.webdo.tn\/fr\/actualite\/culture\/le-film-egyptien-19b-selectionne-pour-la-competition-internationale-du-44e-festival-international-du-film-du-caire-2\/116593\/","og_site_name":"webdo","article_publisher":"https:\/\/www.facebook.com\/webdotn","article_author":"https:\/\/www.facebook.com\/massir.destiniii\/","article_published_time":"2022-10-03T11:03:00+00:00","article_modified_time":"2025-05-22T11:48:23+00:00","og_image":[{"width":1024,"height":1024,"url":"https:\/\/www.webdo.tn\/fr\/wp-content\/uploads\/2022\/10\/19-B-Affiche-selection-1024x1024-1.jpg","type":"image\/jpeg"}],"author":"Ne\u00efla DRISS","twitter_card":"summary_large_image","twitter_creator":"@https:\/\/x.com\/MassirDestin","twitter_site":"@webdo_tn","twitter_misc":{"\u00c9crit par":"Ne\u00efla DRISS","Dur\u00e9e de lecture estim\u00e9e":"3 minutes"},"schema":{"@context":"https:\/\/schema.org","@graph":[{"@type":"NewsArticle","@id":"https:\/\/www.webdo.tn\/fr\/actualite\/culture\/le-film-egyptien-19b-selectionne-pour-la-competition-internationale-du-44e-festival-international-du-film-du-caire-2\/116593\/#article","isPartOf":{"@id":"https:\/\/www.webdo.tn\/fr\/actualite\/culture\/le-film-egyptien-19b-selectionne-pour-la-competition-internationale-du-44e-festival-international-du-film-du-caire-2\/116593\/"},"author":{"name":"Ne\u00efla DRISS","@id":"https:\/\/www.webdo.tn\/fr\/#\/schema\/person\/60d5ba619ed3f58783b0dc82b7dada80"},"headline":"\u00ab\u00a019B\u00a0\u00bb s\u00e9lectionn\u00e9 pour le 44e Festival International du Film du Caire","datePublished":"2022-10-03T11:03:00+00:00","dateModified":"2025-05-22T11:48:23+00:00","mainEntityOfPage":{"@id":"https:\/\/www.webdo.tn\/fr\/actualite\/culture\/le-film-egyptien-19b-selectionne-pour-la-competition-internationale-du-44e-festival-international-du-film-du-caire-2\/116593\/"},"wordCount":634,"commentCount":0,"publisher":{"@id":"https:\/\/www.webdo.tn\/fr\/#organization"},"image":{"@id":"https:\/\/www.webdo.tn\/fr\/actualite\/culture\/le-film-egyptien-19b-selectionne-pour-la-competition-internationale-du-44e-festival-international-du-film-du-caire-2\/116593\/#primaryimage"},"thumbnailUrl":"https:\/\/www.webdo.tn\/fr\/wp-content\/uploads\/2022\/10\/19-B-Affiche-selection-1024x1024-1.jpg","articleSection":["Culture"],"inLanguage":"fr-FR"},{"@type":"WebPage","@id":"https:\/\/www.webdo.tn\/fr\/actualite\/culture\/le-film-egyptien-19b-selectionne-pour-la-competition-internationale-du-44e-festival-international-du-film-du-caire-2\/116593\/","url":"https:\/\/www.webdo.tn\/fr\/actualite\/culture\/le-film-egyptien-19b-selectionne-pour-la-competition-internationale-du-44e-festival-international-du-film-du-caire-2\/116593\/","name":"19B s\u00e9lectionn\u00e9 pour le 44e Festival International du Film du Caire","isPartOf":{"@id":"https:\/\/www.webdo.tn\/fr\/#website"},"primaryImageOfPage":{"@id":"https:\/\/www.webdo.tn\/fr\/actualite\/culture\/le-film-egyptien-19b-selectionne-pour-la-competition-internationale-du-44e-festival-international-du-film-du-caire-2\/116593\/#primaryimage"},"image":{"@id":"https:\/\/www.webdo.tn\/fr\/actualite\/culture\/le-film-egyptien-19b-selectionne-pour-la-competition-internationale-du-44e-festival-international-du-film-du-caire-2\/116593\/#primaryimage"},"thumbnailUrl":"https:\/\/www.webdo.tn\/fr\/wp-content\/uploads\/2022\/10\/19-B-Affiche-selection-1024x1024-1.jpg","datePublished":"2022-10-03T11:03:00+00:00","dateModified":"2025-05-22T11:48:23+00:00","description":"19B s\u00e9lectionn\u00e9 pour le 44e Festival International du Film du Caire","breadcrumb":{"@id":"https:\/\/www.webdo.tn\/fr\/actualite\/culture\/le-film-egyptien-19b-selectionne-pour-la-competition-internationale-du-44e-festival-international-du-film-du-caire-2\/116593\/#breadcrumb"},"inLanguage":"fr-FR","potentialAction":[{"@type":"ReadAction","target":["https:\/\/www.webdo.tn\/fr\/actualite\/culture\/le-film-egyptien-19b-selectionne-pour-la-competition-internationale-du-44e-festival-international-du-film-du-caire-2\/116593\/"]}]},{"@type":"ImageObject","inLanguage":"fr-FR","@id":"https:\/\/www.webdo.tn\/fr\/actualite\/culture\/le-film-egyptien-19b-selectionne-pour-la-competition-internationale-du-44e-festival-international-du-film-du-caire-2\/116593\/#primaryimage","url":"https:\/\/www.webdo.tn\/fr\/wp-content\/uploads\/2022\/10\/19-B-Affiche-selection-1024x1024-1.jpg","contentUrl":"https:\/\/www.webdo.tn\/fr\/wp-content\/uploads\/2022\/10\/19-B-Affiche-selection-1024x1024-1.jpg","width":1024,"height":1024,"caption":"\"19B\" s\u00e9lectionn\u00e9 pour le 44e Festival International du Film du Caire"},{"@type":"BreadcrumbList","@id":"https:\/\/www.webdo.tn\/fr\/actualite\/culture\/le-film-egyptien-19b-selectionne-pour-la-competition-internationale-du-44e-festival-international-du-film-du-caire-2\/116593\/#breadcrumb","itemListElement":[{"@type":"ListItem","position":1,"name":"Accueil","item":"https:\/\/www.webdo.tn\/fr\/"},{"@type":"ListItem","position":2,"name":"\u00ab\u00a019B\u00a0\u00bb s\u00e9lectionn\u00e9 pour le 44e Festival International du Film du Caire"}]},{"@type":"WebSite","@id":"https:\/\/www.webdo.tn\/fr\/#website","url":"https:\/\/www.webdo.tn\/fr\/","name":"webdo","description":"Tunisie - News en Tunisie et \u00e0 l&#039;international sur Webdo.tn","publisher":{"@id":"https:\/\/www.webdo.tn\/fr\/#organization"},"potentialAction":[{"@type":"SearchAction","target":{"@type":"EntryPoint","urlTemplate":"https:\/\/www.webdo.tn\/fr\/?s={search_term_string}"},"query-input":{"@type":"PropertyValueSpecification","valueRequired":true,"valueName":"search_term_string"}}],"inLanguage":"fr-FR"},{"@type":"Organization","@id":"https:\/\/www.webdo.tn\/fr\/#organization","name":"Webdo","alternateName":"Webdo.tn","url":"https:\/\/www.webdo.tn\/fr\/","logo":{"@type":"ImageObject","inLanguage":"fr-FR","@id":"https:\/\/www.webdo.tn\/fr\/#\/schema\/logo\/image\/","url":"https:\/\/www.webdo.tn\/fr\/wp-content\/uploads\/2025\/06\/Webdo-Tunisie_168377.jpg","contentUrl":"https:\/\/www.webdo.tn\/fr\/wp-content\/uploads\/2025\/06\/Webdo-Tunisie_168377.jpg","width":301,"height":301,"caption":"Webdo"},"image":{"@id":"https:\/\/www.webdo.tn\/fr\/#\/schema\/logo\/image\/"},"sameAs":["https:\/\/www.facebook.com\/webdotn","https:\/\/x.com\/webdo_tn"],"description":"Webdo est un m\u00e9dia num\u00e9rique tunisien fond\u00e9 en 2010, sp\u00e9cialis\u00e9 dans l\u2019actualit\u00e9 nationale et internationale, l\u2019\u00e9conomie, la soci\u00e9t\u00e9 et les analyses politiques. Le site s\u2019adresse \u00e0 un large public francophone et couvre l\u2019information tunisienne en temps r\u00e9el.","email":"redac@webdo.tn","legalName":"YNJ SARL","foundingDate":"2010-09-06","numberOfEmployees":{"@type":"QuantitativeValue","minValue":"11","maxValue":"50"}},{"@type":"Person","@id":"https:\/\/www.webdo.tn\/fr\/#\/schema\/person\/60d5ba619ed3f58783b0dc82b7dada80","name":"Ne\u00efla DRISS","image":{"@type":"ImageObject","inLanguage":"fr-FR","@id":"https:\/\/www.webdo.tn\/fr\/wp-content\/uploads\/2026\/04\/neila-driss_avatar-96x96.jpg","url":"https:\/\/www.webdo.tn\/fr\/wp-content\/uploads\/2026\/04\/neila-driss_avatar-96x96.jpg","contentUrl":"https:\/\/www.webdo.tn\/fr\/wp-content\/uploads\/2026\/04\/neila-driss_avatar-96x96.jpg","caption":"Ne\u00efla DRISS"},"description":"Ne\u00efla Driss est juriste, journaliste culturelle et critique de cin\u00e9ma tunisienne. Titulaire d\u2019un DEA en droit priv\u00e9 de l\u2019Universit\u00e9 Paris II et d\u2019un DESS de l\u2019IHEC Carthage, elle d\u00e9bute sa carri\u00e8re comme juriste sp\u00e9cialis\u00e9e en gestion de patrimoine immobilier. Elle s\u2019oriente ensuite vers l\u2019\u00e9criture en ligne, o\u00f9 elle se distingue d\u00e8s 2006 aux Tunisia Blog Awards, avant de se consacrer au journalisme culturel, avec une sp\u00e9cialisation dans la critique cin\u00e9matographique. Elle couvre r\u00e9guli\u00e8rement les grands festivals internationaux, notamment le Festival de Cannes, les Journ\u00e9es Cin\u00e9matographiques de Carthage et le Festival du film du Caire. Membre de l\u2019ATPCC et de la FIPRESCI, elle participe \u00e0 des jurys et initiatives internationales de critique. Depuis 2024, elle est \u00e9lectrice internationale aux Golden Globes. Facebook : https:\/\/www.facebook.com\/massir.destiniii\/ X : https:\/\/x.com\/MassirDestin","sameAs":["https:\/\/www.facebook.com\/massir.destiniii\/","https:\/\/www.instagram.com\/neila.driss\/?hl=fr","https:\/\/www.linkedin.com\/in\/neila-driss-22606a80\/","https:\/\/x.com\/https:\/\/x.com\/MassirDestin"],"knowsAbout":["Cin\u00e9ma international","critique cin\u00e9matographique","festivals de cin\u00e9ma","journalisme culturel"],"knowsLanguage":["Fran\u00e7ais","Arabe","Anglais"],"jobTitle":"Journaliste culturelle et critique de cin\u00e9ma","worksFor":"Webdo","url":"https:\/\/www.webdo.tn\/fr\/actualite\/author\/neila-driss\/"}]}},"_links":{"self":[{"href":"https:\/\/www.webdo.tn\/fr\/wp-json\/wp\/v2\/posts\/116593","targetHints":{"allow":["GET"]}}],"collection":[{"href":"https:\/\/www.webdo.tn\/fr\/wp-json\/wp\/v2\/posts"}],"about":[{"href":"https:\/\/www.webdo.tn\/fr\/wp-json\/wp\/v2\/types\/post"}],"author":[{"embeddable":true,"href":"https:\/\/www.webdo.tn\/fr\/wp-json\/wp\/v2\/users\/3164"}],"replies":[{"embeddable":true,"href":"https:\/\/www.webdo.tn\/fr\/wp-json\/wp\/v2\/comments?post=116593"}],"version-history":[{"count":0,"href":"https:\/\/www.webdo.tn\/fr\/wp-json\/wp\/v2\/posts\/116593\/revisions"}],"wp:featuredmedia":[{"embeddable":true,"href":"https:\/\/www.webdo.tn\/fr\/wp-json\/wp\/v2\/media\/348801"}],"wp:attachment":[{"href":"https:\/\/www.webdo.tn\/fr\/wp-json\/wp\/v2\/media?parent=116593"}],"wp:term":[{"taxonomy":"category","embeddable":true,"href":"https:\/\/www.webdo.tn\/fr\/wp-json\/wp\/v2\/categories?post=116593"},{"taxonomy":"post_tag","embeddable":true,"href":"https:\/\/www.webdo.tn\/fr\/wp-json\/wp\/v2\/tags?post=116593"}],"curies":[{"name":"wp","href":"https:\/\/api.w.org\/{rel}","templated":true}]}}